{"id":236241,"date":"2023-09-05T17:09:49","date_gmt":"2023-09-05T20:09:49","guid":{"rendered":"https:\/\/diariotextual.com\/inicio\/?p=236241"},"modified":"2023-09-05T20:20:57","modified_gmt":"2023-09-05T23:20:57","slug":"cronograma-de-la-expo-rural-de-santa-rosa","status":"publish","type":"post","link":"https:\/\/diariotextual.com\/inicio\/index.php\/2023\/09\/05\/cronograma-de-la-expo-rural-de-santa-rosa\/","title":{"rendered":"La Expo Rural de Santa Rosa, el 6, 7 y 8 de octubre: stands, remates, patio gastron\u00f3mico y shows musicales"},"content":{"rendered":"\n<p>La <strong>Asociaci\u00f3n Agr\u00edcola Ganadera de La Pampa<\/strong> dio a conocer el cronograma de las actividades de la<strong> 97\u00ba Exposici\u00f3n Agr\u00edcola, Ganadera, Industrial, Comercial y de Servicios<\/strong>, que se desarrollar\u00e1 los d\u00edas 6, 7 y 8 de octubre en su predio de avenida <strong>Spinetto y Duval <\/strong>(Santa Rosa). Paralelamente se desarrollar\u00e1 la <strong>Expo Din\u00e1mica<\/strong> -en el Campus Universitario de Santa Rosa, en la ruta 35- y <strong>dos exposiciones nacionales de animales Angus y Pampinta<\/strong>. Habr\u00e1 <strong>remates de bovinos, ovinos, porcinos y equinos, un Concurso de Asadoras, espect\u00e1culos musicales con la presencia del grupo Tinku, concursos de riendas y charlas sobre gen\u00e9tica bovina.<\/strong><\/p>\n\n\n\n<p>El anuncio se desarroll\u00f3 en una conferencia de prensa a cargo de <strong>Marcelo Rodr\u00edguez<\/strong> (vicepresidente de la Agr\u00edcola), <strong>L\u00eda Molas<\/strong> (decana de la Facultad de Agronom\u00eda de la UNLPam), <strong>Ramiro Ruiz P\u00e9rez<\/strong> (delegado de la Asociaci\u00f3n Argentina de Angus), <strong>Rodolfo Reale<\/strong> (Asociaci\u00f3n Argentina de Criadores de Pampinta) y <strong>Ricardo Rey Silva <\/strong>(prosecretario de la Agr\u00edcola).<\/p>\n\n\n\n<p>La particularidad de este a\u00f1o es que, en conjunto con la Facultad de Agronom\u00eda se llevar\u00e1 adelante la 1\u00ba Expo Din\u00e1mica, con al objetivo de mostrar una novedosa y singular exposici\u00f3n de maquinaria agr\u00edcola en movimiento y de mancomunar un espacio de interacci\u00f3n entre los diferentes actores del medio. Tendr\u00e1 lugar en el Campus Universitario de Santa Rosa durante los d\u00edas 3 y 4 de octubre. <\/p>\n\n\n\n<p>Otro hecho novedoso que se llevar\u00e1 a cabo en la tradicional muestra pampeana es la 1\u00ba Expo Federal Angus, donde competir\u00e1n los m\u00e1s consagrados reproductores de la raza para alcanzar el m\u00e1ximo galard\u00f3n.<\/p>\n\n\n\n<p>A su vez, y siguiendo con la modalidad del a\u00f1o anterior, se desarrollar\u00e1 la 2\u00ba Exposici\u00f3n Nacional de Pampinta, con la presencia de importantes expositores de diferentes latitudes.<\/p>\n\n\n\n<p>El d\u00eda viernes la entrada ser\u00e1 libre y gratuita. El valor de la entrada general ser\u00e1 de&nbsp;$1500 el d\u00eda s\u00e1bado y domingo, en tanto que para jubilados y pensionados tendr\u00e1 un costo de $1000.<\/p>\n\n\n\n<p>Con la entrada, acceder\u00e1n al sorteo de un viaje para dos personas a la Cataratas del Iguaz\u00fa.<\/p>\n\n\n\n<p>Los menores de 10 a\u00f1os tendr\u00e1n ingreso gratuito, al igual que los estudiantes de las facultades de Agronom\u00eda y de Ciencias Veterinarias que exhiban sus respectivas libretas.<\/p>\n\n\n\n<div style=\"height:100px\" aria-hidden=\"true\" class=\"wp-block-spacer\"><\/div>\n\n\n\n<p><\/p>\n\n\n\n<p><strong>Expo Din\u00e1mica<\/strong><\/p>\n\n\n\n<p>\u201cEstamos muy contentos de hacer esta primera Exposici\u00f3n Din\u00e1mica de Maquinarias. Hay m\u00e1s de 30 empresas que ya han comprometido su asistencia y m\u00e1s de 10 instituciones vinculadas con el sector. Vamos a tener dos d\u00edas a campo en la Facultad de Agronom\u00eda, en el kil\u00f3metro 334 de la ruta nacional 35 (a 5 kil\u00f3metros al norte de Santa Rosa)\u201d, dijo la decana L\u00eda Molas. \u201cVamos a tener actividades desde el d\u00eda 3 y 4 desde las 10 de la ma\u00f1ana hasta las 18 horas. Tenemos organizados dos paneles con exposiciones. El d\u00eda 3 va a haber exposiciones vinculadas con desarrollos tecnol\u00f3gicos aplicados al sector agropecuario. Estas charlas se van a dar durante la ma\u00f1ana y por la tarde. El d\u00eda 3 esperamos asistencia, adem\u00e1s de profesionales y productores, de estudiantes universitarios y de escuelas agrot\u00e9cnicas\u201d, cont\u00f3 la decana.<\/p>\n\n\n\n<p>\u201cLa muestra est\u00e1 dirigida a todo p\u00fablico, pero nos interesa mucho ese v\u00ednculo de nuestros estudiantes con el sector y con los profesionales que se dedican a esta actividad. As\u00ed que esperamos que este sea un \u00e1mbito de comunicaci\u00f3n y de intercambio\u201d, dijo Molas.<\/p>\n\n\n\n<p>Adem\u00e1s habr\u00e1 contratistas rurales. \u201cEsperamos que este sea un \u00e1mbito no s\u00f3lo para lograr negocios comerciales, porque el Banco Pampa tambi\u00e9n nos est\u00e1 acompa\u00f1ando y esta va a ser una buena oportunidad para finalizar o conformar negocios de compra y venta de equipos, sino tambi\u00e9n que sea un \u00e1mbito de intercambio, con una propuesta de tecnolog\u00eda\u201d.<\/p>\n\n\n\n<p>Tambi\u00e9n en un panel econ\u00f3mico se van a abordar cuestiones econ\u00f3micas de coyuntura y an\u00e1lisis del mercado y tambi\u00e9n perspectivas clim\u00e1ticas para la siembra de la gruesa.<\/p>\n\n\n\n<div style=\"height:100px\" aria-hidden=\"true\" class=\"wp-block-spacer\"><\/div>\n\n\n\n<p><strong>La exposici\u00f3n de Angus<\/strong><\/p>\n\n\n\n<p>Ramiro Ruiz, delegado de la Asociaci\u00f3n de Angus, resalt\u00f3 la exposici\u00f3n. \u201cVenimos trabajando desde el a\u00f1o pasado con la Agr\u00edcola, con toda la idea de hacer una exposici\u00f3n federal tomando la provincia de La Pampa como el centro del pa\u00eds. Y es la primera vez que la Asociaci\u00f3n de Angus sale con una exposici\u00f3n de este nivel hacia el interior. Todas las exposiciones estaban en el capital o en Buenos Aires y esta es la primera exposici\u00f3n federal con el objetivo que pueda ser itinerante en los a\u00f1os pr\u00f3ximos. Por eso agradecemos much\u00edsimo a la Agr\u00edcola por haber invitado a este desaf\u00edo\u201d, manifest\u00f3.<\/p>\n\n\n\n<div style=\"height:100px\" aria-hidden=\"true\" class=\"wp-block-spacer\"><\/div>\n\n\n\n<p><strong>La Exposici\u00f3n de Pampinta<\/strong><\/p>\n\n\n\n<p>Una de las \u201cvedette\u201d de la muestra ser\u00e1n las ovejas Pampinta. Es la raza bautizada con ese nombre por haber nacido en el seno del INTA Anguil.<\/p>\n\n\n\n<p>\u201cPara nosotros, como ovejeros de raza que somos, es una gran satisfacci\u00f3n poder concretar la segunda exposici\u00f3n nacional ovina\u201d, dijo \u201cFito\u201d Reale. \u201cLos ovejeros en su conjunto del pa\u00eds venimos luchando para recuperar un espacio que hemos perdido en el pa\u00eds. En Argentina, cuando fue potencia y estuvo en los primeros planos de la producci\u00f3n mundial, el ovino no escapaba de esa realidad y ocupamos un lugar importante en el pa\u00eds. La idea es ir recuperando de a poco ese espacio. Quiz\u00e1s no con los n\u00fameros de majadas que se contaban, pero s\u00ed con peque\u00f1os n\u00facleos\u201d, dijo. \u201cLa exposici\u00f3n nacional nos brinda una oportunidad para, no solo de presentar la mejor gen\u00e9tica de Pampita que tenemos en el pa\u00eds, sino tambi\u00e9n de informar a la gente de, quiz\u00e1s, cambiar un poco la concepci\u00f3n de lo que es el ovino como un animal que se lo relaciona netamente con el asador. Nosotros queremos transformar lo que es el ovino y hacer lo que hacen otros pa\u00edses: trabajar con el cordero pesado y tambi\u00e9n con sus derivados, de lo que se puede realizar a trav\u00e9s del cuero, prendas de vestir, con la lana y las alfombras\u201d, sostuvo.<\/p>\n\n\n\n<div style=\"height:100px\" aria-hidden=\"true\" class=\"wp-block-spacer\"><\/div>\n\n\n\n<p><strong>Martes 3 y Mi\u00e9rcoles 4 de octubre de 2023<\/strong><\/p>\n\n\n\n<p>9 a 17 horas:&nbsp; lanzamiento Expo Din\u00e1mica, en la Facultad de Agronom\u00eda de la UNLPam<\/p>\n\n\n\n<p>Ingreso y Admisi\u00f3n de Bovinos.<\/p>\n\n\n\n<div style=\"height:100px\" aria-hidden=\"true\" class=\"wp-block-spacer\"><\/div>\n\n\n\n<p><strong>Jueves 5 de octubre de 2023<\/strong><\/p>\n\n\n\n<p>8 a 18 horas: Ingreso y Admisi\u00f3n de Bovinos, Ovinos, Porcinos y Equinos.<\/p>\n\n\n\n<p>18:30 horas: Sala de Conferencias. Charla de An\u00edbal Pordomingo. \u201cGen\u00e9tica para potenciar el rendimiento carnicero y conversi\u00f3n\u201d.<\/p>\n\n\n\n<div style=\"height:100px\" aria-hidden=\"true\" class=\"wp-block-spacer\"><\/div>\n\n\n\n<p><strong>Viernes 6 de octubre de 2023<\/strong><\/p>\n\n\n\n<p>9 horas: Jura de Clasificaci\u00f3n de Bovinos (Pista Central).<\/p>\n\n\n\n<p>Actividades Institucionales Escolares<\/p>\n\n\n\n<p>9: Recorrida escuelas.<\/p>\n\n\n\n<p>11 horas: Espect\u00e1culos ni\u00f1os:&nbsp; Canes de la Polic\u00eda de La Pampa.<\/p>\n\n\n\n<p>11 horas: Jura de Ovinos y Porcinos (Sector ovinos).<\/p>\n\n\n\n<p>Actividades Institucionales Escolares<\/p>\n\n\n\n<p>13 horas: Recorrida escuelas.<\/p>\n\n\n\n<p>15 horas: Espect\u00e1culos ni\u00f1os: Canes de la Polic\u00eda de L.P.<\/p>\n\n\n\n<p>17.30 horas: Jura de Stand Industriales y de Comercio.<\/p>\n\n\n\n<p>19 horas \u2013 Sala de Conferencias. Charla de V\u00edctor Tonelli.<\/p>\n\n\n\n<p>20 horas: Espect\u00e1culos Musicales (Sector Gastron\u00f3mico). Concurso de cantantes Folkl\u00f3ricos. Show de Laurita G\u00f3mez Weiss.<\/p>\n\n\n\n<div style=\"height:100px\" aria-hidden=\"true\" class=\"wp-block-spacer\"><\/div>\n\n\n\n<p><strong>S\u00e1bado 7 de octubre de 2023<\/strong><\/p>\n\n\n\n<p>11 horas: Demostraci\u00f3n de Equitaci\u00f3n, a cargo del Club H\u00edpico Santa Rosa.<\/p>\n\n\n\n<p>12.30 horas: Actividades de Equinoterapia, a cargo de la Asociaci\u00f3n de Equinoterapia El Zorzal.<\/p>\n\n\n\n<p>12.30 horas: Almuerzo de Camarader\u00eda.<\/p>\n\n\n\n<p>14 horas: Recorrida de Autoridades.<\/p>\n\n\n\n<p>14.30 horas: Canes de la Polic\u00eda de La Pampa.<\/p>\n\n\n\n<p>15 horas: Inauguraci\u00f3n y desfile de Grandes Campeones.<\/p>\n\n\n\n<p>17 horas: Escuadra Pampa M\u00eda.<\/p>\n\n\n\n<p>18 horas: Peric\u00f3n, a cargo de Luis Gauna.<\/p>\n\n\n\n<p>19horas: Espect\u00e1culos musicales, en el Sector Gastron\u00f3mico. Show de Entreveros.<\/p>\n\n\n\n<p>21.30 horas: Cena de Gala y Premiaci\u00f3n (Sal\u00f3n Restaurant). Animaci\u00f3n de Joaqu\u00edn Chavarino.<\/p>\n\n\n\n<figure class=\"wp-block-image size-full\"><img fetchpriority=\"high\" decoding=\"async\" width=\"960\" height=\"639\" src=\"https:\/\/diariotextual.com\/inicio\/wp-content\/uploads\/2019\/10\/laruralsantarosa2019-5.jpg\" alt=\"\" class=\"wp-image-65017\" srcset=\"https:\/\/diariotextual.com\/inicio\/wp-content\/uploads\/2019\/10\/laruralsantarosa2019-5.jpg 960w, https:\/\/diariotextual.com\/inicio\/wp-content\/uploads\/2019\/10\/laruralsantarosa2019-5-300x200.jpg 300w, https:\/\/diariotextual.com\/inicio\/wp-content\/uploads\/2019\/10\/laruralsantarosa2019-5-768x511.jpg 768w, https:\/\/diariotextual.com\/inicio\/wp-content\/uploads\/2019\/10\/laruralsantarosa2019-5-585x389.jpg 585w, https:\/\/diariotextual.com\/inicio\/wp-content\/uploads\/2019\/10\/laruralsantarosa2019-5-263x175.jpg 263w\" sizes=\"(max-width: 960px) 100vw, 960px\" \/><\/figure>\n\n\n\n<div style=\"height:100px\" aria-hidden=\"true\" class=\"wp-block-spacer\"><\/div>\n\n\n\n<p><strong>Domingo 8 de octubre de 2023<\/strong><\/p>\n\n\n\n<p>10 horas: Remate de Ovinos (Sector Ovinos).<\/p>\n\n\n\n<p>11 horas: Remate de Bovinos (Pista Central).<\/p>\n\n\n\n<p>10 horas: Concurso de Asadoras.<\/p>\n\n\n\n<p>14 horas: Riendas general. Con la Animaci\u00f3n de Ricardo Vazques y Joaqu\u00edn Chavarino.<\/p>\n\n\n\n<p>17.30 horas: Canes de la Polic\u00eda de La Pampa.<\/p>\n\n\n\n<p>17.45 horas: Final de Riendas.<\/p>\n\n\n\n<p>19 horas: Espect\u00e1culos musicales en el Sector Gastron\u00f3micos. Show de Tinku.<\/p>\n\n\n\n<p><\/p>\n\n\n\n<p><\/p>\n\n\n\n<p><\/p>\n","protected":false},"excerpt":{"rendered":"<p>La Asociaci\u00f3n Agr\u00edcola Ganadera de La Pampa dio a conocer el cronograma de las actividades de la 97\u00ba Exposici\u00f3n Agr\u00edcola, Ganadera, Industrial, Comercial y de Servicios, que se desarrollar\u00e1 los&hellip;<\/p>\n","protected":false},"author":3,"featured_media":236359,"comment_status":"closed","ping_status":"open","sticky":false,"template":"","format":"standard","meta":{"_acf_changed":false,"footnotes":""},"categories":[1,11,20],"tags":[],"class_list":["post-236241","post","type-post","status-publish","format-standard","has-post-thumbnail","hentry","category-es-noticia","category-que-pasa","category-campo"],"acf":[],"yoast_head":"<!-- This site is optimized with the Yoast SEO plugin v27.5 - https:\/\/yoast.com\/product\/yoast-seo-wordpress\/ -->\n<title>La Expo Rural de Santa Rosa, el 6, 7 y 8 de octubre: stands, remates, patio gastron\u00f3mico y shows musicales - Diario Textual<\/title>\n<meta name=\"robots\" content=\"index, follow, max-snippet:-1, max-image-preview:large, max-video-preview:-1\" \/>\n<link rel=\"canonical\" href=\"https:\/\/diariotextual.com\/inicio\/index.php\/2023\/09\/05\/cronograma-de-la-expo-rural-de-santa-rosa\/\" \/>\n<meta property=\"og:locale\" content=\"es_ES\" \/>\n<meta property=\"og:type\" content=\"article\" \/>\n<meta property=\"og:title\" content=\"La Expo Rural de Santa Rosa, el 6, 7 y 8 de octubre: stands, remates, patio gastron\u00f3mico y shows musicales - Diario Textual\" \/>\n<meta property=\"og:description\" content=\"La Asociaci\u00f3n Agr\u00edcola Ganadera de La Pampa dio a conocer el cronograma de las actividades de la 97\u00ba Exposici\u00f3n Agr\u00edcola, Ganadera, Industrial, Comercial y de Servicios, que se desarrollar\u00e1 los&hellip;\" \/>\n<meta property=\"og:url\" content=\"https:\/\/diariotextual.com\/inicio\/index.php\/2023\/09\/05\/cronograma-de-la-expo-rural-de-santa-rosa\/\" \/>\n<meta property=\"og:site_name\" content=\"Diario Textual\" \/>\n<meta property=\"article:publisher\" content=\"https:\/\/www.facebook.com\/eltextual\" \/>\n<meta property=\"article:published_time\" content=\"2023-09-05T20:09:49+00:00\" \/>\n<meta property=\"article:modified_time\" content=\"2023-09-05T23:20:57+00:00\" \/>\n<meta property=\"og:image\" content=\"https:\/\/diariotextual.com\/inicio\/wp-content\/uploads\/2023\/09\/exporuralsantarosaanuncio2023-1.jpeg\" \/>\n\t<meta property=\"og:image:width\" content=\"1600\" \/>\n\t<meta property=\"og:image:height\" content=\"900\" \/>\n\t<meta property=\"og:image:type\" content=\"image\/jpeg\" \/>\n<meta name=\"author\" content=\"Diario1 Diario1\" \/>\n<meta name=\"twitter:card\" content=\"summary_large_image\" \/>\n<meta name=\"twitter:creator\" content=\"@eltextual\" \/>\n<meta name=\"twitter:site\" content=\"@eltextual\" \/>\n<meta name=\"twitter:label1\" content=\"Escrito por\" \/>\n\t<meta name=\"twitter:data1\" content=\"Diario1 Diario1\" \/>\n<script type=\"application\/ld+json\" class=\"yoast-schema-graph\">{\"@context\":\"https:\\\/\\\/schema.org\",\"@graph\":[{\"@type\":\"Article\",\"@id\":\"https:\\\/\\\/diariotextual.com\\\/inicio\\\/index.php\\\/2023\\\/09\\\/05\\\/cronograma-de-la-expo-rural-de-santa-rosa\\\/#article\",\"isPartOf\":{\"@id\":\"https:\\\/\\\/diariotextual.com\\\/inicio\\\/index.php\\\/2023\\\/09\\\/05\\\/cronograma-de-la-expo-rural-de-santa-rosa\\\/\"},\"author\":{\"name\":\"Diario1 Diario1\",\"@id\":\"https:\\\/\\\/diariotextual.com\\\/inicio\\\/#\\\/schema\\\/person\\\/418fc4093c33e86ed41562db3508f958\"},\"headline\":\"La Expo Rural de Santa Rosa, el 6, 7 y 8 de octubre: stands, remates, patio gastron\u00f3mico y shows musicales\",\"datePublished\":\"2023-09-05T20:09:49+00:00\",\"dateModified\":\"2023-09-05T23:20:57+00:00\",\"mainEntityOfPage\":{\"@id\":\"https:\\\/\\\/diariotextual.com\\\/inicio\\\/index.php\\\/2023\\\/09\\\/05\\\/cronograma-de-la-expo-rural-de-santa-rosa\\\/\"},\"wordCount\":1381,\"publisher\":{\"@id\":\"https:\\\/\\\/diariotextual.com\\\/inicio\\\/#organization\"},\"image\":{\"@id\":\"https:\\\/\\\/diariotextual.com\\\/inicio\\\/index.php\\\/2023\\\/09\\\/05\\\/cronograma-de-la-expo-rural-de-santa-rosa\\\/#primaryimage\"},\"thumbnailUrl\":\"https:\\\/\\\/diariotextual.com\\\/inicio\\\/wp-content\\\/uploads\\\/2023\\\/09\\\/exporuralsantarosaanuncio2023-1.jpeg\",\"articleSection\":[\"A - ES NOTICIA (van abajo)\",\"A - QUE PASA (al costado)\",\"CAMPO\"],\"inLanguage\":\"es\"},{\"@type\":\"WebPage\",\"@id\":\"https:\\\/\\\/diariotextual.com\\\/inicio\\\/index.php\\\/2023\\\/09\\\/05\\\/cronograma-de-la-expo-rural-de-santa-rosa\\\/\",\"url\":\"https:\\\/\\\/diariotextual.com\\\/inicio\\\/index.php\\\/2023\\\/09\\\/05\\\/cronograma-de-la-expo-rural-de-santa-rosa\\\/\",\"name\":\"La Expo Rural de Santa Rosa, el 6, 7 y 8 de octubre: stands, remates, patio gastron\u00f3mico y shows musicales - Diario Textual\",\"isPartOf\":{\"@id\":\"https:\\\/\\\/diariotextual.com\\\/inicio\\\/#website\"},\"primaryImageOfPage\":{\"@id\":\"https:\\\/\\\/diariotextual.com\\\/inicio\\\/index.php\\\/2023\\\/09\\\/05\\\/cronograma-de-la-expo-rural-de-santa-rosa\\\/#primaryimage\"},\"image\":{\"@id\":\"https:\\\/\\\/diariotextual.com\\\/inicio\\\/index.php\\\/2023\\\/09\\\/05\\\/cronograma-de-la-expo-rural-de-santa-rosa\\\/#primaryimage\"},\"thumbnailUrl\":\"https:\\\/\\\/diariotextual.com\\\/inicio\\\/wp-content\\\/uploads\\\/2023\\\/09\\\/exporuralsantarosaanuncio2023-1.jpeg\",\"datePublished\":\"2023-09-05T20:09:49+00:00\",\"dateModified\":\"2023-09-05T23:20:57+00:00\",\"breadcrumb\":{\"@id\":\"https:\\\/\\\/diariotextual.com\\\/inicio\\\/index.php\\\/2023\\\/09\\\/05\\\/cronograma-de-la-expo-rural-de-santa-rosa\\\/#breadcrumb\"},\"inLanguage\":\"es\",\"potentialAction\":[{\"@type\":\"ReadAction\",\"target\":[\"https:\\\/\\\/diariotextual.com\\\/inicio\\\/index.php\\\/2023\\\/09\\\/05\\\/cronograma-de-la-expo-rural-de-santa-rosa\\\/\"]}]},{\"@type\":\"ImageObject\",\"inLanguage\":\"es\",\"@id\":\"https:\\\/\\\/diariotextual.com\\\/inicio\\\/index.php\\\/2023\\\/09\\\/05\\\/cronograma-de-la-expo-rural-de-santa-rosa\\\/#primaryimage\",\"url\":\"https:\\\/\\\/diariotextual.com\\\/inicio\\\/wp-content\\\/uploads\\\/2023\\\/09\\\/exporuralsantarosaanuncio2023-1.jpeg\",\"contentUrl\":\"https:\\\/\\\/diariotextual.com\\\/inicio\\\/wp-content\\\/uploads\\\/2023\\\/09\\\/exporuralsantarosaanuncio2023-1.jpeg\",\"width\":1600,\"height\":900},{\"@type\":\"BreadcrumbList\",\"@id\":\"https:\\\/\\\/diariotextual.com\\\/inicio\\\/index.php\\\/2023\\\/09\\\/05\\\/cronograma-de-la-expo-rural-de-santa-rosa\\\/#breadcrumb\",\"itemListElement\":[{\"@type\":\"ListItem\",\"position\":1,\"name\":\"Portada\",\"item\":\"https:\\\/\\\/diariotextual.com\\\/inicio\\\/\"},{\"@type\":\"ListItem\",\"position\":2,\"name\":\"La Expo Rural de Santa Rosa, el 6, 7 y 8 de octubre: stands, remates, patio gastron\u00f3mico y shows musicales\"}]},{\"@type\":\"WebSite\",\"@id\":\"https:\\\/\\\/diariotextual.com\\\/inicio\\\/#website\",\"url\":\"https:\\\/\\\/diariotextual.com\\\/inicio\\\/\",\"name\":\"Diario Textual\",\"description\":\"\",\"publisher\":{\"@id\":\"https:\\\/\\\/diariotextual.com\\\/inicio\\\/#organization\"},\"potentialAction\":[{\"@type\":\"SearchAction\",\"target\":{\"@type\":\"EntryPoint\",\"urlTemplate\":\"https:\\\/\\\/diariotextual.com\\\/inicio\\\/?s={search_term_string}\"},\"query-input\":{\"@type\":\"PropertyValueSpecification\",\"valueRequired\":true,\"valueName\":\"search_term_string\"}}],\"inLanguage\":\"es\"},{\"@type\":\"Organization\",\"@id\":\"https:\\\/\\\/diariotextual.com\\\/inicio\\\/#organization\",\"name\":\"Diario Textual\",\"url\":\"https:\\\/\\\/diariotextual.com\\\/inicio\\\/\",\"logo\":{\"@type\":\"ImageObject\",\"inLanguage\":\"es\",\"@id\":\"https:\\\/\\\/diariotextual.com\\\/inicio\\\/#\\\/schema\\\/logo\\\/image\\\/\",\"url\":\"https:\\\/\\\/diariotextual.com\\\/inicio\\\/wp-content\\\/uploads\\\/2023\\\/05\\\/logotextual1.jpg\",\"contentUrl\":\"https:\\\/\\\/diariotextual.com\\\/inicio\\\/wp-content\\\/uploads\\\/2023\\\/05\\\/logotextual1.jpg\",\"width\":516,\"height\":76,\"caption\":\"Diario Textual\"},\"image\":{\"@id\":\"https:\\\/\\\/diariotextual.com\\\/inicio\\\/#\\\/schema\\\/logo\\\/image\\\/\"},\"sameAs\":[\"https:\\\/\\\/www.facebook.com\\\/eltextual\",\"https:\\\/\\\/x.com\\\/eltextual\",\"http:\\\/\\\/www.instagram.com\\\/eltextual\"]},{\"@type\":\"Person\",\"@id\":\"https:\\\/\\\/diariotextual.com\\\/inicio\\\/#\\\/schema\\\/person\\\/418fc4093c33e86ed41562db3508f958\",\"name\":\"Diario1 Diario1\",\"image\":{\"@type\":\"ImageObject\",\"inLanguage\":\"es\",\"@id\":\"https:\\\/\\\/secure.gravatar.com\\\/avatar\\\/9167d280179c85bc18be67aa7eda765854300033af4896dd779b608640f2ef7a?s=96&d=mm&r=g\",\"url\":\"https:\\\/\\\/secure.gravatar.com\\\/avatar\\\/9167d280179c85bc18be67aa7eda765854300033af4896dd779b608640f2ef7a?s=96&d=mm&r=g\",\"contentUrl\":\"https:\\\/\\\/secure.gravatar.com\\\/avatar\\\/9167d280179c85bc18be67aa7eda765854300033af4896dd779b608640f2ef7a?s=96&d=mm&r=g\",\"caption\":\"Diario1 Diario1\"},\"url\":\"https:\\\/\\\/diariotextual.com\\\/inicio\\\/index.php\\\/author\\\/diario1\\\/\"}]}<\/script>\n<!-- \/ Yoast SEO plugin. -->","yoast_head_json":{"title":"La Expo Rural de Santa Rosa, el 6, 7 y 8 de octubre: stands, remates, patio gastron\u00f3mico y shows musicales - Diario Textual","robots":{"index":"index","follow":"follow","max-snippet":"max-snippet:-1","max-image-preview":"max-image-preview:large","max-video-preview":"max-video-preview:-1"},"canonical":"https:\/\/diariotextual.com\/inicio\/index.php\/2023\/09\/05\/cronograma-de-la-expo-rural-de-santa-rosa\/","og_locale":"es_ES","og_type":"article","og_title":"La Expo Rural de Santa Rosa, el 6, 7 y 8 de octubre: stands, remates, patio gastron\u00f3mico y shows musicales - Diario Textual","og_description":"La Asociaci\u00f3n Agr\u00edcola Ganadera de La Pampa dio a conocer el cronograma de las actividades de la 97\u00ba Exposici\u00f3n Agr\u00edcola, Ganadera, Industrial, Comercial y de Servicios, que se desarrollar\u00e1 los&hellip;","og_url":"https:\/\/diariotextual.com\/inicio\/index.php\/2023\/09\/05\/cronograma-de-la-expo-rural-de-santa-rosa\/","og_site_name":"Diario Textual","article_publisher":"https:\/\/www.facebook.com\/eltextual","article_published_time":"2023-09-05T20:09:49+00:00","article_modified_time":"2023-09-05T23:20:57+00:00","og_image":[{"width":1600,"height":900,"url":"https:\/\/diariotextual.com\/inicio\/wp-content\/uploads\/2023\/09\/exporuralsantarosaanuncio2023-1.jpeg","type":"image\/jpeg"}],"author":"Diario1 Diario1","twitter_card":"summary_large_image","twitter_creator":"@eltextual","twitter_site":"@eltextual","twitter_misc":{"Escrito por":"Diario1 Diario1"},"schema":{"@context":"https:\/\/schema.org","@graph":[{"@type":"Article","@id":"https:\/\/diariotextual.com\/inicio\/index.php\/2023\/09\/05\/cronograma-de-la-expo-rural-de-santa-rosa\/#article","isPartOf":{"@id":"https:\/\/diariotextual.com\/inicio\/index.php\/2023\/09\/05\/cronograma-de-la-expo-rural-de-santa-rosa\/"},"author":{"name":"Diario1 Diario1","@id":"https:\/\/diariotextual.com\/inicio\/#\/schema\/person\/418fc4093c33e86ed41562db3508f958"},"headline":"La Expo Rural de Santa Rosa, el 6, 7 y 8 de octubre: stands, remates, patio gastron\u00f3mico y shows musicales","datePublished":"2023-09-05T20:09:49+00:00","dateModified":"2023-09-05T23:20:57+00:00","mainEntityOfPage":{"@id":"https:\/\/diariotextual.com\/inicio\/index.php\/2023\/09\/05\/cronograma-de-la-expo-rural-de-santa-rosa\/"},"wordCount":1381,"publisher":{"@id":"https:\/\/diariotextual.com\/inicio\/#organization"},"image":{"@id":"https:\/\/diariotextual.com\/inicio\/index.php\/2023\/09\/05\/cronograma-de-la-expo-rural-de-santa-rosa\/#primaryimage"},"thumbnailUrl":"https:\/\/diariotextual.com\/inicio\/wp-content\/uploads\/2023\/09\/exporuralsantarosaanuncio2023-1.jpeg","articleSection":["A - ES NOTICIA (van abajo)","A - QUE PASA (al costado)","CAMPO"],"inLanguage":"es"},{"@type":"WebPage","@id":"https:\/\/diariotextual.com\/inicio\/index.php\/2023\/09\/05\/cronograma-de-la-expo-rural-de-santa-rosa\/","url":"https:\/\/diariotextual.com\/inicio\/index.php\/2023\/09\/05\/cronograma-de-la-expo-rural-de-santa-rosa\/","name":"La Expo Rural de Santa Rosa, el 6, 7 y 8 de octubre: stands, remates, patio gastron\u00f3mico y shows musicales - Diario Textual","isPartOf":{"@id":"https:\/\/diariotextual.com\/inicio\/#website"},"primaryImageOfPage":{"@id":"https:\/\/diariotextual.com\/inicio\/index.php\/2023\/09\/05\/cronograma-de-la-expo-rural-de-santa-rosa\/#primaryimage"},"image":{"@id":"https:\/\/diariotextual.com\/inicio\/index.php\/2023\/09\/05\/cronograma-de-la-expo-rural-de-santa-rosa\/#primaryimage"},"thumbnailUrl":"https:\/\/diariotextual.com\/inicio\/wp-content\/uploads\/2023\/09\/exporuralsantarosaanuncio2023-1.jpeg","datePublished":"2023-09-05T20:09:49+00:00","dateModified":"2023-09-05T23:20:57+00:00","breadcrumb":{"@id":"https:\/\/diariotextual.com\/inicio\/index.php\/2023\/09\/05\/cronograma-de-la-expo-rural-de-santa-rosa\/#breadcrumb"},"inLanguage":"es","potentialAction":[{"@type":"ReadAction","target":["https:\/\/diariotextual.com\/inicio\/index.php\/2023\/09\/05\/cronograma-de-la-expo-rural-de-santa-rosa\/"]}]},{"@type":"ImageObject","inLanguage":"es","@id":"https:\/\/diariotextual.com\/inicio\/index.php\/2023\/09\/05\/cronograma-de-la-expo-rural-de-santa-rosa\/#primaryimage","url":"https:\/\/diariotextual.com\/inicio\/wp-content\/uploads\/2023\/09\/exporuralsantarosaanuncio2023-1.jpeg","contentUrl":"https:\/\/diariotextual.com\/inicio\/wp-content\/uploads\/2023\/09\/exporuralsantarosaanuncio2023-1.jpeg","width":1600,"height":900},{"@type":"BreadcrumbList","@id":"https:\/\/diariotextual.com\/inicio\/index.php\/2023\/09\/05\/cronograma-de-la-expo-rural-de-santa-rosa\/#breadcrumb","itemListElement":[{"@type":"ListItem","position":1,"name":"Portada","item":"https:\/\/diariotextual.com\/inicio\/"},{"@type":"ListItem","position":2,"name":"La Expo Rural de Santa Rosa, el 6, 7 y 8 de octubre: stands, remates, patio gastron\u00f3mico y shows musicales"}]},{"@type":"WebSite","@id":"https:\/\/diariotextual.com\/inicio\/#website","url":"https:\/\/diariotextual.com\/inicio\/","name":"Diario Textual","description":"","publisher":{"@id":"https:\/\/diariotextual.com\/inicio\/#organization"},"potentialAction":[{"@type":"SearchAction","target":{"@type":"EntryPoint","urlTemplate":"https:\/\/diariotextual.com\/inicio\/?s={search_term_string}"},"query-input":{"@type":"PropertyValueSpecification","valueRequired":true,"valueName":"search_term_string"}}],"inLanguage":"es"},{"@type":"Organization","@id":"https:\/\/diariotextual.com\/inicio\/#organization","name":"Diario Textual","url":"https:\/\/diariotextual.com\/inicio\/","logo":{"@type":"ImageObject","inLanguage":"es","@id":"https:\/\/diariotextual.com\/inicio\/#\/schema\/logo\/image\/","url":"https:\/\/diariotextual.com\/inicio\/wp-content\/uploads\/2023\/05\/logotextual1.jpg","contentUrl":"https:\/\/diariotextual.com\/inicio\/wp-content\/uploads\/2023\/05\/logotextual1.jpg","width":516,"height":76,"caption":"Diario Textual"},"image":{"@id":"https:\/\/diariotextual.com\/inicio\/#\/schema\/logo\/image\/"},"sameAs":["https:\/\/www.facebook.com\/eltextual","https:\/\/x.com\/eltextual","http:\/\/www.instagram.com\/eltextual"]},{"@type":"Person","@id":"https:\/\/diariotextual.com\/inicio\/#\/schema\/person\/418fc4093c33e86ed41562db3508f958","name":"Diario1 Diario1","image":{"@type":"ImageObject","inLanguage":"es","@id":"https:\/\/secure.gravatar.com\/avatar\/9167d280179c85bc18be67aa7eda765854300033af4896dd779b608640f2ef7a?s=96&d=mm&r=g","url":"https:\/\/secure.gravatar.com\/avatar\/9167d280179c85bc18be67aa7eda765854300033af4896dd779b608640f2ef7a?s=96&d=mm&r=g","contentUrl":"https:\/\/secure.gravatar.com\/avatar\/9167d280179c85bc18be67aa7eda765854300033af4896dd779b608640f2ef7a?s=96&d=mm&r=g","caption":"Diario1 Diario1"},"url":"https:\/\/diariotextual.com\/inicio\/index.php\/author\/diario1\/"}]}},"_links":{"self":[{"href":"https:\/\/diariotextual.com\/inicio\/index.php\/wp-json\/wp\/v2\/posts\/236241","targetHints":{"allow":["GET"]}}],"collection":[{"href":"https:\/\/diariotextual.com\/inicio\/index.php\/wp-json\/wp\/v2\/posts"}],"about":[{"href":"https:\/\/diariotextual.com\/inicio\/index.php\/wp-json\/wp\/v2\/types\/post"}],"author":[{"embeddable":true,"href":"https:\/\/diariotextual.com\/inicio\/index.php\/wp-json\/wp\/v2\/users\/3"}],"replies":[{"embeddable":true,"href":"https:\/\/diariotextual.com\/inicio\/index.php\/wp-json\/wp\/v2\/comments?post=236241"}],"version-history":[{"count":15,"href":"https:\/\/diariotextual.com\/inicio\/index.php\/wp-json\/wp\/v2\/posts\/236241\/revisions"}],"predecessor-version":[{"id":236374,"href":"https:\/\/diariotextual.com\/inicio\/index.php\/wp-json\/wp\/v2\/posts\/236241\/revisions\/236374"}],"wp:featuredmedia":[{"embeddable":true,"href":"https:\/\/diariotextual.com\/inicio\/index.php\/wp-json\/wp\/v2\/media\/236359"}],"wp:attachment":[{"href":"https:\/\/diariotextual.com\/inicio\/index.php\/wp-json\/wp\/v2\/media?parent=236241"}],"wp:term":[{"taxonomy":"category","embeddable":true,"href":"https:\/\/diariotextual.com\/inicio\/index.php\/wp-json\/wp\/v2\/categories?post=236241"},{"taxonomy":"post_tag","embeddable":true,"href":"https:\/\/diariotextual.com\/inicio\/index.php\/wp-json\/wp\/v2\/tags?post=236241"}],"curies":[{"name":"wp","href":"https:\/\/api.w.org\/{rel}","templated":true}]}}