{"id":236317,"date":"2023-09-05T17:27:04","date_gmt":"2023-09-05T20:27:04","guid":{"rendered":"https:\/\/diariotextual.com\/inicio\/?p=236317"},"modified":"2023-09-06T09:51:04","modified_gmt":"2023-09-06T12:51:04","slug":"asado-al-sur-mas-que-barrera-sanitaria-es-comercial-y-politica-dice-la-agricola","status":"publish","type":"post","link":"https:\/\/diariotextual.com\/inicio\/index.php\/2023\/09\/05\/asado-al-sur-mas-que-barrera-sanitaria-es-comercial-y-politica-dice-la-agricola\/","title":{"rendered":"Asado al sur: \u201cM\u00e1s que barrera sanitaria, es barrera comercial y pol\u00edtica\u201d, dice la Agr\u00edcola"},"content":{"rendered":"\n<p><strong>Marcelo Rodr\u00edguez<\/strong>, vicepresidente de la<strong> Asociaci\u00f3n Agr\u00edcola Ganadera de La Pampa<\/strong>, cuestion\u00f3 la <strong>barrera sanitaria<\/strong> que impide el paso de<strong> carne bovina con hueso al sur del r\u00edo Colorado.<\/strong> Pero, a la vez, rechaz\u00f3 la sugerencia del Gobierno de R\u00edo Negro para que en La Pampa se equipare la situaci\u00f3n al resto de las provincias y se deje de vacunar contra la fiebre aftosa.<\/p>\n\n\n\n<p>\u201cEst\u00e1 mal llamada barrera sanitaria porque no es una barrera sanitaria, sino es m\u00e1s una barrera comercial y pol\u00edtica, porque el estatus sanitario de la Rep\u00fablica Argentina es libre de aftosa\u201d, dijo Rodr\u00edguez ante una consulta de Diario Textual, en la conferencia de prensa donde se anunci\u00f3 <strong><a href=\"https:\/\/diariotextual.com\/inicio\/index.php\/2023\/09\/05\/cronograma-de-la-expo-rural-de-santa-rosa\/\" target=\"_blank\" rel=\"noreferrer noopener\">97\u00ba Exposici\u00f3n Agr\u00edcola, Ganadera, Industrial, Comercial y de Servicios<\/a><\/strong>. \u201cLa diferencia es que al norte del r\u00edo Colorado es con vacunaci\u00f3n y al sur sin vacunaci\u00f3n, pero el estatus sanitario es el mismo. Entonces, me parece que se va a seguir vacunando. Eso se dictamin\u00f3 la semana pasada en el XII Congreso Nacional de Sanidad Animal, porque si bien para los productores la vacunaci\u00f3n es un costo -que tenemos y asumimos-, hace 17 a\u00f1os que no tenemos brote de aftosa. Si tenemos un nuevo brote (luego de dejar la vacunaci\u00f3n), la p\u00e9rdida de los mercados va a significar un mayor costo. Por eso, insisto, creemos que es m\u00e1s una barrera pol\u00edtica y econ\u00f3mica que sanitaria\u201d.<\/p>\n\n\n\n<p>En el mismo sentido se hab\u00eda expresado ayer, ante una consulta de Diario Textual, el vicepresidente segundo de Confederaciones Rurales de Buenos Aires y La Pampa y dirigente de la Sociedad Rural de General Pico, <strong><a href=\"https:\/\/diariotextual.com\/inicio\/index.php\/2023\/09\/04\/barrera-sanitaria-dejar-de-vacunar-implica-un-riesgo-que-no-podemos-correr\/\" target=\"_blank\" rel=\"noreferrer noopener\">Jorge Arocena.<\/a><\/strong><\/p>\n\n\n\n<p>Actualmente La Pampa ostenta el rango de provincia libre de aftosa con vacunaci\u00f3n, mientras que el resto de las provincias patag\u00f3nicas (incluyendo el partido bonaerense de Carmen de Patagones) est\u00e1n encuadradas en la regi\u00f3n libre de aftosa sin vacunaci\u00f3n.<\/p>\n\n\n\n<p>En ese contexto, nuestra provincia viene pidiendo desde hace a\u00f1os que se levante la barrera sanitaria, que impide el paso del \u201casado con hueso\u201d al sur del R\u00edo Colorado.<\/p>\n\n\n\n<p><\/p>\n\n\n\n<figure class=\"wp-block-embed is-type-wp-embed is-provider-diario-textual wp-block-embed-diario-textual\"><div class=\"wp-block-embed__wrapper\">\n<blockquote class=\"wp-embedded-content\" data-secret=\"Yd4weuVxuU\"><a href=\"https:\/\/diariotextual.com\/inicio\/index.php\/2023\/09\/05\/cronograma-de-la-expo-rural-de-santa-rosa\/\">La Expo Rural de Santa Rosa, el 6, 7 y 8 de octubre: stands, remates, patio gastron\u00f3mico y shows musicales<\/a><\/blockquote><iframe class=\"wp-embedded-content\" sandbox=\"allow-scripts\" security=\"restricted\" style=\"position: absolute; clip: rect(1px, 1px, 1px, 1px);\" title=\"\u00abLa Expo Rural de Santa Rosa, el 6, 7 y 8 de octubre: stands, remates, patio gastron\u00f3mico y shows musicales\u00bb \u2014 Diario Textual\" src=\"https:\/\/diariotextual.com\/inicio\/index.php\/2023\/09\/05\/cronograma-de-la-expo-rural-de-santa-rosa\/embed\/#?secret=liH41qHIL6#?secret=Yd4weuVxuU\" data-secret=\"Yd4weuVxuU\" width=\"600\" height=\"338\" frameborder=\"0\" marginwidth=\"0\" marginheight=\"0\" scrolling=\"no\"><\/iframe>\n<\/div><\/figure>\n\n\n\n<p><\/p>\n\n\n\n<p>El Servicio Nacional de Sanidad y Calidad Agroalimentaria (Senasa) ven\u00eda manteniendo la prohibici\u00f3n porque, sosten\u00eda, hab\u00eda posibilidades de contagio de aftosa a trav\u00e9s de los huesos. &nbsp;Sin embargo, esos riesgos son m\u00ednimos. El Senasa, oficialmente, no ha cambiado de postura.<\/p>\n\n\n\n<p>Adem\u00e1s, siempre est\u00e1 la resistencia de las provincias de R\u00edo Negro y Neuqu\u00e9n, entre otras.<\/p>\n\n\n\n<p>Por lo pronto, el ministro de Producci\u00f3n y Agroindustria de R\u00edo Negro, Carlos Banacloy, se opuso a la eliminaci\u00f3n de la barrera. Pero dijo que deber\u00eda evaluarse correrla m\u00e1s al norte, con el fin de alcanzar a toda La Pampa.<\/p>\n\n\n\n<p>De esa manera, La Pampa se convertir\u00eda en una zona libre de vacunaci\u00f3n sin aftosa, unificando el estatus sanitario de La Pampa con el resto de la regi\u00f3n de la Patagonia. &nbsp;\u201cLa Pampa -dijo el ministro rionegrino- deber\u00e1 definir si quiere o no ser parte de la Patagonia, y si decide serlo en los hechos, deber\u00eda sumarse a los esfuerzos de las dem\u00e1s provincias para defender la Zona Libre de Aftosa sin vacunaci\u00f3n y poner a su provincia en un status superior no inferior\u201d.<\/p>\n\n\n\n<p>Los ganaderos pampeanos descartan esta posibilidad. Habr\u00eda ciertos riesgos sanitarios y, adem\u00e1s, los aislar\u00eda de otras provincias con las que tienen acuerdos comerciales relacionados con el traslado de hacienda desde y hacia La Pampa.<\/p>\n\n\n\n<p><\/p>\n\n\n\n<p><\/p>\n\n\n\n<figure class=\"wp-block-embed is-type-wp-embed is-provider-diario-textual wp-block-embed-diario-textual\"><div class=\"wp-block-embed__wrapper\">\n<blockquote class=\"wp-embedded-content\" data-secret=\"rtQvv4sGqQ\"><a href=\"https:\/\/diariotextual.com\/inicio\/index.php\/2023\/09\/04\/barrera-sanitaria-dejar-de-vacunar-implica-un-riesgo-que-no-podemos-correr\/\">Barrera sanitaria: \u201cDejar de vacunar en La Pampa implica un riesgo que no podemos correr\u201d<\/a><\/blockquote><iframe class=\"wp-embedded-content\" sandbox=\"allow-scripts\" security=\"restricted\" style=\"position: absolute; clip: rect(1px, 1px, 1px, 1px);\" title=\"\u00abBarrera sanitaria: \u201cDejar de vacunar en La Pampa implica un riesgo que no podemos correr\u201d\u00bb \u2014 Diario Textual\" src=\"https:\/\/diariotextual.com\/inicio\/index.php\/2023\/09\/04\/barrera-sanitaria-dejar-de-vacunar-implica-un-riesgo-que-no-podemos-correr\/embed\/#?secret=QIIEbXQ410#?secret=rtQvv4sGqQ\" data-secret=\"rtQvv4sGqQ\" width=\"600\" height=\"338\" frameborder=\"0\" marginwidth=\"0\" marginheight=\"0\" scrolling=\"no\"><\/iframe>\n<\/div><\/figure>\n","protected":false},"excerpt":{"rendered":"<p>Marcelo Rodr\u00edguez, vicepresidente de la Asociaci\u00f3n Agr\u00edcola Ganadera de La Pampa, cuestion\u00f3 la barrera sanitaria que impide el paso de carne bovina con hueso al sur del r\u00edo Colorado. Pero,&hellip;<\/p>\n","protected":false},"author":3,"featured_media":217475,"comment_status":"closed","ping_status":"open","sticky":false,"template":"","format":"standard","meta":{"_acf_changed":false,"footnotes":""},"categories":[11,20],"tags":[],"class_list":["post-236317","post","type-post","status-publish","format-standard","has-post-thumbnail","hentry","category-que-pasa","category-campo"],"acf":[],"yoast_head":"<!-- This site is optimized with the Yoast SEO plugin v27.5 - https:\/\/yoast.com\/product\/yoast-seo-wordpress\/ -->\n<title>Asado al sur: \u201cM\u00e1s que barrera sanitaria, es barrera comercial y pol\u00edtica\u201d, dice la Agr\u00edcola - Diario Textual<\/title>\n<meta name=\"robots\" content=\"index, follow, max-snippet:-1, max-image-preview:large, max-video-preview:-1\" \/>\n<link rel=\"canonical\" href=\"https:\/\/diariotextual.com\/inicio\/index.php\/2023\/09\/05\/asado-al-sur-mas-que-barrera-sanitaria-es-comercial-y-politica-dice-la-agricola\/\" \/>\n<meta property=\"og:locale\" content=\"es_ES\" \/>\n<meta property=\"og:type\" content=\"article\" \/>\n<meta property=\"og:title\" content=\"Asado al sur: \u201cM\u00e1s que barrera sanitaria, es barrera comercial y pol\u00edtica\u201d, dice la Agr\u00edcola - Diario Textual\" \/>\n<meta property=\"og:description\" content=\"Marcelo Rodr\u00edguez, vicepresidente de la Asociaci\u00f3n Agr\u00edcola Ganadera de La Pampa, cuestion\u00f3 la barrera sanitaria que impide el paso de carne bovina con hueso al sur del r\u00edo Colorado. Pero,&hellip;\" \/>\n<meta property=\"og:url\" content=\"https:\/\/diariotextual.com\/inicio\/index.php\/2023\/09\/05\/asado-al-sur-mas-que-barrera-sanitaria-es-comercial-y-politica-dice-la-agricola\/\" \/>\n<meta property=\"og:site_name\" content=\"Diario Textual\" \/>\n<meta property=\"article:publisher\" content=\"https:\/\/www.facebook.com\/eltextual\" \/>\n<meta property=\"article:published_time\" content=\"2023-09-05T20:27:04+00:00\" \/>\n<meta property=\"article:modified_time\" content=\"2023-09-06T12:51:04+00:00\" \/>\n<meta property=\"og:image\" content=\"https:\/\/diariotextual.com\/inicio\/wp-content\/uploads\/2023\/03\/aftosavacunacion7senasa2.jpeg\" \/>\n\t<meta property=\"og:image:width\" content=\"680\" \/>\n\t<meta property=\"og:image:height\" content=\"453\" \/>\n\t<meta property=\"og:image:type\" content=\"image\/jpeg\" \/>\n<meta name=\"author\" content=\"Diario1 Diario1\" \/>\n<meta name=\"twitter:card\" content=\"summary_large_image\" \/>\n<meta name=\"twitter:creator\" content=\"@eltextual\" \/>\n<meta name=\"twitter:site\" content=\"@eltextual\" \/>\n<meta name=\"twitter:label1\" content=\"Escrito por\" \/>\n\t<meta name=\"twitter:data1\" content=\"Diario1 Diario1\" \/>\n\t<meta name=\"twitter:label2\" content=\"Tiempo de lectura\" \/>\n\t<meta name=\"twitter:data2\" content=\"3 minutos\" \/>\n<script type=\"application\/ld+json\" class=\"yoast-schema-graph\">{\"@context\":\"https:\\\/\\\/schema.org\",\"@graph\":[{\"@type\":\"Article\",\"@id\":\"https:\\\/\\\/diariotextual.com\\\/inicio\\\/index.php\\\/2023\\\/09\\\/05\\\/asado-al-sur-mas-que-barrera-sanitaria-es-comercial-y-politica-dice-la-agricola\\\/#article\",\"isPartOf\":{\"@id\":\"https:\\\/\\\/diariotextual.com\\\/inicio\\\/index.php\\\/2023\\\/09\\\/05\\\/asado-al-sur-mas-que-barrera-sanitaria-es-comercial-y-politica-dice-la-agricola\\\/\"},\"author\":{\"name\":\"Diario1 Diario1\",\"@id\":\"https:\\\/\\\/diariotextual.com\\\/inicio\\\/#\\\/schema\\\/person\\\/418fc4093c33e86ed41562db3508f958\"},\"headline\":\"Asado al sur: \u201cM\u00e1s que barrera sanitaria, es barrera comercial y pol\u00edtica\u201d, dice la Agr\u00edcola\",\"datePublished\":\"2023-09-05T20:27:04+00:00\",\"dateModified\":\"2023-09-06T12:51:04+00:00\",\"mainEntityOfPage\":{\"@id\":\"https:\\\/\\\/diariotextual.com\\\/inicio\\\/index.php\\\/2023\\\/09\\\/05\\\/asado-al-sur-mas-que-barrera-sanitaria-es-comercial-y-politica-dice-la-agricola\\\/\"},\"wordCount\":629,\"publisher\":{\"@id\":\"https:\\\/\\\/diariotextual.com\\\/inicio\\\/#organization\"},\"image\":{\"@id\":\"https:\\\/\\\/diariotextual.com\\\/inicio\\\/index.php\\\/2023\\\/09\\\/05\\\/asado-al-sur-mas-que-barrera-sanitaria-es-comercial-y-politica-dice-la-agricola\\\/#primaryimage\"},\"thumbnailUrl\":\"https:\\\/\\\/diariotextual.com\\\/inicio\\\/wp-content\\\/uploads\\\/2023\\\/03\\\/aftosavacunacion7senasa2.jpeg\",\"articleSection\":[\"A - QUE PASA (al costado)\",\"CAMPO\"],\"inLanguage\":\"es\"},{\"@type\":\"WebPage\",\"@id\":\"https:\\\/\\\/diariotextual.com\\\/inicio\\\/index.php\\\/2023\\\/09\\\/05\\\/asado-al-sur-mas-que-barrera-sanitaria-es-comercial-y-politica-dice-la-agricola\\\/\",\"url\":\"https:\\\/\\\/diariotextual.com\\\/inicio\\\/index.php\\\/2023\\\/09\\\/05\\\/asado-al-sur-mas-que-barrera-sanitaria-es-comercial-y-politica-dice-la-agricola\\\/\",\"name\":\"Asado al sur: \u201cM\u00e1s que barrera sanitaria, es barrera comercial y pol\u00edtica\u201d, dice la Agr\u00edcola - Diario Textual\",\"isPartOf\":{\"@id\":\"https:\\\/\\\/diariotextual.com\\\/inicio\\\/#website\"},\"primaryImageOfPage\":{\"@id\":\"https:\\\/\\\/diariotextual.com\\\/inicio\\\/index.php\\\/2023\\\/09\\\/05\\\/asado-al-sur-mas-que-barrera-sanitaria-es-comercial-y-politica-dice-la-agricola\\\/#primaryimage\"},\"image\":{\"@id\":\"https:\\\/\\\/diariotextual.com\\\/inicio\\\/index.php\\\/2023\\\/09\\\/05\\\/asado-al-sur-mas-que-barrera-sanitaria-es-comercial-y-politica-dice-la-agricola\\\/#primaryimage\"},\"thumbnailUrl\":\"https:\\\/\\\/diariotextual.com\\\/inicio\\\/wp-content\\\/uploads\\\/2023\\\/03\\\/aftosavacunacion7senasa2.jpeg\",\"datePublished\":\"2023-09-05T20:27:04+00:00\",\"dateModified\":\"2023-09-06T12:51:04+00:00\",\"breadcrumb\":{\"@id\":\"https:\\\/\\\/diariotextual.com\\\/inicio\\\/index.php\\\/2023\\\/09\\\/05\\\/asado-al-sur-mas-que-barrera-sanitaria-es-comercial-y-politica-dice-la-agricola\\\/#breadcrumb\"},\"inLanguage\":\"es\",\"potentialAction\":[{\"@type\":\"ReadAction\",\"target\":[\"https:\\\/\\\/diariotextual.com\\\/inicio\\\/index.php\\\/2023\\\/09\\\/05\\\/asado-al-sur-mas-que-barrera-sanitaria-es-comercial-y-politica-dice-la-agricola\\\/\"]}]},{\"@type\":\"ImageObject\",\"inLanguage\":\"es\",\"@id\":\"https:\\\/\\\/diariotextual.com\\\/inicio\\\/index.php\\\/2023\\\/09\\\/05\\\/asado-al-sur-mas-que-barrera-sanitaria-es-comercial-y-politica-dice-la-agricola\\\/#primaryimage\",\"url\":\"https:\\\/\\\/diariotextual.com\\\/inicio\\\/wp-content\\\/uploads\\\/2023\\\/03\\\/aftosavacunacion7senasa2.jpeg\",\"contentUrl\":\"https:\\\/\\\/diariotextual.com\\\/inicio\\\/wp-content\\\/uploads\\\/2023\\\/03\\\/aftosavacunacion7senasa2.jpeg\",\"width\":680,\"height\":453},{\"@type\":\"BreadcrumbList\",\"@id\":\"https:\\\/\\\/diariotextual.com\\\/inicio\\\/index.php\\\/2023\\\/09\\\/05\\\/asado-al-sur-mas-que-barrera-sanitaria-es-comercial-y-politica-dice-la-agricola\\\/#breadcrumb\",\"itemListElement\":[{\"@type\":\"ListItem\",\"position\":1,\"name\":\"Portada\",\"item\":\"https:\\\/\\\/diariotextual.com\\\/inicio\\\/\"},{\"@type\":\"ListItem\",\"position\":2,\"name\":\"Asado al sur: \u201cM\u00e1s que barrera sanitaria, es barrera comercial y pol\u00edtica\u201d, dice la Agr\u00edcola\"}]},{\"@type\":\"WebSite\",\"@id\":\"https:\\\/\\\/diariotextual.com\\\/inicio\\\/#website\",\"url\":\"https:\\\/\\\/diariotextual.com\\\/inicio\\\/\",\"name\":\"Diario Textual\",\"description\":\"\",\"publisher\":{\"@id\":\"https:\\\/\\\/diariotextual.com\\\/inicio\\\/#organization\"},\"potentialAction\":[{\"@type\":\"SearchAction\",\"target\":{\"@type\":\"EntryPoint\",\"urlTemplate\":\"https:\\\/\\\/diariotextual.com\\\/inicio\\\/?s={search_term_string}\"},\"query-input\":{\"@type\":\"PropertyValueSpecification\",\"valueRequired\":true,\"valueName\":\"search_term_string\"}}],\"inLanguage\":\"es\"},{\"@type\":\"Organization\",\"@id\":\"https:\\\/\\\/diariotextual.com\\\/inicio\\\/#organization\",\"name\":\"Diario Textual\",\"url\":\"https:\\\/\\\/diariotextual.com\\\/inicio\\\/\",\"logo\":{\"@type\":\"ImageObject\",\"inLanguage\":\"es\",\"@id\":\"https:\\\/\\\/diariotextual.com\\\/inicio\\\/#\\\/schema\\\/logo\\\/image\\\/\",\"url\":\"https:\\\/\\\/diariotextual.com\\\/inicio\\\/wp-content\\\/uploads\\\/2023\\\/05\\\/logotextual1.jpg\",\"contentUrl\":\"https:\\\/\\\/diariotextual.com\\\/inicio\\\/wp-content\\\/uploads\\\/2023\\\/05\\\/logotextual1.jpg\",\"width\":516,\"height\":76,\"caption\":\"Diario Textual\"},\"image\":{\"@id\":\"https:\\\/\\\/diariotextual.com\\\/inicio\\\/#\\\/schema\\\/logo\\\/image\\\/\"},\"sameAs\":[\"https:\\\/\\\/www.facebook.com\\\/eltextual\",\"https:\\\/\\\/x.com\\\/eltextual\",\"http:\\\/\\\/www.instagram.com\\\/eltextual\"]},{\"@type\":\"Person\",\"@id\":\"https:\\\/\\\/diariotextual.com\\\/inicio\\\/#\\\/schema\\\/person\\\/418fc4093c33e86ed41562db3508f958\",\"name\":\"Diario1 Diario1\",\"image\":{\"@type\":\"ImageObject\",\"inLanguage\":\"es\",\"@id\":\"https:\\\/\\\/secure.gravatar.com\\\/avatar\\\/9167d280179c85bc18be67aa7eda765854300033af4896dd779b608640f2ef7a?s=96&d=mm&r=g\",\"url\":\"https:\\\/\\\/secure.gravatar.com\\\/avatar\\\/9167d280179c85bc18be67aa7eda765854300033af4896dd779b608640f2ef7a?s=96&d=mm&r=g\",\"contentUrl\":\"https:\\\/\\\/secure.gravatar.com\\\/avatar\\\/9167d280179c85bc18be67aa7eda765854300033af4896dd779b608640f2ef7a?s=96&d=mm&r=g\",\"caption\":\"Diario1 Diario1\"},\"url\":\"https:\\\/\\\/diariotextual.com\\\/inicio\\\/index.php\\\/author\\\/diario1\\\/\"}]}<\/script>\n<!-- \/ Yoast SEO plugin. -->","yoast_head_json":{"title":"Asado al sur: \u201cM\u00e1s que barrera sanitaria, es barrera comercial y pol\u00edtica\u201d, dice la Agr\u00edcola - Diario Textual","robots":{"index":"index","follow":"follow","max-snippet":"max-snippet:-1","max-image-preview":"max-image-preview:large","max-video-preview":"max-video-preview:-1"},"canonical":"https:\/\/diariotextual.com\/inicio\/index.php\/2023\/09\/05\/asado-al-sur-mas-que-barrera-sanitaria-es-comercial-y-politica-dice-la-agricola\/","og_locale":"es_ES","og_type":"article","og_title":"Asado al sur: \u201cM\u00e1s que barrera sanitaria, es barrera comercial y pol\u00edtica\u201d, dice la Agr\u00edcola - Diario Textual","og_description":"Marcelo Rodr\u00edguez, vicepresidente de la Asociaci\u00f3n Agr\u00edcola Ganadera de La Pampa, cuestion\u00f3 la barrera sanitaria que impide el paso de carne bovina con hueso al sur del r\u00edo Colorado. Pero,&hellip;","og_url":"https:\/\/diariotextual.com\/inicio\/index.php\/2023\/09\/05\/asado-al-sur-mas-que-barrera-sanitaria-es-comercial-y-politica-dice-la-agricola\/","og_site_name":"Diario Textual","article_publisher":"https:\/\/www.facebook.com\/eltextual","article_published_time":"2023-09-05T20:27:04+00:00","article_modified_time":"2023-09-06T12:51:04+00:00","og_image":[{"width":680,"height":453,"url":"https:\/\/diariotextual.com\/inicio\/wp-content\/uploads\/2023\/03\/aftosavacunacion7senasa2.jpeg","type":"image\/jpeg"}],"author":"Diario1 Diario1","twitter_card":"summary_large_image","twitter_creator":"@eltextual","twitter_site":"@eltextual","twitter_misc":{"Escrito por":"Diario1 Diario1","Tiempo de lectura":"3 minutos"},"schema":{"@context":"https:\/\/schema.org","@graph":[{"@type":"Article","@id":"https:\/\/diariotextual.com\/inicio\/index.php\/2023\/09\/05\/asado-al-sur-mas-que-barrera-sanitaria-es-comercial-y-politica-dice-la-agricola\/#article","isPartOf":{"@id":"https:\/\/diariotextual.com\/inicio\/index.php\/2023\/09\/05\/asado-al-sur-mas-que-barrera-sanitaria-es-comercial-y-politica-dice-la-agricola\/"},"author":{"name":"Diario1 Diario1","@id":"https:\/\/diariotextual.com\/inicio\/#\/schema\/person\/418fc4093c33e86ed41562db3508f958"},"headline":"Asado al sur: \u201cM\u00e1s que barrera sanitaria, es barrera comercial y pol\u00edtica\u201d, dice la Agr\u00edcola","datePublished":"2023-09-05T20:27:04+00:00","dateModified":"2023-09-06T12:51:04+00:00","mainEntityOfPage":{"@id":"https:\/\/diariotextual.com\/inicio\/index.php\/2023\/09\/05\/asado-al-sur-mas-que-barrera-sanitaria-es-comercial-y-politica-dice-la-agricola\/"},"wordCount":629,"publisher":{"@id":"https:\/\/diariotextual.com\/inicio\/#organization"},"image":{"@id":"https:\/\/diariotextual.com\/inicio\/index.php\/2023\/09\/05\/asado-al-sur-mas-que-barrera-sanitaria-es-comercial-y-politica-dice-la-agricola\/#primaryimage"},"thumbnailUrl":"https:\/\/diariotextual.com\/inicio\/wp-content\/uploads\/2023\/03\/aftosavacunacion7senasa2.jpeg","articleSection":["A - QUE PASA (al costado)","CAMPO"],"inLanguage":"es"},{"@type":"WebPage","@id":"https:\/\/diariotextual.com\/inicio\/index.php\/2023\/09\/05\/asado-al-sur-mas-que-barrera-sanitaria-es-comercial-y-politica-dice-la-agricola\/","url":"https:\/\/diariotextual.com\/inicio\/index.php\/2023\/09\/05\/asado-al-sur-mas-que-barrera-sanitaria-es-comercial-y-politica-dice-la-agricola\/","name":"Asado al sur: \u201cM\u00e1s que barrera sanitaria, es barrera comercial y pol\u00edtica\u201d, dice la Agr\u00edcola - Diario Textual","isPartOf":{"@id":"https:\/\/diariotextual.com\/inicio\/#website"},"primaryImageOfPage":{"@id":"https:\/\/diariotextual.com\/inicio\/index.php\/2023\/09\/05\/asado-al-sur-mas-que-barrera-sanitaria-es-comercial-y-politica-dice-la-agricola\/#primaryimage"},"image":{"@id":"https:\/\/diariotextual.com\/inicio\/index.php\/2023\/09\/05\/asado-al-sur-mas-que-barrera-sanitaria-es-comercial-y-politica-dice-la-agricola\/#primaryimage"},"thumbnailUrl":"https:\/\/diariotextual.com\/inicio\/wp-content\/uploads\/2023\/03\/aftosavacunacion7senasa2.jpeg","datePublished":"2023-09-05T20:27:04+00:00","dateModified":"2023-09-06T12:51:04+00:00","breadcrumb":{"@id":"https:\/\/diariotextual.com\/inicio\/index.php\/2023\/09\/05\/asado-al-sur-mas-que-barrera-sanitaria-es-comercial-y-politica-dice-la-agricola\/#breadcrumb"},"inLanguage":"es","potentialAction":[{"@type":"ReadAction","target":["https:\/\/diariotextual.com\/inicio\/index.php\/2023\/09\/05\/asado-al-sur-mas-que-barrera-sanitaria-es-comercial-y-politica-dice-la-agricola\/"]}]},{"@type":"ImageObject","inLanguage":"es","@id":"https:\/\/diariotextual.com\/inicio\/index.php\/2023\/09\/05\/asado-al-sur-mas-que-barrera-sanitaria-es-comercial-y-politica-dice-la-agricola\/#primaryimage","url":"https:\/\/diariotextual.com\/inicio\/wp-content\/uploads\/2023\/03\/aftosavacunacion7senasa2.jpeg","contentUrl":"https:\/\/diariotextual.com\/inicio\/wp-content\/uploads\/2023\/03\/aftosavacunacion7senasa2.jpeg","width":680,"height":453},{"@type":"BreadcrumbList","@id":"https:\/\/diariotextual.com\/inicio\/index.php\/2023\/09\/05\/asado-al-sur-mas-que-barrera-sanitaria-es-comercial-y-politica-dice-la-agricola\/#breadcrumb","itemListElement":[{"@type":"ListItem","position":1,"name":"Portada","item":"https:\/\/diariotextual.com\/inicio\/"},{"@type":"ListItem","position":2,"name":"Asado al sur: \u201cM\u00e1s que barrera sanitaria, es barrera comercial y pol\u00edtica\u201d, dice la Agr\u00edcola"}]},{"@type":"WebSite","@id":"https:\/\/diariotextual.com\/inicio\/#website","url":"https:\/\/diariotextual.com\/inicio\/","name":"Diario Textual","description":"","publisher":{"@id":"https:\/\/diariotextual.com\/inicio\/#organization"},"potentialAction":[{"@type":"SearchAction","target":{"@type":"EntryPoint","urlTemplate":"https:\/\/diariotextual.com\/inicio\/?s={search_term_string}"},"query-input":{"@type":"PropertyValueSpecification","valueRequired":true,"valueName":"search_term_string"}}],"inLanguage":"es"},{"@type":"Organization","@id":"https:\/\/diariotextual.com\/inicio\/#organization","name":"Diario Textual","url":"https:\/\/diariotextual.com\/inicio\/","logo":{"@type":"ImageObject","inLanguage":"es","@id":"https:\/\/diariotextual.com\/inicio\/#\/schema\/logo\/image\/","url":"https:\/\/diariotextual.com\/inicio\/wp-content\/uploads\/2023\/05\/logotextual1.jpg","contentUrl":"https:\/\/diariotextual.com\/inicio\/wp-content\/uploads\/2023\/05\/logotextual1.jpg","width":516,"height":76,"caption":"Diario Textual"},"image":{"@id":"https:\/\/diariotextual.com\/inicio\/#\/schema\/logo\/image\/"},"sameAs":["https:\/\/www.facebook.com\/eltextual","https:\/\/x.com\/eltextual","http:\/\/www.instagram.com\/eltextual"]},{"@type":"Person","@id":"https:\/\/diariotextual.com\/inicio\/#\/schema\/person\/418fc4093c33e86ed41562db3508f958","name":"Diario1 Diario1","image":{"@type":"ImageObject","inLanguage":"es","@id":"https:\/\/secure.gravatar.com\/avatar\/9167d280179c85bc18be67aa7eda765854300033af4896dd779b608640f2ef7a?s=96&d=mm&r=g","url":"https:\/\/secure.gravatar.com\/avatar\/9167d280179c85bc18be67aa7eda765854300033af4896dd779b608640f2ef7a?s=96&d=mm&r=g","contentUrl":"https:\/\/secure.gravatar.com\/avatar\/9167d280179c85bc18be67aa7eda765854300033af4896dd779b608640f2ef7a?s=96&d=mm&r=g","caption":"Diario1 Diario1"},"url":"https:\/\/diariotextual.com\/inicio\/index.php\/author\/diario1\/"}]}},"_links":{"self":[{"href":"https:\/\/diariotextual.com\/inicio\/index.php\/wp-json\/wp\/v2\/posts\/236317","targetHints":{"allow":["GET"]}}],"collection":[{"href":"https:\/\/diariotextual.com\/inicio\/index.php\/wp-json\/wp\/v2\/posts"}],"about":[{"href":"https:\/\/diariotextual.com\/inicio\/index.php\/wp-json\/wp\/v2\/types\/post"}],"author":[{"embeddable":true,"href":"https:\/\/diariotextual.com\/inicio\/index.php\/wp-json\/wp\/v2\/users\/3"}],"replies":[{"embeddable":true,"href":"https:\/\/diariotextual.com\/inicio\/index.php\/wp-json\/wp\/v2\/comments?post=236317"}],"version-history":[{"count":9,"href":"https:\/\/diariotextual.com\/inicio\/index.php\/wp-json\/wp\/v2\/posts\/236317\/revisions"}],"predecessor-version":[{"id":236380,"href":"https:\/\/diariotextual.com\/inicio\/index.php\/wp-json\/wp\/v2\/posts\/236317\/revisions\/236380"}],"wp:featuredmedia":[{"embeddable":true,"href":"https:\/\/diariotextual.com\/inicio\/index.php\/wp-json\/wp\/v2\/media\/217475"}],"wp:attachment":[{"href":"https:\/\/diariotextual.com\/inicio\/index.php\/wp-json\/wp\/v2\/media?parent=236317"}],"wp:term":[{"taxonomy":"category","embeddable":true,"href":"https:\/\/diariotextual.com\/inicio\/index.php\/wp-json\/wp\/v2\/categories?post=236317"},{"taxonomy":"post_tag","embeddable":true,"href":"https:\/\/diariotextual.com\/inicio\/index.php\/wp-json\/wp\/v2\/tags?post=236317"}],"curies":[{"name":"wp","href":"https:\/\/api.w.org\/{rel}","templated":true}]}}