{"id":236328,"date":"2023-09-05T09:20:40","date_gmt":"2023-09-05T12:20:40","guid":{"rendered":"https:\/\/diariotextual.com\/inicio\/?p=236328"},"modified":"2023-09-05T16:52:13","modified_gmt":"2023-09-05T19:52:13","slug":"el-gobierno-lanzo-un-nuevo-dolar-soja-con-el-objetivo-de-acumular-reservas-en-el-central","status":"publish","type":"post","link":"https:\/\/diariotextual.com\/inicio\/index.php\/2023\/09\/05\/el-gobierno-lanzo-un-nuevo-dolar-soja-con-el-objetivo-de-acumular-reservas-en-el-central\/","title":{"rendered":"El Gobierno lanz\u00f3 un nuevo d\u00f3lar soja con el objetivo de acumular reservas en el Central"},"content":{"rendered":"\n<p class=\"wp-block-paragraph\">El Gobierno oficializ\u00f3 este martes una nueva versi\u00f3n del\u00a0<strong>d\u00f3lar soja<\/strong>\u00a0que tendr\u00e1 un esquema diferente al que se present\u00f3 en anteriores oportunidades,\u00a0<strong>sin un tipo de cambio fijo<\/strong>. La medida fue anunciada a trav\u00e9s del<strong>\u00a0Bolet\u00edn Oficial<\/strong>\u00a0y entrar\u00e1 en vigencia durante todo el mes de septiembre, donde se buscar\u00e1 captar a \u201caquellos sujetos que hayan exportado en alg\u00fan momento de los 18 meses inmediatos anteriores\u201d.<\/p>\n\n\n\n<p class=\"wp-block-paragraph\">De acuerdo al&nbsp;<strong>Decreto 443\/2023<\/strong>, la medida alcanzar\u00e1 a productores de soja y sus derivados, como soja o aceite, en lo que ser\u00e1 la&nbsp;<strong>quinta edici\u00f3n<\/strong>&nbsp;del&nbsp;<strong>Programa de Incremento Exportador&nbsp;<\/strong>que lanz\u00f3 el&nbsp;<strong>Ministerio de Econom\u00eda<\/strong>&nbsp;para incentivar la liquidaci\u00f3n de las exportaciones del grano.<\/p>\n\n\n\n<p class=\"wp-block-paragraph\">\u201cLos sujetos que adhieran al presente Programa, y que les resulte aplicable, deber\u00e1n liquidar las divisas que ingresen a trav\u00e9s del Mercado Libre de Cambios (MLC), referidas en el art\u00edculo 4\u00ba de la presente medida, en los t\u00e9rminos y condiciones que establezca la normativa complementaria, no pudiendo superar dicho plazo el 30 de septiembre de 2023, inclusive, incluidos los supuestos de prefinanciaci\u00f3n y\/o postfinanciaci\u00f3n de exportaciones del exterior o un anticipo de liquidaci\u00f3n, debiendo efectuar, por el 100 % de todas las divisas\u201d, indic\u00f3 la norma, seg\u00fan public\u00f3 Infobae.<\/p>\n\n\n\n<p class=\"wp-block-paragraph\">En las disposiciones, el Gobierno se\u00f1al\u00f3 que la Argentina es \u201cun relevante exportador mundial de las manufacturas de la soja, productos&nbsp;<strong>con baja incidencia directa en la cadena de abastecimiento nacional<\/strong>; de all\u00ed que esos alimentos y materias primas no generen impacto directo en la canasta familiar ni en las mediciones del \u00edndice mensual de inflaci\u00f3n\u201d.<\/p>\n\n\n\n<p class=\"wp-block-paragraph\">En tanto que remarcaron la necesidad de \u201ccontinuar la implementaci\u00f3n de pol\u00edticas que&nbsp;<strong>tiendan al fortalecimiento de las reservas<\/strong>\u201d del Banco Central de la Rep\u00fablica Argentina (BCRA).<\/p>\n\n\n\n<p class=\"wp-block-paragraph\">A diferencia de los esquemas anteriores, esta nueva versi\u00f3n del\u00a0<strong>d\u00f3lar soja no contar\u00e1 con un tipo de cambio fijo<\/strong>. En ese sentido, el\u00a0<strong>75%<\/strong>\u00a0del contravalor de la exportaci\u00f3n de las mercader\u00edas, se deber\u00e1 ingresar en divisas y negociarse a trav\u00e9s del\u00a0<strong>Mercado Libre de Cambios<\/strong>, mientras que el\u00a0<strong>25%\u00a0<\/strong>restante ser\u00e1 de \u201c<strong>libre disponibilidad<\/strong>\u201d.<\/p>\n\n\n\n<p class=\"wp-block-paragraph\">Es decir, los productores agropecuarios podr\u00e1n adquirir una tonelada de soja pagando el 75% a un tipo de cambio oficial ($365), mientras que el porcentaje restante podr\u00eda ser a trav\u00e9s de una cotizaci\u00f3n libre (por ejemplo, el d\u00f3lar MEP a $770). Esta herramienta solo ser\u00e1 \u00faltima para comprar soja argentina.<\/p>\n\n\n\n<p class=\"wp-block-paragraph\">En la \u00faltima edici\u00f3n del programa, el gobierno alcanz\u00f3 a superar la meta de los USD 2.000 millones que se hab\u00eda puesto para la cuarta edici\u00f3n del programa, que ten\u00eda un tipo de cambio a 340 pesos. En ese sentido, tomando en cuenta todas las etapas del&nbsp;<strong>d\u00f3lar soja<\/strong>, se alcanzaron los USD 18.566 millones, seg\u00fan estad\u00edsticas difundidas por la&nbsp;<strong>Bolsa de Cereales&nbsp;<\/strong>en base a datos del&nbsp;<strong>Mercado Electr\u00f3nico Abierto<\/strong>.<\/p>\n\n\n\n<p class=\"wp-block-paragraph\">Previamente, la primera etapa de la medida tuvo lugar en septiembre del a\u00f1o pasado, con un tipo de cambio que ofrec\u00eda un d\u00f3lar por $200, mientras que en la segunda etapa esto ascendi\u00f3 a $230. Ya en la tercera edici\u00f3n, los exportadores del complejo sojero cambiaban un d\u00f3lar por $300.<\/p>\n","protected":false},"excerpt":{"rendered":"<p>El Gobierno oficializ\u00f3 este martes una nueva versi\u00f3n del\u00a0d\u00f3lar soja\u00a0que tendr\u00e1 un esquema diferente al que se present\u00f3 en anteriores oportunidades,\u00a0sin un tipo de cambio fijo. La medida fue anunciada&hellip;<\/p>\n","protected":false},"author":3,"featured_media":82096,"comment_status":"closed","ping_status":"open","sticky":false,"template":"","format":"standard","meta":{"_acf_changed":false,"footnotes":""},"categories":[1,20],"tags":[],"class_list":["post-236328","post","type-post","status-publish","format-standard","has-post-thumbnail","hentry","category-es-noticia","category-campo"],"acf":[],"yoast_head":"<!-- This site is optimized with the Yoast SEO plugin v28.3 - https:\/\/yoast.com\/product\/yoast-seo-wordpress\/ -->\n<title>El Gobierno lanz\u00f3 un nuevo d\u00f3lar soja con el objetivo de acumular reservas en el Central - Diario Textual<\/title>\n<meta name=\"robots\" content=\"index, follow, max-snippet:-1, max-image-preview:large, max-video-preview:-1\" \/>\n<link rel=\"canonical\" href=\"https:\/\/diariotextual.com\/inicio\/index.php\/2023\/09\/05\/el-gobierno-lanzo-un-nuevo-dolar-soja-con-el-objetivo-de-acumular-reservas-en-el-central\/\" \/>\n<meta property=\"og:locale\" content=\"es_ES\" \/>\n<meta property=\"og:type\" content=\"article\" \/>\n<meta property=\"og:title\" content=\"El Gobierno lanz\u00f3 un nuevo d\u00f3lar soja con el objetivo de acumular reservas en el Central - Diario Textual\" \/>\n<meta property=\"og:description\" content=\"El Gobierno oficializ\u00f3 este martes una nueva versi\u00f3n del\u00a0d\u00f3lar soja\u00a0que tendr\u00e1 un esquema diferente al que se present\u00f3 en anteriores oportunidades,\u00a0sin un tipo de cambio fijo. La medida fue anunciada&hellip;\" \/>\n<meta property=\"og:url\" content=\"https:\/\/diariotextual.com\/inicio\/index.php\/2023\/09\/05\/el-gobierno-lanzo-un-nuevo-dolar-soja-con-el-objetivo-de-acumular-reservas-en-el-central\/\" \/>\n<meta property=\"og:site_name\" content=\"Diario Textual\" \/>\n<meta property=\"article:publisher\" content=\"https:\/\/www.facebook.com\/eltextual\" \/>\n<meta property=\"article:published_time\" content=\"2023-09-05T12:20:40+00:00\" \/>\n<meta property=\"article:modified_time\" content=\"2023-09-05T19:52:13+00:00\" \/>\n<meta property=\"og:image\" content=\"https:\/\/diariotextual.com\/inicio\/wp-content\/uploads\/2020\/03\/soja77777777.jpg\" \/>\n\t<meta property=\"og:image:width\" content=\"832\" \/>\n\t<meta property=\"og:image:height\" content=\"513\" \/>\n\t<meta property=\"og:image:type\" content=\"image\/jpeg\" \/>\n<meta name=\"author\" content=\"Diario1 Diario1\" \/>\n<meta name=\"twitter:card\" content=\"summary_large_image\" \/>\n<meta name=\"twitter:creator\" content=\"@eltextual\" \/>\n<meta name=\"twitter:site\" content=\"@eltextual\" \/>\n<meta name=\"twitter:label1\" content=\"Escrito por\" \/>\n\t<meta name=\"twitter:data1\" content=\"Diario1 Diario1\" \/>\n\t<meta name=\"twitter:label2\" content=\"Tiempo de lectura\" \/>\n\t<meta name=\"twitter:data2\" content=\"3 minutos\" \/>\n<script type=\"application\/ld+json\" class=\"yoast-schema-graph\">{\"@context\":\"https:\\\/\\\/schema.org\",\"@graph\":[{\"@type\":\"Article\",\"@id\":\"https:\\\/\\\/diariotextual.com\\\/inicio\\\/index.php\\\/2023\\\/09\\\/05\\\/el-gobierno-lanzo-un-nuevo-dolar-soja-con-el-objetivo-de-acumular-reservas-en-el-central\\\/#article\",\"isPartOf\":{\"@id\":\"https:\\\/\\\/diariotextual.com\\\/inicio\\\/index.php\\\/2023\\\/09\\\/05\\\/el-gobierno-lanzo-un-nuevo-dolar-soja-con-el-objetivo-de-acumular-reservas-en-el-central\\\/\"},\"author\":{\"name\":\"Diario1 Diario1\",\"@id\":\"https:\\\/\\\/diariotextual.com\\\/inicio\\\/#\\\/schema\\\/person\\\/418fc4093c33e86ed41562db3508f958\"},\"headline\":\"El Gobierno lanz\u00f3 un nuevo d\u00f3lar soja con el objetivo de acumular reservas en el Central\",\"datePublished\":\"2023-09-05T12:20:40+00:00\",\"dateModified\":\"2023-09-05T19:52:13+00:00\",\"mainEntityOfPage\":{\"@id\":\"https:\\\/\\\/diariotextual.com\\\/inicio\\\/index.php\\\/2023\\\/09\\\/05\\\/el-gobierno-lanzo-un-nuevo-dolar-soja-con-el-objetivo-de-acumular-reservas-en-el-central\\\/\"},\"wordCount\":569,\"publisher\":{\"@id\":\"https:\\\/\\\/diariotextual.com\\\/inicio\\\/#organization\"},\"image\":{\"@id\":\"https:\\\/\\\/diariotextual.com\\\/inicio\\\/index.php\\\/2023\\\/09\\\/05\\\/el-gobierno-lanzo-un-nuevo-dolar-soja-con-el-objetivo-de-acumular-reservas-en-el-central\\\/#primaryimage\"},\"thumbnailUrl\":\"https:\\\/\\\/diariotextual.com\\\/inicio\\\/wp-content\\\/uploads\\\/2020\\\/03\\\/soja77777777.jpg\",\"articleSection\":[\"A - ES NOTICIA (van abajo)\",\"CAMPO\"],\"inLanguage\":\"es\"},{\"@type\":\"WebPage\",\"@id\":\"https:\\\/\\\/diariotextual.com\\\/inicio\\\/index.php\\\/2023\\\/09\\\/05\\\/el-gobierno-lanzo-un-nuevo-dolar-soja-con-el-objetivo-de-acumular-reservas-en-el-central\\\/\",\"url\":\"https:\\\/\\\/diariotextual.com\\\/inicio\\\/index.php\\\/2023\\\/09\\\/05\\\/el-gobierno-lanzo-un-nuevo-dolar-soja-con-el-objetivo-de-acumular-reservas-en-el-central\\\/\",\"name\":\"El Gobierno lanz\u00f3 un nuevo d\u00f3lar soja con el objetivo de acumular reservas en el Central - Diario Textual\",\"isPartOf\":{\"@id\":\"https:\\\/\\\/diariotextual.com\\\/inicio\\\/#website\"},\"primaryImageOfPage\":{\"@id\":\"https:\\\/\\\/diariotextual.com\\\/inicio\\\/index.php\\\/2023\\\/09\\\/05\\\/el-gobierno-lanzo-un-nuevo-dolar-soja-con-el-objetivo-de-acumular-reservas-en-el-central\\\/#primaryimage\"},\"image\":{\"@id\":\"https:\\\/\\\/diariotextual.com\\\/inicio\\\/index.php\\\/2023\\\/09\\\/05\\\/el-gobierno-lanzo-un-nuevo-dolar-soja-con-el-objetivo-de-acumular-reservas-en-el-central\\\/#primaryimage\"},\"thumbnailUrl\":\"https:\\\/\\\/diariotextual.com\\\/inicio\\\/wp-content\\\/uploads\\\/2020\\\/03\\\/soja77777777.jpg\",\"datePublished\":\"2023-09-05T12:20:40+00:00\",\"dateModified\":\"2023-09-05T19:52:13+00:00\",\"breadcrumb\":{\"@id\":\"https:\\\/\\\/diariotextual.com\\\/inicio\\\/index.php\\\/2023\\\/09\\\/05\\\/el-gobierno-lanzo-un-nuevo-dolar-soja-con-el-objetivo-de-acumular-reservas-en-el-central\\\/#breadcrumb\"},\"inLanguage\":\"es\",\"potentialAction\":[{\"@type\":\"ReadAction\",\"target\":[\"https:\\\/\\\/diariotextual.com\\\/inicio\\\/index.php\\\/2023\\\/09\\\/05\\\/el-gobierno-lanzo-un-nuevo-dolar-soja-con-el-objetivo-de-acumular-reservas-en-el-central\\\/\"]}]},{\"@type\":\"ImageObject\",\"inLanguage\":\"es\",\"@id\":\"https:\\\/\\\/diariotextual.com\\\/inicio\\\/index.php\\\/2023\\\/09\\\/05\\\/el-gobierno-lanzo-un-nuevo-dolar-soja-con-el-objetivo-de-acumular-reservas-en-el-central\\\/#primaryimage\",\"url\":\"https:\\\/\\\/diariotextual.com\\\/inicio\\\/wp-content\\\/uploads\\\/2020\\\/03\\\/soja77777777.jpg\",\"contentUrl\":\"https:\\\/\\\/diariotextual.com\\\/inicio\\\/wp-content\\\/uploads\\\/2020\\\/03\\\/soja77777777.jpg\",\"width\":832,\"height\":513},{\"@type\":\"BreadcrumbList\",\"@id\":\"https:\\\/\\\/diariotextual.com\\\/inicio\\\/index.php\\\/2023\\\/09\\\/05\\\/el-gobierno-lanzo-un-nuevo-dolar-soja-con-el-objetivo-de-acumular-reservas-en-el-central\\\/#breadcrumb\",\"itemListElement\":[{\"@type\":\"ListItem\",\"position\":1,\"name\":\"Portada\",\"item\":\"https:\\\/\\\/diariotextual.com\\\/inicio\\\/\"},{\"@type\":\"ListItem\",\"position\":2,\"name\":\"El Gobierno lanz\u00f3 un nuevo d\u00f3lar soja con el objetivo de acumular reservas en el Central\"}]},{\"@type\":\"WebSite\",\"@id\":\"https:\\\/\\\/diariotextual.com\\\/inicio\\\/#website\",\"url\":\"https:\\\/\\\/diariotextual.com\\\/inicio\\\/\",\"name\":\"Diario Textual\",\"description\":\"\",\"publisher\":{\"@id\":\"https:\\\/\\\/diariotextual.com\\\/inicio\\\/#organization\"},\"potentialAction\":[{\"@type\":\"SearchAction\",\"target\":{\"@type\":\"EntryPoint\",\"urlTemplate\":\"https:\\\/\\\/diariotextual.com\\\/inicio\\\/?s={search_term_string}\"},\"query-input\":{\"@type\":\"PropertyValueSpecification\",\"valueRequired\":true,\"valueName\":\"search_term_string\"}}],\"inLanguage\":\"es\"},{\"@type\":\"Organization\",\"@id\":\"https:\\\/\\\/diariotextual.com\\\/inicio\\\/#organization\",\"name\":\"Diario Textual\",\"url\":\"https:\\\/\\\/diariotextual.com\\\/inicio\\\/\",\"logo\":{\"@type\":\"ImageObject\",\"inLanguage\":\"es\",\"@id\":\"https:\\\/\\\/diariotextual.com\\\/inicio\\\/#\\\/schema\\\/logo\\\/image\\\/\",\"url\":\"https:\\\/\\\/diariotextual.com\\\/inicio\\\/wp-content\\\/uploads\\\/2023\\\/05\\\/logotextual1.jpg\",\"contentUrl\":\"https:\\\/\\\/diariotextual.com\\\/inicio\\\/wp-content\\\/uploads\\\/2023\\\/05\\\/logotextual1.jpg\",\"width\":516,\"height\":76,\"caption\":\"Diario Textual\"},\"image\":{\"@id\":\"https:\\\/\\\/diariotextual.com\\\/inicio\\\/#\\\/schema\\\/logo\\\/image\\\/\"},\"sameAs\":[\"https:\\\/\\\/www.facebook.com\\\/eltextual\",\"https:\\\/\\\/x.com\\\/eltextual\",\"http:\\\/\\\/www.instagram.com\\\/eltextual\"]},{\"@type\":\"Person\",\"@id\":\"https:\\\/\\\/diariotextual.com\\\/inicio\\\/#\\\/schema\\\/person\\\/418fc4093c33e86ed41562db3508f958\",\"name\":\"Diario1 Diario1\",\"image\":{\"@type\":\"ImageObject\",\"inLanguage\":\"es\",\"@id\":\"https:\\\/\\\/secure.gravatar.com\\\/avatar\\\/9167d280179c85bc18be67aa7eda765854300033af4896dd779b608640f2ef7a?s=96&d=mm&r=g\",\"url\":\"https:\\\/\\\/secure.gravatar.com\\\/avatar\\\/9167d280179c85bc18be67aa7eda765854300033af4896dd779b608640f2ef7a?s=96&d=mm&r=g\",\"contentUrl\":\"https:\\\/\\\/secure.gravatar.com\\\/avatar\\\/9167d280179c85bc18be67aa7eda765854300033af4896dd779b608640f2ef7a?s=96&d=mm&r=g\",\"caption\":\"Diario1 Diario1\"},\"url\":\"https:\\\/\\\/diariotextual.com\\\/inicio\\\/index.php\\\/author\\\/diario1\\\/\"}]}<\/script>\n<!-- \/ Yoast SEO plugin. -->","yoast_head_json":{"title":"El Gobierno lanz\u00f3 un nuevo d\u00f3lar soja con el objetivo de acumular reservas en el Central - Diario Textual","robots":{"index":"index","follow":"follow","max-snippet":"max-snippet:-1","max-image-preview":"max-image-preview:large","max-video-preview":"max-video-preview:-1"},"canonical":"https:\/\/diariotextual.com\/inicio\/index.php\/2023\/09\/05\/el-gobierno-lanzo-un-nuevo-dolar-soja-con-el-objetivo-de-acumular-reservas-en-el-central\/","og_locale":"es_ES","og_type":"article","og_title":"El Gobierno lanz\u00f3 un nuevo d\u00f3lar soja con el objetivo de acumular reservas en el Central - Diario Textual","og_description":"El Gobierno oficializ\u00f3 este martes una nueva versi\u00f3n del\u00a0d\u00f3lar soja\u00a0que tendr\u00e1 un esquema diferente al que se present\u00f3 en anteriores oportunidades,\u00a0sin un tipo de cambio fijo. La medida fue anunciada&hellip;","og_url":"https:\/\/diariotextual.com\/inicio\/index.php\/2023\/09\/05\/el-gobierno-lanzo-un-nuevo-dolar-soja-con-el-objetivo-de-acumular-reservas-en-el-central\/","og_site_name":"Diario Textual","article_publisher":"https:\/\/www.facebook.com\/eltextual","article_published_time":"2023-09-05T12:20:40+00:00","article_modified_time":"2023-09-05T19:52:13+00:00","og_image":[{"width":832,"height":513,"url":"https:\/\/diariotextual.com\/inicio\/wp-content\/uploads\/2020\/03\/soja77777777.jpg","type":"image\/jpeg"}],"author":"Diario1 Diario1","twitter_card":"summary_large_image","twitter_creator":"@eltextual","twitter_site":"@eltextual","twitter_misc":{"Escrito por":"Diario1 Diario1","Tiempo de lectura":"3 minutos"},"schema":{"@context":"https:\/\/schema.org","@graph":[{"@type":"Article","@id":"https:\/\/diariotextual.com\/inicio\/index.php\/2023\/09\/05\/el-gobierno-lanzo-un-nuevo-dolar-soja-con-el-objetivo-de-acumular-reservas-en-el-central\/#article","isPartOf":{"@id":"https:\/\/diariotextual.com\/inicio\/index.php\/2023\/09\/05\/el-gobierno-lanzo-un-nuevo-dolar-soja-con-el-objetivo-de-acumular-reservas-en-el-central\/"},"author":{"name":"Diario1 Diario1","@id":"https:\/\/diariotextual.com\/inicio\/#\/schema\/person\/418fc4093c33e86ed41562db3508f958"},"headline":"El Gobierno lanz\u00f3 un nuevo d\u00f3lar soja con el objetivo de acumular reservas en el Central","datePublished":"2023-09-05T12:20:40+00:00","dateModified":"2023-09-05T19:52:13+00:00","mainEntityOfPage":{"@id":"https:\/\/diariotextual.com\/inicio\/index.php\/2023\/09\/05\/el-gobierno-lanzo-un-nuevo-dolar-soja-con-el-objetivo-de-acumular-reservas-en-el-central\/"},"wordCount":569,"publisher":{"@id":"https:\/\/diariotextual.com\/inicio\/#organization"},"image":{"@id":"https:\/\/diariotextual.com\/inicio\/index.php\/2023\/09\/05\/el-gobierno-lanzo-un-nuevo-dolar-soja-con-el-objetivo-de-acumular-reservas-en-el-central\/#primaryimage"},"thumbnailUrl":"https:\/\/diariotextual.com\/inicio\/wp-content\/uploads\/2020\/03\/soja77777777.jpg","articleSection":["A - ES NOTICIA (van abajo)","CAMPO"],"inLanguage":"es"},{"@type":"WebPage","@id":"https:\/\/diariotextual.com\/inicio\/index.php\/2023\/09\/05\/el-gobierno-lanzo-un-nuevo-dolar-soja-con-el-objetivo-de-acumular-reservas-en-el-central\/","url":"https:\/\/diariotextual.com\/inicio\/index.php\/2023\/09\/05\/el-gobierno-lanzo-un-nuevo-dolar-soja-con-el-objetivo-de-acumular-reservas-en-el-central\/","name":"El Gobierno lanz\u00f3 un nuevo d\u00f3lar soja con el objetivo de acumular reservas en el Central - Diario Textual","isPartOf":{"@id":"https:\/\/diariotextual.com\/inicio\/#website"},"primaryImageOfPage":{"@id":"https:\/\/diariotextual.com\/inicio\/index.php\/2023\/09\/05\/el-gobierno-lanzo-un-nuevo-dolar-soja-con-el-objetivo-de-acumular-reservas-en-el-central\/#primaryimage"},"image":{"@id":"https:\/\/diariotextual.com\/inicio\/index.php\/2023\/09\/05\/el-gobierno-lanzo-un-nuevo-dolar-soja-con-el-objetivo-de-acumular-reservas-en-el-central\/#primaryimage"},"thumbnailUrl":"https:\/\/diariotextual.com\/inicio\/wp-content\/uploads\/2020\/03\/soja77777777.jpg","datePublished":"2023-09-05T12:20:40+00:00","dateModified":"2023-09-05T19:52:13+00:00","breadcrumb":{"@id":"https:\/\/diariotextual.com\/inicio\/index.php\/2023\/09\/05\/el-gobierno-lanzo-un-nuevo-dolar-soja-con-el-objetivo-de-acumular-reservas-en-el-central\/#breadcrumb"},"inLanguage":"es","potentialAction":[{"@type":"ReadAction","target":["https:\/\/diariotextual.com\/inicio\/index.php\/2023\/09\/05\/el-gobierno-lanzo-un-nuevo-dolar-soja-con-el-objetivo-de-acumular-reservas-en-el-central\/"]}]},{"@type":"ImageObject","inLanguage":"es","@id":"https:\/\/diariotextual.com\/inicio\/index.php\/2023\/09\/05\/el-gobierno-lanzo-un-nuevo-dolar-soja-con-el-objetivo-de-acumular-reservas-en-el-central\/#primaryimage","url":"https:\/\/diariotextual.com\/inicio\/wp-content\/uploads\/2020\/03\/soja77777777.jpg","contentUrl":"https:\/\/diariotextual.com\/inicio\/wp-content\/uploads\/2020\/03\/soja77777777.jpg","width":832,"height":513},{"@type":"BreadcrumbList","@id":"https:\/\/diariotextual.com\/inicio\/index.php\/2023\/09\/05\/el-gobierno-lanzo-un-nuevo-dolar-soja-con-el-objetivo-de-acumular-reservas-en-el-central\/#breadcrumb","itemListElement":[{"@type":"ListItem","position":1,"name":"Portada","item":"https:\/\/diariotextual.com\/inicio\/"},{"@type":"ListItem","position":2,"name":"El Gobierno lanz\u00f3 un nuevo d\u00f3lar soja con el objetivo de acumular reservas en el Central"}]},{"@type":"WebSite","@id":"https:\/\/diariotextual.com\/inicio\/#website","url":"https:\/\/diariotextual.com\/inicio\/","name":"Diario Textual","description":"","publisher":{"@id":"https:\/\/diariotextual.com\/inicio\/#organization"},"potentialAction":[{"@type":"SearchAction","target":{"@type":"EntryPoint","urlTemplate":"https:\/\/diariotextual.com\/inicio\/?s={search_term_string}"},"query-input":{"@type":"PropertyValueSpecification","valueRequired":true,"valueName":"search_term_string"}}],"inLanguage":"es"},{"@type":"Organization","@id":"https:\/\/diariotextual.com\/inicio\/#organization","name":"Diario Textual","url":"https:\/\/diariotextual.com\/inicio\/","logo":{"@type":"ImageObject","inLanguage":"es","@id":"https:\/\/diariotextual.com\/inicio\/#\/schema\/logo\/image\/","url":"https:\/\/diariotextual.com\/inicio\/wp-content\/uploads\/2023\/05\/logotextual1.jpg","contentUrl":"https:\/\/diariotextual.com\/inicio\/wp-content\/uploads\/2023\/05\/logotextual1.jpg","width":516,"height":76,"caption":"Diario Textual"},"image":{"@id":"https:\/\/diariotextual.com\/inicio\/#\/schema\/logo\/image\/"},"sameAs":["https:\/\/www.facebook.com\/eltextual","https:\/\/x.com\/eltextual","http:\/\/www.instagram.com\/eltextual"]},{"@type":"Person","@id":"https:\/\/diariotextual.com\/inicio\/#\/schema\/person\/418fc4093c33e86ed41562db3508f958","name":"Diario1 Diario1","image":{"@type":"ImageObject","inLanguage":"es","@id":"https:\/\/secure.gravatar.com\/avatar\/9167d280179c85bc18be67aa7eda765854300033af4896dd779b608640f2ef7a?s=96&d=mm&r=g","url":"https:\/\/secure.gravatar.com\/avatar\/9167d280179c85bc18be67aa7eda765854300033af4896dd779b608640f2ef7a?s=96&d=mm&r=g","contentUrl":"https:\/\/secure.gravatar.com\/avatar\/9167d280179c85bc18be67aa7eda765854300033af4896dd779b608640f2ef7a?s=96&d=mm&r=g","caption":"Diario1 Diario1"},"url":"https:\/\/diariotextual.com\/inicio\/index.php\/author\/diario1\/"}]}},"_links":{"self":[{"href":"https:\/\/diariotextual.com\/inicio\/index.php\/wp-json\/wp\/v2\/posts\/236328","targetHints":{"allow":["GET"]}}],"collection":[{"href":"https:\/\/diariotextual.com\/inicio\/index.php\/wp-json\/wp\/v2\/posts"}],"about":[{"href":"https:\/\/diariotextual.com\/inicio\/index.php\/wp-json\/wp\/v2\/types\/post"}],"author":[{"embeddable":true,"href":"https:\/\/diariotextual.com\/inicio\/index.php\/wp-json\/wp\/v2\/users\/3"}],"replies":[{"embeddable":true,"href":"https:\/\/diariotextual.com\/inicio\/index.php\/wp-json\/wp\/v2\/comments?post=236328"}],"version-history":[{"count":3,"href":"https:\/\/diariotextual.com\/inicio\/index.php\/wp-json\/wp\/v2\/posts\/236328\/revisions"}],"predecessor-version":[{"id":236331,"href":"https:\/\/diariotextual.com\/inicio\/index.php\/wp-json\/wp\/v2\/posts\/236328\/revisions\/236331"}],"wp:featuredmedia":[{"embeddable":true,"href":"https:\/\/diariotextual.com\/inicio\/index.php\/wp-json\/wp\/v2\/media\/82096"}],"wp:attachment":[{"href":"https:\/\/diariotextual.com\/inicio\/index.php\/wp-json\/wp\/v2\/media?parent=236328"}],"wp:term":[{"taxonomy":"category","embeddable":true,"href":"https:\/\/diariotextual.com\/inicio\/index.php\/wp-json\/wp\/v2\/categories?post=236328"},{"taxonomy":"post_tag","embeddable":true,"href":"https:\/\/diariotextual.com\/inicio\/index.php\/wp-json\/wp\/v2\/tags?post=236328"}],"curies":[{"name":"wp","href":"https:\/\/api.w.org\/{rel}","templated":true}]}}