{"id":236390,"date":"2023-09-05T18:21:14","date_gmt":"2023-09-05T21:21:14","guid":{"rendered":"https:\/\/diariotextual.com\/inicio\/?p=236390"},"modified":"2023-09-06T17:48:48","modified_gmt":"2023-09-06T20:48:48","slug":"pese-al-amparo-de-la-pampa-mendoza-ya-hizo-un-estudio-propio-de-impacto-de-el-baqueano","status":"publish","type":"post","link":"https:\/\/diariotextual.com\/inicio\/index.php\/2023\/09\/05\/pese-al-amparo-de-la-pampa-mendoza-ya-hizo-un-estudio-propio-de-impacto-de-el-baqueano\/","title":{"rendered":"Pese al amparo de La Pampa, Mendoza ya hizo un estudio propio de impacto de El Baqueano"},"content":{"rendered":"\n<p>En mayo de este a\u00f1o, el gobernador\u00a0pampeano <strong>Sergio Ziliotto <\/strong>interpuso ante la Corte Suprema de Justicia de la Naci\u00f3n (CSJN)<strong><a href=\"https:\/\/diariotextual.com\/inicio\/index.php\/2023\/05\/08\/ziliotto-volvio-a-la-corte-amparo-ambiental-por-el-baqueano\/\" target=\"_blank\" rel=\"noreferrer noopener\">\u00a0 una demanda de\u00a0amparo ambiental\u00a0<\/a><\/strong>contra la provincia de Mendoza y el Estado Nacional para intentar frenar la represa hidroel\u00e9ctrica\u00a0<strong>El Baqueano<\/strong>. Solicit\u00f3<strong>\u00a0una medida cautelar para que no se avance con la obra sin antes hacer un estudio de impacto ambiental sobre toda la cuenca.\u00a0<\/strong>Tambi\u00e9n requiri\u00f3 la realizaci\u00f3n de una\u00a0<strong>audiencia p\u00fablica<\/strong>\u00a0con la participaci\u00f3n de la Naci\u00f3n y de todas las provincias de la regi\u00f3n. <strong>Mendoza, pese al rechazo pampeano, avanz\u00f3 y hoy comunic\u00f3 que ya tiene un estudio de impacto ambiental. Pero no es de toda la cuenca.<\/strong><\/p>\n\n\n\n<p>De esta manera, el proyecto de la represa obtuvo la Declaraci\u00f3n de Impacto Ambiental (DIA) por parte de la Secretar\u00eda de Ambiente y Ordenamiento Territorial de Mendoza. Se trata de un paso clave para dar inicio al proceso licitatorio de la obra valuada en U$S 550 millones, despu\u00e9s de haber conseguido el aval legislativo anteriormente.<\/p>\n\n\n\n<p>De esta manera, en Mendoza sostienen que est\u00e1n en condiciones de entregarle la DIA a la&nbsp;<strong>Secretar\u00eda de Energ\u00eda de Naci\u00f3n que conduce Flavia Roy\u00f3n<\/strong>&nbsp;para que el convenio vigente, firmado entre el gobernador&nbsp;<strong>Rodolfo Su\u00e1rez<\/strong>&nbsp;y el ministro de Econom\u00eda,<strong>&nbsp;Sergio Massa<\/strong>, se transforme en resoluci\u00f3n y se abroche el ingreso oficial de El Baqueano al&nbsp;<strong>programa hidroel\u00e9ctrico nacional&nbsp;<\/strong>(y por ende que tenga tarifas de cobro de la venta de energ\u00eda superiores por 15 a\u00f1os).<\/p>\n\n\n\n<p>Seg\u00fan explicaron desde el Ministerio de Econom\u00eda al diario Los Andes, ese procedimiento&nbsp;<strong>no impedir\u00e1 poner en marcha el proceso licitatorio, ya que se necesitaba exclusivamente la DIA para comenzarlo.<\/strong>&nbsp;Pero antes del llamado formal habr\u00e1 una etapa de<strong>&nbsp;\u201cpliego participativo\u201d<\/strong>, donde las empresas interesadas y con capacidad de construcci\u00f3n, podr\u00e1n realizar la observaciones pertinentes al proyecto t\u00e9cnico para su elaboraci\u00f3n final.<\/p>\n\n\n\n<p>El inicio de esta etapa se dar\u00e1 en los pr\u00f3ximos d\u00edas -aunque no confirmaron la fecha exacta- y tendr\u00e1 un<strong>&nbsp;plazo estimativo de 60 d\u00edas<\/strong>. Vale decir que la licitaci\u00f3n como tal se demorar\u00e1 unos seis meses, por lo cual el pr\u00f3ximo gobernador electo el 24 de septiembre tendr\u00e1 la potestad de adjudicar la obra.<\/p>\n\n\n\n<figure class=\"wp-block-embed is-type-wp-embed is-provider-diario-textual wp-block-embed-diario-textual\"><div class=\"wp-block-embed__wrapper\">\n<blockquote class=\"wp-embedded-content\" data-secret=\"bej4jrGuje\"><a href=\"https:\/\/diariotextual.com\/inicio\/index.php\/2023\/05\/08\/ziliotto-volvio-a-la-corte-amparo-ambiental-por-el-baqueano\/\">Ziliotto volvi\u00f3 a la Corte: amparo ambiental por El Baqueano<\/a><\/blockquote><iframe class=\"wp-embedded-content\" sandbox=\"allow-scripts\" security=\"restricted\" style=\"position: absolute; clip: rect(1px, 1px, 1px, 1px);\" title=\"\u00abZiliotto volvi\u00f3 a la Corte: amparo ambiental por El Baqueano\u00bb \u2014 Diario Textual\" src=\"https:\/\/diariotextual.com\/inicio\/index.php\/2023\/05\/08\/ziliotto-volvio-a-la-corte-amparo-ambiental-por-el-baqueano\/embed\/#?secret=rspUPRnJvN#?secret=bej4jrGuje\" data-secret=\"bej4jrGuje\" width=\"600\" height=\"338\" frameborder=\"0\" marginwidth=\"0\" marginheight=\"0\" scrolling=\"no\"><\/iframe>\n<\/div><\/figure>\n\n\n\n<div style=\"height:100px\" aria-hidden=\"true\" class=\"wp-block-spacer\"><\/div>\n\n\n\n<p><strong>El reclamo pampeano<\/strong><\/p>\n\n\n\n<p>El Baqueano se pretende construir sobre el r\u00edo Diamante, que integra la cuenca del R\u00edo Desag\u00fcadero-Salado-Chadilev\u00fa-Curac\u00f3.<\/p>\n\n\n\n<p>El Gobierno pampeano reclam\u00f3 la realizaci\u00f3n de un&nbsp;<strong>estudio de impacto ambiental regional sobre toda la cuenca<\/strong>, de la que todas las provincias formen parte, con car\u00e1cter vinculante en su aprobaci\u00f3n, conforme la legislaci\u00f3n vigente en la materia, la Constituci\u00f3n Nacional y tratados internacionales de los cuales nuestro pa\u00eds forma parte.<\/p>\n\n\n\n<p>Asimismo, el Gobierno de Ziliotto insisti\u00f3 en la creaci\u00f3n de un comit\u00e9 de cuenca, cuyo reclamo judicial ya fue iniciado por esta provincia ante la Corte, que se encuentra a\u00fan pendiente de resoluci\u00f3n.<\/p>\n\n\n\n<p>La Pampa, adem\u00e1s, manifest\u00f3 ante la Corte que el manejo unilateral de los r\u00edos, posibilita el desarrollo de un \u00e1rea a expensas de otras, las cuales se transforman en zonas de sacrificio ambiental. Por ello, el Gobierno de la provincia de La Pampa insisti\u00f3 en la necesidad de poner fin a los manejos arbitrarios y unilaterales que acrecientan cada vez m\u00e1s el da\u00f1o y ocasionan que su posible resoluci\u00f3n sea cada d\u00eda m\u00e1s dif\u00edcil. \u201cEl manejo unilateral, inconsulto y total de las aguas es una actitud que se repite en todos los r\u00edos de la cuenca DSCC sin que exista una medida efectiva y de fondo que detenga este avasallamiento\u201d, expres\u00f3 La Pampa.<\/p>\n\n\n\n<p>En esos t\u00e9rminos, rechaz\u00f3 formalmente el \u00faltimo acuerdo suscripto el pasado 27 de abril entre la provincia de Mendoza y la Secretar\u00eda de Energ\u00eda de la Naci\u00f3n y solicit\u00f3 su inmediata suspensi\u00f3n. \u201cEn definitiva, se hace \u00e9nfasis en que no se puede permitir que se sigan realizando mega obras de acopio de agua que acrecientan el ecocidio ambiental en el que se encuentra la porci\u00f3n baja de la cuenca\u201d, comunic\u00f3 en su momento el Gobierno.<\/p>\n\n\n\n<p>La cuenca del r\u00edo Desaguadero-Salado-Chadileuv\u00fa-Curac\u00f3 constituye la cuenca de mayor superficie \u00edntegramente desarrollada en territorio argentino. Abarca parcial o totalmente las provincias de Catamarca, La Rioja, San Juan, Mendoza, San Luis y La Pampa.<\/p>\n\n\n\n<p>La superficie total es de aproximadamente 315.000 km2 y comprende las subcuencas de los r\u00edos Vinchina-Bermejo, J\u00e1chal, San Juan, Mendoza, Tunuy\u00e1n, Diamante y Atuel.<\/p>\n\n\n\n<p>La represa El Baqueano planea realizarse sobre la subcuenca r\u00edo Diamante, que es un curso de agua permanente cuya cuenca se ubica en el centro-sur de la provincia de Mendoza en los departamentos de San Carlos, San Rafael y General Alvear.<\/p>\n\n\n\n<p>El uso unilateral y total que la provincia de Mendoza hace del r\u00edo ocasiona un dr\u00e1stico impacto sobre el r\u00e9gimen hidrol\u00f3gico, al afectar a todo el sistema de la cuenca.<\/p>\n\n\n\n<div style=\"height:100px\" aria-hidden=\"true\" class=\"wp-block-spacer\"><\/div>\n\n\n\n<p><strong>Estudio de impacto mendocino<\/strong><\/p>\n\n\n\n<p>Los estudios de impacto ambiental de Mendoza incluyeron trabajo de campo, programas inform\u00e1ticos y de simulaci\u00f3n e instrumentos para analizar el ambiente.<\/p>\n\n\n\n<p>Se llevaron a cabo durante las cuatro estaciones, a fin de tener un muestreo exacto, comunic\u00f3 el Gobierno cuyano. Se iniciaron en primavera del 2021 y finalizaron en invierno del 2022.<\/p>\n\n\n\n<p>En las conclusiones se destaca que la zona ya tiene actividad humana: aprovechamientos hidroel\u00e9ctricos (<strong>Agua del Toro, Los Reyunos y El Tigre)<\/strong>, ganader\u00eda extensiva y turismo.<\/p>\n\n\n\n<p>Este nuevo proyecto no pone en riesgo de conservaci\u00f3n especies de flora y fauna, ni abarca zonas con hallazgos paleontol\u00f3gicos o arqueol\u00f3gicos significativos. Tampoco abarca zonas con pueblos originarios ni requiere desplazar poblaciones, consign\u00f3 el estudio.<\/p>\n\n\n\n<p>Se hicieron extensos informes por cada una de las \u00e1reas: agua, aire, flora y fauna, sociedad, cultura, patrimonio, clima, calidad del aire y geomorfolog\u00eda y paisaje y geolog\u00eda.<\/p>\n\n\n\n<p><\/p>\n\n\n\n<p><\/p>\n","protected":false},"excerpt":{"rendered":"<p>En mayo de este a\u00f1o, el gobernador\u00a0pampeano Sergio Ziliotto interpuso ante la Corte Suprema de Justicia de la Naci\u00f3n (CSJN)\u00a0 una demanda de\u00a0amparo ambiental\u00a0contra la provincia de Mendoza y el&hellip;<\/p>\n","protected":false},"author":3,"featured_media":212238,"comment_status":"closed","ping_status":"open","sticky":false,"template":"","format":"standard","meta":{"_acf_changed":false,"footnotes":""},"categories":[11,8],"tags":[],"class_list":["post-236390","post","type-post","status-publish","format-standard","has-post-thumbnail","hentry","category-que-pasa","category-politica"],"acf":[],"yoast_head":"<!-- This site is optimized with the Yoast SEO plugin v27.5 - https:\/\/yoast.com\/product\/yoast-seo-wordpress\/ -->\n<title>Pese al amparo de La Pampa, Mendoza ya hizo un estudio propio de impacto de El Baqueano - Diario Textual<\/title>\n<meta name=\"robots\" content=\"index, follow, max-snippet:-1, max-image-preview:large, max-video-preview:-1\" \/>\n<link rel=\"canonical\" href=\"https:\/\/diariotextual.com\/inicio\/index.php\/2023\/09\/05\/pese-al-amparo-de-la-pampa-mendoza-ya-hizo-un-estudio-propio-de-impacto-de-el-baqueano\/\" \/>\n<meta property=\"og:locale\" content=\"es_ES\" \/>\n<meta property=\"og:type\" content=\"article\" \/>\n<meta property=\"og:title\" content=\"Pese al amparo de La Pampa, Mendoza ya hizo un estudio propio de impacto de El Baqueano - Diario Textual\" \/>\n<meta property=\"og:description\" content=\"En mayo de este a\u00f1o, el gobernador\u00a0pampeano Sergio Ziliotto interpuso ante la Corte Suprema de Justicia de la Naci\u00f3n (CSJN)\u00a0 una demanda de\u00a0amparo ambiental\u00a0contra la provincia de Mendoza y el&hellip;\" \/>\n<meta property=\"og:url\" content=\"https:\/\/diariotextual.com\/inicio\/index.php\/2023\/09\/05\/pese-al-amparo-de-la-pampa-mendoza-ya-hizo-un-estudio-propio-de-impacto-de-el-baqueano\/\" \/>\n<meta property=\"og:site_name\" content=\"Diario Textual\" \/>\n<meta property=\"article:publisher\" content=\"https:\/\/www.facebook.com\/eltextual\" \/>\n<meta property=\"article:published_time\" content=\"2023-09-05T21:21:14+00:00\" \/>\n<meta property=\"article:modified_time\" content=\"2023-09-06T20:48:48+00:00\" \/>\n<meta property=\"og:image\" content=\"https:\/\/diariotextual.com\/inicio\/wp-content\/uploads\/2023\/01\/elbaqueanorepresa2023-1.jpeg\" \/>\n\t<meta property=\"og:image:width\" content=\"700\" \/>\n\t<meta property=\"og:image:height\" content=\"467\" \/>\n\t<meta property=\"og:image:type\" content=\"image\/jpeg\" \/>\n<meta name=\"author\" content=\"Diario1 Diario1\" \/>\n<meta name=\"twitter:card\" content=\"summary_large_image\" \/>\n<meta name=\"twitter:creator\" content=\"@eltextual\" \/>\n<meta name=\"twitter:site\" content=\"@eltextual\" \/>\n<meta name=\"twitter:label1\" content=\"Escrito por\" \/>\n\t<meta name=\"twitter:data1\" content=\"Diario1 Diario1\" \/>\n\t<meta name=\"twitter:label2\" content=\"Tiempo de lectura\" \/>\n\t<meta name=\"twitter:data2\" content=\"5 minutos\" \/>\n<script type=\"application\/ld+json\" class=\"yoast-schema-graph\">{\"@context\":\"https:\\\/\\\/schema.org\",\"@graph\":[{\"@type\":\"Article\",\"@id\":\"https:\\\/\\\/diariotextual.com\\\/inicio\\\/index.php\\\/2023\\\/09\\\/05\\\/pese-al-amparo-de-la-pampa-mendoza-ya-hizo-un-estudio-propio-de-impacto-de-el-baqueano\\\/#article\",\"isPartOf\":{\"@id\":\"https:\\\/\\\/diariotextual.com\\\/inicio\\\/index.php\\\/2023\\\/09\\\/05\\\/pese-al-amparo-de-la-pampa-mendoza-ya-hizo-un-estudio-propio-de-impacto-de-el-baqueano\\\/\"},\"author\":{\"name\":\"Diario1 Diario1\",\"@id\":\"https:\\\/\\\/diariotextual.com\\\/inicio\\\/#\\\/schema\\\/person\\\/418fc4093c33e86ed41562db3508f958\"},\"headline\":\"Pese al amparo de La Pampa, Mendoza ya hizo un estudio propio de impacto de El Baqueano\",\"datePublished\":\"2023-09-05T21:21:14+00:00\",\"dateModified\":\"2023-09-06T20:48:48+00:00\",\"mainEntityOfPage\":{\"@id\":\"https:\\\/\\\/diariotextual.com\\\/inicio\\\/index.php\\\/2023\\\/09\\\/05\\\/pese-al-amparo-de-la-pampa-mendoza-ya-hizo-un-estudio-propio-de-impacto-de-el-baqueano\\\/\"},\"wordCount\":1039,\"publisher\":{\"@id\":\"https:\\\/\\\/diariotextual.com\\\/inicio\\\/#organization\"},\"image\":{\"@id\":\"https:\\\/\\\/diariotextual.com\\\/inicio\\\/index.php\\\/2023\\\/09\\\/05\\\/pese-al-amparo-de-la-pampa-mendoza-ya-hizo-un-estudio-propio-de-impacto-de-el-baqueano\\\/#primaryimage\"},\"thumbnailUrl\":\"https:\\\/\\\/diariotextual.com\\\/inicio\\\/wp-content\\\/uploads\\\/2023\\\/01\\\/elbaqueanorepresa2023-1.jpeg\",\"articleSection\":[\"A - QUE PASA (al costado)\",\"POLITICA\"],\"inLanguage\":\"es\"},{\"@type\":\"WebPage\",\"@id\":\"https:\\\/\\\/diariotextual.com\\\/inicio\\\/index.php\\\/2023\\\/09\\\/05\\\/pese-al-amparo-de-la-pampa-mendoza-ya-hizo-un-estudio-propio-de-impacto-de-el-baqueano\\\/\",\"url\":\"https:\\\/\\\/diariotextual.com\\\/inicio\\\/index.php\\\/2023\\\/09\\\/05\\\/pese-al-amparo-de-la-pampa-mendoza-ya-hizo-un-estudio-propio-de-impacto-de-el-baqueano\\\/\",\"name\":\"Pese al amparo de La Pampa, Mendoza ya hizo un estudio propio de impacto de El Baqueano - Diario Textual\",\"isPartOf\":{\"@id\":\"https:\\\/\\\/diariotextual.com\\\/inicio\\\/#website\"},\"primaryImageOfPage\":{\"@id\":\"https:\\\/\\\/diariotextual.com\\\/inicio\\\/index.php\\\/2023\\\/09\\\/05\\\/pese-al-amparo-de-la-pampa-mendoza-ya-hizo-un-estudio-propio-de-impacto-de-el-baqueano\\\/#primaryimage\"},\"image\":{\"@id\":\"https:\\\/\\\/diariotextual.com\\\/inicio\\\/index.php\\\/2023\\\/09\\\/05\\\/pese-al-amparo-de-la-pampa-mendoza-ya-hizo-un-estudio-propio-de-impacto-de-el-baqueano\\\/#primaryimage\"},\"thumbnailUrl\":\"https:\\\/\\\/diariotextual.com\\\/inicio\\\/wp-content\\\/uploads\\\/2023\\\/01\\\/elbaqueanorepresa2023-1.jpeg\",\"datePublished\":\"2023-09-05T21:21:14+00:00\",\"dateModified\":\"2023-09-06T20:48:48+00:00\",\"breadcrumb\":{\"@id\":\"https:\\\/\\\/diariotextual.com\\\/inicio\\\/index.php\\\/2023\\\/09\\\/05\\\/pese-al-amparo-de-la-pampa-mendoza-ya-hizo-un-estudio-propio-de-impacto-de-el-baqueano\\\/#breadcrumb\"},\"inLanguage\":\"es\",\"potentialAction\":[{\"@type\":\"ReadAction\",\"target\":[\"https:\\\/\\\/diariotextual.com\\\/inicio\\\/index.php\\\/2023\\\/09\\\/05\\\/pese-al-amparo-de-la-pampa-mendoza-ya-hizo-un-estudio-propio-de-impacto-de-el-baqueano\\\/\"]}]},{\"@type\":\"ImageObject\",\"inLanguage\":\"es\",\"@id\":\"https:\\\/\\\/diariotextual.com\\\/inicio\\\/index.php\\\/2023\\\/09\\\/05\\\/pese-al-amparo-de-la-pampa-mendoza-ya-hizo-un-estudio-propio-de-impacto-de-el-baqueano\\\/#primaryimage\",\"url\":\"https:\\\/\\\/diariotextual.com\\\/inicio\\\/wp-content\\\/uploads\\\/2023\\\/01\\\/elbaqueanorepresa2023-1.jpeg\",\"contentUrl\":\"https:\\\/\\\/diariotextual.com\\\/inicio\\\/wp-content\\\/uploads\\\/2023\\\/01\\\/elbaqueanorepresa2023-1.jpeg\",\"width\":700,\"height\":467},{\"@type\":\"BreadcrumbList\",\"@id\":\"https:\\\/\\\/diariotextual.com\\\/inicio\\\/index.php\\\/2023\\\/09\\\/05\\\/pese-al-amparo-de-la-pampa-mendoza-ya-hizo-un-estudio-propio-de-impacto-de-el-baqueano\\\/#breadcrumb\",\"itemListElement\":[{\"@type\":\"ListItem\",\"position\":1,\"name\":\"Portada\",\"item\":\"https:\\\/\\\/diariotextual.com\\\/inicio\\\/\"},{\"@type\":\"ListItem\",\"position\":2,\"name\":\"Pese al amparo de La Pampa, Mendoza ya hizo un estudio propio de impacto de El Baqueano\"}]},{\"@type\":\"WebSite\",\"@id\":\"https:\\\/\\\/diariotextual.com\\\/inicio\\\/#website\",\"url\":\"https:\\\/\\\/diariotextual.com\\\/inicio\\\/\",\"name\":\"Diario Textual\",\"description\":\"\",\"publisher\":{\"@id\":\"https:\\\/\\\/diariotextual.com\\\/inicio\\\/#organization\"},\"potentialAction\":[{\"@type\":\"SearchAction\",\"target\":{\"@type\":\"EntryPoint\",\"urlTemplate\":\"https:\\\/\\\/diariotextual.com\\\/inicio\\\/?s={search_term_string}\"},\"query-input\":{\"@type\":\"PropertyValueSpecification\",\"valueRequired\":true,\"valueName\":\"search_term_string\"}}],\"inLanguage\":\"es\"},{\"@type\":\"Organization\",\"@id\":\"https:\\\/\\\/diariotextual.com\\\/inicio\\\/#organization\",\"name\":\"Diario Textual\",\"url\":\"https:\\\/\\\/diariotextual.com\\\/inicio\\\/\",\"logo\":{\"@type\":\"ImageObject\",\"inLanguage\":\"es\",\"@id\":\"https:\\\/\\\/diariotextual.com\\\/inicio\\\/#\\\/schema\\\/logo\\\/image\\\/\",\"url\":\"https:\\\/\\\/diariotextual.com\\\/inicio\\\/wp-content\\\/uploads\\\/2023\\\/05\\\/logotextual1.jpg\",\"contentUrl\":\"https:\\\/\\\/diariotextual.com\\\/inicio\\\/wp-content\\\/uploads\\\/2023\\\/05\\\/logotextual1.jpg\",\"width\":516,\"height\":76,\"caption\":\"Diario Textual\"},\"image\":{\"@id\":\"https:\\\/\\\/diariotextual.com\\\/inicio\\\/#\\\/schema\\\/logo\\\/image\\\/\"},\"sameAs\":[\"https:\\\/\\\/www.facebook.com\\\/eltextual\",\"https:\\\/\\\/x.com\\\/eltextual\",\"http:\\\/\\\/www.instagram.com\\\/eltextual\"]},{\"@type\":\"Person\",\"@id\":\"https:\\\/\\\/diariotextual.com\\\/inicio\\\/#\\\/schema\\\/person\\\/418fc4093c33e86ed41562db3508f958\",\"name\":\"Diario1 Diario1\",\"image\":{\"@type\":\"ImageObject\",\"inLanguage\":\"es\",\"@id\":\"https:\\\/\\\/secure.gravatar.com\\\/avatar\\\/9167d280179c85bc18be67aa7eda765854300033af4896dd779b608640f2ef7a?s=96&d=mm&r=g\",\"url\":\"https:\\\/\\\/secure.gravatar.com\\\/avatar\\\/9167d280179c85bc18be67aa7eda765854300033af4896dd779b608640f2ef7a?s=96&d=mm&r=g\",\"contentUrl\":\"https:\\\/\\\/secure.gravatar.com\\\/avatar\\\/9167d280179c85bc18be67aa7eda765854300033af4896dd779b608640f2ef7a?s=96&d=mm&r=g\",\"caption\":\"Diario1 Diario1\"},\"url\":\"https:\\\/\\\/diariotextual.com\\\/inicio\\\/index.php\\\/author\\\/diario1\\\/\"}]}<\/script>\n<!-- \/ Yoast SEO plugin. -->","yoast_head_json":{"title":"Pese al amparo de La Pampa, Mendoza ya hizo un estudio propio de impacto de El Baqueano - Diario Textual","robots":{"index":"index","follow":"follow","max-snippet":"max-snippet:-1","max-image-preview":"max-image-preview:large","max-video-preview":"max-video-preview:-1"},"canonical":"https:\/\/diariotextual.com\/inicio\/index.php\/2023\/09\/05\/pese-al-amparo-de-la-pampa-mendoza-ya-hizo-un-estudio-propio-de-impacto-de-el-baqueano\/","og_locale":"es_ES","og_type":"article","og_title":"Pese al amparo de La Pampa, Mendoza ya hizo un estudio propio de impacto de El Baqueano - Diario Textual","og_description":"En mayo de este a\u00f1o, el gobernador\u00a0pampeano Sergio Ziliotto interpuso ante la Corte Suprema de Justicia de la Naci\u00f3n (CSJN)\u00a0 una demanda de\u00a0amparo ambiental\u00a0contra la provincia de Mendoza y el&hellip;","og_url":"https:\/\/diariotextual.com\/inicio\/index.php\/2023\/09\/05\/pese-al-amparo-de-la-pampa-mendoza-ya-hizo-un-estudio-propio-de-impacto-de-el-baqueano\/","og_site_name":"Diario Textual","article_publisher":"https:\/\/www.facebook.com\/eltextual","article_published_time":"2023-09-05T21:21:14+00:00","article_modified_time":"2023-09-06T20:48:48+00:00","og_image":[{"width":700,"height":467,"url":"https:\/\/diariotextual.com\/inicio\/wp-content\/uploads\/2023\/01\/elbaqueanorepresa2023-1.jpeg","type":"image\/jpeg"}],"author":"Diario1 Diario1","twitter_card":"summary_large_image","twitter_creator":"@eltextual","twitter_site":"@eltextual","twitter_misc":{"Escrito por":"Diario1 Diario1","Tiempo de lectura":"5 minutos"},"schema":{"@context":"https:\/\/schema.org","@graph":[{"@type":"Article","@id":"https:\/\/diariotextual.com\/inicio\/index.php\/2023\/09\/05\/pese-al-amparo-de-la-pampa-mendoza-ya-hizo-un-estudio-propio-de-impacto-de-el-baqueano\/#article","isPartOf":{"@id":"https:\/\/diariotextual.com\/inicio\/index.php\/2023\/09\/05\/pese-al-amparo-de-la-pampa-mendoza-ya-hizo-un-estudio-propio-de-impacto-de-el-baqueano\/"},"author":{"name":"Diario1 Diario1","@id":"https:\/\/diariotextual.com\/inicio\/#\/schema\/person\/418fc4093c33e86ed41562db3508f958"},"headline":"Pese al amparo de La Pampa, Mendoza ya hizo un estudio propio de impacto de El Baqueano","datePublished":"2023-09-05T21:21:14+00:00","dateModified":"2023-09-06T20:48:48+00:00","mainEntityOfPage":{"@id":"https:\/\/diariotextual.com\/inicio\/index.php\/2023\/09\/05\/pese-al-amparo-de-la-pampa-mendoza-ya-hizo-un-estudio-propio-de-impacto-de-el-baqueano\/"},"wordCount":1039,"publisher":{"@id":"https:\/\/diariotextual.com\/inicio\/#organization"},"image":{"@id":"https:\/\/diariotextual.com\/inicio\/index.php\/2023\/09\/05\/pese-al-amparo-de-la-pampa-mendoza-ya-hizo-un-estudio-propio-de-impacto-de-el-baqueano\/#primaryimage"},"thumbnailUrl":"https:\/\/diariotextual.com\/inicio\/wp-content\/uploads\/2023\/01\/elbaqueanorepresa2023-1.jpeg","articleSection":["A - QUE PASA (al costado)","POLITICA"],"inLanguage":"es"},{"@type":"WebPage","@id":"https:\/\/diariotextual.com\/inicio\/index.php\/2023\/09\/05\/pese-al-amparo-de-la-pampa-mendoza-ya-hizo-un-estudio-propio-de-impacto-de-el-baqueano\/","url":"https:\/\/diariotextual.com\/inicio\/index.php\/2023\/09\/05\/pese-al-amparo-de-la-pampa-mendoza-ya-hizo-un-estudio-propio-de-impacto-de-el-baqueano\/","name":"Pese al amparo de La Pampa, Mendoza ya hizo un estudio propio de impacto de El Baqueano - Diario Textual","isPartOf":{"@id":"https:\/\/diariotextual.com\/inicio\/#website"},"primaryImageOfPage":{"@id":"https:\/\/diariotextual.com\/inicio\/index.php\/2023\/09\/05\/pese-al-amparo-de-la-pampa-mendoza-ya-hizo-un-estudio-propio-de-impacto-de-el-baqueano\/#primaryimage"},"image":{"@id":"https:\/\/diariotextual.com\/inicio\/index.php\/2023\/09\/05\/pese-al-amparo-de-la-pampa-mendoza-ya-hizo-un-estudio-propio-de-impacto-de-el-baqueano\/#primaryimage"},"thumbnailUrl":"https:\/\/diariotextual.com\/inicio\/wp-content\/uploads\/2023\/01\/elbaqueanorepresa2023-1.jpeg","datePublished":"2023-09-05T21:21:14+00:00","dateModified":"2023-09-06T20:48:48+00:00","breadcrumb":{"@id":"https:\/\/diariotextual.com\/inicio\/index.php\/2023\/09\/05\/pese-al-amparo-de-la-pampa-mendoza-ya-hizo-un-estudio-propio-de-impacto-de-el-baqueano\/#breadcrumb"},"inLanguage":"es","potentialAction":[{"@type":"ReadAction","target":["https:\/\/diariotextual.com\/inicio\/index.php\/2023\/09\/05\/pese-al-amparo-de-la-pampa-mendoza-ya-hizo-un-estudio-propio-de-impacto-de-el-baqueano\/"]}]},{"@type":"ImageObject","inLanguage":"es","@id":"https:\/\/diariotextual.com\/inicio\/index.php\/2023\/09\/05\/pese-al-amparo-de-la-pampa-mendoza-ya-hizo-un-estudio-propio-de-impacto-de-el-baqueano\/#primaryimage","url":"https:\/\/diariotextual.com\/inicio\/wp-content\/uploads\/2023\/01\/elbaqueanorepresa2023-1.jpeg","contentUrl":"https:\/\/diariotextual.com\/inicio\/wp-content\/uploads\/2023\/01\/elbaqueanorepresa2023-1.jpeg","width":700,"height":467},{"@type":"BreadcrumbList","@id":"https:\/\/diariotextual.com\/inicio\/index.php\/2023\/09\/05\/pese-al-amparo-de-la-pampa-mendoza-ya-hizo-un-estudio-propio-de-impacto-de-el-baqueano\/#breadcrumb","itemListElement":[{"@type":"ListItem","position":1,"name":"Portada","item":"https:\/\/diariotextual.com\/inicio\/"},{"@type":"ListItem","position":2,"name":"Pese al amparo de La Pampa, Mendoza ya hizo un estudio propio de impacto de El Baqueano"}]},{"@type":"WebSite","@id":"https:\/\/diariotextual.com\/inicio\/#website","url":"https:\/\/diariotextual.com\/inicio\/","name":"Diario Textual","description":"","publisher":{"@id":"https:\/\/diariotextual.com\/inicio\/#organization"},"potentialAction":[{"@type":"SearchAction","target":{"@type":"EntryPoint","urlTemplate":"https:\/\/diariotextual.com\/inicio\/?s={search_term_string}"},"query-input":{"@type":"PropertyValueSpecification","valueRequired":true,"valueName":"search_term_string"}}],"inLanguage":"es"},{"@type":"Organization","@id":"https:\/\/diariotextual.com\/inicio\/#organization","name":"Diario Textual","url":"https:\/\/diariotextual.com\/inicio\/","logo":{"@type":"ImageObject","inLanguage":"es","@id":"https:\/\/diariotextual.com\/inicio\/#\/schema\/logo\/image\/","url":"https:\/\/diariotextual.com\/inicio\/wp-content\/uploads\/2023\/05\/logotextual1.jpg","contentUrl":"https:\/\/diariotextual.com\/inicio\/wp-content\/uploads\/2023\/05\/logotextual1.jpg","width":516,"height":76,"caption":"Diario Textual"},"image":{"@id":"https:\/\/diariotextual.com\/inicio\/#\/schema\/logo\/image\/"},"sameAs":["https:\/\/www.facebook.com\/eltextual","https:\/\/x.com\/eltextual","http:\/\/www.instagram.com\/eltextual"]},{"@type":"Person","@id":"https:\/\/diariotextual.com\/inicio\/#\/schema\/person\/418fc4093c33e86ed41562db3508f958","name":"Diario1 Diario1","image":{"@type":"ImageObject","inLanguage":"es","@id":"https:\/\/secure.gravatar.com\/avatar\/9167d280179c85bc18be67aa7eda765854300033af4896dd779b608640f2ef7a?s=96&d=mm&r=g","url":"https:\/\/secure.gravatar.com\/avatar\/9167d280179c85bc18be67aa7eda765854300033af4896dd779b608640f2ef7a?s=96&d=mm&r=g","contentUrl":"https:\/\/secure.gravatar.com\/avatar\/9167d280179c85bc18be67aa7eda765854300033af4896dd779b608640f2ef7a?s=96&d=mm&r=g","caption":"Diario1 Diario1"},"url":"https:\/\/diariotextual.com\/inicio\/index.php\/author\/diario1\/"}]}},"_links":{"self":[{"href":"https:\/\/diariotextual.com\/inicio\/index.php\/wp-json\/wp\/v2\/posts\/236390","targetHints":{"allow":["GET"]}}],"collection":[{"href":"https:\/\/diariotextual.com\/inicio\/index.php\/wp-json\/wp\/v2\/posts"}],"about":[{"href":"https:\/\/diariotextual.com\/inicio\/index.php\/wp-json\/wp\/v2\/types\/post"}],"author":[{"embeddable":true,"href":"https:\/\/diariotextual.com\/inicio\/index.php\/wp-json\/wp\/v2\/users\/3"}],"replies":[{"embeddable":true,"href":"https:\/\/diariotextual.com\/inicio\/index.php\/wp-json\/wp\/v2\/comments?post=236390"}],"version-history":[{"count":6,"href":"https:\/\/diariotextual.com\/inicio\/index.php\/wp-json\/wp\/v2\/posts\/236390\/revisions"}],"predecessor-version":[{"id":236398,"href":"https:\/\/diariotextual.com\/inicio\/index.php\/wp-json\/wp\/v2\/posts\/236390\/revisions\/236398"}],"wp:featuredmedia":[{"embeddable":true,"href":"https:\/\/diariotextual.com\/inicio\/index.php\/wp-json\/wp\/v2\/media\/212238"}],"wp:attachment":[{"href":"https:\/\/diariotextual.com\/inicio\/index.php\/wp-json\/wp\/v2\/media?parent=236390"}],"wp:term":[{"taxonomy":"category","embeddable":true,"href":"https:\/\/diariotextual.com\/inicio\/index.php\/wp-json\/wp\/v2\/categories?post=236390"},{"taxonomy":"post_tag","embeddable":true,"href":"https:\/\/diariotextual.com\/inicio\/index.php\/wp-json\/wp\/v2\/tags?post=236390"}],"curies":[{"name":"wp","href":"https:\/\/api.w.org\/{rel}","templated":true}]}}