{"id":236413,"date":"2023-09-05T20:10:34","date_gmt":"2023-09-05T23:10:34","guid":{"rendered":"https:\/\/diariotextual.com\/inicio\/?p=236413"},"modified":"2023-09-06T08:12:10","modified_gmt":"2023-09-06T11:12:10","slug":"aumentaron-las-exportaciones-de-la-pampa-en-el-primer-semestre-de-2023","status":"publish","type":"post","link":"https:\/\/diariotextual.com\/inicio\/index.php\/2023\/09\/05\/aumentaron-las-exportaciones-de-la-pampa-en-el-primer-semestre-de-2023\/","title":{"rendered":"Aumentaron las exportaciones de La Pampa en el primer semestre de 2023"},"content":{"rendered":"\n<p class=\"wp-block-paragraph\">La Pampa export\u00f3 por un valor de 118 millones de d\u00f3lares durante el primer semestre del a\u00f1o, lo que significa un suba del 4% comparado con el mismo periodo pero del a\u00f1o pasado, inform\u00f3 la Agencia I-Comex La Pampa.\u00a0 En volumen, el aumento fue del 145%, impulsado por las ventas de trigo a Brasil.<br><\/p>\n\n\n\n<p class=\"wp-block-paragraph\">En el informe de monitoreo de las exportaciones pampeanas, que realiza la Agencia I-Comex La Pampa, surge que en el segundo trimestre 2023, comparado al mismo per\u00edodo 2022, el volumen exportado por la Provincia creci\u00f3, alcanzando un valor de US$ 53 millones. Si bien en volumen las exportaciones se incrementaron un 40%, se registra una disminuci\u00f3n del 17% en valor debido a una ca\u00edda en el precio de la carne, principal producto de exportaci\u00f3n de La Pampa. Esto es consecuencia de la tendencia internacional de los valores de ese producto, explicado por el debilitamiento de la demanda y por el aumento de la oferta.<br><\/p>\n\n\n\n<p class=\"wp-block-paragraph\">El desempe\u00f1o positivo de las cantidades exportadas por La Pampa contrast\u00f3 con el del pa\u00eds que registr\u00f3 una ca\u00edda del 37% interanual en volumen, debido a las menores cantidades exportadas del complejo oleaginoso y cerealero.<br><\/p>\n\n\n\n<p class=\"wp-block-paragraph\">Del an\u00e1lisis de las exportaciones por grandes rubros surge la importancia para la provincia de La Pampa de los env\u00edos al exterior de Manufacturas de Origen Agropecuario (MOA) que concentran un 73% de las ventas externas, constituyendo la carne bovina (fresca y congelada) y el aceite de girasol los principales productos que componen el rubro. En cuanto a los denominados Productos Primarios (PP), representa para la Provincia el 24% del total exportado en el trimestre bajo an\u00e1lisis, correspondiendo a este rubro principalmente trigo y girasol.<\/p>\n\n\n\n<p class=\"wp-block-paragraph\"><br>China sigue liderando las ventas externas de la Provincia con el 45% del total en el segundo trimestre 2023. Brasil, si bien contin\u00faa ubic\u00e1ndose en segundo lugar como destino de las exportaciones pampeanas, ha registrado un crecimiento exponencial (1495%) impulsado por las ventas de trigo al exterior.<br><\/p>\n\n\n\n<p class=\"wp-block-paragraph\">El tercer puesto se lo lleva Israel que present\u00f3 tambi\u00e9n una importante suba (113%) en los env\u00edos pampeanos a ese mercado. Completan los 5 primeros destinos Uruguay y Alemania.<\/p>\n\n\n\n<p class=\"wp-block-paragraph\"><br>Se destaca que los dos principales mercados de la provincia son miembros de BRICS, con lo cual el reciente anuncio del ingreso de Argentina a dicho grupo, se traduce en oportunidades para el pa\u00eds, en general; y para la provincia de La Pampa, en particular.<\/p>\n\n\n\n<p class=\"wp-block-paragraph\"><br>Seg\u00fan los valores de exportaci\u00f3n registrados durante el 2\u00b0 trimestre del 2023, el principal producto exportado desde la Provincia sigue siendo la carne bovina fresca, refrigerada o congelada. En ese periodo se registraron env\u00edos por US$ 34 millones y creciendo en volumen. En concordancia con el total de las exportaciones pampeanas, China fue el principal destino de la carne bovina e Israel el segundo.<\/p>\n\n\n\n<p class=\"wp-block-paragraph\"><br>El trigo ocupa el segundo puesto en valores exportados registrando env\u00edos por US$ 11 millones, con un incremento del 103% en valor respecto a igual per\u00edodo 2022. El destino del trigo es Brasil en su totalidad, increment\u00e1ndose tambi\u00e9n en volumen.<\/p>\n\n\n\n<p class=\"wp-block-paragraph\"><br>En cuarto lugar, figura el aceite de girasol, teniendo como principales destinos Chile, Brasil y en menor medida Uruguay, Colombia y Costa Rica.\u00a0<\/p>\n\n\n\n<p class=\"wp-block-paragraph\"><br>La semilla de girasol ocupa en el segundo trimestre la quinta posici\u00f3n con un incremento del 4% en valor teniendo como mercados principales M\u00e9xico, Turqu\u00eda y Brasil.<\/p>\n","protected":false},"excerpt":{"rendered":"<p>La Pampa export\u00f3 por un valor de 118 millones de d\u00f3lares durante el primer semestre del a\u00f1o, lo que significa un suba del 4% comparado con el mismo periodo pero&hellip;<\/p>\n","protected":false},"author":3,"featured_media":163363,"comment_status":"closed","ping_status":"open","sticky":false,"template":"","format":"standard","meta":{"_acf_changed":false,"footnotes":""},"categories":[1,20],"tags":[],"class_list":["post-236413","post","type-post","status-publish","format-standard","has-post-thumbnail","hentry","category-es-noticia","category-campo"],"acf":[],"yoast_head":"<!-- This site is optimized with the Yoast SEO plugin v28.3 - https:\/\/yoast.com\/product\/yoast-seo-wordpress\/ -->\n<title>Aumentaron las exportaciones de La Pampa en el primer semestre de 2023 - Diario Textual<\/title>\n<meta name=\"robots\" content=\"index, follow, max-snippet:-1, max-image-preview:large, max-video-preview:-1\" \/>\n<link rel=\"canonical\" href=\"https:\/\/diariotextual.com\/inicio\/index.php\/2023\/09\/05\/aumentaron-las-exportaciones-de-la-pampa-en-el-primer-semestre-de-2023\/\" \/>\n<meta property=\"og:locale\" content=\"es_ES\" \/>\n<meta property=\"og:type\" content=\"article\" \/>\n<meta property=\"og:title\" content=\"Aumentaron las exportaciones de La Pampa en el primer semestre de 2023 - Diario Textual\" \/>\n<meta property=\"og:description\" content=\"La Pampa export\u00f3 por un valor de 118 millones de d\u00f3lares durante el primer semestre del a\u00f1o, lo que significa un suba del 4% comparado con el mismo periodo pero&hellip;\" \/>\n<meta property=\"og:url\" content=\"https:\/\/diariotextual.com\/inicio\/index.php\/2023\/09\/05\/aumentaron-las-exportaciones-de-la-pampa-en-el-primer-semestre-de-2023\/\" \/>\n<meta property=\"og:site_name\" content=\"Diario Textual\" \/>\n<meta property=\"article:publisher\" content=\"https:\/\/www.facebook.com\/eltextual\" \/>\n<meta property=\"article:published_time\" content=\"2023-09-05T23:10:34+00:00\" \/>\n<meta property=\"article:modified_time\" content=\"2023-09-06T11:12:10+00:00\" \/>\n<meta property=\"og:image\" content=\"https:\/\/diariotextual.com\/inicio\/wp-content\/uploads\/2021\/09\/carneasadofrigorificocarniceria2021-1.jpg\" \/>\n\t<meta property=\"og:image:width\" content=\"1004\" \/>\n\t<meta property=\"og:image:height\" content=\"565\" \/>\n\t<meta property=\"og:image:type\" content=\"image\/jpeg\" \/>\n<meta name=\"author\" content=\"Diario1 Diario1\" \/>\n<meta name=\"twitter:card\" content=\"summary_large_image\" \/>\n<meta name=\"twitter:creator\" content=\"@eltextual\" \/>\n<meta name=\"twitter:site\" content=\"@eltextual\" \/>\n<meta name=\"twitter:label1\" content=\"Escrito por\" \/>\n\t<meta name=\"twitter:data1\" content=\"Diario1 Diario1\" \/>\n\t<meta name=\"twitter:label2\" content=\"Tiempo de lectura\" \/>\n\t<meta name=\"twitter:data2\" content=\"3 minutos\" \/>\n<script type=\"application\/ld+json\" class=\"yoast-schema-graph\">{\"@context\":\"https:\\\/\\\/schema.org\",\"@graph\":[{\"@type\":\"Article\",\"@id\":\"https:\\\/\\\/diariotextual.com\\\/inicio\\\/index.php\\\/2023\\\/09\\\/05\\\/aumentaron-las-exportaciones-de-la-pampa-en-el-primer-semestre-de-2023\\\/#article\",\"isPartOf\":{\"@id\":\"https:\\\/\\\/diariotextual.com\\\/inicio\\\/index.php\\\/2023\\\/09\\\/05\\\/aumentaron-las-exportaciones-de-la-pampa-en-el-primer-semestre-de-2023\\\/\"},\"author\":{\"name\":\"Diario1 Diario1\",\"@id\":\"https:\\\/\\\/diariotextual.com\\\/inicio\\\/#\\\/schema\\\/person\\\/418fc4093c33e86ed41562db3508f958\"},\"headline\":\"Aumentaron las exportaciones de La Pampa en el primer semestre de 2023\",\"datePublished\":\"2023-09-05T23:10:34+00:00\",\"dateModified\":\"2023-09-06T11:12:10+00:00\",\"mainEntityOfPage\":{\"@id\":\"https:\\\/\\\/diariotextual.com\\\/inicio\\\/index.php\\\/2023\\\/09\\\/05\\\/aumentaron-las-exportaciones-de-la-pampa-en-el-primer-semestre-de-2023\\\/\"},\"wordCount\":569,\"publisher\":{\"@id\":\"https:\\\/\\\/diariotextual.com\\\/inicio\\\/#organization\"},\"image\":{\"@id\":\"https:\\\/\\\/diariotextual.com\\\/inicio\\\/index.php\\\/2023\\\/09\\\/05\\\/aumentaron-las-exportaciones-de-la-pampa-en-el-primer-semestre-de-2023\\\/#primaryimage\"},\"thumbnailUrl\":\"https:\\\/\\\/diariotextual.com\\\/inicio\\\/wp-content\\\/uploads\\\/2021\\\/09\\\/carneasadofrigorificocarniceria2021-1.jpg\",\"articleSection\":[\"A - ES NOTICIA (van abajo)\",\"CAMPO\"],\"inLanguage\":\"es\"},{\"@type\":\"WebPage\",\"@id\":\"https:\\\/\\\/diariotextual.com\\\/inicio\\\/index.php\\\/2023\\\/09\\\/05\\\/aumentaron-las-exportaciones-de-la-pampa-en-el-primer-semestre-de-2023\\\/\",\"url\":\"https:\\\/\\\/diariotextual.com\\\/inicio\\\/index.php\\\/2023\\\/09\\\/05\\\/aumentaron-las-exportaciones-de-la-pampa-en-el-primer-semestre-de-2023\\\/\",\"name\":\"Aumentaron las exportaciones de La Pampa en el primer semestre de 2023 - Diario Textual\",\"isPartOf\":{\"@id\":\"https:\\\/\\\/diariotextual.com\\\/inicio\\\/#website\"},\"primaryImageOfPage\":{\"@id\":\"https:\\\/\\\/diariotextual.com\\\/inicio\\\/index.php\\\/2023\\\/09\\\/05\\\/aumentaron-las-exportaciones-de-la-pampa-en-el-primer-semestre-de-2023\\\/#primaryimage\"},\"image\":{\"@id\":\"https:\\\/\\\/diariotextual.com\\\/inicio\\\/index.php\\\/2023\\\/09\\\/05\\\/aumentaron-las-exportaciones-de-la-pampa-en-el-primer-semestre-de-2023\\\/#primaryimage\"},\"thumbnailUrl\":\"https:\\\/\\\/diariotextual.com\\\/inicio\\\/wp-content\\\/uploads\\\/2021\\\/09\\\/carneasadofrigorificocarniceria2021-1.jpg\",\"datePublished\":\"2023-09-05T23:10:34+00:00\",\"dateModified\":\"2023-09-06T11:12:10+00:00\",\"breadcrumb\":{\"@id\":\"https:\\\/\\\/diariotextual.com\\\/inicio\\\/index.php\\\/2023\\\/09\\\/05\\\/aumentaron-las-exportaciones-de-la-pampa-en-el-primer-semestre-de-2023\\\/#breadcrumb\"},\"inLanguage\":\"es\",\"potentialAction\":[{\"@type\":\"ReadAction\",\"target\":[\"https:\\\/\\\/diariotextual.com\\\/inicio\\\/index.php\\\/2023\\\/09\\\/05\\\/aumentaron-las-exportaciones-de-la-pampa-en-el-primer-semestre-de-2023\\\/\"]}]},{\"@type\":\"ImageObject\",\"inLanguage\":\"es\",\"@id\":\"https:\\\/\\\/diariotextual.com\\\/inicio\\\/index.php\\\/2023\\\/09\\\/05\\\/aumentaron-las-exportaciones-de-la-pampa-en-el-primer-semestre-de-2023\\\/#primaryimage\",\"url\":\"https:\\\/\\\/diariotextual.com\\\/inicio\\\/wp-content\\\/uploads\\\/2021\\\/09\\\/carneasadofrigorificocarniceria2021-1.jpg\",\"contentUrl\":\"https:\\\/\\\/diariotextual.com\\\/inicio\\\/wp-content\\\/uploads\\\/2021\\\/09\\\/carneasadofrigorificocarniceria2021-1.jpg\",\"width\":1004,\"height\":565},{\"@type\":\"BreadcrumbList\",\"@id\":\"https:\\\/\\\/diariotextual.com\\\/inicio\\\/index.php\\\/2023\\\/09\\\/05\\\/aumentaron-las-exportaciones-de-la-pampa-en-el-primer-semestre-de-2023\\\/#breadcrumb\",\"itemListElement\":[{\"@type\":\"ListItem\",\"position\":1,\"name\":\"Portada\",\"item\":\"https:\\\/\\\/diariotextual.com\\\/inicio\\\/\"},{\"@type\":\"ListItem\",\"position\":2,\"name\":\"Aumentaron las exportaciones de La Pampa en el primer semestre de 2023\"}]},{\"@type\":\"WebSite\",\"@id\":\"https:\\\/\\\/diariotextual.com\\\/inicio\\\/#website\",\"url\":\"https:\\\/\\\/diariotextual.com\\\/inicio\\\/\",\"name\":\"Diario Textual\",\"description\":\"\",\"publisher\":{\"@id\":\"https:\\\/\\\/diariotextual.com\\\/inicio\\\/#organization\"},\"potentialAction\":[{\"@type\":\"SearchAction\",\"target\":{\"@type\":\"EntryPoint\",\"urlTemplate\":\"https:\\\/\\\/diariotextual.com\\\/inicio\\\/?s={search_term_string}\"},\"query-input\":{\"@type\":\"PropertyValueSpecification\",\"valueRequired\":true,\"valueName\":\"search_term_string\"}}],\"inLanguage\":\"es\"},{\"@type\":\"Organization\",\"@id\":\"https:\\\/\\\/diariotextual.com\\\/inicio\\\/#organization\",\"name\":\"Diario Textual\",\"url\":\"https:\\\/\\\/diariotextual.com\\\/inicio\\\/\",\"logo\":{\"@type\":\"ImageObject\",\"inLanguage\":\"es\",\"@id\":\"https:\\\/\\\/diariotextual.com\\\/inicio\\\/#\\\/schema\\\/logo\\\/image\\\/\",\"url\":\"https:\\\/\\\/diariotextual.com\\\/inicio\\\/wp-content\\\/uploads\\\/2023\\\/05\\\/logotextual1.jpg\",\"contentUrl\":\"https:\\\/\\\/diariotextual.com\\\/inicio\\\/wp-content\\\/uploads\\\/2023\\\/05\\\/logotextual1.jpg\",\"width\":516,\"height\":76,\"caption\":\"Diario Textual\"},\"image\":{\"@id\":\"https:\\\/\\\/diariotextual.com\\\/inicio\\\/#\\\/schema\\\/logo\\\/image\\\/\"},\"sameAs\":[\"https:\\\/\\\/www.facebook.com\\\/eltextual\",\"https:\\\/\\\/x.com\\\/eltextual\",\"http:\\\/\\\/www.instagram.com\\\/eltextual\"]},{\"@type\":\"Person\",\"@id\":\"https:\\\/\\\/diariotextual.com\\\/inicio\\\/#\\\/schema\\\/person\\\/418fc4093c33e86ed41562db3508f958\",\"name\":\"Diario1 Diario1\",\"image\":{\"@type\":\"ImageObject\",\"inLanguage\":\"es\",\"@id\":\"https:\\\/\\\/secure.gravatar.com\\\/avatar\\\/9167d280179c85bc18be67aa7eda765854300033af4896dd779b608640f2ef7a?s=96&d=mm&r=g\",\"url\":\"https:\\\/\\\/secure.gravatar.com\\\/avatar\\\/9167d280179c85bc18be67aa7eda765854300033af4896dd779b608640f2ef7a?s=96&d=mm&r=g\",\"contentUrl\":\"https:\\\/\\\/secure.gravatar.com\\\/avatar\\\/9167d280179c85bc18be67aa7eda765854300033af4896dd779b608640f2ef7a?s=96&d=mm&r=g\",\"caption\":\"Diario1 Diario1\"},\"url\":\"https:\\\/\\\/diariotextual.com\\\/inicio\\\/index.php\\\/author\\\/diario1\\\/\"}]}<\/script>\n<!-- \/ Yoast SEO plugin. -->","yoast_head_json":{"title":"Aumentaron las exportaciones de La Pampa en el primer semestre de 2023 - Diario Textual","robots":{"index":"index","follow":"follow","max-snippet":"max-snippet:-1","max-image-preview":"max-image-preview:large","max-video-preview":"max-video-preview:-1"},"canonical":"https:\/\/diariotextual.com\/inicio\/index.php\/2023\/09\/05\/aumentaron-las-exportaciones-de-la-pampa-en-el-primer-semestre-de-2023\/","og_locale":"es_ES","og_type":"article","og_title":"Aumentaron las exportaciones de La Pampa en el primer semestre de 2023 - Diario Textual","og_description":"La Pampa export\u00f3 por un valor de 118 millones de d\u00f3lares durante el primer semestre del a\u00f1o, lo que significa un suba del 4% comparado con el mismo periodo pero&hellip;","og_url":"https:\/\/diariotextual.com\/inicio\/index.php\/2023\/09\/05\/aumentaron-las-exportaciones-de-la-pampa-en-el-primer-semestre-de-2023\/","og_site_name":"Diario Textual","article_publisher":"https:\/\/www.facebook.com\/eltextual","article_published_time":"2023-09-05T23:10:34+00:00","article_modified_time":"2023-09-06T11:12:10+00:00","og_image":[{"width":1004,"height":565,"url":"https:\/\/diariotextual.com\/inicio\/wp-content\/uploads\/2021\/09\/carneasadofrigorificocarniceria2021-1.jpg","type":"image\/jpeg"}],"author":"Diario1 Diario1","twitter_card":"summary_large_image","twitter_creator":"@eltextual","twitter_site":"@eltextual","twitter_misc":{"Escrito por":"Diario1 Diario1","Tiempo de lectura":"3 minutos"},"schema":{"@context":"https:\/\/schema.org","@graph":[{"@type":"Article","@id":"https:\/\/diariotextual.com\/inicio\/index.php\/2023\/09\/05\/aumentaron-las-exportaciones-de-la-pampa-en-el-primer-semestre-de-2023\/#article","isPartOf":{"@id":"https:\/\/diariotextual.com\/inicio\/index.php\/2023\/09\/05\/aumentaron-las-exportaciones-de-la-pampa-en-el-primer-semestre-de-2023\/"},"author":{"name":"Diario1 Diario1","@id":"https:\/\/diariotextual.com\/inicio\/#\/schema\/person\/418fc4093c33e86ed41562db3508f958"},"headline":"Aumentaron las exportaciones de La Pampa en el primer semestre de 2023","datePublished":"2023-09-05T23:10:34+00:00","dateModified":"2023-09-06T11:12:10+00:00","mainEntityOfPage":{"@id":"https:\/\/diariotextual.com\/inicio\/index.php\/2023\/09\/05\/aumentaron-las-exportaciones-de-la-pampa-en-el-primer-semestre-de-2023\/"},"wordCount":569,"publisher":{"@id":"https:\/\/diariotextual.com\/inicio\/#organization"},"image":{"@id":"https:\/\/diariotextual.com\/inicio\/index.php\/2023\/09\/05\/aumentaron-las-exportaciones-de-la-pampa-en-el-primer-semestre-de-2023\/#primaryimage"},"thumbnailUrl":"https:\/\/diariotextual.com\/inicio\/wp-content\/uploads\/2021\/09\/carneasadofrigorificocarniceria2021-1.jpg","articleSection":["A - ES NOTICIA (van abajo)","CAMPO"],"inLanguage":"es"},{"@type":"WebPage","@id":"https:\/\/diariotextual.com\/inicio\/index.php\/2023\/09\/05\/aumentaron-las-exportaciones-de-la-pampa-en-el-primer-semestre-de-2023\/","url":"https:\/\/diariotextual.com\/inicio\/index.php\/2023\/09\/05\/aumentaron-las-exportaciones-de-la-pampa-en-el-primer-semestre-de-2023\/","name":"Aumentaron las exportaciones de La Pampa en el primer semestre de 2023 - Diario Textual","isPartOf":{"@id":"https:\/\/diariotextual.com\/inicio\/#website"},"primaryImageOfPage":{"@id":"https:\/\/diariotextual.com\/inicio\/index.php\/2023\/09\/05\/aumentaron-las-exportaciones-de-la-pampa-en-el-primer-semestre-de-2023\/#primaryimage"},"image":{"@id":"https:\/\/diariotextual.com\/inicio\/index.php\/2023\/09\/05\/aumentaron-las-exportaciones-de-la-pampa-en-el-primer-semestre-de-2023\/#primaryimage"},"thumbnailUrl":"https:\/\/diariotextual.com\/inicio\/wp-content\/uploads\/2021\/09\/carneasadofrigorificocarniceria2021-1.jpg","datePublished":"2023-09-05T23:10:34+00:00","dateModified":"2023-09-06T11:12:10+00:00","breadcrumb":{"@id":"https:\/\/diariotextual.com\/inicio\/index.php\/2023\/09\/05\/aumentaron-las-exportaciones-de-la-pampa-en-el-primer-semestre-de-2023\/#breadcrumb"},"inLanguage":"es","potentialAction":[{"@type":"ReadAction","target":["https:\/\/diariotextual.com\/inicio\/index.php\/2023\/09\/05\/aumentaron-las-exportaciones-de-la-pampa-en-el-primer-semestre-de-2023\/"]}]},{"@type":"ImageObject","inLanguage":"es","@id":"https:\/\/diariotextual.com\/inicio\/index.php\/2023\/09\/05\/aumentaron-las-exportaciones-de-la-pampa-en-el-primer-semestre-de-2023\/#primaryimage","url":"https:\/\/diariotextual.com\/inicio\/wp-content\/uploads\/2021\/09\/carneasadofrigorificocarniceria2021-1.jpg","contentUrl":"https:\/\/diariotextual.com\/inicio\/wp-content\/uploads\/2021\/09\/carneasadofrigorificocarniceria2021-1.jpg","width":1004,"height":565},{"@type":"BreadcrumbList","@id":"https:\/\/diariotextual.com\/inicio\/index.php\/2023\/09\/05\/aumentaron-las-exportaciones-de-la-pampa-en-el-primer-semestre-de-2023\/#breadcrumb","itemListElement":[{"@type":"ListItem","position":1,"name":"Portada","item":"https:\/\/diariotextual.com\/inicio\/"},{"@type":"ListItem","position":2,"name":"Aumentaron las exportaciones de La Pampa en el primer semestre de 2023"}]},{"@type":"WebSite","@id":"https:\/\/diariotextual.com\/inicio\/#website","url":"https:\/\/diariotextual.com\/inicio\/","name":"Diario Textual","description":"","publisher":{"@id":"https:\/\/diariotextual.com\/inicio\/#organization"},"potentialAction":[{"@type":"SearchAction","target":{"@type":"EntryPoint","urlTemplate":"https:\/\/diariotextual.com\/inicio\/?s={search_term_string}"},"query-input":{"@type":"PropertyValueSpecification","valueRequired":true,"valueName":"search_term_string"}}],"inLanguage":"es"},{"@type":"Organization","@id":"https:\/\/diariotextual.com\/inicio\/#organization","name":"Diario Textual","url":"https:\/\/diariotextual.com\/inicio\/","logo":{"@type":"ImageObject","inLanguage":"es","@id":"https:\/\/diariotextual.com\/inicio\/#\/schema\/logo\/image\/","url":"https:\/\/diariotextual.com\/inicio\/wp-content\/uploads\/2023\/05\/logotextual1.jpg","contentUrl":"https:\/\/diariotextual.com\/inicio\/wp-content\/uploads\/2023\/05\/logotextual1.jpg","width":516,"height":76,"caption":"Diario Textual"},"image":{"@id":"https:\/\/diariotextual.com\/inicio\/#\/schema\/logo\/image\/"},"sameAs":["https:\/\/www.facebook.com\/eltextual","https:\/\/x.com\/eltextual","http:\/\/www.instagram.com\/eltextual"]},{"@type":"Person","@id":"https:\/\/diariotextual.com\/inicio\/#\/schema\/person\/418fc4093c33e86ed41562db3508f958","name":"Diario1 Diario1","image":{"@type":"ImageObject","inLanguage":"es","@id":"https:\/\/secure.gravatar.com\/avatar\/9167d280179c85bc18be67aa7eda765854300033af4896dd779b608640f2ef7a?s=96&d=mm&r=g","url":"https:\/\/secure.gravatar.com\/avatar\/9167d280179c85bc18be67aa7eda765854300033af4896dd779b608640f2ef7a?s=96&d=mm&r=g","contentUrl":"https:\/\/secure.gravatar.com\/avatar\/9167d280179c85bc18be67aa7eda765854300033af4896dd779b608640f2ef7a?s=96&d=mm&r=g","caption":"Diario1 Diario1"},"url":"https:\/\/diariotextual.com\/inicio\/index.php\/author\/diario1\/"}]}},"_links":{"self":[{"href":"https:\/\/diariotextual.com\/inicio\/index.php\/wp-json\/wp\/v2\/posts\/236413","targetHints":{"allow":["GET"]}}],"collection":[{"href":"https:\/\/diariotextual.com\/inicio\/index.php\/wp-json\/wp\/v2\/posts"}],"about":[{"href":"https:\/\/diariotextual.com\/inicio\/index.php\/wp-json\/wp\/v2\/types\/post"}],"author":[{"embeddable":true,"href":"https:\/\/diariotextual.com\/inicio\/index.php\/wp-json\/wp\/v2\/users\/3"}],"replies":[{"embeddable":true,"href":"https:\/\/diariotextual.com\/inicio\/index.php\/wp-json\/wp\/v2\/comments?post=236413"}],"version-history":[{"count":1,"href":"https:\/\/diariotextual.com\/inicio\/index.php\/wp-json\/wp\/v2\/posts\/236413\/revisions"}],"predecessor-version":[{"id":236414,"href":"https:\/\/diariotextual.com\/inicio\/index.php\/wp-json\/wp\/v2\/posts\/236413\/revisions\/236414"}],"wp:featuredmedia":[{"embeddable":true,"href":"https:\/\/diariotextual.com\/inicio\/index.php\/wp-json\/wp\/v2\/media\/163363"}],"wp:attachment":[{"href":"https:\/\/diariotextual.com\/inicio\/index.php\/wp-json\/wp\/v2\/media?parent=236413"}],"wp:term":[{"taxonomy":"category","embeddable":true,"href":"https:\/\/diariotextual.com\/inicio\/index.php\/wp-json\/wp\/v2\/categories?post=236413"},{"taxonomy":"post_tag","embeddable":true,"href":"https:\/\/diariotextual.com\/inicio\/index.php\/wp-json\/wp\/v2\/tags?post=236413"}],"curies":[{"name":"wp","href":"https:\/\/api.w.org\/{rel}","templated":true}]}}