{"id":236420,"date":"2023-09-05T20:29:44","date_gmt":"2023-09-05T23:29:44","guid":{"rendered":"https:\/\/diariotextual.com\/inicio\/?p=236420"},"modified":"2023-09-06T12:40:19","modified_gmt":"2023-09-06T15:40:19","slug":"el-gobierno-encargo-un-monitoreo-de-redes-electricas-para-proteger-a-aguilas-de-electrocucion","status":"publish","type":"post","link":"https:\/\/diariotextual.com\/inicio\/index.php\/2023\/09\/05\/el-gobierno-encargo-un-monitoreo-de-redes-electricas-para-proteger-a-aguilas-de-electrocucion\/","title":{"rendered":"El Gobierno encarg\u00f3 un monitoreo de redes el\u00e9ctricas para proteger a \u00e1guilas de electrocuci\u00f3n"},"content":{"rendered":"\n<p>En el marco del trabajo que viene realizando la \u201cMesa de Aves y tendidos el\u00e9ctricos\u201d se est\u00e1 desarrollando el estudio t\u00e9cnico de monitoreo para evaluar la interacci\u00f3n de las aves en l\u00edneas el\u00e9ctricas de distribuci\u00f3n de la Provincia.&nbsp;<\/p>\n\n\n\n<p>El estudio fue contratado por el Gobierno provincial, luego de alertas por numerosos casos de \u00e1guilas moras y \u00e1guilas del Chaco que han muerto por electrocuci\u00f3n. Es llevado adelante por profesionales de la Facultad de Ciencias Exactas y Naturales de la Universidad Nacional de La Pampa.<\/p>\n\n\n\n<p>El \u00e1rea de estudio se defini\u00f3 en las reuniones peri\u00f3dicas que mantiene la mesa de aves, conformada este a\u00f1o y que integran la Subsecretar\u00eda de Ambiente, la Secretar\u00eda de Energ\u00eda y Miner\u00eda, la Direcci\u00f3n de Recursos Naturales y la Facultad de Ciencias Exactas y Naturales de la UNLPam.<\/p>\n\n\n\n<p>El estudio se centra en cuatro l\u00edneas de distribuci\u00f3n de 13,2 kV: la l\u00ednea que une las localidades de Carro Quemado y Victorica a la vera de la Ruta Provincial N\u00b0 105 y N\u00b0 12; la l\u00ednea que va de \u00c1rbol Solo a Paso de los Algarrobos por la Ruta Provincial N\u00b0 14; la tercera une las localidades de Chacharramendi y La Reforma por la Ruta Provincial N\u00b0 20; y por \u00faltimo la l\u00ednea que une Padre Buodo con Per\u00fa por la Ruta Nacional N\u00b0 35.<\/p>\n\n\n\n<p>\u201cLa conveniencia de la selecci\u00f3n de las dos primeras l\u00edneas responde a la importancia de relevar los resultados de las medidas ya implementadas sobre la infraestructura el\u00e9ctrica para mitigar los impactos negativos sobre la avifauna lo que permitir\u00e1 evaluar la eficacia de las mismas; mientras que las otras dos l\u00edneas presentan la particularidad de contar con tendidos ya existentes que ser\u00e1n duplicados con otras caracter\u00edsticas constructivas en las que tambi\u00e9n se prev\u00e9 incorporar medidas de mitigaci\u00f3n, lo que permitir\u00e1 analizar la eficacia de los cambios introducidos\u201d, comunic\u00f3 el Gobierno.<\/p>\n\n\n\n<p>En tal sentido, particularmente en la ejecuci\u00f3n del tendido que une Padre Buodo con la localidad de Per\u00fa, la empresa adjudicataria realizar\u00e1 la colaci\u00f3n de 110 posaderos. Id\u00e9ntica medida se desarrollar\u00e1 en el trazo de la l\u00ednea Carro Quemado-Victorica y una vez realizada se implementar\u00e1 un plan de monitoreo de avifauna.<\/p>\n\n\n\n<p>\u201cSin perjuicio de lo expresado, en las reuniones llevadas adelante por la Mesa, se planificaron y est\u00e1n siendo ejecutadas intervenciones en las l\u00edneas de media y baja tensi\u00f3n que se extienden desde Casa de Piedra hasta la localidad de Gobernador Duval a la vera de la Ruta Nacional N\u00b0 232, tales como modificaciones en las subestaciones transformadoras, en los cuellos de retenciones en las l\u00edneas de 13,2 kV, incorporaci\u00f3n de protectores aislantes, cambios en las crucetas, colocaciones de ahuyentadores de aves en estructuras sost\u00e9n de hormig\u00f3n, entre otras\u201d, agreg\u00f3. En esa zona, precisamente, en los \u00faltimos meses se hab\u00eda reportado la muerte de varias aves.<\/p>\n\n\n\n<p>\u201cUn dato relevante es que estas medidas de mitigaci\u00f3n que se est\u00e1n incorporando por la A.P.E. evidencian resultados preliminares satisfactorios, contribuyendo a la conservaci\u00f3n de la biodiversidad y ecosistema de la regi\u00f3n, reduciendo significativamente el riesgo de electrocuci\u00f3n de las aves. La necesidad de contar con obras de infraestructura el\u00e9ctrica son una clara e indiscutible se\u00f1al de desarrollo, integraci\u00f3n y crecimiento, y representan progreso y calidad de vida, por ello se trabaja en garantizar la disponibilidad de energ\u00eda en los hogares, comercios e industrias de la Provincia de manera compatible con la conservaci\u00f3n del ambiente, de all\u00ed la importancia de contar con una mesa de trabajo que aborde la tem\u00e1tica de manera integrada, interdisciplinaria y articulada\u201d, inform\u00f3.<\/p>\n","protected":false},"excerpt":{"rendered":"<p>En el marco del trabajo que viene realizando la \u201cMesa de Aves y tendidos el\u00e9ctricos\u201d se est\u00e1 desarrollando el estudio t\u00e9cnico de monitoreo para evaluar la interacci\u00f3n de las aves&hellip;<\/p>\n","protected":false},"author":3,"featured_media":205734,"comment_status":"closed","ping_status":"open","sticky":false,"template":"","format":"standard","meta":{"_acf_changed":false,"footnotes":""},"categories":[11,20],"tags":[],"class_list":["post-236420","post","type-post","status-publish","format-standard","has-post-thumbnail","hentry","category-que-pasa","category-campo"],"acf":[],"yoast_head":"<!-- This site is optimized with the Yoast SEO plugin v27.5 - https:\/\/yoast.com\/product\/yoast-seo-wordpress\/ -->\n<title>El Gobierno encarg\u00f3 un monitoreo de redes el\u00e9ctricas para proteger a \u00e1guilas de electrocuci\u00f3n - Diario Textual<\/title>\n<meta name=\"robots\" content=\"index, follow, max-snippet:-1, max-image-preview:large, max-video-preview:-1\" \/>\n<link rel=\"canonical\" href=\"https:\/\/diariotextual.com\/inicio\/index.php\/2023\/09\/05\/el-gobierno-encargo-un-monitoreo-de-redes-electricas-para-proteger-a-aguilas-de-electrocucion\/\" \/>\n<meta property=\"og:locale\" content=\"es_ES\" \/>\n<meta property=\"og:type\" content=\"article\" \/>\n<meta property=\"og:title\" content=\"El Gobierno encarg\u00f3 un monitoreo de redes el\u00e9ctricas para proteger a \u00e1guilas de electrocuci\u00f3n - Diario Textual\" \/>\n<meta property=\"og:description\" content=\"En el marco del trabajo que viene realizando la \u201cMesa de Aves y tendidos el\u00e9ctricos\u201d se est\u00e1 desarrollando el estudio t\u00e9cnico de monitoreo para evaluar la interacci\u00f3n de las aves&hellip;\" \/>\n<meta property=\"og:url\" content=\"https:\/\/diariotextual.com\/inicio\/index.php\/2023\/09\/05\/el-gobierno-encargo-un-monitoreo-de-redes-electricas-para-proteger-a-aguilas-de-electrocucion\/\" \/>\n<meta property=\"og:site_name\" content=\"Diario Textual\" \/>\n<meta property=\"article:publisher\" content=\"https:\/\/www.facebook.com\/eltextual\" \/>\n<meta property=\"article:published_time\" content=\"2023-09-05T23:29:44+00:00\" \/>\n<meta property=\"article:modified_time\" content=\"2023-09-06T15:40:19+00:00\" \/>\n<meta property=\"og:image\" content=\"https:\/\/diariotextual.com\/inicio\/wp-content\/uploads\/2022\/11\/aguilacoronadaelectricidadlineaelectrica2022-1.png\" \/>\n\t<meta property=\"og:image:width\" content=\"964\" \/>\n\t<meta property=\"og:image:height\" content=\"706\" \/>\n\t<meta property=\"og:image:type\" content=\"image\/png\" \/>\n<meta name=\"author\" content=\"Diario1 Diario1\" \/>\n<meta name=\"twitter:card\" content=\"summary_large_image\" \/>\n<meta name=\"twitter:creator\" content=\"@eltextual\" \/>\n<meta name=\"twitter:site\" content=\"@eltextual\" \/>\n<meta name=\"twitter:label1\" content=\"Escrito por\" \/>\n\t<meta name=\"twitter:data1\" content=\"Diario1 Diario1\" \/>\n\t<meta name=\"twitter:label2\" content=\"Tiempo de lectura\" \/>\n\t<meta name=\"twitter:data2\" content=\"3 minutos\" \/>\n<script type=\"application\/ld+json\" class=\"yoast-schema-graph\">{\"@context\":\"https:\\\/\\\/schema.org\",\"@graph\":[{\"@type\":\"Article\",\"@id\":\"https:\\\/\\\/diariotextual.com\\\/inicio\\\/index.php\\\/2023\\\/09\\\/05\\\/el-gobierno-encargo-un-monitoreo-de-redes-electricas-para-proteger-a-aguilas-de-electrocucion\\\/#article\",\"isPartOf\":{\"@id\":\"https:\\\/\\\/diariotextual.com\\\/inicio\\\/index.php\\\/2023\\\/09\\\/05\\\/el-gobierno-encargo-un-monitoreo-de-redes-electricas-para-proteger-a-aguilas-de-electrocucion\\\/\"},\"author\":{\"name\":\"Diario1 Diario1\",\"@id\":\"https:\\\/\\\/diariotextual.com\\\/inicio\\\/#\\\/schema\\\/person\\\/418fc4093c33e86ed41562db3508f958\"},\"headline\":\"El Gobierno encarg\u00f3 un monitoreo de redes el\u00e9ctricas para proteger a \u00e1guilas de electrocuci\u00f3n\",\"datePublished\":\"2023-09-05T23:29:44+00:00\",\"dateModified\":\"2023-09-06T15:40:19+00:00\",\"mainEntityOfPage\":{\"@id\":\"https:\\\/\\\/diariotextual.com\\\/inicio\\\/index.php\\\/2023\\\/09\\\/05\\\/el-gobierno-encargo-un-monitoreo-de-redes-electricas-para-proteger-a-aguilas-de-electrocucion\\\/\"},\"wordCount\":640,\"publisher\":{\"@id\":\"https:\\\/\\\/diariotextual.com\\\/inicio\\\/#organization\"},\"image\":{\"@id\":\"https:\\\/\\\/diariotextual.com\\\/inicio\\\/index.php\\\/2023\\\/09\\\/05\\\/el-gobierno-encargo-un-monitoreo-de-redes-electricas-para-proteger-a-aguilas-de-electrocucion\\\/#primaryimage\"},\"thumbnailUrl\":\"https:\\\/\\\/diariotextual.com\\\/inicio\\\/wp-content\\\/uploads\\\/2022\\\/11\\\/aguilacoronadaelectricidadlineaelectrica2022-1.png\",\"articleSection\":[\"A - QUE PASA (al costado)\",\"CAMPO\"],\"inLanguage\":\"es\"},{\"@type\":\"WebPage\",\"@id\":\"https:\\\/\\\/diariotextual.com\\\/inicio\\\/index.php\\\/2023\\\/09\\\/05\\\/el-gobierno-encargo-un-monitoreo-de-redes-electricas-para-proteger-a-aguilas-de-electrocucion\\\/\",\"url\":\"https:\\\/\\\/diariotextual.com\\\/inicio\\\/index.php\\\/2023\\\/09\\\/05\\\/el-gobierno-encargo-un-monitoreo-de-redes-electricas-para-proteger-a-aguilas-de-electrocucion\\\/\",\"name\":\"El Gobierno encarg\u00f3 un monitoreo de redes el\u00e9ctricas para proteger a \u00e1guilas de electrocuci\u00f3n - Diario Textual\",\"isPartOf\":{\"@id\":\"https:\\\/\\\/diariotextual.com\\\/inicio\\\/#website\"},\"primaryImageOfPage\":{\"@id\":\"https:\\\/\\\/diariotextual.com\\\/inicio\\\/index.php\\\/2023\\\/09\\\/05\\\/el-gobierno-encargo-un-monitoreo-de-redes-electricas-para-proteger-a-aguilas-de-electrocucion\\\/#primaryimage\"},\"image\":{\"@id\":\"https:\\\/\\\/diariotextual.com\\\/inicio\\\/index.php\\\/2023\\\/09\\\/05\\\/el-gobierno-encargo-un-monitoreo-de-redes-electricas-para-proteger-a-aguilas-de-electrocucion\\\/#primaryimage\"},\"thumbnailUrl\":\"https:\\\/\\\/diariotextual.com\\\/inicio\\\/wp-content\\\/uploads\\\/2022\\\/11\\\/aguilacoronadaelectricidadlineaelectrica2022-1.png\",\"datePublished\":\"2023-09-05T23:29:44+00:00\",\"dateModified\":\"2023-09-06T15:40:19+00:00\",\"breadcrumb\":{\"@id\":\"https:\\\/\\\/diariotextual.com\\\/inicio\\\/index.php\\\/2023\\\/09\\\/05\\\/el-gobierno-encargo-un-monitoreo-de-redes-electricas-para-proteger-a-aguilas-de-electrocucion\\\/#breadcrumb\"},\"inLanguage\":\"es\",\"potentialAction\":[{\"@type\":\"ReadAction\",\"target\":[\"https:\\\/\\\/diariotextual.com\\\/inicio\\\/index.php\\\/2023\\\/09\\\/05\\\/el-gobierno-encargo-un-monitoreo-de-redes-electricas-para-proteger-a-aguilas-de-electrocucion\\\/\"]}]},{\"@type\":\"ImageObject\",\"inLanguage\":\"es\",\"@id\":\"https:\\\/\\\/diariotextual.com\\\/inicio\\\/index.php\\\/2023\\\/09\\\/05\\\/el-gobierno-encargo-un-monitoreo-de-redes-electricas-para-proteger-a-aguilas-de-electrocucion\\\/#primaryimage\",\"url\":\"https:\\\/\\\/diariotextual.com\\\/inicio\\\/wp-content\\\/uploads\\\/2022\\\/11\\\/aguilacoronadaelectricidadlineaelectrica2022-1.png\",\"contentUrl\":\"https:\\\/\\\/diariotextual.com\\\/inicio\\\/wp-content\\\/uploads\\\/2022\\\/11\\\/aguilacoronadaelectricidadlineaelectrica2022-1.png\",\"width\":964,\"height\":706},{\"@type\":\"BreadcrumbList\",\"@id\":\"https:\\\/\\\/diariotextual.com\\\/inicio\\\/index.php\\\/2023\\\/09\\\/05\\\/el-gobierno-encargo-un-monitoreo-de-redes-electricas-para-proteger-a-aguilas-de-electrocucion\\\/#breadcrumb\",\"itemListElement\":[{\"@type\":\"ListItem\",\"position\":1,\"name\":\"Portada\",\"item\":\"https:\\\/\\\/diariotextual.com\\\/inicio\\\/\"},{\"@type\":\"ListItem\",\"position\":2,\"name\":\"El Gobierno encarg\u00f3 un monitoreo de redes el\u00e9ctricas para proteger a \u00e1guilas de electrocuci\u00f3n\"}]},{\"@type\":\"WebSite\",\"@id\":\"https:\\\/\\\/diariotextual.com\\\/inicio\\\/#website\",\"url\":\"https:\\\/\\\/diariotextual.com\\\/inicio\\\/\",\"name\":\"Diario Textual\",\"description\":\"\",\"publisher\":{\"@id\":\"https:\\\/\\\/diariotextual.com\\\/inicio\\\/#organization\"},\"potentialAction\":[{\"@type\":\"SearchAction\",\"target\":{\"@type\":\"EntryPoint\",\"urlTemplate\":\"https:\\\/\\\/diariotextual.com\\\/inicio\\\/?s={search_term_string}\"},\"query-input\":{\"@type\":\"PropertyValueSpecification\",\"valueRequired\":true,\"valueName\":\"search_term_string\"}}],\"inLanguage\":\"es\"},{\"@type\":\"Organization\",\"@id\":\"https:\\\/\\\/diariotextual.com\\\/inicio\\\/#organization\",\"name\":\"Diario Textual\",\"url\":\"https:\\\/\\\/diariotextual.com\\\/inicio\\\/\",\"logo\":{\"@type\":\"ImageObject\",\"inLanguage\":\"es\",\"@id\":\"https:\\\/\\\/diariotextual.com\\\/inicio\\\/#\\\/schema\\\/logo\\\/image\\\/\",\"url\":\"https:\\\/\\\/diariotextual.com\\\/inicio\\\/wp-content\\\/uploads\\\/2023\\\/05\\\/logotextual1.jpg\",\"contentUrl\":\"https:\\\/\\\/diariotextual.com\\\/inicio\\\/wp-content\\\/uploads\\\/2023\\\/05\\\/logotextual1.jpg\",\"width\":516,\"height\":76,\"caption\":\"Diario Textual\"},\"image\":{\"@id\":\"https:\\\/\\\/diariotextual.com\\\/inicio\\\/#\\\/schema\\\/logo\\\/image\\\/\"},\"sameAs\":[\"https:\\\/\\\/www.facebook.com\\\/eltextual\",\"https:\\\/\\\/x.com\\\/eltextual\",\"http:\\\/\\\/www.instagram.com\\\/eltextual\"]},{\"@type\":\"Person\",\"@id\":\"https:\\\/\\\/diariotextual.com\\\/inicio\\\/#\\\/schema\\\/person\\\/418fc4093c33e86ed41562db3508f958\",\"name\":\"Diario1 Diario1\",\"image\":{\"@type\":\"ImageObject\",\"inLanguage\":\"es\",\"@id\":\"https:\\\/\\\/secure.gravatar.com\\\/avatar\\\/9167d280179c85bc18be67aa7eda765854300033af4896dd779b608640f2ef7a?s=96&d=mm&r=g\",\"url\":\"https:\\\/\\\/secure.gravatar.com\\\/avatar\\\/9167d280179c85bc18be67aa7eda765854300033af4896dd779b608640f2ef7a?s=96&d=mm&r=g\",\"contentUrl\":\"https:\\\/\\\/secure.gravatar.com\\\/avatar\\\/9167d280179c85bc18be67aa7eda765854300033af4896dd779b608640f2ef7a?s=96&d=mm&r=g\",\"caption\":\"Diario1 Diario1\"},\"url\":\"https:\\\/\\\/diariotextual.com\\\/inicio\\\/index.php\\\/author\\\/diario1\\\/\"}]}<\/script>\n<!-- \/ Yoast SEO plugin. -->","yoast_head_json":{"title":"El Gobierno encarg\u00f3 un monitoreo de redes el\u00e9ctricas para proteger a \u00e1guilas de electrocuci\u00f3n - Diario Textual","robots":{"index":"index","follow":"follow","max-snippet":"max-snippet:-1","max-image-preview":"max-image-preview:large","max-video-preview":"max-video-preview:-1"},"canonical":"https:\/\/diariotextual.com\/inicio\/index.php\/2023\/09\/05\/el-gobierno-encargo-un-monitoreo-de-redes-electricas-para-proteger-a-aguilas-de-electrocucion\/","og_locale":"es_ES","og_type":"article","og_title":"El Gobierno encarg\u00f3 un monitoreo de redes el\u00e9ctricas para proteger a \u00e1guilas de electrocuci\u00f3n - Diario Textual","og_description":"En el marco del trabajo que viene realizando la \u201cMesa de Aves y tendidos el\u00e9ctricos\u201d se est\u00e1 desarrollando el estudio t\u00e9cnico de monitoreo para evaluar la interacci\u00f3n de las aves&hellip;","og_url":"https:\/\/diariotextual.com\/inicio\/index.php\/2023\/09\/05\/el-gobierno-encargo-un-monitoreo-de-redes-electricas-para-proteger-a-aguilas-de-electrocucion\/","og_site_name":"Diario Textual","article_publisher":"https:\/\/www.facebook.com\/eltextual","article_published_time":"2023-09-05T23:29:44+00:00","article_modified_time":"2023-09-06T15:40:19+00:00","og_image":[{"width":964,"height":706,"url":"https:\/\/diariotextual.com\/inicio\/wp-content\/uploads\/2022\/11\/aguilacoronadaelectricidadlineaelectrica2022-1.png","type":"image\/png"}],"author":"Diario1 Diario1","twitter_card":"summary_large_image","twitter_creator":"@eltextual","twitter_site":"@eltextual","twitter_misc":{"Escrito por":"Diario1 Diario1","Tiempo de lectura":"3 minutos"},"schema":{"@context":"https:\/\/schema.org","@graph":[{"@type":"Article","@id":"https:\/\/diariotextual.com\/inicio\/index.php\/2023\/09\/05\/el-gobierno-encargo-un-monitoreo-de-redes-electricas-para-proteger-a-aguilas-de-electrocucion\/#article","isPartOf":{"@id":"https:\/\/diariotextual.com\/inicio\/index.php\/2023\/09\/05\/el-gobierno-encargo-un-monitoreo-de-redes-electricas-para-proteger-a-aguilas-de-electrocucion\/"},"author":{"name":"Diario1 Diario1","@id":"https:\/\/diariotextual.com\/inicio\/#\/schema\/person\/418fc4093c33e86ed41562db3508f958"},"headline":"El Gobierno encarg\u00f3 un monitoreo de redes el\u00e9ctricas para proteger a \u00e1guilas de electrocuci\u00f3n","datePublished":"2023-09-05T23:29:44+00:00","dateModified":"2023-09-06T15:40:19+00:00","mainEntityOfPage":{"@id":"https:\/\/diariotextual.com\/inicio\/index.php\/2023\/09\/05\/el-gobierno-encargo-un-monitoreo-de-redes-electricas-para-proteger-a-aguilas-de-electrocucion\/"},"wordCount":640,"publisher":{"@id":"https:\/\/diariotextual.com\/inicio\/#organization"},"image":{"@id":"https:\/\/diariotextual.com\/inicio\/index.php\/2023\/09\/05\/el-gobierno-encargo-un-monitoreo-de-redes-electricas-para-proteger-a-aguilas-de-electrocucion\/#primaryimage"},"thumbnailUrl":"https:\/\/diariotextual.com\/inicio\/wp-content\/uploads\/2022\/11\/aguilacoronadaelectricidadlineaelectrica2022-1.png","articleSection":["A - QUE PASA (al costado)","CAMPO"],"inLanguage":"es"},{"@type":"WebPage","@id":"https:\/\/diariotextual.com\/inicio\/index.php\/2023\/09\/05\/el-gobierno-encargo-un-monitoreo-de-redes-electricas-para-proteger-a-aguilas-de-electrocucion\/","url":"https:\/\/diariotextual.com\/inicio\/index.php\/2023\/09\/05\/el-gobierno-encargo-un-monitoreo-de-redes-electricas-para-proteger-a-aguilas-de-electrocucion\/","name":"El Gobierno encarg\u00f3 un monitoreo de redes el\u00e9ctricas para proteger a \u00e1guilas de electrocuci\u00f3n - Diario Textual","isPartOf":{"@id":"https:\/\/diariotextual.com\/inicio\/#website"},"primaryImageOfPage":{"@id":"https:\/\/diariotextual.com\/inicio\/index.php\/2023\/09\/05\/el-gobierno-encargo-un-monitoreo-de-redes-electricas-para-proteger-a-aguilas-de-electrocucion\/#primaryimage"},"image":{"@id":"https:\/\/diariotextual.com\/inicio\/index.php\/2023\/09\/05\/el-gobierno-encargo-un-monitoreo-de-redes-electricas-para-proteger-a-aguilas-de-electrocucion\/#primaryimage"},"thumbnailUrl":"https:\/\/diariotextual.com\/inicio\/wp-content\/uploads\/2022\/11\/aguilacoronadaelectricidadlineaelectrica2022-1.png","datePublished":"2023-09-05T23:29:44+00:00","dateModified":"2023-09-06T15:40:19+00:00","breadcrumb":{"@id":"https:\/\/diariotextual.com\/inicio\/index.php\/2023\/09\/05\/el-gobierno-encargo-un-monitoreo-de-redes-electricas-para-proteger-a-aguilas-de-electrocucion\/#breadcrumb"},"inLanguage":"es","potentialAction":[{"@type":"ReadAction","target":["https:\/\/diariotextual.com\/inicio\/index.php\/2023\/09\/05\/el-gobierno-encargo-un-monitoreo-de-redes-electricas-para-proteger-a-aguilas-de-electrocucion\/"]}]},{"@type":"ImageObject","inLanguage":"es","@id":"https:\/\/diariotextual.com\/inicio\/index.php\/2023\/09\/05\/el-gobierno-encargo-un-monitoreo-de-redes-electricas-para-proteger-a-aguilas-de-electrocucion\/#primaryimage","url":"https:\/\/diariotextual.com\/inicio\/wp-content\/uploads\/2022\/11\/aguilacoronadaelectricidadlineaelectrica2022-1.png","contentUrl":"https:\/\/diariotextual.com\/inicio\/wp-content\/uploads\/2022\/11\/aguilacoronadaelectricidadlineaelectrica2022-1.png","width":964,"height":706},{"@type":"BreadcrumbList","@id":"https:\/\/diariotextual.com\/inicio\/index.php\/2023\/09\/05\/el-gobierno-encargo-un-monitoreo-de-redes-electricas-para-proteger-a-aguilas-de-electrocucion\/#breadcrumb","itemListElement":[{"@type":"ListItem","position":1,"name":"Portada","item":"https:\/\/diariotextual.com\/inicio\/"},{"@type":"ListItem","position":2,"name":"El Gobierno encarg\u00f3 un monitoreo de redes el\u00e9ctricas para proteger a \u00e1guilas de electrocuci\u00f3n"}]},{"@type":"WebSite","@id":"https:\/\/diariotextual.com\/inicio\/#website","url":"https:\/\/diariotextual.com\/inicio\/","name":"Diario Textual","description":"","publisher":{"@id":"https:\/\/diariotextual.com\/inicio\/#organization"},"potentialAction":[{"@type":"SearchAction","target":{"@type":"EntryPoint","urlTemplate":"https:\/\/diariotextual.com\/inicio\/?s={search_term_string}"},"query-input":{"@type":"PropertyValueSpecification","valueRequired":true,"valueName":"search_term_string"}}],"inLanguage":"es"},{"@type":"Organization","@id":"https:\/\/diariotextual.com\/inicio\/#organization","name":"Diario Textual","url":"https:\/\/diariotextual.com\/inicio\/","logo":{"@type":"ImageObject","inLanguage":"es","@id":"https:\/\/diariotextual.com\/inicio\/#\/schema\/logo\/image\/","url":"https:\/\/diariotextual.com\/inicio\/wp-content\/uploads\/2023\/05\/logotextual1.jpg","contentUrl":"https:\/\/diariotextual.com\/inicio\/wp-content\/uploads\/2023\/05\/logotextual1.jpg","width":516,"height":76,"caption":"Diario Textual"},"image":{"@id":"https:\/\/diariotextual.com\/inicio\/#\/schema\/logo\/image\/"},"sameAs":["https:\/\/www.facebook.com\/eltextual","https:\/\/x.com\/eltextual","http:\/\/www.instagram.com\/eltextual"]},{"@type":"Person","@id":"https:\/\/diariotextual.com\/inicio\/#\/schema\/person\/418fc4093c33e86ed41562db3508f958","name":"Diario1 Diario1","image":{"@type":"ImageObject","inLanguage":"es","@id":"https:\/\/secure.gravatar.com\/avatar\/9167d280179c85bc18be67aa7eda765854300033af4896dd779b608640f2ef7a?s=96&d=mm&r=g","url":"https:\/\/secure.gravatar.com\/avatar\/9167d280179c85bc18be67aa7eda765854300033af4896dd779b608640f2ef7a?s=96&d=mm&r=g","contentUrl":"https:\/\/secure.gravatar.com\/avatar\/9167d280179c85bc18be67aa7eda765854300033af4896dd779b608640f2ef7a?s=96&d=mm&r=g","caption":"Diario1 Diario1"},"url":"https:\/\/diariotextual.com\/inicio\/index.php\/author\/diario1\/"}]}},"_links":{"self":[{"href":"https:\/\/diariotextual.com\/inicio\/index.php\/wp-json\/wp\/v2\/posts\/236420","targetHints":{"allow":["GET"]}}],"collection":[{"href":"https:\/\/diariotextual.com\/inicio\/index.php\/wp-json\/wp\/v2\/posts"}],"about":[{"href":"https:\/\/diariotextual.com\/inicio\/index.php\/wp-json\/wp\/v2\/types\/post"}],"author":[{"embeddable":true,"href":"https:\/\/diariotextual.com\/inicio\/index.php\/wp-json\/wp\/v2\/users\/3"}],"replies":[{"embeddable":true,"href":"https:\/\/diariotextual.com\/inicio\/index.php\/wp-json\/wp\/v2\/comments?post=236420"}],"version-history":[{"count":1,"href":"https:\/\/diariotextual.com\/inicio\/index.php\/wp-json\/wp\/v2\/posts\/236420\/revisions"}],"predecessor-version":[{"id":236421,"href":"https:\/\/diariotextual.com\/inicio\/index.php\/wp-json\/wp\/v2\/posts\/236420\/revisions\/236421"}],"wp:featuredmedia":[{"embeddable":true,"href":"https:\/\/diariotextual.com\/inicio\/index.php\/wp-json\/wp\/v2\/media\/205734"}],"wp:attachment":[{"href":"https:\/\/diariotextual.com\/inicio\/index.php\/wp-json\/wp\/v2\/media?parent=236420"}],"wp:term":[{"taxonomy":"category","embeddable":true,"href":"https:\/\/diariotextual.com\/inicio\/index.php\/wp-json\/wp\/v2\/categories?post=236420"},{"taxonomy":"post_tag","embeddable":true,"href":"https:\/\/diariotextual.com\/inicio\/index.php\/wp-json\/wp\/v2\/tags?post=236420"}],"curies":[{"name":"wp","href":"https:\/\/api.w.org\/{rel}","templated":true}]}}