{"id":236565,"date":"2023-09-07T08:59:24","date_gmt":"2023-09-07T11:59:24","guid":{"rendered":"https:\/\/diariotextual.com\/inicio\/?p=236565"},"modified":"2023-09-07T19:10:45","modified_gmt":"2023-09-07T22:10:45","slug":"la-pampa-una-de-las-provincias-con-menor-porcentaje-de-abandono-escolar","status":"publish","type":"post","link":"https:\/\/diariotextual.com\/inicio\/index.php\/2023\/09\/07\/la-pampa-una-de-las-provincias-con-menor-porcentaje-de-abandono-escolar\/","title":{"rendered":"La Pampa, la provincia con menor porcentaje de abandono escolar"},"content":{"rendered":"\n<p>El <strong>abandono escolar<\/strong> en Argentina cay\u00f3 9,3 puntos porcentuales en los \u00faltimos cuatro a\u00f1os. La Pampa es la provincia con menor tasa: 3,6%, seg\u00fan revel\u00f3 el informe <strong>\u201cTrayectorias escolares: \u00bfCu\u00e1ntos estudiantes abandonan la secundaria en Argentina?\u201d<\/strong>, del <strong><a href=\"https:\/\/prensa.argentinosporlaeducacion.org\/\" target=\"_blank\" rel=\"noreferrer noopener\">Observatorio de&nbsp;Argentinos por la Educaci\u00f3n<\/a><\/strong>.<\/p>\n\n\n\n<p>Seg\u00fan el estudio, en 2018, el 24,4% de los estudiantes de 17 a\u00f1os hab\u00edan abandonado la escuela. Cuatro a\u00f1os despu\u00e9s la cifra desciende al 15,1% entre los estudiantes que ten\u00edan 17 a\u00f1os en 2022.<\/p>\n\n\n\n<p>El documento analiza los niveles de abandono escolar en la escuela secundaria para el per\u00edodo 2012-2022, a partir del seguimiento de cohortes de estudiantes, utilizando los \u00faltimos datos del Relevamiento Anual del Ministerio de Educaci\u00f3n de la Naci\u00f3n.<\/p>\n\n\n\n<p>En 2022, las provincias con mayores tasas de abandono acumulado para los estudiantes de 17 a\u00f1os son Santiago del Estero (35,6%), Misiones (34,2%) y Formosa (28,9%). En contraposici\u00f3n, las provincias con menor porcentaje de abandono son La Pampa (3,6%), Tierra del Fuego (6,9%) y CABA (9,0%).<\/p>\n\n\n\n<p>En el per\u00edodo analizado, el abandono escolar acumulado para los estudiantes de 17 a\u00f1os disminuy\u00f3 en todas las provincias, aunque en distintas proporciones. Las mayores reducciones se dieron en San Luis (14,3 pp), Mendoza (13,3 pp) y Jujuy (11,1 pp). En cambio, La Rioja (4,5 pp), Chaco (5,5 pp) y Misiones (5,7 pp) son las que menos redujeron el abandono acumulado a los 17 a\u00f1os.<\/p>\n\n\n\n<p>La primera cohorte analizada en el informe es la de los estudiantes que ten\u00edan 11 a\u00f1os en 2012. A los 17 a\u00f1os (en 2018), un 24,4% de estos alumnos hab\u00edan abandonado la escuela, mientras que solo el 46,6% se encontraban en edad te\u00f3rica (es decir, en el curso correspondiente a su edad). El resto de los estudiantes ten\u00edan distintos niveles de sobreedad por haber repetido: un a\u00f1o (14,1%), dos a\u00f1os (8,7%), o tres o m\u00e1s (6,2%).<\/p>\n\n\n\n<p>Cuatro a\u00f1os despu\u00e9s, para la cohorte de los estudiantes que ten\u00edan 11 a\u00f1os en 2016, las cifras hab\u00edan mejorado. A los 17 a\u00f1os (en 2022), un 15,1% de estos alumnos hab\u00edan abandonado la escuela, mientras que el 59,5% se encontraban en edad te\u00f3rica. El resto de los estudiantes hab\u00edan repetido y ten\u00edan un a\u00f1o (15,1%), dos (6,7%), o tres o m\u00e1s de sobreedad (3,5%).<\/p>\n\n\n\n<p><\/p>\n","protected":false},"excerpt":{"rendered":"<p>El abandono escolar en Argentina cay\u00f3 9,3 puntos porcentuales en los \u00faltimos cuatro a\u00f1os. La Pampa es la provincia con menor tasa: 3,6%, seg\u00fan revel\u00f3 el informe \u201cTrayectorias escolares: \u00bfCu\u00e1ntos&hellip;<\/p>\n","protected":false},"author":7,"featured_media":236566,"comment_status":"closed","ping_status":"open","sticky":false,"template":"","format":"standard","meta":{"_acf_changed":false,"footnotes":""},"categories":[1,11,2],"tags":[],"class_list":["post-236565","post","type-post","status-publish","format-standard","has-post-thumbnail","hentry","category-es-noticia","category-que-pasa","category-cultura"],"acf":[],"yoast_head":"<!-- This site is optimized with the Yoast SEO plugin v27.5 - https:\/\/yoast.com\/product\/yoast-seo-wordpress\/ -->\n<title>La Pampa, la provincia con menor porcentaje de abandono escolar - Diario Textual<\/title>\n<meta name=\"robots\" content=\"index, follow, max-snippet:-1, max-image-preview:large, max-video-preview:-1\" \/>\n<link rel=\"canonical\" href=\"https:\/\/diariotextual.com\/inicio\/index.php\/2023\/09\/07\/la-pampa-una-de-las-provincias-con-menor-porcentaje-de-abandono-escolar\/\" \/>\n<meta property=\"og:locale\" content=\"es_ES\" \/>\n<meta property=\"og:type\" content=\"article\" \/>\n<meta property=\"og:title\" content=\"La Pampa, la provincia con menor porcentaje de abandono escolar - Diario Textual\" \/>\n<meta property=\"og:description\" content=\"El abandono escolar en Argentina cay\u00f3 9,3 puntos porcentuales en los \u00faltimos cuatro a\u00f1os. La Pampa es la provincia con menor tasa: 3,6%, seg\u00fan revel\u00f3 el informe \u201cTrayectorias escolares: \u00bfCu\u00e1ntos&hellip;\" \/>\n<meta property=\"og:url\" content=\"https:\/\/diariotextual.com\/inicio\/index.php\/2023\/09\/07\/la-pampa-una-de-las-provincias-con-menor-porcentaje-de-abandono-escolar\/\" \/>\n<meta property=\"og:site_name\" content=\"Diario Textual\" \/>\n<meta property=\"article:publisher\" content=\"https:\/\/www.facebook.com\/eltextual\" \/>\n<meta property=\"article:published_time\" content=\"2023-09-07T11:59:24+00:00\" \/>\n<meta property=\"article:modified_time\" content=\"2023-09-07T22:10:45+00:00\" \/>\n<meta property=\"og:image\" content=\"https:\/\/diariotextual.com\/inicio\/wp-content\/uploads\/2023\/09\/escuelanenessentados.jpg\" \/>\n\t<meta property=\"og:image:width\" content=\"1004\" \/>\n\t<meta property=\"og:image:height\" content=\"565\" \/>\n\t<meta property=\"og:image:type\" content=\"image\/jpeg\" \/>\n<meta name=\"author\" content=\"diario5\" \/>\n<meta name=\"twitter:card\" content=\"summary_large_image\" \/>\n<meta name=\"twitter:creator\" content=\"@eltextual\" \/>\n<meta name=\"twitter:site\" content=\"@eltextual\" \/>\n<meta name=\"twitter:label1\" content=\"Escrito por\" \/>\n\t<meta name=\"twitter:data1\" content=\"diario5\" \/>\n\t<meta name=\"twitter:label2\" content=\"Tiempo de lectura\" \/>\n\t<meta name=\"twitter:data2\" content=\"2 minutos\" \/>\n<script type=\"application\/ld+json\" class=\"yoast-schema-graph\">{\"@context\":\"https:\\\/\\\/schema.org\",\"@graph\":[{\"@type\":\"Article\",\"@id\":\"https:\\\/\\\/diariotextual.com\\\/inicio\\\/index.php\\\/2023\\\/09\\\/07\\\/la-pampa-una-de-las-provincias-con-menor-porcentaje-de-abandono-escolar\\\/#article\",\"isPartOf\":{\"@id\":\"https:\\\/\\\/diariotextual.com\\\/inicio\\\/index.php\\\/2023\\\/09\\\/07\\\/la-pampa-una-de-las-provincias-con-menor-porcentaje-de-abandono-escolar\\\/\"},\"author\":{\"name\":\"diario5\",\"@id\":\"https:\\\/\\\/diariotextual.com\\\/inicio\\\/#\\\/schema\\\/person\\\/c7834961ad8b29b1d9cdbf4571299067\"},\"headline\":\"La Pampa, la provincia con menor porcentaje de abandono escolar\",\"datePublished\":\"2023-09-07T11:59:24+00:00\",\"dateModified\":\"2023-09-07T22:10:45+00:00\",\"mainEntityOfPage\":{\"@id\":\"https:\\\/\\\/diariotextual.com\\\/inicio\\\/index.php\\\/2023\\\/09\\\/07\\\/la-pampa-una-de-las-provincias-con-menor-porcentaje-de-abandono-escolar\\\/\"},\"wordCount\":375,\"publisher\":{\"@id\":\"https:\\\/\\\/diariotextual.com\\\/inicio\\\/#organization\"},\"image\":{\"@id\":\"https:\\\/\\\/diariotextual.com\\\/inicio\\\/index.php\\\/2023\\\/09\\\/07\\\/la-pampa-una-de-las-provincias-con-menor-porcentaje-de-abandono-escolar\\\/#primaryimage\"},\"thumbnailUrl\":\"https:\\\/\\\/diariotextual.com\\\/inicio\\\/wp-content\\\/uploads\\\/2023\\\/09\\\/escuelanenessentados.jpg\",\"articleSection\":[\"A - ES NOTICIA (van abajo)\",\"A - QUE PASA (al costado)\",\"CULTURA\"],\"inLanguage\":\"es\"},{\"@type\":\"WebPage\",\"@id\":\"https:\\\/\\\/diariotextual.com\\\/inicio\\\/index.php\\\/2023\\\/09\\\/07\\\/la-pampa-una-de-las-provincias-con-menor-porcentaje-de-abandono-escolar\\\/\",\"url\":\"https:\\\/\\\/diariotextual.com\\\/inicio\\\/index.php\\\/2023\\\/09\\\/07\\\/la-pampa-una-de-las-provincias-con-menor-porcentaje-de-abandono-escolar\\\/\",\"name\":\"La Pampa, la provincia con menor porcentaje de abandono escolar - Diario Textual\",\"isPartOf\":{\"@id\":\"https:\\\/\\\/diariotextual.com\\\/inicio\\\/#website\"},\"primaryImageOfPage\":{\"@id\":\"https:\\\/\\\/diariotextual.com\\\/inicio\\\/index.php\\\/2023\\\/09\\\/07\\\/la-pampa-una-de-las-provincias-con-menor-porcentaje-de-abandono-escolar\\\/#primaryimage\"},\"image\":{\"@id\":\"https:\\\/\\\/diariotextual.com\\\/inicio\\\/index.php\\\/2023\\\/09\\\/07\\\/la-pampa-una-de-las-provincias-con-menor-porcentaje-de-abandono-escolar\\\/#primaryimage\"},\"thumbnailUrl\":\"https:\\\/\\\/diariotextual.com\\\/inicio\\\/wp-content\\\/uploads\\\/2023\\\/09\\\/escuelanenessentados.jpg\",\"datePublished\":\"2023-09-07T11:59:24+00:00\",\"dateModified\":\"2023-09-07T22:10:45+00:00\",\"breadcrumb\":{\"@id\":\"https:\\\/\\\/diariotextual.com\\\/inicio\\\/index.php\\\/2023\\\/09\\\/07\\\/la-pampa-una-de-las-provincias-con-menor-porcentaje-de-abandono-escolar\\\/#breadcrumb\"},\"inLanguage\":\"es\",\"potentialAction\":[{\"@type\":\"ReadAction\",\"target\":[\"https:\\\/\\\/diariotextual.com\\\/inicio\\\/index.php\\\/2023\\\/09\\\/07\\\/la-pampa-una-de-las-provincias-con-menor-porcentaje-de-abandono-escolar\\\/\"]}]},{\"@type\":\"ImageObject\",\"inLanguage\":\"es\",\"@id\":\"https:\\\/\\\/diariotextual.com\\\/inicio\\\/index.php\\\/2023\\\/09\\\/07\\\/la-pampa-una-de-las-provincias-con-menor-porcentaje-de-abandono-escolar\\\/#primaryimage\",\"url\":\"https:\\\/\\\/diariotextual.com\\\/inicio\\\/wp-content\\\/uploads\\\/2023\\\/09\\\/escuelanenessentados.jpg\",\"contentUrl\":\"https:\\\/\\\/diariotextual.com\\\/inicio\\\/wp-content\\\/uploads\\\/2023\\\/09\\\/escuelanenessentados.jpg\",\"width\":1004,\"height\":565},{\"@type\":\"BreadcrumbList\",\"@id\":\"https:\\\/\\\/diariotextual.com\\\/inicio\\\/index.php\\\/2023\\\/09\\\/07\\\/la-pampa-una-de-las-provincias-con-menor-porcentaje-de-abandono-escolar\\\/#breadcrumb\",\"itemListElement\":[{\"@type\":\"ListItem\",\"position\":1,\"name\":\"Portada\",\"item\":\"https:\\\/\\\/diariotextual.com\\\/inicio\\\/\"},{\"@type\":\"ListItem\",\"position\":2,\"name\":\"La Pampa, la provincia con menor porcentaje de abandono escolar\"}]},{\"@type\":\"WebSite\",\"@id\":\"https:\\\/\\\/diariotextual.com\\\/inicio\\\/#website\",\"url\":\"https:\\\/\\\/diariotextual.com\\\/inicio\\\/\",\"name\":\"Diario Textual\",\"description\":\"\",\"publisher\":{\"@id\":\"https:\\\/\\\/diariotextual.com\\\/inicio\\\/#organization\"},\"potentialAction\":[{\"@type\":\"SearchAction\",\"target\":{\"@type\":\"EntryPoint\",\"urlTemplate\":\"https:\\\/\\\/diariotextual.com\\\/inicio\\\/?s={search_term_string}\"},\"query-input\":{\"@type\":\"PropertyValueSpecification\",\"valueRequired\":true,\"valueName\":\"search_term_string\"}}],\"inLanguage\":\"es\"},{\"@type\":\"Organization\",\"@id\":\"https:\\\/\\\/diariotextual.com\\\/inicio\\\/#organization\",\"name\":\"Diario Textual\",\"url\":\"https:\\\/\\\/diariotextual.com\\\/inicio\\\/\",\"logo\":{\"@type\":\"ImageObject\",\"inLanguage\":\"es\",\"@id\":\"https:\\\/\\\/diariotextual.com\\\/inicio\\\/#\\\/schema\\\/logo\\\/image\\\/\",\"url\":\"https:\\\/\\\/diariotextual.com\\\/inicio\\\/wp-content\\\/uploads\\\/2023\\\/05\\\/logotextual1.jpg\",\"contentUrl\":\"https:\\\/\\\/diariotextual.com\\\/inicio\\\/wp-content\\\/uploads\\\/2023\\\/05\\\/logotextual1.jpg\",\"width\":516,\"height\":76,\"caption\":\"Diario Textual\"},\"image\":{\"@id\":\"https:\\\/\\\/diariotextual.com\\\/inicio\\\/#\\\/schema\\\/logo\\\/image\\\/\"},\"sameAs\":[\"https:\\\/\\\/www.facebook.com\\\/eltextual\",\"https:\\\/\\\/x.com\\\/eltextual\",\"http:\\\/\\\/www.instagram.com\\\/eltextual\"]},{\"@type\":\"Person\",\"@id\":\"https:\\\/\\\/diariotextual.com\\\/inicio\\\/#\\\/schema\\\/person\\\/c7834961ad8b29b1d9cdbf4571299067\",\"name\":\"diario5\",\"image\":{\"@type\":\"ImageObject\",\"inLanguage\":\"es\",\"@id\":\"https:\\\/\\\/secure.gravatar.com\\\/avatar\\\/948c893b847ca6df68216ead81b63f363408ec9b0f600fefc0641ce78613b111?s=96&d=mm&r=g\",\"url\":\"https:\\\/\\\/secure.gravatar.com\\\/avatar\\\/948c893b847ca6df68216ead81b63f363408ec9b0f600fefc0641ce78613b111?s=96&d=mm&r=g\",\"contentUrl\":\"https:\\\/\\\/secure.gravatar.com\\\/avatar\\\/948c893b847ca6df68216ead81b63f363408ec9b0f600fefc0641ce78613b111?s=96&d=mm&r=g\",\"caption\":\"diario5\"},\"url\":\"https:\\\/\\\/diariotextual.com\\\/inicio\\\/index.php\\\/author\\\/diario5\\\/\"}]}<\/script>\n<!-- \/ Yoast SEO plugin. -->","yoast_head_json":{"title":"La Pampa, la provincia con menor porcentaje de abandono escolar - Diario Textual","robots":{"index":"index","follow":"follow","max-snippet":"max-snippet:-1","max-image-preview":"max-image-preview:large","max-video-preview":"max-video-preview:-1"},"canonical":"https:\/\/diariotextual.com\/inicio\/index.php\/2023\/09\/07\/la-pampa-una-de-las-provincias-con-menor-porcentaje-de-abandono-escolar\/","og_locale":"es_ES","og_type":"article","og_title":"La Pampa, la provincia con menor porcentaje de abandono escolar - Diario Textual","og_description":"El abandono escolar en Argentina cay\u00f3 9,3 puntos porcentuales en los \u00faltimos cuatro a\u00f1os. La Pampa es la provincia con menor tasa: 3,6%, seg\u00fan revel\u00f3 el informe \u201cTrayectorias escolares: \u00bfCu\u00e1ntos&hellip;","og_url":"https:\/\/diariotextual.com\/inicio\/index.php\/2023\/09\/07\/la-pampa-una-de-las-provincias-con-menor-porcentaje-de-abandono-escolar\/","og_site_name":"Diario Textual","article_publisher":"https:\/\/www.facebook.com\/eltextual","article_published_time":"2023-09-07T11:59:24+00:00","article_modified_time":"2023-09-07T22:10:45+00:00","og_image":[{"width":1004,"height":565,"url":"https:\/\/diariotextual.com\/inicio\/wp-content\/uploads\/2023\/09\/escuelanenessentados.jpg","type":"image\/jpeg"}],"author":"diario5","twitter_card":"summary_large_image","twitter_creator":"@eltextual","twitter_site":"@eltextual","twitter_misc":{"Escrito por":"diario5","Tiempo de lectura":"2 minutos"},"schema":{"@context":"https:\/\/schema.org","@graph":[{"@type":"Article","@id":"https:\/\/diariotextual.com\/inicio\/index.php\/2023\/09\/07\/la-pampa-una-de-las-provincias-con-menor-porcentaje-de-abandono-escolar\/#article","isPartOf":{"@id":"https:\/\/diariotextual.com\/inicio\/index.php\/2023\/09\/07\/la-pampa-una-de-las-provincias-con-menor-porcentaje-de-abandono-escolar\/"},"author":{"name":"diario5","@id":"https:\/\/diariotextual.com\/inicio\/#\/schema\/person\/c7834961ad8b29b1d9cdbf4571299067"},"headline":"La Pampa, la provincia con menor porcentaje de abandono escolar","datePublished":"2023-09-07T11:59:24+00:00","dateModified":"2023-09-07T22:10:45+00:00","mainEntityOfPage":{"@id":"https:\/\/diariotextual.com\/inicio\/index.php\/2023\/09\/07\/la-pampa-una-de-las-provincias-con-menor-porcentaje-de-abandono-escolar\/"},"wordCount":375,"publisher":{"@id":"https:\/\/diariotextual.com\/inicio\/#organization"},"image":{"@id":"https:\/\/diariotextual.com\/inicio\/index.php\/2023\/09\/07\/la-pampa-una-de-las-provincias-con-menor-porcentaje-de-abandono-escolar\/#primaryimage"},"thumbnailUrl":"https:\/\/diariotextual.com\/inicio\/wp-content\/uploads\/2023\/09\/escuelanenessentados.jpg","articleSection":["A - ES NOTICIA (van abajo)","A - QUE PASA (al costado)","CULTURA"],"inLanguage":"es"},{"@type":"WebPage","@id":"https:\/\/diariotextual.com\/inicio\/index.php\/2023\/09\/07\/la-pampa-una-de-las-provincias-con-menor-porcentaje-de-abandono-escolar\/","url":"https:\/\/diariotextual.com\/inicio\/index.php\/2023\/09\/07\/la-pampa-una-de-las-provincias-con-menor-porcentaje-de-abandono-escolar\/","name":"La Pampa, la provincia con menor porcentaje de abandono escolar - Diario Textual","isPartOf":{"@id":"https:\/\/diariotextual.com\/inicio\/#website"},"primaryImageOfPage":{"@id":"https:\/\/diariotextual.com\/inicio\/index.php\/2023\/09\/07\/la-pampa-una-de-las-provincias-con-menor-porcentaje-de-abandono-escolar\/#primaryimage"},"image":{"@id":"https:\/\/diariotextual.com\/inicio\/index.php\/2023\/09\/07\/la-pampa-una-de-las-provincias-con-menor-porcentaje-de-abandono-escolar\/#primaryimage"},"thumbnailUrl":"https:\/\/diariotextual.com\/inicio\/wp-content\/uploads\/2023\/09\/escuelanenessentados.jpg","datePublished":"2023-09-07T11:59:24+00:00","dateModified":"2023-09-07T22:10:45+00:00","breadcrumb":{"@id":"https:\/\/diariotextual.com\/inicio\/index.php\/2023\/09\/07\/la-pampa-una-de-las-provincias-con-menor-porcentaje-de-abandono-escolar\/#breadcrumb"},"inLanguage":"es","potentialAction":[{"@type":"ReadAction","target":["https:\/\/diariotextual.com\/inicio\/index.php\/2023\/09\/07\/la-pampa-una-de-las-provincias-con-menor-porcentaje-de-abandono-escolar\/"]}]},{"@type":"ImageObject","inLanguage":"es","@id":"https:\/\/diariotextual.com\/inicio\/index.php\/2023\/09\/07\/la-pampa-una-de-las-provincias-con-menor-porcentaje-de-abandono-escolar\/#primaryimage","url":"https:\/\/diariotextual.com\/inicio\/wp-content\/uploads\/2023\/09\/escuelanenessentados.jpg","contentUrl":"https:\/\/diariotextual.com\/inicio\/wp-content\/uploads\/2023\/09\/escuelanenessentados.jpg","width":1004,"height":565},{"@type":"BreadcrumbList","@id":"https:\/\/diariotextual.com\/inicio\/index.php\/2023\/09\/07\/la-pampa-una-de-las-provincias-con-menor-porcentaje-de-abandono-escolar\/#breadcrumb","itemListElement":[{"@type":"ListItem","position":1,"name":"Portada","item":"https:\/\/diariotextual.com\/inicio\/"},{"@type":"ListItem","position":2,"name":"La Pampa, la provincia con menor porcentaje de abandono escolar"}]},{"@type":"WebSite","@id":"https:\/\/diariotextual.com\/inicio\/#website","url":"https:\/\/diariotextual.com\/inicio\/","name":"Diario Textual","description":"","publisher":{"@id":"https:\/\/diariotextual.com\/inicio\/#organization"},"potentialAction":[{"@type":"SearchAction","target":{"@type":"EntryPoint","urlTemplate":"https:\/\/diariotextual.com\/inicio\/?s={search_term_string}"},"query-input":{"@type":"PropertyValueSpecification","valueRequired":true,"valueName":"search_term_string"}}],"inLanguage":"es"},{"@type":"Organization","@id":"https:\/\/diariotextual.com\/inicio\/#organization","name":"Diario Textual","url":"https:\/\/diariotextual.com\/inicio\/","logo":{"@type":"ImageObject","inLanguage":"es","@id":"https:\/\/diariotextual.com\/inicio\/#\/schema\/logo\/image\/","url":"https:\/\/diariotextual.com\/inicio\/wp-content\/uploads\/2023\/05\/logotextual1.jpg","contentUrl":"https:\/\/diariotextual.com\/inicio\/wp-content\/uploads\/2023\/05\/logotextual1.jpg","width":516,"height":76,"caption":"Diario Textual"},"image":{"@id":"https:\/\/diariotextual.com\/inicio\/#\/schema\/logo\/image\/"},"sameAs":["https:\/\/www.facebook.com\/eltextual","https:\/\/x.com\/eltextual","http:\/\/www.instagram.com\/eltextual"]},{"@type":"Person","@id":"https:\/\/diariotextual.com\/inicio\/#\/schema\/person\/c7834961ad8b29b1d9cdbf4571299067","name":"diario5","image":{"@type":"ImageObject","inLanguage":"es","@id":"https:\/\/secure.gravatar.com\/avatar\/948c893b847ca6df68216ead81b63f363408ec9b0f600fefc0641ce78613b111?s=96&d=mm&r=g","url":"https:\/\/secure.gravatar.com\/avatar\/948c893b847ca6df68216ead81b63f363408ec9b0f600fefc0641ce78613b111?s=96&d=mm&r=g","contentUrl":"https:\/\/secure.gravatar.com\/avatar\/948c893b847ca6df68216ead81b63f363408ec9b0f600fefc0641ce78613b111?s=96&d=mm&r=g","caption":"diario5"},"url":"https:\/\/diariotextual.com\/inicio\/index.php\/author\/diario5\/"}]}},"_links":{"self":[{"href":"https:\/\/diariotextual.com\/inicio\/index.php\/wp-json\/wp\/v2\/posts\/236565","targetHints":{"allow":["GET"]}}],"collection":[{"href":"https:\/\/diariotextual.com\/inicio\/index.php\/wp-json\/wp\/v2\/posts"}],"about":[{"href":"https:\/\/diariotextual.com\/inicio\/index.php\/wp-json\/wp\/v2\/types\/post"}],"author":[{"embeddable":true,"href":"https:\/\/diariotextual.com\/inicio\/index.php\/wp-json\/wp\/v2\/users\/7"}],"replies":[{"embeddable":true,"href":"https:\/\/diariotextual.com\/inicio\/index.php\/wp-json\/wp\/v2\/comments?post=236565"}],"version-history":[{"count":3,"href":"https:\/\/diariotextual.com\/inicio\/index.php\/wp-json\/wp\/v2\/posts\/236565\/revisions"}],"predecessor-version":[{"id":236593,"href":"https:\/\/diariotextual.com\/inicio\/index.php\/wp-json\/wp\/v2\/posts\/236565\/revisions\/236593"}],"wp:featuredmedia":[{"embeddable":true,"href":"https:\/\/diariotextual.com\/inicio\/index.php\/wp-json\/wp\/v2\/media\/236566"}],"wp:attachment":[{"href":"https:\/\/diariotextual.com\/inicio\/index.php\/wp-json\/wp\/v2\/media?parent=236565"}],"wp:term":[{"taxonomy":"category","embeddable":true,"href":"https:\/\/diariotextual.com\/inicio\/index.php\/wp-json\/wp\/v2\/categories?post=236565"},{"taxonomy":"post_tag","embeddable":true,"href":"https:\/\/diariotextual.com\/inicio\/index.php\/wp-json\/wp\/v2\/tags?post=236565"}],"curies":[{"name":"wp","href":"https:\/\/api.w.org\/{rel}","templated":true}]}}