{"id":236581,"date":"2023-09-07T19:03:00","date_gmt":"2023-09-07T22:03:00","guid":{"rendered":"https:\/\/diariotextual.com\/inicio\/?p=236581"},"modified":"2023-09-08T18:45:23","modified_gmt":"2023-09-08T21:45:23","slug":"se-cuela-en-la-campana-electoral-del-pj-el-debate-por-el-posvernismo","status":"publish","type":"post","link":"https:\/\/diariotextual.com\/inicio\/index.php\/2023\/09\/07\/se-cuela-en-la-campana-electoral-del-pj-el-debate-por-el-posvernismo\/","title":{"rendered":"Se cuela en la campa\u00f1a electoral del PJ el debate por el posvernismo"},"content":{"rendered":"\n<p>En las<strong> filas del vernismo <\/strong>parece haberse lanzado <strong>el debate sobre el futuro papel <\/strong>que jugar\u00e1 en la pol\u00edtica provincial, y sobre todo en el peronismo pampeano. Desde General Pico, tanto la vicegobernadora electa <strong>Alicia Mayoral <\/strong>como la intendenta de la ciudad, <strong>Fernanda Alonso<\/strong>, piden en la Plural mayor protagonismo. Pero<strong> tambi\u00e9n se piensa en una mayor autonom\u00eda en las decisiones pol\u00edticas del exgobernador Carlos Verna.<\/strong><\/p>\n\n\n\n<p>Mayoral ser\u00e1 parte del Ejecutivo junto con el gobernador Sergio Ziliotto y Alonso tiene proyecciones provinciales para 2027. Ambas en ese sentido, y siendo dos dirigentes de peso en General Pico que se considera<strong> \u201cla capital del peronismo\u201d<\/strong>, piden integrar la mesa chica de la Plural. <strong>Declaraciones de un dirigente vernista de Pico, en los \u00faltimos d\u00edas, parecen ir en ese sentido.<\/strong><\/p>\n\n\n\n<p>Esto llevar\u00eda a replantearse tambi\u00e9n la figura de conductor de Verna. <strong>Alejarse de los continuos embates hacia la gesti\u00f3n de la Plural en la provincia que condicionan la estrategia de ambas dirigentes. En esa estrategia, Verna seguir\u00eda siendo la voz de consulta autoriza y referente, pero las decisiones pol\u00edticas pasar\u00edan a quienes tienen los cargos institucionales.<\/strong><\/p>\n\n\n\n<p>Esta discusi\u00f3n comenz\u00f3 a darse ante algunos tuits del exgobernador, como el que en plena visita del presidente Alberto Fern\u00e1ndez, le record\u00f3 que La Pampa era parte de la Patagonia, cuando en verdad el mandatario no hab\u00eda dicho lo contrario. Cuestiones que<strong> terminan enturbiando las relaciones entre el vernismo y el Gobierno<\/strong> cuando hay temas m\u00e1s urgentes como es la campa\u00f1a presidencial.<\/p>\n\n\n\n<p>En los \u00faltimos d\u00edas, igualmente<strong> parece haber una distenci\u00f3n <\/strong>en ese sentido, luego de que Ziliotto y Verna postearon en el mismo sentido ante la medida de la Corte Suprema de Justicia que aprob\u00f3 la liquidaci\u00f3n del monto de la demanda impuesta en 2007 contra el Gobierno Nacional ante la inconstitucionalidad de la detracci\u00f3n de recursos coparticipables.<\/p>\n\n\n\n<p>Verna, por lo pronto, <strong>ya hab\u00eda pedido que no lo jubilaran antes de tiempo.<\/strong> Por eso las declaraciones de ese dirigente del vernismo <strong>tomaron de sorpresa en los plurales santarrose\u00f1os.<\/strong> \u201cNuestro conductor sigue siendo Verna\u201d, se atajaron en di\u00e1logo con <strong>Diario Textual.<\/strong><\/p>\n","protected":false},"excerpt":{"rendered":"<p>En las filas del vernismo parece haberse lanzado el debate sobre el futuro papel que jugar\u00e1 en la pol\u00edtica provincial, y sobre todo en el peronismo pampeano. Desde General Pico,&hellip;<\/p>\n","protected":false},"author":3,"featured_media":225179,"comment_status":"closed","ping_status":"open","sticky":false,"template":"","format":"standard","meta":{"_acf_changed":false,"footnotes":""},"categories":[1,11,8],"tags":[],"class_list":["post-236581","post","type-post","status-publish","format-standard","has-post-thumbnail","hentry","category-es-noticia","category-que-pasa","category-politica"],"acf":[],"yoast_head":"<!-- This site is optimized with the Yoast SEO plugin v27.5 - https:\/\/yoast.com\/product\/yoast-seo-wordpress\/ -->\n<title>Se cuela en la campa\u00f1a electoral del PJ el debate por el posvernismo - Diario Textual<\/title>\n<meta name=\"robots\" content=\"index, follow, max-snippet:-1, max-image-preview:large, max-video-preview:-1\" \/>\n<link rel=\"canonical\" href=\"https:\/\/diariotextual.com\/inicio\/index.php\/2023\/09\/07\/se-cuela-en-la-campana-electoral-del-pj-el-debate-por-el-posvernismo\/\" \/>\n<meta property=\"og:locale\" content=\"es_ES\" \/>\n<meta property=\"og:type\" content=\"article\" \/>\n<meta property=\"og:title\" content=\"Se cuela en la campa\u00f1a electoral del PJ el debate por el posvernismo - Diario Textual\" \/>\n<meta property=\"og:description\" content=\"En las filas del vernismo parece haberse lanzado el debate sobre el futuro papel que jugar\u00e1 en la pol\u00edtica provincial, y sobre todo en el peronismo pampeano. Desde General Pico,&hellip;\" \/>\n<meta property=\"og:url\" content=\"https:\/\/diariotextual.com\/inicio\/index.php\/2023\/09\/07\/se-cuela-en-la-campana-electoral-del-pj-el-debate-por-el-posvernismo\/\" \/>\n<meta property=\"og:site_name\" content=\"Diario Textual\" \/>\n<meta property=\"article:publisher\" content=\"https:\/\/www.facebook.com\/eltextual\" \/>\n<meta property=\"article:published_time\" content=\"2023-09-07T22:03:00+00:00\" \/>\n<meta property=\"article:modified_time\" content=\"2023-09-08T21:45:23+00:00\" \/>\n<meta property=\"og:image\" content=\"https:\/\/diariotextual.com\/inicio\/wp-content\/uploads\/2023\/05\/alonsofernandaziliotto2023-3.jpg\" \/>\n\t<meta property=\"og:image:width\" content=\"2048\" \/>\n\t<meta property=\"og:image:height\" content=\"1365\" \/>\n\t<meta property=\"og:image:type\" content=\"image\/jpeg\" \/>\n<meta name=\"author\" content=\"Diario1 Diario1\" \/>\n<meta name=\"twitter:card\" content=\"summary_large_image\" \/>\n<meta name=\"twitter:creator\" content=\"@eltextual\" \/>\n<meta name=\"twitter:site\" content=\"@eltextual\" \/>\n<meta name=\"twitter:label1\" content=\"Escrito por\" \/>\n\t<meta name=\"twitter:data1\" content=\"Diario1 Diario1\" \/>\n\t<meta name=\"twitter:label2\" content=\"Tiempo de lectura\" \/>\n\t<meta name=\"twitter:data2\" content=\"2 minutos\" \/>\n<script type=\"application\/ld+json\" class=\"yoast-schema-graph\">{\"@context\":\"https:\\\/\\\/schema.org\",\"@graph\":[{\"@type\":\"Article\",\"@id\":\"https:\\\/\\\/diariotextual.com\\\/inicio\\\/index.php\\\/2023\\\/09\\\/07\\\/se-cuela-en-la-campana-electoral-del-pj-el-debate-por-el-posvernismo\\\/#article\",\"isPartOf\":{\"@id\":\"https:\\\/\\\/diariotextual.com\\\/inicio\\\/index.php\\\/2023\\\/09\\\/07\\\/se-cuela-en-la-campana-electoral-del-pj-el-debate-por-el-posvernismo\\\/\"},\"author\":{\"name\":\"Diario1 Diario1\",\"@id\":\"https:\\\/\\\/diariotextual.com\\\/inicio\\\/#\\\/schema\\\/person\\\/418fc4093c33e86ed41562db3508f958\"},\"headline\":\"Se cuela en la campa\u00f1a electoral del PJ el debate por el posvernismo\",\"datePublished\":\"2023-09-07T22:03:00+00:00\",\"dateModified\":\"2023-09-08T21:45:23+00:00\",\"mainEntityOfPage\":{\"@id\":\"https:\\\/\\\/diariotextual.com\\\/inicio\\\/index.php\\\/2023\\\/09\\\/07\\\/se-cuela-en-la-campana-electoral-del-pj-el-debate-por-el-posvernismo\\\/\"},\"wordCount\":380,\"publisher\":{\"@id\":\"https:\\\/\\\/diariotextual.com\\\/inicio\\\/#organization\"},\"image\":{\"@id\":\"https:\\\/\\\/diariotextual.com\\\/inicio\\\/index.php\\\/2023\\\/09\\\/07\\\/se-cuela-en-la-campana-electoral-del-pj-el-debate-por-el-posvernismo\\\/#primaryimage\"},\"thumbnailUrl\":\"https:\\\/\\\/diariotextual.com\\\/inicio\\\/wp-content\\\/uploads\\\/2023\\\/05\\\/alonsofernandaziliotto2023-3.jpg\",\"articleSection\":[\"A - ES NOTICIA (van abajo)\",\"A - QUE PASA (al costado)\",\"POLITICA\"],\"inLanguage\":\"es\"},{\"@type\":\"WebPage\",\"@id\":\"https:\\\/\\\/diariotextual.com\\\/inicio\\\/index.php\\\/2023\\\/09\\\/07\\\/se-cuela-en-la-campana-electoral-del-pj-el-debate-por-el-posvernismo\\\/\",\"url\":\"https:\\\/\\\/diariotextual.com\\\/inicio\\\/index.php\\\/2023\\\/09\\\/07\\\/se-cuela-en-la-campana-electoral-del-pj-el-debate-por-el-posvernismo\\\/\",\"name\":\"Se cuela en la campa\u00f1a electoral del PJ el debate por el posvernismo - Diario Textual\",\"isPartOf\":{\"@id\":\"https:\\\/\\\/diariotextual.com\\\/inicio\\\/#website\"},\"primaryImageOfPage\":{\"@id\":\"https:\\\/\\\/diariotextual.com\\\/inicio\\\/index.php\\\/2023\\\/09\\\/07\\\/se-cuela-en-la-campana-electoral-del-pj-el-debate-por-el-posvernismo\\\/#primaryimage\"},\"image\":{\"@id\":\"https:\\\/\\\/diariotextual.com\\\/inicio\\\/index.php\\\/2023\\\/09\\\/07\\\/se-cuela-en-la-campana-electoral-del-pj-el-debate-por-el-posvernismo\\\/#primaryimage\"},\"thumbnailUrl\":\"https:\\\/\\\/diariotextual.com\\\/inicio\\\/wp-content\\\/uploads\\\/2023\\\/05\\\/alonsofernandaziliotto2023-3.jpg\",\"datePublished\":\"2023-09-07T22:03:00+00:00\",\"dateModified\":\"2023-09-08T21:45:23+00:00\",\"breadcrumb\":{\"@id\":\"https:\\\/\\\/diariotextual.com\\\/inicio\\\/index.php\\\/2023\\\/09\\\/07\\\/se-cuela-en-la-campana-electoral-del-pj-el-debate-por-el-posvernismo\\\/#breadcrumb\"},\"inLanguage\":\"es\",\"potentialAction\":[{\"@type\":\"ReadAction\",\"target\":[\"https:\\\/\\\/diariotextual.com\\\/inicio\\\/index.php\\\/2023\\\/09\\\/07\\\/se-cuela-en-la-campana-electoral-del-pj-el-debate-por-el-posvernismo\\\/\"]}]},{\"@type\":\"ImageObject\",\"inLanguage\":\"es\",\"@id\":\"https:\\\/\\\/diariotextual.com\\\/inicio\\\/index.php\\\/2023\\\/09\\\/07\\\/se-cuela-en-la-campana-electoral-del-pj-el-debate-por-el-posvernismo\\\/#primaryimage\",\"url\":\"https:\\\/\\\/diariotextual.com\\\/inicio\\\/wp-content\\\/uploads\\\/2023\\\/05\\\/alonsofernandaziliotto2023-3.jpg\",\"contentUrl\":\"https:\\\/\\\/diariotextual.com\\\/inicio\\\/wp-content\\\/uploads\\\/2023\\\/05\\\/alonsofernandaziliotto2023-3.jpg\",\"width\":2048,\"height\":1365},{\"@type\":\"BreadcrumbList\",\"@id\":\"https:\\\/\\\/diariotextual.com\\\/inicio\\\/index.php\\\/2023\\\/09\\\/07\\\/se-cuela-en-la-campana-electoral-del-pj-el-debate-por-el-posvernismo\\\/#breadcrumb\",\"itemListElement\":[{\"@type\":\"ListItem\",\"position\":1,\"name\":\"Portada\",\"item\":\"https:\\\/\\\/diariotextual.com\\\/inicio\\\/\"},{\"@type\":\"ListItem\",\"position\":2,\"name\":\"Se cuela en la campa\u00f1a electoral del PJ el debate por el posvernismo\"}]},{\"@type\":\"WebSite\",\"@id\":\"https:\\\/\\\/diariotextual.com\\\/inicio\\\/#website\",\"url\":\"https:\\\/\\\/diariotextual.com\\\/inicio\\\/\",\"name\":\"Diario Textual\",\"description\":\"\",\"publisher\":{\"@id\":\"https:\\\/\\\/diariotextual.com\\\/inicio\\\/#organization\"},\"potentialAction\":[{\"@type\":\"SearchAction\",\"target\":{\"@type\":\"EntryPoint\",\"urlTemplate\":\"https:\\\/\\\/diariotextual.com\\\/inicio\\\/?s={search_term_string}\"},\"query-input\":{\"@type\":\"PropertyValueSpecification\",\"valueRequired\":true,\"valueName\":\"search_term_string\"}}],\"inLanguage\":\"es\"},{\"@type\":\"Organization\",\"@id\":\"https:\\\/\\\/diariotextual.com\\\/inicio\\\/#organization\",\"name\":\"Diario Textual\",\"url\":\"https:\\\/\\\/diariotextual.com\\\/inicio\\\/\",\"logo\":{\"@type\":\"ImageObject\",\"inLanguage\":\"es\",\"@id\":\"https:\\\/\\\/diariotextual.com\\\/inicio\\\/#\\\/schema\\\/logo\\\/image\\\/\",\"url\":\"https:\\\/\\\/diariotextual.com\\\/inicio\\\/wp-content\\\/uploads\\\/2023\\\/05\\\/logotextual1.jpg\",\"contentUrl\":\"https:\\\/\\\/diariotextual.com\\\/inicio\\\/wp-content\\\/uploads\\\/2023\\\/05\\\/logotextual1.jpg\",\"width\":516,\"height\":76,\"caption\":\"Diario Textual\"},\"image\":{\"@id\":\"https:\\\/\\\/diariotextual.com\\\/inicio\\\/#\\\/schema\\\/logo\\\/image\\\/\"},\"sameAs\":[\"https:\\\/\\\/www.facebook.com\\\/eltextual\",\"https:\\\/\\\/x.com\\\/eltextual\",\"http:\\\/\\\/www.instagram.com\\\/eltextual\"]},{\"@type\":\"Person\",\"@id\":\"https:\\\/\\\/diariotextual.com\\\/inicio\\\/#\\\/schema\\\/person\\\/418fc4093c33e86ed41562db3508f958\",\"name\":\"Diario1 Diario1\",\"image\":{\"@type\":\"ImageObject\",\"inLanguage\":\"es\",\"@id\":\"https:\\\/\\\/secure.gravatar.com\\\/avatar\\\/9167d280179c85bc18be67aa7eda765854300033af4896dd779b608640f2ef7a?s=96&d=mm&r=g\",\"url\":\"https:\\\/\\\/secure.gravatar.com\\\/avatar\\\/9167d280179c85bc18be67aa7eda765854300033af4896dd779b608640f2ef7a?s=96&d=mm&r=g\",\"contentUrl\":\"https:\\\/\\\/secure.gravatar.com\\\/avatar\\\/9167d280179c85bc18be67aa7eda765854300033af4896dd779b608640f2ef7a?s=96&d=mm&r=g\",\"caption\":\"Diario1 Diario1\"},\"url\":\"https:\\\/\\\/diariotextual.com\\\/inicio\\\/index.php\\\/author\\\/diario1\\\/\"}]}<\/script>\n<!-- \/ Yoast SEO plugin. -->","yoast_head_json":{"title":"Se cuela en la campa\u00f1a electoral del PJ el debate por el posvernismo - Diario Textual","robots":{"index":"index","follow":"follow","max-snippet":"max-snippet:-1","max-image-preview":"max-image-preview:large","max-video-preview":"max-video-preview:-1"},"canonical":"https:\/\/diariotextual.com\/inicio\/index.php\/2023\/09\/07\/se-cuela-en-la-campana-electoral-del-pj-el-debate-por-el-posvernismo\/","og_locale":"es_ES","og_type":"article","og_title":"Se cuela en la campa\u00f1a electoral del PJ el debate por el posvernismo - Diario Textual","og_description":"En las filas del vernismo parece haberse lanzado el debate sobre el futuro papel que jugar\u00e1 en la pol\u00edtica provincial, y sobre todo en el peronismo pampeano. Desde General Pico,&hellip;","og_url":"https:\/\/diariotextual.com\/inicio\/index.php\/2023\/09\/07\/se-cuela-en-la-campana-electoral-del-pj-el-debate-por-el-posvernismo\/","og_site_name":"Diario Textual","article_publisher":"https:\/\/www.facebook.com\/eltextual","article_published_time":"2023-09-07T22:03:00+00:00","article_modified_time":"2023-09-08T21:45:23+00:00","og_image":[{"width":2048,"height":1365,"url":"https:\/\/diariotextual.com\/inicio\/wp-content\/uploads\/2023\/05\/alonsofernandaziliotto2023-3.jpg","type":"image\/jpeg"}],"author":"Diario1 Diario1","twitter_card":"summary_large_image","twitter_creator":"@eltextual","twitter_site":"@eltextual","twitter_misc":{"Escrito por":"Diario1 Diario1","Tiempo de lectura":"2 minutos"},"schema":{"@context":"https:\/\/schema.org","@graph":[{"@type":"Article","@id":"https:\/\/diariotextual.com\/inicio\/index.php\/2023\/09\/07\/se-cuela-en-la-campana-electoral-del-pj-el-debate-por-el-posvernismo\/#article","isPartOf":{"@id":"https:\/\/diariotextual.com\/inicio\/index.php\/2023\/09\/07\/se-cuela-en-la-campana-electoral-del-pj-el-debate-por-el-posvernismo\/"},"author":{"name":"Diario1 Diario1","@id":"https:\/\/diariotextual.com\/inicio\/#\/schema\/person\/418fc4093c33e86ed41562db3508f958"},"headline":"Se cuela en la campa\u00f1a electoral del PJ el debate por el posvernismo","datePublished":"2023-09-07T22:03:00+00:00","dateModified":"2023-09-08T21:45:23+00:00","mainEntityOfPage":{"@id":"https:\/\/diariotextual.com\/inicio\/index.php\/2023\/09\/07\/se-cuela-en-la-campana-electoral-del-pj-el-debate-por-el-posvernismo\/"},"wordCount":380,"publisher":{"@id":"https:\/\/diariotextual.com\/inicio\/#organization"},"image":{"@id":"https:\/\/diariotextual.com\/inicio\/index.php\/2023\/09\/07\/se-cuela-en-la-campana-electoral-del-pj-el-debate-por-el-posvernismo\/#primaryimage"},"thumbnailUrl":"https:\/\/diariotextual.com\/inicio\/wp-content\/uploads\/2023\/05\/alonsofernandaziliotto2023-3.jpg","articleSection":["A - ES NOTICIA (van abajo)","A - QUE PASA (al costado)","POLITICA"],"inLanguage":"es"},{"@type":"WebPage","@id":"https:\/\/diariotextual.com\/inicio\/index.php\/2023\/09\/07\/se-cuela-en-la-campana-electoral-del-pj-el-debate-por-el-posvernismo\/","url":"https:\/\/diariotextual.com\/inicio\/index.php\/2023\/09\/07\/se-cuela-en-la-campana-electoral-del-pj-el-debate-por-el-posvernismo\/","name":"Se cuela en la campa\u00f1a electoral del PJ el debate por el posvernismo - Diario Textual","isPartOf":{"@id":"https:\/\/diariotextual.com\/inicio\/#website"},"primaryImageOfPage":{"@id":"https:\/\/diariotextual.com\/inicio\/index.php\/2023\/09\/07\/se-cuela-en-la-campana-electoral-del-pj-el-debate-por-el-posvernismo\/#primaryimage"},"image":{"@id":"https:\/\/diariotextual.com\/inicio\/index.php\/2023\/09\/07\/se-cuela-en-la-campana-electoral-del-pj-el-debate-por-el-posvernismo\/#primaryimage"},"thumbnailUrl":"https:\/\/diariotextual.com\/inicio\/wp-content\/uploads\/2023\/05\/alonsofernandaziliotto2023-3.jpg","datePublished":"2023-09-07T22:03:00+00:00","dateModified":"2023-09-08T21:45:23+00:00","breadcrumb":{"@id":"https:\/\/diariotextual.com\/inicio\/index.php\/2023\/09\/07\/se-cuela-en-la-campana-electoral-del-pj-el-debate-por-el-posvernismo\/#breadcrumb"},"inLanguage":"es","potentialAction":[{"@type":"ReadAction","target":["https:\/\/diariotextual.com\/inicio\/index.php\/2023\/09\/07\/se-cuela-en-la-campana-electoral-del-pj-el-debate-por-el-posvernismo\/"]}]},{"@type":"ImageObject","inLanguage":"es","@id":"https:\/\/diariotextual.com\/inicio\/index.php\/2023\/09\/07\/se-cuela-en-la-campana-electoral-del-pj-el-debate-por-el-posvernismo\/#primaryimage","url":"https:\/\/diariotextual.com\/inicio\/wp-content\/uploads\/2023\/05\/alonsofernandaziliotto2023-3.jpg","contentUrl":"https:\/\/diariotextual.com\/inicio\/wp-content\/uploads\/2023\/05\/alonsofernandaziliotto2023-3.jpg","width":2048,"height":1365},{"@type":"BreadcrumbList","@id":"https:\/\/diariotextual.com\/inicio\/index.php\/2023\/09\/07\/se-cuela-en-la-campana-electoral-del-pj-el-debate-por-el-posvernismo\/#breadcrumb","itemListElement":[{"@type":"ListItem","position":1,"name":"Portada","item":"https:\/\/diariotextual.com\/inicio\/"},{"@type":"ListItem","position":2,"name":"Se cuela en la campa\u00f1a electoral del PJ el debate por el posvernismo"}]},{"@type":"WebSite","@id":"https:\/\/diariotextual.com\/inicio\/#website","url":"https:\/\/diariotextual.com\/inicio\/","name":"Diario Textual","description":"","publisher":{"@id":"https:\/\/diariotextual.com\/inicio\/#organization"},"potentialAction":[{"@type":"SearchAction","target":{"@type":"EntryPoint","urlTemplate":"https:\/\/diariotextual.com\/inicio\/?s={search_term_string}"},"query-input":{"@type":"PropertyValueSpecification","valueRequired":true,"valueName":"search_term_string"}}],"inLanguage":"es"},{"@type":"Organization","@id":"https:\/\/diariotextual.com\/inicio\/#organization","name":"Diario Textual","url":"https:\/\/diariotextual.com\/inicio\/","logo":{"@type":"ImageObject","inLanguage":"es","@id":"https:\/\/diariotextual.com\/inicio\/#\/schema\/logo\/image\/","url":"https:\/\/diariotextual.com\/inicio\/wp-content\/uploads\/2023\/05\/logotextual1.jpg","contentUrl":"https:\/\/diariotextual.com\/inicio\/wp-content\/uploads\/2023\/05\/logotextual1.jpg","width":516,"height":76,"caption":"Diario Textual"},"image":{"@id":"https:\/\/diariotextual.com\/inicio\/#\/schema\/logo\/image\/"},"sameAs":["https:\/\/www.facebook.com\/eltextual","https:\/\/x.com\/eltextual","http:\/\/www.instagram.com\/eltextual"]},{"@type":"Person","@id":"https:\/\/diariotextual.com\/inicio\/#\/schema\/person\/418fc4093c33e86ed41562db3508f958","name":"Diario1 Diario1","image":{"@type":"ImageObject","inLanguage":"es","@id":"https:\/\/secure.gravatar.com\/avatar\/9167d280179c85bc18be67aa7eda765854300033af4896dd779b608640f2ef7a?s=96&d=mm&r=g","url":"https:\/\/secure.gravatar.com\/avatar\/9167d280179c85bc18be67aa7eda765854300033af4896dd779b608640f2ef7a?s=96&d=mm&r=g","contentUrl":"https:\/\/secure.gravatar.com\/avatar\/9167d280179c85bc18be67aa7eda765854300033af4896dd779b608640f2ef7a?s=96&d=mm&r=g","caption":"Diario1 Diario1"},"url":"https:\/\/diariotextual.com\/inicio\/index.php\/author\/diario1\/"}]}},"_links":{"self":[{"href":"https:\/\/diariotextual.com\/inicio\/index.php\/wp-json\/wp\/v2\/posts\/236581","targetHints":{"allow":["GET"]}}],"collection":[{"href":"https:\/\/diariotextual.com\/inicio\/index.php\/wp-json\/wp\/v2\/posts"}],"about":[{"href":"https:\/\/diariotextual.com\/inicio\/index.php\/wp-json\/wp\/v2\/types\/post"}],"author":[{"embeddable":true,"href":"https:\/\/diariotextual.com\/inicio\/index.php\/wp-json\/wp\/v2\/users\/3"}],"replies":[{"embeddable":true,"href":"https:\/\/diariotextual.com\/inicio\/index.php\/wp-json\/wp\/v2\/comments?post=236581"}],"version-history":[{"count":2,"href":"https:\/\/diariotextual.com\/inicio\/index.php\/wp-json\/wp\/v2\/posts\/236581\/revisions"}],"predecessor-version":[{"id":236583,"href":"https:\/\/diariotextual.com\/inicio\/index.php\/wp-json\/wp\/v2\/posts\/236581\/revisions\/236583"}],"wp:featuredmedia":[{"embeddable":true,"href":"https:\/\/diariotextual.com\/inicio\/index.php\/wp-json\/wp\/v2\/media\/225179"}],"wp:attachment":[{"href":"https:\/\/diariotextual.com\/inicio\/index.php\/wp-json\/wp\/v2\/media?parent=236581"}],"wp:term":[{"taxonomy":"category","embeddable":true,"href":"https:\/\/diariotextual.com\/inicio\/index.php\/wp-json\/wp\/v2\/categories?post=236581"},{"taxonomy":"post_tag","embeddable":true,"href":"https:\/\/diariotextual.com\/inicio\/index.php\/wp-json\/wp\/v2\/tags?post=236581"}],"curies":[{"name":"wp","href":"https:\/\/api.w.org\/{rel}","templated":true}]}}