{"id":236600,"date":"2023-09-07T13:11:24","date_gmt":"2023-09-07T16:11:24","guid":{"rendered":"https:\/\/diariotextual.com\/inicio\/?p=236600"},"modified":"2023-09-07T19:08:58","modified_gmt":"2023-09-07T22:08:58","slug":"ziliotto-y-su-vision-de-que-esta-en-juego-en-estas-elecciones","status":"publish","type":"post","link":"https:\/\/diariotextual.com\/inicio\/index.php\/2023\/09\/07\/ziliotto-y-su-vision-de-que-esta-en-juego-en-estas-elecciones\/","title":{"rendered":"Ziliotto y su visi\u00f3n de qu\u00e9 est\u00e1 en juego en estas elecciones"},"content":{"rendered":"\n<p>El gobernador<strong> Sergio Ziliotto<\/strong> firm\u00f3 una nota de opini\u00f3n, en el que alert\u00f3 del avance de Javier Milei que busca hacer \u201cdesaparecer el Estado\u201d y pidi\u00f3 votar por Sergio Massa para incrementar el \u201cfederalismo\u201d en el pa\u00eds. \u201cQue no nos etiqueten que sembramos miedo. Es nuestra responsabilidad visibilizar las consecuencias de la desaparici\u00f3n del Estado, como lo prometen. La misma discusi\u00f3n, con hechos tangibles, es la que debemos dar acerca del rol del Estado en su rol de intervenir virtuosamente en la econom\u00eda\u201d, escribi\u00f3 en Letra P.<\/p>\n\n\n\n<p>La siguiente es la nota completa:<\/p>\n\n\n<p>Sin dudas, convivimos en una sociedad marcadamente insatisfecha. Que no encuentra todas las respuestas que necesita y que, en esa situaci\u00f3n, se muestra permeable a soluciones inmediatas, tan m\u00e1gicas como contrarias al orden democr\u00e1tico.\u00a0<strong>Aparecen entonces personajes que les venden a los argentinos que cada uno podr\u00e1 hacer lo que quiere<\/strong>, a su libre voluntad y sin la intervenci\u00f3n de nadie.\u00a0<strong>Y a ese \u201cnadie\u201d le han puesto nombre y es el Estado.<\/strong>\u00a0Tambi\u00e9n apellido y es la pol\u00edtica.<\/p>\n<article class=\"article-body article-body--second-paragraph\">\n<p><strong>Eliminar el Estado y denostar la pol\u00edtica es su principal slogan.<\/strong>\u00a0M\u00fasica para los o\u00eddos de esa sociedad desilusionada. Es necesario aclarar que, obviamente, ni el Estado ni la pol\u00edtica hoy resultan caminos seductores. Por supuesto que la dirigencia tiene marcada responsabilidad, pero tambi\u00e9n\u00a0<strong>los grupos de poder, que a partir de sus brazos medi\u00e1ticos potencian esos sentimientos de bronca y odio<\/strong>, en muchos casos a\u00f1orando sistemas antidemocr\u00e1ticos, tierra f\u00e9rtil para sus intereses econ\u00f3micos.<\/p>\n<\/article>\n<article class=\"article-body article-body--third-paragraph\">\n<p>Sin dudas que ante ello nos corresponde por responsabilidad institucional, pol\u00edtica e hist\u00f3rica, desenmascarar esa idea tan vetusta, riesgosa y violenta que, sin duda alguna, ya fracas\u00f3 en la Argentina.\u00a0<strong>Cuando no hay Estado, lo que rige es la ley de la selva. La ley donde los poderosos dominan a los desprotegidos.<\/strong><\/p>\n<\/article>\n<article class=\"article-body article-body--fourth-paragraph\">\n<p><strong>Cuando no hay pol\u00edtica, hay corporaciones.<\/strong>\u00a0Las corporaciones echan un CEO, ponen a otro y sus ganancias siguen. En la pol\u00edtica, estamos sujetos a la decisi\u00f3n del pueblo. Por ello, no debemos caer en la dicotom\u00eda simplista del s\u00ed o el no. No discutir si m\u00e1s o menos Estado, si m\u00e1s o menos pol\u00edtica.\u00a0<strong>Es convencer que el camino es mejor Estado y mejor pol\u00edtica.<\/strong><\/p>\n<p>Hacer carne en la sociedad que la salida deber ser aquella superadora de lo que se hizo bien. No retroceder al pasado. Y militar los beneficios del Estado. A\u00fan del Estado que denigran y rechazan. O no es cierto que muchos de ellos paralelamente acuden al hospital p\u00fablico, a la escuela o la universidad p\u00fablica, acceden a servicios p\u00fablicos, medicamentos y pasajes gratis o subsidiados, gozan de los beneficios de la obra p\u00fablica y reciben protecci\u00f3n social del propio Estado. Y mayoritariamente demandan que se incrementen esos beneficios.<\/p>\n<p>Que no nos etiqueten que sembramos miedo.\u00a0<strong>Es nuestra responsabilidad visibilizar las consecuencias de la desaparici\u00f3n del Estado<\/strong>, como lo prometen. La misma discusi\u00f3n, con hechos tangibles, es la que debemos dar acerca del rol del Estado en su rol de intervenir virtuosamente en la econom\u00eda.<\/p>\n<p>En La Pampa podemos dar sobradas muestras de por qu\u00e9 la econom\u00eda y el empleo llevan casi tres a\u00f1os de crecimiento. Seguramente por el fuerte compromiso del sector privado, pero principalmente por cuantiosos incentivos p\u00fablicos para producir m\u00e1s y generar m\u00e1s trabajo.<\/p>\n<p>Demostramos que\u00a0<strong>la eficiencia no es patrimonio exclusivo del privado<\/strong>, que tambi\u00e9n existe el Estado eficiente, ordenador y moderno. Y si hablamos de desarrollo arm\u00f3nico, sin dudas otro eje de discusi\u00f3n debe ser el lugar que le otorgan a las provincias.<\/p>\n<\/article>\n<p><strong>Existe una palabra que molesta a la derecha no s\u00f3lo por su visi\u00f3n centralista, sino porque teme perder recursos y privilegios: federalismo.<\/strong>\u00a0Tan consagrado por la Constituci\u00f3n Nacional como estrat\u00e9gico para un modelo de crecimiento arm\u00f3nico con igualdad de oportunidad que garantice desarrollo con inclusi\u00f3n en todo el territorio.<\/p>\n<p><strong>Buscan permanentemente instalar la inviabilidad de las provincias argentinas.<\/strong>\u00a0Pero la actualidad muestra que la enorme mayor\u00eda de ellas pueden mostrar orgullosas su fortaleza financiera. A\u00fan a pesar de una historia de resignar recursos para acotar los desastres provocados, mayoritariamente, por su modelo econ\u00f3mico gobernando el pa\u00eds.<\/p>\n<p>Como muestra, sobra un bot\u00f3n. Desde 1988, vigencia de la Ley de Coparticipaci\u00f3n Federal, <strong>las provincias en los sucesivos Pactos Fiscales fueron resignando recursos para apuntalar la administraci\u00f3n nacional.<\/strong><\/p>\n<p>Por eso rechazamos ese ninguneo unitario.\u00a0<strong>En La Pampa ya sufrimos, en el per\u00edodo anterior y con un gobierno de derecha, lo que es el centralismo y un Estado ausente:<\/strong>\u00a0rutas nacionales sin mantenimiento, 63 viviendas sociales en todo el per\u00edodo de gobierno, s\u00f3lo tres jardines de infantes que no terminaron, ni una sola obra p\u00fablica de magnitud, son claros ejemplos del trato recibido.<\/p>\n<p>Desde el interior debemos rechazar, otra vez y las que sean necesarias, que se puede gobernar la patria creyendo que todo gira en torno a la Ciudad de Buenos Aires.\u00a0<strong>Hay un pa\u00eds entero que demanda, pero a\u00fan m\u00e1s necesita, un trato m\u00e1s equitativo.<\/strong><\/p>\n<p>No hay un desarrollo posible de la Argentina sin una mirada integra y emp\u00e1tica de cada argentino y argentina, de todo el territorio. Y si analizamos la historia, ese camino siempre se transit\u00f3 con gobiernos peronistas. Guste o no, la realidad efectiva. Sabemos que la sociedad no la est\u00e1 pasando bien. Nos hacemos cargo de ello.<\/p>\n<p>\u00a1C\u00f3mo no vamos a asumir lo que nos corresponde si siempre nos hicimos cargo de las nefastas debacles econ\u00f3micas provocadas por la derecha y sacamos al pa\u00eds adelante!\u00a0<strong>Posiblemente el mayor error del peronismo fue no explicar el pa\u00eds que recibimos<\/strong>, con un descomunal endeudamiento y sometimiento al FMI que condiciona cualquier decisi\u00f3n soberana a favor de las y los argentinos. Pandemia, guerra y sequ\u00eda hicieron todo m\u00e1s cuesta arriba. Resulta agobiante con s\u00f3lo imaginarlo,\u00a0<strong>qu\u00e9 hubiera sido de este pa\u00eds en ese contexto si no gobernara el peronismo.<\/strong><\/p>\n<p>Fruto de gobiernos peronistas, La Pampa es una provincia hist\u00f3ricamente bien administrada, financieramente sana, socialmente arm\u00f3nica y productivamente pujante. Hace poco el pueblo pampeano ratific\u00f3 en las urnas un modelo de provincia. Un modelo consolidado a partir de un estado eficiente y pol\u00edticas de inclusi\u00f3n.<\/p>\n<p>S\u00f3lo lo potenciaremos con m\u00e1s federalismo. Qued\u00f3 demostrado con este gobierno nacional. Rutas, escuelas, hospitales, gasoductos, acueductos, viviendas son peque\u00f1os ejemplos para darle tangibilidad a quienes no entienden, o no quieren entender, la palabra federalismo.<\/p>\n<p>Sin dudas que en estas elecciones se discute mucho m\u00e1s que qui\u00e9n se pone la banda presidencial. Est\u00e1n en juego conquistas de la democracia, la integridad nacional y la representatividad pol\u00edtica, pero tambi\u00e9n\u00a0<strong>qui\u00e9n administrar\u00e1 nuestros recursos naturales, tan estrat\u00e9gicos como fuertemente demandados desde afuera.<\/strong>\u00a0Si ser\u00e1 el Estado o ser\u00e1 el mercado el que decida la distribuci\u00f3n de esa riqueza.<\/p>\n<p>Tama\u00f1a diferencia, pero f\u00e1cil de explicar. Sin dudas, el Estado buscar\u00e1 compensar la baja participaci\u00f3n del trabajo mientras que\u00a0<strong>el mercado querr\u00e1 ampliar la brecha a favor del capital<\/strong>. Y en el medio, el pueblo. Seg\u00fan quien gobierne, quedar\u00e1 adentro o afuera del crecimiento y de la inclusi\u00f3n.<\/p>\n<p>Esto es claramente lo que tenemos que poner en debate. Lo que los otros no quieren debatir, porque inmediatamente desnudan su decisi\u00f3n de quitar derechos.\u00a0<strong>Su decisi\u00f3n de construir un pa\u00eds para pocos.<\/strong><\/p>\n<p>Dejemos de discutir los absurdos que proponen como pantalla. Identifiquemos el futuro que cada uno propone. Visibilicemos con claridad el futuro que encarnamos y proponemos junto a <strong>Sergio Massa<\/strong>\u00a0y\u00a0<strong>Agust\u00edn Rossi<\/strong>. El \u00fanico que garantiza consolidar una Argentina en paz y con los valores del respeto, la democracia, la soberan\u00eda y el desarrollo sostenible con equidad.<\/p>\n<p>\u00a0<\/p>\n\n\n<p><\/p>\n\n\n\n<figure class=\"wp-block-embed is-type-wp-embed is-provider-diario-textual wp-block-embed-diario-textual\"><div class=\"wp-block-embed__wrapper\">\n<blockquote class=\"wp-embedded-content\" data-secret=\"ZtLFa1eFIR\"><a href=\"https:\/\/diariotextual.com\/inicio\/index.php\/2023\/09\/07\/todas-las-lineas-peronistas-se-comprometieron-a-militar-para-volver-a-ganar-en-santa-rosa\/\">Todas las l\u00edneas peronistas se comprometieron a militar para \u201cvolver a ganar\u201d en Santa Rosa<\/a><\/blockquote><iframe class=\"wp-embedded-content\" sandbox=\"allow-scripts\" security=\"restricted\" style=\"position: absolute; clip: rect(1px, 1px, 1px, 1px);\" title=\"\u00abTodas las l\u00edneas peronistas se comprometieron a militar para \u201cvolver a ganar\u201d en Santa Rosa\u00bb \u2014 Diario Textual\" src=\"https:\/\/diariotextual.com\/inicio\/index.php\/2023\/09\/07\/todas-las-lineas-peronistas-se-comprometieron-a-militar-para-volver-a-ganar-en-santa-rosa\/embed\/#?secret=GKSoDAEHbS#?secret=ZtLFa1eFIR\" data-secret=\"ZtLFa1eFIR\" width=\"600\" height=\"338\" frameborder=\"0\" marginwidth=\"0\" marginheight=\"0\" scrolling=\"no\"><\/iframe>\n<\/div><\/figure>\n\n\n\n<p><\/p>\n\n\n\n<figure class=\"wp-block-embed is-type-wp-embed is-provider-diario-textual wp-block-embed-diario-textual\"><div class=\"wp-block-embed__wrapper\">\n<blockquote class=\"wp-embedded-content\" data-secret=\"trRKs79AVX\"><a href=\"https:\/\/diariotextual.com\/inicio\/index.php\/2023\/09\/07\/se-cuela-en-la-campana-electoral-del-pj-el-debate-por-el-posvernismo\/\">Se cuela en la campa\u00f1a electoral del PJ el debate por el posvernismo<\/a><\/blockquote><iframe class=\"wp-embedded-content\" sandbox=\"allow-scripts\" security=\"restricted\" style=\"position: absolute; clip: rect(1px, 1px, 1px, 1px);\" title=\"\u00abSe cuela en la campa\u00f1a electoral del PJ el debate por el posvernismo\u00bb \u2014 Diario Textual\" src=\"https:\/\/diariotextual.com\/inicio\/index.php\/2023\/09\/07\/se-cuela-en-la-campana-electoral-del-pj-el-debate-por-el-posvernismo\/embed\/#?secret=DfHyPreDLg#?secret=trRKs79AVX\" data-secret=\"trRKs79AVX\" width=\"600\" height=\"338\" frameborder=\"0\" marginwidth=\"0\" marginheight=\"0\" scrolling=\"no\"><\/iframe>\n<\/div><\/figure>\n","protected":false},"excerpt":{"rendered":"<p>El gobernador Sergio Ziliotto firm\u00f3 una nota de opini\u00f3n, en el que alert\u00f3 del avance de Javier Milei que busca hacer \u201cdesaparecer el Estado\u201d y pidi\u00f3 votar por Sergio Massa&hellip;<\/p>\n","protected":false},"author":3,"featured_media":221227,"comment_status":"closed","ping_status":"open","sticky":false,"template":"","format":"standard","meta":{"_acf_changed":false,"footnotes":""},"categories":[1,11,8],"tags":[],"class_list":["post-236600","post","type-post","status-publish","format-standard","has-post-thumbnail","hentry","category-es-noticia","category-que-pasa","category-politica"],"acf":[],"yoast_head":"<!-- This site is optimized with the Yoast SEO plugin v27.5 - https:\/\/yoast.com\/product\/yoast-seo-wordpress\/ -->\n<title>Ziliotto y su visi\u00f3n de qu\u00e9 est\u00e1 en juego en estas elecciones - Diario Textual<\/title>\n<meta name=\"robots\" content=\"index, follow, max-snippet:-1, max-image-preview:large, max-video-preview:-1\" \/>\n<link rel=\"canonical\" href=\"https:\/\/diariotextual.com\/inicio\/index.php\/2023\/09\/07\/ziliotto-y-su-vision-de-que-esta-en-juego-en-estas-elecciones\/\" \/>\n<meta property=\"og:locale\" content=\"es_ES\" \/>\n<meta property=\"og:type\" content=\"article\" \/>\n<meta property=\"og:title\" content=\"Ziliotto y su visi\u00f3n de qu\u00e9 est\u00e1 en juego en estas elecciones - Diario Textual\" \/>\n<meta property=\"og:description\" content=\"El gobernador Sergio Ziliotto firm\u00f3 una nota de opini\u00f3n, en el que alert\u00f3 del avance de Javier Milei que busca hacer \u201cdesaparecer el Estado\u201d y pidi\u00f3 votar por Sergio Massa&hellip;\" \/>\n<meta property=\"og:url\" content=\"https:\/\/diariotextual.com\/inicio\/index.php\/2023\/09\/07\/ziliotto-y-su-vision-de-que-esta-en-juego-en-estas-elecciones\/\" \/>\n<meta property=\"og:site_name\" content=\"Diario Textual\" \/>\n<meta property=\"article:publisher\" content=\"https:\/\/www.facebook.com\/eltextual\" \/>\n<meta property=\"article:published_time\" content=\"2023-09-07T16:11:24+00:00\" \/>\n<meta property=\"article:modified_time\" content=\"2023-09-07T22:08:58+00:00\" \/>\n<meta property=\"og:image\" content=\"https:\/\/diariotextual.com\/inicio\/wp-content\/uploads\/2023\/04\/ziliottosergio2023-10889.jpg\" \/>\n\t<meta property=\"og:image:width\" content=\"1500\" \/>\n\t<meta property=\"og:image:height\" content=\"1000\" \/>\n\t<meta property=\"og:image:type\" content=\"image\/jpeg\" \/>\n<meta name=\"author\" content=\"Diario1 Diario1\" \/>\n<meta name=\"twitter:card\" content=\"summary_large_image\" \/>\n<meta name=\"twitter:creator\" content=\"@eltextual\" \/>\n<meta name=\"twitter:site\" content=\"@eltextual\" \/>\n<meta name=\"twitter:label1\" content=\"Escrito por\" \/>\n\t<meta name=\"twitter:data1\" content=\"Diario1 Diario1\" \/>\n\t<meta name=\"twitter:label2\" content=\"Tiempo de lectura\" \/>\n\t<meta name=\"twitter:data2\" content=\"6 minutos\" \/>\n<script type=\"application\/ld+json\" class=\"yoast-schema-graph\">{\"@context\":\"https:\\\/\\\/schema.org\",\"@graph\":[{\"@type\":\"Article\",\"@id\":\"https:\\\/\\\/diariotextual.com\\\/inicio\\\/index.php\\\/2023\\\/09\\\/07\\\/ziliotto-y-su-vision-de-que-esta-en-juego-en-estas-elecciones\\\/#article\",\"isPartOf\":{\"@id\":\"https:\\\/\\\/diariotextual.com\\\/inicio\\\/index.php\\\/2023\\\/09\\\/07\\\/ziliotto-y-su-vision-de-que-esta-en-juego-en-estas-elecciones\\\/\"},\"author\":{\"name\":\"Diario1 Diario1\",\"@id\":\"https:\\\/\\\/diariotextual.com\\\/inicio\\\/#\\\/schema\\\/person\\\/418fc4093c33e86ed41562db3508f958\"},\"headline\":\"Ziliotto y su visi\u00f3n de qu\u00e9 est\u00e1 en juego en estas elecciones\",\"datePublished\":\"2023-09-07T16:11:24+00:00\",\"dateModified\":\"2023-09-07T22:08:58+00:00\",\"mainEntityOfPage\":{\"@id\":\"https:\\\/\\\/diariotextual.com\\\/inicio\\\/index.php\\\/2023\\\/09\\\/07\\\/ziliotto-y-su-vision-de-que-esta-en-juego-en-estas-elecciones\\\/\"},\"wordCount\":1366,\"publisher\":{\"@id\":\"https:\\\/\\\/diariotextual.com\\\/inicio\\\/#organization\"},\"image\":{\"@id\":\"https:\\\/\\\/diariotextual.com\\\/inicio\\\/index.php\\\/2023\\\/09\\\/07\\\/ziliotto-y-su-vision-de-que-esta-en-juego-en-estas-elecciones\\\/#primaryimage\"},\"thumbnailUrl\":\"https:\\\/\\\/diariotextual.com\\\/inicio\\\/wp-content\\\/uploads\\\/2023\\\/04\\\/ziliottosergio2023-10889.jpg\",\"articleSection\":[\"A - ES NOTICIA (van abajo)\",\"A - QUE PASA (al costado)\",\"POLITICA\"],\"inLanguage\":\"es\"},{\"@type\":\"WebPage\",\"@id\":\"https:\\\/\\\/diariotextual.com\\\/inicio\\\/index.php\\\/2023\\\/09\\\/07\\\/ziliotto-y-su-vision-de-que-esta-en-juego-en-estas-elecciones\\\/\",\"url\":\"https:\\\/\\\/diariotextual.com\\\/inicio\\\/index.php\\\/2023\\\/09\\\/07\\\/ziliotto-y-su-vision-de-que-esta-en-juego-en-estas-elecciones\\\/\",\"name\":\"Ziliotto y su visi\u00f3n de qu\u00e9 est\u00e1 en juego en estas elecciones - Diario Textual\",\"isPartOf\":{\"@id\":\"https:\\\/\\\/diariotextual.com\\\/inicio\\\/#website\"},\"primaryImageOfPage\":{\"@id\":\"https:\\\/\\\/diariotextual.com\\\/inicio\\\/index.php\\\/2023\\\/09\\\/07\\\/ziliotto-y-su-vision-de-que-esta-en-juego-en-estas-elecciones\\\/#primaryimage\"},\"image\":{\"@id\":\"https:\\\/\\\/diariotextual.com\\\/inicio\\\/index.php\\\/2023\\\/09\\\/07\\\/ziliotto-y-su-vision-de-que-esta-en-juego-en-estas-elecciones\\\/#primaryimage\"},\"thumbnailUrl\":\"https:\\\/\\\/diariotextual.com\\\/inicio\\\/wp-content\\\/uploads\\\/2023\\\/04\\\/ziliottosergio2023-10889.jpg\",\"datePublished\":\"2023-09-07T16:11:24+00:00\",\"dateModified\":\"2023-09-07T22:08:58+00:00\",\"breadcrumb\":{\"@id\":\"https:\\\/\\\/diariotextual.com\\\/inicio\\\/index.php\\\/2023\\\/09\\\/07\\\/ziliotto-y-su-vision-de-que-esta-en-juego-en-estas-elecciones\\\/#breadcrumb\"},\"inLanguage\":\"es\",\"potentialAction\":[{\"@type\":\"ReadAction\",\"target\":[\"https:\\\/\\\/diariotextual.com\\\/inicio\\\/index.php\\\/2023\\\/09\\\/07\\\/ziliotto-y-su-vision-de-que-esta-en-juego-en-estas-elecciones\\\/\"]}]},{\"@type\":\"ImageObject\",\"inLanguage\":\"es\",\"@id\":\"https:\\\/\\\/diariotextual.com\\\/inicio\\\/index.php\\\/2023\\\/09\\\/07\\\/ziliotto-y-su-vision-de-que-esta-en-juego-en-estas-elecciones\\\/#primaryimage\",\"url\":\"https:\\\/\\\/diariotextual.com\\\/inicio\\\/wp-content\\\/uploads\\\/2023\\\/04\\\/ziliottosergio2023-10889.jpg\",\"contentUrl\":\"https:\\\/\\\/diariotextual.com\\\/inicio\\\/wp-content\\\/uploads\\\/2023\\\/04\\\/ziliottosergio2023-10889.jpg\",\"width\":1500,\"height\":1000},{\"@type\":\"BreadcrumbList\",\"@id\":\"https:\\\/\\\/diariotextual.com\\\/inicio\\\/index.php\\\/2023\\\/09\\\/07\\\/ziliotto-y-su-vision-de-que-esta-en-juego-en-estas-elecciones\\\/#breadcrumb\",\"itemListElement\":[{\"@type\":\"ListItem\",\"position\":1,\"name\":\"Portada\",\"item\":\"https:\\\/\\\/diariotextual.com\\\/inicio\\\/\"},{\"@type\":\"ListItem\",\"position\":2,\"name\":\"Ziliotto y su visi\u00f3n de qu\u00e9 est\u00e1 en juego en estas elecciones\"}]},{\"@type\":\"WebSite\",\"@id\":\"https:\\\/\\\/diariotextual.com\\\/inicio\\\/#website\",\"url\":\"https:\\\/\\\/diariotextual.com\\\/inicio\\\/\",\"name\":\"Diario Textual\",\"description\":\"\",\"publisher\":{\"@id\":\"https:\\\/\\\/diariotextual.com\\\/inicio\\\/#organization\"},\"potentialAction\":[{\"@type\":\"SearchAction\",\"target\":{\"@type\":\"EntryPoint\",\"urlTemplate\":\"https:\\\/\\\/diariotextual.com\\\/inicio\\\/?s={search_term_string}\"},\"query-input\":{\"@type\":\"PropertyValueSpecification\",\"valueRequired\":true,\"valueName\":\"search_term_string\"}}],\"inLanguage\":\"es\"},{\"@type\":\"Organization\",\"@id\":\"https:\\\/\\\/diariotextual.com\\\/inicio\\\/#organization\",\"name\":\"Diario Textual\",\"url\":\"https:\\\/\\\/diariotextual.com\\\/inicio\\\/\",\"logo\":{\"@type\":\"ImageObject\",\"inLanguage\":\"es\",\"@id\":\"https:\\\/\\\/diariotextual.com\\\/inicio\\\/#\\\/schema\\\/logo\\\/image\\\/\",\"url\":\"https:\\\/\\\/diariotextual.com\\\/inicio\\\/wp-content\\\/uploads\\\/2023\\\/05\\\/logotextual1.jpg\",\"contentUrl\":\"https:\\\/\\\/diariotextual.com\\\/inicio\\\/wp-content\\\/uploads\\\/2023\\\/05\\\/logotextual1.jpg\",\"width\":516,\"height\":76,\"caption\":\"Diario Textual\"},\"image\":{\"@id\":\"https:\\\/\\\/diariotextual.com\\\/inicio\\\/#\\\/schema\\\/logo\\\/image\\\/\"},\"sameAs\":[\"https:\\\/\\\/www.facebook.com\\\/eltextual\",\"https:\\\/\\\/x.com\\\/eltextual\",\"http:\\\/\\\/www.instagram.com\\\/eltextual\"]},{\"@type\":\"Person\",\"@id\":\"https:\\\/\\\/diariotextual.com\\\/inicio\\\/#\\\/schema\\\/person\\\/418fc4093c33e86ed41562db3508f958\",\"name\":\"Diario1 Diario1\",\"image\":{\"@type\":\"ImageObject\",\"inLanguage\":\"es\",\"@id\":\"https:\\\/\\\/secure.gravatar.com\\\/avatar\\\/9167d280179c85bc18be67aa7eda765854300033af4896dd779b608640f2ef7a?s=96&d=mm&r=g\",\"url\":\"https:\\\/\\\/secure.gravatar.com\\\/avatar\\\/9167d280179c85bc18be67aa7eda765854300033af4896dd779b608640f2ef7a?s=96&d=mm&r=g\",\"contentUrl\":\"https:\\\/\\\/secure.gravatar.com\\\/avatar\\\/9167d280179c85bc18be67aa7eda765854300033af4896dd779b608640f2ef7a?s=96&d=mm&r=g\",\"caption\":\"Diario1 Diario1\"},\"url\":\"https:\\\/\\\/diariotextual.com\\\/inicio\\\/index.php\\\/author\\\/diario1\\\/\"}]}<\/script>\n<!-- \/ Yoast SEO plugin. -->","yoast_head_json":{"title":"Ziliotto y su visi\u00f3n de qu\u00e9 est\u00e1 en juego en estas elecciones - Diario Textual","robots":{"index":"index","follow":"follow","max-snippet":"max-snippet:-1","max-image-preview":"max-image-preview:large","max-video-preview":"max-video-preview:-1"},"canonical":"https:\/\/diariotextual.com\/inicio\/index.php\/2023\/09\/07\/ziliotto-y-su-vision-de-que-esta-en-juego-en-estas-elecciones\/","og_locale":"es_ES","og_type":"article","og_title":"Ziliotto y su visi\u00f3n de qu\u00e9 est\u00e1 en juego en estas elecciones - Diario Textual","og_description":"El gobernador Sergio Ziliotto firm\u00f3 una nota de opini\u00f3n, en el que alert\u00f3 del avance de Javier Milei que busca hacer \u201cdesaparecer el Estado\u201d y pidi\u00f3 votar por Sergio Massa&hellip;","og_url":"https:\/\/diariotextual.com\/inicio\/index.php\/2023\/09\/07\/ziliotto-y-su-vision-de-que-esta-en-juego-en-estas-elecciones\/","og_site_name":"Diario Textual","article_publisher":"https:\/\/www.facebook.com\/eltextual","article_published_time":"2023-09-07T16:11:24+00:00","article_modified_time":"2023-09-07T22:08:58+00:00","og_image":[{"width":1500,"height":1000,"url":"https:\/\/diariotextual.com\/inicio\/wp-content\/uploads\/2023\/04\/ziliottosergio2023-10889.jpg","type":"image\/jpeg"}],"author":"Diario1 Diario1","twitter_card":"summary_large_image","twitter_creator":"@eltextual","twitter_site":"@eltextual","twitter_misc":{"Escrito por":"Diario1 Diario1","Tiempo de lectura":"6 minutos"},"schema":{"@context":"https:\/\/schema.org","@graph":[{"@type":"Article","@id":"https:\/\/diariotextual.com\/inicio\/index.php\/2023\/09\/07\/ziliotto-y-su-vision-de-que-esta-en-juego-en-estas-elecciones\/#article","isPartOf":{"@id":"https:\/\/diariotextual.com\/inicio\/index.php\/2023\/09\/07\/ziliotto-y-su-vision-de-que-esta-en-juego-en-estas-elecciones\/"},"author":{"name":"Diario1 Diario1","@id":"https:\/\/diariotextual.com\/inicio\/#\/schema\/person\/418fc4093c33e86ed41562db3508f958"},"headline":"Ziliotto y su visi\u00f3n de qu\u00e9 est\u00e1 en juego en estas elecciones","datePublished":"2023-09-07T16:11:24+00:00","dateModified":"2023-09-07T22:08:58+00:00","mainEntityOfPage":{"@id":"https:\/\/diariotextual.com\/inicio\/index.php\/2023\/09\/07\/ziliotto-y-su-vision-de-que-esta-en-juego-en-estas-elecciones\/"},"wordCount":1366,"publisher":{"@id":"https:\/\/diariotextual.com\/inicio\/#organization"},"image":{"@id":"https:\/\/diariotextual.com\/inicio\/index.php\/2023\/09\/07\/ziliotto-y-su-vision-de-que-esta-en-juego-en-estas-elecciones\/#primaryimage"},"thumbnailUrl":"https:\/\/diariotextual.com\/inicio\/wp-content\/uploads\/2023\/04\/ziliottosergio2023-10889.jpg","articleSection":["A - ES NOTICIA (van abajo)","A - QUE PASA (al costado)","POLITICA"],"inLanguage":"es"},{"@type":"WebPage","@id":"https:\/\/diariotextual.com\/inicio\/index.php\/2023\/09\/07\/ziliotto-y-su-vision-de-que-esta-en-juego-en-estas-elecciones\/","url":"https:\/\/diariotextual.com\/inicio\/index.php\/2023\/09\/07\/ziliotto-y-su-vision-de-que-esta-en-juego-en-estas-elecciones\/","name":"Ziliotto y su visi\u00f3n de qu\u00e9 est\u00e1 en juego en estas elecciones - Diario Textual","isPartOf":{"@id":"https:\/\/diariotextual.com\/inicio\/#website"},"primaryImageOfPage":{"@id":"https:\/\/diariotextual.com\/inicio\/index.php\/2023\/09\/07\/ziliotto-y-su-vision-de-que-esta-en-juego-en-estas-elecciones\/#primaryimage"},"image":{"@id":"https:\/\/diariotextual.com\/inicio\/index.php\/2023\/09\/07\/ziliotto-y-su-vision-de-que-esta-en-juego-en-estas-elecciones\/#primaryimage"},"thumbnailUrl":"https:\/\/diariotextual.com\/inicio\/wp-content\/uploads\/2023\/04\/ziliottosergio2023-10889.jpg","datePublished":"2023-09-07T16:11:24+00:00","dateModified":"2023-09-07T22:08:58+00:00","breadcrumb":{"@id":"https:\/\/diariotextual.com\/inicio\/index.php\/2023\/09\/07\/ziliotto-y-su-vision-de-que-esta-en-juego-en-estas-elecciones\/#breadcrumb"},"inLanguage":"es","potentialAction":[{"@type":"ReadAction","target":["https:\/\/diariotextual.com\/inicio\/index.php\/2023\/09\/07\/ziliotto-y-su-vision-de-que-esta-en-juego-en-estas-elecciones\/"]}]},{"@type":"ImageObject","inLanguage":"es","@id":"https:\/\/diariotextual.com\/inicio\/index.php\/2023\/09\/07\/ziliotto-y-su-vision-de-que-esta-en-juego-en-estas-elecciones\/#primaryimage","url":"https:\/\/diariotextual.com\/inicio\/wp-content\/uploads\/2023\/04\/ziliottosergio2023-10889.jpg","contentUrl":"https:\/\/diariotextual.com\/inicio\/wp-content\/uploads\/2023\/04\/ziliottosergio2023-10889.jpg","width":1500,"height":1000},{"@type":"BreadcrumbList","@id":"https:\/\/diariotextual.com\/inicio\/index.php\/2023\/09\/07\/ziliotto-y-su-vision-de-que-esta-en-juego-en-estas-elecciones\/#breadcrumb","itemListElement":[{"@type":"ListItem","position":1,"name":"Portada","item":"https:\/\/diariotextual.com\/inicio\/"},{"@type":"ListItem","position":2,"name":"Ziliotto y su visi\u00f3n de qu\u00e9 est\u00e1 en juego en estas elecciones"}]},{"@type":"WebSite","@id":"https:\/\/diariotextual.com\/inicio\/#website","url":"https:\/\/diariotextual.com\/inicio\/","name":"Diario Textual","description":"","publisher":{"@id":"https:\/\/diariotextual.com\/inicio\/#organization"},"potentialAction":[{"@type":"SearchAction","target":{"@type":"EntryPoint","urlTemplate":"https:\/\/diariotextual.com\/inicio\/?s={search_term_string}"},"query-input":{"@type":"PropertyValueSpecification","valueRequired":true,"valueName":"search_term_string"}}],"inLanguage":"es"},{"@type":"Organization","@id":"https:\/\/diariotextual.com\/inicio\/#organization","name":"Diario Textual","url":"https:\/\/diariotextual.com\/inicio\/","logo":{"@type":"ImageObject","inLanguage":"es","@id":"https:\/\/diariotextual.com\/inicio\/#\/schema\/logo\/image\/","url":"https:\/\/diariotextual.com\/inicio\/wp-content\/uploads\/2023\/05\/logotextual1.jpg","contentUrl":"https:\/\/diariotextual.com\/inicio\/wp-content\/uploads\/2023\/05\/logotextual1.jpg","width":516,"height":76,"caption":"Diario Textual"},"image":{"@id":"https:\/\/diariotextual.com\/inicio\/#\/schema\/logo\/image\/"},"sameAs":["https:\/\/www.facebook.com\/eltextual","https:\/\/x.com\/eltextual","http:\/\/www.instagram.com\/eltextual"]},{"@type":"Person","@id":"https:\/\/diariotextual.com\/inicio\/#\/schema\/person\/418fc4093c33e86ed41562db3508f958","name":"Diario1 Diario1","image":{"@type":"ImageObject","inLanguage":"es","@id":"https:\/\/secure.gravatar.com\/avatar\/9167d280179c85bc18be67aa7eda765854300033af4896dd779b608640f2ef7a?s=96&d=mm&r=g","url":"https:\/\/secure.gravatar.com\/avatar\/9167d280179c85bc18be67aa7eda765854300033af4896dd779b608640f2ef7a?s=96&d=mm&r=g","contentUrl":"https:\/\/secure.gravatar.com\/avatar\/9167d280179c85bc18be67aa7eda765854300033af4896dd779b608640f2ef7a?s=96&d=mm&r=g","caption":"Diario1 Diario1"},"url":"https:\/\/diariotextual.com\/inicio\/index.php\/author\/diario1\/"}]}},"_links":{"self":[{"href":"https:\/\/diariotextual.com\/inicio\/index.php\/wp-json\/wp\/v2\/posts\/236600","targetHints":{"allow":["GET"]}}],"collection":[{"href":"https:\/\/diariotextual.com\/inicio\/index.php\/wp-json\/wp\/v2\/posts"}],"about":[{"href":"https:\/\/diariotextual.com\/inicio\/index.php\/wp-json\/wp\/v2\/types\/post"}],"author":[{"embeddable":true,"href":"https:\/\/diariotextual.com\/inicio\/index.php\/wp-json\/wp\/v2\/users\/3"}],"replies":[{"embeddable":true,"href":"https:\/\/diariotextual.com\/inicio\/index.php\/wp-json\/wp\/v2\/comments?post=236600"}],"version-history":[{"count":8,"href":"https:\/\/diariotextual.com\/inicio\/index.php\/wp-json\/wp\/v2\/posts\/236600\/revisions"}],"predecessor-version":[{"id":236610,"href":"https:\/\/diariotextual.com\/inicio\/index.php\/wp-json\/wp\/v2\/posts\/236600\/revisions\/236610"}],"wp:featuredmedia":[{"embeddable":true,"href":"https:\/\/diariotextual.com\/inicio\/index.php\/wp-json\/wp\/v2\/media\/221227"}],"wp:attachment":[{"href":"https:\/\/diariotextual.com\/inicio\/index.php\/wp-json\/wp\/v2\/media?parent=236600"}],"wp:term":[{"taxonomy":"category","embeddable":true,"href":"https:\/\/diariotextual.com\/inicio\/index.php\/wp-json\/wp\/v2\/categories?post=236600"},{"taxonomy":"post_tag","embeddable":true,"href":"https:\/\/diariotextual.com\/inicio\/index.php\/wp-json\/wp\/v2\/tags?post=236600"}],"curies":[{"name":"wp","href":"https:\/\/api.w.org\/{rel}","templated":true}]}}