{"id":236663,"date":"2023-09-07T19:26:31","date_gmt":"2023-09-07T22:26:31","guid":{"rendered":"https:\/\/diariotextual.com\/inicio\/?p=236663"},"modified":"2023-09-08T10:00:26","modified_gmt":"2023-09-08T13:00:26","slug":"la-corte-no-deberia-haber-aplicado-sino-el-consejo-de-la-magistratura","status":"publish","type":"post","link":"https:\/\/diariotextual.com\/inicio\/index.php\/2023\/09\/07\/la-corte-no-deberia-haber-aplicado-sino-el-consejo-de-la-magistratura\/","title":{"rendered":"\u201cLa Corte no deber\u00eda haber aplicado sino el Consejo de la Magistratura\u201d"},"content":{"rendered":"\n<p>El fallo de la Corte Suprema que orden\u00f3 a la jueza Mar\u00eda Figueroa que deje su cargo en la C\u00e1mara de Casaci\u00f3n tras haber pasado los 75 a\u00f1os gener\u00f3 controversias en todos los sectores. El <strong>reconocido abogado constitucionalista Andr\u00e9s Gil Dom\u00ednguez respald\u00f3 la aplicaci\u00f3n de la regla fijada en la Constituci\u00f3n Nacional para las funciones de los jueces<\/strong> (art. 99 inciso 4) aunque no escatim\u00f3 en cuestionamientos.<\/p>\n\n\n\n<p>\u201cNo se trata de nombre, <strong>no tiene nombre, ni se llama Ana Mar\u00eda Figueroa, es un tema de aplicaci\u00f3n de una regla. Est\u00e1 bien que se aplique<\/strong>\u201d, remarc\u00f3 en declaraciones a Splendid &#8211; 990.<\/p>\n\n\n\n<p>A pesar de haberse mostrado a favor de la normativa que fue creada para evitar que los jueces se perpet\u00faen en el cargo, expres\u00f3: \u201c<strong>La Corte no deber\u00eda haber aplicado esta regla sino el Consejo de la Magistratura. La Corte no es el \u00f3rgano competente<\/strong>\u201d.<\/p>\n\n\n\n<p>\u201cEs una regla controvertida, a pesar de que es clara, fue incorporada por un fallo en 1994. La hab\u00edan declarado nula, por lo que los jueces se quedaban hasta m\u00e1s de los 75 a\u00f1os\u201d, explic\u00f3, y continu\u00f3: \u201cA partir del restablecimiento de la regla, para poder continuar por el periodo de cinco a\u00f1os, se necesita expresar su voluntad un a\u00f1o despu\u00e9s, que un presidente tome este pedido, y lo presente al Senado que ser\u00e1 el que decidir\u00e1. Si esto no sucede, opera la regla y el juez cesa\u201d.<\/p>\n\n\n\n<figure class=\"wp-block-embed is-type-wp-embed is-provider-diario-textual wp-block-embed-diario-textual\"><div class=\"wp-block-embed__wrapper\">\n<blockquote class=\"wp-embedded-content\" data-secret=\"UGZQYjLufg\"><a href=\"https:\/\/diariotextual.com\/inicio\/index.php\/2023\/09\/06\/la-corte-ordeno-que-la-jueza-figueroa-deje-su-cargo-en-la-camara-de-casacion\/\">La Corte orden\u00f3 que la jueza Figueroa deje su cargo en la C\u00e1mara de Casaci\u00f3n<\/a><\/blockquote><iframe class=\"wp-embedded-content\" sandbox=\"allow-scripts\" security=\"restricted\" style=\"position: absolute; clip: rect(1px, 1px, 1px, 1px);\" title=\"\u00abLa Corte orden\u00f3 que la jueza Figueroa deje su cargo en la C\u00e1mara de Casaci\u00f3n\u00bb \u2014 Diario Textual\" src=\"https:\/\/diariotextual.com\/inicio\/index.php\/2023\/09\/06\/la-corte-ordeno-que-la-jueza-figueroa-deje-su-cargo-en-la-camara-de-casacion\/embed\/#?secret=pogC0PUbVK#?secret=UGZQYjLufg\" data-secret=\"UGZQYjLufg\" width=\"600\" height=\"338\" frameborder=\"0\" marginwidth=\"0\" marginheight=\"0\" scrolling=\"no\"><\/iframe>\n<\/div><\/figure>\n\n\n\n<p>El constitucionalista explic\u00f3 que <strong>el Consejo de la Magistratura, \u00f3rgano competente para la aplicaci\u00f3n de la normativa, se encuentra paralizado, sin mantener reuniones<\/strong>, por lo que la Corte Suprema asumi\u00f3 la facultad de hacer valer la regla.<\/p>\n\n\n\n<p>\u201cEst\u00e1 bien que se aplique. No me parece competente, pero <strong>jur\u00eddicamente ten\u00eda que resolverlo el Consejo de la Magistratura, pero como no tienen qu\u00f3rum para reunirse, lo realiz\u00f3 la Corte Suprema<\/strong>\u201d, explic\u00f3.<\/p>\n\n\n\n<p>En otro pasaje de la entrevista, subray\u00f3: \u201cEl otro problema es que<strong> a partir del restablecimiento hubo varios casos de jueces que se quedaron sin acuerdo, hay una doble vara<\/strong>\u201d.<\/p>\n\n\n\n<p>\u201cHubo <strong>muchos casos donde, a pesar de haberse cumplido los 75 a\u00f1os, se esper\u00f3 al Senado para que dieran el acuerdo<\/strong>. Estamos en una eterna doble vara, de aplicaci\u00f3n de una regla a caso que son similares. Pedidos que se aplique la regla a todos los casos sin discusi\u00f3n ni interpretaci\u00f3n\u201d, aclar\u00f3.<\/p>\n\n\n\n<p>Por \u00faltimo, plante\u00f3 que \u201ces sano que se aplique la Constituci\u00f3n\u201d, sobre todo el cumplimiento de la normativa que \u201cle puso un l\u00edmite en la duraci\u00f3n de los cargos, no debe haber discusi\u00f3n porque es una gran normativa democr\u00e1tica\u201d.<\/p>\n","protected":false},"excerpt":{"rendered":"<p>El fallo de la Corte Suprema que orden\u00f3 a la jueza Mar\u00eda Figueroa que deje su cargo en la C\u00e1mara de Casaci\u00f3n tras haber pasado los 75 a\u00f1os gener\u00f3 controversias&hellip;<\/p>\n","protected":false},"author":5,"featured_media":91665,"comment_status":"closed","ping_status":"open","sticky":false,"template":"","format":"standard","meta":{"_acf_changed":false,"footnotes":""},"categories":[1,11,8],"tags":[1127,3511],"class_list":["post-236663","post","type-post","status-publish","format-standard","has-post-thumbnail","hentry","category-es-noticia","category-que-pasa","category-politica","tag-corte-suprema","tag-gil-dominguez"],"acf":[],"yoast_head":"<!-- This site is optimized with the Yoast SEO plugin v27.5 - https:\/\/yoast.com\/product\/yoast-seo-wordpress\/ -->\n<title>\u201cLa Corte no deber\u00eda haber aplicado sino el Consejo de la Magistratura\u201d - Diario Textual<\/title>\n<meta name=\"robots\" content=\"index, follow, max-snippet:-1, max-image-preview:large, max-video-preview:-1\" \/>\n<link rel=\"canonical\" href=\"https:\/\/diariotextual.com\/inicio\/index.php\/2023\/09\/07\/la-corte-no-deberia-haber-aplicado-sino-el-consejo-de-la-magistratura\/\" \/>\n<meta property=\"og:locale\" content=\"es_ES\" \/>\n<meta property=\"og:type\" content=\"article\" \/>\n<meta property=\"og:title\" content=\"\u201cLa Corte no deber\u00eda haber aplicado sino el Consejo de la Magistratura\u201d - Diario Textual\" \/>\n<meta property=\"og:description\" content=\"El fallo de la Corte Suprema que orden\u00f3 a la jueza Mar\u00eda Figueroa que deje su cargo en la C\u00e1mara de Casaci\u00f3n tras haber pasado los 75 a\u00f1os gener\u00f3 controversias&hellip;\" \/>\n<meta property=\"og:url\" content=\"https:\/\/diariotextual.com\/inicio\/index.php\/2023\/09\/07\/la-corte-no-deberia-haber-aplicado-sino-el-consejo-de-la-magistratura\/\" \/>\n<meta property=\"og:site_name\" content=\"Diario Textual\" \/>\n<meta property=\"article:publisher\" content=\"https:\/\/www.facebook.com\/eltextual\" \/>\n<meta property=\"article:published_time\" content=\"2023-09-07T22:26:31+00:00\" \/>\n<meta property=\"article:modified_time\" content=\"2023-09-08T13:00:26+00:00\" \/>\n<meta property=\"og:image\" content=\"https:\/\/diariotextual.com\/inicio\/wp-content\/uploads\/2020\/04\/GilDominguezAndres.jpg\" \/>\n\t<meta property=\"og:image:width\" content=\"656\" \/>\n\t<meta property=\"og:image:height\" content=\"500\" \/>\n\t<meta property=\"og:image:type\" content=\"image\/jpeg\" \/>\n<meta name=\"author\" content=\"diario3\" \/>\n<meta name=\"twitter:card\" content=\"summary_large_image\" \/>\n<meta name=\"twitter:creator\" content=\"@eltextual\" \/>\n<meta name=\"twitter:site\" content=\"@eltextual\" \/>\n<meta name=\"twitter:label1\" content=\"Escrito por\" \/>\n\t<meta name=\"twitter:data1\" content=\"diario3\" \/>\n\t<meta name=\"twitter:label2\" content=\"Tiempo de lectura\" \/>\n\t<meta name=\"twitter:data2\" content=\"2 minutos\" \/>\n<script type=\"application\/ld+json\" class=\"yoast-schema-graph\">{\"@context\":\"https:\\\/\\\/schema.org\",\"@graph\":[{\"@type\":\"Article\",\"@id\":\"https:\\\/\\\/diariotextual.com\\\/inicio\\\/index.php\\\/2023\\\/09\\\/07\\\/la-corte-no-deberia-haber-aplicado-sino-el-consejo-de-la-magistratura\\\/#article\",\"isPartOf\":{\"@id\":\"https:\\\/\\\/diariotextual.com\\\/inicio\\\/index.php\\\/2023\\\/09\\\/07\\\/la-corte-no-deberia-haber-aplicado-sino-el-consejo-de-la-magistratura\\\/\"},\"author\":{\"name\":\"diario3\",\"@id\":\"https:\\\/\\\/diariotextual.com\\\/inicio\\\/#\\\/schema\\\/person\\\/a1b6f563e0ee944c60f98119389a4d9f\"},\"headline\":\"\u201cLa Corte no deber\u00eda haber aplicado sino el Consejo de la Magistratura\u201d\",\"datePublished\":\"2023-09-07T22:26:31+00:00\",\"dateModified\":\"2023-09-08T13:00:26+00:00\",\"mainEntityOfPage\":{\"@id\":\"https:\\\/\\\/diariotextual.com\\\/inicio\\\/index.php\\\/2023\\\/09\\\/07\\\/la-corte-no-deberia-haber-aplicado-sino-el-consejo-de-la-magistratura\\\/\"},\"wordCount\":468,\"publisher\":{\"@id\":\"https:\\\/\\\/diariotextual.com\\\/inicio\\\/#organization\"},\"image\":{\"@id\":\"https:\\\/\\\/diariotextual.com\\\/inicio\\\/index.php\\\/2023\\\/09\\\/07\\\/la-corte-no-deberia-haber-aplicado-sino-el-consejo-de-la-magistratura\\\/#primaryimage\"},\"thumbnailUrl\":\"https:\\\/\\\/diariotextual.com\\\/inicio\\\/wp-content\\\/uploads\\\/2020\\\/04\\\/GilDominguezAndres.jpg\",\"keywords\":[\"corte suprema\",\"gil dominguez\"],\"articleSection\":[\"A - ES NOTICIA (van abajo)\",\"A - QUE PASA (al costado)\",\"POLITICA\"],\"inLanguage\":\"es\"},{\"@type\":\"WebPage\",\"@id\":\"https:\\\/\\\/diariotextual.com\\\/inicio\\\/index.php\\\/2023\\\/09\\\/07\\\/la-corte-no-deberia-haber-aplicado-sino-el-consejo-de-la-magistratura\\\/\",\"url\":\"https:\\\/\\\/diariotextual.com\\\/inicio\\\/index.php\\\/2023\\\/09\\\/07\\\/la-corte-no-deberia-haber-aplicado-sino-el-consejo-de-la-magistratura\\\/\",\"name\":\"\u201cLa Corte no deber\u00eda haber aplicado sino el Consejo de la Magistratura\u201d - Diario Textual\",\"isPartOf\":{\"@id\":\"https:\\\/\\\/diariotextual.com\\\/inicio\\\/#website\"},\"primaryImageOfPage\":{\"@id\":\"https:\\\/\\\/diariotextual.com\\\/inicio\\\/index.php\\\/2023\\\/09\\\/07\\\/la-corte-no-deberia-haber-aplicado-sino-el-consejo-de-la-magistratura\\\/#primaryimage\"},\"image\":{\"@id\":\"https:\\\/\\\/diariotextual.com\\\/inicio\\\/index.php\\\/2023\\\/09\\\/07\\\/la-corte-no-deberia-haber-aplicado-sino-el-consejo-de-la-magistratura\\\/#primaryimage\"},\"thumbnailUrl\":\"https:\\\/\\\/diariotextual.com\\\/inicio\\\/wp-content\\\/uploads\\\/2020\\\/04\\\/GilDominguezAndres.jpg\",\"datePublished\":\"2023-09-07T22:26:31+00:00\",\"dateModified\":\"2023-09-08T13:00:26+00:00\",\"breadcrumb\":{\"@id\":\"https:\\\/\\\/diariotextual.com\\\/inicio\\\/index.php\\\/2023\\\/09\\\/07\\\/la-corte-no-deberia-haber-aplicado-sino-el-consejo-de-la-magistratura\\\/#breadcrumb\"},\"inLanguage\":\"es\",\"potentialAction\":[{\"@type\":\"ReadAction\",\"target\":[\"https:\\\/\\\/diariotextual.com\\\/inicio\\\/index.php\\\/2023\\\/09\\\/07\\\/la-corte-no-deberia-haber-aplicado-sino-el-consejo-de-la-magistratura\\\/\"]}]},{\"@type\":\"ImageObject\",\"inLanguage\":\"es\",\"@id\":\"https:\\\/\\\/diariotextual.com\\\/inicio\\\/index.php\\\/2023\\\/09\\\/07\\\/la-corte-no-deberia-haber-aplicado-sino-el-consejo-de-la-magistratura\\\/#primaryimage\",\"url\":\"https:\\\/\\\/diariotextual.com\\\/inicio\\\/wp-content\\\/uploads\\\/2020\\\/04\\\/GilDominguezAndres.jpg\",\"contentUrl\":\"https:\\\/\\\/diariotextual.com\\\/inicio\\\/wp-content\\\/uploads\\\/2020\\\/04\\\/GilDominguezAndres.jpg\",\"width\":656,\"height\":500},{\"@type\":\"BreadcrumbList\",\"@id\":\"https:\\\/\\\/diariotextual.com\\\/inicio\\\/index.php\\\/2023\\\/09\\\/07\\\/la-corte-no-deberia-haber-aplicado-sino-el-consejo-de-la-magistratura\\\/#breadcrumb\",\"itemListElement\":[{\"@type\":\"ListItem\",\"position\":1,\"name\":\"Portada\",\"item\":\"https:\\\/\\\/diariotextual.com\\\/inicio\\\/\"},{\"@type\":\"ListItem\",\"position\":2,\"name\":\"\u201cLa Corte no deber\u00eda haber aplicado sino el Consejo de la Magistratura\u201d\"}]},{\"@type\":\"WebSite\",\"@id\":\"https:\\\/\\\/diariotextual.com\\\/inicio\\\/#website\",\"url\":\"https:\\\/\\\/diariotextual.com\\\/inicio\\\/\",\"name\":\"Diario Textual\",\"description\":\"\",\"publisher\":{\"@id\":\"https:\\\/\\\/diariotextual.com\\\/inicio\\\/#organization\"},\"potentialAction\":[{\"@type\":\"SearchAction\",\"target\":{\"@type\":\"EntryPoint\",\"urlTemplate\":\"https:\\\/\\\/diariotextual.com\\\/inicio\\\/?s={search_term_string}\"},\"query-input\":{\"@type\":\"PropertyValueSpecification\",\"valueRequired\":true,\"valueName\":\"search_term_string\"}}],\"inLanguage\":\"es\"},{\"@type\":\"Organization\",\"@id\":\"https:\\\/\\\/diariotextual.com\\\/inicio\\\/#organization\",\"name\":\"Diario Textual\",\"url\":\"https:\\\/\\\/diariotextual.com\\\/inicio\\\/\",\"logo\":{\"@type\":\"ImageObject\",\"inLanguage\":\"es\",\"@id\":\"https:\\\/\\\/diariotextual.com\\\/inicio\\\/#\\\/schema\\\/logo\\\/image\\\/\",\"url\":\"https:\\\/\\\/diariotextual.com\\\/inicio\\\/wp-content\\\/uploads\\\/2023\\\/05\\\/logotextual1.jpg\",\"contentUrl\":\"https:\\\/\\\/diariotextual.com\\\/inicio\\\/wp-content\\\/uploads\\\/2023\\\/05\\\/logotextual1.jpg\",\"width\":516,\"height\":76,\"caption\":\"Diario Textual\"},\"image\":{\"@id\":\"https:\\\/\\\/diariotextual.com\\\/inicio\\\/#\\\/schema\\\/logo\\\/image\\\/\"},\"sameAs\":[\"https:\\\/\\\/www.facebook.com\\\/eltextual\",\"https:\\\/\\\/x.com\\\/eltextual\",\"http:\\\/\\\/www.instagram.com\\\/eltextual\"]},{\"@type\":\"Person\",\"@id\":\"https:\\\/\\\/diariotextual.com\\\/inicio\\\/#\\\/schema\\\/person\\\/a1b6f563e0ee944c60f98119389a4d9f\",\"name\":\"diario3\",\"image\":{\"@type\":\"ImageObject\",\"inLanguage\":\"es\",\"@id\":\"https:\\\/\\\/secure.gravatar.com\\\/avatar\\\/5e7ee62c82fc04d9dd79d746a390d93c69c43223e5faeeb3ea9461ef752bfc5d?s=96&d=mm&r=g\",\"url\":\"https:\\\/\\\/secure.gravatar.com\\\/avatar\\\/5e7ee62c82fc04d9dd79d746a390d93c69c43223e5faeeb3ea9461ef752bfc5d?s=96&d=mm&r=g\",\"contentUrl\":\"https:\\\/\\\/secure.gravatar.com\\\/avatar\\\/5e7ee62c82fc04d9dd79d746a390d93c69c43223e5faeeb3ea9461ef752bfc5d?s=96&d=mm&r=g\",\"caption\":\"diario3\"},\"url\":\"https:\\\/\\\/diariotextual.com\\\/inicio\\\/index.php\\\/author\\\/diario3\\\/\"}]}<\/script>\n<!-- \/ Yoast SEO plugin. -->","yoast_head_json":{"title":"\u201cLa Corte no deber\u00eda haber aplicado sino el Consejo de la Magistratura\u201d - Diario Textual","robots":{"index":"index","follow":"follow","max-snippet":"max-snippet:-1","max-image-preview":"max-image-preview:large","max-video-preview":"max-video-preview:-1"},"canonical":"https:\/\/diariotextual.com\/inicio\/index.php\/2023\/09\/07\/la-corte-no-deberia-haber-aplicado-sino-el-consejo-de-la-magistratura\/","og_locale":"es_ES","og_type":"article","og_title":"\u201cLa Corte no deber\u00eda haber aplicado sino el Consejo de la Magistratura\u201d - Diario Textual","og_description":"El fallo de la Corte Suprema que orden\u00f3 a la jueza Mar\u00eda Figueroa que deje su cargo en la C\u00e1mara de Casaci\u00f3n tras haber pasado los 75 a\u00f1os gener\u00f3 controversias&hellip;","og_url":"https:\/\/diariotextual.com\/inicio\/index.php\/2023\/09\/07\/la-corte-no-deberia-haber-aplicado-sino-el-consejo-de-la-magistratura\/","og_site_name":"Diario Textual","article_publisher":"https:\/\/www.facebook.com\/eltextual","article_published_time":"2023-09-07T22:26:31+00:00","article_modified_time":"2023-09-08T13:00:26+00:00","og_image":[{"width":656,"height":500,"url":"https:\/\/diariotextual.com\/inicio\/wp-content\/uploads\/2020\/04\/GilDominguezAndres.jpg","type":"image\/jpeg"}],"author":"diario3","twitter_card":"summary_large_image","twitter_creator":"@eltextual","twitter_site":"@eltextual","twitter_misc":{"Escrito por":"diario3","Tiempo de lectura":"2 minutos"},"schema":{"@context":"https:\/\/schema.org","@graph":[{"@type":"Article","@id":"https:\/\/diariotextual.com\/inicio\/index.php\/2023\/09\/07\/la-corte-no-deberia-haber-aplicado-sino-el-consejo-de-la-magistratura\/#article","isPartOf":{"@id":"https:\/\/diariotextual.com\/inicio\/index.php\/2023\/09\/07\/la-corte-no-deberia-haber-aplicado-sino-el-consejo-de-la-magistratura\/"},"author":{"name":"diario3","@id":"https:\/\/diariotextual.com\/inicio\/#\/schema\/person\/a1b6f563e0ee944c60f98119389a4d9f"},"headline":"\u201cLa Corte no deber\u00eda haber aplicado sino el Consejo de la Magistratura\u201d","datePublished":"2023-09-07T22:26:31+00:00","dateModified":"2023-09-08T13:00:26+00:00","mainEntityOfPage":{"@id":"https:\/\/diariotextual.com\/inicio\/index.php\/2023\/09\/07\/la-corte-no-deberia-haber-aplicado-sino-el-consejo-de-la-magistratura\/"},"wordCount":468,"publisher":{"@id":"https:\/\/diariotextual.com\/inicio\/#organization"},"image":{"@id":"https:\/\/diariotextual.com\/inicio\/index.php\/2023\/09\/07\/la-corte-no-deberia-haber-aplicado-sino-el-consejo-de-la-magistratura\/#primaryimage"},"thumbnailUrl":"https:\/\/diariotextual.com\/inicio\/wp-content\/uploads\/2020\/04\/GilDominguezAndres.jpg","keywords":["corte suprema","gil dominguez"],"articleSection":["A - ES NOTICIA (van abajo)","A - QUE PASA (al costado)","POLITICA"],"inLanguage":"es"},{"@type":"WebPage","@id":"https:\/\/diariotextual.com\/inicio\/index.php\/2023\/09\/07\/la-corte-no-deberia-haber-aplicado-sino-el-consejo-de-la-magistratura\/","url":"https:\/\/diariotextual.com\/inicio\/index.php\/2023\/09\/07\/la-corte-no-deberia-haber-aplicado-sino-el-consejo-de-la-magistratura\/","name":"\u201cLa Corte no deber\u00eda haber aplicado sino el Consejo de la Magistratura\u201d - Diario Textual","isPartOf":{"@id":"https:\/\/diariotextual.com\/inicio\/#website"},"primaryImageOfPage":{"@id":"https:\/\/diariotextual.com\/inicio\/index.php\/2023\/09\/07\/la-corte-no-deberia-haber-aplicado-sino-el-consejo-de-la-magistratura\/#primaryimage"},"image":{"@id":"https:\/\/diariotextual.com\/inicio\/index.php\/2023\/09\/07\/la-corte-no-deberia-haber-aplicado-sino-el-consejo-de-la-magistratura\/#primaryimage"},"thumbnailUrl":"https:\/\/diariotextual.com\/inicio\/wp-content\/uploads\/2020\/04\/GilDominguezAndres.jpg","datePublished":"2023-09-07T22:26:31+00:00","dateModified":"2023-09-08T13:00:26+00:00","breadcrumb":{"@id":"https:\/\/diariotextual.com\/inicio\/index.php\/2023\/09\/07\/la-corte-no-deberia-haber-aplicado-sino-el-consejo-de-la-magistratura\/#breadcrumb"},"inLanguage":"es","potentialAction":[{"@type":"ReadAction","target":["https:\/\/diariotextual.com\/inicio\/index.php\/2023\/09\/07\/la-corte-no-deberia-haber-aplicado-sino-el-consejo-de-la-magistratura\/"]}]},{"@type":"ImageObject","inLanguage":"es","@id":"https:\/\/diariotextual.com\/inicio\/index.php\/2023\/09\/07\/la-corte-no-deberia-haber-aplicado-sino-el-consejo-de-la-magistratura\/#primaryimage","url":"https:\/\/diariotextual.com\/inicio\/wp-content\/uploads\/2020\/04\/GilDominguezAndres.jpg","contentUrl":"https:\/\/diariotextual.com\/inicio\/wp-content\/uploads\/2020\/04\/GilDominguezAndres.jpg","width":656,"height":500},{"@type":"BreadcrumbList","@id":"https:\/\/diariotextual.com\/inicio\/index.php\/2023\/09\/07\/la-corte-no-deberia-haber-aplicado-sino-el-consejo-de-la-magistratura\/#breadcrumb","itemListElement":[{"@type":"ListItem","position":1,"name":"Portada","item":"https:\/\/diariotextual.com\/inicio\/"},{"@type":"ListItem","position":2,"name":"\u201cLa Corte no deber\u00eda haber aplicado sino el Consejo de la Magistratura\u201d"}]},{"@type":"WebSite","@id":"https:\/\/diariotextual.com\/inicio\/#website","url":"https:\/\/diariotextual.com\/inicio\/","name":"Diario Textual","description":"","publisher":{"@id":"https:\/\/diariotextual.com\/inicio\/#organization"},"potentialAction":[{"@type":"SearchAction","target":{"@type":"EntryPoint","urlTemplate":"https:\/\/diariotextual.com\/inicio\/?s={search_term_string}"},"query-input":{"@type":"PropertyValueSpecification","valueRequired":true,"valueName":"search_term_string"}}],"inLanguage":"es"},{"@type":"Organization","@id":"https:\/\/diariotextual.com\/inicio\/#organization","name":"Diario Textual","url":"https:\/\/diariotextual.com\/inicio\/","logo":{"@type":"ImageObject","inLanguage":"es","@id":"https:\/\/diariotextual.com\/inicio\/#\/schema\/logo\/image\/","url":"https:\/\/diariotextual.com\/inicio\/wp-content\/uploads\/2023\/05\/logotextual1.jpg","contentUrl":"https:\/\/diariotextual.com\/inicio\/wp-content\/uploads\/2023\/05\/logotextual1.jpg","width":516,"height":76,"caption":"Diario Textual"},"image":{"@id":"https:\/\/diariotextual.com\/inicio\/#\/schema\/logo\/image\/"},"sameAs":["https:\/\/www.facebook.com\/eltextual","https:\/\/x.com\/eltextual","http:\/\/www.instagram.com\/eltextual"]},{"@type":"Person","@id":"https:\/\/diariotextual.com\/inicio\/#\/schema\/person\/a1b6f563e0ee944c60f98119389a4d9f","name":"diario3","image":{"@type":"ImageObject","inLanguage":"es","@id":"https:\/\/secure.gravatar.com\/avatar\/5e7ee62c82fc04d9dd79d746a390d93c69c43223e5faeeb3ea9461ef752bfc5d?s=96&d=mm&r=g","url":"https:\/\/secure.gravatar.com\/avatar\/5e7ee62c82fc04d9dd79d746a390d93c69c43223e5faeeb3ea9461ef752bfc5d?s=96&d=mm&r=g","contentUrl":"https:\/\/secure.gravatar.com\/avatar\/5e7ee62c82fc04d9dd79d746a390d93c69c43223e5faeeb3ea9461ef752bfc5d?s=96&d=mm&r=g","caption":"diario3"},"url":"https:\/\/diariotextual.com\/inicio\/index.php\/author\/diario3\/"}]}},"_links":{"self":[{"href":"https:\/\/diariotextual.com\/inicio\/index.php\/wp-json\/wp\/v2\/posts\/236663","targetHints":{"allow":["GET"]}}],"collection":[{"href":"https:\/\/diariotextual.com\/inicio\/index.php\/wp-json\/wp\/v2\/posts"}],"about":[{"href":"https:\/\/diariotextual.com\/inicio\/index.php\/wp-json\/wp\/v2\/types\/post"}],"author":[{"embeddable":true,"href":"https:\/\/diariotextual.com\/inicio\/index.php\/wp-json\/wp\/v2\/users\/5"}],"replies":[{"embeddable":true,"href":"https:\/\/diariotextual.com\/inicio\/index.php\/wp-json\/wp\/v2\/comments?post=236663"}],"version-history":[{"count":1,"href":"https:\/\/diariotextual.com\/inicio\/index.php\/wp-json\/wp\/v2\/posts\/236663\/revisions"}],"predecessor-version":[{"id":236664,"href":"https:\/\/diariotextual.com\/inicio\/index.php\/wp-json\/wp\/v2\/posts\/236663\/revisions\/236664"}],"wp:featuredmedia":[{"embeddable":true,"href":"https:\/\/diariotextual.com\/inicio\/index.php\/wp-json\/wp\/v2\/media\/91665"}],"wp:attachment":[{"href":"https:\/\/diariotextual.com\/inicio\/index.php\/wp-json\/wp\/v2\/media?parent=236663"}],"wp:term":[{"taxonomy":"category","embeddable":true,"href":"https:\/\/diariotextual.com\/inicio\/index.php\/wp-json\/wp\/v2\/categories?post=236663"},{"taxonomy":"post_tag","embeddable":true,"href":"https:\/\/diariotextual.com\/inicio\/index.php\/wp-json\/wp\/v2\/tags?post=236663"}],"curies":[{"name":"wp","href":"https:\/\/api.w.org\/{rel}","templated":true}]}}