{"id":236696,"date":"2023-09-08T08:08:38","date_gmt":"2023-09-08T11:08:38","guid":{"rendered":"https:\/\/diariotextual.com\/inicio\/?p=236696"},"modified":"2023-09-10T09:44:30","modified_gmt":"2023-09-10T12:44:30","slug":"intendentes-buscan-federalizar-jxc-frente-a-santa-rosa-y-analizan-la-coparticipacion","status":"publish","type":"post","link":"https:\/\/diariotextual.com\/inicio\/index.php\/2023\/09\/08\/intendentes-buscan-federalizar-jxc-frente-a-santa-rosa-y-analizan-la-coparticipacion\/","title":{"rendered":"Intendentes buscan \u201cfederalizar\u201d JxC frente a Santa Rosa y analizan la coparticipaci\u00f3n"},"content":{"rendered":"\n<p>Las y los intendentes de<strong> Juntos por el Cambio<\/strong> se reunieron el jueves en <strong>Eduardo Castex <\/strong>para continuar con los encuentros que vienen realizando. Nuevamente una treintena de jefes comunales se juntaron para tratar distintos temas pol\u00edticos y de gesti\u00f3n, sobre todo m\u00e1s de una quince que inician su primera intendencia el 10 de diciembre pr\u00f3ximo.<br><\/p>\n\n\n\n<p>Voceros del sector informaron que<strong> fueron varias las cuestiones <\/strong>consideradas. <strong>La central fue la nueva ley de coparticipaci\u00f3n y como afectar\u00e1 a sus pr\u00f3ximas gestiones la sanci\u00f3n de una nueva ley que modifique el \u00edndice actual.<\/strong> Adem\u00e1s <strong>se habl\u00f3 de \u201cfederalizar\u201d no solo la UCR sino tambi\u00e9n el PRO y sostener a JxC como coalici\u00f3n pol\u00edtica y electoral.<\/strong> En ese sentido, fue un\u00e1nime, as\u00ed lo dejaron trascender los voceros consultados por <strong>Diario Textual<\/strong>, la postura de<strong> tener un mayor protagonismo a partir del 10 de diciembre frente a la dirigencia de Santa Rosa. <\/strong>En ese sentido, tambi\u00e9n <strong>destacaron la horizontalidad del armado territorial que representan y que es necesaria para JxC.<\/strong><br><\/p>\n\n\n\n<p>\u201cLas decisiones se han tomado siempre en Santa Rosa sin la participaci\u00f3n de los intendentes, ahora somos m\u00e1s de treinta los intendentes repartidos en toda la geograf\u00eda provincial. Y en los \u00faltimos a\u00f1os en Santa Rosa se toman las decisiones, pero no se ganan las elecciones\u201d, dijo el vocero.<\/p>\n\n\n\n<p><br>Este fue el segundo encuentro de las y los intendentes de JxC. El anterior hab\u00eda sido en Victorica el 10 de junio pasado. Desde el radicalismo se record\u00f3 cuando en 2001 surgi\u00f3 la Liga de los Intendentes, que despu\u00e9s fue la l\u00ednea Blanca, nacida de los jefes comunales que asumieron dos a\u00f1os antes, y que renovaron a la UCR hasta ese momento dominada por la l\u00ednea Celeste.<\/p>\n\n\n\n<p><\/p>\n","protected":false},"excerpt":{"rendered":"<p>Las y los intendentes de Juntos por el Cambio se reunieron el jueves en Eduardo Castex para continuar con los encuentros que vienen realizando. Nuevamente una treintena de jefes comunales&hellip;<\/p>\n","protected":false},"author":3,"featured_media":236698,"comment_status":"closed","ping_status":"open","sticky":false,"template":"","format":"standard","meta":{"_acf_changed":false,"footnotes":""},"categories":[11,8],"tags":[],"class_list":["post-236696","post","type-post","status-publish","format-standard","has-post-thumbnail","hentry","category-que-pasa","category-politica"],"acf":[],"yoast_head":"<!-- This site is optimized with the Yoast SEO plugin v27.5 - https:\/\/yoast.com\/product\/yoast-seo-wordpress\/ -->\n<title>Intendentes buscan \u201cfederalizar\u201d JxC frente a Santa Rosa y analizan la coparticipaci\u00f3n - Diario Textual<\/title>\n<meta name=\"robots\" content=\"index, follow, max-snippet:-1, max-image-preview:large, max-video-preview:-1\" \/>\n<link rel=\"canonical\" href=\"https:\/\/diariotextual.com\/inicio\/index.php\/2023\/09\/08\/intendentes-buscan-federalizar-jxc-frente-a-santa-rosa-y-analizan-la-coparticipacion\/\" \/>\n<meta property=\"og:locale\" content=\"es_ES\" \/>\n<meta property=\"og:type\" content=\"article\" \/>\n<meta property=\"og:title\" content=\"Intendentes buscan \u201cfederalizar\u201d JxC frente a Santa Rosa y analizan la coparticipaci\u00f3n - Diario Textual\" \/>\n<meta property=\"og:description\" content=\"Las y los intendentes de Juntos por el Cambio se reunieron el jueves en Eduardo Castex para continuar con los encuentros que vienen realizando. Nuevamente una treintena de jefes comunales&hellip;\" \/>\n<meta property=\"og:url\" content=\"https:\/\/diariotextual.com\/inicio\/index.php\/2023\/09\/08\/intendentes-buscan-federalizar-jxc-frente-a-santa-rosa-y-analizan-la-coparticipacion\/\" \/>\n<meta property=\"og:site_name\" content=\"Diario Textual\" \/>\n<meta property=\"article:publisher\" content=\"https:\/\/www.facebook.com\/eltextual\" \/>\n<meta property=\"article:published_time\" content=\"2023-09-08T11:08:38+00:00\" \/>\n<meta property=\"article:modified_time\" content=\"2023-09-10T12:44:30+00:00\" \/>\n<meta property=\"og:image\" content=\"https:\/\/diariotextual.com\/inicio\/wp-content\/uploads\/2023\/09\/juntosporelcambiointendentesjuntosjxclapampa2023-444.jpeg\" \/>\n\t<meta property=\"og:image:width\" content=\"828\" \/>\n\t<meta property=\"og:image:height\" content=\"523\" \/>\n\t<meta property=\"og:image:type\" content=\"image\/jpeg\" \/>\n<meta name=\"author\" content=\"Diario1 Diario1\" \/>\n<meta name=\"twitter:card\" content=\"summary_large_image\" \/>\n<meta name=\"twitter:creator\" content=\"@eltextual\" \/>\n<meta name=\"twitter:site\" content=\"@eltextual\" \/>\n<meta name=\"twitter:label1\" content=\"Escrito por\" \/>\n\t<meta name=\"twitter:data1\" content=\"Diario1 Diario1\" \/>\n\t<meta name=\"twitter:label2\" content=\"Tiempo de lectura\" \/>\n\t<meta name=\"twitter:data2\" content=\"2 minutos\" \/>\n<script type=\"application\/ld+json\" class=\"yoast-schema-graph\">{\"@context\":\"https:\\\/\\\/schema.org\",\"@graph\":[{\"@type\":\"Article\",\"@id\":\"https:\\\/\\\/diariotextual.com\\\/inicio\\\/index.php\\\/2023\\\/09\\\/08\\\/intendentes-buscan-federalizar-jxc-frente-a-santa-rosa-y-analizan-la-coparticipacion\\\/#article\",\"isPartOf\":{\"@id\":\"https:\\\/\\\/diariotextual.com\\\/inicio\\\/index.php\\\/2023\\\/09\\\/08\\\/intendentes-buscan-federalizar-jxc-frente-a-santa-rosa-y-analizan-la-coparticipacion\\\/\"},\"author\":{\"name\":\"Diario1 Diario1\",\"@id\":\"https:\\\/\\\/diariotextual.com\\\/inicio\\\/#\\\/schema\\\/person\\\/418fc4093c33e86ed41562db3508f958\"},\"headline\":\"Intendentes buscan \u201cfederalizar\u201d JxC frente a Santa Rosa y analizan la coparticipaci\u00f3n\",\"datePublished\":\"2023-09-08T11:08:38+00:00\",\"dateModified\":\"2023-09-10T12:44:30+00:00\",\"mainEntityOfPage\":{\"@id\":\"https:\\\/\\\/diariotextual.com\\\/inicio\\\/index.php\\\/2023\\\/09\\\/08\\\/intendentes-buscan-federalizar-jxc-frente-a-santa-rosa-y-analizan-la-coparticipacion\\\/\"},\"wordCount\":314,\"publisher\":{\"@id\":\"https:\\\/\\\/diariotextual.com\\\/inicio\\\/#organization\"},\"image\":{\"@id\":\"https:\\\/\\\/diariotextual.com\\\/inicio\\\/index.php\\\/2023\\\/09\\\/08\\\/intendentes-buscan-federalizar-jxc-frente-a-santa-rosa-y-analizan-la-coparticipacion\\\/#primaryimage\"},\"thumbnailUrl\":\"https:\\\/\\\/diariotextual.com\\\/inicio\\\/wp-content\\\/uploads\\\/2023\\\/09\\\/juntosporelcambiointendentesjuntosjxclapampa2023-444.jpeg\",\"articleSection\":[\"A - QUE PASA (al costado)\",\"POLITICA\"],\"inLanguage\":\"es\"},{\"@type\":\"WebPage\",\"@id\":\"https:\\\/\\\/diariotextual.com\\\/inicio\\\/index.php\\\/2023\\\/09\\\/08\\\/intendentes-buscan-federalizar-jxc-frente-a-santa-rosa-y-analizan-la-coparticipacion\\\/\",\"url\":\"https:\\\/\\\/diariotextual.com\\\/inicio\\\/index.php\\\/2023\\\/09\\\/08\\\/intendentes-buscan-federalizar-jxc-frente-a-santa-rosa-y-analizan-la-coparticipacion\\\/\",\"name\":\"Intendentes buscan \u201cfederalizar\u201d JxC frente a Santa Rosa y analizan la coparticipaci\u00f3n - Diario Textual\",\"isPartOf\":{\"@id\":\"https:\\\/\\\/diariotextual.com\\\/inicio\\\/#website\"},\"primaryImageOfPage\":{\"@id\":\"https:\\\/\\\/diariotextual.com\\\/inicio\\\/index.php\\\/2023\\\/09\\\/08\\\/intendentes-buscan-federalizar-jxc-frente-a-santa-rosa-y-analizan-la-coparticipacion\\\/#primaryimage\"},\"image\":{\"@id\":\"https:\\\/\\\/diariotextual.com\\\/inicio\\\/index.php\\\/2023\\\/09\\\/08\\\/intendentes-buscan-federalizar-jxc-frente-a-santa-rosa-y-analizan-la-coparticipacion\\\/#primaryimage\"},\"thumbnailUrl\":\"https:\\\/\\\/diariotextual.com\\\/inicio\\\/wp-content\\\/uploads\\\/2023\\\/09\\\/juntosporelcambiointendentesjuntosjxclapampa2023-444.jpeg\",\"datePublished\":\"2023-09-08T11:08:38+00:00\",\"dateModified\":\"2023-09-10T12:44:30+00:00\",\"breadcrumb\":{\"@id\":\"https:\\\/\\\/diariotextual.com\\\/inicio\\\/index.php\\\/2023\\\/09\\\/08\\\/intendentes-buscan-federalizar-jxc-frente-a-santa-rosa-y-analizan-la-coparticipacion\\\/#breadcrumb\"},\"inLanguage\":\"es\",\"potentialAction\":[{\"@type\":\"ReadAction\",\"target\":[\"https:\\\/\\\/diariotextual.com\\\/inicio\\\/index.php\\\/2023\\\/09\\\/08\\\/intendentes-buscan-federalizar-jxc-frente-a-santa-rosa-y-analizan-la-coparticipacion\\\/\"]}]},{\"@type\":\"ImageObject\",\"inLanguage\":\"es\",\"@id\":\"https:\\\/\\\/diariotextual.com\\\/inicio\\\/index.php\\\/2023\\\/09\\\/08\\\/intendentes-buscan-federalizar-jxc-frente-a-santa-rosa-y-analizan-la-coparticipacion\\\/#primaryimage\",\"url\":\"https:\\\/\\\/diariotextual.com\\\/inicio\\\/wp-content\\\/uploads\\\/2023\\\/09\\\/juntosporelcambiointendentesjuntosjxclapampa2023-444.jpeg\",\"contentUrl\":\"https:\\\/\\\/diariotextual.com\\\/inicio\\\/wp-content\\\/uploads\\\/2023\\\/09\\\/juntosporelcambiointendentesjuntosjxclapampa2023-444.jpeg\",\"width\":828,\"height\":523},{\"@type\":\"BreadcrumbList\",\"@id\":\"https:\\\/\\\/diariotextual.com\\\/inicio\\\/index.php\\\/2023\\\/09\\\/08\\\/intendentes-buscan-federalizar-jxc-frente-a-santa-rosa-y-analizan-la-coparticipacion\\\/#breadcrumb\",\"itemListElement\":[{\"@type\":\"ListItem\",\"position\":1,\"name\":\"Portada\",\"item\":\"https:\\\/\\\/diariotextual.com\\\/inicio\\\/\"},{\"@type\":\"ListItem\",\"position\":2,\"name\":\"Intendentes buscan \u201cfederalizar\u201d JxC frente a Santa Rosa y analizan la coparticipaci\u00f3n\"}]},{\"@type\":\"WebSite\",\"@id\":\"https:\\\/\\\/diariotextual.com\\\/inicio\\\/#website\",\"url\":\"https:\\\/\\\/diariotextual.com\\\/inicio\\\/\",\"name\":\"Diario Textual\",\"description\":\"\",\"publisher\":{\"@id\":\"https:\\\/\\\/diariotextual.com\\\/inicio\\\/#organization\"},\"potentialAction\":[{\"@type\":\"SearchAction\",\"target\":{\"@type\":\"EntryPoint\",\"urlTemplate\":\"https:\\\/\\\/diariotextual.com\\\/inicio\\\/?s={search_term_string}\"},\"query-input\":{\"@type\":\"PropertyValueSpecification\",\"valueRequired\":true,\"valueName\":\"search_term_string\"}}],\"inLanguage\":\"es\"},{\"@type\":\"Organization\",\"@id\":\"https:\\\/\\\/diariotextual.com\\\/inicio\\\/#organization\",\"name\":\"Diario Textual\",\"url\":\"https:\\\/\\\/diariotextual.com\\\/inicio\\\/\",\"logo\":{\"@type\":\"ImageObject\",\"inLanguage\":\"es\",\"@id\":\"https:\\\/\\\/diariotextual.com\\\/inicio\\\/#\\\/schema\\\/logo\\\/image\\\/\",\"url\":\"https:\\\/\\\/diariotextual.com\\\/inicio\\\/wp-content\\\/uploads\\\/2023\\\/05\\\/logotextual1.jpg\",\"contentUrl\":\"https:\\\/\\\/diariotextual.com\\\/inicio\\\/wp-content\\\/uploads\\\/2023\\\/05\\\/logotextual1.jpg\",\"width\":516,\"height\":76,\"caption\":\"Diario Textual\"},\"image\":{\"@id\":\"https:\\\/\\\/diariotextual.com\\\/inicio\\\/#\\\/schema\\\/logo\\\/image\\\/\"},\"sameAs\":[\"https:\\\/\\\/www.facebook.com\\\/eltextual\",\"https:\\\/\\\/x.com\\\/eltextual\",\"http:\\\/\\\/www.instagram.com\\\/eltextual\"]},{\"@type\":\"Person\",\"@id\":\"https:\\\/\\\/diariotextual.com\\\/inicio\\\/#\\\/schema\\\/person\\\/418fc4093c33e86ed41562db3508f958\",\"name\":\"Diario1 Diario1\",\"image\":{\"@type\":\"ImageObject\",\"inLanguage\":\"es\",\"@id\":\"https:\\\/\\\/secure.gravatar.com\\\/avatar\\\/9167d280179c85bc18be67aa7eda765854300033af4896dd779b608640f2ef7a?s=96&d=mm&r=g\",\"url\":\"https:\\\/\\\/secure.gravatar.com\\\/avatar\\\/9167d280179c85bc18be67aa7eda765854300033af4896dd779b608640f2ef7a?s=96&d=mm&r=g\",\"contentUrl\":\"https:\\\/\\\/secure.gravatar.com\\\/avatar\\\/9167d280179c85bc18be67aa7eda765854300033af4896dd779b608640f2ef7a?s=96&d=mm&r=g\",\"caption\":\"Diario1 Diario1\"},\"url\":\"https:\\\/\\\/diariotextual.com\\\/inicio\\\/index.php\\\/author\\\/diario1\\\/\"}]}<\/script>\n<!-- \/ Yoast SEO plugin. -->","yoast_head_json":{"title":"Intendentes buscan \u201cfederalizar\u201d JxC frente a Santa Rosa y analizan la coparticipaci\u00f3n - Diario Textual","robots":{"index":"index","follow":"follow","max-snippet":"max-snippet:-1","max-image-preview":"max-image-preview:large","max-video-preview":"max-video-preview:-1"},"canonical":"https:\/\/diariotextual.com\/inicio\/index.php\/2023\/09\/08\/intendentes-buscan-federalizar-jxc-frente-a-santa-rosa-y-analizan-la-coparticipacion\/","og_locale":"es_ES","og_type":"article","og_title":"Intendentes buscan \u201cfederalizar\u201d JxC frente a Santa Rosa y analizan la coparticipaci\u00f3n - Diario Textual","og_description":"Las y los intendentes de Juntos por el Cambio se reunieron el jueves en Eduardo Castex para continuar con los encuentros que vienen realizando. Nuevamente una treintena de jefes comunales&hellip;","og_url":"https:\/\/diariotextual.com\/inicio\/index.php\/2023\/09\/08\/intendentes-buscan-federalizar-jxc-frente-a-santa-rosa-y-analizan-la-coparticipacion\/","og_site_name":"Diario Textual","article_publisher":"https:\/\/www.facebook.com\/eltextual","article_published_time":"2023-09-08T11:08:38+00:00","article_modified_time":"2023-09-10T12:44:30+00:00","og_image":[{"width":828,"height":523,"url":"https:\/\/diariotextual.com\/inicio\/wp-content\/uploads\/2023\/09\/juntosporelcambiointendentesjuntosjxclapampa2023-444.jpeg","type":"image\/jpeg"}],"author":"Diario1 Diario1","twitter_card":"summary_large_image","twitter_creator":"@eltextual","twitter_site":"@eltextual","twitter_misc":{"Escrito por":"Diario1 Diario1","Tiempo de lectura":"2 minutos"},"schema":{"@context":"https:\/\/schema.org","@graph":[{"@type":"Article","@id":"https:\/\/diariotextual.com\/inicio\/index.php\/2023\/09\/08\/intendentes-buscan-federalizar-jxc-frente-a-santa-rosa-y-analizan-la-coparticipacion\/#article","isPartOf":{"@id":"https:\/\/diariotextual.com\/inicio\/index.php\/2023\/09\/08\/intendentes-buscan-federalizar-jxc-frente-a-santa-rosa-y-analizan-la-coparticipacion\/"},"author":{"name":"Diario1 Diario1","@id":"https:\/\/diariotextual.com\/inicio\/#\/schema\/person\/418fc4093c33e86ed41562db3508f958"},"headline":"Intendentes buscan \u201cfederalizar\u201d JxC frente a Santa Rosa y analizan la coparticipaci\u00f3n","datePublished":"2023-09-08T11:08:38+00:00","dateModified":"2023-09-10T12:44:30+00:00","mainEntityOfPage":{"@id":"https:\/\/diariotextual.com\/inicio\/index.php\/2023\/09\/08\/intendentes-buscan-federalizar-jxc-frente-a-santa-rosa-y-analizan-la-coparticipacion\/"},"wordCount":314,"publisher":{"@id":"https:\/\/diariotextual.com\/inicio\/#organization"},"image":{"@id":"https:\/\/diariotextual.com\/inicio\/index.php\/2023\/09\/08\/intendentes-buscan-federalizar-jxc-frente-a-santa-rosa-y-analizan-la-coparticipacion\/#primaryimage"},"thumbnailUrl":"https:\/\/diariotextual.com\/inicio\/wp-content\/uploads\/2023\/09\/juntosporelcambiointendentesjuntosjxclapampa2023-444.jpeg","articleSection":["A - QUE PASA (al costado)","POLITICA"],"inLanguage":"es"},{"@type":"WebPage","@id":"https:\/\/diariotextual.com\/inicio\/index.php\/2023\/09\/08\/intendentes-buscan-federalizar-jxc-frente-a-santa-rosa-y-analizan-la-coparticipacion\/","url":"https:\/\/diariotextual.com\/inicio\/index.php\/2023\/09\/08\/intendentes-buscan-federalizar-jxc-frente-a-santa-rosa-y-analizan-la-coparticipacion\/","name":"Intendentes buscan \u201cfederalizar\u201d JxC frente a Santa Rosa y analizan la coparticipaci\u00f3n - Diario Textual","isPartOf":{"@id":"https:\/\/diariotextual.com\/inicio\/#website"},"primaryImageOfPage":{"@id":"https:\/\/diariotextual.com\/inicio\/index.php\/2023\/09\/08\/intendentes-buscan-federalizar-jxc-frente-a-santa-rosa-y-analizan-la-coparticipacion\/#primaryimage"},"image":{"@id":"https:\/\/diariotextual.com\/inicio\/index.php\/2023\/09\/08\/intendentes-buscan-federalizar-jxc-frente-a-santa-rosa-y-analizan-la-coparticipacion\/#primaryimage"},"thumbnailUrl":"https:\/\/diariotextual.com\/inicio\/wp-content\/uploads\/2023\/09\/juntosporelcambiointendentesjuntosjxclapampa2023-444.jpeg","datePublished":"2023-09-08T11:08:38+00:00","dateModified":"2023-09-10T12:44:30+00:00","breadcrumb":{"@id":"https:\/\/diariotextual.com\/inicio\/index.php\/2023\/09\/08\/intendentes-buscan-federalizar-jxc-frente-a-santa-rosa-y-analizan-la-coparticipacion\/#breadcrumb"},"inLanguage":"es","potentialAction":[{"@type":"ReadAction","target":["https:\/\/diariotextual.com\/inicio\/index.php\/2023\/09\/08\/intendentes-buscan-federalizar-jxc-frente-a-santa-rosa-y-analizan-la-coparticipacion\/"]}]},{"@type":"ImageObject","inLanguage":"es","@id":"https:\/\/diariotextual.com\/inicio\/index.php\/2023\/09\/08\/intendentes-buscan-federalizar-jxc-frente-a-santa-rosa-y-analizan-la-coparticipacion\/#primaryimage","url":"https:\/\/diariotextual.com\/inicio\/wp-content\/uploads\/2023\/09\/juntosporelcambiointendentesjuntosjxclapampa2023-444.jpeg","contentUrl":"https:\/\/diariotextual.com\/inicio\/wp-content\/uploads\/2023\/09\/juntosporelcambiointendentesjuntosjxclapampa2023-444.jpeg","width":828,"height":523},{"@type":"BreadcrumbList","@id":"https:\/\/diariotextual.com\/inicio\/index.php\/2023\/09\/08\/intendentes-buscan-federalizar-jxc-frente-a-santa-rosa-y-analizan-la-coparticipacion\/#breadcrumb","itemListElement":[{"@type":"ListItem","position":1,"name":"Portada","item":"https:\/\/diariotextual.com\/inicio\/"},{"@type":"ListItem","position":2,"name":"Intendentes buscan \u201cfederalizar\u201d JxC frente a Santa Rosa y analizan la coparticipaci\u00f3n"}]},{"@type":"WebSite","@id":"https:\/\/diariotextual.com\/inicio\/#website","url":"https:\/\/diariotextual.com\/inicio\/","name":"Diario Textual","description":"","publisher":{"@id":"https:\/\/diariotextual.com\/inicio\/#organization"},"potentialAction":[{"@type":"SearchAction","target":{"@type":"EntryPoint","urlTemplate":"https:\/\/diariotextual.com\/inicio\/?s={search_term_string}"},"query-input":{"@type":"PropertyValueSpecification","valueRequired":true,"valueName":"search_term_string"}}],"inLanguage":"es"},{"@type":"Organization","@id":"https:\/\/diariotextual.com\/inicio\/#organization","name":"Diario Textual","url":"https:\/\/diariotextual.com\/inicio\/","logo":{"@type":"ImageObject","inLanguage":"es","@id":"https:\/\/diariotextual.com\/inicio\/#\/schema\/logo\/image\/","url":"https:\/\/diariotextual.com\/inicio\/wp-content\/uploads\/2023\/05\/logotextual1.jpg","contentUrl":"https:\/\/diariotextual.com\/inicio\/wp-content\/uploads\/2023\/05\/logotextual1.jpg","width":516,"height":76,"caption":"Diario Textual"},"image":{"@id":"https:\/\/diariotextual.com\/inicio\/#\/schema\/logo\/image\/"},"sameAs":["https:\/\/www.facebook.com\/eltextual","https:\/\/x.com\/eltextual","http:\/\/www.instagram.com\/eltextual"]},{"@type":"Person","@id":"https:\/\/diariotextual.com\/inicio\/#\/schema\/person\/418fc4093c33e86ed41562db3508f958","name":"Diario1 Diario1","image":{"@type":"ImageObject","inLanguage":"es","@id":"https:\/\/secure.gravatar.com\/avatar\/9167d280179c85bc18be67aa7eda765854300033af4896dd779b608640f2ef7a?s=96&d=mm&r=g","url":"https:\/\/secure.gravatar.com\/avatar\/9167d280179c85bc18be67aa7eda765854300033af4896dd779b608640f2ef7a?s=96&d=mm&r=g","contentUrl":"https:\/\/secure.gravatar.com\/avatar\/9167d280179c85bc18be67aa7eda765854300033af4896dd779b608640f2ef7a?s=96&d=mm&r=g","caption":"Diario1 Diario1"},"url":"https:\/\/diariotextual.com\/inicio\/index.php\/author\/diario1\/"}]}},"_links":{"self":[{"href":"https:\/\/diariotextual.com\/inicio\/index.php\/wp-json\/wp\/v2\/posts\/236696","targetHints":{"allow":["GET"]}}],"collection":[{"href":"https:\/\/diariotextual.com\/inicio\/index.php\/wp-json\/wp\/v2\/posts"}],"about":[{"href":"https:\/\/diariotextual.com\/inicio\/index.php\/wp-json\/wp\/v2\/types\/post"}],"author":[{"embeddable":true,"href":"https:\/\/diariotextual.com\/inicio\/index.php\/wp-json\/wp\/v2\/users\/3"}],"replies":[{"embeddable":true,"href":"https:\/\/diariotextual.com\/inicio\/index.php\/wp-json\/wp\/v2\/comments?post=236696"}],"version-history":[{"count":2,"href":"https:\/\/diariotextual.com\/inicio\/index.php\/wp-json\/wp\/v2\/posts\/236696\/revisions"}],"predecessor-version":[{"id":236700,"href":"https:\/\/diariotextual.com\/inicio\/index.php\/wp-json\/wp\/v2\/posts\/236696\/revisions\/236700"}],"wp:featuredmedia":[{"embeddable":true,"href":"https:\/\/diariotextual.com\/inicio\/index.php\/wp-json\/wp\/v2\/media\/236698"}],"wp:attachment":[{"href":"https:\/\/diariotextual.com\/inicio\/index.php\/wp-json\/wp\/v2\/media?parent=236696"}],"wp:term":[{"taxonomy":"category","embeddable":true,"href":"https:\/\/diariotextual.com\/inicio\/index.php\/wp-json\/wp\/v2\/categories?post=236696"},{"taxonomy":"post_tag","embeddable":true,"href":"https:\/\/diariotextual.com\/inicio\/index.php\/wp-json\/wp\/v2\/tags?post=236696"}],"curies":[{"name":"wp","href":"https:\/\/api.w.org\/{rel}","templated":true}]}}