{"id":236781,"date":"2023-09-08T17:53:03","date_gmt":"2023-09-08T20:53:03","guid":{"rendered":"https:\/\/diariotextual.com\/inicio\/?p=236781"},"modified":"2023-09-09T16:53:47","modified_gmt":"2023-09-09T19:53:47","slug":"no-vamos-en-contra-de-la-celeste-vamos-a-favor-de-nuestra-cpe","status":"publish","type":"post","link":"https:\/\/diariotextual.com\/inicio\/index.php\/2023\/09\/08\/no-vamos-en-contra-de-la-celeste-vamos-a-favor-de-nuestra-cpe\/","title":{"rendered":"\u201cNo vamos en contra de la Celeste, vamos a favor de nuestra CPE\u201d"},"content":{"rendered":"\n<p>La agrupaci\u00f3n Acci\u00f3n Cooperativa confirm\u00f3 que se presentar\u00e1 en las elecciones para renovar el cuerpo de delegados y delegadas de la Cooperativa Popular de Electricidad (CPE), reconoci\u00f3 que la hist\u00f3rica Lista Celeste, que comanda los destinos de la entidad solidaria desde hace 30 a\u00f1os, \u201cha logrado conquistas muy buenas\u201d, pero sostuvo que es necesario \u201cvolver a las fuentes\u201d para que la instituci\u00f3n sea de \u201ctodos y todas\u201d los asociados.<\/p>\n\n\n\n<p>\u201cLa cooperativa popular de electricidad es una entidad social, con alrededor de 90.000 asociados. En los \u00faltimos 30 a\u00f1os ha sido gestionada por la lista Celeste, que ha logrado conquistas muy buenas para la CPE y la sociedad. No obstante, hace algunos a\u00f1os a esta parte vemos un amesetamiento y esto nos ha llevado a plantear un movimiento entre vecinos y vecinas para continuar llevando esas banderas que plantaron en la d\u00e9cada de 1930 y luego, con nuevo \u00edmpetu, a principios de los &#8217;90 retomaron asociadas\/os de la CPE en la g\u00e9nesis de la actual conducci\u00f3n hasta el a\u00f1o 2012\u201d, dijeron, en un documento.<\/p>\n\n\n\n<p>\u201cHoy, vecinas y vecinos de varias localidades, nos organizamos para poder aportar al crecimiento y desarrollo de nuestra cooperativa. Porque es de todas\/os. Nos fuimos juntando, diagnosticando y buscando consensos, con compromiso, democracia y solidaridad. Estamos convencidas\/os que necesitamos volver a las fuentes, que la cooperativa realmente debe ser de todas\/os, que la relaci\u00f3n con la sociedad no sea solamente comercial\u201d, dijeron.<\/p>\n\n\n\n<p>\u201cHace muchos a\u00f1os que la participaci\u00f3n viene mermando, este relanzamiento de la CPE tendr\u00e1 m\u00e1s incidencia en el trabajo mancomunado con las instituciones, con las ONG, con la econom\u00eda social, etc\u201d, expresaron.<\/p>\n\n\n\n<p><\/p>\n\n\n\n<figure class=\"wp-block-image size-full\"><img fetchpriority=\"high\" decoding=\"async\" width=\"930\" height=\"450\" src=\"https:\/\/diariotextual.com\/inicio\/wp-content\/uploads\/2023\/09\/accioncooperativalistacpe2023-2.jpg\" alt=\"\" class=\"wp-image-236784\" srcset=\"https:\/\/diariotextual.com\/inicio\/wp-content\/uploads\/2023\/09\/accioncooperativalistacpe2023-2.jpg 930w, https:\/\/diariotextual.com\/inicio\/wp-content\/uploads\/2023\/09\/accioncooperativalistacpe2023-2-300x145.jpg 300w, https:\/\/diariotextual.com\/inicio\/wp-content\/uploads\/2023\/09\/accioncooperativalistacpe2023-2-768x372.jpg 768w, https:\/\/diariotextual.com\/inicio\/wp-content\/uploads\/2023\/09\/accioncooperativalistacpe2023-2-585x283.jpg 585w\" sizes=\"(max-width: 930px) 100vw, 930px\" \/><\/figure>\n\n\n\n<p><\/p>\n\n\n\n<p><\/p>\n\n\n\n<p>\u201cNo vamos en contra de la Celeste, vamos a favor de nuestra Cooperativa, la de los\/as vecinos\/as de las ocho localidades en las que brinda servicios. Queremos que viva de nuevo en nuestro cotidiano. Queremos mejorar la vida de las vecinas y vecinos, de las instituciones, de las cooperativas de la provincia. Queremos que todas\/os las\/os trabajadoras\/es la sientan como propia y no est\u00e9n condenadas\/os a sueldos y condiciones no aceptables. Queremos que lidere el desarrollo de las localidades con una mirada solidaria, sustentable y democr\u00e1tica\u201d, agregaron.<\/p>\n\n\n\n<p>\u201cBuscamos volver a construir una CPE como la que fue en nuestras infancias, pujante, referente y con servicios de calidad. Abierta al asociada\/o, las instituciones, las necesidades y realidades de cada barrio y localidad. Acci\u00f3n cooperativa es una expresi\u00f3n popular. No buscamos personalizar ni politizar, buscamos sumar nuestro compromiso para darle una nueva impronta a nuestra cooperativa. La CPE es de todas\/os, \u00a1defend\u00e1mosla!\u201d, finalizaron.<\/p>\n","protected":false},"excerpt":{"rendered":"<p>La agrupaci\u00f3n Acci\u00f3n Cooperativa confirm\u00f3 que se presentar\u00e1 en las elecciones para renovar el cuerpo de delegados y delegadas de la Cooperativa Popular de Electricidad (CPE), reconoci\u00f3 que la hist\u00f3rica&hellip;<\/p>\n","protected":false},"author":3,"featured_media":236783,"comment_status":"closed","ping_status":"open","sticky":false,"template":"","format":"standard","meta":{"_acf_changed":false,"footnotes":""},"categories":[1,11,8],"tags":[],"class_list":["post-236781","post","type-post","status-publish","format-standard","has-post-thumbnail","hentry","category-es-noticia","category-que-pasa","category-politica"],"acf":[],"yoast_head":"<!-- This site is optimized with the Yoast SEO plugin v27.5 - https:\/\/yoast.com\/product\/yoast-seo-wordpress\/ -->\n<title>\u201cNo vamos en contra de la Celeste, vamos a favor de nuestra CPE\u201d - Diario Textual<\/title>\n<meta name=\"robots\" content=\"index, follow, max-snippet:-1, max-image-preview:large, max-video-preview:-1\" \/>\n<link rel=\"canonical\" href=\"https:\/\/diariotextual.com\/inicio\/index.php\/2023\/09\/08\/no-vamos-en-contra-de-la-celeste-vamos-a-favor-de-nuestra-cpe\/\" \/>\n<meta property=\"og:locale\" content=\"es_ES\" \/>\n<meta property=\"og:type\" content=\"article\" \/>\n<meta property=\"og:title\" content=\"\u201cNo vamos en contra de la Celeste, vamos a favor de nuestra CPE\u201d - Diario Textual\" \/>\n<meta property=\"og:description\" content=\"La agrupaci\u00f3n Acci\u00f3n Cooperativa confirm\u00f3 que se presentar\u00e1 en las elecciones para renovar el cuerpo de delegados y delegadas de la Cooperativa Popular de Electricidad (CPE), reconoci\u00f3 que la hist\u00f3rica&hellip;\" \/>\n<meta property=\"og:url\" content=\"https:\/\/diariotextual.com\/inicio\/index.php\/2023\/09\/08\/no-vamos-en-contra-de-la-celeste-vamos-a-favor-de-nuestra-cpe\/\" \/>\n<meta property=\"og:site_name\" content=\"Diario Textual\" \/>\n<meta property=\"article:publisher\" content=\"https:\/\/www.facebook.com\/eltextual\" \/>\n<meta property=\"article:published_time\" content=\"2023-09-08T20:53:03+00:00\" \/>\n<meta property=\"article:modified_time\" content=\"2023-09-09T19:53:47+00:00\" \/>\n<meta property=\"og:image\" content=\"https:\/\/diariotextual.com\/inicio\/wp-content\/uploads\/2023\/09\/accioncooperativalistacpe2023-3.jpg\" \/>\n\t<meta property=\"og:image:width\" content=\"1024\" \/>\n\t<meta property=\"og:image:height\" content=\"674\" \/>\n\t<meta property=\"og:image:type\" content=\"image\/jpeg\" \/>\n<meta name=\"author\" content=\"Diario1 Diario1\" \/>\n<meta name=\"twitter:card\" content=\"summary_large_image\" \/>\n<meta name=\"twitter:creator\" content=\"@eltextual\" \/>\n<meta name=\"twitter:site\" content=\"@eltextual\" \/>\n<meta name=\"twitter:label1\" content=\"Escrito por\" \/>\n\t<meta name=\"twitter:data1\" content=\"Diario1 Diario1\" \/>\n\t<meta name=\"twitter:label2\" content=\"Tiempo de lectura\" \/>\n\t<meta name=\"twitter:data2\" content=\"3 minutos\" \/>\n<script type=\"application\/ld+json\" class=\"yoast-schema-graph\">{\"@context\":\"https:\\\/\\\/schema.org\",\"@graph\":[{\"@type\":\"Article\",\"@id\":\"https:\\\/\\\/diariotextual.com\\\/inicio\\\/index.php\\\/2023\\\/09\\\/08\\\/no-vamos-en-contra-de-la-celeste-vamos-a-favor-de-nuestra-cpe\\\/#article\",\"isPartOf\":{\"@id\":\"https:\\\/\\\/diariotextual.com\\\/inicio\\\/index.php\\\/2023\\\/09\\\/08\\\/no-vamos-en-contra-de-la-celeste-vamos-a-favor-de-nuestra-cpe\\\/\"},\"author\":{\"name\":\"Diario1 Diario1\",\"@id\":\"https:\\\/\\\/diariotextual.com\\\/inicio\\\/#\\\/schema\\\/person\\\/418fc4093c33e86ed41562db3508f958\"},\"headline\":\"\u201cNo vamos en contra de la Celeste, vamos a favor de nuestra CPE\u201d\",\"datePublished\":\"2023-09-08T20:53:03+00:00\",\"dateModified\":\"2023-09-09T19:53:47+00:00\",\"mainEntityOfPage\":{\"@id\":\"https:\\\/\\\/diariotextual.com\\\/inicio\\\/index.php\\\/2023\\\/09\\\/08\\\/no-vamos-en-contra-de-la-celeste-vamos-a-favor-de-nuestra-cpe\\\/\"},\"wordCount\":459,\"publisher\":{\"@id\":\"https:\\\/\\\/diariotextual.com\\\/inicio\\\/#organization\"},\"image\":{\"@id\":\"https:\\\/\\\/diariotextual.com\\\/inicio\\\/index.php\\\/2023\\\/09\\\/08\\\/no-vamos-en-contra-de-la-celeste-vamos-a-favor-de-nuestra-cpe\\\/#primaryimage\"},\"thumbnailUrl\":\"https:\\\/\\\/diariotextual.com\\\/inicio\\\/wp-content\\\/uploads\\\/2023\\\/09\\\/accioncooperativalistacpe2023-3.jpg\",\"articleSection\":[\"A - ES NOTICIA (van abajo)\",\"A - QUE PASA (al costado)\",\"POLITICA\"],\"inLanguage\":\"es\"},{\"@type\":\"WebPage\",\"@id\":\"https:\\\/\\\/diariotextual.com\\\/inicio\\\/index.php\\\/2023\\\/09\\\/08\\\/no-vamos-en-contra-de-la-celeste-vamos-a-favor-de-nuestra-cpe\\\/\",\"url\":\"https:\\\/\\\/diariotextual.com\\\/inicio\\\/index.php\\\/2023\\\/09\\\/08\\\/no-vamos-en-contra-de-la-celeste-vamos-a-favor-de-nuestra-cpe\\\/\",\"name\":\"\u201cNo vamos en contra de la Celeste, vamos a favor de nuestra CPE\u201d - Diario Textual\",\"isPartOf\":{\"@id\":\"https:\\\/\\\/diariotextual.com\\\/inicio\\\/#website\"},\"primaryImageOfPage\":{\"@id\":\"https:\\\/\\\/diariotextual.com\\\/inicio\\\/index.php\\\/2023\\\/09\\\/08\\\/no-vamos-en-contra-de-la-celeste-vamos-a-favor-de-nuestra-cpe\\\/#primaryimage\"},\"image\":{\"@id\":\"https:\\\/\\\/diariotextual.com\\\/inicio\\\/index.php\\\/2023\\\/09\\\/08\\\/no-vamos-en-contra-de-la-celeste-vamos-a-favor-de-nuestra-cpe\\\/#primaryimage\"},\"thumbnailUrl\":\"https:\\\/\\\/diariotextual.com\\\/inicio\\\/wp-content\\\/uploads\\\/2023\\\/09\\\/accioncooperativalistacpe2023-3.jpg\",\"datePublished\":\"2023-09-08T20:53:03+00:00\",\"dateModified\":\"2023-09-09T19:53:47+00:00\",\"breadcrumb\":{\"@id\":\"https:\\\/\\\/diariotextual.com\\\/inicio\\\/index.php\\\/2023\\\/09\\\/08\\\/no-vamos-en-contra-de-la-celeste-vamos-a-favor-de-nuestra-cpe\\\/#breadcrumb\"},\"inLanguage\":\"es\",\"potentialAction\":[{\"@type\":\"ReadAction\",\"target\":[\"https:\\\/\\\/diariotextual.com\\\/inicio\\\/index.php\\\/2023\\\/09\\\/08\\\/no-vamos-en-contra-de-la-celeste-vamos-a-favor-de-nuestra-cpe\\\/\"]}]},{\"@type\":\"ImageObject\",\"inLanguage\":\"es\",\"@id\":\"https:\\\/\\\/diariotextual.com\\\/inicio\\\/index.php\\\/2023\\\/09\\\/08\\\/no-vamos-en-contra-de-la-celeste-vamos-a-favor-de-nuestra-cpe\\\/#primaryimage\",\"url\":\"https:\\\/\\\/diariotextual.com\\\/inicio\\\/wp-content\\\/uploads\\\/2023\\\/09\\\/accioncooperativalistacpe2023-3.jpg\",\"contentUrl\":\"https:\\\/\\\/diariotextual.com\\\/inicio\\\/wp-content\\\/uploads\\\/2023\\\/09\\\/accioncooperativalistacpe2023-3.jpg\",\"width\":1024,\"height\":674},{\"@type\":\"BreadcrumbList\",\"@id\":\"https:\\\/\\\/diariotextual.com\\\/inicio\\\/index.php\\\/2023\\\/09\\\/08\\\/no-vamos-en-contra-de-la-celeste-vamos-a-favor-de-nuestra-cpe\\\/#breadcrumb\",\"itemListElement\":[{\"@type\":\"ListItem\",\"position\":1,\"name\":\"Portada\",\"item\":\"https:\\\/\\\/diariotextual.com\\\/inicio\\\/\"},{\"@type\":\"ListItem\",\"position\":2,\"name\":\"\u201cNo vamos en contra de la Celeste, vamos a favor de nuestra CPE\u201d\"}]},{\"@type\":\"WebSite\",\"@id\":\"https:\\\/\\\/diariotextual.com\\\/inicio\\\/#website\",\"url\":\"https:\\\/\\\/diariotextual.com\\\/inicio\\\/\",\"name\":\"Diario Textual\",\"description\":\"\",\"publisher\":{\"@id\":\"https:\\\/\\\/diariotextual.com\\\/inicio\\\/#organization\"},\"potentialAction\":[{\"@type\":\"SearchAction\",\"target\":{\"@type\":\"EntryPoint\",\"urlTemplate\":\"https:\\\/\\\/diariotextual.com\\\/inicio\\\/?s={search_term_string}\"},\"query-input\":{\"@type\":\"PropertyValueSpecification\",\"valueRequired\":true,\"valueName\":\"search_term_string\"}}],\"inLanguage\":\"es\"},{\"@type\":\"Organization\",\"@id\":\"https:\\\/\\\/diariotextual.com\\\/inicio\\\/#organization\",\"name\":\"Diario Textual\",\"url\":\"https:\\\/\\\/diariotextual.com\\\/inicio\\\/\",\"logo\":{\"@type\":\"ImageObject\",\"inLanguage\":\"es\",\"@id\":\"https:\\\/\\\/diariotextual.com\\\/inicio\\\/#\\\/schema\\\/logo\\\/image\\\/\",\"url\":\"https:\\\/\\\/diariotextual.com\\\/inicio\\\/wp-content\\\/uploads\\\/2023\\\/05\\\/logotextual1.jpg\",\"contentUrl\":\"https:\\\/\\\/diariotextual.com\\\/inicio\\\/wp-content\\\/uploads\\\/2023\\\/05\\\/logotextual1.jpg\",\"width\":516,\"height\":76,\"caption\":\"Diario Textual\"},\"image\":{\"@id\":\"https:\\\/\\\/diariotextual.com\\\/inicio\\\/#\\\/schema\\\/logo\\\/image\\\/\"},\"sameAs\":[\"https:\\\/\\\/www.facebook.com\\\/eltextual\",\"https:\\\/\\\/x.com\\\/eltextual\",\"http:\\\/\\\/www.instagram.com\\\/eltextual\"]},{\"@type\":\"Person\",\"@id\":\"https:\\\/\\\/diariotextual.com\\\/inicio\\\/#\\\/schema\\\/person\\\/418fc4093c33e86ed41562db3508f958\",\"name\":\"Diario1 Diario1\",\"image\":{\"@type\":\"ImageObject\",\"inLanguage\":\"es\",\"@id\":\"https:\\\/\\\/secure.gravatar.com\\\/avatar\\\/9167d280179c85bc18be67aa7eda765854300033af4896dd779b608640f2ef7a?s=96&d=mm&r=g\",\"url\":\"https:\\\/\\\/secure.gravatar.com\\\/avatar\\\/9167d280179c85bc18be67aa7eda765854300033af4896dd779b608640f2ef7a?s=96&d=mm&r=g\",\"contentUrl\":\"https:\\\/\\\/secure.gravatar.com\\\/avatar\\\/9167d280179c85bc18be67aa7eda765854300033af4896dd779b608640f2ef7a?s=96&d=mm&r=g\",\"caption\":\"Diario1 Diario1\"},\"url\":\"https:\\\/\\\/diariotextual.com\\\/inicio\\\/index.php\\\/author\\\/diario1\\\/\"}]}<\/script>\n<!-- \/ Yoast SEO plugin. -->","yoast_head_json":{"title":"\u201cNo vamos en contra de la Celeste, vamos a favor de nuestra CPE\u201d - Diario Textual","robots":{"index":"index","follow":"follow","max-snippet":"max-snippet:-1","max-image-preview":"max-image-preview:large","max-video-preview":"max-video-preview:-1"},"canonical":"https:\/\/diariotextual.com\/inicio\/index.php\/2023\/09\/08\/no-vamos-en-contra-de-la-celeste-vamos-a-favor-de-nuestra-cpe\/","og_locale":"es_ES","og_type":"article","og_title":"\u201cNo vamos en contra de la Celeste, vamos a favor de nuestra CPE\u201d - Diario Textual","og_description":"La agrupaci\u00f3n Acci\u00f3n Cooperativa confirm\u00f3 que se presentar\u00e1 en las elecciones para renovar el cuerpo de delegados y delegadas de la Cooperativa Popular de Electricidad (CPE), reconoci\u00f3 que la hist\u00f3rica&hellip;","og_url":"https:\/\/diariotextual.com\/inicio\/index.php\/2023\/09\/08\/no-vamos-en-contra-de-la-celeste-vamos-a-favor-de-nuestra-cpe\/","og_site_name":"Diario Textual","article_publisher":"https:\/\/www.facebook.com\/eltextual","article_published_time":"2023-09-08T20:53:03+00:00","article_modified_time":"2023-09-09T19:53:47+00:00","og_image":[{"width":1024,"height":674,"url":"https:\/\/diariotextual.com\/inicio\/wp-content\/uploads\/2023\/09\/accioncooperativalistacpe2023-3.jpg","type":"image\/jpeg"}],"author":"Diario1 Diario1","twitter_card":"summary_large_image","twitter_creator":"@eltextual","twitter_site":"@eltextual","twitter_misc":{"Escrito por":"Diario1 Diario1","Tiempo de lectura":"3 minutos"},"schema":{"@context":"https:\/\/schema.org","@graph":[{"@type":"Article","@id":"https:\/\/diariotextual.com\/inicio\/index.php\/2023\/09\/08\/no-vamos-en-contra-de-la-celeste-vamos-a-favor-de-nuestra-cpe\/#article","isPartOf":{"@id":"https:\/\/diariotextual.com\/inicio\/index.php\/2023\/09\/08\/no-vamos-en-contra-de-la-celeste-vamos-a-favor-de-nuestra-cpe\/"},"author":{"name":"Diario1 Diario1","@id":"https:\/\/diariotextual.com\/inicio\/#\/schema\/person\/418fc4093c33e86ed41562db3508f958"},"headline":"\u201cNo vamos en contra de la Celeste, vamos a favor de nuestra CPE\u201d","datePublished":"2023-09-08T20:53:03+00:00","dateModified":"2023-09-09T19:53:47+00:00","mainEntityOfPage":{"@id":"https:\/\/diariotextual.com\/inicio\/index.php\/2023\/09\/08\/no-vamos-en-contra-de-la-celeste-vamos-a-favor-de-nuestra-cpe\/"},"wordCount":459,"publisher":{"@id":"https:\/\/diariotextual.com\/inicio\/#organization"},"image":{"@id":"https:\/\/diariotextual.com\/inicio\/index.php\/2023\/09\/08\/no-vamos-en-contra-de-la-celeste-vamos-a-favor-de-nuestra-cpe\/#primaryimage"},"thumbnailUrl":"https:\/\/diariotextual.com\/inicio\/wp-content\/uploads\/2023\/09\/accioncooperativalistacpe2023-3.jpg","articleSection":["A - ES NOTICIA (van abajo)","A - QUE PASA (al costado)","POLITICA"],"inLanguage":"es"},{"@type":"WebPage","@id":"https:\/\/diariotextual.com\/inicio\/index.php\/2023\/09\/08\/no-vamos-en-contra-de-la-celeste-vamos-a-favor-de-nuestra-cpe\/","url":"https:\/\/diariotextual.com\/inicio\/index.php\/2023\/09\/08\/no-vamos-en-contra-de-la-celeste-vamos-a-favor-de-nuestra-cpe\/","name":"\u201cNo vamos en contra de la Celeste, vamos a favor de nuestra CPE\u201d - Diario Textual","isPartOf":{"@id":"https:\/\/diariotextual.com\/inicio\/#website"},"primaryImageOfPage":{"@id":"https:\/\/diariotextual.com\/inicio\/index.php\/2023\/09\/08\/no-vamos-en-contra-de-la-celeste-vamos-a-favor-de-nuestra-cpe\/#primaryimage"},"image":{"@id":"https:\/\/diariotextual.com\/inicio\/index.php\/2023\/09\/08\/no-vamos-en-contra-de-la-celeste-vamos-a-favor-de-nuestra-cpe\/#primaryimage"},"thumbnailUrl":"https:\/\/diariotextual.com\/inicio\/wp-content\/uploads\/2023\/09\/accioncooperativalistacpe2023-3.jpg","datePublished":"2023-09-08T20:53:03+00:00","dateModified":"2023-09-09T19:53:47+00:00","breadcrumb":{"@id":"https:\/\/diariotextual.com\/inicio\/index.php\/2023\/09\/08\/no-vamos-en-contra-de-la-celeste-vamos-a-favor-de-nuestra-cpe\/#breadcrumb"},"inLanguage":"es","potentialAction":[{"@type":"ReadAction","target":["https:\/\/diariotextual.com\/inicio\/index.php\/2023\/09\/08\/no-vamos-en-contra-de-la-celeste-vamos-a-favor-de-nuestra-cpe\/"]}]},{"@type":"ImageObject","inLanguage":"es","@id":"https:\/\/diariotextual.com\/inicio\/index.php\/2023\/09\/08\/no-vamos-en-contra-de-la-celeste-vamos-a-favor-de-nuestra-cpe\/#primaryimage","url":"https:\/\/diariotextual.com\/inicio\/wp-content\/uploads\/2023\/09\/accioncooperativalistacpe2023-3.jpg","contentUrl":"https:\/\/diariotextual.com\/inicio\/wp-content\/uploads\/2023\/09\/accioncooperativalistacpe2023-3.jpg","width":1024,"height":674},{"@type":"BreadcrumbList","@id":"https:\/\/diariotextual.com\/inicio\/index.php\/2023\/09\/08\/no-vamos-en-contra-de-la-celeste-vamos-a-favor-de-nuestra-cpe\/#breadcrumb","itemListElement":[{"@type":"ListItem","position":1,"name":"Portada","item":"https:\/\/diariotextual.com\/inicio\/"},{"@type":"ListItem","position":2,"name":"\u201cNo vamos en contra de la Celeste, vamos a favor de nuestra CPE\u201d"}]},{"@type":"WebSite","@id":"https:\/\/diariotextual.com\/inicio\/#website","url":"https:\/\/diariotextual.com\/inicio\/","name":"Diario Textual","description":"","publisher":{"@id":"https:\/\/diariotextual.com\/inicio\/#organization"},"potentialAction":[{"@type":"SearchAction","target":{"@type":"EntryPoint","urlTemplate":"https:\/\/diariotextual.com\/inicio\/?s={search_term_string}"},"query-input":{"@type":"PropertyValueSpecification","valueRequired":true,"valueName":"search_term_string"}}],"inLanguage":"es"},{"@type":"Organization","@id":"https:\/\/diariotextual.com\/inicio\/#organization","name":"Diario Textual","url":"https:\/\/diariotextual.com\/inicio\/","logo":{"@type":"ImageObject","inLanguage":"es","@id":"https:\/\/diariotextual.com\/inicio\/#\/schema\/logo\/image\/","url":"https:\/\/diariotextual.com\/inicio\/wp-content\/uploads\/2023\/05\/logotextual1.jpg","contentUrl":"https:\/\/diariotextual.com\/inicio\/wp-content\/uploads\/2023\/05\/logotextual1.jpg","width":516,"height":76,"caption":"Diario Textual"},"image":{"@id":"https:\/\/diariotextual.com\/inicio\/#\/schema\/logo\/image\/"},"sameAs":["https:\/\/www.facebook.com\/eltextual","https:\/\/x.com\/eltextual","http:\/\/www.instagram.com\/eltextual"]},{"@type":"Person","@id":"https:\/\/diariotextual.com\/inicio\/#\/schema\/person\/418fc4093c33e86ed41562db3508f958","name":"Diario1 Diario1","image":{"@type":"ImageObject","inLanguage":"es","@id":"https:\/\/secure.gravatar.com\/avatar\/9167d280179c85bc18be67aa7eda765854300033af4896dd779b608640f2ef7a?s=96&d=mm&r=g","url":"https:\/\/secure.gravatar.com\/avatar\/9167d280179c85bc18be67aa7eda765854300033af4896dd779b608640f2ef7a?s=96&d=mm&r=g","contentUrl":"https:\/\/secure.gravatar.com\/avatar\/9167d280179c85bc18be67aa7eda765854300033af4896dd779b608640f2ef7a?s=96&d=mm&r=g","caption":"Diario1 Diario1"},"url":"https:\/\/diariotextual.com\/inicio\/index.php\/author\/diario1\/"}]}},"_links":{"self":[{"href":"https:\/\/diariotextual.com\/inicio\/index.php\/wp-json\/wp\/v2\/posts\/236781","targetHints":{"allow":["GET"]}}],"collection":[{"href":"https:\/\/diariotextual.com\/inicio\/index.php\/wp-json\/wp\/v2\/posts"}],"about":[{"href":"https:\/\/diariotextual.com\/inicio\/index.php\/wp-json\/wp\/v2\/types\/post"}],"author":[{"embeddable":true,"href":"https:\/\/diariotextual.com\/inicio\/index.php\/wp-json\/wp\/v2\/users\/3"}],"replies":[{"embeddable":true,"href":"https:\/\/diariotextual.com\/inicio\/index.php\/wp-json\/wp\/v2\/comments?post=236781"}],"version-history":[{"count":2,"href":"https:\/\/diariotextual.com\/inicio\/index.php\/wp-json\/wp\/v2\/posts\/236781\/revisions"}],"predecessor-version":[{"id":236785,"href":"https:\/\/diariotextual.com\/inicio\/index.php\/wp-json\/wp\/v2\/posts\/236781\/revisions\/236785"}],"wp:featuredmedia":[{"embeddable":true,"href":"https:\/\/diariotextual.com\/inicio\/index.php\/wp-json\/wp\/v2\/media\/236783"}],"wp:attachment":[{"href":"https:\/\/diariotextual.com\/inicio\/index.php\/wp-json\/wp\/v2\/media?parent=236781"}],"wp:term":[{"taxonomy":"category","embeddable":true,"href":"https:\/\/diariotextual.com\/inicio\/index.php\/wp-json\/wp\/v2\/categories?post=236781"},{"taxonomy":"post_tag","embeddable":true,"href":"https:\/\/diariotextual.com\/inicio\/index.php\/wp-json\/wp\/v2\/tags?post=236781"}],"curies":[{"name":"wp","href":"https:\/\/api.w.org\/{rel}","templated":true}]}}