{"id":236843,"date":"2023-09-09T11:17:15","date_gmt":"2023-09-09T14:17:15","guid":{"rendered":"https:\/\/diariotextual.com\/inicio\/?p=236843"},"modified":"2023-09-09T17:05:26","modified_gmt":"2023-09-09T20:05:26","slug":"que-fue-la-luz-potente-que-se-vio-en-el-cielo-de-bariloche","status":"publish","type":"post","link":"https:\/\/diariotextual.com\/inicio\/index.php\/2023\/09\/09\/que-fue-la-luz-potente-que-se-vio-en-el-cielo-de-bariloche\/","title":{"rendered":"Qu\u00e9 fue la luz potente que se vio en el cielo de Bariloche"},"content":{"rendered":"\n<p class=\"wp-block-paragraph\">Una <strong>potente luz ilumin\u00f3 por unos segundos el cielo de la ciudad de Bariloche<\/strong> poco despu\u00e9s de la medianoche. El fen\u00f3meno tambi\u00e9n pudo verse hasta Villa La Angostura y en \u00e1reas aleda\u00f1as a Chile. Especialistas aseguraron que se trat\u00f3 de un meteoro, que se desintegr\u00f3 al ingresar a la atm\u00f3sfera.<\/p>\n\n\n\n<p class=\"wp-block-paragraph\"><br><strong>Luis Donoso<\/strong>, geof\u00edsico sism\u00f3logo, profesor de Geof\u00edsica de la Universidad del Desarrollo de Chile y miembro de la Seismological Society of America, dijo luego de que ocurriera el fen\u00f3meno que no es com\u00fan observar el destello de un meteorito por im\u00e1genes satelitales. \u201cPocas veces se puede ver el destello de un meteoro, meteorito en una imagen satelital, como el que hace pocos minutos se est\u00e1 informando desde Bariloche Puerto Montt y Puerto Varas, y all\u00ed est\u00e1 !!! \u2026\u201d, dijo en su cuenta de la red social X (antes Twitter).<\/p>\n\n\n\n<p class=\"wp-block-paragraph\">Seg\u00fan testimonios en redes sociales la potente luz que se vio en el cielo a las 00.36 de este s\u00e1bado fue acompa\u00f1ada por un fuerte estruendo.<br><br><strong>Guillermo Abramson<\/strong>, doctor en F\u00edsica y aficionado a la astronom\u00eda, asegur\u00f3 que pudo tratarse de un meteoro.\u00a0\u201cSon peque\u00f1os asteroides (rocas en \u00f3rbita alrededor del sol) que entran en la atm\u00f3sfera terrestre y se calientan hasta desintegrarse; t\u00edpicamente pasan por encima de los 30 kil\u00f3metros de altura, as\u00ed que aunque parezca que cay\u00f3 cerca, puede ser muy lejos. Las piedritas que sobreviven al calor y llegan a tierra, si es que llega alguna, son los meteoritos\u201d, describi\u00f3 en la misma red social.<\/p>\n\n\n\n<p class=\"wp-block-paragraph\"><\/p>\n\n\n\n<blockquote class=\"twitter-tweet\"><p lang=\"es\" dir=\"ltr\">Pocas veces se puede ver el destello de un <a href=\"https:\/\/twitter.com\/hashtag\/meteoro?src=hash&amp;ref_src=twsrc%5Etfw\">#meteoro<\/a> <a href=\"https:\/\/twitter.com\/hashtag\/meteorito?src=hash&amp;ref_src=twsrc%5Etfw\">#meteorito<\/a> en una imagen satelital, como el que hace pocos minutos se est\u00e1 informando desde <a href=\"https:\/\/twitter.com\/hashtag\/Bariloche?src=hash&amp;ref_src=twsrc%5Etfw\">#Bariloche<\/a> <a href=\"https:\/\/twitter.com\/hashtag\/PuertoMontt?src=hash&amp;ref_src=twsrc%5Etfw\">#PuertoMontt<\/a> <a href=\"https:\/\/twitter.com\/hashtag\/puertovaras?src=hash&amp;ref_src=twsrc%5Etfw\">#puertovaras<\/a>, y all\u00ed est\u00e1 !!! <br>Septiembre !! <a href=\"https:\/\/t.co\/tHZEhm2smO\">pic.twitter.com\/tHZEhm2smO<\/a><\/p>&mdash; Luis Donoso (@Geo_Risk) <a href=\"https:\/\/twitter.com\/Geo_Risk\/status\/1700363869812596873?ref_src=twsrc%5Etfw\">September 9, 2023<\/a><\/blockquote> <script async src=\"https:\/\/platform.twitter.com\/widgets.js\" charset=\"utf-8\"><\/script>\n\n\n\n<p class=\"wp-block-paragraph\"><\/p>\n\n\n\n<p class=\"wp-block-paragraph\"><br><br>Por su parte, la\u00a0<strong>Red Geo cient\u00edfica de Chile<\/strong>, public\u00f3: \u201cA las 00:36 horas se report\u00f3 el paso de un asteroide no catalogado que se observ\u00f3 en distintas localidades de Chile y Argentina (Bariloche, San Mart\u00edn de Los Andes, Puerto Montt, Puerto Varas, etc). El fen\u00f3meno tambi\u00e9n pudo ser visto en sat\u00e9lites, no hay reporte de impacto\u201d.<\/p>\n\n\n\n<p class=\"wp-block-paragraph\">En tanto, la subsecretaria de\u00a0<strong>Protecci\u00f3n Civil de la Municipalidad de San Carlos de Bariloche<\/strong>, Patricia D\u00edaz, dijo a T\u00e9lam que <strong>se trata de un meteorito, que ingres\u00f3 y se desintegr\u00f3 en la atmosfera<\/strong>. \u201cEn ese momento produce un destello de tonalidad verde y una luminosidad muy potente, produciendo un sonido que es similar a cuando un avi\u00f3n rompe la barrera del sonido\u201d, detall\u00f3.<\/p>\n\n\n\n<p class=\"wp-block-paragraph\"><\/p>\n\n\n\n<p class=\"wp-block-paragraph\"><\/p>\n\n\n\n<iframe src=\"https:\/\/www.facebook.com\/plugins\/video.php?height=317&#038;href=https%3A%2F%2Fwww.facebook.com%2Feltextual%2Fvideos%2F233167699724126%2F&#038;show_text=true&#038;width=560&#038;t=0\" width=\"560\" height=\"432\" style=\"border:none;overflow:hidden\" scrolling=\"no\" frameborder=\"0\" allowfullscreen=\"true\" allow=\"autoplay; clipboard-write; encrypted-media; picture-in-picture; web-share\" allowFullScreen=\"true\"><\/iframe>\n\n\n\n<p class=\"wp-block-paragraph\"><\/p>\n\n\n\n<p class=\"wp-block-paragraph\"><\/p>\n\n\n\n<p class=\"wp-block-paragraph\"><\/p>\n","protected":false},"excerpt":{"rendered":"<p>Una potente luz ilumin\u00f3 por unos segundos el cielo de la ciudad de Bariloche poco despu\u00e9s de la medianoche. El fen\u00f3meno tambi\u00e9n pudo verse hasta Villa La Angostura y en&hellip;<\/p>\n","protected":false},"author":3,"featured_media":236846,"comment_status":"closed","ping_status":"open","sticky":false,"template":"","format":"standard","meta":{"_acf_changed":false,"footnotes":""},"categories":[1,12],"tags":[],"class_list":["post-236843","post","type-post","status-publish","format-standard","has-post-thumbnail","hentry","category-es-noticia","category-sociedad"],"acf":[],"yoast_head":"<!-- This site is optimized with the Yoast SEO plugin v28.3 - https:\/\/yoast.com\/product\/yoast-seo-wordpress\/ -->\n<title>Qu\u00e9 fue la luz potente que se vio en el cielo de Bariloche - Diario Textual<\/title>\n<meta name=\"robots\" content=\"index, follow, max-snippet:-1, max-image-preview:large, max-video-preview:-1\" \/>\n<link rel=\"canonical\" href=\"https:\/\/diariotextual.com\/inicio\/index.php\/2023\/09\/09\/que-fue-la-luz-potente-que-se-vio-en-el-cielo-de-bariloche\/\" \/>\n<meta property=\"og:locale\" content=\"es_ES\" \/>\n<meta property=\"og:type\" content=\"article\" \/>\n<meta property=\"og:title\" content=\"Qu\u00e9 fue la luz potente que se vio en el cielo de Bariloche - Diario Textual\" \/>\n<meta property=\"og:description\" content=\"Una potente luz ilumin\u00f3 por unos segundos el cielo de la ciudad de Bariloche poco despu\u00e9s de la medianoche. El fen\u00f3meno tambi\u00e9n pudo verse hasta Villa La Angostura y en&hellip;\" \/>\n<meta property=\"og:url\" content=\"https:\/\/diariotextual.com\/inicio\/index.php\/2023\/09\/09\/que-fue-la-luz-potente-que-se-vio-en-el-cielo-de-bariloche\/\" \/>\n<meta property=\"og:site_name\" content=\"Diario Textual\" \/>\n<meta property=\"article:publisher\" content=\"https:\/\/www.facebook.com\/eltextual\" \/>\n<meta property=\"article:published_time\" content=\"2023-09-09T14:17:15+00:00\" \/>\n<meta property=\"article:modified_time\" content=\"2023-09-09T20:05:26+00:00\" \/>\n<meta property=\"og:image\" content=\"https:\/\/diariotextual.com\/inicio\/wp-content\/uploads\/2023\/09\/meteorobariloche2023-1.jpg\" \/>\n\t<meta property=\"og:image:width\" content=\"606\" \/>\n\t<meta property=\"og:image:height\" content=\"336\" \/>\n\t<meta property=\"og:image:type\" content=\"image\/jpeg\" \/>\n<meta name=\"author\" content=\"Diario1 Diario1\" \/>\n<meta name=\"twitter:card\" content=\"summary_large_image\" \/>\n<meta name=\"twitter:creator\" content=\"@eltextual\" \/>\n<meta name=\"twitter:site\" content=\"@eltextual\" \/>\n<meta name=\"twitter:label1\" content=\"Escrito por\" \/>\n\t<meta name=\"twitter:data1\" content=\"Diario1 Diario1\" \/>\n\t<meta name=\"twitter:label2\" content=\"Tiempo de lectura\" \/>\n\t<meta name=\"twitter:data2\" content=\"2 minutos\" \/>\n<script type=\"application\/ld+json\" class=\"yoast-schema-graph\">{\"@context\":\"https:\\\/\\\/schema.org\",\"@graph\":[{\"@type\":\"Article\",\"@id\":\"https:\\\/\\\/diariotextual.com\\\/inicio\\\/index.php\\\/2023\\\/09\\\/09\\\/que-fue-la-luz-potente-que-se-vio-en-el-cielo-de-bariloche\\\/#article\",\"isPartOf\":{\"@id\":\"https:\\\/\\\/diariotextual.com\\\/inicio\\\/index.php\\\/2023\\\/09\\\/09\\\/que-fue-la-luz-potente-que-se-vio-en-el-cielo-de-bariloche\\\/\"},\"author\":{\"name\":\"Diario1 Diario1\",\"@id\":\"https:\\\/\\\/diariotextual.com\\\/inicio\\\/#\\\/schema\\\/person\\\/418fc4093c33e86ed41562db3508f958\"},\"headline\":\"Qu\u00e9 fue la luz potente que se vio en el cielo de Bariloche\",\"datePublished\":\"2023-09-09T14:17:15+00:00\",\"dateModified\":\"2023-09-09T20:05:26+00:00\",\"mainEntityOfPage\":{\"@id\":\"https:\\\/\\\/diariotextual.com\\\/inicio\\\/index.php\\\/2023\\\/09\\\/09\\\/que-fue-la-luz-potente-que-se-vio-en-el-cielo-de-bariloche\\\/\"},\"wordCount\":448,\"publisher\":{\"@id\":\"https:\\\/\\\/diariotextual.com\\\/inicio\\\/#organization\"},\"image\":{\"@id\":\"https:\\\/\\\/diariotextual.com\\\/inicio\\\/index.php\\\/2023\\\/09\\\/09\\\/que-fue-la-luz-potente-que-se-vio-en-el-cielo-de-bariloche\\\/#primaryimage\"},\"thumbnailUrl\":\"https:\\\/\\\/diariotextual.com\\\/inicio\\\/wp-content\\\/uploads\\\/2023\\\/09\\\/meteorobariloche2023-1.jpg\",\"articleSection\":[\"A - ES NOTICIA (van abajo)\",\"SOCIEDAD\"],\"inLanguage\":\"es\"},{\"@type\":\"WebPage\",\"@id\":\"https:\\\/\\\/diariotextual.com\\\/inicio\\\/index.php\\\/2023\\\/09\\\/09\\\/que-fue-la-luz-potente-que-se-vio-en-el-cielo-de-bariloche\\\/\",\"url\":\"https:\\\/\\\/diariotextual.com\\\/inicio\\\/index.php\\\/2023\\\/09\\\/09\\\/que-fue-la-luz-potente-que-se-vio-en-el-cielo-de-bariloche\\\/\",\"name\":\"Qu\u00e9 fue la luz potente que se vio en el cielo de Bariloche - Diario Textual\",\"isPartOf\":{\"@id\":\"https:\\\/\\\/diariotextual.com\\\/inicio\\\/#website\"},\"primaryImageOfPage\":{\"@id\":\"https:\\\/\\\/diariotextual.com\\\/inicio\\\/index.php\\\/2023\\\/09\\\/09\\\/que-fue-la-luz-potente-que-se-vio-en-el-cielo-de-bariloche\\\/#primaryimage\"},\"image\":{\"@id\":\"https:\\\/\\\/diariotextual.com\\\/inicio\\\/index.php\\\/2023\\\/09\\\/09\\\/que-fue-la-luz-potente-que-se-vio-en-el-cielo-de-bariloche\\\/#primaryimage\"},\"thumbnailUrl\":\"https:\\\/\\\/diariotextual.com\\\/inicio\\\/wp-content\\\/uploads\\\/2023\\\/09\\\/meteorobariloche2023-1.jpg\",\"datePublished\":\"2023-09-09T14:17:15+00:00\",\"dateModified\":\"2023-09-09T20:05:26+00:00\",\"breadcrumb\":{\"@id\":\"https:\\\/\\\/diariotextual.com\\\/inicio\\\/index.php\\\/2023\\\/09\\\/09\\\/que-fue-la-luz-potente-que-se-vio-en-el-cielo-de-bariloche\\\/#breadcrumb\"},\"inLanguage\":\"es\",\"potentialAction\":[{\"@type\":\"ReadAction\",\"target\":[\"https:\\\/\\\/diariotextual.com\\\/inicio\\\/index.php\\\/2023\\\/09\\\/09\\\/que-fue-la-luz-potente-que-se-vio-en-el-cielo-de-bariloche\\\/\"]}]},{\"@type\":\"ImageObject\",\"inLanguage\":\"es\",\"@id\":\"https:\\\/\\\/diariotextual.com\\\/inicio\\\/index.php\\\/2023\\\/09\\\/09\\\/que-fue-la-luz-potente-que-se-vio-en-el-cielo-de-bariloche\\\/#primaryimage\",\"url\":\"https:\\\/\\\/diariotextual.com\\\/inicio\\\/wp-content\\\/uploads\\\/2023\\\/09\\\/meteorobariloche2023-1.jpg\",\"contentUrl\":\"https:\\\/\\\/diariotextual.com\\\/inicio\\\/wp-content\\\/uploads\\\/2023\\\/09\\\/meteorobariloche2023-1.jpg\",\"width\":606,\"height\":336},{\"@type\":\"BreadcrumbList\",\"@id\":\"https:\\\/\\\/diariotextual.com\\\/inicio\\\/index.php\\\/2023\\\/09\\\/09\\\/que-fue-la-luz-potente-que-se-vio-en-el-cielo-de-bariloche\\\/#breadcrumb\",\"itemListElement\":[{\"@type\":\"ListItem\",\"position\":1,\"name\":\"Portada\",\"item\":\"https:\\\/\\\/diariotextual.com\\\/inicio\\\/\"},{\"@type\":\"ListItem\",\"position\":2,\"name\":\"Qu\u00e9 fue la luz potente que se vio en el cielo de Bariloche\"}]},{\"@type\":\"WebSite\",\"@id\":\"https:\\\/\\\/diariotextual.com\\\/inicio\\\/#website\",\"url\":\"https:\\\/\\\/diariotextual.com\\\/inicio\\\/\",\"name\":\"Diario Textual\",\"description\":\"\",\"publisher\":{\"@id\":\"https:\\\/\\\/diariotextual.com\\\/inicio\\\/#organization\"},\"potentialAction\":[{\"@type\":\"SearchAction\",\"target\":{\"@type\":\"EntryPoint\",\"urlTemplate\":\"https:\\\/\\\/diariotextual.com\\\/inicio\\\/?s={search_term_string}\"},\"query-input\":{\"@type\":\"PropertyValueSpecification\",\"valueRequired\":true,\"valueName\":\"search_term_string\"}}],\"inLanguage\":\"es\"},{\"@type\":\"Organization\",\"@id\":\"https:\\\/\\\/diariotextual.com\\\/inicio\\\/#organization\",\"name\":\"Diario Textual\",\"url\":\"https:\\\/\\\/diariotextual.com\\\/inicio\\\/\",\"logo\":{\"@type\":\"ImageObject\",\"inLanguage\":\"es\",\"@id\":\"https:\\\/\\\/diariotextual.com\\\/inicio\\\/#\\\/schema\\\/logo\\\/image\\\/\",\"url\":\"https:\\\/\\\/diariotextual.com\\\/inicio\\\/wp-content\\\/uploads\\\/2023\\\/05\\\/logotextual1.jpg\",\"contentUrl\":\"https:\\\/\\\/diariotextual.com\\\/inicio\\\/wp-content\\\/uploads\\\/2023\\\/05\\\/logotextual1.jpg\",\"width\":516,\"height\":76,\"caption\":\"Diario Textual\"},\"image\":{\"@id\":\"https:\\\/\\\/diariotextual.com\\\/inicio\\\/#\\\/schema\\\/logo\\\/image\\\/\"},\"sameAs\":[\"https:\\\/\\\/www.facebook.com\\\/eltextual\",\"https:\\\/\\\/x.com\\\/eltextual\",\"http:\\\/\\\/www.instagram.com\\\/eltextual\"]},{\"@type\":\"Person\",\"@id\":\"https:\\\/\\\/diariotextual.com\\\/inicio\\\/#\\\/schema\\\/person\\\/418fc4093c33e86ed41562db3508f958\",\"name\":\"Diario1 Diario1\",\"image\":{\"@type\":\"ImageObject\",\"inLanguage\":\"es\",\"@id\":\"https:\\\/\\\/secure.gravatar.com\\\/avatar\\\/9167d280179c85bc18be67aa7eda765854300033af4896dd779b608640f2ef7a?s=96&d=mm&r=g\",\"url\":\"https:\\\/\\\/secure.gravatar.com\\\/avatar\\\/9167d280179c85bc18be67aa7eda765854300033af4896dd779b608640f2ef7a?s=96&d=mm&r=g\",\"contentUrl\":\"https:\\\/\\\/secure.gravatar.com\\\/avatar\\\/9167d280179c85bc18be67aa7eda765854300033af4896dd779b608640f2ef7a?s=96&d=mm&r=g\",\"caption\":\"Diario1 Diario1\"},\"url\":\"https:\\\/\\\/diariotextual.com\\\/inicio\\\/index.php\\\/author\\\/diario1\\\/\"}]}<\/script>\n<!-- \/ Yoast SEO plugin. -->","yoast_head_json":{"title":"Qu\u00e9 fue la luz potente que se vio en el cielo de Bariloche - Diario Textual","robots":{"index":"index","follow":"follow","max-snippet":"max-snippet:-1","max-image-preview":"max-image-preview:large","max-video-preview":"max-video-preview:-1"},"canonical":"https:\/\/diariotextual.com\/inicio\/index.php\/2023\/09\/09\/que-fue-la-luz-potente-que-se-vio-en-el-cielo-de-bariloche\/","og_locale":"es_ES","og_type":"article","og_title":"Qu\u00e9 fue la luz potente que se vio en el cielo de Bariloche - Diario Textual","og_description":"Una potente luz ilumin\u00f3 por unos segundos el cielo de la ciudad de Bariloche poco despu\u00e9s de la medianoche. El fen\u00f3meno tambi\u00e9n pudo verse hasta Villa La Angostura y en&hellip;","og_url":"https:\/\/diariotextual.com\/inicio\/index.php\/2023\/09\/09\/que-fue-la-luz-potente-que-se-vio-en-el-cielo-de-bariloche\/","og_site_name":"Diario Textual","article_publisher":"https:\/\/www.facebook.com\/eltextual","article_published_time":"2023-09-09T14:17:15+00:00","article_modified_time":"2023-09-09T20:05:26+00:00","og_image":[{"width":606,"height":336,"url":"https:\/\/diariotextual.com\/inicio\/wp-content\/uploads\/2023\/09\/meteorobariloche2023-1.jpg","type":"image\/jpeg"}],"author":"Diario1 Diario1","twitter_card":"summary_large_image","twitter_creator":"@eltextual","twitter_site":"@eltextual","twitter_misc":{"Escrito por":"Diario1 Diario1","Tiempo de lectura":"2 minutos"},"schema":{"@context":"https:\/\/schema.org","@graph":[{"@type":"Article","@id":"https:\/\/diariotextual.com\/inicio\/index.php\/2023\/09\/09\/que-fue-la-luz-potente-que-se-vio-en-el-cielo-de-bariloche\/#article","isPartOf":{"@id":"https:\/\/diariotextual.com\/inicio\/index.php\/2023\/09\/09\/que-fue-la-luz-potente-que-se-vio-en-el-cielo-de-bariloche\/"},"author":{"name":"Diario1 Diario1","@id":"https:\/\/diariotextual.com\/inicio\/#\/schema\/person\/418fc4093c33e86ed41562db3508f958"},"headline":"Qu\u00e9 fue la luz potente que se vio en el cielo de Bariloche","datePublished":"2023-09-09T14:17:15+00:00","dateModified":"2023-09-09T20:05:26+00:00","mainEntityOfPage":{"@id":"https:\/\/diariotextual.com\/inicio\/index.php\/2023\/09\/09\/que-fue-la-luz-potente-que-se-vio-en-el-cielo-de-bariloche\/"},"wordCount":448,"publisher":{"@id":"https:\/\/diariotextual.com\/inicio\/#organization"},"image":{"@id":"https:\/\/diariotextual.com\/inicio\/index.php\/2023\/09\/09\/que-fue-la-luz-potente-que-se-vio-en-el-cielo-de-bariloche\/#primaryimage"},"thumbnailUrl":"https:\/\/diariotextual.com\/inicio\/wp-content\/uploads\/2023\/09\/meteorobariloche2023-1.jpg","articleSection":["A - ES NOTICIA (van abajo)","SOCIEDAD"],"inLanguage":"es"},{"@type":"WebPage","@id":"https:\/\/diariotextual.com\/inicio\/index.php\/2023\/09\/09\/que-fue-la-luz-potente-que-se-vio-en-el-cielo-de-bariloche\/","url":"https:\/\/diariotextual.com\/inicio\/index.php\/2023\/09\/09\/que-fue-la-luz-potente-que-se-vio-en-el-cielo-de-bariloche\/","name":"Qu\u00e9 fue la luz potente que se vio en el cielo de Bariloche - Diario Textual","isPartOf":{"@id":"https:\/\/diariotextual.com\/inicio\/#website"},"primaryImageOfPage":{"@id":"https:\/\/diariotextual.com\/inicio\/index.php\/2023\/09\/09\/que-fue-la-luz-potente-que-se-vio-en-el-cielo-de-bariloche\/#primaryimage"},"image":{"@id":"https:\/\/diariotextual.com\/inicio\/index.php\/2023\/09\/09\/que-fue-la-luz-potente-que-se-vio-en-el-cielo-de-bariloche\/#primaryimage"},"thumbnailUrl":"https:\/\/diariotextual.com\/inicio\/wp-content\/uploads\/2023\/09\/meteorobariloche2023-1.jpg","datePublished":"2023-09-09T14:17:15+00:00","dateModified":"2023-09-09T20:05:26+00:00","breadcrumb":{"@id":"https:\/\/diariotextual.com\/inicio\/index.php\/2023\/09\/09\/que-fue-la-luz-potente-que-se-vio-en-el-cielo-de-bariloche\/#breadcrumb"},"inLanguage":"es","potentialAction":[{"@type":"ReadAction","target":["https:\/\/diariotextual.com\/inicio\/index.php\/2023\/09\/09\/que-fue-la-luz-potente-que-se-vio-en-el-cielo-de-bariloche\/"]}]},{"@type":"ImageObject","inLanguage":"es","@id":"https:\/\/diariotextual.com\/inicio\/index.php\/2023\/09\/09\/que-fue-la-luz-potente-que-se-vio-en-el-cielo-de-bariloche\/#primaryimage","url":"https:\/\/diariotextual.com\/inicio\/wp-content\/uploads\/2023\/09\/meteorobariloche2023-1.jpg","contentUrl":"https:\/\/diariotextual.com\/inicio\/wp-content\/uploads\/2023\/09\/meteorobariloche2023-1.jpg","width":606,"height":336},{"@type":"BreadcrumbList","@id":"https:\/\/diariotextual.com\/inicio\/index.php\/2023\/09\/09\/que-fue-la-luz-potente-que-se-vio-en-el-cielo-de-bariloche\/#breadcrumb","itemListElement":[{"@type":"ListItem","position":1,"name":"Portada","item":"https:\/\/diariotextual.com\/inicio\/"},{"@type":"ListItem","position":2,"name":"Qu\u00e9 fue la luz potente que se vio en el cielo de Bariloche"}]},{"@type":"WebSite","@id":"https:\/\/diariotextual.com\/inicio\/#website","url":"https:\/\/diariotextual.com\/inicio\/","name":"Diario Textual","description":"","publisher":{"@id":"https:\/\/diariotextual.com\/inicio\/#organization"},"potentialAction":[{"@type":"SearchAction","target":{"@type":"EntryPoint","urlTemplate":"https:\/\/diariotextual.com\/inicio\/?s={search_term_string}"},"query-input":{"@type":"PropertyValueSpecification","valueRequired":true,"valueName":"search_term_string"}}],"inLanguage":"es"},{"@type":"Organization","@id":"https:\/\/diariotextual.com\/inicio\/#organization","name":"Diario Textual","url":"https:\/\/diariotextual.com\/inicio\/","logo":{"@type":"ImageObject","inLanguage":"es","@id":"https:\/\/diariotextual.com\/inicio\/#\/schema\/logo\/image\/","url":"https:\/\/diariotextual.com\/inicio\/wp-content\/uploads\/2023\/05\/logotextual1.jpg","contentUrl":"https:\/\/diariotextual.com\/inicio\/wp-content\/uploads\/2023\/05\/logotextual1.jpg","width":516,"height":76,"caption":"Diario Textual"},"image":{"@id":"https:\/\/diariotextual.com\/inicio\/#\/schema\/logo\/image\/"},"sameAs":["https:\/\/www.facebook.com\/eltextual","https:\/\/x.com\/eltextual","http:\/\/www.instagram.com\/eltextual"]},{"@type":"Person","@id":"https:\/\/diariotextual.com\/inicio\/#\/schema\/person\/418fc4093c33e86ed41562db3508f958","name":"Diario1 Diario1","image":{"@type":"ImageObject","inLanguage":"es","@id":"https:\/\/secure.gravatar.com\/avatar\/9167d280179c85bc18be67aa7eda765854300033af4896dd779b608640f2ef7a?s=96&d=mm&r=g","url":"https:\/\/secure.gravatar.com\/avatar\/9167d280179c85bc18be67aa7eda765854300033af4896dd779b608640f2ef7a?s=96&d=mm&r=g","contentUrl":"https:\/\/secure.gravatar.com\/avatar\/9167d280179c85bc18be67aa7eda765854300033af4896dd779b608640f2ef7a?s=96&d=mm&r=g","caption":"Diario1 Diario1"},"url":"https:\/\/diariotextual.com\/inicio\/index.php\/author\/diario1\/"}]}},"_links":{"self":[{"href":"https:\/\/diariotextual.com\/inicio\/index.php\/wp-json\/wp\/v2\/posts\/236843","targetHints":{"allow":["GET"]}}],"collection":[{"href":"https:\/\/diariotextual.com\/inicio\/index.php\/wp-json\/wp\/v2\/posts"}],"about":[{"href":"https:\/\/diariotextual.com\/inicio\/index.php\/wp-json\/wp\/v2\/types\/post"}],"author":[{"embeddable":true,"href":"https:\/\/diariotextual.com\/inicio\/index.php\/wp-json\/wp\/v2\/users\/3"}],"replies":[{"embeddable":true,"href":"https:\/\/diariotextual.com\/inicio\/index.php\/wp-json\/wp\/v2\/comments?post=236843"}],"version-history":[{"count":3,"href":"https:\/\/diariotextual.com\/inicio\/index.php\/wp-json\/wp\/v2\/posts\/236843\/revisions"}],"predecessor-version":[{"id":236848,"href":"https:\/\/diariotextual.com\/inicio\/index.php\/wp-json\/wp\/v2\/posts\/236843\/revisions\/236848"}],"wp:featuredmedia":[{"embeddable":true,"href":"https:\/\/diariotextual.com\/inicio\/index.php\/wp-json\/wp\/v2\/media\/236846"}],"wp:attachment":[{"href":"https:\/\/diariotextual.com\/inicio\/index.php\/wp-json\/wp\/v2\/media?parent=236843"}],"wp:term":[{"taxonomy":"category","embeddable":true,"href":"https:\/\/diariotextual.com\/inicio\/index.php\/wp-json\/wp\/v2\/categories?post=236843"},{"taxonomy":"post_tag","embeddable":true,"href":"https:\/\/diariotextual.com\/inicio\/index.php\/wp-json\/wp\/v2\/tags?post=236843"}],"curies":[{"name":"wp","href":"https:\/\/api.w.org\/{rel}","templated":true}]}}