{"id":237079,"date":"2023-09-12T08:50:41","date_gmt":"2023-09-12T11:50:41","guid":{"rendered":"https:\/\/diariotextual.com\/inicio\/?p=237079"},"modified":"2023-09-12T21:43:28","modified_gmt":"2023-09-13T00:43:28","slug":"con-un-stand-up-y-una-campana-desestructurada-para-convencidos-uxp-vuelve-al-ruedo","status":"publish","type":"post","link":"https:\/\/diariotextual.com\/inicio\/index.php\/2023\/09\/12\/con-un-stand-up-y-una-campana-desestructurada-para-convencidos-uxp-vuelve-al-ruedo\/","title":{"rendered":"Con un stand up y una campa\u00f1a \u201cdesestructurada\u201d para \u201cconvencidos\u201d, UxP vuelve al ruedo"},"content":{"rendered":"\n<p><strong>Uni\u00f3n por la Patria <\/strong>(UxP, el frente comandado por el PJ) est\u00e1<strong> retomando la campa\u00f1a electoral <\/strong>en La Pampa con el objetivo de<strong> recuperar votos perdidos en las PASO <\/strong>y <strong>ayudar a meter a Sergio Massa a un balotaje contra, se supone, el \u201clibertario\u201d Javier Milei.<\/strong><\/p>\n\n\n\n<p>En Santa Rosa, ya se anuncia una actividad para este viernes 15, desde las 19 horas, en el Centro Empleados de Comercio: se trata de un <strong>show de stand up<\/strong> de <strong>\u201cPeroncho\u201d<\/strong>, el apodo del periodista y comediante <strong>Emanuel Rodr\u00edguez<\/strong>, que hace un espect\u00e1culo de humor pol\u00edtico.<\/p>\n\n\n\n<p><strong>Ariel Rauschenberger <\/strong>-candidato a diputado nacional del peronismo y que ya se descuenta, antes de las elecciones, que tiene un lugar asegurado en el Congreso nacional junto al macrista Mart\u00edn Ardohain- estar\u00e1 presente. \u201cEste viernes las y los espero a las 19:00 hs en el Centro Empleados de Comercio para charlar sobre las elecciones. Nos vemos\u201d, public\u00f3 por las redes sociales.<\/p>\n\n\n\n<p>Parece tratarse, m\u00e1s que nada, de una actividad para militantes del peronismo, es decir, \u201cconvencidos\u201d de votar a UxP.<\/p>\n\n\n\n<p>Por lo pronto, lo m\u00e1s urgente para el peronismo -que en la categor\u00eda presidencial sali\u00f3 en tercer lugar en La Pampa, detr\u00e1s de La Libertad Avanza y Juntos por el Cambio- es tratar de buscar el voto de lo desencantados. Una campa\u00f1a territorial y por las redes.<\/p>\n\n\n\n<p><\/p>\n\n\n\n<figure class=\"wp-block-image size-large\"><img fetchpriority=\"high\" decoding=\"async\" width=\"576\" height=\"1024\" src=\"https:\/\/diariotextual.com\/inicio\/wp-content\/uploads\/2023\/09\/peronchostandup2023-1-576x1024.jpg\" alt=\"\" class=\"wp-image-237089\" srcset=\"https:\/\/diariotextual.com\/inicio\/wp-content\/uploads\/2023\/09\/peronchostandup2023-1-576x1024.jpg 576w, https:\/\/diariotextual.com\/inicio\/wp-content\/uploads\/2023\/09\/peronchostandup2023-1-169x300.jpg 169w, https:\/\/diariotextual.com\/inicio\/wp-content\/uploads\/2023\/09\/peronchostandup2023-1-585x1040.jpg 585w, https:\/\/diariotextual.com\/inicio\/wp-content\/uploads\/2023\/09\/peronchostandup2023-1.jpg 675w\" sizes=\"(max-width: 576px) 100vw, 576px\" \/><\/figure>\n\n\n\n<p><\/p>\n","protected":false},"excerpt":{"rendered":"<p>Uni\u00f3n por la Patria (UxP, el frente comandado por el PJ) est\u00e1 retomando la campa\u00f1a electoral en La Pampa con el objetivo de recuperar votos perdidos en las PASO y&hellip;<\/p>\n","protected":false},"author":3,"featured_media":237088,"comment_status":"closed","ping_status":"open","sticky":false,"template":"","format":"standard","meta":{"_acf_changed":false,"footnotes":""},"categories":[11,8],"tags":[],"class_list":["post-237079","post","type-post","status-publish","format-standard","has-post-thumbnail","hentry","category-que-pasa","category-politica"],"acf":[],"yoast_head":"<!-- This site is optimized with the Yoast SEO plugin v27.5 - https:\/\/yoast.com\/product\/yoast-seo-wordpress\/ -->\n<title>Con un stand up y una campa\u00f1a \u201cdesestructurada\u201d para \u201cconvencidos\u201d, UxP vuelve al ruedo - Diario Textual<\/title>\n<meta name=\"robots\" content=\"index, follow, max-snippet:-1, max-image-preview:large, max-video-preview:-1\" \/>\n<link rel=\"canonical\" href=\"https:\/\/diariotextual.com\/inicio\/index.php\/2023\/09\/12\/con-un-stand-up-y-una-campana-desestructurada-para-convencidos-uxp-vuelve-al-ruedo\/\" \/>\n<meta property=\"og:locale\" content=\"es_ES\" \/>\n<meta property=\"og:type\" content=\"article\" \/>\n<meta property=\"og:title\" content=\"Con un stand up y una campa\u00f1a \u201cdesestructurada\u201d para \u201cconvencidos\u201d, UxP vuelve al ruedo - Diario Textual\" \/>\n<meta property=\"og:description\" content=\"Uni\u00f3n por la Patria (UxP, el frente comandado por el PJ) est\u00e1 retomando la campa\u00f1a electoral en La Pampa con el objetivo de recuperar votos perdidos en las PASO y&hellip;\" \/>\n<meta property=\"og:url\" content=\"https:\/\/diariotextual.com\/inicio\/index.php\/2023\/09\/12\/con-un-stand-up-y-una-campana-desestructurada-para-convencidos-uxp-vuelve-al-ruedo\/\" \/>\n<meta property=\"og:site_name\" content=\"Diario Textual\" \/>\n<meta property=\"article:publisher\" content=\"https:\/\/www.facebook.com\/eltextual\" \/>\n<meta property=\"article:published_time\" content=\"2023-09-12T11:50:41+00:00\" \/>\n<meta property=\"article:modified_time\" content=\"2023-09-13T00:43:28+00:00\" \/>\n<meta property=\"og:image\" content=\"https:\/\/diariotextual.com\/inicio\/wp-content\/uploads\/2023\/09\/peronchostandup2023-2.jpg\" \/>\n\t<meta property=\"og:image:width\" content=\"675\" \/>\n\t<meta property=\"og:image:height\" content=\"572\" \/>\n\t<meta property=\"og:image:type\" content=\"image\/jpeg\" \/>\n<meta name=\"author\" content=\"Diario1 Diario1\" \/>\n<meta name=\"twitter:card\" content=\"summary_large_image\" \/>\n<meta name=\"twitter:creator\" content=\"@eltextual\" \/>\n<meta name=\"twitter:site\" content=\"@eltextual\" \/>\n<meta name=\"twitter:label1\" content=\"Escrito por\" \/>\n\t<meta name=\"twitter:data1\" content=\"Diario1 Diario1\" \/>\n\t<meta name=\"twitter:label2\" content=\"Tiempo de lectura\" \/>\n\t<meta name=\"twitter:data2\" content=\"2 minutos\" \/>\n<script type=\"application\/ld+json\" class=\"yoast-schema-graph\">{\"@context\":\"https:\\\/\\\/schema.org\",\"@graph\":[{\"@type\":\"Article\",\"@id\":\"https:\\\/\\\/diariotextual.com\\\/inicio\\\/index.php\\\/2023\\\/09\\\/12\\\/con-un-stand-up-y-una-campana-desestructurada-para-convencidos-uxp-vuelve-al-ruedo\\\/#article\",\"isPartOf\":{\"@id\":\"https:\\\/\\\/diariotextual.com\\\/inicio\\\/index.php\\\/2023\\\/09\\\/12\\\/con-un-stand-up-y-una-campana-desestructurada-para-convencidos-uxp-vuelve-al-ruedo\\\/\"},\"author\":{\"name\":\"Diario1 Diario1\",\"@id\":\"https:\\\/\\\/diariotextual.com\\\/inicio\\\/#\\\/schema\\\/person\\\/418fc4093c33e86ed41562db3508f958\"},\"headline\":\"Con un stand up y una campa\u00f1a \u201cdesestructurada\u201d para \u201cconvencidos\u201d, UxP vuelve al ruedo\",\"datePublished\":\"2023-09-12T11:50:41+00:00\",\"dateModified\":\"2023-09-13T00:43:28+00:00\",\"mainEntityOfPage\":{\"@id\":\"https:\\\/\\\/diariotextual.com\\\/inicio\\\/index.php\\\/2023\\\/09\\\/12\\\/con-un-stand-up-y-una-campana-desestructurada-para-convencidos-uxp-vuelve-al-ruedo\\\/\"},\"wordCount\":243,\"publisher\":{\"@id\":\"https:\\\/\\\/diariotextual.com\\\/inicio\\\/#organization\"},\"image\":{\"@id\":\"https:\\\/\\\/diariotextual.com\\\/inicio\\\/index.php\\\/2023\\\/09\\\/12\\\/con-un-stand-up-y-una-campana-desestructurada-para-convencidos-uxp-vuelve-al-ruedo\\\/#primaryimage\"},\"thumbnailUrl\":\"https:\\\/\\\/diariotextual.com\\\/inicio\\\/wp-content\\\/uploads\\\/2023\\\/09\\\/peronchostandup2023-2.jpg\",\"articleSection\":[\"A - QUE PASA (al costado)\",\"POLITICA\"],\"inLanguage\":\"es\"},{\"@type\":\"WebPage\",\"@id\":\"https:\\\/\\\/diariotextual.com\\\/inicio\\\/index.php\\\/2023\\\/09\\\/12\\\/con-un-stand-up-y-una-campana-desestructurada-para-convencidos-uxp-vuelve-al-ruedo\\\/\",\"url\":\"https:\\\/\\\/diariotextual.com\\\/inicio\\\/index.php\\\/2023\\\/09\\\/12\\\/con-un-stand-up-y-una-campana-desestructurada-para-convencidos-uxp-vuelve-al-ruedo\\\/\",\"name\":\"Con un stand up y una campa\u00f1a \u201cdesestructurada\u201d para \u201cconvencidos\u201d, UxP vuelve al ruedo - Diario Textual\",\"isPartOf\":{\"@id\":\"https:\\\/\\\/diariotextual.com\\\/inicio\\\/#website\"},\"primaryImageOfPage\":{\"@id\":\"https:\\\/\\\/diariotextual.com\\\/inicio\\\/index.php\\\/2023\\\/09\\\/12\\\/con-un-stand-up-y-una-campana-desestructurada-para-convencidos-uxp-vuelve-al-ruedo\\\/#primaryimage\"},\"image\":{\"@id\":\"https:\\\/\\\/diariotextual.com\\\/inicio\\\/index.php\\\/2023\\\/09\\\/12\\\/con-un-stand-up-y-una-campana-desestructurada-para-convencidos-uxp-vuelve-al-ruedo\\\/#primaryimage\"},\"thumbnailUrl\":\"https:\\\/\\\/diariotextual.com\\\/inicio\\\/wp-content\\\/uploads\\\/2023\\\/09\\\/peronchostandup2023-2.jpg\",\"datePublished\":\"2023-09-12T11:50:41+00:00\",\"dateModified\":\"2023-09-13T00:43:28+00:00\",\"breadcrumb\":{\"@id\":\"https:\\\/\\\/diariotextual.com\\\/inicio\\\/index.php\\\/2023\\\/09\\\/12\\\/con-un-stand-up-y-una-campana-desestructurada-para-convencidos-uxp-vuelve-al-ruedo\\\/#breadcrumb\"},\"inLanguage\":\"es\",\"potentialAction\":[{\"@type\":\"ReadAction\",\"target\":[\"https:\\\/\\\/diariotextual.com\\\/inicio\\\/index.php\\\/2023\\\/09\\\/12\\\/con-un-stand-up-y-una-campana-desestructurada-para-convencidos-uxp-vuelve-al-ruedo\\\/\"]}]},{\"@type\":\"ImageObject\",\"inLanguage\":\"es\",\"@id\":\"https:\\\/\\\/diariotextual.com\\\/inicio\\\/index.php\\\/2023\\\/09\\\/12\\\/con-un-stand-up-y-una-campana-desestructurada-para-convencidos-uxp-vuelve-al-ruedo\\\/#primaryimage\",\"url\":\"https:\\\/\\\/diariotextual.com\\\/inicio\\\/wp-content\\\/uploads\\\/2023\\\/09\\\/peronchostandup2023-2.jpg\",\"contentUrl\":\"https:\\\/\\\/diariotextual.com\\\/inicio\\\/wp-content\\\/uploads\\\/2023\\\/09\\\/peronchostandup2023-2.jpg\",\"width\":675,\"height\":572},{\"@type\":\"BreadcrumbList\",\"@id\":\"https:\\\/\\\/diariotextual.com\\\/inicio\\\/index.php\\\/2023\\\/09\\\/12\\\/con-un-stand-up-y-una-campana-desestructurada-para-convencidos-uxp-vuelve-al-ruedo\\\/#breadcrumb\",\"itemListElement\":[{\"@type\":\"ListItem\",\"position\":1,\"name\":\"Portada\",\"item\":\"https:\\\/\\\/diariotextual.com\\\/inicio\\\/\"},{\"@type\":\"ListItem\",\"position\":2,\"name\":\"Con un stand up y una campa\u00f1a \u201cdesestructurada\u201d para \u201cconvencidos\u201d, UxP vuelve al ruedo\"}]},{\"@type\":\"WebSite\",\"@id\":\"https:\\\/\\\/diariotextual.com\\\/inicio\\\/#website\",\"url\":\"https:\\\/\\\/diariotextual.com\\\/inicio\\\/\",\"name\":\"Diario Textual\",\"description\":\"\",\"publisher\":{\"@id\":\"https:\\\/\\\/diariotextual.com\\\/inicio\\\/#organization\"},\"potentialAction\":[{\"@type\":\"SearchAction\",\"target\":{\"@type\":\"EntryPoint\",\"urlTemplate\":\"https:\\\/\\\/diariotextual.com\\\/inicio\\\/?s={search_term_string}\"},\"query-input\":{\"@type\":\"PropertyValueSpecification\",\"valueRequired\":true,\"valueName\":\"search_term_string\"}}],\"inLanguage\":\"es\"},{\"@type\":\"Organization\",\"@id\":\"https:\\\/\\\/diariotextual.com\\\/inicio\\\/#organization\",\"name\":\"Diario Textual\",\"url\":\"https:\\\/\\\/diariotextual.com\\\/inicio\\\/\",\"logo\":{\"@type\":\"ImageObject\",\"inLanguage\":\"es\",\"@id\":\"https:\\\/\\\/diariotextual.com\\\/inicio\\\/#\\\/schema\\\/logo\\\/image\\\/\",\"url\":\"https:\\\/\\\/diariotextual.com\\\/inicio\\\/wp-content\\\/uploads\\\/2023\\\/05\\\/logotextual1.jpg\",\"contentUrl\":\"https:\\\/\\\/diariotextual.com\\\/inicio\\\/wp-content\\\/uploads\\\/2023\\\/05\\\/logotextual1.jpg\",\"width\":516,\"height\":76,\"caption\":\"Diario Textual\"},\"image\":{\"@id\":\"https:\\\/\\\/diariotextual.com\\\/inicio\\\/#\\\/schema\\\/logo\\\/image\\\/\"},\"sameAs\":[\"https:\\\/\\\/www.facebook.com\\\/eltextual\",\"https:\\\/\\\/x.com\\\/eltextual\",\"http:\\\/\\\/www.instagram.com\\\/eltextual\"]},{\"@type\":\"Person\",\"@id\":\"https:\\\/\\\/diariotextual.com\\\/inicio\\\/#\\\/schema\\\/person\\\/418fc4093c33e86ed41562db3508f958\",\"name\":\"Diario1 Diario1\",\"image\":{\"@type\":\"ImageObject\",\"inLanguage\":\"es\",\"@id\":\"https:\\\/\\\/secure.gravatar.com\\\/avatar\\\/9167d280179c85bc18be67aa7eda765854300033af4896dd779b608640f2ef7a?s=96&d=mm&r=g\",\"url\":\"https:\\\/\\\/secure.gravatar.com\\\/avatar\\\/9167d280179c85bc18be67aa7eda765854300033af4896dd779b608640f2ef7a?s=96&d=mm&r=g\",\"contentUrl\":\"https:\\\/\\\/secure.gravatar.com\\\/avatar\\\/9167d280179c85bc18be67aa7eda765854300033af4896dd779b608640f2ef7a?s=96&d=mm&r=g\",\"caption\":\"Diario1 Diario1\"},\"url\":\"https:\\\/\\\/diariotextual.com\\\/inicio\\\/index.php\\\/author\\\/diario1\\\/\"}]}<\/script>\n<!-- \/ Yoast SEO plugin. -->","yoast_head_json":{"title":"Con un stand up y una campa\u00f1a \u201cdesestructurada\u201d para \u201cconvencidos\u201d, UxP vuelve al ruedo - Diario Textual","robots":{"index":"index","follow":"follow","max-snippet":"max-snippet:-1","max-image-preview":"max-image-preview:large","max-video-preview":"max-video-preview:-1"},"canonical":"https:\/\/diariotextual.com\/inicio\/index.php\/2023\/09\/12\/con-un-stand-up-y-una-campana-desestructurada-para-convencidos-uxp-vuelve-al-ruedo\/","og_locale":"es_ES","og_type":"article","og_title":"Con un stand up y una campa\u00f1a \u201cdesestructurada\u201d para \u201cconvencidos\u201d, UxP vuelve al ruedo - Diario Textual","og_description":"Uni\u00f3n por la Patria (UxP, el frente comandado por el PJ) est\u00e1 retomando la campa\u00f1a electoral en La Pampa con el objetivo de recuperar votos perdidos en las PASO y&hellip;","og_url":"https:\/\/diariotextual.com\/inicio\/index.php\/2023\/09\/12\/con-un-stand-up-y-una-campana-desestructurada-para-convencidos-uxp-vuelve-al-ruedo\/","og_site_name":"Diario Textual","article_publisher":"https:\/\/www.facebook.com\/eltextual","article_published_time":"2023-09-12T11:50:41+00:00","article_modified_time":"2023-09-13T00:43:28+00:00","og_image":[{"width":675,"height":572,"url":"https:\/\/diariotextual.com\/inicio\/wp-content\/uploads\/2023\/09\/peronchostandup2023-2.jpg","type":"image\/jpeg"}],"author":"Diario1 Diario1","twitter_card":"summary_large_image","twitter_creator":"@eltextual","twitter_site":"@eltextual","twitter_misc":{"Escrito por":"Diario1 Diario1","Tiempo de lectura":"2 minutos"},"schema":{"@context":"https:\/\/schema.org","@graph":[{"@type":"Article","@id":"https:\/\/diariotextual.com\/inicio\/index.php\/2023\/09\/12\/con-un-stand-up-y-una-campana-desestructurada-para-convencidos-uxp-vuelve-al-ruedo\/#article","isPartOf":{"@id":"https:\/\/diariotextual.com\/inicio\/index.php\/2023\/09\/12\/con-un-stand-up-y-una-campana-desestructurada-para-convencidos-uxp-vuelve-al-ruedo\/"},"author":{"name":"Diario1 Diario1","@id":"https:\/\/diariotextual.com\/inicio\/#\/schema\/person\/418fc4093c33e86ed41562db3508f958"},"headline":"Con un stand up y una campa\u00f1a \u201cdesestructurada\u201d para \u201cconvencidos\u201d, UxP vuelve al ruedo","datePublished":"2023-09-12T11:50:41+00:00","dateModified":"2023-09-13T00:43:28+00:00","mainEntityOfPage":{"@id":"https:\/\/diariotextual.com\/inicio\/index.php\/2023\/09\/12\/con-un-stand-up-y-una-campana-desestructurada-para-convencidos-uxp-vuelve-al-ruedo\/"},"wordCount":243,"publisher":{"@id":"https:\/\/diariotextual.com\/inicio\/#organization"},"image":{"@id":"https:\/\/diariotextual.com\/inicio\/index.php\/2023\/09\/12\/con-un-stand-up-y-una-campana-desestructurada-para-convencidos-uxp-vuelve-al-ruedo\/#primaryimage"},"thumbnailUrl":"https:\/\/diariotextual.com\/inicio\/wp-content\/uploads\/2023\/09\/peronchostandup2023-2.jpg","articleSection":["A - QUE PASA (al costado)","POLITICA"],"inLanguage":"es"},{"@type":"WebPage","@id":"https:\/\/diariotextual.com\/inicio\/index.php\/2023\/09\/12\/con-un-stand-up-y-una-campana-desestructurada-para-convencidos-uxp-vuelve-al-ruedo\/","url":"https:\/\/diariotextual.com\/inicio\/index.php\/2023\/09\/12\/con-un-stand-up-y-una-campana-desestructurada-para-convencidos-uxp-vuelve-al-ruedo\/","name":"Con un stand up y una campa\u00f1a \u201cdesestructurada\u201d para \u201cconvencidos\u201d, UxP vuelve al ruedo - Diario Textual","isPartOf":{"@id":"https:\/\/diariotextual.com\/inicio\/#website"},"primaryImageOfPage":{"@id":"https:\/\/diariotextual.com\/inicio\/index.php\/2023\/09\/12\/con-un-stand-up-y-una-campana-desestructurada-para-convencidos-uxp-vuelve-al-ruedo\/#primaryimage"},"image":{"@id":"https:\/\/diariotextual.com\/inicio\/index.php\/2023\/09\/12\/con-un-stand-up-y-una-campana-desestructurada-para-convencidos-uxp-vuelve-al-ruedo\/#primaryimage"},"thumbnailUrl":"https:\/\/diariotextual.com\/inicio\/wp-content\/uploads\/2023\/09\/peronchostandup2023-2.jpg","datePublished":"2023-09-12T11:50:41+00:00","dateModified":"2023-09-13T00:43:28+00:00","breadcrumb":{"@id":"https:\/\/diariotextual.com\/inicio\/index.php\/2023\/09\/12\/con-un-stand-up-y-una-campana-desestructurada-para-convencidos-uxp-vuelve-al-ruedo\/#breadcrumb"},"inLanguage":"es","potentialAction":[{"@type":"ReadAction","target":["https:\/\/diariotextual.com\/inicio\/index.php\/2023\/09\/12\/con-un-stand-up-y-una-campana-desestructurada-para-convencidos-uxp-vuelve-al-ruedo\/"]}]},{"@type":"ImageObject","inLanguage":"es","@id":"https:\/\/diariotextual.com\/inicio\/index.php\/2023\/09\/12\/con-un-stand-up-y-una-campana-desestructurada-para-convencidos-uxp-vuelve-al-ruedo\/#primaryimage","url":"https:\/\/diariotextual.com\/inicio\/wp-content\/uploads\/2023\/09\/peronchostandup2023-2.jpg","contentUrl":"https:\/\/diariotextual.com\/inicio\/wp-content\/uploads\/2023\/09\/peronchostandup2023-2.jpg","width":675,"height":572},{"@type":"BreadcrumbList","@id":"https:\/\/diariotextual.com\/inicio\/index.php\/2023\/09\/12\/con-un-stand-up-y-una-campana-desestructurada-para-convencidos-uxp-vuelve-al-ruedo\/#breadcrumb","itemListElement":[{"@type":"ListItem","position":1,"name":"Portada","item":"https:\/\/diariotextual.com\/inicio\/"},{"@type":"ListItem","position":2,"name":"Con un stand up y una campa\u00f1a \u201cdesestructurada\u201d para \u201cconvencidos\u201d, UxP vuelve al ruedo"}]},{"@type":"WebSite","@id":"https:\/\/diariotextual.com\/inicio\/#website","url":"https:\/\/diariotextual.com\/inicio\/","name":"Diario Textual","description":"","publisher":{"@id":"https:\/\/diariotextual.com\/inicio\/#organization"},"potentialAction":[{"@type":"SearchAction","target":{"@type":"EntryPoint","urlTemplate":"https:\/\/diariotextual.com\/inicio\/?s={search_term_string}"},"query-input":{"@type":"PropertyValueSpecification","valueRequired":true,"valueName":"search_term_string"}}],"inLanguage":"es"},{"@type":"Organization","@id":"https:\/\/diariotextual.com\/inicio\/#organization","name":"Diario Textual","url":"https:\/\/diariotextual.com\/inicio\/","logo":{"@type":"ImageObject","inLanguage":"es","@id":"https:\/\/diariotextual.com\/inicio\/#\/schema\/logo\/image\/","url":"https:\/\/diariotextual.com\/inicio\/wp-content\/uploads\/2023\/05\/logotextual1.jpg","contentUrl":"https:\/\/diariotextual.com\/inicio\/wp-content\/uploads\/2023\/05\/logotextual1.jpg","width":516,"height":76,"caption":"Diario Textual"},"image":{"@id":"https:\/\/diariotextual.com\/inicio\/#\/schema\/logo\/image\/"},"sameAs":["https:\/\/www.facebook.com\/eltextual","https:\/\/x.com\/eltextual","http:\/\/www.instagram.com\/eltextual"]},{"@type":"Person","@id":"https:\/\/diariotextual.com\/inicio\/#\/schema\/person\/418fc4093c33e86ed41562db3508f958","name":"Diario1 Diario1","image":{"@type":"ImageObject","inLanguage":"es","@id":"https:\/\/secure.gravatar.com\/avatar\/9167d280179c85bc18be67aa7eda765854300033af4896dd779b608640f2ef7a?s=96&d=mm&r=g","url":"https:\/\/secure.gravatar.com\/avatar\/9167d280179c85bc18be67aa7eda765854300033af4896dd779b608640f2ef7a?s=96&d=mm&r=g","contentUrl":"https:\/\/secure.gravatar.com\/avatar\/9167d280179c85bc18be67aa7eda765854300033af4896dd779b608640f2ef7a?s=96&d=mm&r=g","caption":"Diario1 Diario1"},"url":"https:\/\/diariotextual.com\/inicio\/index.php\/author\/diario1\/"}]}},"_links":{"self":[{"href":"https:\/\/diariotextual.com\/inicio\/index.php\/wp-json\/wp\/v2\/posts\/237079","targetHints":{"allow":["GET"]}}],"collection":[{"href":"https:\/\/diariotextual.com\/inicio\/index.php\/wp-json\/wp\/v2\/posts"}],"about":[{"href":"https:\/\/diariotextual.com\/inicio\/index.php\/wp-json\/wp\/v2\/types\/post"}],"author":[{"embeddable":true,"href":"https:\/\/diariotextual.com\/inicio\/index.php\/wp-json\/wp\/v2\/users\/3"}],"replies":[{"embeddable":true,"href":"https:\/\/diariotextual.com\/inicio\/index.php\/wp-json\/wp\/v2\/comments?post=237079"}],"version-history":[{"count":4,"href":"https:\/\/diariotextual.com\/inicio\/index.php\/wp-json\/wp\/v2\/posts\/237079\/revisions"}],"predecessor-version":[{"id":237090,"href":"https:\/\/diariotextual.com\/inicio\/index.php\/wp-json\/wp\/v2\/posts\/237079\/revisions\/237090"}],"wp:featuredmedia":[{"embeddable":true,"href":"https:\/\/diariotextual.com\/inicio\/index.php\/wp-json\/wp\/v2\/media\/237088"}],"wp:attachment":[{"href":"https:\/\/diariotextual.com\/inicio\/index.php\/wp-json\/wp\/v2\/media?parent=237079"}],"wp:term":[{"taxonomy":"category","embeddable":true,"href":"https:\/\/diariotextual.com\/inicio\/index.php\/wp-json\/wp\/v2\/categories?post=237079"},{"taxonomy":"post_tag","embeddable":true,"href":"https:\/\/diariotextual.com\/inicio\/index.php\/wp-json\/wp\/v2\/tags?post=237079"}],"curies":[{"name":"wp","href":"https:\/\/api.w.org\/{rel}","templated":true}]}}