{"id":237110,"date":"2023-09-12T21:42:39","date_gmt":"2023-09-13T00:42:39","guid":{"rendered":"https:\/\/diariotextual.com\/inicio\/?p=237110"},"modified":"2023-09-13T16:30:57","modified_gmt":"2023-09-13T19:30:57","slug":"un-ministro-mendocino-y-el-rechazo-de-la-pampa-a-potasio-que-ziliotto-se-compre-una-vida-propia","status":"publish","type":"post","link":"https:\/\/diariotextual.com\/inicio\/index.php\/2023\/09\/12\/un-ministro-mendocino-y-el-rechazo-de-la-pampa-a-potasio-que-ziliotto-se-compre-una-vida-propia\/","title":{"rendered":"Un ministro mendocino y el rechazo de La Pampa a Potasio: \u201cQue (Ziliotto) se compre una vida propia\u201d"},"content":{"rendered":"\n<p>El gobernador\u00a0mendocino <strong>Rodolfo Su\u00e1rez <\/strong>firm\u00f3 este martes el\u00a0<strong>contrato de traspaso de acciones de Potasio R\u00edo Colorado <\/strong>con el presidente de la compa\u00f1\u00eda argentina\u00a0<strong>Minera Aguilar S.A<\/strong>, Mallo Huergo, socio del empresario y exdirigente menemista\u00a0<strong>Jos\u00e9 Luis Manzano. De esa manera, se intenta reactivar la mina para extraer cloruro de potasio y que tiene en alerta a La Pampa: el proyecto generar\u00e1 a perpetuidad una monta\u00f1a de sal que, por lluvia o viento, podr\u00eda infiltrarse y contaminar el r\u00edo Colorado.<\/strong><\/p>\n\n\n\n<p>En el acto estuvieron presentes tambi\u00e9n los secretarios del Ministerio de Agricultura y Pesca de Brasil, Cleber Soares, y del Ministerio de Industria, Comercio y Servicios de Brasil, Marcio Fernando Elias Rosa, y la c\u00f3nsul de Brasil, Mitzi Costa. Particip\u00f3 del acto tambi\u00e9n el intendente de Malarg\u00fce, Juan Manuel Ojeda.<\/p>\n\n\n\n<p>\u201cEstamos ante un hecho hist\u00f3rico para Mendoza. Hoy, sin duda, dimos un paso m\u00e1s en materia de crecimiento, empleo y desarrollo econ\u00f3mico de la provincia a futuro\u201d, sostuvo el gobernador en su discurso. \u201cNos han prometido que en el mes de enero ya va a haber gente trabajando en la mina y ser\u00e1n malarg\u00fcinos. Por lo cual, como siempre lo hemos dicho, creemos que el futuro de Mendoza est\u00e1 en Malarg\u00fce. No solo con esta mina sino con lo que ocurre en Vaca Muerta, Cerro Amarillo y Hierro Indio. Malarg\u00fce es un departamento con una riqueza enorme, bien administrada por su intendente\u201d, agreg\u00f3.<\/p>\n\n\n\n<p>\u201cEn 5 a\u00f1os esta provincia puede duplicar sus exportaciones. Eso significa que despu\u00e9s habar\u00e1 m\u00e1s caminos, escuelas, hospitales y mejores servicios. Porque el 12% que queda en Mendoza, m\u00e1s las regal\u00edas del 4,5%, van a ayudar a esa visi\u00f3n que tenemos de la provincia con Alfredo Cornejo. Es un Estado al servicio de los empresarios para que produzcan riqueza y generen empleo genuino\u201d, dijo.<\/p>\n\n\n\n<p>En tanto, el ministro de Econom\u00eda y Energ\u00eda, <strong>Enrique Vaqui\u00e9<\/strong>, sali\u00f3 al cruce de La Pampa. Se refiri\u00f3 a una nota que <strong><a href=\"https:\/\/diariotextual.com\/inicio\/index.php\/2023\/09\/11\/el-viernes-en-reunion-de-coirco-la-pampa-pedira-a-mendoza-informe-sobre-potasio-rio-colorado\/\" target=\"_blank\" rel=\"noreferrer noopener\">Diario Textual del secretario de Recursos H\u00eddricos de La Pampa, N\u00e9stor Lastiri<\/a><\/strong>, que dijo que pedir\u00e1n ante el Comit\u00e9 Interjurisdiccional del R\u00edo Colorado (Coirco) que se presente de nuevo el proyecto de la mina. \u201cQue presente el proyecto y el impacto que tiene sobre la cuenca. Trataremos de hacerlo con las dem\u00e1s provincias\u201d, coment\u00f3.<\/p>\n\n\n\n<p>Ante esto, inform\u00f3 el diario <strong>Los Andes<\/strong>, el ministro Vaqui\u00e9 se mostr\u00f3 molesto y algo sorprendido. \u201cYa le dije al gobernador de La Pampa (Sergio Ziliotto) que se compre una vida propia y nos deje vivir. Me sale siempre as\u00ed\u201d, manifest\u00f3 a la prensa.<\/p>\n\n\n\n<p>\u201cSegundo, que lea porque todo esto tiene m\u00e1s o menos 22 actas de Coirco que aprobaron Potasio R\u00edo Colorado. La vida institucional de las provincias no comienza con cada gobernador o presidente, hay una historia detr\u00e1s\u201d, agreg\u00f3.<strong> &nbsp;\u201cEl gobierno de La Pampa, por m\u00e1s que haya sido otro, ya lo aprob\u00f3 y est\u00e1 aprobado absolutamente. Si no tiene las actas que me escriba por tel\u00e9fono y yo se las mando para que las estudie y se quede callado<\/strong>\u201d, finaliz\u00f3.<\/p>\n\n\n\n<p><strong>\u00bfEs cierto que La Pampa dio luz verde al proyecto en el Coirco? S\u00ed, aunque -dicen ahora las autoridades provinciales en off de r\u00e9cord a Diario Textual- en ese momento se aprob\u00f3 otro proyecto. Ahora lo cambiaron. Por eso, insisten, se debe presentar un nuevo estudio de impacto ambiental que, incluso, abarque toda la cuenca. No es un dato menor: el estudio de impacto que tiene Mendoza abarca solo a la zona sur de esa provincia.<\/strong><\/p>\n\n\n\n<p>Potasio R\u00edo Colorado&nbsp;es el proyecto minero m\u00e1s grande de&nbsp;Mendoza y arrastra tambi\u00e9n uno de los fracasos m\u00e1s estrepitosos. La empresa inglesa <strong>R\u00edo Tinto<\/strong> lo desarroll\u00f3&nbsp;y consigui\u00f3 todos los avales. Luego lo vendi\u00f3 a la brasile\u00f1a <strong>Val<\/strong>e y esa empresa comenz\u00f3 a construir la mina. La inversi\u00f3n inicial era de casi 6 mil millones de d\u00f3lares. Hab\u00eda casi 4 mil personas trabajando a principios de 2013 y, de un d\u00eda para otro, se comunic\u00f3 el abandono<strong>. Posteriormente la inversi\u00f3n qued\u00f3 en manos del Gobierno mendocino, hasta ahora.<\/strong><\/p>\n\n\n\n<p>El objetivo de Mendoza es extraer\u00a0<strong>cloruro de potasio<\/strong>, que se utiliza como fertilizante. Y eso <strong>dejar\u00e1 un residuo a perpetuidad: una monta\u00f1a de cloruro de sodio.<\/strong><\/p>\n\n\n\n<p>El proyecto minero se encuentra en el sur de la provincia de Mendoza, en el departamento de Malarg\u00fce, pero sus impactos exceden la jurisdicci\u00f3n provincial de la provincias de Neuqu\u00e9n, R\u00edo Negro, La Pampa y Buenos Aires. Por eso debe ser aprobado por el Coirco, que es el comit\u00e9 de cuenca que da luz verde o no a los proyectos que inciden sobre el r\u00edo Colorado.<\/p>\n\n\n\n<p><\/p>\n\n\n\n<p><\/p>\n\n\n\n<p><\/p>\n","protected":false},"excerpt":{"rendered":"<p>El gobernador\u00a0mendocino Rodolfo Su\u00e1rez firm\u00f3 este martes el\u00a0contrato de traspaso de acciones de Potasio R\u00edo Colorado con el presidente de la compa\u00f1\u00eda argentina\u00a0Minera Aguilar S.A, Mallo Huergo, socio del empresario&hellip;<\/p>\n","protected":false},"author":3,"featured_media":237165,"comment_status":"closed","ping_status":"open","sticky":false,"template":"","format":"standard","meta":{"_acf_changed":false,"footnotes":""},"categories":[11,8],"tags":[],"class_list":["post-237110","post","type-post","status-publish","format-standard","has-post-thumbnail","hentry","category-que-pasa","category-politica"],"acf":[],"yoast_head":"<!-- This site is optimized with the Yoast SEO plugin v27.5 - https:\/\/yoast.com\/product\/yoast-seo-wordpress\/ -->\n<title>Un ministro mendocino y el rechazo de La Pampa a Potasio: \u201cQue (Ziliotto) se compre una vida propia\u201d - Diario Textual<\/title>\n<meta name=\"robots\" content=\"index, follow, max-snippet:-1, max-image-preview:large, max-video-preview:-1\" \/>\n<link rel=\"canonical\" href=\"https:\/\/diariotextual.com\/inicio\/index.php\/2023\/09\/12\/un-ministro-mendocino-y-el-rechazo-de-la-pampa-a-potasio-que-ziliotto-se-compre-una-vida-propia\/\" \/>\n<meta property=\"og:locale\" content=\"es_ES\" \/>\n<meta property=\"og:type\" content=\"article\" \/>\n<meta property=\"og:title\" content=\"Un ministro mendocino y el rechazo de La Pampa a Potasio: \u201cQue (Ziliotto) se compre una vida propia\u201d - Diario Textual\" \/>\n<meta property=\"og:description\" content=\"El gobernador\u00a0mendocino Rodolfo Su\u00e1rez firm\u00f3 este martes el\u00a0contrato de traspaso de acciones de Potasio R\u00edo Colorado con el presidente de la compa\u00f1\u00eda argentina\u00a0Minera Aguilar S.A, Mallo Huergo, socio del empresario&hellip;\" \/>\n<meta property=\"og:url\" content=\"https:\/\/diariotextual.com\/inicio\/index.php\/2023\/09\/12\/un-ministro-mendocino-y-el-rechazo-de-la-pampa-a-potasio-que-ziliotto-se-compre-una-vida-propia\/\" \/>\n<meta property=\"og:site_name\" content=\"Diario Textual\" \/>\n<meta property=\"article:publisher\" content=\"https:\/\/www.facebook.com\/eltextual\" \/>\n<meta property=\"article:published_time\" content=\"2023-09-13T00:42:39+00:00\" \/>\n<meta property=\"article:modified_time\" content=\"2023-09-13T19:30:57+00:00\" \/>\n<meta property=\"og:image\" content=\"https:\/\/diariotextual.com\/inicio\/wp-content\/uploads\/2023\/09\/potasioriocoloradofirmamineraaguilarsuarezrodolfomanzano2023-1.jpg\" \/>\n\t<meta property=\"og:image:width\" content=\"2048\" \/>\n\t<meta property=\"og:image:height\" content=\"1367\" \/>\n\t<meta property=\"og:image:type\" content=\"image\/jpeg\" \/>\n<meta name=\"author\" content=\"Diario1 Diario1\" \/>\n<meta name=\"twitter:card\" content=\"summary_large_image\" \/>\n<meta name=\"twitter:creator\" content=\"@eltextual\" \/>\n<meta name=\"twitter:site\" content=\"@eltextual\" \/>\n<meta name=\"twitter:label1\" content=\"Escrito por\" \/>\n\t<meta name=\"twitter:data1\" content=\"Diario1 Diario1\" \/>\n\t<meta name=\"twitter:label2\" content=\"Tiempo de lectura\" \/>\n\t<meta name=\"twitter:data2\" content=\"4 minutos\" \/>\n<script type=\"application\/ld+json\" class=\"yoast-schema-graph\">{\"@context\":\"https:\\\/\\\/schema.org\",\"@graph\":[{\"@type\":\"Article\",\"@id\":\"https:\\\/\\\/diariotextual.com\\\/inicio\\\/index.php\\\/2023\\\/09\\\/12\\\/un-ministro-mendocino-y-el-rechazo-de-la-pampa-a-potasio-que-ziliotto-se-compre-una-vida-propia\\\/#article\",\"isPartOf\":{\"@id\":\"https:\\\/\\\/diariotextual.com\\\/inicio\\\/index.php\\\/2023\\\/09\\\/12\\\/un-ministro-mendocino-y-el-rechazo-de-la-pampa-a-potasio-que-ziliotto-se-compre-una-vida-propia\\\/\"},\"author\":{\"name\":\"Diario1 Diario1\",\"@id\":\"https:\\\/\\\/diariotextual.com\\\/inicio\\\/#\\\/schema\\\/person\\\/418fc4093c33e86ed41562db3508f958\"},\"headline\":\"Un ministro mendocino y el rechazo de La Pampa a Potasio: \u201cQue (Ziliotto) se compre una vida propia\u201d\",\"datePublished\":\"2023-09-13T00:42:39+00:00\",\"dateModified\":\"2023-09-13T19:30:57+00:00\",\"mainEntityOfPage\":{\"@id\":\"https:\\\/\\\/diariotextual.com\\\/inicio\\\/index.php\\\/2023\\\/09\\\/12\\\/un-ministro-mendocino-y-el-rechazo-de-la-pampa-a-potasio-que-ziliotto-se-compre-una-vida-propia\\\/\"},\"wordCount\":824,\"publisher\":{\"@id\":\"https:\\\/\\\/diariotextual.com\\\/inicio\\\/#organization\"},\"image\":{\"@id\":\"https:\\\/\\\/diariotextual.com\\\/inicio\\\/index.php\\\/2023\\\/09\\\/12\\\/un-ministro-mendocino-y-el-rechazo-de-la-pampa-a-potasio-que-ziliotto-se-compre-una-vida-propia\\\/#primaryimage\"},\"thumbnailUrl\":\"https:\\\/\\\/diariotextual.com\\\/inicio\\\/wp-content\\\/uploads\\\/2023\\\/09\\\/potasioriocoloradofirmamineraaguilarsuarezrodolfomanzano2023-1.jpg\",\"articleSection\":[\"A - QUE PASA (al costado)\",\"POLITICA\"],\"inLanguage\":\"es\"},{\"@type\":\"WebPage\",\"@id\":\"https:\\\/\\\/diariotextual.com\\\/inicio\\\/index.php\\\/2023\\\/09\\\/12\\\/un-ministro-mendocino-y-el-rechazo-de-la-pampa-a-potasio-que-ziliotto-se-compre-una-vida-propia\\\/\",\"url\":\"https:\\\/\\\/diariotextual.com\\\/inicio\\\/index.php\\\/2023\\\/09\\\/12\\\/un-ministro-mendocino-y-el-rechazo-de-la-pampa-a-potasio-que-ziliotto-se-compre-una-vida-propia\\\/\",\"name\":\"Un ministro mendocino y el rechazo de La Pampa a Potasio: \u201cQue (Ziliotto) se compre una vida propia\u201d - Diario Textual\",\"isPartOf\":{\"@id\":\"https:\\\/\\\/diariotextual.com\\\/inicio\\\/#website\"},\"primaryImageOfPage\":{\"@id\":\"https:\\\/\\\/diariotextual.com\\\/inicio\\\/index.php\\\/2023\\\/09\\\/12\\\/un-ministro-mendocino-y-el-rechazo-de-la-pampa-a-potasio-que-ziliotto-se-compre-una-vida-propia\\\/#primaryimage\"},\"image\":{\"@id\":\"https:\\\/\\\/diariotextual.com\\\/inicio\\\/index.php\\\/2023\\\/09\\\/12\\\/un-ministro-mendocino-y-el-rechazo-de-la-pampa-a-potasio-que-ziliotto-se-compre-una-vida-propia\\\/#primaryimage\"},\"thumbnailUrl\":\"https:\\\/\\\/diariotextual.com\\\/inicio\\\/wp-content\\\/uploads\\\/2023\\\/09\\\/potasioriocoloradofirmamineraaguilarsuarezrodolfomanzano2023-1.jpg\",\"datePublished\":\"2023-09-13T00:42:39+00:00\",\"dateModified\":\"2023-09-13T19:30:57+00:00\",\"breadcrumb\":{\"@id\":\"https:\\\/\\\/diariotextual.com\\\/inicio\\\/index.php\\\/2023\\\/09\\\/12\\\/un-ministro-mendocino-y-el-rechazo-de-la-pampa-a-potasio-que-ziliotto-se-compre-una-vida-propia\\\/#breadcrumb\"},\"inLanguage\":\"es\",\"potentialAction\":[{\"@type\":\"ReadAction\",\"target\":[\"https:\\\/\\\/diariotextual.com\\\/inicio\\\/index.php\\\/2023\\\/09\\\/12\\\/un-ministro-mendocino-y-el-rechazo-de-la-pampa-a-potasio-que-ziliotto-se-compre-una-vida-propia\\\/\"]}]},{\"@type\":\"ImageObject\",\"inLanguage\":\"es\",\"@id\":\"https:\\\/\\\/diariotextual.com\\\/inicio\\\/index.php\\\/2023\\\/09\\\/12\\\/un-ministro-mendocino-y-el-rechazo-de-la-pampa-a-potasio-que-ziliotto-se-compre-una-vida-propia\\\/#primaryimage\",\"url\":\"https:\\\/\\\/diariotextual.com\\\/inicio\\\/wp-content\\\/uploads\\\/2023\\\/09\\\/potasioriocoloradofirmamineraaguilarsuarezrodolfomanzano2023-1.jpg\",\"contentUrl\":\"https:\\\/\\\/diariotextual.com\\\/inicio\\\/wp-content\\\/uploads\\\/2023\\\/09\\\/potasioriocoloradofirmamineraaguilarsuarezrodolfomanzano2023-1.jpg\",\"width\":2048,\"height\":1367},{\"@type\":\"BreadcrumbList\",\"@id\":\"https:\\\/\\\/diariotextual.com\\\/inicio\\\/index.php\\\/2023\\\/09\\\/12\\\/un-ministro-mendocino-y-el-rechazo-de-la-pampa-a-potasio-que-ziliotto-se-compre-una-vida-propia\\\/#breadcrumb\",\"itemListElement\":[{\"@type\":\"ListItem\",\"position\":1,\"name\":\"Portada\",\"item\":\"https:\\\/\\\/diariotextual.com\\\/inicio\\\/\"},{\"@type\":\"ListItem\",\"position\":2,\"name\":\"Un ministro mendocino y el rechazo de La Pampa a Potasio: \u201cQue (Ziliotto) se compre una vida propia\u201d\"}]},{\"@type\":\"WebSite\",\"@id\":\"https:\\\/\\\/diariotextual.com\\\/inicio\\\/#website\",\"url\":\"https:\\\/\\\/diariotextual.com\\\/inicio\\\/\",\"name\":\"Diario Textual\",\"description\":\"\",\"publisher\":{\"@id\":\"https:\\\/\\\/diariotextual.com\\\/inicio\\\/#organization\"},\"potentialAction\":[{\"@type\":\"SearchAction\",\"target\":{\"@type\":\"EntryPoint\",\"urlTemplate\":\"https:\\\/\\\/diariotextual.com\\\/inicio\\\/?s={search_term_string}\"},\"query-input\":{\"@type\":\"PropertyValueSpecification\",\"valueRequired\":true,\"valueName\":\"search_term_string\"}}],\"inLanguage\":\"es\"},{\"@type\":\"Organization\",\"@id\":\"https:\\\/\\\/diariotextual.com\\\/inicio\\\/#organization\",\"name\":\"Diario Textual\",\"url\":\"https:\\\/\\\/diariotextual.com\\\/inicio\\\/\",\"logo\":{\"@type\":\"ImageObject\",\"inLanguage\":\"es\",\"@id\":\"https:\\\/\\\/diariotextual.com\\\/inicio\\\/#\\\/schema\\\/logo\\\/image\\\/\",\"url\":\"https:\\\/\\\/diariotextual.com\\\/inicio\\\/wp-content\\\/uploads\\\/2023\\\/05\\\/logotextual1.jpg\",\"contentUrl\":\"https:\\\/\\\/diariotextual.com\\\/inicio\\\/wp-content\\\/uploads\\\/2023\\\/05\\\/logotextual1.jpg\",\"width\":516,\"height\":76,\"caption\":\"Diario Textual\"},\"image\":{\"@id\":\"https:\\\/\\\/diariotextual.com\\\/inicio\\\/#\\\/schema\\\/logo\\\/image\\\/\"},\"sameAs\":[\"https:\\\/\\\/www.facebook.com\\\/eltextual\",\"https:\\\/\\\/x.com\\\/eltextual\",\"http:\\\/\\\/www.instagram.com\\\/eltextual\"]},{\"@type\":\"Person\",\"@id\":\"https:\\\/\\\/diariotextual.com\\\/inicio\\\/#\\\/schema\\\/person\\\/418fc4093c33e86ed41562db3508f958\",\"name\":\"Diario1 Diario1\",\"image\":{\"@type\":\"ImageObject\",\"inLanguage\":\"es\",\"@id\":\"https:\\\/\\\/secure.gravatar.com\\\/avatar\\\/9167d280179c85bc18be67aa7eda765854300033af4896dd779b608640f2ef7a?s=96&d=mm&r=g\",\"url\":\"https:\\\/\\\/secure.gravatar.com\\\/avatar\\\/9167d280179c85bc18be67aa7eda765854300033af4896dd779b608640f2ef7a?s=96&d=mm&r=g\",\"contentUrl\":\"https:\\\/\\\/secure.gravatar.com\\\/avatar\\\/9167d280179c85bc18be67aa7eda765854300033af4896dd779b608640f2ef7a?s=96&d=mm&r=g\",\"caption\":\"Diario1 Diario1\"},\"url\":\"https:\\\/\\\/diariotextual.com\\\/inicio\\\/index.php\\\/author\\\/diario1\\\/\"}]}<\/script>\n<!-- \/ Yoast SEO plugin. -->","yoast_head_json":{"title":"Un ministro mendocino y el rechazo de La Pampa a Potasio: \u201cQue (Ziliotto) se compre una vida propia\u201d - Diario Textual","robots":{"index":"index","follow":"follow","max-snippet":"max-snippet:-1","max-image-preview":"max-image-preview:large","max-video-preview":"max-video-preview:-1"},"canonical":"https:\/\/diariotextual.com\/inicio\/index.php\/2023\/09\/12\/un-ministro-mendocino-y-el-rechazo-de-la-pampa-a-potasio-que-ziliotto-se-compre-una-vida-propia\/","og_locale":"es_ES","og_type":"article","og_title":"Un ministro mendocino y el rechazo de La Pampa a Potasio: \u201cQue (Ziliotto) se compre una vida propia\u201d - Diario Textual","og_description":"El gobernador\u00a0mendocino Rodolfo Su\u00e1rez firm\u00f3 este martes el\u00a0contrato de traspaso de acciones de Potasio R\u00edo Colorado con el presidente de la compa\u00f1\u00eda argentina\u00a0Minera Aguilar S.A, Mallo Huergo, socio del empresario&hellip;","og_url":"https:\/\/diariotextual.com\/inicio\/index.php\/2023\/09\/12\/un-ministro-mendocino-y-el-rechazo-de-la-pampa-a-potasio-que-ziliotto-se-compre-una-vida-propia\/","og_site_name":"Diario Textual","article_publisher":"https:\/\/www.facebook.com\/eltextual","article_published_time":"2023-09-13T00:42:39+00:00","article_modified_time":"2023-09-13T19:30:57+00:00","og_image":[{"width":2048,"height":1367,"url":"https:\/\/diariotextual.com\/inicio\/wp-content\/uploads\/2023\/09\/potasioriocoloradofirmamineraaguilarsuarezrodolfomanzano2023-1.jpg","type":"image\/jpeg"}],"author":"Diario1 Diario1","twitter_card":"summary_large_image","twitter_creator":"@eltextual","twitter_site":"@eltextual","twitter_misc":{"Escrito por":"Diario1 Diario1","Tiempo de lectura":"4 minutos"},"schema":{"@context":"https:\/\/schema.org","@graph":[{"@type":"Article","@id":"https:\/\/diariotextual.com\/inicio\/index.php\/2023\/09\/12\/un-ministro-mendocino-y-el-rechazo-de-la-pampa-a-potasio-que-ziliotto-se-compre-una-vida-propia\/#article","isPartOf":{"@id":"https:\/\/diariotextual.com\/inicio\/index.php\/2023\/09\/12\/un-ministro-mendocino-y-el-rechazo-de-la-pampa-a-potasio-que-ziliotto-se-compre-una-vida-propia\/"},"author":{"name":"Diario1 Diario1","@id":"https:\/\/diariotextual.com\/inicio\/#\/schema\/person\/418fc4093c33e86ed41562db3508f958"},"headline":"Un ministro mendocino y el rechazo de La Pampa a Potasio: \u201cQue (Ziliotto) se compre una vida propia\u201d","datePublished":"2023-09-13T00:42:39+00:00","dateModified":"2023-09-13T19:30:57+00:00","mainEntityOfPage":{"@id":"https:\/\/diariotextual.com\/inicio\/index.php\/2023\/09\/12\/un-ministro-mendocino-y-el-rechazo-de-la-pampa-a-potasio-que-ziliotto-se-compre-una-vida-propia\/"},"wordCount":824,"publisher":{"@id":"https:\/\/diariotextual.com\/inicio\/#organization"},"image":{"@id":"https:\/\/diariotextual.com\/inicio\/index.php\/2023\/09\/12\/un-ministro-mendocino-y-el-rechazo-de-la-pampa-a-potasio-que-ziliotto-se-compre-una-vida-propia\/#primaryimage"},"thumbnailUrl":"https:\/\/diariotextual.com\/inicio\/wp-content\/uploads\/2023\/09\/potasioriocoloradofirmamineraaguilarsuarezrodolfomanzano2023-1.jpg","articleSection":["A - QUE PASA (al costado)","POLITICA"],"inLanguage":"es"},{"@type":"WebPage","@id":"https:\/\/diariotextual.com\/inicio\/index.php\/2023\/09\/12\/un-ministro-mendocino-y-el-rechazo-de-la-pampa-a-potasio-que-ziliotto-se-compre-una-vida-propia\/","url":"https:\/\/diariotextual.com\/inicio\/index.php\/2023\/09\/12\/un-ministro-mendocino-y-el-rechazo-de-la-pampa-a-potasio-que-ziliotto-se-compre-una-vida-propia\/","name":"Un ministro mendocino y el rechazo de La Pampa a Potasio: \u201cQue (Ziliotto) se compre una vida propia\u201d - Diario Textual","isPartOf":{"@id":"https:\/\/diariotextual.com\/inicio\/#website"},"primaryImageOfPage":{"@id":"https:\/\/diariotextual.com\/inicio\/index.php\/2023\/09\/12\/un-ministro-mendocino-y-el-rechazo-de-la-pampa-a-potasio-que-ziliotto-se-compre-una-vida-propia\/#primaryimage"},"image":{"@id":"https:\/\/diariotextual.com\/inicio\/index.php\/2023\/09\/12\/un-ministro-mendocino-y-el-rechazo-de-la-pampa-a-potasio-que-ziliotto-se-compre-una-vida-propia\/#primaryimage"},"thumbnailUrl":"https:\/\/diariotextual.com\/inicio\/wp-content\/uploads\/2023\/09\/potasioriocoloradofirmamineraaguilarsuarezrodolfomanzano2023-1.jpg","datePublished":"2023-09-13T00:42:39+00:00","dateModified":"2023-09-13T19:30:57+00:00","breadcrumb":{"@id":"https:\/\/diariotextual.com\/inicio\/index.php\/2023\/09\/12\/un-ministro-mendocino-y-el-rechazo-de-la-pampa-a-potasio-que-ziliotto-se-compre-una-vida-propia\/#breadcrumb"},"inLanguage":"es","potentialAction":[{"@type":"ReadAction","target":["https:\/\/diariotextual.com\/inicio\/index.php\/2023\/09\/12\/un-ministro-mendocino-y-el-rechazo-de-la-pampa-a-potasio-que-ziliotto-se-compre-una-vida-propia\/"]}]},{"@type":"ImageObject","inLanguage":"es","@id":"https:\/\/diariotextual.com\/inicio\/index.php\/2023\/09\/12\/un-ministro-mendocino-y-el-rechazo-de-la-pampa-a-potasio-que-ziliotto-se-compre-una-vida-propia\/#primaryimage","url":"https:\/\/diariotextual.com\/inicio\/wp-content\/uploads\/2023\/09\/potasioriocoloradofirmamineraaguilarsuarezrodolfomanzano2023-1.jpg","contentUrl":"https:\/\/diariotextual.com\/inicio\/wp-content\/uploads\/2023\/09\/potasioriocoloradofirmamineraaguilarsuarezrodolfomanzano2023-1.jpg","width":2048,"height":1367},{"@type":"BreadcrumbList","@id":"https:\/\/diariotextual.com\/inicio\/index.php\/2023\/09\/12\/un-ministro-mendocino-y-el-rechazo-de-la-pampa-a-potasio-que-ziliotto-se-compre-una-vida-propia\/#breadcrumb","itemListElement":[{"@type":"ListItem","position":1,"name":"Portada","item":"https:\/\/diariotextual.com\/inicio\/"},{"@type":"ListItem","position":2,"name":"Un ministro mendocino y el rechazo de La Pampa a Potasio: \u201cQue (Ziliotto) se compre una vida propia\u201d"}]},{"@type":"WebSite","@id":"https:\/\/diariotextual.com\/inicio\/#website","url":"https:\/\/diariotextual.com\/inicio\/","name":"Diario Textual","description":"","publisher":{"@id":"https:\/\/diariotextual.com\/inicio\/#organization"},"potentialAction":[{"@type":"SearchAction","target":{"@type":"EntryPoint","urlTemplate":"https:\/\/diariotextual.com\/inicio\/?s={search_term_string}"},"query-input":{"@type":"PropertyValueSpecification","valueRequired":true,"valueName":"search_term_string"}}],"inLanguage":"es"},{"@type":"Organization","@id":"https:\/\/diariotextual.com\/inicio\/#organization","name":"Diario Textual","url":"https:\/\/diariotextual.com\/inicio\/","logo":{"@type":"ImageObject","inLanguage":"es","@id":"https:\/\/diariotextual.com\/inicio\/#\/schema\/logo\/image\/","url":"https:\/\/diariotextual.com\/inicio\/wp-content\/uploads\/2023\/05\/logotextual1.jpg","contentUrl":"https:\/\/diariotextual.com\/inicio\/wp-content\/uploads\/2023\/05\/logotextual1.jpg","width":516,"height":76,"caption":"Diario Textual"},"image":{"@id":"https:\/\/diariotextual.com\/inicio\/#\/schema\/logo\/image\/"},"sameAs":["https:\/\/www.facebook.com\/eltextual","https:\/\/x.com\/eltextual","http:\/\/www.instagram.com\/eltextual"]},{"@type":"Person","@id":"https:\/\/diariotextual.com\/inicio\/#\/schema\/person\/418fc4093c33e86ed41562db3508f958","name":"Diario1 Diario1","image":{"@type":"ImageObject","inLanguage":"es","@id":"https:\/\/secure.gravatar.com\/avatar\/9167d280179c85bc18be67aa7eda765854300033af4896dd779b608640f2ef7a?s=96&d=mm&r=g","url":"https:\/\/secure.gravatar.com\/avatar\/9167d280179c85bc18be67aa7eda765854300033af4896dd779b608640f2ef7a?s=96&d=mm&r=g","contentUrl":"https:\/\/secure.gravatar.com\/avatar\/9167d280179c85bc18be67aa7eda765854300033af4896dd779b608640f2ef7a?s=96&d=mm&r=g","caption":"Diario1 Diario1"},"url":"https:\/\/diariotextual.com\/inicio\/index.php\/author\/diario1\/"}]}},"_links":{"self":[{"href":"https:\/\/diariotextual.com\/inicio\/index.php\/wp-json\/wp\/v2\/posts\/237110","targetHints":{"allow":["GET"]}}],"collection":[{"href":"https:\/\/diariotextual.com\/inicio\/index.php\/wp-json\/wp\/v2\/posts"}],"about":[{"href":"https:\/\/diariotextual.com\/inicio\/index.php\/wp-json\/wp\/v2\/types\/post"}],"author":[{"embeddable":true,"href":"https:\/\/diariotextual.com\/inicio\/index.php\/wp-json\/wp\/v2\/users\/3"}],"replies":[{"embeddable":true,"href":"https:\/\/diariotextual.com\/inicio\/index.php\/wp-json\/wp\/v2\/comments?post=237110"}],"version-history":[{"count":11,"href":"https:\/\/diariotextual.com\/inicio\/index.php\/wp-json\/wp\/v2\/posts\/237110\/revisions"}],"predecessor-version":[{"id":237175,"href":"https:\/\/diariotextual.com\/inicio\/index.php\/wp-json\/wp\/v2\/posts\/237110\/revisions\/237175"}],"wp:featuredmedia":[{"embeddable":true,"href":"https:\/\/diariotextual.com\/inicio\/index.php\/wp-json\/wp\/v2\/media\/237165"}],"wp:attachment":[{"href":"https:\/\/diariotextual.com\/inicio\/index.php\/wp-json\/wp\/v2\/media?parent=237110"}],"wp:term":[{"taxonomy":"category","embeddable":true,"href":"https:\/\/diariotextual.com\/inicio\/index.php\/wp-json\/wp\/v2\/categories?post=237110"},{"taxonomy":"post_tag","embeddable":true,"href":"https:\/\/diariotextual.com\/inicio\/index.php\/wp-json\/wp\/v2\/tags?post=237110"}],"curies":[{"name":"wp","href":"https:\/\/api.w.org\/{rel}","templated":true}]}}