{"id":237268,"date":"2023-09-13T18:48:57","date_gmt":"2023-09-13T21:48:57","guid":{"rendered":"https:\/\/diariotextual.com\/inicio\/?p=237268"},"modified":"2023-09-14T10:23:40","modified_gmt":"2023-09-14T13:23:40","slug":"ziliotto-tenemos-muy-en-claro-que-hay-mucha-gente-que-la-esta-pasando-mal","status":"publish","type":"post","link":"https:\/\/diariotextual.com\/inicio\/index.php\/2023\/09\/13\/ziliotto-tenemos-muy-en-claro-que-hay-mucha-gente-que-la-esta-pasando-mal\/","title":{"rendered":"Ziliotto: \u201cTenemos muy en claro que hay mucha gente que la est\u00e1 pasando mal\u201d"},"content":{"rendered":"\n<p>El gobernador Sergio Ziliotto encabez\u00f3 este mi\u00e9rcoles en Trenel el acto de entrega de 46 cr\u00e9ditos de Promoci\u00f3n Econ\u00f3mica por <strong>m\u00e1s de 52 millones de pesos para emprendedores y Pymes de 12 localidades <\/strong>pampeanas.<strong> \u201cTenemos muy en claro que hay gente que no la est\u00e1 pasando bien, pero le podemos garantizar que la \u00fanica manera de seguir adelante, m\u00e1s all\u00e1 de cualquier ideolog\u00eda, es con un Estado presente<\/strong>\u201d, asegur\u00f3.<\/p>\n\n\n\n<p>El mandatario provincial tambi\u00e9n particip\u00f3 de la <strong>entrega de tres viviendas <\/strong>en esa localidad del Norte provincial y <strong>reivindic\u00f3 la pol\u00edtica de descentralizaci\u00f3n que permite a los municipios y comisiones de fomento de la Provincia construir viviendas o entregar cr\u00e9ditos<\/strong>. \u201cLo que hab\u00eda sido una decisi\u00f3n de Gobierno se transform\u00f3 en una pol\u00edtica de Estado para que las decisiones de gesti\u00f3n se tomen m\u00e1s cerca de la gente\u201d, expres\u00f3.<\/p>\n\n\n\n<p>Del acto participaron la diputada provincial Alicia Mayoral; el ministro de Gobierno, Justicia y Derechos Humanos, Ariel Rauschenberger; el ministro de Seguridad, Horacio di N\u00e1poli; la ministra de la Producci\u00f3n, Fernanda Gonz\u00e1lez; el presidente del IPAV, Jorge Lezcano; el jefe de la Polic\u00eda, Daniel Guinchinau; y el intendente de Trenel, Horacio Lorenzo, entre otros.<\/p>\n\n\n\n<p>En su discurso, <strong>Ziliotto hizo una enf\u00e1tica defensa del Estado: \u201cEn un tiempo en donde todo se minimiza, se relativiza y donde se empieza a querer desvirtuar valores, en La Pampa uno de los principales activos que tenemos es el Estado presente<\/strong> y que va m\u00e1s all\u00e1 de las ideolog\u00edas. En La Pampa construimos un Estado presente a partir de gobiernos justicialistas en toda la historia, pero tambi\u00e9n con gobiernos municipales con otras ideolog\u00edas, porque todos entendieron por d\u00f3nde pasa el desarrollo y la defensa de Provincia\u201d.<\/p>\n\n\n\n<p>Luego hizo un repaso del significado que tiene <strong>la Ley de Descentralizaci\u00f3n. \u201cSe pens\u00f3 durante la primera gobernaci\u00f3n de Carlos Verna y me toc\u00f3 como ministro cuando coordinamos con los intendentes construir una pol\u00edtica de Estado.<\/strong> Lo que fue una decisi\u00f3n de Gobierno se transform\u00f3 en una pol\u00edtica de Estado para que las decisiones de gesti\u00f3n se tomen m\u00e1s cerca de la gente\u201d, resumi\u00f3.<\/p>\n\n\n\n<p>\u201cA partir de la descentralizaci\u00f3n, no solo seguimos construyendo viviendas, sino que tambi\u00e9n logramos que los intendentes se involucren en la generaci\u00f3n de trabajo a partir del desarrollo productivo. Llegamos a todos los rincones de La Pampa para aquel que quiera emprender y trabajar tenga la posibilidad\u201d, agreg\u00f3.<\/p>\n\n\n\n<p><\/p>\n\n\n\n<p><strong>Crecimiento<\/strong><\/p>\n\n\n\n<p>El gobernador reconoci\u00f3 que <strong>quedan muchas cosas por hacer: \u201cY hay mucha gente que la est\u00e1 pasando mal, pero en La Pampa podemos mostrar que llevamos 35 meses de crecimiento del trabajo privado <\/strong>registrado. Esto tuvo que ver con pol\u00edticas activas de los Gobiernos nacional y provincial, pero tambi\u00e9n de los municipales\u201d.<\/p>\n\n\n\n<p>Y pidi\u00f3 que esta pol\u00edtica p\u00fablica se replique a nivel nacional. \u201cLa Provincia lo demostr\u00f3 hace mucho tiempo y <strong>queremos que sea a largo plazo como pol\u00edtica de Estado a nivel nacional<\/strong>. Que la gente tenga con qu\u00e9 ganarse el pan de cada d\u00eda\u201d, coment\u00f3.<\/p>\n\n\n\n<p><\/p>\n\n\n\n<p><strong>Cr\u00e9ditos<\/strong><\/p>\n\n\n\n<p>Durante el acto realizado en Trenel <strong>se entregaron 46 cr\u00e9ditos de Promoci\u00f3n Econ\u00f3mica (Ley 2870) por un total de $ 52.442.000 <\/strong>con el siguiente detalle: 4 proyectos de Alta Italia por $ 3.200.000 de pesos; 4 de Arata por $ 4.600.000; 6 de Caleuf\u00fa por $ 5.300.000; uno de Conhello por $ 800.000; 3 de Eduardo Castex por $ 3.100.000; 5 de Embajador Martini por $ 6.400.000; 6 de Trenel por $ 5.700.000; 3 de Intendente Alvear por $ 2.400.000; 7 de Bernardo Larroud\u00e9 por $ 11.200.000; 5 de La Maruja por $ 7.150.000; uno de Lonquimay por $ 1.600.000; y uno de Villa Mirasol por $ 992.000.<\/p>\n\n\n\n<p>Los cr\u00e9ditos tienen el objetivo de fortalecer y expandir la econom\u00eda local de los municipios y Comisiones de Fomento de la provincia de La Pampa, detall\u00f3 la Agencia Provincial de Noticias.<\/p>\n\n\n\n<p>Los <strong>fondos son enviados por el Ministerio de la Producci\u00f3n y est\u00e1n orientados a la creaci\u00f3n y\/o radicaci\u00f3n de nuevas empresas o emprendimientos<\/strong>, al apoyo al desarrollo, crecimiento y\/o transformaci\u00f3n de aquellos existentes y a la promoci\u00f3n econ\u00f3mica local, regional y Provincia.<\/p>\n\n\n\n<p><\/p>\n\n\n\n<p><strong>Viviendas<\/strong><\/p>\n\n\n\n<p>El intendente <strong>Horacio Lorenzo entreg\u00f3 junto a Ziliotto dos viviendas municipales para personas mayores y una provincial, de servicio, para la Polic\u00eda<\/strong>. Anunci\u00f3 que van a construir cuatro m\u00e1s y record\u00f3 que se est\u00e1n construyendo 20 viviendas del programa Mi Casa 1; nueve de Casa Propia Construir Futuro, y est\u00e1n pr\u00f3xima a licitarse 11 casas m\u00e1s.<\/p>\n\n\n\n<p>Y a\u00f1adi\u00f3: \u201cEstamos haciendo la documentaci\u00f3n de 20 viviendas m\u00e1s de Mi Casa 3. Tenemos una gran demanda de viviendas pero tambi\u00e9n tenemos una gran respuesta. Es lo importante en la gesti\u00f3n que se le pueda solucionar el problema a la gente\u201d.<\/p>\n\n\n\n<p>Acerca de los cr\u00e9ditos, explic\u00f3: \u201cLo importante es cuando el Gobierno llega ante la necesidad de la gente. En este caso a emprendedores y Pymes. Es dif\u00edcil mantenerse o crecer con estos vaivenes econ\u00f3micos, pero lo importante es cuando hay un Gobierno que te da la mano\u201d.<\/p>\n\n\n\n<p>Lorenzo repas\u00f3 que desde su asunci\u00f3n siempre hubo un cr\u00e9dito municipal para ayudar a emprendedores. \u201cEntregamos 163 cr\u00e9ditos municipales, 291 cr\u00e9ditos Ley 2358, que son de 120 mil pesos a tres o dos a\u00f1os sin inter\u00e9s, y tenemos 22 cr\u00e9ditos con los de hoy de la ley 2870. Est\u00e1 claro que el Estado se ocupa de la gente que lo necesita y que quiere trabajar y producir. Voy a seguir trabajando por el bien de la comunidad como lo hace el Gobierno provincial\u201d, afirm\u00f3.<\/p>\n","protected":false},"excerpt":{"rendered":"<p>El gobernador Sergio Ziliotto encabez\u00f3 este mi\u00e9rcoles en Trenel el acto de entrega de 46 cr\u00e9ditos de Promoci\u00f3n Econ\u00f3mica por m\u00e1s de 52 millones de pesos para emprendedores y Pymes&hellip;<\/p>\n","protected":false},"author":5,"featured_media":237269,"comment_status":"closed","ping_status":"open","sticky":false,"template":"","format":"standard","meta":{"_acf_changed":false,"footnotes":""},"categories":[11,8],"tags":[1176,424],"class_list":["post-237268","post","type-post","status-publish","format-standard","has-post-thumbnail","hentry","category-que-pasa","category-politica","tag-trenel","tag-ziliotto"],"acf":[],"yoast_head":"<!-- This site is optimized with the Yoast SEO plugin v27.5 - https:\/\/yoast.com\/product\/yoast-seo-wordpress\/ -->\n<title>Ziliotto: \u201cTenemos muy en claro que hay mucha gente que la est\u00e1 pasando mal\u201d - Diario Textual<\/title>\n<meta name=\"robots\" content=\"index, follow, max-snippet:-1, max-image-preview:large, max-video-preview:-1\" \/>\n<link rel=\"canonical\" href=\"https:\/\/diariotextual.com\/inicio\/index.php\/2023\/09\/13\/ziliotto-tenemos-muy-en-claro-que-hay-mucha-gente-que-la-esta-pasando-mal\/\" \/>\n<meta property=\"og:locale\" content=\"es_ES\" \/>\n<meta property=\"og:type\" content=\"article\" \/>\n<meta property=\"og:title\" content=\"Ziliotto: \u201cTenemos muy en claro que hay mucha gente que la est\u00e1 pasando mal\u201d - Diario Textual\" \/>\n<meta property=\"og:description\" content=\"El gobernador Sergio Ziliotto encabez\u00f3 este mi\u00e9rcoles en Trenel el acto de entrega de 46 cr\u00e9ditos de Promoci\u00f3n Econ\u00f3mica por m\u00e1s de 52 millones de pesos para emprendedores y Pymes&hellip;\" \/>\n<meta property=\"og:url\" content=\"https:\/\/diariotextual.com\/inicio\/index.php\/2023\/09\/13\/ziliotto-tenemos-muy-en-claro-que-hay-mucha-gente-que-la-esta-pasando-mal\/\" \/>\n<meta property=\"og:site_name\" content=\"Diario Textual\" \/>\n<meta property=\"article:publisher\" content=\"https:\/\/www.facebook.com\/eltextual\" \/>\n<meta property=\"article:published_time\" content=\"2023-09-13T21:48:57+00:00\" \/>\n<meta property=\"article:modified_time\" content=\"2023-09-14T13:23:40+00:00\" \/>\n<meta property=\"og:image\" content=\"https:\/\/diariotextual.com\/inicio\/wp-content\/uploads\/2023\/09\/ZiliottoTrenel13092023.jpg\" \/>\n\t<meta property=\"og:image:width\" content=\"900\" \/>\n\t<meta property=\"og:image:height\" content=\"590\" \/>\n\t<meta property=\"og:image:type\" content=\"image\/jpeg\" \/>\n<meta name=\"author\" content=\"diario3\" \/>\n<meta name=\"twitter:card\" content=\"summary_large_image\" \/>\n<meta name=\"twitter:creator\" content=\"@eltextual\" \/>\n<meta name=\"twitter:site\" content=\"@eltextual\" \/>\n<meta name=\"twitter:label1\" content=\"Escrito por\" \/>\n\t<meta name=\"twitter:data1\" content=\"diario3\" \/>\n\t<meta name=\"twitter:label2\" content=\"Tiempo de lectura\" \/>\n\t<meta name=\"twitter:data2\" content=\"5 minutos\" \/>\n<script type=\"application\/ld+json\" class=\"yoast-schema-graph\">{\"@context\":\"https:\\\/\\\/schema.org\",\"@graph\":[{\"@type\":\"Article\",\"@id\":\"https:\\\/\\\/diariotextual.com\\\/inicio\\\/index.php\\\/2023\\\/09\\\/13\\\/ziliotto-tenemos-muy-en-claro-que-hay-mucha-gente-que-la-esta-pasando-mal\\\/#article\",\"isPartOf\":{\"@id\":\"https:\\\/\\\/diariotextual.com\\\/inicio\\\/index.php\\\/2023\\\/09\\\/13\\\/ziliotto-tenemos-muy-en-claro-que-hay-mucha-gente-que-la-esta-pasando-mal\\\/\"},\"author\":{\"name\":\"diario3\",\"@id\":\"https:\\\/\\\/diariotextual.com\\\/inicio\\\/#\\\/schema\\\/person\\\/a1b6f563e0ee944c60f98119389a4d9f\"},\"headline\":\"Ziliotto: \u201cTenemos muy en claro que hay mucha gente que la est\u00e1 pasando mal\u201d\",\"datePublished\":\"2023-09-13T21:48:57+00:00\",\"dateModified\":\"2023-09-14T13:23:40+00:00\",\"mainEntityOfPage\":{\"@id\":\"https:\\\/\\\/diariotextual.com\\\/inicio\\\/index.php\\\/2023\\\/09\\\/13\\\/ziliotto-tenemos-muy-en-claro-que-hay-mucha-gente-que-la-esta-pasando-mal\\\/\"},\"wordCount\":941,\"publisher\":{\"@id\":\"https:\\\/\\\/diariotextual.com\\\/inicio\\\/#organization\"},\"image\":{\"@id\":\"https:\\\/\\\/diariotextual.com\\\/inicio\\\/index.php\\\/2023\\\/09\\\/13\\\/ziliotto-tenemos-muy-en-claro-que-hay-mucha-gente-que-la-esta-pasando-mal\\\/#primaryimage\"},\"thumbnailUrl\":\"https:\\\/\\\/diariotextual.com\\\/inicio\\\/wp-content\\\/uploads\\\/2023\\\/09\\\/ZiliottoTrenel13092023.jpg\",\"keywords\":[\"trenel\",\"ziliotto\"],\"articleSection\":[\"A - QUE PASA (al costado)\",\"POLITICA\"],\"inLanguage\":\"es\"},{\"@type\":\"WebPage\",\"@id\":\"https:\\\/\\\/diariotextual.com\\\/inicio\\\/index.php\\\/2023\\\/09\\\/13\\\/ziliotto-tenemos-muy-en-claro-que-hay-mucha-gente-que-la-esta-pasando-mal\\\/\",\"url\":\"https:\\\/\\\/diariotextual.com\\\/inicio\\\/index.php\\\/2023\\\/09\\\/13\\\/ziliotto-tenemos-muy-en-claro-que-hay-mucha-gente-que-la-esta-pasando-mal\\\/\",\"name\":\"Ziliotto: \u201cTenemos muy en claro que hay mucha gente que la est\u00e1 pasando mal\u201d - Diario Textual\",\"isPartOf\":{\"@id\":\"https:\\\/\\\/diariotextual.com\\\/inicio\\\/#website\"},\"primaryImageOfPage\":{\"@id\":\"https:\\\/\\\/diariotextual.com\\\/inicio\\\/index.php\\\/2023\\\/09\\\/13\\\/ziliotto-tenemos-muy-en-claro-que-hay-mucha-gente-que-la-esta-pasando-mal\\\/#primaryimage\"},\"image\":{\"@id\":\"https:\\\/\\\/diariotextual.com\\\/inicio\\\/index.php\\\/2023\\\/09\\\/13\\\/ziliotto-tenemos-muy-en-claro-que-hay-mucha-gente-que-la-esta-pasando-mal\\\/#primaryimage\"},\"thumbnailUrl\":\"https:\\\/\\\/diariotextual.com\\\/inicio\\\/wp-content\\\/uploads\\\/2023\\\/09\\\/ZiliottoTrenel13092023.jpg\",\"datePublished\":\"2023-09-13T21:48:57+00:00\",\"dateModified\":\"2023-09-14T13:23:40+00:00\",\"breadcrumb\":{\"@id\":\"https:\\\/\\\/diariotextual.com\\\/inicio\\\/index.php\\\/2023\\\/09\\\/13\\\/ziliotto-tenemos-muy-en-claro-que-hay-mucha-gente-que-la-esta-pasando-mal\\\/#breadcrumb\"},\"inLanguage\":\"es\",\"potentialAction\":[{\"@type\":\"ReadAction\",\"target\":[\"https:\\\/\\\/diariotextual.com\\\/inicio\\\/index.php\\\/2023\\\/09\\\/13\\\/ziliotto-tenemos-muy-en-claro-que-hay-mucha-gente-que-la-esta-pasando-mal\\\/\"]}]},{\"@type\":\"ImageObject\",\"inLanguage\":\"es\",\"@id\":\"https:\\\/\\\/diariotextual.com\\\/inicio\\\/index.php\\\/2023\\\/09\\\/13\\\/ziliotto-tenemos-muy-en-claro-que-hay-mucha-gente-que-la-esta-pasando-mal\\\/#primaryimage\",\"url\":\"https:\\\/\\\/diariotextual.com\\\/inicio\\\/wp-content\\\/uploads\\\/2023\\\/09\\\/ZiliottoTrenel13092023.jpg\",\"contentUrl\":\"https:\\\/\\\/diariotextual.com\\\/inicio\\\/wp-content\\\/uploads\\\/2023\\\/09\\\/ZiliottoTrenel13092023.jpg\",\"width\":900,\"height\":590},{\"@type\":\"BreadcrumbList\",\"@id\":\"https:\\\/\\\/diariotextual.com\\\/inicio\\\/index.php\\\/2023\\\/09\\\/13\\\/ziliotto-tenemos-muy-en-claro-que-hay-mucha-gente-que-la-esta-pasando-mal\\\/#breadcrumb\",\"itemListElement\":[{\"@type\":\"ListItem\",\"position\":1,\"name\":\"Portada\",\"item\":\"https:\\\/\\\/diariotextual.com\\\/inicio\\\/\"},{\"@type\":\"ListItem\",\"position\":2,\"name\":\"Ziliotto: \u201cTenemos muy en claro que hay mucha gente que la est\u00e1 pasando mal\u201d\"}]},{\"@type\":\"WebSite\",\"@id\":\"https:\\\/\\\/diariotextual.com\\\/inicio\\\/#website\",\"url\":\"https:\\\/\\\/diariotextual.com\\\/inicio\\\/\",\"name\":\"Diario Textual\",\"description\":\"\",\"publisher\":{\"@id\":\"https:\\\/\\\/diariotextual.com\\\/inicio\\\/#organization\"},\"potentialAction\":[{\"@type\":\"SearchAction\",\"target\":{\"@type\":\"EntryPoint\",\"urlTemplate\":\"https:\\\/\\\/diariotextual.com\\\/inicio\\\/?s={search_term_string}\"},\"query-input\":{\"@type\":\"PropertyValueSpecification\",\"valueRequired\":true,\"valueName\":\"search_term_string\"}}],\"inLanguage\":\"es\"},{\"@type\":\"Organization\",\"@id\":\"https:\\\/\\\/diariotextual.com\\\/inicio\\\/#organization\",\"name\":\"Diario Textual\",\"url\":\"https:\\\/\\\/diariotextual.com\\\/inicio\\\/\",\"logo\":{\"@type\":\"ImageObject\",\"inLanguage\":\"es\",\"@id\":\"https:\\\/\\\/diariotextual.com\\\/inicio\\\/#\\\/schema\\\/logo\\\/image\\\/\",\"url\":\"https:\\\/\\\/diariotextual.com\\\/inicio\\\/wp-content\\\/uploads\\\/2023\\\/05\\\/logotextual1.jpg\",\"contentUrl\":\"https:\\\/\\\/diariotextual.com\\\/inicio\\\/wp-content\\\/uploads\\\/2023\\\/05\\\/logotextual1.jpg\",\"width\":516,\"height\":76,\"caption\":\"Diario Textual\"},\"image\":{\"@id\":\"https:\\\/\\\/diariotextual.com\\\/inicio\\\/#\\\/schema\\\/logo\\\/image\\\/\"},\"sameAs\":[\"https:\\\/\\\/www.facebook.com\\\/eltextual\",\"https:\\\/\\\/x.com\\\/eltextual\",\"http:\\\/\\\/www.instagram.com\\\/eltextual\"]},{\"@type\":\"Person\",\"@id\":\"https:\\\/\\\/diariotextual.com\\\/inicio\\\/#\\\/schema\\\/person\\\/a1b6f563e0ee944c60f98119389a4d9f\",\"name\":\"diario3\",\"image\":{\"@type\":\"ImageObject\",\"inLanguage\":\"es\",\"@id\":\"https:\\\/\\\/secure.gravatar.com\\\/avatar\\\/5e7ee62c82fc04d9dd79d746a390d93c69c43223e5faeeb3ea9461ef752bfc5d?s=96&d=mm&r=g\",\"url\":\"https:\\\/\\\/secure.gravatar.com\\\/avatar\\\/5e7ee62c82fc04d9dd79d746a390d93c69c43223e5faeeb3ea9461ef752bfc5d?s=96&d=mm&r=g\",\"contentUrl\":\"https:\\\/\\\/secure.gravatar.com\\\/avatar\\\/5e7ee62c82fc04d9dd79d746a390d93c69c43223e5faeeb3ea9461ef752bfc5d?s=96&d=mm&r=g\",\"caption\":\"diario3\"},\"url\":\"https:\\\/\\\/diariotextual.com\\\/inicio\\\/index.php\\\/author\\\/diario3\\\/\"}]}<\/script>\n<!-- \/ Yoast SEO plugin. -->","yoast_head_json":{"title":"Ziliotto: \u201cTenemos muy en claro que hay mucha gente que la est\u00e1 pasando mal\u201d - Diario Textual","robots":{"index":"index","follow":"follow","max-snippet":"max-snippet:-1","max-image-preview":"max-image-preview:large","max-video-preview":"max-video-preview:-1"},"canonical":"https:\/\/diariotextual.com\/inicio\/index.php\/2023\/09\/13\/ziliotto-tenemos-muy-en-claro-que-hay-mucha-gente-que-la-esta-pasando-mal\/","og_locale":"es_ES","og_type":"article","og_title":"Ziliotto: \u201cTenemos muy en claro que hay mucha gente que la est\u00e1 pasando mal\u201d - Diario Textual","og_description":"El gobernador Sergio Ziliotto encabez\u00f3 este mi\u00e9rcoles en Trenel el acto de entrega de 46 cr\u00e9ditos de Promoci\u00f3n Econ\u00f3mica por m\u00e1s de 52 millones de pesos para emprendedores y Pymes&hellip;","og_url":"https:\/\/diariotextual.com\/inicio\/index.php\/2023\/09\/13\/ziliotto-tenemos-muy-en-claro-que-hay-mucha-gente-que-la-esta-pasando-mal\/","og_site_name":"Diario Textual","article_publisher":"https:\/\/www.facebook.com\/eltextual","article_published_time":"2023-09-13T21:48:57+00:00","article_modified_time":"2023-09-14T13:23:40+00:00","og_image":[{"width":900,"height":590,"url":"https:\/\/diariotextual.com\/inicio\/wp-content\/uploads\/2023\/09\/ZiliottoTrenel13092023.jpg","type":"image\/jpeg"}],"author":"diario3","twitter_card":"summary_large_image","twitter_creator":"@eltextual","twitter_site":"@eltextual","twitter_misc":{"Escrito por":"diario3","Tiempo de lectura":"5 minutos"},"schema":{"@context":"https:\/\/schema.org","@graph":[{"@type":"Article","@id":"https:\/\/diariotextual.com\/inicio\/index.php\/2023\/09\/13\/ziliotto-tenemos-muy-en-claro-que-hay-mucha-gente-que-la-esta-pasando-mal\/#article","isPartOf":{"@id":"https:\/\/diariotextual.com\/inicio\/index.php\/2023\/09\/13\/ziliotto-tenemos-muy-en-claro-que-hay-mucha-gente-que-la-esta-pasando-mal\/"},"author":{"name":"diario3","@id":"https:\/\/diariotextual.com\/inicio\/#\/schema\/person\/a1b6f563e0ee944c60f98119389a4d9f"},"headline":"Ziliotto: \u201cTenemos muy en claro que hay mucha gente que la est\u00e1 pasando mal\u201d","datePublished":"2023-09-13T21:48:57+00:00","dateModified":"2023-09-14T13:23:40+00:00","mainEntityOfPage":{"@id":"https:\/\/diariotextual.com\/inicio\/index.php\/2023\/09\/13\/ziliotto-tenemos-muy-en-claro-que-hay-mucha-gente-que-la-esta-pasando-mal\/"},"wordCount":941,"publisher":{"@id":"https:\/\/diariotextual.com\/inicio\/#organization"},"image":{"@id":"https:\/\/diariotextual.com\/inicio\/index.php\/2023\/09\/13\/ziliotto-tenemos-muy-en-claro-que-hay-mucha-gente-que-la-esta-pasando-mal\/#primaryimage"},"thumbnailUrl":"https:\/\/diariotextual.com\/inicio\/wp-content\/uploads\/2023\/09\/ZiliottoTrenel13092023.jpg","keywords":["trenel","ziliotto"],"articleSection":["A - QUE PASA (al costado)","POLITICA"],"inLanguage":"es"},{"@type":"WebPage","@id":"https:\/\/diariotextual.com\/inicio\/index.php\/2023\/09\/13\/ziliotto-tenemos-muy-en-claro-que-hay-mucha-gente-que-la-esta-pasando-mal\/","url":"https:\/\/diariotextual.com\/inicio\/index.php\/2023\/09\/13\/ziliotto-tenemos-muy-en-claro-que-hay-mucha-gente-que-la-esta-pasando-mal\/","name":"Ziliotto: \u201cTenemos muy en claro que hay mucha gente que la est\u00e1 pasando mal\u201d - Diario Textual","isPartOf":{"@id":"https:\/\/diariotextual.com\/inicio\/#website"},"primaryImageOfPage":{"@id":"https:\/\/diariotextual.com\/inicio\/index.php\/2023\/09\/13\/ziliotto-tenemos-muy-en-claro-que-hay-mucha-gente-que-la-esta-pasando-mal\/#primaryimage"},"image":{"@id":"https:\/\/diariotextual.com\/inicio\/index.php\/2023\/09\/13\/ziliotto-tenemos-muy-en-claro-que-hay-mucha-gente-que-la-esta-pasando-mal\/#primaryimage"},"thumbnailUrl":"https:\/\/diariotextual.com\/inicio\/wp-content\/uploads\/2023\/09\/ZiliottoTrenel13092023.jpg","datePublished":"2023-09-13T21:48:57+00:00","dateModified":"2023-09-14T13:23:40+00:00","breadcrumb":{"@id":"https:\/\/diariotextual.com\/inicio\/index.php\/2023\/09\/13\/ziliotto-tenemos-muy-en-claro-que-hay-mucha-gente-que-la-esta-pasando-mal\/#breadcrumb"},"inLanguage":"es","potentialAction":[{"@type":"ReadAction","target":["https:\/\/diariotextual.com\/inicio\/index.php\/2023\/09\/13\/ziliotto-tenemos-muy-en-claro-que-hay-mucha-gente-que-la-esta-pasando-mal\/"]}]},{"@type":"ImageObject","inLanguage":"es","@id":"https:\/\/diariotextual.com\/inicio\/index.php\/2023\/09\/13\/ziliotto-tenemos-muy-en-claro-que-hay-mucha-gente-que-la-esta-pasando-mal\/#primaryimage","url":"https:\/\/diariotextual.com\/inicio\/wp-content\/uploads\/2023\/09\/ZiliottoTrenel13092023.jpg","contentUrl":"https:\/\/diariotextual.com\/inicio\/wp-content\/uploads\/2023\/09\/ZiliottoTrenel13092023.jpg","width":900,"height":590},{"@type":"BreadcrumbList","@id":"https:\/\/diariotextual.com\/inicio\/index.php\/2023\/09\/13\/ziliotto-tenemos-muy-en-claro-que-hay-mucha-gente-que-la-esta-pasando-mal\/#breadcrumb","itemListElement":[{"@type":"ListItem","position":1,"name":"Portada","item":"https:\/\/diariotextual.com\/inicio\/"},{"@type":"ListItem","position":2,"name":"Ziliotto: \u201cTenemos muy en claro que hay mucha gente que la est\u00e1 pasando mal\u201d"}]},{"@type":"WebSite","@id":"https:\/\/diariotextual.com\/inicio\/#website","url":"https:\/\/diariotextual.com\/inicio\/","name":"Diario Textual","description":"","publisher":{"@id":"https:\/\/diariotextual.com\/inicio\/#organization"},"potentialAction":[{"@type":"SearchAction","target":{"@type":"EntryPoint","urlTemplate":"https:\/\/diariotextual.com\/inicio\/?s={search_term_string}"},"query-input":{"@type":"PropertyValueSpecification","valueRequired":true,"valueName":"search_term_string"}}],"inLanguage":"es"},{"@type":"Organization","@id":"https:\/\/diariotextual.com\/inicio\/#organization","name":"Diario Textual","url":"https:\/\/diariotextual.com\/inicio\/","logo":{"@type":"ImageObject","inLanguage":"es","@id":"https:\/\/diariotextual.com\/inicio\/#\/schema\/logo\/image\/","url":"https:\/\/diariotextual.com\/inicio\/wp-content\/uploads\/2023\/05\/logotextual1.jpg","contentUrl":"https:\/\/diariotextual.com\/inicio\/wp-content\/uploads\/2023\/05\/logotextual1.jpg","width":516,"height":76,"caption":"Diario Textual"},"image":{"@id":"https:\/\/diariotextual.com\/inicio\/#\/schema\/logo\/image\/"},"sameAs":["https:\/\/www.facebook.com\/eltextual","https:\/\/x.com\/eltextual","http:\/\/www.instagram.com\/eltextual"]},{"@type":"Person","@id":"https:\/\/diariotextual.com\/inicio\/#\/schema\/person\/a1b6f563e0ee944c60f98119389a4d9f","name":"diario3","image":{"@type":"ImageObject","inLanguage":"es","@id":"https:\/\/secure.gravatar.com\/avatar\/5e7ee62c82fc04d9dd79d746a390d93c69c43223e5faeeb3ea9461ef752bfc5d?s=96&d=mm&r=g","url":"https:\/\/secure.gravatar.com\/avatar\/5e7ee62c82fc04d9dd79d746a390d93c69c43223e5faeeb3ea9461ef752bfc5d?s=96&d=mm&r=g","contentUrl":"https:\/\/secure.gravatar.com\/avatar\/5e7ee62c82fc04d9dd79d746a390d93c69c43223e5faeeb3ea9461ef752bfc5d?s=96&d=mm&r=g","caption":"diario3"},"url":"https:\/\/diariotextual.com\/inicio\/index.php\/author\/diario3\/"}]}},"_links":{"self":[{"href":"https:\/\/diariotextual.com\/inicio\/index.php\/wp-json\/wp\/v2\/posts\/237268","targetHints":{"allow":["GET"]}}],"collection":[{"href":"https:\/\/diariotextual.com\/inicio\/index.php\/wp-json\/wp\/v2\/posts"}],"about":[{"href":"https:\/\/diariotextual.com\/inicio\/index.php\/wp-json\/wp\/v2\/types\/post"}],"author":[{"embeddable":true,"href":"https:\/\/diariotextual.com\/inicio\/index.php\/wp-json\/wp\/v2\/users\/5"}],"replies":[{"embeddable":true,"href":"https:\/\/diariotextual.com\/inicio\/index.php\/wp-json\/wp\/v2\/comments?post=237268"}],"version-history":[{"count":2,"href":"https:\/\/diariotextual.com\/inicio\/index.php\/wp-json\/wp\/v2\/posts\/237268\/revisions"}],"predecessor-version":[{"id":237294,"href":"https:\/\/diariotextual.com\/inicio\/index.php\/wp-json\/wp\/v2\/posts\/237268\/revisions\/237294"}],"wp:featuredmedia":[{"embeddable":true,"href":"https:\/\/diariotextual.com\/inicio\/index.php\/wp-json\/wp\/v2\/media\/237269"}],"wp:attachment":[{"href":"https:\/\/diariotextual.com\/inicio\/index.php\/wp-json\/wp\/v2\/media?parent=237268"}],"wp:term":[{"taxonomy":"category","embeddable":true,"href":"https:\/\/diariotextual.com\/inicio\/index.php\/wp-json\/wp\/v2\/categories?post=237268"},{"taxonomy":"post_tag","embeddable":true,"href":"https:\/\/diariotextual.com\/inicio\/index.php\/wp-json\/wp\/v2\/tags?post=237268"}],"curies":[{"name":"wp","href":"https:\/\/api.w.org\/{rel}","templated":true}]}}