{"id":237287,"date":"2023-09-13T19:42:19","date_gmt":"2023-09-13T22:42:19","guid":{"rendered":"https:\/\/diariotextual.com\/inicio\/?p=237287"},"modified":"2023-09-14T08:40:16","modified_gmt":"2023-09-14T11:40:16","slug":"massa-anuncio-que-le-devolveran-el-iva-en-la-compra-de-alimentos-a-9-millones-de-trabajadores","status":"publish","type":"post","link":"https:\/\/diariotextual.com\/inicio\/index.php\/2023\/09\/13\/massa-anuncio-que-le-devolveran-el-iva-en-la-compra-de-alimentos-a-9-millones-de-trabajadores\/","title":{"rendered":"Massa anunci\u00f3 que le devolver\u00e1n el IVA en la compra de alimentos a 9 millones de trabajadores"},"content":{"rendered":"\n<p>El ministro de Econom\u00eda<strong>\u00a0Sergio Massa\u00a0<\/strong>anunci\u00f3 que se le devolver\u00e1n el IVA en la compra de alimentos a\u00a0<strong>9 millones de trabajadores<\/strong>. El programa llamado \u201c<strong>Compre sin IVA\u201d\u00a0<\/strong>tendr\u00e1 dos partes, al igual que el proyecto de quita del Impuesto a las Ganancias: un \u201dpuente\u201d para que ente en vigencia desde el lunes pr\u00f3ximo hasta fin de a\u00f1o por medio de una resoluci\u00f3n de la AFIP, y luego un proyecto de ley para que la norma contin\u00fae en el tiempo.<\/p>\n\n\n\n<p>El proyectoampliar\u00e1 el mecanismo de devoluci\u00f3n de ese tributo para compras de alimentos, que actualmente es cercano a los&nbsp;<strong>18.800 pesos<\/strong>. La ampliaci\u00f3n seguir\u00e1, como criterio, que tendr\u00e1 un monto actualizable que ser\u00e1 equivalente al<strong>&nbsp;21% del valor de la Canasta B\u00e1sica Alimentaria&nbsp;<\/strong>(CBA) que publica todos los meses el Indec, y que marca cu\u00e1l es el monto de ingreso que necesita un hogar para no caer bajo la l\u00ednea de indigencia.<\/p>\n\n\n\n<p>El \u00faltimo valor informado fue de<strong>&nbsp;$111.642<\/strong>&nbsp;para un hogar de dos adultos y dos ni\u00f1os, lo que ser\u00eda<strong>&nbsp;$23 mil mensuales<\/strong>. \u201cBeneficio para compras en&nbsp;<strong>alimentos, carnes, frutas, verduras, l\u00e1cteos, productos higiene personal<\/strong>\u201d, enumeraron. Eso ser\u00e1 el criterio que seguir\u00eda el proyecto de ley. El esquema \u201cpuente\u201d hasta ese momento, que regir\u00e1 desde el lunes, tendr\u00e1 como tope mensual esos 18.800 pesos.<\/p>\n\n\n\n<p>\u201cHist\u00f3ricamente, las devoluciones del IVA, o las compensaciones del IVA, o las quitas del impuesto al valor agregado, se hac\u00edan sobre la base de la oferta, es decir, en el supermercado se establec\u00eda un programa de quita del IVA que despu\u00e9s terminaba no llegando al bolsillo de la gente. Hemos dispuesto un programa de devoluci\u00f3n del IVA, del 21% del IVA, del total de la canasta b\u00e1sica de Argentina\u00a0<strong>para los 9 millones de trabajadores y trabajadoras\u00a0<\/strong>que en la Argentina cobran<strong>\u00a0salarios de hasta 708 mil pesos<\/strong>\u201d, dijo Massa en su presentaci\u00f3n.<\/p>\n\n\n\n<p>\u201cContinuamos con la devoluci\u00f3n a los 7 millones de jubilados y pensionados del Sistema de Seguridad Social de la Rep\u00fablica Argentina. Hemos incorporado, adem\u00e1s, al beneficio a los 2,3 millones de monotributistas que no tienen otro ingreso, es decir, que son&nbsp;<strong>monotributistas puros<\/strong>, no importa la categor\u00eda de su aporte,<strong>&nbsp;tambi\u00e9n a este beneficio<\/strong>\u201d, mencion\u00f3 el candidato presidencial.<\/p>\n\n\n\n<p>\u201cQueremos decirle que&nbsp;<strong>no tienen que hacer ning\u00fan tr\u00e1mite<\/strong>, es autom\u00e1tico, se habilita de manera autom\u00e1tica a todos los comercios, supermercados y minimercados, verduler\u00edas, carnicer\u00edas, fruter\u00edas, que venden este tipo de productos, porque est\u00e1 concentrado para lo que es alimentos y bebidas, frutas y verduras y carne centralmente, as\u00ed como tambi\u00e9n los productos de higiene personal y de la canasta del hogar. De alguna manera con el objetivo de entender que la canasta b\u00e1sica est\u00e9 cubierta y compensada por este beneficio\u201d, continu\u00f3.<\/p>\n","protected":false},"excerpt":{"rendered":"<p>El ministro de Econom\u00eda\u00a0Sergio Massa\u00a0anunci\u00f3 que se le devolver\u00e1n el IVA en la compra de alimentos a\u00a09 millones de trabajadores. El programa llamado \u201cCompre sin IVA\u201d\u00a0tendr\u00e1 dos partes, al igual&hellip;<\/p>\n","protected":false},"author":3,"featured_media":237292,"comment_status":"closed","ping_status":"open","sticky":false,"template":"","format":"standard","meta":{"_acf_changed":false,"footnotes":""},"categories":[1,11,8],"tags":[],"class_list":["post-237287","post","type-post","status-publish","format-standard","has-post-thumbnail","hentry","category-es-noticia","category-que-pasa","category-politica"],"acf":[],"yoast_head":"<!-- This site is optimized with the Yoast SEO plugin v27.5 - https:\/\/yoast.com\/product\/yoast-seo-wordpress\/ -->\n<title>Massa anunci\u00f3 que le devolver\u00e1n el IVA en la compra de alimentos a 9 millones de trabajadores - Diario Textual<\/title>\n<meta name=\"robots\" content=\"index, follow, max-snippet:-1, max-image-preview:large, max-video-preview:-1\" \/>\n<link rel=\"canonical\" href=\"https:\/\/diariotextual.com\/inicio\/index.php\/2023\/09\/13\/massa-anuncio-que-le-devolveran-el-iva-en-la-compra-de-alimentos-a-9-millones-de-trabajadores\/\" \/>\n<meta property=\"og:locale\" content=\"es_ES\" \/>\n<meta property=\"og:type\" content=\"article\" \/>\n<meta property=\"og:title\" content=\"Massa anunci\u00f3 que le devolver\u00e1n el IVA en la compra de alimentos a 9 millones de trabajadores - Diario Textual\" \/>\n<meta property=\"og:description\" content=\"El ministro de Econom\u00eda\u00a0Sergio Massa\u00a0anunci\u00f3 que se le devolver\u00e1n el IVA en la compra de alimentos a\u00a09 millones de trabajadores. El programa llamado \u201cCompre sin IVA\u201d\u00a0tendr\u00e1 dos partes, al igual&hellip;\" \/>\n<meta property=\"og:url\" content=\"https:\/\/diariotextual.com\/inicio\/index.php\/2023\/09\/13\/massa-anuncio-que-le-devolveran-el-iva-en-la-compra-de-alimentos-a-9-millones-de-trabajadores\/\" \/>\n<meta property=\"og:site_name\" content=\"Diario Textual\" \/>\n<meta property=\"article:publisher\" content=\"https:\/\/www.facebook.com\/eltextual\" \/>\n<meta property=\"article:published_time\" content=\"2023-09-13T22:42:19+00:00\" \/>\n<meta property=\"article:modified_time\" content=\"2023-09-14T11:40:16+00:00\" \/>\n<meta property=\"og:image\" content=\"https:\/\/diariotextual.com\/inicio\/wp-content\/uploads\/2023\/09\/massasergio2023-9007.jpeg\" \/>\n\t<meta property=\"og:image:width\" content=\"854\" \/>\n\t<meta property=\"og:image:height\" content=\"601\" \/>\n\t<meta property=\"og:image:type\" content=\"image\/jpeg\" \/>\n<meta name=\"author\" content=\"Diario1 Diario1\" \/>\n<meta name=\"twitter:card\" content=\"summary_large_image\" \/>\n<meta name=\"twitter:creator\" content=\"@eltextual\" \/>\n<meta name=\"twitter:site\" content=\"@eltextual\" \/>\n<meta name=\"twitter:label1\" content=\"Escrito por\" \/>\n\t<meta name=\"twitter:data1\" content=\"Diario1 Diario1\" \/>\n\t<meta name=\"twitter:label2\" content=\"Tiempo de lectura\" \/>\n\t<meta name=\"twitter:data2\" content=\"3 minutos\" \/>\n<script type=\"application\/ld+json\" class=\"yoast-schema-graph\">{\"@context\":\"https:\\\/\\\/schema.org\",\"@graph\":[{\"@type\":\"Article\",\"@id\":\"https:\\\/\\\/diariotextual.com\\\/inicio\\\/index.php\\\/2023\\\/09\\\/13\\\/massa-anuncio-que-le-devolveran-el-iva-en-la-compra-de-alimentos-a-9-millones-de-trabajadores\\\/#article\",\"isPartOf\":{\"@id\":\"https:\\\/\\\/diariotextual.com\\\/inicio\\\/index.php\\\/2023\\\/09\\\/13\\\/massa-anuncio-que-le-devolveran-el-iva-en-la-compra-de-alimentos-a-9-millones-de-trabajadores\\\/\"},\"author\":{\"name\":\"Diario1 Diario1\",\"@id\":\"https:\\\/\\\/diariotextual.com\\\/inicio\\\/#\\\/schema\\\/person\\\/418fc4093c33e86ed41562db3508f958\"},\"headline\":\"Massa anunci\u00f3 que le devolver\u00e1n el IVA en la compra de alimentos a 9 millones de trabajadores\",\"datePublished\":\"2023-09-13T22:42:19+00:00\",\"dateModified\":\"2023-09-14T11:40:16+00:00\",\"mainEntityOfPage\":{\"@id\":\"https:\\\/\\\/diariotextual.com\\\/inicio\\\/index.php\\\/2023\\\/09\\\/13\\\/massa-anuncio-que-le-devolveran-el-iva-en-la-compra-de-alimentos-a-9-millones-de-trabajadores\\\/\"},\"wordCount\":501,\"publisher\":{\"@id\":\"https:\\\/\\\/diariotextual.com\\\/inicio\\\/#organization\"},\"image\":{\"@id\":\"https:\\\/\\\/diariotextual.com\\\/inicio\\\/index.php\\\/2023\\\/09\\\/13\\\/massa-anuncio-que-le-devolveran-el-iva-en-la-compra-de-alimentos-a-9-millones-de-trabajadores\\\/#primaryimage\"},\"thumbnailUrl\":\"https:\\\/\\\/diariotextual.com\\\/inicio\\\/wp-content\\\/uploads\\\/2023\\\/09\\\/massasergio2023-9007.jpeg\",\"articleSection\":[\"A - ES NOTICIA (van abajo)\",\"A - QUE PASA (al costado)\",\"POLITICA\"],\"inLanguage\":\"es\"},{\"@type\":\"WebPage\",\"@id\":\"https:\\\/\\\/diariotextual.com\\\/inicio\\\/index.php\\\/2023\\\/09\\\/13\\\/massa-anuncio-que-le-devolveran-el-iva-en-la-compra-de-alimentos-a-9-millones-de-trabajadores\\\/\",\"url\":\"https:\\\/\\\/diariotextual.com\\\/inicio\\\/index.php\\\/2023\\\/09\\\/13\\\/massa-anuncio-que-le-devolveran-el-iva-en-la-compra-de-alimentos-a-9-millones-de-trabajadores\\\/\",\"name\":\"Massa anunci\u00f3 que le devolver\u00e1n el IVA en la compra de alimentos a 9 millones de trabajadores - Diario Textual\",\"isPartOf\":{\"@id\":\"https:\\\/\\\/diariotextual.com\\\/inicio\\\/#website\"},\"primaryImageOfPage\":{\"@id\":\"https:\\\/\\\/diariotextual.com\\\/inicio\\\/index.php\\\/2023\\\/09\\\/13\\\/massa-anuncio-que-le-devolveran-el-iva-en-la-compra-de-alimentos-a-9-millones-de-trabajadores\\\/#primaryimage\"},\"image\":{\"@id\":\"https:\\\/\\\/diariotextual.com\\\/inicio\\\/index.php\\\/2023\\\/09\\\/13\\\/massa-anuncio-que-le-devolveran-el-iva-en-la-compra-de-alimentos-a-9-millones-de-trabajadores\\\/#primaryimage\"},\"thumbnailUrl\":\"https:\\\/\\\/diariotextual.com\\\/inicio\\\/wp-content\\\/uploads\\\/2023\\\/09\\\/massasergio2023-9007.jpeg\",\"datePublished\":\"2023-09-13T22:42:19+00:00\",\"dateModified\":\"2023-09-14T11:40:16+00:00\",\"breadcrumb\":{\"@id\":\"https:\\\/\\\/diariotextual.com\\\/inicio\\\/index.php\\\/2023\\\/09\\\/13\\\/massa-anuncio-que-le-devolveran-el-iva-en-la-compra-de-alimentos-a-9-millones-de-trabajadores\\\/#breadcrumb\"},\"inLanguage\":\"es\",\"potentialAction\":[{\"@type\":\"ReadAction\",\"target\":[\"https:\\\/\\\/diariotextual.com\\\/inicio\\\/index.php\\\/2023\\\/09\\\/13\\\/massa-anuncio-que-le-devolveran-el-iva-en-la-compra-de-alimentos-a-9-millones-de-trabajadores\\\/\"]}]},{\"@type\":\"ImageObject\",\"inLanguage\":\"es\",\"@id\":\"https:\\\/\\\/diariotextual.com\\\/inicio\\\/index.php\\\/2023\\\/09\\\/13\\\/massa-anuncio-que-le-devolveran-el-iva-en-la-compra-de-alimentos-a-9-millones-de-trabajadores\\\/#primaryimage\",\"url\":\"https:\\\/\\\/diariotextual.com\\\/inicio\\\/wp-content\\\/uploads\\\/2023\\\/09\\\/massasergio2023-9007.jpeg\",\"contentUrl\":\"https:\\\/\\\/diariotextual.com\\\/inicio\\\/wp-content\\\/uploads\\\/2023\\\/09\\\/massasergio2023-9007.jpeg\",\"width\":854,\"height\":601},{\"@type\":\"BreadcrumbList\",\"@id\":\"https:\\\/\\\/diariotextual.com\\\/inicio\\\/index.php\\\/2023\\\/09\\\/13\\\/massa-anuncio-que-le-devolveran-el-iva-en-la-compra-de-alimentos-a-9-millones-de-trabajadores\\\/#breadcrumb\",\"itemListElement\":[{\"@type\":\"ListItem\",\"position\":1,\"name\":\"Portada\",\"item\":\"https:\\\/\\\/diariotextual.com\\\/inicio\\\/\"},{\"@type\":\"ListItem\",\"position\":2,\"name\":\"Massa anunci\u00f3 que le devolver\u00e1n el IVA en la compra de alimentos a 9 millones de trabajadores\"}]},{\"@type\":\"WebSite\",\"@id\":\"https:\\\/\\\/diariotextual.com\\\/inicio\\\/#website\",\"url\":\"https:\\\/\\\/diariotextual.com\\\/inicio\\\/\",\"name\":\"Diario Textual\",\"description\":\"\",\"publisher\":{\"@id\":\"https:\\\/\\\/diariotextual.com\\\/inicio\\\/#organization\"},\"potentialAction\":[{\"@type\":\"SearchAction\",\"target\":{\"@type\":\"EntryPoint\",\"urlTemplate\":\"https:\\\/\\\/diariotextual.com\\\/inicio\\\/?s={search_term_string}\"},\"query-input\":{\"@type\":\"PropertyValueSpecification\",\"valueRequired\":true,\"valueName\":\"search_term_string\"}}],\"inLanguage\":\"es\"},{\"@type\":\"Organization\",\"@id\":\"https:\\\/\\\/diariotextual.com\\\/inicio\\\/#organization\",\"name\":\"Diario Textual\",\"url\":\"https:\\\/\\\/diariotextual.com\\\/inicio\\\/\",\"logo\":{\"@type\":\"ImageObject\",\"inLanguage\":\"es\",\"@id\":\"https:\\\/\\\/diariotextual.com\\\/inicio\\\/#\\\/schema\\\/logo\\\/image\\\/\",\"url\":\"https:\\\/\\\/diariotextual.com\\\/inicio\\\/wp-content\\\/uploads\\\/2023\\\/05\\\/logotextual1.jpg\",\"contentUrl\":\"https:\\\/\\\/diariotextual.com\\\/inicio\\\/wp-content\\\/uploads\\\/2023\\\/05\\\/logotextual1.jpg\",\"width\":516,\"height\":76,\"caption\":\"Diario Textual\"},\"image\":{\"@id\":\"https:\\\/\\\/diariotextual.com\\\/inicio\\\/#\\\/schema\\\/logo\\\/image\\\/\"},\"sameAs\":[\"https:\\\/\\\/www.facebook.com\\\/eltextual\",\"https:\\\/\\\/x.com\\\/eltextual\",\"http:\\\/\\\/www.instagram.com\\\/eltextual\"]},{\"@type\":\"Person\",\"@id\":\"https:\\\/\\\/diariotextual.com\\\/inicio\\\/#\\\/schema\\\/person\\\/418fc4093c33e86ed41562db3508f958\",\"name\":\"Diario1 Diario1\",\"image\":{\"@type\":\"ImageObject\",\"inLanguage\":\"es\",\"@id\":\"https:\\\/\\\/secure.gravatar.com\\\/avatar\\\/9167d280179c85bc18be67aa7eda765854300033af4896dd779b608640f2ef7a?s=96&d=mm&r=g\",\"url\":\"https:\\\/\\\/secure.gravatar.com\\\/avatar\\\/9167d280179c85bc18be67aa7eda765854300033af4896dd779b608640f2ef7a?s=96&d=mm&r=g\",\"contentUrl\":\"https:\\\/\\\/secure.gravatar.com\\\/avatar\\\/9167d280179c85bc18be67aa7eda765854300033af4896dd779b608640f2ef7a?s=96&d=mm&r=g\",\"caption\":\"Diario1 Diario1\"},\"url\":\"https:\\\/\\\/diariotextual.com\\\/inicio\\\/index.php\\\/author\\\/diario1\\\/\"}]}<\/script>\n<!-- \/ Yoast SEO plugin. -->","yoast_head_json":{"title":"Massa anunci\u00f3 que le devolver\u00e1n el IVA en la compra de alimentos a 9 millones de trabajadores - Diario Textual","robots":{"index":"index","follow":"follow","max-snippet":"max-snippet:-1","max-image-preview":"max-image-preview:large","max-video-preview":"max-video-preview:-1"},"canonical":"https:\/\/diariotextual.com\/inicio\/index.php\/2023\/09\/13\/massa-anuncio-que-le-devolveran-el-iva-en-la-compra-de-alimentos-a-9-millones-de-trabajadores\/","og_locale":"es_ES","og_type":"article","og_title":"Massa anunci\u00f3 que le devolver\u00e1n el IVA en la compra de alimentos a 9 millones de trabajadores - Diario Textual","og_description":"El ministro de Econom\u00eda\u00a0Sergio Massa\u00a0anunci\u00f3 que se le devolver\u00e1n el IVA en la compra de alimentos a\u00a09 millones de trabajadores. El programa llamado \u201cCompre sin IVA\u201d\u00a0tendr\u00e1 dos partes, al igual&hellip;","og_url":"https:\/\/diariotextual.com\/inicio\/index.php\/2023\/09\/13\/massa-anuncio-que-le-devolveran-el-iva-en-la-compra-de-alimentos-a-9-millones-de-trabajadores\/","og_site_name":"Diario Textual","article_publisher":"https:\/\/www.facebook.com\/eltextual","article_published_time":"2023-09-13T22:42:19+00:00","article_modified_time":"2023-09-14T11:40:16+00:00","og_image":[{"width":854,"height":601,"url":"https:\/\/diariotextual.com\/inicio\/wp-content\/uploads\/2023\/09\/massasergio2023-9007.jpeg","type":"image\/jpeg"}],"author":"Diario1 Diario1","twitter_card":"summary_large_image","twitter_creator":"@eltextual","twitter_site":"@eltextual","twitter_misc":{"Escrito por":"Diario1 Diario1","Tiempo de lectura":"3 minutos"},"schema":{"@context":"https:\/\/schema.org","@graph":[{"@type":"Article","@id":"https:\/\/diariotextual.com\/inicio\/index.php\/2023\/09\/13\/massa-anuncio-que-le-devolveran-el-iva-en-la-compra-de-alimentos-a-9-millones-de-trabajadores\/#article","isPartOf":{"@id":"https:\/\/diariotextual.com\/inicio\/index.php\/2023\/09\/13\/massa-anuncio-que-le-devolveran-el-iva-en-la-compra-de-alimentos-a-9-millones-de-trabajadores\/"},"author":{"name":"Diario1 Diario1","@id":"https:\/\/diariotextual.com\/inicio\/#\/schema\/person\/418fc4093c33e86ed41562db3508f958"},"headline":"Massa anunci\u00f3 que le devolver\u00e1n el IVA en la compra de alimentos a 9 millones de trabajadores","datePublished":"2023-09-13T22:42:19+00:00","dateModified":"2023-09-14T11:40:16+00:00","mainEntityOfPage":{"@id":"https:\/\/diariotextual.com\/inicio\/index.php\/2023\/09\/13\/massa-anuncio-que-le-devolveran-el-iva-en-la-compra-de-alimentos-a-9-millones-de-trabajadores\/"},"wordCount":501,"publisher":{"@id":"https:\/\/diariotextual.com\/inicio\/#organization"},"image":{"@id":"https:\/\/diariotextual.com\/inicio\/index.php\/2023\/09\/13\/massa-anuncio-que-le-devolveran-el-iva-en-la-compra-de-alimentos-a-9-millones-de-trabajadores\/#primaryimage"},"thumbnailUrl":"https:\/\/diariotextual.com\/inicio\/wp-content\/uploads\/2023\/09\/massasergio2023-9007.jpeg","articleSection":["A - ES NOTICIA (van abajo)","A - QUE PASA (al costado)","POLITICA"],"inLanguage":"es"},{"@type":"WebPage","@id":"https:\/\/diariotextual.com\/inicio\/index.php\/2023\/09\/13\/massa-anuncio-que-le-devolveran-el-iva-en-la-compra-de-alimentos-a-9-millones-de-trabajadores\/","url":"https:\/\/diariotextual.com\/inicio\/index.php\/2023\/09\/13\/massa-anuncio-que-le-devolveran-el-iva-en-la-compra-de-alimentos-a-9-millones-de-trabajadores\/","name":"Massa anunci\u00f3 que le devolver\u00e1n el IVA en la compra de alimentos a 9 millones de trabajadores - Diario Textual","isPartOf":{"@id":"https:\/\/diariotextual.com\/inicio\/#website"},"primaryImageOfPage":{"@id":"https:\/\/diariotextual.com\/inicio\/index.php\/2023\/09\/13\/massa-anuncio-que-le-devolveran-el-iva-en-la-compra-de-alimentos-a-9-millones-de-trabajadores\/#primaryimage"},"image":{"@id":"https:\/\/diariotextual.com\/inicio\/index.php\/2023\/09\/13\/massa-anuncio-que-le-devolveran-el-iva-en-la-compra-de-alimentos-a-9-millones-de-trabajadores\/#primaryimage"},"thumbnailUrl":"https:\/\/diariotextual.com\/inicio\/wp-content\/uploads\/2023\/09\/massasergio2023-9007.jpeg","datePublished":"2023-09-13T22:42:19+00:00","dateModified":"2023-09-14T11:40:16+00:00","breadcrumb":{"@id":"https:\/\/diariotextual.com\/inicio\/index.php\/2023\/09\/13\/massa-anuncio-que-le-devolveran-el-iva-en-la-compra-de-alimentos-a-9-millones-de-trabajadores\/#breadcrumb"},"inLanguage":"es","potentialAction":[{"@type":"ReadAction","target":["https:\/\/diariotextual.com\/inicio\/index.php\/2023\/09\/13\/massa-anuncio-que-le-devolveran-el-iva-en-la-compra-de-alimentos-a-9-millones-de-trabajadores\/"]}]},{"@type":"ImageObject","inLanguage":"es","@id":"https:\/\/diariotextual.com\/inicio\/index.php\/2023\/09\/13\/massa-anuncio-que-le-devolveran-el-iva-en-la-compra-de-alimentos-a-9-millones-de-trabajadores\/#primaryimage","url":"https:\/\/diariotextual.com\/inicio\/wp-content\/uploads\/2023\/09\/massasergio2023-9007.jpeg","contentUrl":"https:\/\/diariotextual.com\/inicio\/wp-content\/uploads\/2023\/09\/massasergio2023-9007.jpeg","width":854,"height":601},{"@type":"BreadcrumbList","@id":"https:\/\/diariotextual.com\/inicio\/index.php\/2023\/09\/13\/massa-anuncio-que-le-devolveran-el-iva-en-la-compra-de-alimentos-a-9-millones-de-trabajadores\/#breadcrumb","itemListElement":[{"@type":"ListItem","position":1,"name":"Portada","item":"https:\/\/diariotextual.com\/inicio\/"},{"@type":"ListItem","position":2,"name":"Massa anunci\u00f3 que le devolver\u00e1n el IVA en la compra de alimentos a 9 millones de trabajadores"}]},{"@type":"WebSite","@id":"https:\/\/diariotextual.com\/inicio\/#website","url":"https:\/\/diariotextual.com\/inicio\/","name":"Diario Textual","description":"","publisher":{"@id":"https:\/\/diariotextual.com\/inicio\/#organization"},"potentialAction":[{"@type":"SearchAction","target":{"@type":"EntryPoint","urlTemplate":"https:\/\/diariotextual.com\/inicio\/?s={search_term_string}"},"query-input":{"@type":"PropertyValueSpecification","valueRequired":true,"valueName":"search_term_string"}}],"inLanguage":"es"},{"@type":"Organization","@id":"https:\/\/diariotextual.com\/inicio\/#organization","name":"Diario Textual","url":"https:\/\/diariotextual.com\/inicio\/","logo":{"@type":"ImageObject","inLanguage":"es","@id":"https:\/\/diariotextual.com\/inicio\/#\/schema\/logo\/image\/","url":"https:\/\/diariotextual.com\/inicio\/wp-content\/uploads\/2023\/05\/logotextual1.jpg","contentUrl":"https:\/\/diariotextual.com\/inicio\/wp-content\/uploads\/2023\/05\/logotextual1.jpg","width":516,"height":76,"caption":"Diario Textual"},"image":{"@id":"https:\/\/diariotextual.com\/inicio\/#\/schema\/logo\/image\/"},"sameAs":["https:\/\/www.facebook.com\/eltextual","https:\/\/x.com\/eltextual","http:\/\/www.instagram.com\/eltextual"]},{"@type":"Person","@id":"https:\/\/diariotextual.com\/inicio\/#\/schema\/person\/418fc4093c33e86ed41562db3508f958","name":"Diario1 Diario1","image":{"@type":"ImageObject","inLanguage":"es","@id":"https:\/\/secure.gravatar.com\/avatar\/9167d280179c85bc18be67aa7eda765854300033af4896dd779b608640f2ef7a?s=96&d=mm&r=g","url":"https:\/\/secure.gravatar.com\/avatar\/9167d280179c85bc18be67aa7eda765854300033af4896dd779b608640f2ef7a?s=96&d=mm&r=g","contentUrl":"https:\/\/secure.gravatar.com\/avatar\/9167d280179c85bc18be67aa7eda765854300033af4896dd779b608640f2ef7a?s=96&d=mm&r=g","caption":"Diario1 Diario1"},"url":"https:\/\/diariotextual.com\/inicio\/index.php\/author\/diario1\/"}]}},"_links":{"self":[{"href":"https:\/\/diariotextual.com\/inicio\/index.php\/wp-json\/wp\/v2\/posts\/237287","targetHints":{"allow":["GET"]}}],"collection":[{"href":"https:\/\/diariotextual.com\/inicio\/index.php\/wp-json\/wp\/v2\/posts"}],"about":[{"href":"https:\/\/diariotextual.com\/inicio\/index.php\/wp-json\/wp\/v2\/types\/post"}],"author":[{"embeddable":true,"href":"https:\/\/diariotextual.com\/inicio\/index.php\/wp-json\/wp\/v2\/users\/3"}],"replies":[{"embeddable":true,"href":"https:\/\/diariotextual.com\/inicio\/index.php\/wp-json\/wp\/v2\/comments?post=237287"}],"version-history":[{"count":3,"href":"https:\/\/diariotextual.com\/inicio\/index.php\/wp-json\/wp\/v2\/posts\/237287\/revisions"}],"predecessor-version":[{"id":237290,"href":"https:\/\/diariotextual.com\/inicio\/index.php\/wp-json\/wp\/v2\/posts\/237287\/revisions\/237290"}],"wp:featuredmedia":[{"embeddable":true,"href":"https:\/\/diariotextual.com\/inicio\/index.php\/wp-json\/wp\/v2\/media\/237292"}],"wp:attachment":[{"href":"https:\/\/diariotextual.com\/inicio\/index.php\/wp-json\/wp\/v2\/media?parent=237287"}],"wp:term":[{"taxonomy":"category","embeddable":true,"href":"https:\/\/diariotextual.com\/inicio\/index.php\/wp-json\/wp\/v2\/categories?post=237287"},{"taxonomy":"post_tag","embeddable":true,"href":"https:\/\/diariotextual.com\/inicio\/index.php\/wp-json\/wp\/v2\/tags?post=237287"}],"curies":[{"name":"wp","href":"https:\/\/api.w.org\/{rel}","templated":true}]}}