{"id":237391,"date":"2023-09-14T18:06:39","date_gmt":"2023-09-14T21:06:39","guid":{"rendered":"https:\/\/diariotextual.com\/inicio\/?p=237391"},"modified":"2023-09-15T09:52:54","modified_gmt":"2023-09-15T12:52:54","slug":"operativo-remontada-el-pj-pampeano-tambien-comienza-a-movilizar-a-la-juventud","status":"publish","type":"post","link":"https:\/\/diariotextual.com\/inicio\/index.php\/2023\/09\/14\/operativo-remontada-el-pj-pampeano-tambien-comienza-a-movilizar-a-la-juventud\/","title":{"rendered":"Operativo Remontada: el PJ pampeano tambi\u00e9n comienza a movilizar a la juventud"},"content":{"rendered":"\n<p><strong>El peronismo est\u00e1 dispuesto a poner toda la carne al asador para dar vuelta los resultados de las PASO y ayudar a meter al candidato presidencial Sergio Massa en el balotaje. En esa estrategia, son centrales los j\u00f3venes.<\/strong><\/p>\n\n\n\n<p>Hace unas dos semanas, en una reuni\u00f3n del Consejo Provincial del PJ, el camporista Sa\u00fal Echeveste -con la venia del Gobierno- abog\u00f3 por volver a movilizar a la Juventud Peronista. Incluso la iniciativa tuvo luz verde del vernismo de paladar negro y de las otras l\u00edneas. Hoy se dio ese primer paso, con numerosos j\u00f3venes que se reunieron y discutieron en la sede del partido.<\/p>\n\n\n\n<p>\u201cCon la conciencia puesta en difundir las propuestas de Uni\u00f3n por la Patria, encabezada por Sergio Massa a nivel presidencial y contando con Ariel Rauschenberger como candidato a diputado nacional por La Pampa, consideran este momento como clave para los acuerdos internos que llevan a la gesti\u00f3n del gobernador Sergio Ziliotto a convertirse en la abanderada de la campa\u00f1a\u201d, dijeron desde el partido.<\/p>\n\n\n\n<p><\/p>\n\n\n\n<figure class=\"wp-block-gallery has-nested-images columns-default is-cropped wp-block-gallery-1 is-layout-flex wp-block-gallery-is-layout-flex\">\n<figure class=\"wp-block-image size-large\"><img fetchpriority=\"high\" decoding=\"async\" width=\"1024\" height=\"683\" data-id=\"237396\" src=\"https:\/\/diariotextual.com\/inicio\/wp-content\/uploads\/2023\/09\/juventudperonistalapampa2023-4.jpg\" alt=\"\" class=\"wp-image-237396\" srcset=\"https:\/\/diariotextual.com\/inicio\/wp-content\/uploads\/2023\/09\/juventudperonistalapampa2023-4.jpg 1024w, https:\/\/diariotextual.com\/inicio\/wp-content\/uploads\/2023\/09\/juventudperonistalapampa2023-4-300x200.jpg 300w, https:\/\/diariotextual.com\/inicio\/wp-content\/uploads\/2023\/09\/juventudperonistalapampa2023-4-768x512.jpg 768w, https:\/\/diariotextual.com\/inicio\/wp-content\/uploads\/2023\/09\/juventudperonistalapampa2023-4-585x390.jpg 585w, https:\/\/diariotextual.com\/inicio\/wp-content\/uploads\/2023\/09\/juventudperonistalapampa2023-4-263x175.jpg 263w\" sizes=\"(max-width: 1024px) 100vw, 1024px\" \/><\/figure>\n\n\n\n<figure class=\"wp-block-image size-large\"><img decoding=\"async\" width=\"1024\" height=\"683\" data-id=\"237397\" src=\"https:\/\/diariotextual.com\/inicio\/wp-content\/uploads\/2023\/09\/juventudperonistalapampa2023-3.jpg\" alt=\"\" class=\"wp-image-237397\" srcset=\"https:\/\/diariotextual.com\/inicio\/wp-content\/uploads\/2023\/09\/juventudperonistalapampa2023-3.jpg 1024w, https:\/\/diariotextual.com\/inicio\/wp-content\/uploads\/2023\/09\/juventudperonistalapampa2023-3-300x200.jpg 300w, https:\/\/diariotextual.com\/inicio\/wp-content\/uploads\/2023\/09\/juventudperonistalapampa2023-3-768x512.jpg 768w, https:\/\/diariotextual.com\/inicio\/wp-content\/uploads\/2023\/09\/juventudperonistalapampa2023-3-585x390.jpg 585w, https:\/\/diariotextual.com\/inicio\/wp-content\/uploads\/2023\/09\/juventudperonistalapampa2023-3-263x175.jpg 263w\" sizes=\"(max-width: 1024px) 100vw, 1024px\" \/><\/figure>\n<\/figure>\n\n\n\n<p><\/p>\n\n\n\n<p>Asimismo, se expusieron las realidades que surgen y atraviesan a las y los j\u00f3venes en cada localidad de la provincia y la forma en que trabajar\u00e1n para \u201cdefender y preservar los derechos conquistados\u201d que se ponen en discusi\u00f3n por la oposici\u00f3n, encarnados en Patricia Bullrich y Javier Milei.<\/p>\n\n\n\n<figure class=\"wp-block-embed is-type-wp-embed is-provider-diario-textual wp-block-embed-diario-textual\"><div class=\"wp-block-embed__wrapper\">\n<blockquote class=\"wp-embedded-content\" data-secret=\"tGdRUkl1LR\"><a href=\"https:\/\/diariotextual.com\/inicio\/index.php\/2023\/09\/14\/campana-en-la-pampa-ministros-empiezan-a-couchear-a-la-militancia-del-pj\/\">Campa\u00f1a en La Pampa: ministros empiezan a \u201ccouchear\u201d a la militancia del PJ<\/a><\/blockquote><iframe class=\"wp-embedded-content\" sandbox=\"allow-scripts\" security=\"restricted\" style=\"position: absolute; clip: rect(1px, 1px, 1px, 1px);\" title=\"\u00abCampa\u00f1a en La Pampa: ministros empiezan a \u201ccouchear\u201d a la militancia del PJ\u00bb \u2014 Diario Textual\" src=\"https:\/\/diariotextual.com\/inicio\/index.php\/2023\/09\/14\/campana-en-la-pampa-ministros-empiezan-a-couchear-a-la-militancia-del-pj\/embed\/#?secret=9sWF4ag9bf#?secret=tGdRUkl1LR\" data-secret=\"tGdRUkl1LR\" width=\"600\" height=\"338\" frameborder=\"0\" marginwidth=\"0\" marginheight=\"0\" scrolling=\"no\"><\/iframe>\n<\/div><\/figure>\n\n\n\n<p><\/p>\n","protected":false},"excerpt":{"rendered":"<p>El peronismo est\u00e1 dispuesto a poner toda la carne al asador para dar vuelta los resultados de las PASO y ayudar a meter al candidato presidencial Sergio Massa en el&hellip;<\/p>\n","protected":false},"author":3,"featured_media":237398,"comment_status":"closed","ping_status":"open","sticky":false,"template":"","format":"standard","meta":{"_acf_changed":false,"footnotes":""},"categories":[1,11,8],"tags":[],"class_list":["post-237391","post","type-post","status-publish","format-standard","has-post-thumbnail","hentry","category-es-noticia","category-que-pasa","category-politica"],"acf":[],"yoast_head":"<!-- This site is optimized with the Yoast SEO plugin v27.5 - https:\/\/yoast.com\/product\/yoast-seo-wordpress\/ -->\n<title>Operativo Remontada: el PJ pampeano tambi\u00e9n comienza a movilizar a la juventud - Diario Textual<\/title>\n<meta name=\"robots\" content=\"index, follow, max-snippet:-1, max-image-preview:large, max-video-preview:-1\" \/>\n<link rel=\"canonical\" href=\"https:\/\/diariotextual.com\/inicio\/index.php\/2023\/09\/14\/operativo-remontada-el-pj-pampeano-tambien-comienza-a-movilizar-a-la-juventud\/\" \/>\n<meta property=\"og:locale\" content=\"es_ES\" \/>\n<meta property=\"og:type\" content=\"article\" \/>\n<meta property=\"og:title\" content=\"Operativo Remontada: el PJ pampeano tambi\u00e9n comienza a movilizar a la juventud - Diario Textual\" \/>\n<meta property=\"og:description\" content=\"El peronismo est\u00e1 dispuesto a poner toda la carne al asador para dar vuelta los resultados de las PASO y ayudar a meter al candidato presidencial Sergio Massa en el&hellip;\" \/>\n<meta property=\"og:url\" content=\"https:\/\/diariotextual.com\/inicio\/index.php\/2023\/09\/14\/operativo-remontada-el-pj-pampeano-tambien-comienza-a-movilizar-a-la-juventud\/\" \/>\n<meta property=\"og:site_name\" content=\"Diario Textual\" \/>\n<meta property=\"article:publisher\" content=\"https:\/\/www.facebook.com\/eltextual\" \/>\n<meta property=\"article:published_time\" content=\"2023-09-14T21:06:39+00:00\" \/>\n<meta property=\"article:modified_time\" content=\"2023-09-15T12:52:54+00:00\" \/>\n<meta property=\"og:image\" content=\"https:\/\/diariotextual.com\/inicio\/wp-content\/uploads\/2023\/09\/juventudperonistalapampa2023-2.jpg\" \/>\n\t<meta property=\"og:image:width\" content=\"1024\" \/>\n\t<meta property=\"og:image:height\" content=\"683\" \/>\n\t<meta property=\"og:image:type\" content=\"image\/jpeg\" \/>\n<meta name=\"author\" content=\"Diario1 Diario1\" \/>\n<meta name=\"twitter:card\" content=\"summary_large_image\" \/>\n<meta name=\"twitter:creator\" content=\"@eltextual\" \/>\n<meta name=\"twitter:site\" content=\"@eltextual\" \/>\n<meta name=\"twitter:label1\" content=\"Escrito por\" \/>\n\t<meta name=\"twitter:data1\" content=\"Diario1 Diario1\" \/>\n\t<meta name=\"twitter:label2\" content=\"Tiempo de lectura\" \/>\n\t<meta name=\"twitter:data2\" content=\"2 minutos\" \/>\n<script type=\"application\/ld+json\" class=\"yoast-schema-graph\">{\"@context\":\"https:\\\/\\\/schema.org\",\"@graph\":[{\"@type\":\"Article\",\"@id\":\"https:\\\/\\\/diariotextual.com\\\/inicio\\\/index.php\\\/2023\\\/09\\\/14\\\/operativo-remontada-el-pj-pampeano-tambien-comienza-a-movilizar-a-la-juventud\\\/#article\",\"isPartOf\":{\"@id\":\"https:\\\/\\\/diariotextual.com\\\/inicio\\\/index.php\\\/2023\\\/09\\\/14\\\/operativo-remontada-el-pj-pampeano-tambien-comienza-a-movilizar-a-la-juventud\\\/\"},\"author\":{\"name\":\"Diario1 Diario1\",\"@id\":\"https:\\\/\\\/diariotextual.com\\\/inicio\\\/#\\\/schema\\\/person\\\/418fc4093c33e86ed41562db3508f958\"},\"headline\":\"Operativo Remontada: el PJ pampeano tambi\u00e9n comienza a movilizar a la juventud\",\"datePublished\":\"2023-09-14T21:06:39+00:00\",\"dateModified\":\"2023-09-15T12:52:54+00:00\",\"mainEntityOfPage\":{\"@id\":\"https:\\\/\\\/diariotextual.com\\\/inicio\\\/index.php\\\/2023\\\/09\\\/14\\\/operativo-remontada-el-pj-pampeano-tambien-comienza-a-movilizar-a-la-juventud\\\/\"},\"wordCount\":246,\"publisher\":{\"@id\":\"https:\\\/\\\/diariotextual.com\\\/inicio\\\/#organization\"},\"image\":{\"@id\":\"https:\\\/\\\/diariotextual.com\\\/inicio\\\/index.php\\\/2023\\\/09\\\/14\\\/operativo-remontada-el-pj-pampeano-tambien-comienza-a-movilizar-a-la-juventud\\\/#primaryimage\"},\"thumbnailUrl\":\"https:\\\/\\\/diariotextual.com\\\/inicio\\\/wp-content\\\/uploads\\\/2023\\\/09\\\/juventudperonistalapampa2023-2.jpg\",\"articleSection\":[\"A - ES NOTICIA (van abajo)\",\"A - QUE PASA (al costado)\",\"POLITICA\"],\"inLanguage\":\"es\"},{\"@type\":\"WebPage\",\"@id\":\"https:\\\/\\\/diariotextual.com\\\/inicio\\\/index.php\\\/2023\\\/09\\\/14\\\/operativo-remontada-el-pj-pampeano-tambien-comienza-a-movilizar-a-la-juventud\\\/\",\"url\":\"https:\\\/\\\/diariotextual.com\\\/inicio\\\/index.php\\\/2023\\\/09\\\/14\\\/operativo-remontada-el-pj-pampeano-tambien-comienza-a-movilizar-a-la-juventud\\\/\",\"name\":\"Operativo Remontada: el PJ pampeano tambi\u00e9n comienza a movilizar a la juventud - Diario Textual\",\"isPartOf\":{\"@id\":\"https:\\\/\\\/diariotextual.com\\\/inicio\\\/#website\"},\"primaryImageOfPage\":{\"@id\":\"https:\\\/\\\/diariotextual.com\\\/inicio\\\/index.php\\\/2023\\\/09\\\/14\\\/operativo-remontada-el-pj-pampeano-tambien-comienza-a-movilizar-a-la-juventud\\\/#primaryimage\"},\"image\":{\"@id\":\"https:\\\/\\\/diariotextual.com\\\/inicio\\\/index.php\\\/2023\\\/09\\\/14\\\/operativo-remontada-el-pj-pampeano-tambien-comienza-a-movilizar-a-la-juventud\\\/#primaryimage\"},\"thumbnailUrl\":\"https:\\\/\\\/diariotextual.com\\\/inicio\\\/wp-content\\\/uploads\\\/2023\\\/09\\\/juventudperonistalapampa2023-2.jpg\",\"datePublished\":\"2023-09-14T21:06:39+00:00\",\"dateModified\":\"2023-09-15T12:52:54+00:00\",\"breadcrumb\":{\"@id\":\"https:\\\/\\\/diariotextual.com\\\/inicio\\\/index.php\\\/2023\\\/09\\\/14\\\/operativo-remontada-el-pj-pampeano-tambien-comienza-a-movilizar-a-la-juventud\\\/#breadcrumb\"},\"inLanguage\":\"es\",\"potentialAction\":[{\"@type\":\"ReadAction\",\"target\":[\"https:\\\/\\\/diariotextual.com\\\/inicio\\\/index.php\\\/2023\\\/09\\\/14\\\/operativo-remontada-el-pj-pampeano-tambien-comienza-a-movilizar-a-la-juventud\\\/\"]}]},{\"@type\":\"ImageObject\",\"inLanguage\":\"es\",\"@id\":\"https:\\\/\\\/diariotextual.com\\\/inicio\\\/index.php\\\/2023\\\/09\\\/14\\\/operativo-remontada-el-pj-pampeano-tambien-comienza-a-movilizar-a-la-juventud\\\/#primaryimage\",\"url\":\"https:\\\/\\\/diariotextual.com\\\/inicio\\\/wp-content\\\/uploads\\\/2023\\\/09\\\/juventudperonistalapampa2023-2.jpg\",\"contentUrl\":\"https:\\\/\\\/diariotextual.com\\\/inicio\\\/wp-content\\\/uploads\\\/2023\\\/09\\\/juventudperonistalapampa2023-2.jpg\",\"width\":1024,\"height\":683},{\"@type\":\"BreadcrumbList\",\"@id\":\"https:\\\/\\\/diariotextual.com\\\/inicio\\\/index.php\\\/2023\\\/09\\\/14\\\/operativo-remontada-el-pj-pampeano-tambien-comienza-a-movilizar-a-la-juventud\\\/#breadcrumb\",\"itemListElement\":[{\"@type\":\"ListItem\",\"position\":1,\"name\":\"Portada\",\"item\":\"https:\\\/\\\/diariotextual.com\\\/inicio\\\/\"},{\"@type\":\"ListItem\",\"position\":2,\"name\":\"Operativo Remontada: el PJ pampeano tambi\u00e9n comienza a movilizar a la juventud\"}]},{\"@type\":\"WebSite\",\"@id\":\"https:\\\/\\\/diariotextual.com\\\/inicio\\\/#website\",\"url\":\"https:\\\/\\\/diariotextual.com\\\/inicio\\\/\",\"name\":\"Diario Textual\",\"description\":\"\",\"publisher\":{\"@id\":\"https:\\\/\\\/diariotextual.com\\\/inicio\\\/#organization\"},\"potentialAction\":[{\"@type\":\"SearchAction\",\"target\":{\"@type\":\"EntryPoint\",\"urlTemplate\":\"https:\\\/\\\/diariotextual.com\\\/inicio\\\/?s={search_term_string}\"},\"query-input\":{\"@type\":\"PropertyValueSpecification\",\"valueRequired\":true,\"valueName\":\"search_term_string\"}}],\"inLanguage\":\"es\"},{\"@type\":\"Organization\",\"@id\":\"https:\\\/\\\/diariotextual.com\\\/inicio\\\/#organization\",\"name\":\"Diario Textual\",\"url\":\"https:\\\/\\\/diariotextual.com\\\/inicio\\\/\",\"logo\":{\"@type\":\"ImageObject\",\"inLanguage\":\"es\",\"@id\":\"https:\\\/\\\/diariotextual.com\\\/inicio\\\/#\\\/schema\\\/logo\\\/image\\\/\",\"url\":\"https:\\\/\\\/diariotextual.com\\\/inicio\\\/wp-content\\\/uploads\\\/2023\\\/05\\\/logotextual1.jpg\",\"contentUrl\":\"https:\\\/\\\/diariotextual.com\\\/inicio\\\/wp-content\\\/uploads\\\/2023\\\/05\\\/logotextual1.jpg\",\"width\":516,\"height\":76,\"caption\":\"Diario Textual\"},\"image\":{\"@id\":\"https:\\\/\\\/diariotextual.com\\\/inicio\\\/#\\\/schema\\\/logo\\\/image\\\/\"},\"sameAs\":[\"https:\\\/\\\/www.facebook.com\\\/eltextual\",\"https:\\\/\\\/x.com\\\/eltextual\",\"http:\\\/\\\/www.instagram.com\\\/eltextual\"]},{\"@type\":\"Person\",\"@id\":\"https:\\\/\\\/diariotextual.com\\\/inicio\\\/#\\\/schema\\\/person\\\/418fc4093c33e86ed41562db3508f958\",\"name\":\"Diario1 Diario1\",\"image\":{\"@type\":\"ImageObject\",\"inLanguage\":\"es\",\"@id\":\"https:\\\/\\\/secure.gravatar.com\\\/avatar\\\/9167d280179c85bc18be67aa7eda765854300033af4896dd779b608640f2ef7a?s=96&d=mm&r=g\",\"url\":\"https:\\\/\\\/secure.gravatar.com\\\/avatar\\\/9167d280179c85bc18be67aa7eda765854300033af4896dd779b608640f2ef7a?s=96&d=mm&r=g\",\"contentUrl\":\"https:\\\/\\\/secure.gravatar.com\\\/avatar\\\/9167d280179c85bc18be67aa7eda765854300033af4896dd779b608640f2ef7a?s=96&d=mm&r=g\",\"caption\":\"Diario1 Diario1\"},\"url\":\"https:\\\/\\\/diariotextual.com\\\/inicio\\\/index.php\\\/author\\\/diario1\\\/\"}]}<\/script>\n<!-- \/ Yoast SEO plugin. -->","yoast_head_json":{"title":"Operativo Remontada: el PJ pampeano tambi\u00e9n comienza a movilizar a la juventud - Diario Textual","robots":{"index":"index","follow":"follow","max-snippet":"max-snippet:-1","max-image-preview":"max-image-preview:large","max-video-preview":"max-video-preview:-1"},"canonical":"https:\/\/diariotextual.com\/inicio\/index.php\/2023\/09\/14\/operativo-remontada-el-pj-pampeano-tambien-comienza-a-movilizar-a-la-juventud\/","og_locale":"es_ES","og_type":"article","og_title":"Operativo Remontada: el PJ pampeano tambi\u00e9n comienza a movilizar a la juventud - Diario Textual","og_description":"El peronismo est\u00e1 dispuesto a poner toda la carne al asador para dar vuelta los resultados de las PASO y ayudar a meter al candidato presidencial Sergio Massa en el&hellip;","og_url":"https:\/\/diariotextual.com\/inicio\/index.php\/2023\/09\/14\/operativo-remontada-el-pj-pampeano-tambien-comienza-a-movilizar-a-la-juventud\/","og_site_name":"Diario Textual","article_publisher":"https:\/\/www.facebook.com\/eltextual","article_published_time":"2023-09-14T21:06:39+00:00","article_modified_time":"2023-09-15T12:52:54+00:00","og_image":[{"width":1024,"height":683,"url":"https:\/\/diariotextual.com\/inicio\/wp-content\/uploads\/2023\/09\/juventudperonistalapampa2023-2.jpg","type":"image\/jpeg"}],"author":"Diario1 Diario1","twitter_card":"summary_large_image","twitter_creator":"@eltextual","twitter_site":"@eltextual","twitter_misc":{"Escrito por":"Diario1 Diario1","Tiempo de lectura":"2 minutos"},"schema":{"@context":"https:\/\/schema.org","@graph":[{"@type":"Article","@id":"https:\/\/diariotextual.com\/inicio\/index.php\/2023\/09\/14\/operativo-remontada-el-pj-pampeano-tambien-comienza-a-movilizar-a-la-juventud\/#article","isPartOf":{"@id":"https:\/\/diariotextual.com\/inicio\/index.php\/2023\/09\/14\/operativo-remontada-el-pj-pampeano-tambien-comienza-a-movilizar-a-la-juventud\/"},"author":{"name":"Diario1 Diario1","@id":"https:\/\/diariotextual.com\/inicio\/#\/schema\/person\/418fc4093c33e86ed41562db3508f958"},"headline":"Operativo Remontada: el PJ pampeano tambi\u00e9n comienza a movilizar a la juventud","datePublished":"2023-09-14T21:06:39+00:00","dateModified":"2023-09-15T12:52:54+00:00","mainEntityOfPage":{"@id":"https:\/\/diariotextual.com\/inicio\/index.php\/2023\/09\/14\/operativo-remontada-el-pj-pampeano-tambien-comienza-a-movilizar-a-la-juventud\/"},"wordCount":246,"publisher":{"@id":"https:\/\/diariotextual.com\/inicio\/#organization"},"image":{"@id":"https:\/\/diariotextual.com\/inicio\/index.php\/2023\/09\/14\/operativo-remontada-el-pj-pampeano-tambien-comienza-a-movilizar-a-la-juventud\/#primaryimage"},"thumbnailUrl":"https:\/\/diariotextual.com\/inicio\/wp-content\/uploads\/2023\/09\/juventudperonistalapampa2023-2.jpg","articleSection":["A - ES NOTICIA (van abajo)","A - QUE PASA (al costado)","POLITICA"],"inLanguage":"es"},{"@type":"WebPage","@id":"https:\/\/diariotextual.com\/inicio\/index.php\/2023\/09\/14\/operativo-remontada-el-pj-pampeano-tambien-comienza-a-movilizar-a-la-juventud\/","url":"https:\/\/diariotextual.com\/inicio\/index.php\/2023\/09\/14\/operativo-remontada-el-pj-pampeano-tambien-comienza-a-movilizar-a-la-juventud\/","name":"Operativo Remontada: el PJ pampeano tambi\u00e9n comienza a movilizar a la juventud - Diario Textual","isPartOf":{"@id":"https:\/\/diariotextual.com\/inicio\/#website"},"primaryImageOfPage":{"@id":"https:\/\/diariotextual.com\/inicio\/index.php\/2023\/09\/14\/operativo-remontada-el-pj-pampeano-tambien-comienza-a-movilizar-a-la-juventud\/#primaryimage"},"image":{"@id":"https:\/\/diariotextual.com\/inicio\/index.php\/2023\/09\/14\/operativo-remontada-el-pj-pampeano-tambien-comienza-a-movilizar-a-la-juventud\/#primaryimage"},"thumbnailUrl":"https:\/\/diariotextual.com\/inicio\/wp-content\/uploads\/2023\/09\/juventudperonistalapampa2023-2.jpg","datePublished":"2023-09-14T21:06:39+00:00","dateModified":"2023-09-15T12:52:54+00:00","breadcrumb":{"@id":"https:\/\/diariotextual.com\/inicio\/index.php\/2023\/09\/14\/operativo-remontada-el-pj-pampeano-tambien-comienza-a-movilizar-a-la-juventud\/#breadcrumb"},"inLanguage":"es","potentialAction":[{"@type":"ReadAction","target":["https:\/\/diariotextual.com\/inicio\/index.php\/2023\/09\/14\/operativo-remontada-el-pj-pampeano-tambien-comienza-a-movilizar-a-la-juventud\/"]}]},{"@type":"ImageObject","inLanguage":"es","@id":"https:\/\/diariotextual.com\/inicio\/index.php\/2023\/09\/14\/operativo-remontada-el-pj-pampeano-tambien-comienza-a-movilizar-a-la-juventud\/#primaryimage","url":"https:\/\/diariotextual.com\/inicio\/wp-content\/uploads\/2023\/09\/juventudperonistalapampa2023-2.jpg","contentUrl":"https:\/\/diariotextual.com\/inicio\/wp-content\/uploads\/2023\/09\/juventudperonistalapampa2023-2.jpg","width":1024,"height":683},{"@type":"BreadcrumbList","@id":"https:\/\/diariotextual.com\/inicio\/index.php\/2023\/09\/14\/operativo-remontada-el-pj-pampeano-tambien-comienza-a-movilizar-a-la-juventud\/#breadcrumb","itemListElement":[{"@type":"ListItem","position":1,"name":"Portada","item":"https:\/\/diariotextual.com\/inicio\/"},{"@type":"ListItem","position":2,"name":"Operativo Remontada: el PJ pampeano tambi\u00e9n comienza a movilizar a la juventud"}]},{"@type":"WebSite","@id":"https:\/\/diariotextual.com\/inicio\/#website","url":"https:\/\/diariotextual.com\/inicio\/","name":"Diario Textual","description":"","publisher":{"@id":"https:\/\/diariotextual.com\/inicio\/#organization"},"potentialAction":[{"@type":"SearchAction","target":{"@type":"EntryPoint","urlTemplate":"https:\/\/diariotextual.com\/inicio\/?s={search_term_string}"},"query-input":{"@type":"PropertyValueSpecification","valueRequired":true,"valueName":"search_term_string"}}],"inLanguage":"es"},{"@type":"Organization","@id":"https:\/\/diariotextual.com\/inicio\/#organization","name":"Diario Textual","url":"https:\/\/diariotextual.com\/inicio\/","logo":{"@type":"ImageObject","inLanguage":"es","@id":"https:\/\/diariotextual.com\/inicio\/#\/schema\/logo\/image\/","url":"https:\/\/diariotextual.com\/inicio\/wp-content\/uploads\/2023\/05\/logotextual1.jpg","contentUrl":"https:\/\/diariotextual.com\/inicio\/wp-content\/uploads\/2023\/05\/logotextual1.jpg","width":516,"height":76,"caption":"Diario Textual"},"image":{"@id":"https:\/\/diariotextual.com\/inicio\/#\/schema\/logo\/image\/"},"sameAs":["https:\/\/www.facebook.com\/eltextual","https:\/\/x.com\/eltextual","http:\/\/www.instagram.com\/eltextual"]},{"@type":"Person","@id":"https:\/\/diariotextual.com\/inicio\/#\/schema\/person\/418fc4093c33e86ed41562db3508f958","name":"Diario1 Diario1","image":{"@type":"ImageObject","inLanguage":"es","@id":"https:\/\/secure.gravatar.com\/avatar\/9167d280179c85bc18be67aa7eda765854300033af4896dd779b608640f2ef7a?s=96&d=mm&r=g","url":"https:\/\/secure.gravatar.com\/avatar\/9167d280179c85bc18be67aa7eda765854300033af4896dd779b608640f2ef7a?s=96&d=mm&r=g","contentUrl":"https:\/\/secure.gravatar.com\/avatar\/9167d280179c85bc18be67aa7eda765854300033af4896dd779b608640f2ef7a?s=96&d=mm&r=g","caption":"Diario1 Diario1"},"url":"https:\/\/diariotextual.com\/inicio\/index.php\/author\/diario1\/"}]}},"_links":{"self":[{"href":"https:\/\/diariotextual.com\/inicio\/index.php\/wp-json\/wp\/v2\/posts\/237391","targetHints":{"allow":["GET"]}}],"collection":[{"href":"https:\/\/diariotextual.com\/inicio\/index.php\/wp-json\/wp\/v2\/posts"}],"about":[{"href":"https:\/\/diariotextual.com\/inicio\/index.php\/wp-json\/wp\/v2\/types\/post"}],"author":[{"embeddable":true,"href":"https:\/\/diariotextual.com\/inicio\/index.php\/wp-json\/wp\/v2\/users\/3"}],"replies":[{"embeddable":true,"href":"https:\/\/diariotextual.com\/inicio\/index.php\/wp-json\/wp\/v2\/comments?post=237391"}],"version-history":[{"count":8,"href":"https:\/\/diariotextual.com\/inicio\/index.php\/wp-json\/wp\/v2\/posts\/237391\/revisions"}],"predecessor-version":[{"id":237416,"href":"https:\/\/diariotextual.com\/inicio\/index.php\/wp-json\/wp\/v2\/posts\/237391\/revisions\/237416"}],"wp:featuredmedia":[{"embeddable":true,"href":"https:\/\/diariotextual.com\/inicio\/index.php\/wp-json\/wp\/v2\/media\/237398"}],"wp:attachment":[{"href":"https:\/\/diariotextual.com\/inicio\/index.php\/wp-json\/wp\/v2\/media?parent=237391"}],"wp:term":[{"taxonomy":"category","embeddable":true,"href":"https:\/\/diariotextual.com\/inicio\/index.php\/wp-json\/wp\/v2\/categories?post=237391"},{"taxonomy":"post_tag","embeddable":true,"href":"https:\/\/diariotextual.com\/inicio\/index.php\/wp-json\/wp\/v2\/tags?post=237391"}],"curies":[{"name":"wp","href":"https:\/\/api.w.org\/{rel}","templated":true}]}}