{"id":237429,"date":"2023-09-15T06:59:12","date_gmt":"2023-09-15T09:59:12","guid":{"rendered":"https:\/\/diariotextual.com\/inicio\/?p=237429"},"modified":"2023-09-15T20:56:45","modified_gmt":"2023-09-15T23:56:45","slug":"maquieyra-y-la-negativa-de-jxc-a-votar-reforma-de-ganancias-debe-darse-en-el-marco-de-una-reforma-impositiva-integral","status":"publish","type":"post","link":"https:\/\/diariotextual.com\/inicio\/index.php\/2023\/09\/15\/maquieyra-y-la-negativa-de-jxc-a-votar-reforma-de-ganancias-debe-darse-en-el-marco-de-una-reforma-impositiva-integral\/","title":{"rendered":"Maquieyra y la negativa de JxC a votar reforma de Ganancias: \u201cDebe darse en el marco de una reforma impositiva integral\u201d"},"content":{"rendered":"\n<p>El diputado nacional<strong> Mart\u00edn Maquieyra (PRO)<\/strong> dijo, ante una consulta de <strong>Diario Textual<\/strong>, que Juntos por el Cambio no votar\u00e1 el proyecto de ley para reformar el <strong>impuesto a las Ganancias<\/strong> porque la medida debe dar en el marco de una \u201creforma impositiva integral\u201d y no para una elecci\u00f3n.<\/p>\n\n\n\n<p>\u201cCreemos que se debe hacer una reforma impositiva integral. Con este cambio que impulsa (Sergio) Massa dejar\u00edan de pagar Ganancias, por ejemplo, los funcionarios p\u00fablicos o diputados. Creemos que esos cargos deben pagar, estamos hablando de sueldos de mas de 1 mill\u00f3n de pesos mensual\u201d, dijo Maquieyra. <\/p>\n\n\n\n<p>\u201cLa reducci\u00f3n impositiva debe ir en los impuestos que m\u00e1s afectan y a los que m\u00e1s les cuesta salir adelante, como las pymes y los trabajadores que ganan menos de 700 mil pesos, que son el 95% de la Argentina. O reducir impuestos distorsivos como el IVA\u201d, sostuvo.<\/p>\n\n\n\n<p>D\u00edas atr\u00e1s desde Juntos por el Cambio hab\u00edan desafiado al ministro de Econom\u00eda,\u00a0Sergio Massa,\u00a0a que enviara el proyecto al Congreso para su votaci\u00f3n. Sin embargo, el mi\u00e9rcoles, tras una reuni\u00f3n virtual, los dirigentes de la coalici\u00f3n opositora tomaron la decisi\u00f3n de no dar quorum y eventualmente rechazar la iniciativa.\u00a0<\/p>\n\n\n\n<p>El Gobierno igualmente intentar\u00e1 llevar el proyecto al recinto la pr\u00f3xima semana. La medida busca <strong><a href=\"https:\/\/diariotextual.com\/inicio\/index.php\/2023\/09\/11\/massa-exime-del-impuesto-a-las-ganancias-a-los-que-ganen-hasta-1-770-000\/\" target=\"_blank\" rel=\"noreferrer noopener\">eximir del impuesto a las Ganancias a los que ganen hasta $1.770.000<\/a><\/strong>. El cambio regir\u00e1 desde octubre.<\/p>\n\n\n\n<p>El Ministerio de Hacienda y Finanzas de La Pampa cuantific\u00f3 en\u00a0<strong><a href=\"https:\/\/diariotextual.com\/inicio\/index.php\/2023\/09\/12\/impuesto-a-las-ganancias-ingresaran-9-mil-millones-a-la-economia-provincial\/\" target=\"_blank\" rel=\"noreferrer noopener\">9.000 millones de pesos los que cambiar\u00e1n la v\u00eda de ingreso a la Provincia por esta modificaci\u00f3n<\/a><\/strong>: no los recibir\u00e1 por medio de la coparticipaci\u00f3n, pero lo compensar\u00e1 con el consumo.<\/p>\n\n\n\n<p>\u201cLo que antes ingresaba como recursos coparticipables ahora lo har\u00e1 directamente al bolsillo de trabajadoras, trabajadores, jubilados y jubiladas\u201d, se explic\u00f3 desde Casa de Gobierno.<\/p>\n","protected":false},"excerpt":{"rendered":"<p>El diputado nacional Mart\u00edn Maquieyra (PRO) dijo, ante una consulta de Diario Textual, que Juntos por el Cambio no votar\u00e1 el proyecto de ley para reformar el impuesto a las&hellip;<\/p>\n","protected":false},"author":7,"featured_media":132493,"comment_status":"closed","ping_status":"open","sticky":false,"template":"","format":"standard","meta":{"_acf_changed":false,"footnotes":""},"categories":[1,11,8],"tags":[],"class_list":["post-237429","post","type-post","status-publish","format-standard","has-post-thumbnail","hentry","category-es-noticia","category-que-pasa","category-politica"],"acf":[],"yoast_head":"<!-- This site is optimized with the Yoast SEO plugin v27.5 - https:\/\/yoast.com\/product\/yoast-seo-wordpress\/ -->\n<title>Maquieyra y la negativa de JxC a votar reforma de Ganancias: \u201cDebe darse en el marco de una reforma impositiva integral\u201d - Diario Textual<\/title>\n<meta name=\"robots\" content=\"index, follow, max-snippet:-1, max-image-preview:large, max-video-preview:-1\" \/>\n<link rel=\"canonical\" href=\"https:\/\/diariotextual.com\/inicio\/index.php\/2023\/09\/15\/maquieyra-y-la-negativa-de-jxc-a-votar-reforma-de-ganancias-debe-darse-en-el-marco-de-una-reforma-impositiva-integral\/\" \/>\n<meta property=\"og:locale\" content=\"es_ES\" \/>\n<meta property=\"og:type\" content=\"article\" \/>\n<meta property=\"og:title\" content=\"Maquieyra y la negativa de JxC a votar reforma de Ganancias: \u201cDebe darse en el marco de una reforma impositiva integral\u201d - Diario Textual\" \/>\n<meta property=\"og:description\" content=\"El diputado nacional Mart\u00edn Maquieyra (PRO) dijo, ante una consulta de Diario Textual, que Juntos por el Cambio no votar\u00e1 el proyecto de ley para reformar el impuesto a las&hellip;\" \/>\n<meta property=\"og:url\" content=\"https:\/\/diariotextual.com\/inicio\/index.php\/2023\/09\/15\/maquieyra-y-la-negativa-de-jxc-a-votar-reforma-de-ganancias-debe-darse-en-el-marco-de-una-reforma-impositiva-integral\/\" \/>\n<meta property=\"og:site_name\" content=\"Diario Textual\" \/>\n<meta property=\"article:publisher\" content=\"https:\/\/www.facebook.com\/eltextual\" \/>\n<meta property=\"article:published_time\" content=\"2023-09-15T09:59:12+00:00\" \/>\n<meta property=\"article:modified_time\" content=\"2023-09-15T23:56:45+00:00\" \/>\n<meta property=\"og:image\" content=\"https:\/\/diariotextual.com\/inicio\/wp-content\/uploads\/2021\/02\/maquieyramartin2021.jpeg\" \/>\n\t<meta property=\"og:image:width\" content=\"700\" \/>\n\t<meta property=\"og:image:height\" content=\"426\" \/>\n\t<meta property=\"og:image:type\" content=\"image\/jpeg\" \/>\n<meta name=\"author\" content=\"diario5\" \/>\n<meta name=\"twitter:card\" content=\"summary_large_image\" \/>\n<meta name=\"twitter:creator\" content=\"@eltextual\" \/>\n<meta name=\"twitter:site\" content=\"@eltextual\" \/>\n<meta name=\"twitter:label1\" content=\"Escrito por\" \/>\n\t<meta name=\"twitter:data1\" content=\"diario5\" \/>\n\t<meta name=\"twitter:label2\" content=\"Tiempo de lectura\" \/>\n\t<meta name=\"twitter:data2\" content=\"2 minutos\" \/>\n<script type=\"application\/ld+json\" class=\"yoast-schema-graph\">{\"@context\":\"https:\\\/\\\/schema.org\",\"@graph\":[{\"@type\":\"Article\",\"@id\":\"https:\\\/\\\/diariotextual.com\\\/inicio\\\/index.php\\\/2023\\\/09\\\/15\\\/maquieyra-y-la-negativa-de-jxc-a-votar-reforma-de-ganancias-debe-darse-en-el-marco-de-una-reforma-impositiva-integral\\\/#article\",\"isPartOf\":{\"@id\":\"https:\\\/\\\/diariotextual.com\\\/inicio\\\/index.php\\\/2023\\\/09\\\/15\\\/maquieyra-y-la-negativa-de-jxc-a-votar-reforma-de-ganancias-debe-darse-en-el-marco-de-una-reforma-impositiva-integral\\\/\"},\"author\":{\"name\":\"diario5\",\"@id\":\"https:\\\/\\\/diariotextual.com\\\/inicio\\\/#\\\/schema\\\/person\\\/c7834961ad8b29b1d9cdbf4571299067\"},\"headline\":\"Maquieyra y la negativa de JxC a votar reforma de Ganancias: \u201cDebe darse en el marco de una reforma impositiva integral\u201d\",\"datePublished\":\"2023-09-15T09:59:12+00:00\",\"dateModified\":\"2023-09-15T23:56:45+00:00\",\"mainEntityOfPage\":{\"@id\":\"https:\\\/\\\/diariotextual.com\\\/inicio\\\/index.php\\\/2023\\\/09\\\/15\\\/maquieyra-y-la-negativa-de-jxc-a-votar-reforma-de-ganancias-debe-darse-en-el-marco-de-una-reforma-impositiva-integral\\\/\"},\"wordCount\":332,\"publisher\":{\"@id\":\"https:\\\/\\\/diariotextual.com\\\/inicio\\\/#organization\"},\"image\":{\"@id\":\"https:\\\/\\\/diariotextual.com\\\/inicio\\\/index.php\\\/2023\\\/09\\\/15\\\/maquieyra-y-la-negativa-de-jxc-a-votar-reforma-de-ganancias-debe-darse-en-el-marco-de-una-reforma-impositiva-integral\\\/#primaryimage\"},\"thumbnailUrl\":\"https:\\\/\\\/diariotextual.com\\\/inicio\\\/wp-content\\\/uploads\\\/2021\\\/02\\\/maquieyramartin2021.jpeg\",\"articleSection\":[\"A - ES NOTICIA (van abajo)\",\"A - QUE PASA (al costado)\",\"POLITICA\"],\"inLanguage\":\"es\"},{\"@type\":\"WebPage\",\"@id\":\"https:\\\/\\\/diariotextual.com\\\/inicio\\\/index.php\\\/2023\\\/09\\\/15\\\/maquieyra-y-la-negativa-de-jxc-a-votar-reforma-de-ganancias-debe-darse-en-el-marco-de-una-reforma-impositiva-integral\\\/\",\"url\":\"https:\\\/\\\/diariotextual.com\\\/inicio\\\/index.php\\\/2023\\\/09\\\/15\\\/maquieyra-y-la-negativa-de-jxc-a-votar-reforma-de-ganancias-debe-darse-en-el-marco-de-una-reforma-impositiva-integral\\\/\",\"name\":\"Maquieyra y la negativa de JxC a votar reforma de Ganancias: \u201cDebe darse en el marco de una reforma impositiva integral\u201d - Diario Textual\",\"isPartOf\":{\"@id\":\"https:\\\/\\\/diariotextual.com\\\/inicio\\\/#website\"},\"primaryImageOfPage\":{\"@id\":\"https:\\\/\\\/diariotextual.com\\\/inicio\\\/index.php\\\/2023\\\/09\\\/15\\\/maquieyra-y-la-negativa-de-jxc-a-votar-reforma-de-ganancias-debe-darse-en-el-marco-de-una-reforma-impositiva-integral\\\/#primaryimage\"},\"image\":{\"@id\":\"https:\\\/\\\/diariotextual.com\\\/inicio\\\/index.php\\\/2023\\\/09\\\/15\\\/maquieyra-y-la-negativa-de-jxc-a-votar-reforma-de-ganancias-debe-darse-en-el-marco-de-una-reforma-impositiva-integral\\\/#primaryimage\"},\"thumbnailUrl\":\"https:\\\/\\\/diariotextual.com\\\/inicio\\\/wp-content\\\/uploads\\\/2021\\\/02\\\/maquieyramartin2021.jpeg\",\"datePublished\":\"2023-09-15T09:59:12+00:00\",\"dateModified\":\"2023-09-15T23:56:45+00:00\",\"breadcrumb\":{\"@id\":\"https:\\\/\\\/diariotextual.com\\\/inicio\\\/index.php\\\/2023\\\/09\\\/15\\\/maquieyra-y-la-negativa-de-jxc-a-votar-reforma-de-ganancias-debe-darse-en-el-marco-de-una-reforma-impositiva-integral\\\/#breadcrumb\"},\"inLanguage\":\"es\",\"potentialAction\":[{\"@type\":\"ReadAction\",\"target\":[\"https:\\\/\\\/diariotextual.com\\\/inicio\\\/index.php\\\/2023\\\/09\\\/15\\\/maquieyra-y-la-negativa-de-jxc-a-votar-reforma-de-ganancias-debe-darse-en-el-marco-de-una-reforma-impositiva-integral\\\/\"]}]},{\"@type\":\"ImageObject\",\"inLanguage\":\"es\",\"@id\":\"https:\\\/\\\/diariotextual.com\\\/inicio\\\/index.php\\\/2023\\\/09\\\/15\\\/maquieyra-y-la-negativa-de-jxc-a-votar-reforma-de-ganancias-debe-darse-en-el-marco-de-una-reforma-impositiva-integral\\\/#primaryimage\",\"url\":\"https:\\\/\\\/diariotextual.com\\\/inicio\\\/wp-content\\\/uploads\\\/2021\\\/02\\\/maquieyramartin2021.jpeg\",\"contentUrl\":\"https:\\\/\\\/diariotextual.com\\\/inicio\\\/wp-content\\\/uploads\\\/2021\\\/02\\\/maquieyramartin2021.jpeg\",\"width\":700,\"height\":426},{\"@type\":\"BreadcrumbList\",\"@id\":\"https:\\\/\\\/diariotextual.com\\\/inicio\\\/index.php\\\/2023\\\/09\\\/15\\\/maquieyra-y-la-negativa-de-jxc-a-votar-reforma-de-ganancias-debe-darse-en-el-marco-de-una-reforma-impositiva-integral\\\/#breadcrumb\",\"itemListElement\":[{\"@type\":\"ListItem\",\"position\":1,\"name\":\"Portada\",\"item\":\"https:\\\/\\\/diariotextual.com\\\/inicio\\\/\"},{\"@type\":\"ListItem\",\"position\":2,\"name\":\"Maquieyra y la negativa de JxC a votar reforma de Ganancias: \u201cDebe darse en el marco de una reforma impositiva integral\u201d\"}]},{\"@type\":\"WebSite\",\"@id\":\"https:\\\/\\\/diariotextual.com\\\/inicio\\\/#website\",\"url\":\"https:\\\/\\\/diariotextual.com\\\/inicio\\\/\",\"name\":\"Diario Textual\",\"description\":\"\",\"publisher\":{\"@id\":\"https:\\\/\\\/diariotextual.com\\\/inicio\\\/#organization\"},\"potentialAction\":[{\"@type\":\"SearchAction\",\"target\":{\"@type\":\"EntryPoint\",\"urlTemplate\":\"https:\\\/\\\/diariotextual.com\\\/inicio\\\/?s={search_term_string}\"},\"query-input\":{\"@type\":\"PropertyValueSpecification\",\"valueRequired\":true,\"valueName\":\"search_term_string\"}}],\"inLanguage\":\"es\"},{\"@type\":\"Organization\",\"@id\":\"https:\\\/\\\/diariotextual.com\\\/inicio\\\/#organization\",\"name\":\"Diario Textual\",\"url\":\"https:\\\/\\\/diariotextual.com\\\/inicio\\\/\",\"logo\":{\"@type\":\"ImageObject\",\"inLanguage\":\"es\",\"@id\":\"https:\\\/\\\/diariotextual.com\\\/inicio\\\/#\\\/schema\\\/logo\\\/image\\\/\",\"url\":\"https:\\\/\\\/diariotextual.com\\\/inicio\\\/wp-content\\\/uploads\\\/2023\\\/05\\\/logotextual1.jpg\",\"contentUrl\":\"https:\\\/\\\/diariotextual.com\\\/inicio\\\/wp-content\\\/uploads\\\/2023\\\/05\\\/logotextual1.jpg\",\"width\":516,\"height\":76,\"caption\":\"Diario Textual\"},\"image\":{\"@id\":\"https:\\\/\\\/diariotextual.com\\\/inicio\\\/#\\\/schema\\\/logo\\\/image\\\/\"},\"sameAs\":[\"https:\\\/\\\/www.facebook.com\\\/eltextual\",\"https:\\\/\\\/x.com\\\/eltextual\",\"http:\\\/\\\/www.instagram.com\\\/eltextual\"]},{\"@type\":\"Person\",\"@id\":\"https:\\\/\\\/diariotextual.com\\\/inicio\\\/#\\\/schema\\\/person\\\/c7834961ad8b29b1d9cdbf4571299067\",\"name\":\"diario5\",\"image\":{\"@type\":\"ImageObject\",\"inLanguage\":\"es\",\"@id\":\"https:\\\/\\\/secure.gravatar.com\\\/avatar\\\/948c893b847ca6df68216ead81b63f363408ec9b0f600fefc0641ce78613b111?s=96&d=mm&r=g\",\"url\":\"https:\\\/\\\/secure.gravatar.com\\\/avatar\\\/948c893b847ca6df68216ead81b63f363408ec9b0f600fefc0641ce78613b111?s=96&d=mm&r=g\",\"contentUrl\":\"https:\\\/\\\/secure.gravatar.com\\\/avatar\\\/948c893b847ca6df68216ead81b63f363408ec9b0f600fefc0641ce78613b111?s=96&d=mm&r=g\",\"caption\":\"diario5\"},\"url\":\"https:\\\/\\\/diariotextual.com\\\/inicio\\\/index.php\\\/author\\\/diario5\\\/\"}]}<\/script>\n<!-- \/ Yoast SEO plugin. -->","yoast_head_json":{"title":"Maquieyra y la negativa de JxC a votar reforma de Ganancias: \u201cDebe darse en el marco de una reforma impositiva integral\u201d - Diario Textual","robots":{"index":"index","follow":"follow","max-snippet":"max-snippet:-1","max-image-preview":"max-image-preview:large","max-video-preview":"max-video-preview:-1"},"canonical":"https:\/\/diariotextual.com\/inicio\/index.php\/2023\/09\/15\/maquieyra-y-la-negativa-de-jxc-a-votar-reforma-de-ganancias-debe-darse-en-el-marco-de-una-reforma-impositiva-integral\/","og_locale":"es_ES","og_type":"article","og_title":"Maquieyra y la negativa de JxC a votar reforma de Ganancias: \u201cDebe darse en el marco de una reforma impositiva integral\u201d - Diario Textual","og_description":"El diputado nacional Mart\u00edn Maquieyra (PRO) dijo, ante una consulta de Diario Textual, que Juntos por el Cambio no votar\u00e1 el proyecto de ley para reformar el impuesto a las&hellip;","og_url":"https:\/\/diariotextual.com\/inicio\/index.php\/2023\/09\/15\/maquieyra-y-la-negativa-de-jxc-a-votar-reforma-de-ganancias-debe-darse-en-el-marco-de-una-reforma-impositiva-integral\/","og_site_name":"Diario Textual","article_publisher":"https:\/\/www.facebook.com\/eltextual","article_published_time":"2023-09-15T09:59:12+00:00","article_modified_time":"2023-09-15T23:56:45+00:00","og_image":[{"width":700,"height":426,"url":"https:\/\/diariotextual.com\/inicio\/wp-content\/uploads\/2021\/02\/maquieyramartin2021.jpeg","type":"image\/jpeg"}],"author":"diario5","twitter_card":"summary_large_image","twitter_creator":"@eltextual","twitter_site":"@eltextual","twitter_misc":{"Escrito por":"diario5","Tiempo de lectura":"2 minutos"},"schema":{"@context":"https:\/\/schema.org","@graph":[{"@type":"Article","@id":"https:\/\/diariotextual.com\/inicio\/index.php\/2023\/09\/15\/maquieyra-y-la-negativa-de-jxc-a-votar-reforma-de-ganancias-debe-darse-en-el-marco-de-una-reforma-impositiva-integral\/#article","isPartOf":{"@id":"https:\/\/diariotextual.com\/inicio\/index.php\/2023\/09\/15\/maquieyra-y-la-negativa-de-jxc-a-votar-reforma-de-ganancias-debe-darse-en-el-marco-de-una-reforma-impositiva-integral\/"},"author":{"name":"diario5","@id":"https:\/\/diariotextual.com\/inicio\/#\/schema\/person\/c7834961ad8b29b1d9cdbf4571299067"},"headline":"Maquieyra y la negativa de JxC a votar reforma de Ganancias: \u201cDebe darse en el marco de una reforma impositiva integral\u201d","datePublished":"2023-09-15T09:59:12+00:00","dateModified":"2023-09-15T23:56:45+00:00","mainEntityOfPage":{"@id":"https:\/\/diariotextual.com\/inicio\/index.php\/2023\/09\/15\/maquieyra-y-la-negativa-de-jxc-a-votar-reforma-de-ganancias-debe-darse-en-el-marco-de-una-reforma-impositiva-integral\/"},"wordCount":332,"publisher":{"@id":"https:\/\/diariotextual.com\/inicio\/#organization"},"image":{"@id":"https:\/\/diariotextual.com\/inicio\/index.php\/2023\/09\/15\/maquieyra-y-la-negativa-de-jxc-a-votar-reforma-de-ganancias-debe-darse-en-el-marco-de-una-reforma-impositiva-integral\/#primaryimage"},"thumbnailUrl":"https:\/\/diariotextual.com\/inicio\/wp-content\/uploads\/2021\/02\/maquieyramartin2021.jpeg","articleSection":["A - ES NOTICIA (van abajo)","A - QUE PASA (al costado)","POLITICA"],"inLanguage":"es"},{"@type":"WebPage","@id":"https:\/\/diariotextual.com\/inicio\/index.php\/2023\/09\/15\/maquieyra-y-la-negativa-de-jxc-a-votar-reforma-de-ganancias-debe-darse-en-el-marco-de-una-reforma-impositiva-integral\/","url":"https:\/\/diariotextual.com\/inicio\/index.php\/2023\/09\/15\/maquieyra-y-la-negativa-de-jxc-a-votar-reforma-de-ganancias-debe-darse-en-el-marco-de-una-reforma-impositiva-integral\/","name":"Maquieyra y la negativa de JxC a votar reforma de Ganancias: \u201cDebe darse en el marco de una reforma impositiva integral\u201d - Diario Textual","isPartOf":{"@id":"https:\/\/diariotextual.com\/inicio\/#website"},"primaryImageOfPage":{"@id":"https:\/\/diariotextual.com\/inicio\/index.php\/2023\/09\/15\/maquieyra-y-la-negativa-de-jxc-a-votar-reforma-de-ganancias-debe-darse-en-el-marco-de-una-reforma-impositiva-integral\/#primaryimage"},"image":{"@id":"https:\/\/diariotextual.com\/inicio\/index.php\/2023\/09\/15\/maquieyra-y-la-negativa-de-jxc-a-votar-reforma-de-ganancias-debe-darse-en-el-marco-de-una-reforma-impositiva-integral\/#primaryimage"},"thumbnailUrl":"https:\/\/diariotextual.com\/inicio\/wp-content\/uploads\/2021\/02\/maquieyramartin2021.jpeg","datePublished":"2023-09-15T09:59:12+00:00","dateModified":"2023-09-15T23:56:45+00:00","breadcrumb":{"@id":"https:\/\/diariotextual.com\/inicio\/index.php\/2023\/09\/15\/maquieyra-y-la-negativa-de-jxc-a-votar-reforma-de-ganancias-debe-darse-en-el-marco-de-una-reforma-impositiva-integral\/#breadcrumb"},"inLanguage":"es","potentialAction":[{"@type":"ReadAction","target":["https:\/\/diariotextual.com\/inicio\/index.php\/2023\/09\/15\/maquieyra-y-la-negativa-de-jxc-a-votar-reforma-de-ganancias-debe-darse-en-el-marco-de-una-reforma-impositiva-integral\/"]}]},{"@type":"ImageObject","inLanguage":"es","@id":"https:\/\/diariotextual.com\/inicio\/index.php\/2023\/09\/15\/maquieyra-y-la-negativa-de-jxc-a-votar-reforma-de-ganancias-debe-darse-en-el-marco-de-una-reforma-impositiva-integral\/#primaryimage","url":"https:\/\/diariotextual.com\/inicio\/wp-content\/uploads\/2021\/02\/maquieyramartin2021.jpeg","contentUrl":"https:\/\/diariotextual.com\/inicio\/wp-content\/uploads\/2021\/02\/maquieyramartin2021.jpeg","width":700,"height":426},{"@type":"BreadcrumbList","@id":"https:\/\/diariotextual.com\/inicio\/index.php\/2023\/09\/15\/maquieyra-y-la-negativa-de-jxc-a-votar-reforma-de-ganancias-debe-darse-en-el-marco-de-una-reforma-impositiva-integral\/#breadcrumb","itemListElement":[{"@type":"ListItem","position":1,"name":"Portada","item":"https:\/\/diariotextual.com\/inicio\/"},{"@type":"ListItem","position":2,"name":"Maquieyra y la negativa de JxC a votar reforma de Ganancias: \u201cDebe darse en el marco de una reforma impositiva integral\u201d"}]},{"@type":"WebSite","@id":"https:\/\/diariotextual.com\/inicio\/#website","url":"https:\/\/diariotextual.com\/inicio\/","name":"Diario Textual","description":"","publisher":{"@id":"https:\/\/diariotextual.com\/inicio\/#organization"},"potentialAction":[{"@type":"SearchAction","target":{"@type":"EntryPoint","urlTemplate":"https:\/\/diariotextual.com\/inicio\/?s={search_term_string}"},"query-input":{"@type":"PropertyValueSpecification","valueRequired":true,"valueName":"search_term_string"}}],"inLanguage":"es"},{"@type":"Organization","@id":"https:\/\/diariotextual.com\/inicio\/#organization","name":"Diario Textual","url":"https:\/\/diariotextual.com\/inicio\/","logo":{"@type":"ImageObject","inLanguage":"es","@id":"https:\/\/diariotextual.com\/inicio\/#\/schema\/logo\/image\/","url":"https:\/\/diariotextual.com\/inicio\/wp-content\/uploads\/2023\/05\/logotextual1.jpg","contentUrl":"https:\/\/diariotextual.com\/inicio\/wp-content\/uploads\/2023\/05\/logotextual1.jpg","width":516,"height":76,"caption":"Diario Textual"},"image":{"@id":"https:\/\/diariotextual.com\/inicio\/#\/schema\/logo\/image\/"},"sameAs":["https:\/\/www.facebook.com\/eltextual","https:\/\/x.com\/eltextual","http:\/\/www.instagram.com\/eltextual"]},{"@type":"Person","@id":"https:\/\/diariotextual.com\/inicio\/#\/schema\/person\/c7834961ad8b29b1d9cdbf4571299067","name":"diario5","image":{"@type":"ImageObject","inLanguage":"es","@id":"https:\/\/secure.gravatar.com\/avatar\/948c893b847ca6df68216ead81b63f363408ec9b0f600fefc0641ce78613b111?s=96&d=mm&r=g","url":"https:\/\/secure.gravatar.com\/avatar\/948c893b847ca6df68216ead81b63f363408ec9b0f600fefc0641ce78613b111?s=96&d=mm&r=g","contentUrl":"https:\/\/secure.gravatar.com\/avatar\/948c893b847ca6df68216ead81b63f363408ec9b0f600fefc0641ce78613b111?s=96&d=mm&r=g","caption":"diario5"},"url":"https:\/\/diariotextual.com\/inicio\/index.php\/author\/diario5\/"}]}},"_links":{"self":[{"href":"https:\/\/diariotextual.com\/inicio\/index.php\/wp-json\/wp\/v2\/posts\/237429","targetHints":{"allow":["GET"]}}],"collection":[{"href":"https:\/\/diariotextual.com\/inicio\/index.php\/wp-json\/wp\/v2\/posts"}],"about":[{"href":"https:\/\/diariotextual.com\/inicio\/index.php\/wp-json\/wp\/v2\/types\/post"}],"author":[{"embeddable":true,"href":"https:\/\/diariotextual.com\/inicio\/index.php\/wp-json\/wp\/v2\/users\/7"}],"replies":[{"embeddable":true,"href":"https:\/\/diariotextual.com\/inicio\/index.php\/wp-json\/wp\/v2\/comments?post=237429"}],"version-history":[{"count":3,"href":"https:\/\/diariotextual.com\/inicio\/index.php\/wp-json\/wp\/v2\/posts\/237429\/revisions"}],"predecessor-version":[{"id":237436,"href":"https:\/\/diariotextual.com\/inicio\/index.php\/wp-json\/wp\/v2\/posts\/237429\/revisions\/237436"}],"wp:featuredmedia":[{"embeddable":true,"href":"https:\/\/diariotextual.com\/inicio\/index.php\/wp-json\/wp\/v2\/media\/132493"}],"wp:attachment":[{"href":"https:\/\/diariotextual.com\/inicio\/index.php\/wp-json\/wp\/v2\/media?parent=237429"}],"wp:term":[{"taxonomy":"category","embeddable":true,"href":"https:\/\/diariotextual.com\/inicio\/index.php\/wp-json\/wp\/v2\/categories?post=237429"},{"taxonomy":"post_tag","embeddable":true,"href":"https:\/\/diariotextual.com\/inicio\/index.php\/wp-json\/wp\/v2\/tags?post=237429"}],"curies":[{"name":"wp","href":"https:\/\/api.w.org\/{rel}","templated":true}]}}