{"id":237575,"date":"2023-09-16T20:53:37","date_gmt":"2023-09-16T23:53:37","guid":{"rendered":"https:\/\/diariotextual.com\/inicio\/?p=237575"},"modified":"2023-09-21T10:14:39","modified_gmt":"2023-09-21T13:14:39","slug":"inesperado-volvio-el-aguara-guazu-a-la-pampa","status":"publish","type":"post","link":"https:\/\/diariotextual.com\/inicio\/index.php\/2023\/09\/16\/inesperado-volvio-el-aguara-guazu-a-la-pampa\/","title":{"rendered":"Inesperado: despu\u00e9s de 200 a\u00f1os volvi\u00f3 el aguar\u00e1 guaz\u00fa a La Pampa"},"content":{"rendered":"\n<p>Un ejemplar de <strong>aguar\u00e1 guaz\u00fa<\/strong> fue observado recientemente en el noreste de La Pampa, lo que da cuenta de un incipiente regreso de la especie despu\u00e9s de 200 a\u00f1os.<\/p>\n\n\n\n<p>El Museo Provincial de Historia Natural (MPHN) comparti\u00f3 en las redes sociales un video donde se observa el animal y pidi\u00f3 a la poblaci\u00f3n en general y particularmente a aquellas personas que trabajan en el campo, que <strong>si lo ven simplemente lo observen<\/strong> porque se trata de una especie \u201cvulnerable y amenazada a nivel internacional\u201d.<\/p>\n\n\n\n<p>\u201cDesde hace unos meses sabemos por nuestros amigos naturalistas sobre la observaci\u00f3n de un ejemplar de Aguar\u00e1 guaz\u00fa en el Noreste de nuestra provincia. Esto es sin lugar a dudas una gran noticia porque da cuenta de un incipiente regreso de la especie despu\u00e9s de 200 a\u00f1os. Sus fotos y videos circulan por WhatsApp desde mayo cuando se inform\u00f3 el primer registro, as\u00ed como tambi\u00e9n el video que compartimos registrado el 31 de agosto. Nos hemos puesto en contacto con las autoridades competentes, la&nbsp;Direcci\u00f3n de Recursos Naturales Y ambiente de La Pampa, quienes est\u00e1n al tanto de la situaci\u00f3n y hemos decidido dar a conocer la noticia con el objeto de evitar consecuencias indeseadas\u201d, inform\u00f3 el MPHN.<br><br>\u201cPor tal motivo -reclam\u00f3- <strong>solicitamos a la poblaci\u00f3n en general y particularmente a aquellas personas que trabajan en el campo, que si lo ven, simplemente lo observen porque es una especie vulnerable seg\u00fan la \u00faltima categorizaci\u00f3n nacional del a\u00f1o 2019 y considerado casi amenazado a nivel internacional\u201d. <\/strong><\/p>\n\n\n\n<div style=\"height:100px\" aria-hidden=\"true\" class=\"wp-block-spacer\"><\/div>\n\n\n\n<iframe src=\"https:\/\/www.facebook.com\/plugins\/video.php?height=476&#038;href=https%3A%2F%2Fwww.facebook.com%2Feltextual%2Fvideos%2F3092359051073103%2F&#038;show_text=false&#038;width=267&#038;t=0\" width=\"267\" height=\"476\" style=\"border:none;overflow:hidden\" scrolling=\"no\" frameborder=\"0\" allowfullscreen=\"true\" allow=\"autoplay; clipboard-write; encrypted-media; picture-in-picture; web-share\" allowFullScreen=\"true\"><\/iframe>\n\n\n\n<div style=\"height:100px\" aria-hidden=\"true\" class=\"wp-block-spacer\"><\/div>\n\n\n\n<p>\u201cEs importante que dejemos que la naturaleza haga lo que sabe hacer, as\u00ed como el aguar\u00e1 guaz\u00fa sabe que \u00e9sta es tambi\u00e9n su tierra\u201d, plante\u00f3.<br><br>La presencia del Aguar\u00e1 guaz\u00fa en la actual provincia de La Pampa y zonas lim\u00edtrofes ha sido registrada durante siglo XIX. En 1806 Luis de la Cruz se vali\u00f3 de las descripciones del Cacique Manquel y su esposa Puelmanc en la ribera del r\u00edo Chadileuv\u00fa, muy cerquita del arroyo Potrol y Limay Mahuida para registrarlo en su diario de viaje con el nombre ind\u00edgena de Oop. M\u00e1s adelante, en 1881, Doering menciona la presencia del aguar\u00e1 guaz\u00fa entre las especies de mam\u00edferos presentes en la ribera de los r\u00edos Coli y K\u00fcrr\u00fc leuv\u00fa (Colorado y Negro). En 1.923, don Quintino Toledo deja su testimonio del Aguar\u00e1 guaz\u00fa por el Sur de San Luis en un trabajo publicado en 1.961. Asimismo, Vignati (1.938) da cuenta del nombre Huelqu\u00e9n con el que los Tehuelche nombraban al animal y el top\u00f3nimo del r\u00edo Quequ\u00e9n. Su presencia en nuestra provincia est\u00e1 relacionada con el agua, los r\u00edos, las lagunas, los humedales y los pastizales naturales.<\/p>\n\n\n\n<p><br><\/p>\n","protected":false},"excerpt":{"rendered":"<p>Un ejemplar de aguar\u00e1 guaz\u00fa fue observado recientemente en el noreste de La Pampa, lo que da cuenta de un incipiente regreso de la especie despu\u00e9s de 200 a\u00f1os. El&hellip;<\/p>\n","protected":false},"author":4,"featured_media":208632,"comment_status":"closed","ping_status":"open","sticky":false,"template":"","format":"standard","meta":{"_acf_changed":false,"footnotes":""},"categories":[11,12],"tags":[],"class_list":["post-237575","post","type-post","status-publish","format-standard","has-post-thumbnail","hentry","category-que-pasa","category-sociedad"],"acf":[],"yoast_head":"<!-- This site is optimized with the Yoast SEO plugin v27.5 - https:\/\/yoast.com\/product\/yoast-seo-wordpress\/ -->\n<title>Inesperado: despu\u00e9s de 200 a\u00f1os volvi\u00f3 el aguar\u00e1 guaz\u00fa a La Pampa - Diario Textual<\/title>\n<meta name=\"robots\" content=\"index, follow, max-snippet:-1, max-image-preview:large, max-video-preview:-1\" \/>\n<link rel=\"canonical\" href=\"https:\/\/diariotextual.com\/inicio\/index.php\/2023\/09\/16\/inesperado-volvio-el-aguara-guazu-a-la-pampa\/\" \/>\n<meta property=\"og:locale\" content=\"es_ES\" \/>\n<meta property=\"og:type\" content=\"article\" \/>\n<meta property=\"og:title\" content=\"Inesperado: despu\u00e9s de 200 a\u00f1os volvi\u00f3 el aguar\u00e1 guaz\u00fa a La Pampa - Diario Textual\" \/>\n<meta property=\"og:description\" content=\"Un ejemplar de aguar\u00e1 guaz\u00fa fue observado recientemente en el noreste de La Pampa, lo que da cuenta de un incipiente regreso de la especie despu\u00e9s de 200 a\u00f1os. El&hellip;\" \/>\n<meta property=\"og:url\" content=\"https:\/\/diariotextual.com\/inicio\/index.php\/2023\/09\/16\/inesperado-volvio-el-aguara-guazu-a-la-pampa\/\" \/>\n<meta property=\"og:site_name\" content=\"Diario Textual\" \/>\n<meta property=\"article:publisher\" content=\"https:\/\/www.facebook.com\/eltextual\" \/>\n<meta property=\"article:published_time\" content=\"2023-09-16T23:53:37+00:00\" \/>\n<meta property=\"article:modified_time\" content=\"2023-09-21T13:14:39+00:00\" \/>\n<meta property=\"og:image\" content=\"https:\/\/diariotextual.com\/inicio\/wp-content\/uploads\/2022\/11\/aguaraguazu2022-1.jpg\" \/>\n\t<meta property=\"og:image:width\" content=\"1200\" \/>\n\t<meta property=\"og:image:height\" content=\"675\" \/>\n\t<meta property=\"og:image:type\" content=\"image\/jpeg\" \/>\n<meta name=\"author\" content=\"diario2\" \/>\n<meta name=\"twitter:card\" content=\"summary_large_image\" \/>\n<meta name=\"twitter:creator\" content=\"@eltextual\" \/>\n<meta name=\"twitter:site\" content=\"@eltextual\" \/>\n<meta name=\"twitter:label1\" content=\"Escrito por\" \/>\n\t<meta name=\"twitter:data1\" content=\"diario2\" \/>\n\t<meta name=\"twitter:label2\" content=\"Tiempo de lectura\" \/>\n\t<meta name=\"twitter:data2\" content=\"2 minutos\" \/>\n<script type=\"application\/ld+json\" class=\"yoast-schema-graph\">{\"@context\":\"https:\\\/\\\/schema.org\",\"@graph\":[{\"@type\":\"Article\",\"@id\":\"https:\\\/\\\/diariotextual.com\\\/inicio\\\/index.php\\\/2023\\\/09\\\/16\\\/inesperado-volvio-el-aguara-guazu-a-la-pampa\\\/#article\",\"isPartOf\":{\"@id\":\"https:\\\/\\\/diariotextual.com\\\/inicio\\\/index.php\\\/2023\\\/09\\\/16\\\/inesperado-volvio-el-aguara-guazu-a-la-pampa\\\/\"},\"author\":{\"name\":\"diario2\",\"@id\":\"https:\\\/\\\/diariotextual.com\\\/inicio\\\/#\\\/schema\\\/person\\\/694f60677f23c4a530867a98f22b3768\"},\"headline\":\"Inesperado: despu\u00e9s de 200 a\u00f1os volvi\u00f3 el aguar\u00e1 guaz\u00fa a La Pampa\",\"datePublished\":\"2023-09-16T23:53:37+00:00\",\"dateModified\":\"2023-09-21T13:14:39+00:00\",\"mainEntityOfPage\":{\"@id\":\"https:\\\/\\\/diariotextual.com\\\/inicio\\\/index.php\\\/2023\\\/09\\\/16\\\/inesperado-volvio-el-aguara-guazu-a-la-pampa\\\/\"},\"wordCount\":468,\"publisher\":{\"@id\":\"https:\\\/\\\/diariotextual.com\\\/inicio\\\/#organization\"},\"image\":{\"@id\":\"https:\\\/\\\/diariotextual.com\\\/inicio\\\/index.php\\\/2023\\\/09\\\/16\\\/inesperado-volvio-el-aguara-guazu-a-la-pampa\\\/#primaryimage\"},\"thumbnailUrl\":\"https:\\\/\\\/diariotextual.com\\\/inicio\\\/wp-content\\\/uploads\\\/2022\\\/11\\\/aguaraguazu2022-1.jpg\",\"articleSection\":[\"A - QUE PASA (al costado)\",\"SOCIEDAD\"],\"inLanguage\":\"es\"},{\"@type\":\"WebPage\",\"@id\":\"https:\\\/\\\/diariotextual.com\\\/inicio\\\/index.php\\\/2023\\\/09\\\/16\\\/inesperado-volvio-el-aguara-guazu-a-la-pampa\\\/\",\"url\":\"https:\\\/\\\/diariotextual.com\\\/inicio\\\/index.php\\\/2023\\\/09\\\/16\\\/inesperado-volvio-el-aguara-guazu-a-la-pampa\\\/\",\"name\":\"Inesperado: despu\u00e9s de 200 a\u00f1os volvi\u00f3 el aguar\u00e1 guaz\u00fa a La Pampa - Diario Textual\",\"isPartOf\":{\"@id\":\"https:\\\/\\\/diariotextual.com\\\/inicio\\\/#website\"},\"primaryImageOfPage\":{\"@id\":\"https:\\\/\\\/diariotextual.com\\\/inicio\\\/index.php\\\/2023\\\/09\\\/16\\\/inesperado-volvio-el-aguara-guazu-a-la-pampa\\\/#primaryimage\"},\"image\":{\"@id\":\"https:\\\/\\\/diariotextual.com\\\/inicio\\\/index.php\\\/2023\\\/09\\\/16\\\/inesperado-volvio-el-aguara-guazu-a-la-pampa\\\/#primaryimage\"},\"thumbnailUrl\":\"https:\\\/\\\/diariotextual.com\\\/inicio\\\/wp-content\\\/uploads\\\/2022\\\/11\\\/aguaraguazu2022-1.jpg\",\"datePublished\":\"2023-09-16T23:53:37+00:00\",\"dateModified\":\"2023-09-21T13:14:39+00:00\",\"breadcrumb\":{\"@id\":\"https:\\\/\\\/diariotextual.com\\\/inicio\\\/index.php\\\/2023\\\/09\\\/16\\\/inesperado-volvio-el-aguara-guazu-a-la-pampa\\\/#breadcrumb\"},\"inLanguage\":\"es\",\"potentialAction\":[{\"@type\":\"ReadAction\",\"target\":[\"https:\\\/\\\/diariotextual.com\\\/inicio\\\/index.php\\\/2023\\\/09\\\/16\\\/inesperado-volvio-el-aguara-guazu-a-la-pampa\\\/\"]}]},{\"@type\":\"ImageObject\",\"inLanguage\":\"es\",\"@id\":\"https:\\\/\\\/diariotextual.com\\\/inicio\\\/index.php\\\/2023\\\/09\\\/16\\\/inesperado-volvio-el-aguara-guazu-a-la-pampa\\\/#primaryimage\",\"url\":\"https:\\\/\\\/diariotextual.com\\\/inicio\\\/wp-content\\\/uploads\\\/2022\\\/11\\\/aguaraguazu2022-1.jpg\",\"contentUrl\":\"https:\\\/\\\/diariotextual.com\\\/inicio\\\/wp-content\\\/uploads\\\/2022\\\/11\\\/aguaraguazu2022-1.jpg\",\"width\":1200,\"height\":675},{\"@type\":\"BreadcrumbList\",\"@id\":\"https:\\\/\\\/diariotextual.com\\\/inicio\\\/index.php\\\/2023\\\/09\\\/16\\\/inesperado-volvio-el-aguara-guazu-a-la-pampa\\\/#breadcrumb\",\"itemListElement\":[{\"@type\":\"ListItem\",\"position\":1,\"name\":\"Portada\",\"item\":\"https:\\\/\\\/diariotextual.com\\\/inicio\\\/\"},{\"@type\":\"ListItem\",\"position\":2,\"name\":\"Inesperado: despu\u00e9s de 200 a\u00f1os volvi\u00f3 el aguar\u00e1 guaz\u00fa a La Pampa\"}]},{\"@type\":\"WebSite\",\"@id\":\"https:\\\/\\\/diariotextual.com\\\/inicio\\\/#website\",\"url\":\"https:\\\/\\\/diariotextual.com\\\/inicio\\\/\",\"name\":\"Diario Textual\",\"description\":\"\",\"publisher\":{\"@id\":\"https:\\\/\\\/diariotextual.com\\\/inicio\\\/#organization\"},\"potentialAction\":[{\"@type\":\"SearchAction\",\"target\":{\"@type\":\"EntryPoint\",\"urlTemplate\":\"https:\\\/\\\/diariotextual.com\\\/inicio\\\/?s={search_term_string}\"},\"query-input\":{\"@type\":\"PropertyValueSpecification\",\"valueRequired\":true,\"valueName\":\"search_term_string\"}}],\"inLanguage\":\"es\"},{\"@type\":\"Organization\",\"@id\":\"https:\\\/\\\/diariotextual.com\\\/inicio\\\/#organization\",\"name\":\"Diario Textual\",\"url\":\"https:\\\/\\\/diariotextual.com\\\/inicio\\\/\",\"logo\":{\"@type\":\"ImageObject\",\"inLanguage\":\"es\",\"@id\":\"https:\\\/\\\/diariotextual.com\\\/inicio\\\/#\\\/schema\\\/logo\\\/image\\\/\",\"url\":\"https:\\\/\\\/diariotextual.com\\\/inicio\\\/wp-content\\\/uploads\\\/2023\\\/05\\\/logotextual1.jpg\",\"contentUrl\":\"https:\\\/\\\/diariotextual.com\\\/inicio\\\/wp-content\\\/uploads\\\/2023\\\/05\\\/logotextual1.jpg\",\"width\":516,\"height\":76,\"caption\":\"Diario Textual\"},\"image\":{\"@id\":\"https:\\\/\\\/diariotextual.com\\\/inicio\\\/#\\\/schema\\\/logo\\\/image\\\/\"},\"sameAs\":[\"https:\\\/\\\/www.facebook.com\\\/eltextual\",\"https:\\\/\\\/x.com\\\/eltextual\",\"http:\\\/\\\/www.instagram.com\\\/eltextual\"]},{\"@type\":\"Person\",\"@id\":\"https:\\\/\\\/diariotextual.com\\\/inicio\\\/#\\\/schema\\\/person\\\/694f60677f23c4a530867a98f22b3768\",\"name\":\"diario2\",\"image\":{\"@type\":\"ImageObject\",\"inLanguage\":\"es\",\"@id\":\"https:\\\/\\\/secure.gravatar.com\\\/avatar\\\/5a2567495ba16b852fcd8f1ed006a2e24fcace936018ed8237e95f488ad6e0a7?s=96&d=mm&r=g\",\"url\":\"https:\\\/\\\/secure.gravatar.com\\\/avatar\\\/5a2567495ba16b852fcd8f1ed006a2e24fcace936018ed8237e95f488ad6e0a7?s=96&d=mm&r=g\",\"contentUrl\":\"https:\\\/\\\/secure.gravatar.com\\\/avatar\\\/5a2567495ba16b852fcd8f1ed006a2e24fcace936018ed8237e95f488ad6e0a7?s=96&d=mm&r=g\",\"caption\":\"diario2\"},\"url\":\"https:\\\/\\\/diariotextual.com\\\/inicio\\\/index.php\\\/author\\\/diario2\\\/\"}]}<\/script>\n<!-- \/ Yoast SEO plugin. -->","yoast_head_json":{"title":"Inesperado: despu\u00e9s de 200 a\u00f1os volvi\u00f3 el aguar\u00e1 guaz\u00fa a La Pampa - Diario Textual","robots":{"index":"index","follow":"follow","max-snippet":"max-snippet:-1","max-image-preview":"max-image-preview:large","max-video-preview":"max-video-preview:-1"},"canonical":"https:\/\/diariotextual.com\/inicio\/index.php\/2023\/09\/16\/inesperado-volvio-el-aguara-guazu-a-la-pampa\/","og_locale":"es_ES","og_type":"article","og_title":"Inesperado: despu\u00e9s de 200 a\u00f1os volvi\u00f3 el aguar\u00e1 guaz\u00fa a La Pampa - Diario Textual","og_description":"Un ejemplar de aguar\u00e1 guaz\u00fa fue observado recientemente en el noreste de La Pampa, lo que da cuenta de un incipiente regreso de la especie despu\u00e9s de 200 a\u00f1os. El&hellip;","og_url":"https:\/\/diariotextual.com\/inicio\/index.php\/2023\/09\/16\/inesperado-volvio-el-aguara-guazu-a-la-pampa\/","og_site_name":"Diario Textual","article_publisher":"https:\/\/www.facebook.com\/eltextual","article_published_time":"2023-09-16T23:53:37+00:00","article_modified_time":"2023-09-21T13:14:39+00:00","og_image":[{"width":1200,"height":675,"url":"https:\/\/diariotextual.com\/inicio\/wp-content\/uploads\/2022\/11\/aguaraguazu2022-1.jpg","type":"image\/jpeg"}],"author":"diario2","twitter_card":"summary_large_image","twitter_creator":"@eltextual","twitter_site":"@eltextual","twitter_misc":{"Escrito por":"diario2","Tiempo de lectura":"2 minutos"},"schema":{"@context":"https:\/\/schema.org","@graph":[{"@type":"Article","@id":"https:\/\/diariotextual.com\/inicio\/index.php\/2023\/09\/16\/inesperado-volvio-el-aguara-guazu-a-la-pampa\/#article","isPartOf":{"@id":"https:\/\/diariotextual.com\/inicio\/index.php\/2023\/09\/16\/inesperado-volvio-el-aguara-guazu-a-la-pampa\/"},"author":{"name":"diario2","@id":"https:\/\/diariotextual.com\/inicio\/#\/schema\/person\/694f60677f23c4a530867a98f22b3768"},"headline":"Inesperado: despu\u00e9s de 200 a\u00f1os volvi\u00f3 el aguar\u00e1 guaz\u00fa a La Pampa","datePublished":"2023-09-16T23:53:37+00:00","dateModified":"2023-09-21T13:14:39+00:00","mainEntityOfPage":{"@id":"https:\/\/diariotextual.com\/inicio\/index.php\/2023\/09\/16\/inesperado-volvio-el-aguara-guazu-a-la-pampa\/"},"wordCount":468,"publisher":{"@id":"https:\/\/diariotextual.com\/inicio\/#organization"},"image":{"@id":"https:\/\/diariotextual.com\/inicio\/index.php\/2023\/09\/16\/inesperado-volvio-el-aguara-guazu-a-la-pampa\/#primaryimage"},"thumbnailUrl":"https:\/\/diariotextual.com\/inicio\/wp-content\/uploads\/2022\/11\/aguaraguazu2022-1.jpg","articleSection":["A - QUE PASA (al costado)","SOCIEDAD"],"inLanguage":"es"},{"@type":"WebPage","@id":"https:\/\/diariotextual.com\/inicio\/index.php\/2023\/09\/16\/inesperado-volvio-el-aguara-guazu-a-la-pampa\/","url":"https:\/\/diariotextual.com\/inicio\/index.php\/2023\/09\/16\/inesperado-volvio-el-aguara-guazu-a-la-pampa\/","name":"Inesperado: despu\u00e9s de 200 a\u00f1os volvi\u00f3 el aguar\u00e1 guaz\u00fa a La Pampa - Diario Textual","isPartOf":{"@id":"https:\/\/diariotextual.com\/inicio\/#website"},"primaryImageOfPage":{"@id":"https:\/\/diariotextual.com\/inicio\/index.php\/2023\/09\/16\/inesperado-volvio-el-aguara-guazu-a-la-pampa\/#primaryimage"},"image":{"@id":"https:\/\/diariotextual.com\/inicio\/index.php\/2023\/09\/16\/inesperado-volvio-el-aguara-guazu-a-la-pampa\/#primaryimage"},"thumbnailUrl":"https:\/\/diariotextual.com\/inicio\/wp-content\/uploads\/2022\/11\/aguaraguazu2022-1.jpg","datePublished":"2023-09-16T23:53:37+00:00","dateModified":"2023-09-21T13:14:39+00:00","breadcrumb":{"@id":"https:\/\/diariotextual.com\/inicio\/index.php\/2023\/09\/16\/inesperado-volvio-el-aguara-guazu-a-la-pampa\/#breadcrumb"},"inLanguage":"es","potentialAction":[{"@type":"ReadAction","target":["https:\/\/diariotextual.com\/inicio\/index.php\/2023\/09\/16\/inesperado-volvio-el-aguara-guazu-a-la-pampa\/"]}]},{"@type":"ImageObject","inLanguage":"es","@id":"https:\/\/diariotextual.com\/inicio\/index.php\/2023\/09\/16\/inesperado-volvio-el-aguara-guazu-a-la-pampa\/#primaryimage","url":"https:\/\/diariotextual.com\/inicio\/wp-content\/uploads\/2022\/11\/aguaraguazu2022-1.jpg","contentUrl":"https:\/\/diariotextual.com\/inicio\/wp-content\/uploads\/2022\/11\/aguaraguazu2022-1.jpg","width":1200,"height":675},{"@type":"BreadcrumbList","@id":"https:\/\/diariotextual.com\/inicio\/index.php\/2023\/09\/16\/inesperado-volvio-el-aguara-guazu-a-la-pampa\/#breadcrumb","itemListElement":[{"@type":"ListItem","position":1,"name":"Portada","item":"https:\/\/diariotextual.com\/inicio\/"},{"@type":"ListItem","position":2,"name":"Inesperado: despu\u00e9s de 200 a\u00f1os volvi\u00f3 el aguar\u00e1 guaz\u00fa a La Pampa"}]},{"@type":"WebSite","@id":"https:\/\/diariotextual.com\/inicio\/#website","url":"https:\/\/diariotextual.com\/inicio\/","name":"Diario Textual","description":"","publisher":{"@id":"https:\/\/diariotextual.com\/inicio\/#organization"},"potentialAction":[{"@type":"SearchAction","target":{"@type":"EntryPoint","urlTemplate":"https:\/\/diariotextual.com\/inicio\/?s={search_term_string}"},"query-input":{"@type":"PropertyValueSpecification","valueRequired":true,"valueName":"search_term_string"}}],"inLanguage":"es"},{"@type":"Organization","@id":"https:\/\/diariotextual.com\/inicio\/#organization","name":"Diario Textual","url":"https:\/\/diariotextual.com\/inicio\/","logo":{"@type":"ImageObject","inLanguage":"es","@id":"https:\/\/diariotextual.com\/inicio\/#\/schema\/logo\/image\/","url":"https:\/\/diariotextual.com\/inicio\/wp-content\/uploads\/2023\/05\/logotextual1.jpg","contentUrl":"https:\/\/diariotextual.com\/inicio\/wp-content\/uploads\/2023\/05\/logotextual1.jpg","width":516,"height":76,"caption":"Diario Textual"},"image":{"@id":"https:\/\/diariotextual.com\/inicio\/#\/schema\/logo\/image\/"},"sameAs":["https:\/\/www.facebook.com\/eltextual","https:\/\/x.com\/eltextual","http:\/\/www.instagram.com\/eltextual"]},{"@type":"Person","@id":"https:\/\/diariotextual.com\/inicio\/#\/schema\/person\/694f60677f23c4a530867a98f22b3768","name":"diario2","image":{"@type":"ImageObject","inLanguage":"es","@id":"https:\/\/secure.gravatar.com\/avatar\/5a2567495ba16b852fcd8f1ed006a2e24fcace936018ed8237e95f488ad6e0a7?s=96&d=mm&r=g","url":"https:\/\/secure.gravatar.com\/avatar\/5a2567495ba16b852fcd8f1ed006a2e24fcace936018ed8237e95f488ad6e0a7?s=96&d=mm&r=g","contentUrl":"https:\/\/secure.gravatar.com\/avatar\/5a2567495ba16b852fcd8f1ed006a2e24fcace936018ed8237e95f488ad6e0a7?s=96&d=mm&r=g","caption":"diario2"},"url":"https:\/\/diariotextual.com\/inicio\/index.php\/author\/diario2\/"}]}},"_links":{"self":[{"href":"https:\/\/diariotextual.com\/inicio\/index.php\/wp-json\/wp\/v2\/posts\/237575","targetHints":{"allow":["GET"]}}],"collection":[{"href":"https:\/\/diariotextual.com\/inicio\/index.php\/wp-json\/wp\/v2\/posts"}],"about":[{"href":"https:\/\/diariotextual.com\/inicio\/index.php\/wp-json\/wp\/v2\/types\/post"}],"author":[{"embeddable":true,"href":"https:\/\/diariotextual.com\/inicio\/index.php\/wp-json\/wp\/v2\/users\/4"}],"replies":[{"embeddable":true,"href":"https:\/\/diariotextual.com\/inicio\/index.php\/wp-json\/wp\/v2\/comments?post=237575"}],"version-history":[{"count":7,"href":"https:\/\/diariotextual.com\/inicio\/index.php\/wp-json\/wp\/v2\/posts\/237575\/revisions"}],"predecessor-version":[{"id":238184,"href":"https:\/\/diariotextual.com\/inicio\/index.php\/wp-json\/wp\/v2\/posts\/237575\/revisions\/238184"}],"wp:featuredmedia":[{"embeddable":true,"href":"https:\/\/diariotextual.com\/inicio\/index.php\/wp-json\/wp\/v2\/media\/208632"}],"wp:attachment":[{"href":"https:\/\/diariotextual.com\/inicio\/index.php\/wp-json\/wp\/v2\/media?parent=237575"}],"wp:term":[{"taxonomy":"category","embeddable":true,"href":"https:\/\/diariotextual.com\/inicio\/index.php\/wp-json\/wp\/v2\/categories?post=237575"},{"taxonomy":"post_tag","embeddable":true,"href":"https:\/\/diariotextual.com\/inicio\/index.php\/wp-json\/wp\/v2\/tags?post=237575"}],"curies":[{"name":"wp","href":"https:\/\/api.w.org\/{rel}","templated":true}]}}