{"id":237857,"date":"2023-09-19T09:58:23","date_gmt":"2023-09-19T12:58:23","guid":{"rendered":"https:\/\/diariotextual.com\/inicio\/?p=237857"},"modified":"2023-09-19T12:23:42","modified_gmt":"2023-09-19T15:23:42","slug":"1-expo-dinamica-propuestas-de-innovacion-vanguardia-y-tecnologia-en-la-pampa","status":"publish","type":"post","link":"https:\/\/diariotextual.com\/inicio\/index.php\/2023\/09\/19\/1-expo-dinamica-propuestas-de-innovacion-vanguardia-y-tecnologia-en-la-pampa\/","title":{"rendered":"1\u00b0 Expo Din\u00e1mica: propuestas de Innovaci\u00f3n, vanguardia y tecnolog\u00eda en La Pampa"},"content":{"rendered":"\n<p><em><strong>La Facultad de Agronom\u00eda de la Universidad Nacional de La Pampa anunci\u00f3 las actividades e innovaciones de las m\u00e1s de 60 empresas que participar\u00e1n de la <a href=\"https:\/\/expodinamica.com.ar\/\">1\u00b0 Expo Din\u00e1mica<\/a>, que se desarrollar\u00e1 los d\u00edas 3 y 4 de octubre.<\/strong><\/em><\/p>\n\n\n\n<p><br>En la <strong><a href=\"https:\/\/expodinamica.com.ar\/\">muestra<\/a><\/strong> presentar\u00e1n productos destacados y avances tecnol\u00f3gicos empresas de maquinaria, software, tecnolog\u00eda aplicada al agro, implementos agr\u00edcolas, entre otras, e instituciones del medio. En cada stand de 20 x 110 metros se pondr\u00e1n en marcha los motores, calibrar\u00e1n las m\u00e1quinas y se podr\u00e1 ver de primera mano los usos y aplicaciones de grandes maquinarias juntas en un mismo lugar. Tambi\u00e9n habr\u00e1 un espacio destinado a la din\u00e1mica de maquinarias con m\u00e1s de 20 metros de labor.<\/p>\n\n\n\n<p><br>En simult\u00e1neo est\u00e1 previsto que en una carpa auditorio cada empresa comparta informaci\u00f3n actualizada en la voz de renombrados oradores adem\u00e1s de dos paneles de discusi\u00f3n. El primero se realizar\u00e1 durante la jornada inaugural a las 11 y a las 15 horas y ser\u00e1 sobre \u201cInnovaci\u00f3n y Tecnolog\u00eda\u201d: la empresa Arbit, incubada de CITIA, disertar\u00e1 sobre banderilleros satelitales; la empresa Albor sobre software de gesti\u00f3n; y FlyAg explicar\u00e1 la iniciaci\u00f3n en el manejo de drones. Se presentar\u00e1 tambi\u00e9n la plataforma \u201cInfraestructura de Datos Espaciales de la provincia de La Pampa (ILDELP)\u201d.<\/p>\n\n\n\n<p><br>Durante la segunda jornada a las 12 del mediod\u00eda se realizar\u00e1 el panel de \u201cEconom\u00eda y perspectiva de la campa\u00f1a gruesa\u201d. Abrir\u00e1e la propuesta Iv\u00e1n Ullman sobre \u201cCoyuntura econ\u00f3mica y mercados\u201d; desde la Bolsa de Cereales de Bah\u00eda Blanca disertar\u00e1n sobre \u201cEstimaciones de datos de campa\u00f1a\u201d; y Natalia Gattinoni hablar\u00e1 sobre la \u201cPerspectiva clim\u00e1tica\u201d.<\/p>\n\n\n\n<p><br>En tanto, la semana pasada<strong> el equipo del Banco de La Pampa y del Ministerio de la Producci\u00f3n presentaron el convenio de complementaci\u00f3n comercial exclusivo para las operaciones que se realicen en la 1\u00b0 Expo Din\u00e1mica.<\/strong> Es una tasa fija del 83% a 24 meses, monto m\u00e1ximo de 50 millones por solicitante. Tambi\u00e9n se podr\u00e1 acceder a la l\u00ednea tradicional de Compre Pampeano.<br><\/p>\n\n\n\n<p>\u201cEsta tasa diferencial y todo el aporte del Gobierno Provincial y en particular del Ministerio de la Producci\u00f3n son claves para llevar adelante este tipo de eventos que potencian la industria agropecuaria de la regi\u00f3n\u201d, destac\u00f3 <strong>Eugenia Bertella<\/strong>, economista y organizadora de la 1\u00b0 Expo Din\u00e1mica.<\/p>\n\n\n\n<p><br>Por su parte, la decana de la Facultad de Agronom\u00eda, <strong>L\u00eda Molas<\/strong>, destac\u00f3 la exposici\u00f3n. \u201cLa universidad abre sus puertas para generar este nuevo punto de encuentro comercial y de todos los actores que forman parte del sector, para nuestros estudiantes es una oportunidad \u00fanica de poder estar cerca y conocer la maquinaria de vanguardia que es clave para su futura profesi\u00f3n\u201d, dijo.<\/p>\n\n\n\n<p><br>Se espera el acompa\u00f1amiento de las familias pampeanas y de la regi\u00f3n para disfrutar de un ambiente distendido, la m\u00fasica local y patio de comida con entrada libre y gratuita.<br><\/p>\n\n\n\n<p><\/p>\n","protected":false},"excerpt":{"rendered":"<p>La Facultad de Agronom\u00eda de la Universidad Nacional de La Pampa anunci\u00f3 las actividades e innovaciones de las m\u00e1s de 60 empresas que participar\u00e1n de la 1\u00b0 Expo Din\u00e1mica, que&hellip;<\/p>\n","protected":false},"author":3,"featured_media":237858,"comment_status":"closed","ping_status":"open","sticky":false,"template":"","format":"standard","meta":{"_acf_changed":false,"footnotes":""},"categories":[1,11,20],"tags":[],"class_list":["post-237857","post","type-post","status-publish","format-standard","has-post-thumbnail","hentry","category-es-noticia","category-que-pasa","category-campo"],"acf":[],"yoast_head":"<!-- This site is optimized with the Yoast SEO plugin v27.5 - https:\/\/yoast.com\/product\/yoast-seo-wordpress\/ -->\n<title>1\u00b0 Expo Din\u00e1mica: propuestas de Innovaci\u00f3n, vanguardia y tecnolog\u00eda en La Pampa - Diario Textual<\/title>\n<meta name=\"robots\" content=\"index, follow, max-snippet:-1, max-image-preview:large, max-video-preview:-1\" \/>\n<link rel=\"canonical\" href=\"https:\/\/diariotextual.com\/inicio\/index.php\/2023\/09\/19\/1-expo-dinamica-propuestas-de-innovacion-vanguardia-y-tecnologia-en-la-pampa\/\" \/>\n<meta property=\"og:locale\" content=\"es_ES\" \/>\n<meta property=\"og:type\" content=\"article\" \/>\n<meta property=\"og:title\" content=\"1\u00b0 Expo Din\u00e1mica: propuestas de Innovaci\u00f3n, vanguardia y tecnolog\u00eda en La Pampa - Diario Textual\" \/>\n<meta property=\"og:description\" content=\"La Facultad de Agronom\u00eda de la Universidad Nacional de La Pampa anunci\u00f3 las actividades e innovaciones de las m\u00e1s de 60 empresas que participar\u00e1n de la 1\u00b0 Expo Din\u00e1mica, que&hellip;\" \/>\n<meta property=\"og:url\" content=\"https:\/\/diariotextual.com\/inicio\/index.php\/2023\/09\/19\/1-expo-dinamica-propuestas-de-innovacion-vanguardia-y-tecnologia-en-la-pampa\/\" \/>\n<meta property=\"og:site_name\" content=\"Diario Textual\" \/>\n<meta property=\"article:publisher\" content=\"https:\/\/www.facebook.com\/eltextual\" \/>\n<meta property=\"article:published_time\" content=\"2023-09-19T12:58:23+00:00\" \/>\n<meta property=\"article:modified_time\" content=\"2023-09-19T15:23:42+00:00\" \/>\n<meta property=\"og:image\" content=\"https:\/\/diariotextual.com\/inicio\/wp-content\/uploads\/2023\/09\/expodinamica2023-1.jpeg\" \/>\n\t<meta property=\"og:image:width\" content=\"1024\" \/>\n\t<meta property=\"og:image:height\" content=\"478\" \/>\n\t<meta property=\"og:image:type\" content=\"image\/jpeg\" \/>\n<meta name=\"author\" content=\"Diario1 Diario1\" \/>\n<meta name=\"twitter:card\" content=\"summary_large_image\" \/>\n<meta name=\"twitter:creator\" content=\"@eltextual\" \/>\n<meta name=\"twitter:site\" content=\"@eltextual\" \/>\n<meta name=\"twitter:label1\" content=\"Escrito por\" \/>\n\t<meta name=\"twitter:data1\" content=\"Diario1 Diario1\" \/>\n\t<meta name=\"twitter:label2\" content=\"Tiempo de lectura\" \/>\n\t<meta name=\"twitter:data2\" content=\"3 minutos\" \/>\n<script type=\"application\/ld+json\" class=\"yoast-schema-graph\">{\"@context\":\"https:\\\/\\\/schema.org\",\"@graph\":[{\"@type\":\"Article\",\"@id\":\"https:\\\/\\\/diariotextual.com\\\/inicio\\\/index.php\\\/2023\\\/09\\\/19\\\/1-expo-dinamica-propuestas-de-innovacion-vanguardia-y-tecnologia-en-la-pampa\\\/#article\",\"isPartOf\":{\"@id\":\"https:\\\/\\\/diariotextual.com\\\/inicio\\\/index.php\\\/2023\\\/09\\\/19\\\/1-expo-dinamica-propuestas-de-innovacion-vanguardia-y-tecnologia-en-la-pampa\\\/\"},\"author\":{\"name\":\"Diario1 Diario1\",\"@id\":\"https:\\\/\\\/diariotextual.com\\\/inicio\\\/#\\\/schema\\\/person\\\/418fc4093c33e86ed41562db3508f958\"},\"headline\":\"1\u00b0 Expo Din\u00e1mica: propuestas de Innovaci\u00f3n, vanguardia y tecnolog\u00eda en La Pampa\",\"datePublished\":\"2023-09-19T12:58:23+00:00\",\"dateModified\":\"2023-09-19T15:23:42+00:00\",\"mainEntityOfPage\":{\"@id\":\"https:\\\/\\\/diariotextual.com\\\/inicio\\\/index.php\\\/2023\\\/09\\\/19\\\/1-expo-dinamica-propuestas-de-innovacion-vanguardia-y-tecnologia-en-la-pampa\\\/\"},\"wordCount\":513,\"publisher\":{\"@id\":\"https:\\\/\\\/diariotextual.com\\\/inicio\\\/#organization\"},\"image\":{\"@id\":\"https:\\\/\\\/diariotextual.com\\\/inicio\\\/index.php\\\/2023\\\/09\\\/19\\\/1-expo-dinamica-propuestas-de-innovacion-vanguardia-y-tecnologia-en-la-pampa\\\/#primaryimage\"},\"thumbnailUrl\":\"https:\\\/\\\/diariotextual.com\\\/inicio\\\/wp-content\\\/uploads\\\/2023\\\/09\\\/expodinamica2023-1.jpeg\",\"articleSection\":[\"A - ES NOTICIA (van abajo)\",\"A - QUE PASA (al costado)\",\"CAMPO\"],\"inLanguage\":\"es\"},{\"@type\":\"WebPage\",\"@id\":\"https:\\\/\\\/diariotextual.com\\\/inicio\\\/index.php\\\/2023\\\/09\\\/19\\\/1-expo-dinamica-propuestas-de-innovacion-vanguardia-y-tecnologia-en-la-pampa\\\/\",\"url\":\"https:\\\/\\\/diariotextual.com\\\/inicio\\\/index.php\\\/2023\\\/09\\\/19\\\/1-expo-dinamica-propuestas-de-innovacion-vanguardia-y-tecnologia-en-la-pampa\\\/\",\"name\":\"1\u00b0 Expo Din\u00e1mica: propuestas de Innovaci\u00f3n, vanguardia y tecnolog\u00eda en La Pampa - Diario Textual\",\"isPartOf\":{\"@id\":\"https:\\\/\\\/diariotextual.com\\\/inicio\\\/#website\"},\"primaryImageOfPage\":{\"@id\":\"https:\\\/\\\/diariotextual.com\\\/inicio\\\/index.php\\\/2023\\\/09\\\/19\\\/1-expo-dinamica-propuestas-de-innovacion-vanguardia-y-tecnologia-en-la-pampa\\\/#primaryimage\"},\"image\":{\"@id\":\"https:\\\/\\\/diariotextual.com\\\/inicio\\\/index.php\\\/2023\\\/09\\\/19\\\/1-expo-dinamica-propuestas-de-innovacion-vanguardia-y-tecnologia-en-la-pampa\\\/#primaryimage\"},\"thumbnailUrl\":\"https:\\\/\\\/diariotextual.com\\\/inicio\\\/wp-content\\\/uploads\\\/2023\\\/09\\\/expodinamica2023-1.jpeg\",\"datePublished\":\"2023-09-19T12:58:23+00:00\",\"dateModified\":\"2023-09-19T15:23:42+00:00\",\"breadcrumb\":{\"@id\":\"https:\\\/\\\/diariotextual.com\\\/inicio\\\/index.php\\\/2023\\\/09\\\/19\\\/1-expo-dinamica-propuestas-de-innovacion-vanguardia-y-tecnologia-en-la-pampa\\\/#breadcrumb\"},\"inLanguage\":\"es\",\"potentialAction\":[{\"@type\":\"ReadAction\",\"target\":[\"https:\\\/\\\/diariotextual.com\\\/inicio\\\/index.php\\\/2023\\\/09\\\/19\\\/1-expo-dinamica-propuestas-de-innovacion-vanguardia-y-tecnologia-en-la-pampa\\\/\"]}]},{\"@type\":\"ImageObject\",\"inLanguage\":\"es\",\"@id\":\"https:\\\/\\\/diariotextual.com\\\/inicio\\\/index.php\\\/2023\\\/09\\\/19\\\/1-expo-dinamica-propuestas-de-innovacion-vanguardia-y-tecnologia-en-la-pampa\\\/#primaryimage\",\"url\":\"https:\\\/\\\/diariotextual.com\\\/inicio\\\/wp-content\\\/uploads\\\/2023\\\/09\\\/expodinamica2023-1.jpeg\",\"contentUrl\":\"https:\\\/\\\/diariotextual.com\\\/inicio\\\/wp-content\\\/uploads\\\/2023\\\/09\\\/expodinamica2023-1.jpeg\",\"width\":1024,\"height\":478},{\"@type\":\"BreadcrumbList\",\"@id\":\"https:\\\/\\\/diariotextual.com\\\/inicio\\\/index.php\\\/2023\\\/09\\\/19\\\/1-expo-dinamica-propuestas-de-innovacion-vanguardia-y-tecnologia-en-la-pampa\\\/#breadcrumb\",\"itemListElement\":[{\"@type\":\"ListItem\",\"position\":1,\"name\":\"Portada\",\"item\":\"https:\\\/\\\/diariotextual.com\\\/inicio\\\/\"},{\"@type\":\"ListItem\",\"position\":2,\"name\":\"1\u00b0 Expo Din\u00e1mica: propuestas de Innovaci\u00f3n, vanguardia y tecnolog\u00eda en La Pampa\"}]},{\"@type\":\"WebSite\",\"@id\":\"https:\\\/\\\/diariotextual.com\\\/inicio\\\/#website\",\"url\":\"https:\\\/\\\/diariotextual.com\\\/inicio\\\/\",\"name\":\"Diario Textual\",\"description\":\"\",\"publisher\":{\"@id\":\"https:\\\/\\\/diariotextual.com\\\/inicio\\\/#organization\"},\"potentialAction\":[{\"@type\":\"SearchAction\",\"target\":{\"@type\":\"EntryPoint\",\"urlTemplate\":\"https:\\\/\\\/diariotextual.com\\\/inicio\\\/?s={search_term_string}\"},\"query-input\":{\"@type\":\"PropertyValueSpecification\",\"valueRequired\":true,\"valueName\":\"search_term_string\"}}],\"inLanguage\":\"es\"},{\"@type\":\"Organization\",\"@id\":\"https:\\\/\\\/diariotextual.com\\\/inicio\\\/#organization\",\"name\":\"Diario Textual\",\"url\":\"https:\\\/\\\/diariotextual.com\\\/inicio\\\/\",\"logo\":{\"@type\":\"ImageObject\",\"inLanguage\":\"es\",\"@id\":\"https:\\\/\\\/diariotextual.com\\\/inicio\\\/#\\\/schema\\\/logo\\\/image\\\/\",\"url\":\"https:\\\/\\\/diariotextual.com\\\/inicio\\\/wp-content\\\/uploads\\\/2023\\\/05\\\/logotextual1.jpg\",\"contentUrl\":\"https:\\\/\\\/diariotextual.com\\\/inicio\\\/wp-content\\\/uploads\\\/2023\\\/05\\\/logotextual1.jpg\",\"width\":516,\"height\":76,\"caption\":\"Diario Textual\"},\"image\":{\"@id\":\"https:\\\/\\\/diariotextual.com\\\/inicio\\\/#\\\/schema\\\/logo\\\/image\\\/\"},\"sameAs\":[\"https:\\\/\\\/www.facebook.com\\\/eltextual\",\"https:\\\/\\\/x.com\\\/eltextual\",\"http:\\\/\\\/www.instagram.com\\\/eltextual\"]},{\"@type\":\"Person\",\"@id\":\"https:\\\/\\\/diariotextual.com\\\/inicio\\\/#\\\/schema\\\/person\\\/418fc4093c33e86ed41562db3508f958\",\"name\":\"Diario1 Diario1\",\"image\":{\"@type\":\"ImageObject\",\"inLanguage\":\"es\",\"@id\":\"https:\\\/\\\/secure.gravatar.com\\\/avatar\\\/9167d280179c85bc18be67aa7eda765854300033af4896dd779b608640f2ef7a?s=96&d=mm&r=g\",\"url\":\"https:\\\/\\\/secure.gravatar.com\\\/avatar\\\/9167d280179c85bc18be67aa7eda765854300033af4896dd779b608640f2ef7a?s=96&d=mm&r=g\",\"contentUrl\":\"https:\\\/\\\/secure.gravatar.com\\\/avatar\\\/9167d280179c85bc18be67aa7eda765854300033af4896dd779b608640f2ef7a?s=96&d=mm&r=g\",\"caption\":\"Diario1 Diario1\"},\"url\":\"https:\\\/\\\/diariotextual.com\\\/inicio\\\/index.php\\\/author\\\/diario1\\\/\"}]}<\/script>\n<!-- \/ Yoast SEO plugin. -->","yoast_head_json":{"title":"1\u00b0 Expo Din\u00e1mica: propuestas de Innovaci\u00f3n, vanguardia y tecnolog\u00eda en La Pampa - Diario Textual","robots":{"index":"index","follow":"follow","max-snippet":"max-snippet:-1","max-image-preview":"max-image-preview:large","max-video-preview":"max-video-preview:-1"},"canonical":"https:\/\/diariotextual.com\/inicio\/index.php\/2023\/09\/19\/1-expo-dinamica-propuestas-de-innovacion-vanguardia-y-tecnologia-en-la-pampa\/","og_locale":"es_ES","og_type":"article","og_title":"1\u00b0 Expo Din\u00e1mica: propuestas de Innovaci\u00f3n, vanguardia y tecnolog\u00eda en La Pampa - Diario Textual","og_description":"La Facultad de Agronom\u00eda de la Universidad Nacional de La Pampa anunci\u00f3 las actividades e innovaciones de las m\u00e1s de 60 empresas que participar\u00e1n de la 1\u00b0 Expo Din\u00e1mica, que&hellip;","og_url":"https:\/\/diariotextual.com\/inicio\/index.php\/2023\/09\/19\/1-expo-dinamica-propuestas-de-innovacion-vanguardia-y-tecnologia-en-la-pampa\/","og_site_name":"Diario Textual","article_publisher":"https:\/\/www.facebook.com\/eltextual","article_published_time":"2023-09-19T12:58:23+00:00","article_modified_time":"2023-09-19T15:23:42+00:00","og_image":[{"width":1024,"height":478,"url":"https:\/\/diariotextual.com\/inicio\/wp-content\/uploads\/2023\/09\/expodinamica2023-1.jpeg","type":"image\/jpeg"}],"author":"Diario1 Diario1","twitter_card":"summary_large_image","twitter_creator":"@eltextual","twitter_site":"@eltextual","twitter_misc":{"Escrito por":"Diario1 Diario1","Tiempo de lectura":"3 minutos"},"schema":{"@context":"https:\/\/schema.org","@graph":[{"@type":"Article","@id":"https:\/\/diariotextual.com\/inicio\/index.php\/2023\/09\/19\/1-expo-dinamica-propuestas-de-innovacion-vanguardia-y-tecnologia-en-la-pampa\/#article","isPartOf":{"@id":"https:\/\/diariotextual.com\/inicio\/index.php\/2023\/09\/19\/1-expo-dinamica-propuestas-de-innovacion-vanguardia-y-tecnologia-en-la-pampa\/"},"author":{"name":"Diario1 Diario1","@id":"https:\/\/diariotextual.com\/inicio\/#\/schema\/person\/418fc4093c33e86ed41562db3508f958"},"headline":"1\u00b0 Expo Din\u00e1mica: propuestas de Innovaci\u00f3n, vanguardia y tecnolog\u00eda en La Pampa","datePublished":"2023-09-19T12:58:23+00:00","dateModified":"2023-09-19T15:23:42+00:00","mainEntityOfPage":{"@id":"https:\/\/diariotextual.com\/inicio\/index.php\/2023\/09\/19\/1-expo-dinamica-propuestas-de-innovacion-vanguardia-y-tecnologia-en-la-pampa\/"},"wordCount":513,"publisher":{"@id":"https:\/\/diariotextual.com\/inicio\/#organization"},"image":{"@id":"https:\/\/diariotextual.com\/inicio\/index.php\/2023\/09\/19\/1-expo-dinamica-propuestas-de-innovacion-vanguardia-y-tecnologia-en-la-pampa\/#primaryimage"},"thumbnailUrl":"https:\/\/diariotextual.com\/inicio\/wp-content\/uploads\/2023\/09\/expodinamica2023-1.jpeg","articleSection":["A - ES NOTICIA (van abajo)","A - QUE PASA (al costado)","CAMPO"],"inLanguage":"es"},{"@type":"WebPage","@id":"https:\/\/diariotextual.com\/inicio\/index.php\/2023\/09\/19\/1-expo-dinamica-propuestas-de-innovacion-vanguardia-y-tecnologia-en-la-pampa\/","url":"https:\/\/diariotextual.com\/inicio\/index.php\/2023\/09\/19\/1-expo-dinamica-propuestas-de-innovacion-vanguardia-y-tecnologia-en-la-pampa\/","name":"1\u00b0 Expo Din\u00e1mica: propuestas de Innovaci\u00f3n, vanguardia y tecnolog\u00eda en La Pampa - Diario Textual","isPartOf":{"@id":"https:\/\/diariotextual.com\/inicio\/#website"},"primaryImageOfPage":{"@id":"https:\/\/diariotextual.com\/inicio\/index.php\/2023\/09\/19\/1-expo-dinamica-propuestas-de-innovacion-vanguardia-y-tecnologia-en-la-pampa\/#primaryimage"},"image":{"@id":"https:\/\/diariotextual.com\/inicio\/index.php\/2023\/09\/19\/1-expo-dinamica-propuestas-de-innovacion-vanguardia-y-tecnologia-en-la-pampa\/#primaryimage"},"thumbnailUrl":"https:\/\/diariotextual.com\/inicio\/wp-content\/uploads\/2023\/09\/expodinamica2023-1.jpeg","datePublished":"2023-09-19T12:58:23+00:00","dateModified":"2023-09-19T15:23:42+00:00","breadcrumb":{"@id":"https:\/\/diariotextual.com\/inicio\/index.php\/2023\/09\/19\/1-expo-dinamica-propuestas-de-innovacion-vanguardia-y-tecnologia-en-la-pampa\/#breadcrumb"},"inLanguage":"es","potentialAction":[{"@type":"ReadAction","target":["https:\/\/diariotextual.com\/inicio\/index.php\/2023\/09\/19\/1-expo-dinamica-propuestas-de-innovacion-vanguardia-y-tecnologia-en-la-pampa\/"]}]},{"@type":"ImageObject","inLanguage":"es","@id":"https:\/\/diariotextual.com\/inicio\/index.php\/2023\/09\/19\/1-expo-dinamica-propuestas-de-innovacion-vanguardia-y-tecnologia-en-la-pampa\/#primaryimage","url":"https:\/\/diariotextual.com\/inicio\/wp-content\/uploads\/2023\/09\/expodinamica2023-1.jpeg","contentUrl":"https:\/\/diariotextual.com\/inicio\/wp-content\/uploads\/2023\/09\/expodinamica2023-1.jpeg","width":1024,"height":478},{"@type":"BreadcrumbList","@id":"https:\/\/diariotextual.com\/inicio\/index.php\/2023\/09\/19\/1-expo-dinamica-propuestas-de-innovacion-vanguardia-y-tecnologia-en-la-pampa\/#breadcrumb","itemListElement":[{"@type":"ListItem","position":1,"name":"Portada","item":"https:\/\/diariotextual.com\/inicio\/"},{"@type":"ListItem","position":2,"name":"1\u00b0 Expo Din\u00e1mica: propuestas de Innovaci\u00f3n, vanguardia y tecnolog\u00eda en La Pampa"}]},{"@type":"WebSite","@id":"https:\/\/diariotextual.com\/inicio\/#website","url":"https:\/\/diariotextual.com\/inicio\/","name":"Diario Textual","description":"","publisher":{"@id":"https:\/\/diariotextual.com\/inicio\/#organization"},"potentialAction":[{"@type":"SearchAction","target":{"@type":"EntryPoint","urlTemplate":"https:\/\/diariotextual.com\/inicio\/?s={search_term_string}"},"query-input":{"@type":"PropertyValueSpecification","valueRequired":true,"valueName":"search_term_string"}}],"inLanguage":"es"},{"@type":"Organization","@id":"https:\/\/diariotextual.com\/inicio\/#organization","name":"Diario Textual","url":"https:\/\/diariotextual.com\/inicio\/","logo":{"@type":"ImageObject","inLanguage":"es","@id":"https:\/\/diariotextual.com\/inicio\/#\/schema\/logo\/image\/","url":"https:\/\/diariotextual.com\/inicio\/wp-content\/uploads\/2023\/05\/logotextual1.jpg","contentUrl":"https:\/\/diariotextual.com\/inicio\/wp-content\/uploads\/2023\/05\/logotextual1.jpg","width":516,"height":76,"caption":"Diario Textual"},"image":{"@id":"https:\/\/diariotextual.com\/inicio\/#\/schema\/logo\/image\/"},"sameAs":["https:\/\/www.facebook.com\/eltextual","https:\/\/x.com\/eltextual","http:\/\/www.instagram.com\/eltextual"]},{"@type":"Person","@id":"https:\/\/diariotextual.com\/inicio\/#\/schema\/person\/418fc4093c33e86ed41562db3508f958","name":"Diario1 Diario1","image":{"@type":"ImageObject","inLanguage":"es","@id":"https:\/\/secure.gravatar.com\/avatar\/9167d280179c85bc18be67aa7eda765854300033af4896dd779b608640f2ef7a?s=96&d=mm&r=g","url":"https:\/\/secure.gravatar.com\/avatar\/9167d280179c85bc18be67aa7eda765854300033af4896dd779b608640f2ef7a?s=96&d=mm&r=g","contentUrl":"https:\/\/secure.gravatar.com\/avatar\/9167d280179c85bc18be67aa7eda765854300033af4896dd779b608640f2ef7a?s=96&d=mm&r=g","caption":"Diario1 Diario1"},"url":"https:\/\/diariotextual.com\/inicio\/index.php\/author\/diario1\/"}]}},"_links":{"self":[{"href":"https:\/\/diariotextual.com\/inicio\/index.php\/wp-json\/wp\/v2\/posts\/237857","targetHints":{"allow":["GET"]}}],"collection":[{"href":"https:\/\/diariotextual.com\/inicio\/index.php\/wp-json\/wp\/v2\/posts"}],"about":[{"href":"https:\/\/diariotextual.com\/inicio\/index.php\/wp-json\/wp\/v2\/types\/post"}],"author":[{"embeddable":true,"href":"https:\/\/diariotextual.com\/inicio\/index.php\/wp-json\/wp\/v2\/users\/3"}],"replies":[{"embeddable":true,"href":"https:\/\/diariotextual.com\/inicio\/index.php\/wp-json\/wp\/v2\/comments?post=237857"}],"version-history":[{"count":5,"href":"https:\/\/diariotextual.com\/inicio\/index.php\/wp-json\/wp\/v2\/posts\/237857\/revisions"}],"predecessor-version":[{"id":237866,"href":"https:\/\/diariotextual.com\/inicio\/index.php\/wp-json\/wp\/v2\/posts\/237857\/revisions\/237866"}],"wp:featuredmedia":[{"embeddable":true,"href":"https:\/\/diariotextual.com\/inicio\/index.php\/wp-json\/wp\/v2\/media\/237858"}],"wp:attachment":[{"href":"https:\/\/diariotextual.com\/inicio\/index.php\/wp-json\/wp\/v2\/media?parent=237857"}],"wp:term":[{"taxonomy":"category","embeddable":true,"href":"https:\/\/diariotextual.com\/inicio\/index.php\/wp-json\/wp\/v2\/categories?post=237857"},{"taxonomy":"post_tag","embeddable":true,"href":"https:\/\/diariotextual.com\/inicio\/index.php\/wp-json\/wp\/v2\/tags?post=237857"}],"curies":[{"name":"wp","href":"https:\/\/api.w.org\/{rel}","templated":true}]}}