{"id":237869,"date":"2023-09-19T14:28:00","date_gmt":"2023-09-19T17:28:00","guid":{"rendered":"https:\/\/diariotextual.com\/inicio\/?p=237869"},"modified":"2023-09-20T09:46:09","modified_gmt":"2023-09-20T12:46:09","slug":"el-ministro-de-transporte-de-nacion-llega-a-santa-rosa-para-firmar-convenio-con-el-intendente","status":"publish","type":"post","link":"https:\/\/diariotextual.com\/inicio\/index.php\/2023\/09\/19\/el-ministro-de-transporte-de-nacion-llega-a-santa-rosa-para-firmar-convenio-con-el-intendente\/","title":{"rendered":"Desde Santa Rosa se present\u00f3 la SUBE para pasajeros con discapacidad"},"content":{"rendered":"\n<p><strong>Se avanz\u00f3 en la creaci\u00f3n de una credencial compatible con SUBE para que las personas con discapacidad puedan viajar en el transporte p\u00fablico con boleto gratuito sin necesidad de presentar el CUD (Certificado \u00danico de Discapacidad) y habilitando a un acompa\u00f1ante. La prueba piloto de esta nueva herramienta de inclusi\u00f3n comenzar\u00e1 en Santa Rosa y luego se implementar\u00e1 en todo el pa\u00eds.<\/strong><\/p>\n\n\n\n<p>La viceministra de Transporte de Naci\u00f3n,<strong> Jimena L\u00f3pez<\/strong>, y el intendente santarrose\u00f1o<strong> Luciano di N\u00e1poli <\/strong>firmaron este martes un convenio para poner en marcha la iniciativa.<\/p>\n\n\n\n<p>Se trata de una<strong> prueba piloto<\/strong> que busca incluir a las personas con discapacidad, quienes desde ahora dejar\u00e1n de presentar el CUD para viajar gratis en los transportes p\u00fablicos y ser\u00e1n incluidas en el sistema SUBE. <strong>La prueba incluir\u00e1 a las 3400 personas con discapacidad registradas en la capital provincial. <\/strong><\/p>\n\n\n\n<p>En esta primera etapa el Ministerio de Transporte de la Naci\u00f3n, a cargo de <strong>Diego Giuliano<\/strong>, realizar\u00e1 en Santa Rosa la prueba piloto de la credencial compatible con SUBE para las personas con discapacidad, y contar\u00e1 con el impulso de la Agencia Nacional de Discapacidad (ANDIS). P<strong>r\u00f3ximamente se extender\u00e1 la medida a las m\u00e1s de 50 localidades de todo el pa\u00eds donde funciona SUBE, beneficiando a un mill\u00f3n y medio de personas.<\/strong><\/p>\n\n\n\n<p>\u201cLo que busca esta medida es poner en un plano de igualdad a las personas con discapacidad y terminar con la discrecionalidad que a veces se generaba con el CUD\u201d, dijo L\u00f3pez en un acto celebrado en la plaza San Mart\u00edn, frente al municipio.<\/p>\n\n\n\n<p><\/p>\n\n\n\n<figure class=\"wp-block-image size-large\"><img fetchpriority=\"high\" decoding=\"async\" width=\"1024\" height=\"683\" src=\"https:\/\/diariotextual.com\/inicio\/wp-content\/uploads\/2023\/09\/subetarjetaparapersonascondiscapacidadsantarosadinapoli2023-1-1024x683.jpg\" alt=\"\" class=\"wp-image-237932\" srcset=\"https:\/\/diariotextual.com\/inicio\/wp-content\/uploads\/2023\/09\/subetarjetaparapersonascondiscapacidadsantarosadinapoli2023-1-1024x683.jpg 1024w, https:\/\/diariotextual.com\/inicio\/wp-content\/uploads\/2023\/09\/subetarjetaparapersonascondiscapacidadsantarosadinapoli2023-1-300x200.jpg 300w, https:\/\/diariotextual.com\/inicio\/wp-content\/uploads\/2023\/09\/subetarjetaparapersonascondiscapacidadsantarosadinapoli2023-1-768x512.jpg 768w, https:\/\/diariotextual.com\/inicio\/wp-content\/uploads\/2023\/09\/subetarjetaparapersonascondiscapacidadsantarosadinapoli2023-1-1170x780.jpg 1170w, https:\/\/diariotextual.com\/inicio\/wp-content\/uploads\/2023\/09\/subetarjetaparapersonascondiscapacidadsantarosadinapoli2023-1-585x390.jpg 585w, https:\/\/diariotextual.com\/inicio\/wp-content\/uploads\/2023\/09\/subetarjetaparapersonascondiscapacidadsantarosadinapoli2023-1-263x175.jpg 263w, https:\/\/diariotextual.com\/inicio\/wp-content\/uploads\/2023\/09\/subetarjetaparapersonascondiscapacidadsantarosadinapoli2023-1.jpg 1500w\" sizes=\"(max-width: 1024px) 100vw, 1024px\" \/><\/figure>\n\n\n\n<p><\/p>\n\n\n\n<p><\/p>\n\n\n\n<p><\/p>\n\n\n\n<p>\u201cEsta credencial SUBE, que para algunos es una tarjeta que parece un pl\u00e1stico y que no tiene ning\u00fan valor, a partir de este convenio se transforma en un s\u00edmbolo de ampliaci\u00f3n de derechos, porque <strong>que una persona pueda viajar sin ning\u00fan tipo de etiqueta es una manera de inclusi\u00f3n social. <\/strong>En un momento en que se discute si se va a privatizar un dispositivo de informaci\u00f3n sensible que tiene m\u00e1s de 20 millones de datos de la ciudadan\u00eda, es muy importante entender el valor de la SUBE\u201d, remarc\u00f3 la viceministra.<\/p>\n\n\n\n<p><\/p>\n\n\n\n<p>\u201cSabemos muchas veces lo dif\u00edcil que puede ser la adquisici\u00f3n de autonom\u00eda para las personas con discapacidad, y a trav\u00e9s de esta tarjeta podemos trabajar de manera individual la adquisici\u00f3n de la libertad necesaria para poder viajar, para poder llegar al colegio, para poder llegar a un taller, a una pr\u00e1ctica deportiva. Adem\u00e1s, la SUBE es la \u00fanica herramienta de inclusi\u00f3n que permite el reconocimiento ante las aseguradoras en un veh\u00edculo que traslada personas\u201d, concluy\u00f3 Jimena L\u00f3pez.<\/p>\n\n\n\n<p>Con esta nueva credencial, el ministerio de Transporte de la Naci\u00f3n<strong> busca simplificar el acceso al transporte p\u00fablico y el traslado de personas con discapacitad, evitando cualquier tipo de discriminaci\u00f3n que se pueda generar en el transporte p\u00fablico.<\/strong> Asimismo, <strong>facilitar\u00e1 la accesibilidad y el traslado de aquellas personas con discapacidad que requieren asistencia, ya que cubrir\u00e1 hasta dos pases por tarjeta para quienes deban viajar con acompa\u00f1ante.<\/strong><\/p>\n\n\n\n<p>Esta credencial SUBE para personas con discapacidad no se comercializar\u00e1 en canales habituales y se generar\u00e1 a pedido de la Agencia Nacional de Discapacidad (ANDIS). Adem\u00e1s, brindar\u00e1 una constancia de viaje v\u00e1lida frente al seguro de transporte, lo que hoy no queda acreditado con el CUD papel.<\/p>\n\n\n\n<p>Por su parte, el intendente de Santa Rosa, Luciano Di N\u00e1poli, resalt\u00f3 la iniciativa. \u201cEs una alegr\u00eda que se haya elegido a la Ciudad de Santa Rosa, como modelo y prototipo para poner en marcha una pol\u00edtica inclusiva, de ampliaci\u00f3n de derechos por los que venimos peleando y bregando durante mucho tiempo\u201d, dijo. \u201cEstamos atravesando momentos en los cuales se nos dice que el mercado va a resolver todos los problemas pero con estas medidas se demuestra que tiene que haber un Estado presente, donde nos ponemos al frente de un tema tan sensible e importante como es que las personas con discapacidad puedan viajar de manera digna y puedan viajar sin ning\u00fan tipo de discriminaci\u00f3n en nuestro sistema de transporte\u00bb.<\/p>\n\n\n\n<p>Asimismo, el director Nacional de Inclusi\u00f3n para las Personas con Discapacidad en ANDIS, Juan Pablo Ordo\u00f1ez, expres\u00f3 que este proyecto \u201ces una respuesta a una demanda hist\u00f3rica\u201d del colectivo de personas con discapacidad. \u201cLa implementaci\u00f3n de esta nueva tarjeta permitir\u00e1 viajar mejor, m\u00e1s c\u00f3modo, y har\u00e1 m\u00e1s eficiente el ejercicio del derecho a la gratuidad en el transporte. En la Argentina hay m\u00e1s de 5 millones de personas con discapacidad, por lo que esto es una pol\u00edtica que mejorar\u00e1 las condiciones de acceso de muchos argentinos y argentinas. El rol del Estado es derribar las barreras y lograr la igualdad de oportunidades, por eso celebro el apoyo y la iniciativa del Ministerio de Transporte que, junto con Naci\u00f3n Servicios, llevaron adelante esta credencial compatible con SUBE\u201d, dijo.<\/p>\n\n\n\n<p>El acto en el que se anunci\u00f3 la medida estuvo a cargo de la secretaria de Gesti\u00f3n de Transporte de la Naci\u00f3n, Jimena L\u00f3pez, acompa\u00f1ada por el intendente de Santa Rosa, Luciano Di N\u00e1poli. Tambi\u00e9n estuvieron presentes: el ministro de Gobierno, Justicia y Derechos Humanos de La Pampa, Ariel Rauchenberger; el director Ejecutivo de la CNRT, Jos\u00e9 Ram\u00f3n Artega; el gerente de Transporte de Naci\u00f3n Servicios S.A., Pablo Alonso; la delegada de la Regi\u00f3n Patagonia de la CNRT, Mariel Schwert; el director de Transporte de la provincia de La Pampa, Mauricio Marquez; el director de Discapacidad de la Provincia de la Pampa, Ivan Poggio; representantes de las ONGs Fundaci\u00f3n Integrar, Abrazo de oso y la Escuela de Apoyo a la inclusi\u00f3n n\u00b01 Frida Kahlo; y autoridades provinciales y municipales.<\/p>\n","protected":false},"excerpt":{"rendered":"<p>Se avanz\u00f3 en la creaci\u00f3n de una credencial compatible con SUBE para que las personas con discapacidad puedan viajar en el transporte p\u00fablico con boleto gratuito sin necesidad de presentar&hellip;<\/p>\n","protected":false},"author":7,"featured_media":237933,"comment_status":"closed","ping_status":"open","sticky":false,"template":"","format":"standard","meta":{"_acf_changed":false,"footnotes":""},"categories":[1,11,12],"tags":[],"class_list":["post-237869","post","type-post","status-publish","format-standard","has-post-thumbnail","hentry","category-es-noticia","category-que-pasa","category-sociedad"],"acf":[],"yoast_head":"<!-- This site is optimized with the Yoast SEO plugin v27.5 - https:\/\/yoast.com\/product\/yoast-seo-wordpress\/ -->\n<title>Desde Santa Rosa se present\u00f3 la SUBE para pasajeros con discapacidad - Diario Textual<\/title>\n<meta name=\"robots\" content=\"index, follow, max-snippet:-1, max-image-preview:large, max-video-preview:-1\" \/>\n<link rel=\"canonical\" href=\"https:\/\/diariotextual.com\/inicio\/index.php\/2023\/09\/19\/el-ministro-de-transporte-de-nacion-llega-a-santa-rosa-para-firmar-convenio-con-el-intendente\/\" \/>\n<meta property=\"og:locale\" content=\"es_ES\" \/>\n<meta property=\"og:type\" content=\"article\" \/>\n<meta property=\"og:title\" content=\"Desde Santa Rosa se present\u00f3 la SUBE para pasajeros con discapacidad - Diario Textual\" \/>\n<meta property=\"og:description\" content=\"Se avanz\u00f3 en la creaci\u00f3n de una credencial compatible con SUBE para que las personas con discapacidad puedan viajar en el transporte p\u00fablico con boleto gratuito sin necesidad de presentar&hellip;\" \/>\n<meta property=\"og:url\" content=\"https:\/\/diariotextual.com\/inicio\/index.php\/2023\/09\/19\/el-ministro-de-transporte-de-nacion-llega-a-santa-rosa-para-firmar-convenio-con-el-intendente\/\" \/>\n<meta property=\"og:site_name\" content=\"Diario Textual\" \/>\n<meta property=\"article:publisher\" content=\"https:\/\/www.facebook.com\/eltextual\" \/>\n<meta property=\"article:published_time\" content=\"2023-09-19T17:28:00+00:00\" \/>\n<meta property=\"article:modified_time\" content=\"2023-09-20T12:46:09+00:00\" \/>\n<meta property=\"og:image\" content=\"https:\/\/diariotextual.com\/inicio\/wp-content\/uploads\/2023\/09\/subeparapersonascondiscapacidad2023-10.jpg\" \/>\n\t<meta property=\"og:image:width\" content=\"1641\" \/>\n\t<meta property=\"og:image:height\" content=\"1128\" \/>\n\t<meta property=\"og:image:type\" content=\"image\/jpeg\" \/>\n<meta name=\"author\" content=\"diario5\" \/>\n<meta name=\"twitter:card\" content=\"summary_large_image\" \/>\n<meta name=\"twitter:creator\" content=\"@eltextual\" \/>\n<meta name=\"twitter:site\" content=\"@eltextual\" \/>\n<meta name=\"twitter:label1\" content=\"Escrito por\" \/>\n\t<meta name=\"twitter:data1\" content=\"diario5\" \/>\n\t<meta name=\"twitter:label2\" content=\"Tiempo de lectura\" \/>\n\t<meta name=\"twitter:data2\" content=\"5 minutos\" \/>\n<script type=\"application\/ld+json\" class=\"yoast-schema-graph\">{\"@context\":\"https:\\\/\\\/schema.org\",\"@graph\":[{\"@type\":\"Article\",\"@id\":\"https:\\\/\\\/diariotextual.com\\\/inicio\\\/index.php\\\/2023\\\/09\\\/19\\\/el-ministro-de-transporte-de-nacion-llega-a-santa-rosa-para-firmar-convenio-con-el-intendente\\\/#article\",\"isPartOf\":{\"@id\":\"https:\\\/\\\/diariotextual.com\\\/inicio\\\/index.php\\\/2023\\\/09\\\/19\\\/el-ministro-de-transporte-de-nacion-llega-a-santa-rosa-para-firmar-convenio-con-el-intendente\\\/\"},\"author\":{\"name\":\"diario5\",\"@id\":\"https:\\\/\\\/diariotextual.com\\\/inicio\\\/#\\\/schema\\\/person\\\/c7834961ad8b29b1d9cdbf4571299067\"},\"headline\":\"Desde Santa Rosa se present\u00f3 la SUBE para pasajeros con discapacidad\",\"datePublished\":\"2023-09-19T17:28:00+00:00\",\"dateModified\":\"2023-09-20T12:46:09+00:00\",\"mainEntityOfPage\":{\"@id\":\"https:\\\/\\\/diariotextual.com\\\/inicio\\\/index.php\\\/2023\\\/09\\\/19\\\/el-ministro-de-transporte-de-nacion-llega-a-santa-rosa-para-firmar-convenio-con-el-intendente\\\/\"},\"wordCount\":992,\"publisher\":{\"@id\":\"https:\\\/\\\/diariotextual.com\\\/inicio\\\/#organization\"},\"image\":{\"@id\":\"https:\\\/\\\/diariotextual.com\\\/inicio\\\/index.php\\\/2023\\\/09\\\/19\\\/el-ministro-de-transporte-de-nacion-llega-a-santa-rosa-para-firmar-convenio-con-el-intendente\\\/#primaryimage\"},\"thumbnailUrl\":\"https:\\\/\\\/diariotextual.com\\\/inicio\\\/wp-content\\\/uploads\\\/2023\\\/09\\\/subeparapersonascondiscapacidad2023-10.jpg\",\"articleSection\":[\"A - ES NOTICIA (van abajo)\",\"A - QUE PASA (al costado)\",\"SOCIEDAD\"],\"inLanguage\":\"es\"},{\"@type\":\"WebPage\",\"@id\":\"https:\\\/\\\/diariotextual.com\\\/inicio\\\/index.php\\\/2023\\\/09\\\/19\\\/el-ministro-de-transporte-de-nacion-llega-a-santa-rosa-para-firmar-convenio-con-el-intendente\\\/\",\"url\":\"https:\\\/\\\/diariotextual.com\\\/inicio\\\/index.php\\\/2023\\\/09\\\/19\\\/el-ministro-de-transporte-de-nacion-llega-a-santa-rosa-para-firmar-convenio-con-el-intendente\\\/\",\"name\":\"Desde Santa Rosa se present\u00f3 la SUBE para pasajeros con discapacidad - Diario Textual\",\"isPartOf\":{\"@id\":\"https:\\\/\\\/diariotextual.com\\\/inicio\\\/#website\"},\"primaryImageOfPage\":{\"@id\":\"https:\\\/\\\/diariotextual.com\\\/inicio\\\/index.php\\\/2023\\\/09\\\/19\\\/el-ministro-de-transporte-de-nacion-llega-a-santa-rosa-para-firmar-convenio-con-el-intendente\\\/#primaryimage\"},\"image\":{\"@id\":\"https:\\\/\\\/diariotextual.com\\\/inicio\\\/index.php\\\/2023\\\/09\\\/19\\\/el-ministro-de-transporte-de-nacion-llega-a-santa-rosa-para-firmar-convenio-con-el-intendente\\\/#primaryimage\"},\"thumbnailUrl\":\"https:\\\/\\\/diariotextual.com\\\/inicio\\\/wp-content\\\/uploads\\\/2023\\\/09\\\/subeparapersonascondiscapacidad2023-10.jpg\",\"datePublished\":\"2023-09-19T17:28:00+00:00\",\"dateModified\":\"2023-09-20T12:46:09+00:00\",\"breadcrumb\":{\"@id\":\"https:\\\/\\\/diariotextual.com\\\/inicio\\\/index.php\\\/2023\\\/09\\\/19\\\/el-ministro-de-transporte-de-nacion-llega-a-santa-rosa-para-firmar-convenio-con-el-intendente\\\/#breadcrumb\"},\"inLanguage\":\"es\",\"potentialAction\":[{\"@type\":\"ReadAction\",\"target\":[\"https:\\\/\\\/diariotextual.com\\\/inicio\\\/index.php\\\/2023\\\/09\\\/19\\\/el-ministro-de-transporte-de-nacion-llega-a-santa-rosa-para-firmar-convenio-con-el-intendente\\\/\"]}]},{\"@type\":\"ImageObject\",\"inLanguage\":\"es\",\"@id\":\"https:\\\/\\\/diariotextual.com\\\/inicio\\\/index.php\\\/2023\\\/09\\\/19\\\/el-ministro-de-transporte-de-nacion-llega-a-santa-rosa-para-firmar-convenio-con-el-intendente\\\/#primaryimage\",\"url\":\"https:\\\/\\\/diariotextual.com\\\/inicio\\\/wp-content\\\/uploads\\\/2023\\\/09\\\/subeparapersonascondiscapacidad2023-10.jpg\",\"contentUrl\":\"https:\\\/\\\/diariotextual.com\\\/inicio\\\/wp-content\\\/uploads\\\/2023\\\/09\\\/subeparapersonascondiscapacidad2023-10.jpg\",\"width\":1641,\"height\":1128},{\"@type\":\"BreadcrumbList\",\"@id\":\"https:\\\/\\\/diariotextual.com\\\/inicio\\\/index.php\\\/2023\\\/09\\\/19\\\/el-ministro-de-transporte-de-nacion-llega-a-santa-rosa-para-firmar-convenio-con-el-intendente\\\/#breadcrumb\",\"itemListElement\":[{\"@type\":\"ListItem\",\"position\":1,\"name\":\"Portada\",\"item\":\"https:\\\/\\\/diariotextual.com\\\/inicio\\\/\"},{\"@type\":\"ListItem\",\"position\":2,\"name\":\"Desde Santa Rosa se present\u00f3 la SUBE para pasajeros con discapacidad\"}]},{\"@type\":\"WebSite\",\"@id\":\"https:\\\/\\\/diariotextual.com\\\/inicio\\\/#website\",\"url\":\"https:\\\/\\\/diariotextual.com\\\/inicio\\\/\",\"name\":\"Diario Textual\",\"description\":\"\",\"publisher\":{\"@id\":\"https:\\\/\\\/diariotextual.com\\\/inicio\\\/#organization\"},\"potentialAction\":[{\"@type\":\"SearchAction\",\"target\":{\"@type\":\"EntryPoint\",\"urlTemplate\":\"https:\\\/\\\/diariotextual.com\\\/inicio\\\/?s={search_term_string}\"},\"query-input\":{\"@type\":\"PropertyValueSpecification\",\"valueRequired\":true,\"valueName\":\"search_term_string\"}}],\"inLanguage\":\"es\"},{\"@type\":\"Organization\",\"@id\":\"https:\\\/\\\/diariotextual.com\\\/inicio\\\/#organization\",\"name\":\"Diario Textual\",\"url\":\"https:\\\/\\\/diariotextual.com\\\/inicio\\\/\",\"logo\":{\"@type\":\"ImageObject\",\"inLanguage\":\"es\",\"@id\":\"https:\\\/\\\/diariotextual.com\\\/inicio\\\/#\\\/schema\\\/logo\\\/image\\\/\",\"url\":\"https:\\\/\\\/diariotextual.com\\\/inicio\\\/wp-content\\\/uploads\\\/2023\\\/05\\\/logotextual1.jpg\",\"contentUrl\":\"https:\\\/\\\/diariotextual.com\\\/inicio\\\/wp-content\\\/uploads\\\/2023\\\/05\\\/logotextual1.jpg\",\"width\":516,\"height\":76,\"caption\":\"Diario Textual\"},\"image\":{\"@id\":\"https:\\\/\\\/diariotextual.com\\\/inicio\\\/#\\\/schema\\\/logo\\\/image\\\/\"},\"sameAs\":[\"https:\\\/\\\/www.facebook.com\\\/eltextual\",\"https:\\\/\\\/x.com\\\/eltextual\",\"http:\\\/\\\/www.instagram.com\\\/eltextual\"]},{\"@type\":\"Person\",\"@id\":\"https:\\\/\\\/diariotextual.com\\\/inicio\\\/#\\\/schema\\\/person\\\/c7834961ad8b29b1d9cdbf4571299067\",\"name\":\"diario5\",\"image\":{\"@type\":\"ImageObject\",\"inLanguage\":\"es\",\"@id\":\"https:\\\/\\\/secure.gravatar.com\\\/avatar\\\/948c893b847ca6df68216ead81b63f363408ec9b0f600fefc0641ce78613b111?s=96&d=mm&r=g\",\"url\":\"https:\\\/\\\/secure.gravatar.com\\\/avatar\\\/948c893b847ca6df68216ead81b63f363408ec9b0f600fefc0641ce78613b111?s=96&d=mm&r=g\",\"contentUrl\":\"https:\\\/\\\/secure.gravatar.com\\\/avatar\\\/948c893b847ca6df68216ead81b63f363408ec9b0f600fefc0641ce78613b111?s=96&d=mm&r=g\",\"caption\":\"diario5\"},\"url\":\"https:\\\/\\\/diariotextual.com\\\/inicio\\\/index.php\\\/author\\\/diario5\\\/\"}]}<\/script>\n<!-- \/ Yoast SEO plugin. -->","yoast_head_json":{"title":"Desde Santa Rosa se present\u00f3 la SUBE para pasajeros con discapacidad - Diario Textual","robots":{"index":"index","follow":"follow","max-snippet":"max-snippet:-1","max-image-preview":"max-image-preview:large","max-video-preview":"max-video-preview:-1"},"canonical":"https:\/\/diariotextual.com\/inicio\/index.php\/2023\/09\/19\/el-ministro-de-transporte-de-nacion-llega-a-santa-rosa-para-firmar-convenio-con-el-intendente\/","og_locale":"es_ES","og_type":"article","og_title":"Desde Santa Rosa se present\u00f3 la SUBE para pasajeros con discapacidad - Diario Textual","og_description":"Se avanz\u00f3 en la creaci\u00f3n de una credencial compatible con SUBE para que las personas con discapacidad puedan viajar en el transporte p\u00fablico con boleto gratuito sin necesidad de presentar&hellip;","og_url":"https:\/\/diariotextual.com\/inicio\/index.php\/2023\/09\/19\/el-ministro-de-transporte-de-nacion-llega-a-santa-rosa-para-firmar-convenio-con-el-intendente\/","og_site_name":"Diario Textual","article_publisher":"https:\/\/www.facebook.com\/eltextual","article_published_time":"2023-09-19T17:28:00+00:00","article_modified_time":"2023-09-20T12:46:09+00:00","og_image":[{"width":1641,"height":1128,"url":"https:\/\/diariotextual.com\/inicio\/wp-content\/uploads\/2023\/09\/subeparapersonascondiscapacidad2023-10.jpg","type":"image\/jpeg"}],"author":"diario5","twitter_card":"summary_large_image","twitter_creator":"@eltextual","twitter_site":"@eltextual","twitter_misc":{"Escrito por":"diario5","Tiempo de lectura":"5 minutos"},"schema":{"@context":"https:\/\/schema.org","@graph":[{"@type":"Article","@id":"https:\/\/diariotextual.com\/inicio\/index.php\/2023\/09\/19\/el-ministro-de-transporte-de-nacion-llega-a-santa-rosa-para-firmar-convenio-con-el-intendente\/#article","isPartOf":{"@id":"https:\/\/diariotextual.com\/inicio\/index.php\/2023\/09\/19\/el-ministro-de-transporte-de-nacion-llega-a-santa-rosa-para-firmar-convenio-con-el-intendente\/"},"author":{"name":"diario5","@id":"https:\/\/diariotextual.com\/inicio\/#\/schema\/person\/c7834961ad8b29b1d9cdbf4571299067"},"headline":"Desde Santa Rosa se present\u00f3 la SUBE para pasajeros con discapacidad","datePublished":"2023-09-19T17:28:00+00:00","dateModified":"2023-09-20T12:46:09+00:00","mainEntityOfPage":{"@id":"https:\/\/diariotextual.com\/inicio\/index.php\/2023\/09\/19\/el-ministro-de-transporte-de-nacion-llega-a-santa-rosa-para-firmar-convenio-con-el-intendente\/"},"wordCount":992,"publisher":{"@id":"https:\/\/diariotextual.com\/inicio\/#organization"},"image":{"@id":"https:\/\/diariotextual.com\/inicio\/index.php\/2023\/09\/19\/el-ministro-de-transporte-de-nacion-llega-a-santa-rosa-para-firmar-convenio-con-el-intendente\/#primaryimage"},"thumbnailUrl":"https:\/\/diariotextual.com\/inicio\/wp-content\/uploads\/2023\/09\/subeparapersonascondiscapacidad2023-10.jpg","articleSection":["A - ES NOTICIA (van abajo)","A - QUE PASA (al costado)","SOCIEDAD"],"inLanguage":"es"},{"@type":"WebPage","@id":"https:\/\/diariotextual.com\/inicio\/index.php\/2023\/09\/19\/el-ministro-de-transporte-de-nacion-llega-a-santa-rosa-para-firmar-convenio-con-el-intendente\/","url":"https:\/\/diariotextual.com\/inicio\/index.php\/2023\/09\/19\/el-ministro-de-transporte-de-nacion-llega-a-santa-rosa-para-firmar-convenio-con-el-intendente\/","name":"Desde Santa Rosa se present\u00f3 la SUBE para pasajeros con discapacidad - Diario Textual","isPartOf":{"@id":"https:\/\/diariotextual.com\/inicio\/#website"},"primaryImageOfPage":{"@id":"https:\/\/diariotextual.com\/inicio\/index.php\/2023\/09\/19\/el-ministro-de-transporte-de-nacion-llega-a-santa-rosa-para-firmar-convenio-con-el-intendente\/#primaryimage"},"image":{"@id":"https:\/\/diariotextual.com\/inicio\/index.php\/2023\/09\/19\/el-ministro-de-transporte-de-nacion-llega-a-santa-rosa-para-firmar-convenio-con-el-intendente\/#primaryimage"},"thumbnailUrl":"https:\/\/diariotextual.com\/inicio\/wp-content\/uploads\/2023\/09\/subeparapersonascondiscapacidad2023-10.jpg","datePublished":"2023-09-19T17:28:00+00:00","dateModified":"2023-09-20T12:46:09+00:00","breadcrumb":{"@id":"https:\/\/diariotextual.com\/inicio\/index.php\/2023\/09\/19\/el-ministro-de-transporte-de-nacion-llega-a-santa-rosa-para-firmar-convenio-con-el-intendente\/#breadcrumb"},"inLanguage":"es","potentialAction":[{"@type":"ReadAction","target":["https:\/\/diariotextual.com\/inicio\/index.php\/2023\/09\/19\/el-ministro-de-transporte-de-nacion-llega-a-santa-rosa-para-firmar-convenio-con-el-intendente\/"]}]},{"@type":"ImageObject","inLanguage":"es","@id":"https:\/\/diariotextual.com\/inicio\/index.php\/2023\/09\/19\/el-ministro-de-transporte-de-nacion-llega-a-santa-rosa-para-firmar-convenio-con-el-intendente\/#primaryimage","url":"https:\/\/diariotextual.com\/inicio\/wp-content\/uploads\/2023\/09\/subeparapersonascondiscapacidad2023-10.jpg","contentUrl":"https:\/\/diariotextual.com\/inicio\/wp-content\/uploads\/2023\/09\/subeparapersonascondiscapacidad2023-10.jpg","width":1641,"height":1128},{"@type":"BreadcrumbList","@id":"https:\/\/diariotextual.com\/inicio\/index.php\/2023\/09\/19\/el-ministro-de-transporte-de-nacion-llega-a-santa-rosa-para-firmar-convenio-con-el-intendente\/#breadcrumb","itemListElement":[{"@type":"ListItem","position":1,"name":"Portada","item":"https:\/\/diariotextual.com\/inicio\/"},{"@type":"ListItem","position":2,"name":"Desde Santa Rosa se present\u00f3 la SUBE para pasajeros con discapacidad"}]},{"@type":"WebSite","@id":"https:\/\/diariotextual.com\/inicio\/#website","url":"https:\/\/diariotextual.com\/inicio\/","name":"Diario Textual","description":"","publisher":{"@id":"https:\/\/diariotextual.com\/inicio\/#organization"},"potentialAction":[{"@type":"SearchAction","target":{"@type":"EntryPoint","urlTemplate":"https:\/\/diariotextual.com\/inicio\/?s={search_term_string}"},"query-input":{"@type":"PropertyValueSpecification","valueRequired":true,"valueName":"search_term_string"}}],"inLanguage":"es"},{"@type":"Organization","@id":"https:\/\/diariotextual.com\/inicio\/#organization","name":"Diario Textual","url":"https:\/\/diariotextual.com\/inicio\/","logo":{"@type":"ImageObject","inLanguage":"es","@id":"https:\/\/diariotextual.com\/inicio\/#\/schema\/logo\/image\/","url":"https:\/\/diariotextual.com\/inicio\/wp-content\/uploads\/2023\/05\/logotextual1.jpg","contentUrl":"https:\/\/diariotextual.com\/inicio\/wp-content\/uploads\/2023\/05\/logotextual1.jpg","width":516,"height":76,"caption":"Diario Textual"},"image":{"@id":"https:\/\/diariotextual.com\/inicio\/#\/schema\/logo\/image\/"},"sameAs":["https:\/\/www.facebook.com\/eltextual","https:\/\/x.com\/eltextual","http:\/\/www.instagram.com\/eltextual"]},{"@type":"Person","@id":"https:\/\/diariotextual.com\/inicio\/#\/schema\/person\/c7834961ad8b29b1d9cdbf4571299067","name":"diario5","image":{"@type":"ImageObject","inLanguage":"es","@id":"https:\/\/secure.gravatar.com\/avatar\/948c893b847ca6df68216ead81b63f363408ec9b0f600fefc0641ce78613b111?s=96&d=mm&r=g","url":"https:\/\/secure.gravatar.com\/avatar\/948c893b847ca6df68216ead81b63f363408ec9b0f600fefc0641ce78613b111?s=96&d=mm&r=g","contentUrl":"https:\/\/secure.gravatar.com\/avatar\/948c893b847ca6df68216ead81b63f363408ec9b0f600fefc0641ce78613b111?s=96&d=mm&r=g","caption":"diario5"},"url":"https:\/\/diariotextual.com\/inicio\/index.php\/author\/diario5\/"}]}},"_links":{"self":[{"href":"https:\/\/diariotextual.com\/inicio\/index.php\/wp-json\/wp\/v2\/posts\/237869","targetHints":{"allow":["GET"]}}],"collection":[{"href":"https:\/\/diariotextual.com\/inicio\/index.php\/wp-json\/wp\/v2\/posts"}],"about":[{"href":"https:\/\/diariotextual.com\/inicio\/index.php\/wp-json\/wp\/v2\/types\/post"}],"author":[{"embeddable":true,"href":"https:\/\/diariotextual.com\/inicio\/index.php\/wp-json\/wp\/v2\/users\/7"}],"replies":[{"embeddable":true,"href":"https:\/\/diariotextual.com\/inicio\/index.php\/wp-json\/wp\/v2\/comments?post=237869"}],"version-history":[{"count":13,"href":"https:\/\/diariotextual.com\/inicio\/index.php\/wp-json\/wp\/v2\/posts\/237869\/revisions"}],"predecessor-version":[{"id":237950,"href":"https:\/\/diariotextual.com\/inicio\/index.php\/wp-json\/wp\/v2\/posts\/237869\/revisions\/237950"}],"wp:featuredmedia":[{"embeddable":true,"href":"https:\/\/diariotextual.com\/inicio\/index.php\/wp-json\/wp\/v2\/media\/237933"}],"wp:attachment":[{"href":"https:\/\/diariotextual.com\/inicio\/index.php\/wp-json\/wp\/v2\/media?parent=237869"}],"wp:term":[{"taxonomy":"category","embeddable":true,"href":"https:\/\/diariotextual.com\/inicio\/index.php\/wp-json\/wp\/v2\/categories?post=237869"},{"taxonomy":"post_tag","embeddable":true,"href":"https:\/\/diariotextual.com\/inicio\/index.php\/wp-json\/wp\/v2\/tags?post=237869"}],"curies":[{"name":"wp","href":"https:\/\/api.w.org\/{rel}","templated":true}]}}