{"id":238024,"date":"2023-09-20T08:36:42","date_gmt":"2023-09-20T11:36:42","guid":{"rendered":"https:\/\/diariotextual.com\/inicio\/?p=238024"},"modified":"2023-09-21T07:06:01","modified_gmt":"2023-09-21T10:06:01","slug":"en-jxc-ven-dificil-que-venga-bullrich-a-la-pampa-hara-enfasis-en-provincia-de-buenos-aires","status":"publish","type":"post","link":"https:\/\/diariotextual.com\/inicio\/index.php\/2023\/09\/20\/en-jxc-ven-dificil-que-venga-bullrich-a-la-pampa-hara-enfasis-en-provincia-de-buenos-aires\/","title":{"rendered":"JxC no cree que Bullrich venga a La Pampa, pero logra encolumnar a intendentes radicales"},"content":{"rendered":"\n<p>El presidente del PRO pampeano, <strong>Enrique Juan<\/strong>, dijo a <strong>Diario Textual<\/strong> que es <strong>\u201cdif\u00edcil\u201d<\/strong> que la candidata presidencial de Juntos por el Cambio, <strong>Patricia Bullrich<\/strong>, visite La Pampa antes del 22 de octubre para apoyar a los candidatos de la coalici\u00f3n opositora.<\/p>\n\n\n\n<p><strong>\u201cPor ahora no creo que llegue antes del 22. No dan los tiempos\u201d<\/strong>, dijo Juan ante una consulta de este diario digital.<\/p>\n\n\n\n<p>\u201cQuedan pocos d\u00edas (de campa\u00f1a) y mucho por recorrer. Tal como est\u00e1 armada la recorrida, (Bullrich) har\u00eda \u00e9nfasis en provincia de Buenos Aires. No descarto que pueda pasar para nuestra provincia, pero no tenemos ninguna certeza por ahora\u201d, dijo.<\/p>\n\n\n\n<p>A casi un mes de las elecciones, en Juntos est\u00e1n confiados en mejorar la performance electoral de las PASO. <\/p>\n\n\n\n<p><strong>Pese a las dudas iniciales, la gran mayor\u00eda de los intendentes de la UCR -socio principal del PRO en Juntos por el Cambio- ha manifestado p\u00fablicamente el respaldo a Bullrich. Este sector hab\u00eda estado en l\u00edneas general en el bando de Horacio Rodr\u00edguez Larreta, que en las PASO cay\u00f3 ante la exministra. <\/strong><\/p>\n\n\n\n<p>En los \u00faltimos d\u00edas aparecieron fotos del candidato a diputado nacional Mart\u00edn Ardohain con una veintena de intendentes, diputados y diputadas. De todas maneras, <strong>a\u00fan la campa\u00f1a no ha arrancado en los pueblos y se espera que en los pr\u00f3ximos d\u00edas vaya tomando fuerza.<\/strong><\/p>\n\n\n\n<p><\/p>\n\n\n\n<figure class=\"wp-block-image size-large\"><img fetchpriority=\"high\" decoding=\"async\" width=\"1024\" height=\"847\" src=\"https:\/\/diariotextual.com\/inicio\/wp-content\/uploads\/2023\/09\/ardohainconintendentesydip2023-444-1024x847.jpg\" alt=\"\" class=\"wp-image-238028\" srcset=\"https:\/\/diariotextual.com\/inicio\/wp-content\/uploads\/2023\/09\/ardohainconintendentesydip2023-444-1024x847.jpg 1024w, https:\/\/diariotextual.com\/inicio\/wp-content\/uploads\/2023\/09\/ardohainconintendentesydip2023-444-300x248.jpg 300w, https:\/\/diariotextual.com\/inicio\/wp-content\/uploads\/2023\/09\/ardohainconintendentesydip2023-444-768x635.jpg 768w, https:\/\/diariotextual.com\/inicio\/wp-content\/uploads\/2023\/09\/ardohainconintendentesydip2023-444-585x484.jpg 585w, https:\/\/diariotextual.com\/inicio\/wp-content\/uploads\/2023\/09\/ardohainconintendentesydip2023-444.jpg 1170w\" sizes=\"(max-width: 1024px) 100vw, 1024px\" \/><\/figure>\n\n\n\n<p><\/p>\n\n\n\n<p>En La Pampa en octubre se renuevan dos bancas de diputados nacionales. Son las que actualmente ocupan Mart\u00edn Berhongaray (JxC) y Hern\u00e1n P\u00e9rez Araujo (FdT). <\/p>\n\n\n\n<p>Se descuenta que JxC y el peronismo se repartir\u00e1n los dos lugares en juego. Por eso el foco est\u00e1 puesto en el trabajo de traccionar votos para sus candidatos presidenciales, frente a la \u201cola\u201d sorpresiva de Javier Milei que pint\u00f3 de violeta a La Pampa durante las PASO de agosto.<\/p>\n\n\n\n<p><\/p>\n","protected":false},"excerpt":{"rendered":"<p>El presidente del PRO pampeano, Enrique Juan, dijo a Diario Textual que es \u201cdif\u00edcil\u201d que la candidata presidencial de Juntos por el Cambio, Patricia Bullrich, visite La Pampa antes del&hellip;<\/p>\n","protected":false},"author":7,"featured_media":229870,"comment_status":"closed","ping_status":"open","sticky":false,"template":"","format":"standard","meta":{"_acf_changed":false,"footnotes":""},"categories":[11,8],"tags":[],"class_list":["post-238024","post","type-post","status-publish","format-standard","has-post-thumbnail","hentry","category-que-pasa","category-politica"],"acf":[],"yoast_head":"<!-- This site is optimized with the Yoast SEO plugin v27.5 - https:\/\/yoast.com\/product\/yoast-seo-wordpress\/ -->\n<title>JxC no cree que Bullrich venga a La Pampa, pero logra encolumnar a intendentes radicales - Diario Textual<\/title>\n<meta name=\"robots\" content=\"index, follow, max-snippet:-1, max-image-preview:large, max-video-preview:-1\" \/>\n<link rel=\"canonical\" href=\"https:\/\/diariotextual.com\/inicio\/index.php\/2023\/09\/20\/en-jxc-ven-dificil-que-venga-bullrich-a-la-pampa-hara-enfasis-en-provincia-de-buenos-aires\/\" \/>\n<meta property=\"og:locale\" content=\"es_ES\" \/>\n<meta property=\"og:type\" content=\"article\" \/>\n<meta property=\"og:title\" content=\"JxC no cree que Bullrich venga a La Pampa, pero logra encolumnar a intendentes radicales - Diario Textual\" \/>\n<meta property=\"og:description\" content=\"El presidente del PRO pampeano, Enrique Juan, dijo a Diario Textual que es \u201cdif\u00edcil\u201d que la candidata presidencial de Juntos por el Cambio, Patricia Bullrich, visite La Pampa antes del&hellip;\" \/>\n<meta property=\"og:url\" content=\"https:\/\/diariotextual.com\/inicio\/index.php\/2023\/09\/20\/en-jxc-ven-dificil-que-venga-bullrich-a-la-pampa-hara-enfasis-en-provincia-de-buenos-aires\/\" \/>\n<meta property=\"og:site_name\" content=\"Diario Textual\" \/>\n<meta property=\"article:publisher\" content=\"https:\/\/www.facebook.com\/eltextual\" \/>\n<meta property=\"article:published_time\" content=\"2023-09-20T11:36:42+00:00\" \/>\n<meta property=\"article:modified_time\" content=\"2023-09-21T10:06:01+00:00\" \/>\n<meta property=\"og:image\" content=\"https:\/\/diariotextual.com\/inicio\/wp-content\/uploads\/2023\/06\/bullrichpatricia2023-1.jpg\" \/>\n\t<meta property=\"og:image:width\" content=\"1280\" \/>\n\t<meta property=\"og:image:height\" content=\"855\" \/>\n\t<meta property=\"og:image:type\" content=\"image\/jpeg\" \/>\n<meta name=\"author\" content=\"diario5\" \/>\n<meta name=\"twitter:card\" content=\"summary_large_image\" \/>\n<meta name=\"twitter:creator\" content=\"@eltextual\" \/>\n<meta name=\"twitter:site\" content=\"@eltextual\" \/>\n<meta name=\"twitter:label1\" content=\"Escrito por\" \/>\n\t<meta name=\"twitter:data1\" content=\"diario5\" \/>\n\t<meta name=\"twitter:label2\" content=\"Tiempo de lectura\" \/>\n\t<meta name=\"twitter:data2\" content=\"2 minutos\" \/>\n<script type=\"application\/ld+json\" class=\"yoast-schema-graph\">{\"@context\":\"https:\\\/\\\/schema.org\",\"@graph\":[{\"@type\":\"Article\",\"@id\":\"https:\\\/\\\/diariotextual.com\\\/inicio\\\/index.php\\\/2023\\\/09\\\/20\\\/en-jxc-ven-dificil-que-venga-bullrich-a-la-pampa-hara-enfasis-en-provincia-de-buenos-aires\\\/#article\",\"isPartOf\":{\"@id\":\"https:\\\/\\\/diariotextual.com\\\/inicio\\\/index.php\\\/2023\\\/09\\\/20\\\/en-jxc-ven-dificil-que-venga-bullrich-a-la-pampa-hara-enfasis-en-provincia-de-buenos-aires\\\/\"},\"author\":{\"name\":\"diario5\",\"@id\":\"https:\\\/\\\/diariotextual.com\\\/inicio\\\/#\\\/schema\\\/person\\\/c7834961ad8b29b1d9cdbf4571299067\"},\"headline\":\"JxC no cree que Bullrich venga a La Pampa, pero logra encolumnar a intendentes radicales\",\"datePublished\":\"2023-09-20T11:36:42+00:00\",\"dateModified\":\"2023-09-21T10:06:01+00:00\",\"mainEntityOfPage\":{\"@id\":\"https:\\\/\\\/diariotextual.com\\\/inicio\\\/index.php\\\/2023\\\/09\\\/20\\\/en-jxc-ven-dificil-que-venga-bullrich-a-la-pampa-hara-enfasis-en-provincia-de-buenos-aires\\\/\"},\"wordCount\":327,\"publisher\":{\"@id\":\"https:\\\/\\\/diariotextual.com\\\/inicio\\\/#organization\"},\"image\":{\"@id\":\"https:\\\/\\\/diariotextual.com\\\/inicio\\\/index.php\\\/2023\\\/09\\\/20\\\/en-jxc-ven-dificil-que-venga-bullrich-a-la-pampa-hara-enfasis-en-provincia-de-buenos-aires\\\/#primaryimage\"},\"thumbnailUrl\":\"https:\\\/\\\/diariotextual.com\\\/inicio\\\/wp-content\\\/uploads\\\/2023\\\/06\\\/bullrichpatricia2023-1.jpg\",\"articleSection\":[\"A - QUE PASA (al costado)\",\"POLITICA\"],\"inLanguage\":\"es\"},{\"@type\":\"WebPage\",\"@id\":\"https:\\\/\\\/diariotextual.com\\\/inicio\\\/index.php\\\/2023\\\/09\\\/20\\\/en-jxc-ven-dificil-que-venga-bullrich-a-la-pampa-hara-enfasis-en-provincia-de-buenos-aires\\\/\",\"url\":\"https:\\\/\\\/diariotextual.com\\\/inicio\\\/index.php\\\/2023\\\/09\\\/20\\\/en-jxc-ven-dificil-que-venga-bullrich-a-la-pampa-hara-enfasis-en-provincia-de-buenos-aires\\\/\",\"name\":\"JxC no cree que Bullrich venga a La Pampa, pero logra encolumnar a intendentes radicales - Diario Textual\",\"isPartOf\":{\"@id\":\"https:\\\/\\\/diariotextual.com\\\/inicio\\\/#website\"},\"primaryImageOfPage\":{\"@id\":\"https:\\\/\\\/diariotextual.com\\\/inicio\\\/index.php\\\/2023\\\/09\\\/20\\\/en-jxc-ven-dificil-que-venga-bullrich-a-la-pampa-hara-enfasis-en-provincia-de-buenos-aires\\\/#primaryimage\"},\"image\":{\"@id\":\"https:\\\/\\\/diariotextual.com\\\/inicio\\\/index.php\\\/2023\\\/09\\\/20\\\/en-jxc-ven-dificil-que-venga-bullrich-a-la-pampa-hara-enfasis-en-provincia-de-buenos-aires\\\/#primaryimage\"},\"thumbnailUrl\":\"https:\\\/\\\/diariotextual.com\\\/inicio\\\/wp-content\\\/uploads\\\/2023\\\/06\\\/bullrichpatricia2023-1.jpg\",\"datePublished\":\"2023-09-20T11:36:42+00:00\",\"dateModified\":\"2023-09-21T10:06:01+00:00\",\"breadcrumb\":{\"@id\":\"https:\\\/\\\/diariotextual.com\\\/inicio\\\/index.php\\\/2023\\\/09\\\/20\\\/en-jxc-ven-dificil-que-venga-bullrich-a-la-pampa-hara-enfasis-en-provincia-de-buenos-aires\\\/#breadcrumb\"},\"inLanguage\":\"es\",\"potentialAction\":[{\"@type\":\"ReadAction\",\"target\":[\"https:\\\/\\\/diariotextual.com\\\/inicio\\\/index.php\\\/2023\\\/09\\\/20\\\/en-jxc-ven-dificil-que-venga-bullrich-a-la-pampa-hara-enfasis-en-provincia-de-buenos-aires\\\/\"]}]},{\"@type\":\"ImageObject\",\"inLanguage\":\"es\",\"@id\":\"https:\\\/\\\/diariotextual.com\\\/inicio\\\/index.php\\\/2023\\\/09\\\/20\\\/en-jxc-ven-dificil-que-venga-bullrich-a-la-pampa-hara-enfasis-en-provincia-de-buenos-aires\\\/#primaryimage\",\"url\":\"https:\\\/\\\/diariotextual.com\\\/inicio\\\/wp-content\\\/uploads\\\/2023\\\/06\\\/bullrichpatricia2023-1.jpg\",\"contentUrl\":\"https:\\\/\\\/diariotextual.com\\\/inicio\\\/wp-content\\\/uploads\\\/2023\\\/06\\\/bullrichpatricia2023-1.jpg\",\"width\":1280,\"height\":855},{\"@type\":\"BreadcrumbList\",\"@id\":\"https:\\\/\\\/diariotextual.com\\\/inicio\\\/index.php\\\/2023\\\/09\\\/20\\\/en-jxc-ven-dificil-que-venga-bullrich-a-la-pampa-hara-enfasis-en-provincia-de-buenos-aires\\\/#breadcrumb\",\"itemListElement\":[{\"@type\":\"ListItem\",\"position\":1,\"name\":\"Portada\",\"item\":\"https:\\\/\\\/diariotextual.com\\\/inicio\\\/\"},{\"@type\":\"ListItem\",\"position\":2,\"name\":\"JxC no cree que Bullrich venga a La Pampa, pero logra encolumnar a intendentes radicales\"}]},{\"@type\":\"WebSite\",\"@id\":\"https:\\\/\\\/diariotextual.com\\\/inicio\\\/#website\",\"url\":\"https:\\\/\\\/diariotextual.com\\\/inicio\\\/\",\"name\":\"Diario Textual\",\"description\":\"\",\"publisher\":{\"@id\":\"https:\\\/\\\/diariotextual.com\\\/inicio\\\/#organization\"},\"potentialAction\":[{\"@type\":\"SearchAction\",\"target\":{\"@type\":\"EntryPoint\",\"urlTemplate\":\"https:\\\/\\\/diariotextual.com\\\/inicio\\\/?s={search_term_string}\"},\"query-input\":{\"@type\":\"PropertyValueSpecification\",\"valueRequired\":true,\"valueName\":\"search_term_string\"}}],\"inLanguage\":\"es\"},{\"@type\":\"Organization\",\"@id\":\"https:\\\/\\\/diariotextual.com\\\/inicio\\\/#organization\",\"name\":\"Diario Textual\",\"url\":\"https:\\\/\\\/diariotextual.com\\\/inicio\\\/\",\"logo\":{\"@type\":\"ImageObject\",\"inLanguage\":\"es\",\"@id\":\"https:\\\/\\\/diariotextual.com\\\/inicio\\\/#\\\/schema\\\/logo\\\/image\\\/\",\"url\":\"https:\\\/\\\/diariotextual.com\\\/inicio\\\/wp-content\\\/uploads\\\/2023\\\/05\\\/logotextual1.jpg\",\"contentUrl\":\"https:\\\/\\\/diariotextual.com\\\/inicio\\\/wp-content\\\/uploads\\\/2023\\\/05\\\/logotextual1.jpg\",\"width\":516,\"height\":76,\"caption\":\"Diario Textual\"},\"image\":{\"@id\":\"https:\\\/\\\/diariotextual.com\\\/inicio\\\/#\\\/schema\\\/logo\\\/image\\\/\"},\"sameAs\":[\"https:\\\/\\\/www.facebook.com\\\/eltextual\",\"https:\\\/\\\/x.com\\\/eltextual\",\"http:\\\/\\\/www.instagram.com\\\/eltextual\"]},{\"@type\":\"Person\",\"@id\":\"https:\\\/\\\/diariotextual.com\\\/inicio\\\/#\\\/schema\\\/person\\\/c7834961ad8b29b1d9cdbf4571299067\",\"name\":\"diario5\",\"image\":{\"@type\":\"ImageObject\",\"inLanguage\":\"es\",\"@id\":\"https:\\\/\\\/secure.gravatar.com\\\/avatar\\\/948c893b847ca6df68216ead81b63f363408ec9b0f600fefc0641ce78613b111?s=96&d=mm&r=g\",\"url\":\"https:\\\/\\\/secure.gravatar.com\\\/avatar\\\/948c893b847ca6df68216ead81b63f363408ec9b0f600fefc0641ce78613b111?s=96&d=mm&r=g\",\"contentUrl\":\"https:\\\/\\\/secure.gravatar.com\\\/avatar\\\/948c893b847ca6df68216ead81b63f363408ec9b0f600fefc0641ce78613b111?s=96&d=mm&r=g\",\"caption\":\"diario5\"},\"url\":\"https:\\\/\\\/diariotextual.com\\\/inicio\\\/index.php\\\/author\\\/diario5\\\/\"}]}<\/script>\n<!-- \/ Yoast SEO plugin. -->","yoast_head_json":{"title":"JxC no cree que Bullrich venga a La Pampa, pero logra encolumnar a intendentes radicales - Diario Textual","robots":{"index":"index","follow":"follow","max-snippet":"max-snippet:-1","max-image-preview":"max-image-preview:large","max-video-preview":"max-video-preview:-1"},"canonical":"https:\/\/diariotextual.com\/inicio\/index.php\/2023\/09\/20\/en-jxc-ven-dificil-que-venga-bullrich-a-la-pampa-hara-enfasis-en-provincia-de-buenos-aires\/","og_locale":"es_ES","og_type":"article","og_title":"JxC no cree que Bullrich venga a La Pampa, pero logra encolumnar a intendentes radicales - Diario Textual","og_description":"El presidente del PRO pampeano, Enrique Juan, dijo a Diario Textual que es \u201cdif\u00edcil\u201d que la candidata presidencial de Juntos por el Cambio, Patricia Bullrich, visite La Pampa antes del&hellip;","og_url":"https:\/\/diariotextual.com\/inicio\/index.php\/2023\/09\/20\/en-jxc-ven-dificil-que-venga-bullrich-a-la-pampa-hara-enfasis-en-provincia-de-buenos-aires\/","og_site_name":"Diario Textual","article_publisher":"https:\/\/www.facebook.com\/eltextual","article_published_time":"2023-09-20T11:36:42+00:00","article_modified_time":"2023-09-21T10:06:01+00:00","og_image":[{"width":1280,"height":855,"url":"https:\/\/diariotextual.com\/inicio\/wp-content\/uploads\/2023\/06\/bullrichpatricia2023-1.jpg","type":"image\/jpeg"}],"author":"diario5","twitter_card":"summary_large_image","twitter_creator":"@eltextual","twitter_site":"@eltextual","twitter_misc":{"Escrito por":"diario5","Tiempo de lectura":"2 minutos"},"schema":{"@context":"https:\/\/schema.org","@graph":[{"@type":"Article","@id":"https:\/\/diariotextual.com\/inicio\/index.php\/2023\/09\/20\/en-jxc-ven-dificil-que-venga-bullrich-a-la-pampa-hara-enfasis-en-provincia-de-buenos-aires\/#article","isPartOf":{"@id":"https:\/\/diariotextual.com\/inicio\/index.php\/2023\/09\/20\/en-jxc-ven-dificil-que-venga-bullrich-a-la-pampa-hara-enfasis-en-provincia-de-buenos-aires\/"},"author":{"name":"diario5","@id":"https:\/\/diariotextual.com\/inicio\/#\/schema\/person\/c7834961ad8b29b1d9cdbf4571299067"},"headline":"JxC no cree que Bullrich venga a La Pampa, pero logra encolumnar a intendentes radicales","datePublished":"2023-09-20T11:36:42+00:00","dateModified":"2023-09-21T10:06:01+00:00","mainEntityOfPage":{"@id":"https:\/\/diariotextual.com\/inicio\/index.php\/2023\/09\/20\/en-jxc-ven-dificil-que-venga-bullrich-a-la-pampa-hara-enfasis-en-provincia-de-buenos-aires\/"},"wordCount":327,"publisher":{"@id":"https:\/\/diariotextual.com\/inicio\/#organization"},"image":{"@id":"https:\/\/diariotextual.com\/inicio\/index.php\/2023\/09\/20\/en-jxc-ven-dificil-que-venga-bullrich-a-la-pampa-hara-enfasis-en-provincia-de-buenos-aires\/#primaryimage"},"thumbnailUrl":"https:\/\/diariotextual.com\/inicio\/wp-content\/uploads\/2023\/06\/bullrichpatricia2023-1.jpg","articleSection":["A - QUE PASA (al costado)","POLITICA"],"inLanguage":"es"},{"@type":"WebPage","@id":"https:\/\/diariotextual.com\/inicio\/index.php\/2023\/09\/20\/en-jxc-ven-dificil-que-venga-bullrich-a-la-pampa-hara-enfasis-en-provincia-de-buenos-aires\/","url":"https:\/\/diariotextual.com\/inicio\/index.php\/2023\/09\/20\/en-jxc-ven-dificil-que-venga-bullrich-a-la-pampa-hara-enfasis-en-provincia-de-buenos-aires\/","name":"JxC no cree que Bullrich venga a La Pampa, pero logra encolumnar a intendentes radicales - Diario Textual","isPartOf":{"@id":"https:\/\/diariotextual.com\/inicio\/#website"},"primaryImageOfPage":{"@id":"https:\/\/diariotextual.com\/inicio\/index.php\/2023\/09\/20\/en-jxc-ven-dificil-que-venga-bullrich-a-la-pampa-hara-enfasis-en-provincia-de-buenos-aires\/#primaryimage"},"image":{"@id":"https:\/\/diariotextual.com\/inicio\/index.php\/2023\/09\/20\/en-jxc-ven-dificil-que-venga-bullrich-a-la-pampa-hara-enfasis-en-provincia-de-buenos-aires\/#primaryimage"},"thumbnailUrl":"https:\/\/diariotextual.com\/inicio\/wp-content\/uploads\/2023\/06\/bullrichpatricia2023-1.jpg","datePublished":"2023-09-20T11:36:42+00:00","dateModified":"2023-09-21T10:06:01+00:00","breadcrumb":{"@id":"https:\/\/diariotextual.com\/inicio\/index.php\/2023\/09\/20\/en-jxc-ven-dificil-que-venga-bullrich-a-la-pampa-hara-enfasis-en-provincia-de-buenos-aires\/#breadcrumb"},"inLanguage":"es","potentialAction":[{"@type":"ReadAction","target":["https:\/\/diariotextual.com\/inicio\/index.php\/2023\/09\/20\/en-jxc-ven-dificil-que-venga-bullrich-a-la-pampa-hara-enfasis-en-provincia-de-buenos-aires\/"]}]},{"@type":"ImageObject","inLanguage":"es","@id":"https:\/\/diariotextual.com\/inicio\/index.php\/2023\/09\/20\/en-jxc-ven-dificil-que-venga-bullrich-a-la-pampa-hara-enfasis-en-provincia-de-buenos-aires\/#primaryimage","url":"https:\/\/diariotextual.com\/inicio\/wp-content\/uploads\/2023\/06\/bullrichpatricia2023-1.jpg","contentUrl":"https:\/\/diariotextual.com\/inicio\/wp-content\/uploads\/2023\/06\/bullrichpatricia2023-1.jpg","width":1280,"height":855},{"@type":"BreadcrumbList","@id":"https:\/\/diariotextual.com\/inicio\/index.php\/2023\/09\/20\/en-jxc-ven-dificil-que-venga-bullrich-a-la-pampa-hara-enfasis-en-provincia-de-buenos-aires\/#breadcrumb","itemListElement":[{"@type":"ListItem","position":1,"name":"Portada","item":"https:\/\/diariotextual.com\/inicio\/"},{"@type":"ListItem","position":2,"name":"JxC no cree que Bullrich venga a La Pampa, pero logra encolumnar a intendentes radicales"}]},{"@type":"WebSite","@id":"https:\/\/diariotextual.com\/inicio\/#website","url":"https:\/\/diariotextual.com\/inicio\/","name":"Diario Textual","description":"","publisher":{"@id":"https:\/\/diariotextual.com\/inicio\/#organization"},"potentialAction":[{"@type":"SearchAction","target":{"@type":"EntryPoint","urlTemplate":"https:\/\/diariotextual.com\/inicio\/?s={search_term_string}"},"query-input":{"@type":"PropertyValueSpecification","valueRequired":true,"valueName":"search_term_string"}}],"inLanguage":"es"},{"@type":"Organization","@id":"https:\/\/diariotextual.com\/inicio\/#organization","name":"Diario Textual","url":"https:\/\/diariotextual.com\/inicio\/","logo":{"@type":"ImageObject","inLanguage":"es","@id":"https:\/\/diariotextual.com\/inicio\/#\/schema\/logo\/image\/","url":"https:\/\/diariotextual.com\/inicio\/wp-content\/uploads\/2023\/05\/logotextual1.jpg","contentUrl":"https:\/\/diariotextual.com\/inicio\/wp-content\/uploads\/2023\/05\/logotextual1.jpg","width":516,"height":76,"caption":"Diario Textual"},"image":{"@id":"https:\/\/diariotextual.com\/inicio\/#\/schema\/logo\/image\/"},"sameAs":["https:\/\/www.facebook.com\/eltextual","https:\/\/x.com\/eltextual","http:\/\/www.instagram.com\/eltextual"]},{"@type":"Person","@id":"https:\/\/diariotextual.com\/inicio\/#\/schema\/person\/c7834961ad8b29b1d9cdbf4571299067","name":"diario5","image":{"@type":"ImageObject","inLanguage":"es","@id":"https:\/\/secure.gravatar.com\/avatar\/948c893b847ca6df68216ead81b63f363408ec9b0f600fefc0641ce78613b111?s=96&d=mm&r=g","url":"https:\/\/secure.gravatar.com\/avatar\/948c893b847ca6df68216ead81b63f363408ec9b0f600fefc0641ce78613b111?s=96&d=mm&r=g","contentUrl":"https:\/\/secure.gravatar.com\/avatar\/948c893b847ca6df68216ead81b63f363408ec9b0f600fefc0641ce78613b111?s=96&d=mm&r=g","caption":"diario5"},"url":"https:\/\/diariotextual.com\/inicio\/index.php\/author\/diario5\/"}]}},"_links":{"self":[{"href":"https:\/\/diariotextual.com\/inicio\/index.php\/wp-json\/wp\/v2\/posts\/238024","targetHints":{"allow":["GET"]}}],"collection":[{"href":"https:\/\/diariotextual.com\/inicio\/index.php\/wp-json\/wp\/v2\/posts"}],"about":[{"href":"https:\/\/diariotextual.com\/inicio\/index.php\/wp-json\/wp\/v2\/types\/post"}],"author":[{"embeddable":true,"href":"https:\/\/diariotextual.com\/inicio\/index.php\/wp-json\/wp\/v2\/users\/7"}],"replies":[{"embeddable":true,"href":"https:\/\/diariotextual.com\/inicio\/index.php\/wp-json\/wp\/v2\/comments?post=238024"}],"version-history":[{"count":7,"href":"https:\/\/diariotextual.com\/inicio\/index.php\/wp-json\/wp\/v2\/posts\/238024\/revisions"}],"predecessor-version":[{"id":238036,"href":"https:\/\/diariotextual.com\/inicio\/index.php\/wp-json\/wp\/v2\/posts\/238024\/revisions\/238036"}],"wp:featuredmedia":[{"embeddable":true,"href":"https:\/\/diariotextual.com\/inicio\/index.php\/wp-json\/wp\/v2\/media\/229870"}],"wp:attachment":[{"href":"https:\/\/diariotextual.com\/inicio\/index.php\/wp-json\/wp\/v2\/media?parent=238024"}],"wp:term":[{"taxonomy":"category","embeddable":true,"href":"https:\/\/diariotextual.com\/inicio\/index.php\/wp-json\/wp\/v2\/categories?post=238024"},{"taxonomy":"post_tag","embeddable":true,"href":"https:\/\/diariotextual.com\/inicio\/index.php\/wp-json\/wp\/v2\/tags?post=238024"}],"curies":[{"name":"wp","href":"https:\/\/api.w.org\/{rel}","templated":true}]}}