{"id":238045,"date":"2023-09-20T11:36:46","date_gmt":"2023-09-20T14:36:46","guid":{"rendered":"https:\/\/diariotextual.com\/inicio\/?p=238045"},"modified":"2023-09-21T06:06:23","modified_gmt":"2023-09-21T09:06:23","slug":"di-napoli-y-los-trabajadores-de-radio-nacional-estan-contratados-para-una-tarea-puntual","status":"publish","type":"post","link":"https:\/\/diariotextual.com\/inicio\/index.php\/2023\/09\/20\/di-napoli-y-los-trabajadores-de-radio-nacional-estan-contratados-para-una-tarea-puntual\/","title":{"rendered":"Di N\u00e1poli y los trabajadores de Radio Municipal: \u201cEst\u00e1n contratados para una tarea puntual\u201d"},"content":{"rendered":"\n<p>El intendente santarrose\u00f1o <strong>Luciano di N\u00e1poli<\/strong> evit\u00f3 una definici\u00f3n sobre c\u00f3mo va a solucionar el conflicto con trabajadores precarizados de la <strong>Radio Municipal <\/strong>que est\u00e1n<strong> contratados <\/strong>y <strong>reclaman pasar a planta permanente<\/strong>. <strong>Son seis y podr\u00edan quedar sin trabajo a partir de diciembre.<\/strong><\/p>\n\n\n\n<p>\u201cNo son trabajadores de planta, son contratados para una tarea puntual\u201d, dijo, ante una consulta de la prensa, durante el acto de inauguraci\u00f3n de la semaforizaci\u00f3n de la ruta nacional 5.<\/p>\n\n\n\n<p>Dijo que prefer\u00eda no ahondar por el momento en el tema. \u201cNo quiero hablar de esto\u201d, dijo. \u201cSimplemente, despu\u00e9s si quieren lo hablamos en otro momento, es un tema muy puntual y que no tiene que ver con trabajadores, sino con alguna tarea espec\u00edfica que cubren\u201d, expres\u00f3.<\/p>\n\n\n\n<p><strong>-Hay que decirte que son trabajadores, son trabajadores de hace 3 a\u00f1os- le dijeron desde Radio Kerm\u00e9s.<\/strong><\/p>\n\n\n\n<p>&#8211; No quito que sean trabajadores. Digo que son contratados para una tarea puntual. No son trabajadores de planta permanente en principio.<\/p>\n\n\n\n<p>Estos trabajadores presentan facturas, como monotributistas, desde hace unos 3 a\u00f1os. Percib\u00edan hasta el mes pasado unos 35 mil pesos, seg\u00fan denunci\u00f3 el Sindicato de Prensa Zona Sur.<\/p>\n\n\n\n<p>Desde el gremio, adem\u00e1s, dijeron que desde la comuna hab\u00eda trascendido la intenci\u00f3n era despedirlos despu\u00e9s de diciembre.<\/p>\n\n\n\n<p>El Sipren inform\u00f3 que solicitaron la intervenci\u00f3n y una inspecci\u00f3n a la Secretar\u00eda de trabajo y Promoci\u00f3n de Empleo de La Pampa para reparar la situaci\u00f3n de los y las periodistas.<\/p>\n\n\n\n<p>A su vez, el sector precarizado de la radio recibi\u00f3 el apoyo de los y las trabajadoras municipales, que elevaron una nota a Heriberto Mediza, secretario de Gobierno del municipio. En el documento expusieron que las personas contratadas llevan trabajando m\u00e1s de un a\u00f1o y medio en el medio y cobran salarios de entre $35.000 y $50.000.<\/p>\n\n\n\n<p><\/p>\n","protected":false},"excerpt":{"rendered":"<p>El intendente santarrose\u00f1o Luciano di N\u00e1poli evit\u00f3 una definici\u00f3n sobre c\u00f3mo va a solucionar el conflicto con trabajadores precarizados de la Radio Municipal que est\u00e1n contratados y reclaman pasar a&hellip;<\/p>\n","protected":false},"author":3,"featured_media":238060,"comment_status":"closed","ping_status":"open","sticky":false,"template":"","format":"standard","meta":{"_acf_changed":false,"footnotes":""},"categories":[11,8],"tags":[],"class_list":["post-238045","post","type-post","status-publish","format-standard","has-post-thumbnail","hentry","category-que-pasa","category-politica"],"acf":[],"yoast_head":"<!-- This site is optimized with the Yoast SEO plugin v27.5 - https:\/\/yoast.com\/product\/yoast-seo-wordpress\/ -->\n<title>Di N\u00e1poli y los trabajadores de Radio Municipal: \u201cEst\u00e1n contratados para una tarea puntual\u201d - Diario Textual<\/title>\n<meta name=\"robots\" content=\"index, follow, max-snippet:-1, max-image-preview:large, max-video-preview:-1\" \/>\n<link rel=\"canonical\" href=\"https:\/\/diariotextual.com\/inicio\/index.php\/2023\/09\/20\/di-napoli-y-los-trabajadores-de-radio-nacional-estan-contratados-para-una-tarea-puntual\/\" \/>\n<meta property=\"og:locale\" content=\"es_ES\" \/>\n<meta property=\"og:type\" content=\"article\" \/>\n<meta property=\"og:title\" content=\"Di N\u00e1poli y los trabajadores de Radio Municipal: \u201cEst\u00e1n contratados para una tarea puntual\u201d - Diario Textual\" \/>\n<meta property=\"og:description\" content=\"El intendente santarrose\u00f1o Luciano di N\u00e1poli evit\u00f3 una definici\u00f3n sobre c\u00f3mo va a solucionar el conflicto con trabajadores precarizados de la Radio Municipal que est\u00e1n contratados y reclaman pasar a&hellip;\" \/>\n<meta property=\"og:url\" content=\"https:\/\/diariotextual.com\/inicio\/index.php\/2023\/09\/20\/di-napoli-y-los-trabajadores-de-radio-nacional-estan-contratados-para-una-tarea-puntual\/\" \/>\n<meta property=\"og:site_name\" content=\"Diario Textual\" \/>\n<meta property=\"article:publisher\" content=\"https:\/\/www.facebook.com\/eltextual\" \/>\n<meta property=\"article:published_time\" content=\"2023-09-20T14:36:46+00:00\" \/>\n<meta property=\"article:modified_time\" content=\"2023-09-21T09:06:23+00:00\" \/>\n<meta property=\"og:image\" content=\"https:\/\/diariotextual.com\/inicio\/wp-content\/uploads\/2023\/09\/dinapolilucianocrucesemaforizadoruta52023-1.jpg\" \/>\n\t<meta property=\"og:image:width\" content=\"1500\" \/>\n\t<meta property=\"og:image:height\" content=\"1000\" \/>\n\t<meta property=\"og:image:type\" content=\"image\/jpeg\" \/>\n<meta name=\"author\" content=\"Diario1 Diario1\" \/>\n<meta name=\"twitter:card\" content=\"summary_large_image\" \/>\n<meta name=\"twitter:creator\" content=\"@eltextual\" \/>\n<meta name=\"twitter:site\" content=\"@eltextual\" \/>\n<meta name=\"twitter:label1\" content=\"Escrito por\" \/>\n\t<meta name=\"twitter:data1\" content=\"Diario1 Diario1\" \/>\n\t<meta name=\"twitter:label2\" content=\"Tiempo de lectura\" \/>\n\t<meta name=\"twitter:data2\" content=\"2 minutos\" \/>\n<script type=\"application\/ld+json\" class=\"yoast-schema-graph\">{\"@context\":\"https:\\\/\\\/schema.org\",\"@graph\":[{\"@type\":\"Article\",\"@id\":\"https:\\\/\\\/diariotextual.com\\\/inicio\\\/index.php\\\/2023\\\/09\\\/20\\\/di-napoli-y-los-trabajadores-de-radio-nacional-estan-contratados-para-una-tarea-puntual\\\/#article\",\"isPartOf\":{\"@id\":\"https:\\\/\\\/diariotextual.com\\\/inicio\\\/index.php\\\/2023\\\/09\\\/20\\\/di-napoli-y-los-trabajadores-de-radio-nacional-estan-contratados-para-una-tarea-puntual\\\/\"},\"author\":{\"name\":\"Diario1 Diario1\",\"@id\":\"https:\\\/\\\/diariotextual.com\\\/inicio\\\/#\\\/schema\\\/person\\\/418fc4093c33e86ed41562db3508f958\"},\"headline\":\"Di N\u00e1poli y los trabajadores de Radio Municipal: \u201cEst\u00e1n contratados para una tarea puntual\u201d\",\"datePublished\":\"2023-09-20T14:36:46+00:00\",\"dateModified\":\"2023-09-21T09:06:23+00:00\",\"mainEntityOfPage\":{\"@id\":\"https:\\\/\\\/diariotextual.com\\\/inicio\\\/index.php\\\/2023\\\/09\\\/20\\\/di-napoli-y-los-trabajadores-de-radio-nacional-estan-contratados-para-una-tarea-puntual\\\/\"},\"wordCount\":331,\"publisher\":{\"@id\":\"https:\\\/\\\/diariotextual.com\\\/inicio\\\/#organization\"},\"image\":{\"@id\":\"https:\\\/\\\/diariotextual.com\\\/inicio\\\/index.php\\\/2023\\\/09\\\/20\\\/di-napoli-y-los-trabajadores-de-radio-nacional-estan-contratados-para-una-tarea-puntual\\\/#primaryimage\"},\"thumbnailUrl\":\"https:\\\/\\\/diariotextual.com\\\/inicio\\\/wp-content\\\/uploads\\\/2023\\\/09\\\/dinapolilucianocrucesemaforizadoruta52023-1.jpg\",\"articleSection\":[\"A - QUE PASA (al costado)\",\"POLITICA\"],\"inLanguage\":\"es\"},{\"@type\":\"WebPage\",\"@id\":\"https:\\\/\\\/diariotextual.com\\\/inicio\\\/index.php\\\/2023\\\/09\\\/20\\\/di-napoli-y-los-trabajadores-de-radio-nacional-estan-contratados-para-una-tarea-puntual\\\/\",\"url\":\"https:\\\/\\\/diariotextual.com\\\/inicio\\\/index.php\\\/2023\\\/09\\\/20\\\/di-napoli-y-los-trabajadores-de-radio-nacional-estan-contratados-para-una-tarea-puntual\\\/\",\"name\":\"Di N\u00e1poli y los trabajadores de Radio Municipal: \u201cEst\u00e1n contratados para una tarea puntual\u201d - Diario Textual\",\"isPartOf\":{\"@id\":\"https:\\\/\\\/diariotextual.com\\\/inicio\\\/#website\"},\"primaryImageOfPage\":{\"@id\":\"https:\\\/\\\/diariotextual.com\\\/inicio\\\/index.php\\\/2023\\\/09\\\/20\\\/di-napoli-y-los-trabajadores-de-radio-nacional-estan-contratados-para-una-tarea-puntual\\\/#primaryimage\"},\"image\":{\"@id\":\"https:\\\/\\\/diariotextual.com\\\/inicio\\\/index.php\\\/2023\\\/09\\\/20\\\/di-napoli-y-los-trabajadores-de-radio-nacional-estan-contratados-para-una-tarea-puntual\\\/#primaryimage\"},\"thumbnailUrl\":\"https:\\\/\\\/diariotextual.com\\\/inicio\\\/wp-content\\\/uploads\\\/2023\\\/09\\\/dinapolilucianocrucesemaforizadoruta52023-1.jpg\",\"datePublished\":\"2023-09-20T14:36:46+00:00\",\"dateModified\":\"2023-09-21T09:06:23+00:00\",\"breadcrumb\":{\"@id\":\"https:\\\/\\\/diariotextual.com\\\/inicio\\\/index.php\\\/2023\\\/09\\\/20\\\/di-napoli-y-los-trabajadores-de-radio-nacional-estan-contratados-para-una-tarea-puntual\\\/#breadcrumb\"},\"inLanguage\":\"es\",\"potentialAction\":[{\"@type\":\"ReadAction\",\"target\":[\"https:\\\/\\\/diariotextual.com\\\/inicio\\\/index.php\\\/2023\\\/09\\\/20\\\/di-napoli-y-los-trabajadores-de-radio-nacional-estan-contratados-para-una-tarea-puntual\\\/\"]}]},{\"@type\":\"ImageObject\",\"inLanguage\":\"es\",\"@id\":\"https:\\\/\\\/diariotextual.com\\\/inicio\\\/index.php\\\/2023\\\/09\\\/20\\\/di-napoli-y-los-trabajadores-de-radio-nacional-estan-contratados-para-una-tarea-puntual\\\/#primaryimage\",\"url\":\"https:\\\/\\\/diariotextual.com\\\/inicio\\\/wp-content\\\/uploads\\\/2023\\\/09\\\/dinapolilucianocrucesemaforizadoruta52023-1.jpg\",\"contentUrl\":\"https:\\\/\\\/diariotextual.com\\\/inicio\\\/wp-content\\\/uploads\\\/2023\\\/09\\\/dinapolilucianocrucesemaforizadoruta52023-1.jpg\",\"width\":1500,\"height\":1000},{\"@type\":\"BreadcrumbList\",\"@id\":\"https:\\\/\\\/diariotextual.com\\\/inicio\\\/index.php\\\/2023\\\/09\\\/20\\\/di-napoli-y-los-trabajadores-de-radio-nacional-estan-contratados-para-una-tarea-puntual\\\/#breadcrumb\",\"itemListElement\":[{\"@type\":\"ListItem\",\"position\":1,\"name\":\"Portada\",\"item\":\"https:\\\/\\\/diariotextual.com\\\/inicio\\\/\"},{\"@type\":\"ListItem\",\"position\":2,\"name\":\"Di N\u00e1poli y los trabajadores de Radio Municipal: \u201cEst\u00e1n contratados para una tarea puntual\u201d\"}]},{\"@type\":\"WebSite\",\"@id\":\"https:\\\/\\\/diariotextual.com\\\/inicio\\\/#website\",\"url\":\"https:\\\/\\\/diariotextual.com\\\/inicio\\\/\",\"name\":\"Diario Textual\",\"description\":\"\",\"publisher\":{\"@id\":\"https:\\\/\\\/diariotextual.com\\\/inicio\\\/#organization\"},\"potentialAction\":[{\"@type\":\"SearchAction\",\"target\":{\"@type\":\"EntryPoint\",\"urlTemplate\":\"https:\\\/\\\/diariotextual.com\\\/inicio\\\/?s={search_term_string}\"},\"query-input\":{\"@type\":\"PropertyValueSpecification\",\"valueRequired\":true,\"valueName\":\"search_term_string\"}}],\"inLanguage\":\"es\"},{\"@type\":\"Organization\",\"@id\":\"https:\\\/\\\/diariotextual.com\\\/inicio\\\/#organization\",\"name\":\"Diario Textual\",\"url\":\"https:\\\/\\\/diariotextual.com\\\/inicio\\\/\",\"logo\":{\"@type\":\"ImageObject\",\"inLanguage\":\"es\",\"@id\":\"https:\\\/\\\/diariotextual.com\\\/inicio\\\/#\\\/schema\\\/logo\\\/image\\\/\",\"url\":\"https:\\\/\\\/diariotextual.com\\\/inicio\\\/wp-content\\\/uploads\\\/2023\\\/05\\\/logotextual1.jpg\",\"contentUrl\":\"https:\\\/\\\/diariotextual.com\\\/inicio\\\/wp-content\\\/uploads\\\/2023\\\/05\\\/logotextual1.jpg\",\"width\":516,\"height\":76,\"caption\":\"Diario Textual\"},\"image\":{\"@id\":\"https:\\\/\\\/diariotextual.com\\\/inicio\\\/#\\\/schema\\\/logo\\\/image\\\/\"},\"sameAs\":[\"https:\\\/\\\/www.facebook.com\\\/eltextual\",\"https:\\\/\\\/x.com\\\/eltextual\",\"http:\\\/\\\/www.instagram.com\\\/eltextual\"]},{\"@type\":\"Person\",\"@id\":\"https:\\\/\\\/diariotextual.com\\\/inicio\\\/#\\\/schema\\\/person\\\/418fc4093c33e86ed41562db3508f958\",\"name\":\"Diario1 Diario1\",\"image\":{\"@type\":\"ImageObject\",\"inLanguage\":\"es\",\"@id\":\"https:\\\/\\\/secure.gravatar.com\\\/avatar\\\/9167d280179c85bc18be67aa7eda765854300033af4896dd779b608640f2ef7a?s=96&d=mm&r=g\",\"url\":\"https:\\\/\\\/secure.gravatar.com\\\/avatar\\\/9167d280179c85bc18be67aa7eda765854300033af4896dd779b608640f2ef7a?s=96&d=mm&r=g\",\"contentUrl\":\"https:\\\/\\\/secure.gravatar.com\\\/avatar\\\/9167d280179c85bc18be67aa7eda765854300033af4896dd779b608640f2ef7a?s=96&d=mm&r=g\",\"caption\":\"Diario1 Diario1\"},\"url\":\"https:\\\/\\\/diariotextual.com\\\/inicio\\\/index.php\\\/author\\\/diario1\\\/\"}]}<\/script>\n<!-- \/ Yoast SEO plugin. -->","yoast_head_json":{"title":"Di N\u00e1poli y los trabajadores de Radio Municipal: \u201cEst\u00e1n contratados para una tarea puntual\u201d - Diario Textual","robots":{"index":"index","follow":"follow","max-snippet":"max-snippet:-1","max-image-preview":"max-image-preview:large","max-video-preview":"max-video-preview:-1"},"canonical":"https:\/\/diariotextual.com\/inicio\/index.php\/2023\/09\/20\/di-napoli-y-los-trabajadores-de-radio-nacional-estan-contratados-para-una-tarea-puntual\/","og_locale":"es_ES","og_type":"article","og_title":"Di N\u00e1poli y los trabajadores de Radio Municipal: \u201cEst\u00e1n contratados para una tarea puntual\u201d - Diario Textual","og_description":"El intendente santarrose\u00f1o Luciano di N\u00e1poli evit\u00f3 una definici\u00f3n sobre c\u00f3mo va a solucionar el conflicto con trabajadores precarizados de la Radio Municipal que est\u00e1n contratados y reclaman pasar a&hellip;","og_url":"https:\/\/diariotextual.com\/inicio\/index.php\/2023\/09\/20\/di-napoli-y-los-trabajadores-de-radio-nacional-estan-contratados-para-una-tarea-puntual\/","og_site_name":"Diario Textual","article_publisher":"https:\/\/www.facebook.com\/eltextual","article_published_time":"2023-09-20T14:36:46+00:00","article_modified_time":"2023-09-21T09:06:23+00:00","og_image":[{"width":1500,"height":1000,"url":"https:\/\/diariotextual.com\/inicio\/wp-content\/uploads\/2023\/09\/dinapolilucianocrucesemaforizadoruta52023-1.jpg","type":"image\/jpeg"}],"author":"Diario1 Diario1","twitter_card":"summary_large_image","twitter_creator":"@eltextual","twitter_site":"@eltextual","twitter_misc":{"Escrito por":"Diario1 Diario1","Tiempo de lectura":"2 minutos"},"schema":{"@context":"https:\/\/schema.org","@graph":[{"@type":"Article","@id":"https:\/\/diariotextual.com\/inicio\/index.php\/2023\/09\/20\/di-napoli-y-los-trabajadores-de-radio-nacional-estan-contratados-para-una-tarea-puntual\/#article","isPartOf":{"@id":"https:\/\/diariotextual.com\/inicio\/index.php\/2023\/09\/20\/di-napoli-y-los-trabajadores-de-radio-nacional-estan-contratados-para-una-tarea-puntual\/"},"author":{"name":"Diario1 Diario1","@id":"https:\/\/diariotextual.com\/inicio\/#\/schema\/person\/418fc4093c33e86ed41562db3508f958"},"headline":"Di N\u00e1poli y los trabajadores de Radio Municipal: \u201cEst\u00e1n contratados para una tarea puntual\u201d","datePublished":"2023-09-20T14:36:46+00:00","dateModified":"2023-09-21T09:06:23+00:00","mainEntityOfPage":{"@id":"https:\/\/diariotextual.com\/inicio\/index.php\/2023\/09\/20\/di-napoli-y-los-trabajadores-de-radio-nacional-estan-contratados-para-una-tarea-puntual\/"},"wordCount":331,"publisher":{"@id":"https:\/\/diariotextual.com\/inicio\/#organization"},"image":{"@id":"https:\/\/diariotextual.com\/inicio\/index.php\/2023\/09\/20\/di-napoli-y-los-trabajadores-de-radio-nacional-estan-contratados-para-una-tarea-puntual\/#primaryimage"},"thumbnailUrl":"https:\/\/diariotextual.com\/inicio\/wp-content\/uploads\/2023\/09\/dinapolilucianocrucesemaforizadoruta52023-1.jpg","articleSection":["A - QUE PASA (al costado)","POLITICA"],"inLanguage":"es"},{"@type":"WebPage","@id":"https:\/\/diariotextual.com\/inicio\/index.php\/2023\/09\/20\/di-napoli-y-los-trabajadores-de-radio-nacional-estan-contratados-para-una-tarea-puntual\/","url":"https:\/\/diariotextual.com\/inicio\/index.php\/2023\/09\/20\/di-napoli-y-los-trabajadores-de-radio-nacional-estan-contratados-para-una-tarea-puntual\/","name":"Di N\u00e1poli y los trabajadores de Radio Municipal: \u201cEst\u00e1n contratados para una tarea puntual\u201d - Diario Textual","isPartOf":{"@id":"https:\/\/diariotextual.com\/inicio\/#website"},"primaryImageOfPage":{"@id":"https:\/\/diariotextual.com\/inicio\/index.php\/2023\/09\/20\/di-napoli-y-los-trabajadores-de-radio-nacional-estan-contratados-para-una-tarea-puntual\/#primaryimage"},"image":{"@id":"https:\/\/diariotextual.com\/inicio\/index.php\/2023\/09\/20\/di-napoli-y-los-trabajadores-de-radio-nacional-estan-contratados-para-una-tarea-puntual\/#primaryimage"},"thumbnailUrl":"https:\/\/diariotextual.com\/inicio\/wp-content\/uploads\/2023\/09\/dinapolilucianocrucesemaforizadoruta52023-1.jpg","datePublished":"2023-09-20T14:36:46+00:00","dateModified":"2023-09-21T09:06:23+00:00","breadcrumb":{"@id":"https:\/\/diariotextual.com\/inicio\/index.php\/2023\/09\/20\/di-napoli-y-los-trabajadores-de-radio-nacional-estan-contratados-para-una-tarea-puntual\/#breadcrumb"},"inLanguage":"es","potentialAction":[{"@type":"ReadAction","target":["https:\/\/diariotextual.com\/inicio\/index.php\/2023\/09\/20\/di-napoli-y-los-trabajadores-de-radio-nacional-estan-contratados-para-una-tarea-puntual\/"]}]},{"@type":"ImageObject","inLanguage":"es","@id":"https:\/\/diariotextual.com\/inicio\/index.php\/2023\/09\/20\/di-napoli-y-los-trabajadores-de-radio-nacional-estan-contratados-para-una-tarea-puntual\/#primaryimage","url":"https:\/\/diariotextual.com\/inicio\/wp-content\/uploads\/2023\/09\/dinapolilucianocrucesemaforizadoruta52023-1.jpg","contentUrl":"https:\/\/diariotextual.com\/inicio\/wp-content\/uploads\/2023\/09\/dinapolilucianocrucesemaforizadoruta52023-1.jpg","width":1500,"height":1000},{"@type":"BreadcrumbList","@id":"https:\/\/diariotextual.com\/inicio\/index.php\/2023\/09\/20\/di-napoli-y-los-trabajadores-de-radio-nacional-estan-contratados-para-una-tarea-puntual\/#breadcrumb","itemListElement":[{"@type":"ListItem","position":1,"name":"Portada","item":"https:\/\/diariotextual.com\/inicio\/"},{"@type":"ListItem","position":2,"name":"Di N\u00e1poli y los trabajadores de Radio Municipal: \u201cEst\u00e1n contratados para una tarea puntual\u201d"}]},{"@type":"WebSite","@id":"https:\/\/diariotextual.com\/inicio\/#website","url":"https:\/\/diariotextual.com\/inicio\/","name":"Diario Textual","description":"","publisher":{"@id":"https:\/\/diariotextual.com\/inicio\/#organization"},"potentialAction":[{"@type":"SearchAction","target":{"@type":"EntryPoint","urlTemplate":"https:\/\/diariotextual.com\/inicio\/?s={search_term_string}"},"query-input":{"@type":"PropertyValueSpecification","valueRequired":true,"valueName":"search_term_string"}}],"inLanguage":"es"},{"@type":"Organization","@id":"https:\/\/diariotextual.com\/inicio\/#organization","name":"Diario Textual","url":"https:\/\/diariotextual.com\/inicio\/","logo":{"@type":"ImageObject","inLanguage":"es","@id":"https:\/\/diariotextual.com\/inicio\/#\/schema\/logo\/image\/","url":"https:\/\/diariotextual.com\/inicio\/wp-content\/uploads\/2023\/05\/logotextual1.jpg","contentUrl":"https:\/\/diariotextual.com\/inicio\/wp-content\/uploads\/2023\/05\/logotextual1.jpg","width":516,"height":76,"caption":"Diario Textual"},"image":{"@id":"https:\/\/diariotextual.com\/inicio\/#\/schema\/logo\/image\/"},"sameAs":["https:\/\/www.facebook.com\/eltextual","https:\/\/x.com\/eltextual","http:\/\/www.instagram.com\/eltextual"]},{"@type":"Person","@id":"https:\/\/diariotextual.com\/inicio\/#\/schema\/person\/418fc4093c33e86ed41562db3508f958","name":"Diario1 Diario1","image":{"@type":"ImageObject","inLanguage":"es","@id":"https:\/\/secure.gravatar.com\/avatar\/9167d280179c85bc18be67aa7eda765854300033af4896dd779b608640f2ef7a?s=96&d=mm&r=g","url":"https:\/\/secure.gravatar.com\/avatar\/9167d280179c85bc18be67aa7eda765854300033af4896dd779b608640f2ef7a?s=96&d=mm&r=g","contentUrl":"https:\/\/secure.gravatar.com\/avatar\/9167d280179c85bc18be67aa7eda765854300033af4896dd779b608640f2ef7a?s=96&d=mm&r=g","caption":"Diario1 Diario1"},"url":"https:\/\/diariotextual.com\/inicio\/index.php\/author\/diario1\/"}]}},"_links":{"self":[{"href":"https:\/\/diariotextual.com\/inicio\/index.php\/wp-json\/wp\/v2\/posts\/238045","targetHints":{"allow":["GET"]}}],"collection":[{"href":"https:\/\/diariotextual.com\/inicio\/index.php\/wp-json\/wp\/v2\/posts"}],"about":[{"href":"https:\/\/diariotextual.com\/inicio\/index.php\/wp-json\/wp\/v2\/types\/post"}],"author":[{"embeddable":true,"href":"https:\/\/diariotextual.com\/inicio\/index.php\/wp-json\/wp\/v2\/users\/3"}],"replies":[{"embeddable":true,"href":"https:\/\/diariotextual.com\/inicio\/index.php\/wp-json\/wp\/v2\/comments?post=238045"}],"version-history":[{"count":6,"href":"https:\/\/diariotextual.com\/inicio\/index.php\/wp-json\/wp\/v2\/posts\/238045\/revisions"}],"predecessor-version":[{"id":238077,"href":"https:\/\/diariotextual.com\/inicio\/index.php\/wp-json\/wp\/v2\/posts\/238045\/revisions\/238077"}],"wp:featuredmedia":[{"embeddable":true,"href":"https:\/\/diariotextual.com\/inicio\/index.php\/wp-json\/wp\/v2\/media\/238060"}],"wp:attachment":[{"href":"https:\/\/diariotextual.com\/inicio\/index.php\/wp-json\/wp\/v2\/media?parent=238045"}],"wp:term":[{"taxonomy":"category","embeddable":true,"href":"https:\/\/diariotextual.com\/inicio\/index.php\/wp-json\/wp\/v2\/categories?post=238045"},{"taxonomy":"post_tag","embeddable":true,"href":"https:\/\/diariotextual.com\/inicio\/index.php\/wp-json\/wp\/v2\/tags?post=238045"}],"curies":[{"name":"wp","href":"https:\/\/api.w.org\/{rel}","templated":true}]}}