{"id":238080,"date":"2023-09-20T15:52:30","date_gmt":"2023-09-20T18:52:30","guid":{"rendered":"https:\/\/diariotextual.com\/inicio\/?p=238080"},"modified":"2023-09-21T09:13:21","modified_gmt":"2023-09-21T12:13:21","slug":"massa-anuncio-la-suspension-de-las-retenciones-al-sector-lacteo-por-90-dias","status":"publish","type":"post","link":"https:\/\/diariotextual.com\/inicio\/index.php\/2023\/09\/20\/massa-anuncio-la-suspension-de-las-retenciones-al-sector-lacteo-por-90-dias\/","title":{"rendered":"Massa anunci\u00f3 la suspensi\u00f3n de las retenciones al sector l\u00e1cteo por 90 d\u00edas"},"content":{"rendered":"\n<p>El ministro de Econom\u00eda&nbsp;<strong>Sergio Massa&nbsp;<\/strong>anunci\u00f3 que<strong>&nbsp;suspender\u00e1 la aplicaci\u00f3n de derechos de exportaci\u00f3n para l\u00e1cteos<\/strong>. Se suma as\u00ed a una serie de productos del agro que hab\u00edan tenido reducci\u00f3n de retenciones desde septiembre. Tambi\u00e9n plante\u00f3 un congelamiento de precios de productos derivados en las g\u00f3ndolas por tres meses.<\/p>\n\n\n\n<p>La quita de retenciones es por 90 d\u00edas para los productos l\u00e1cteos y tambi\u00e9n se aument\u00f3 20% la cuota de Impulso Tambero y extendi\u00f3 el programa hasta el 31 de diciembre. Las medidas son a cambio de congelar los productos por tres meses y mantener la rentabilidad de los tamberos. Esto representa una inversi\u00f3n de&nbsp;<strong>$10.000 millones<\/strong>&nbsp;de parte del Estado.<\/p>\n\n\n\n<p>\u201cQuedan suspendidos por los pr\u00f3ximos 90 d\u00edas las retenciones a las exportaciones de leche. Se aumenta 20% la cuota del Impulso Tambero; y extendemos el Impulso Tambero hasta el 30 de diciembre. Para garantizar la producci\u00f3n l\u00e1ctea con dos compromisos: el primero, que el precio de derrame llegue a los productores, y la Secretar\u00eda de Agricultura va a estar controlando que los productores se vean beneficiados en precio; segundo compromiso, que&nbsp;<strong>el precio de la g\u00f3ndola se nos quede quieto los pr\u00f3ximos 90 d\u00edas<\/strong>&nbsp;para que la gente, cuando vaya a comprar leche, queso crema, queso duro o todos los derivados de l\u00e1cteos, yogur, se encuentre con los mismos precios\u201d, dijo el ministro y candidato de Uni\u00f3n por la Patria.<\/p>\n\n\n\n<p>\u201cTienen que haber un compromiso de punta a punta de la cadena, que nos garantiza todo. No hay retenciones, precios accesibles para la gente, buen precio de producto para el productor, e inversi\u00f3n de diez mil millones de pesos por parte del Estado argentino\u201d, destac\u00f3.<\/p>\n\n\n\n<p><\/p>\n","protected":false},"excerpt":{"rendered":"<p>El ministro de Econom\u00eda&nbsp;Sergio Massa&nbsp;anunci\u00f3 que&nbsp;suspender\u00e1 la aplicaci\u00f3n de derechos de exportaci\u00f3n para l\u00e1cteos. Se suma as\u00ed a una serie de productos del agro que hab\u00edan tenido reducci\u00f3n de retenciones&hellip;<\/p>\n","protected":false},"author":3,"featured_media":14636,"comment_status":"closed","ping_status":"open","sticky":false,"template":"","format":"standard","meta":{"_acf_changed":false,"footnotes":""},"categories":[1,11,20],"tags":[],"class_list":["post-238080","post","type-post","status-publish","format-standard","has-post-thumbnail","hentry","category-es-noticia","category-que-pasa","category-campo"],"acf":[],"yoast_head":"<!-- This site is optimized with the Yoast SEO plugin v27.5 - https:\/\/yoast.com\/product\/yoast-seo-wordpress\/ -->\n<title>Massa anunci\u00f3 la suspensi\u00f3n de las retenciones al sector l\u00e1cteo por 90 d\u00edas - Diario Textual<\/title>\n<meta name=\"robots\" content=\"index, follow, max-snippet:-1, max-image-preview:large, max-video-preview:-1\" \/>\n<link rel=\"canonical\" href=\"https:\/\/diariotextual.com\/inicio\/index.php\/2023\/09\/20\/massa-anuncio-la-suspension-de-las-retenciones-al-sector-lacteo-por-90-dias\/\" \/>\n<meta property=\"og:locale\" content=\"es_ES\" \/>\n<meta property=\"og:type\" content=\"article\" \/>\n<meta property=\"og:title\" content=\"Massa anunci\u00f3 la suspensi\u00f3n de las retenciones al sector l\u00e1cteo por 90 d\u00edas - Diario Textual\" \/>\n<meta property=\"og:description\" content=\"El ministro de Econom\u00eda&nbsp;Sergio Massa&nbsp;anunci\u00f3 que&nbsp;suspender\u00e1 la aplicaci\u00f3n de derechos de exportaci\u00f3n para l\u00e1cteos. Se suma as\u00ed a una serie de productos del agro que hab\u00edan tenido reducci\u00f3n de retenciones&hellip;\" \/>\n<meta property=\"og:url\" content=\"https:\/\/diariotextual.com\/inicio\/index.php\/2023\/09\/20\/massa-anuncio-la-suspension-de-las-retenciones-al-sector-lacteo-por-90-dias\/\" \/>\n<meta property=\"og:site_name\" content=\"Diario Textual\" \/>\n<meta property=\"article:publisher\" content=\"https:\/\/www.facebook.com\/eltextual\" \/>\n<meta property=\"article:published_time\" content=\"2023-09-20T18:52:30+00:00\" \/>\n<meta property=\"article:modified_time\" content=\"2023-09-21T12:13:21+00:00\" \/>\n<meta property=\"og:image\" content=\"https:\/\/diariotextual.com\/inicio\/wp-content\/uploads\/2018\/07\/tamboslecheria911.jpg\" \/>\n\t<meta property=\"og:image:width\" content=\"920\" \/>\n\t<meta property=\"og:image:height\" content=\"565\" \/>\n\t<meta property=\"og:image:type\" content=\"image\/jpeg\" \/>\n<meta name=\"author\" content=\"Diario1 Diario1\" \/>\n<meta name=\"twitter:card\" content=\"summary_large_image\" \/>\n<meta name=\"twitter:creator\" content=\"@eltextual\" \/>\n<meta name=\"twitter:site\" content=\"@eltextual\" \/>\n<meta name=\"twitter:label1\" content=\"Escrito por\" \/>\n\t<meta name=\"twitter:data1\" content=\"Diario1 Diario1\" \/>\n\t<meta name=\"twitter:label2\" content=\"Tiempo de lectura\" \/>\n\t<meta name=\"twitter:data2\" content=\"2 minutos\" \/>\n<script type=\"application\/ld+json\" class=\"yoast-schema-graph\">{\"@context\":\"https:\\\/\\\/schema.org\",\"@graph\":[{\"@type\":\"Article\",\"@id\":\"https:\\\/\\\/diariotextual.com\\\/inicio\\\/index.php\\\/2023\\\/09\\\/20\\\/massa-anuncio-la-suspension-de-las-retenciones-al-sector-lacteo-por-90-dias\\\/#article\",\"isPartOf\":{\"@id\":\"https:\\\/\\\/diariotextual.com\\\/inicio\\\/index.php\\\/2023\\\/09\\\/20\\\/massa-anuncio-la-suspension-de-las-retenciones-al-sector-lacteo-por-90-dias\\\/\"},\"author\":{\"name\":\"Diario1 Diario1\",\"@id\":\"https:\\\/\\\/diariotextual.com\\\/inicio\\\/#\\\/schema\\\/person\\\/418fc4093c33e86ed41562db3508f958\"},\"headline\":\"Massa anunci\u00f3 la suspensi\u00f3n de las retenciones al sector l\u00e1cteo por 90 d\u00edas\",\"datePublished\":\"2023-09-20T18:52:30+00:00\",\"dateModified\":\"2023-09-21T12:13:21+00:00\",\"mainEntityOfPage\":{\"@id\":\"https:\\\/\\\/diariotextual.com\\\/inicio\\\/index.php\\\/2023\\\/09\\\/20\\\/massa-anuncio-la-suspension-de-las-retenciones-al-sector-lacteo-por-90-dias\\\/\"},\"wordCount\":313,\"publisher\":{\"@id\":\"https:\\\/\\\/diariotextual.com\\\/inicio\\\/#organization\"},\"image\":{\"@id\":\"https:\\\/\\\/diariotextual.com\\\/inicio\\\/index.php\\\/2023\\\/09\\\/20\\\/massa-anuncio-la-suspension-de-las-retenciones-al-sector-lacteo-por-90-dias\\\/#primaryimage\"},\"thumbnailUrl\":\"https:\\\/\\\/diariotextual.com\\\/inicio\\\/wp-content\\\/uploads\\\/2018\\\/07\\\/tamboslecheria911.jpg\",\"articleSection\":[\"A - ES NOTICIA (van abajo)\",\"A - QUE PASA (al costado)\",\"CAMPO\"],\"inLanguage\":\"es\"},{\"@type\":\"WebPage\",\"@id\":\"https:\\\/\\\/diariotextual.com\\\/inicio\\\/index.php\\\/2023\\\/09\\\/20\\\/massa-anuncio-la-suspension-de-las-retenciones-al-sector-lacteo-por-90-dias\\\/\",\"url\":\"https:\\\/\\\/diariotextual.com\\\/inicio\\\/index.php\\\/2023\\\/09\\\/20\\\/massa-anuncio-la-suspension-de-las-retenciones-al-sector-lacteo-por-90-dias\\\/\",\"name\":\"Massa anunci\u00f3 la suspensi\u00f3n de las retenciones al sector l\u00e1cteo por 90 d\u00edas - Diario Textual\",\"isPartOf\":{\"@id\":\"https:\\\/\\\/diariotextual.com\\\/inicio\\\/#website\"},\"primaryImageOfPage\":{\"@id\":\"https:\\\/\\\/diariotextual.com\\\/inicio\\\/index.php\\\/2023\\\/09\\\/20\\\/massa-anuncio-la-suspension-de-las-retenciones-al-sector-lacteo-por-90-dias\\\/#primaryimage\"},\"image\":{\"@id\":\"https:\\\/\\\/diariotextual.com\\\/inicio\\\/index.php\\\/2023\\\/09\\\/20\\\/massa-anuncio-la-suspension-de-las-retenciones-al-sector-lacteo-por-90-dias\\\/#primaryimage\"},\"thumbnailUrl\":\"https:\\\/\\\/diariotextual.com\\\/inicio\\\/wp-content\\\/uploads\\\/2018\\\/07\\\/tamboslecheria911.jpg\",\"datePublished\":\"2023-09-20T18:52:30+00:00\",\"dateModified\":\"2023-09-21T12:13:21+00:00\",\"breadcrumb\":{\"@id\":\"https:\\\/\\\/diariotextual.com\\\/inicio\\\/index.php\\\/2023\\\/09\\\/20\\\/massa-anuncio-la-suspension-de-las-retenciones-al-sector-lacteo-por-90-dias\\\/#breadcrumb\"},\"inLanguage\":\"es\",\"potentialAction\":[{\"@type\":\"ReadAction\",\"target\":[\"https:\\\/\\\/diariotextual.com\\\/inicio\\\/index.php\\\/2023\\\/09\\\/20\\\/massa-anuncio-la-suspension-de-las-retenciones-al-sector-lacteo-por-90-dias\\\/\"]}]},{\"@type\":\"ImageObject\",\"inLanguage\":\"es\",\"@id\":\"https:\\\/\\\/diariotextual.com\\\/inicio\\\/index.php\\\/2023\\\/09\\\/20\\\/massa-anuncio-la-suspension-de-las-retenciones-al-sector-lacteo-por-90-dias\\\/#primaryimage\",\"url\":\"https:\\\/\\\/diariotextual.com\\\/inicio\\\/wp-content\\\/uploads\\\/2018\\\/07\\\/tamboslecheria911.jpg\",\"contentUrl\":\"https:\\\/\\\/diariotextual.com\\\/inicio\\\/wp-content\\\/uploads\\\/2018\\\/07\\\/tamboslecheria911.jpg\",\"width\":920,\"height\":565},{\"@type\":\"BreadcrumbList\",\"@id\":\"https:\\\/\\\/diariotextual.com\\\/inicio\\\/index.php\\\/2023\\\/09\\\/20\\\/massa-anuncio-la-suspension-de-las-retenciones-al-sector-lacteo-por-90-dias\\\/#breadcrumb\",\"itemListElement\":[{\"@type\":\"ListItem\",\"position\":1,\"name\":\"Portada\",\"item\":\"https:\\\/\\\/diariotextual.com\\\/inicio\\\/\"},{\"@type\":\"ListItem\",\"position\":2,\"name\":\"Massa anunci\u00f3 la suspensi\u00f3n de las retenciones al sector l\u00e1cteo por 90 d\u00edas\"}]},{\"@type\":\"WebSite\",\"@id\":\"https:\\\/\\\/diariotextual.com\\\/inicio\\\/#website\",\"url\":\"https:\\\/\\\/diariotextual.com\\\/inicio\\\/\",\"name\":\"Diario Textual\",\"description\":\"\",\"publisher\":{\"@id\":\"https:\\\/\\\/diariotextual.com\\\/inicio\\\/#organization\"},\"potentialAction\":[{\"@type\":\"SearchAction\",\"target\":{\"@type\":\"EntryPoint\",\"urlTemplate\":\"https:\\\/\\\/diariotextual.com\\\/inicio\\\/?s={search_term_string}\"},\"query-input\":{\"@type\":\"PropertyValueSpecification\",\"valueRequired\":true,\"valueName\":\"search_term_string\"}}],\"inLanguage\":\"es\"},{\"@type\":\"Organization\",\"@id\":\"https:\\\/\\\/diariotextual.com\\\/inicio\\\/#organization\",\"name\":\"Diario Textual\",\"url\":\"https:\\\/\\\/diariotextual.com\\\/inicio\\\/\",\"logo\":{\"@type\":\"ImageObject\",\"inLanguage\":\"es\",\"@id\":\"https:\\\/\\\/diariotextual.com\\\/inicio\\\/#\\\/schema\\\/logo\\\/image\\\/\",\"url\":\"https:\\\/\\\/diariotextual.com\\\/inicio\\\/wp-content\\\/uploads\\\/2023\\\/05\\\/logotextual1.jpg\",\"contentUrl\":\"https:\\\/\\\/diariotextual.com\\\/inicio\\\/wp-content\\\/uploads\\\/2023\\\/05\\\/logotextual1.jpg\",\"width\":516,\"height\":76,\"caption\":\"Diario Textual\"},\"image\":{\"@id\":\"https:\\\/\\\/diariotextual.com\\\/inicio\\\/#\\\/schema\\\/logo\\\/image\\\/\"},\"sameAs\":[\"https:\\\/\\\/www.facebook.com\\\/eltextual\",\"https:\\\/\\\/x.com\\\/eltextual\",\"http:\\\/\\\/www.instagram.com\\\/eltextual\"]},{\"@type\":\"Person\",\"@id\":\"https:\\\/\\\/diariotextual.com\\\/inicio\\\/#\\\/schema\\\/person\\\/418fc4093c33e86ed41562db3508f958\",\"name\":\"Diario1 Diario1\",\"image\":{\"@type\":\"ImageObject\",\"inLanguage\":\"es\",\"@id\":\"https:\\\/\\\/secure.gravatar.com\\\/avatar\\\/9167d280179c85bc18be67aa7eda765854300033af4896dd779b608640f2ef7a?s=96&d=mm&r=g\",\"url\":\"https:\\\/\\\/secure.gravatar.com\\\/avatar\\\/9167d280179c85bc18be67aa7eda765854300033af4896dd779b608640f2ef7a?s=96&d=mm&r=g\",\"contentUrl\":\"https:\\\/\\\/secure.gravatar.com\\\/avatar\\\/9167d280179c85bc18be67aa7eda765854300033af4896dd779b608640f2ef7a?s=96&d=mm&r=g\",\"caption\":\"Diario1 Diario1\"},\"url\":\"https:\\\/\\\/diariotextual.com\\\/inicio\\\/index.php\\\/author\\\/diario1\\\/\"}]}<\/script>\n<!-- \/ Yoast SEO plugin. -->","yoast_head_json":{"title":"Massa anunci\u00f3 la suspensi\u00f3n de las retenciones al sector l\u00e1cteo por 90 d\u00edas - Diario Textual","robots":{"index":"index","follow":"follow","max-snippet":"max-snippet:-1","max-image-preview":"max-image-preview:large","max-video-preview":"max-video-preview:-1"},"canonical":"https:\/\/diariotextual.com\/inicio\/index.php\/2023\/09\/20\/massa-anuncio-la-suspension-de-las-retenciones-al-sector-lacteo-por-90-dias\/","og_locale":"es_ES","og_type":"article","og_title":"Massa anunci\u00f3 la suspensi\u00f3n de las retenciones al sector l\u00e1cteo por 90 d\u00edas - Diario Textual","og_description":"El ministro de Econom\u00eda&nbsp;Sergio Massa&nbsp;anunci\u00f3 que&nbsp;suspender\u00e1 la aplicaci\u00f3n de derechos de exportaci\u00f3n para l\u00e1cteos. Se suma as\u00ed a una serie de productos del agro que hab\u00edan tenido reducci\u00f3n de retenciones&hellip;","og_url":"https:\/\/diariotextual.com\/inicio\/index.php\/2023\/09\/20\/massa-anuncio-la-suspension-de-las-retenciones-al-sector-lacteo-por-90-dias\/","og_site_name":"Diario Textual","article_publisher":"https:\/\/www.facebook.com\/eltextual","article_published_time":"2023-09-20T18:52:30+00:00","article_modified_time":"2023-09-21T12:13:21+00:00","og_image":[{"width":920,"height":565,"url":"https:\/\/diariotextual.com\/inicio\/wp-content\/uploads\/2018\/07\/tamboslecheria911.jpg","type":"image\/jpeg"}],"author":"Diario1 Diario1","twitter_card":"summary_large_image","twitter_creator":"@eltextual","twitter_site":"@eltextual","twitter_misc":{"Escrito por":"Diario1 Diario1","Tiempo de lectura":"2 minutos"},"schema":{"@context":"https:\/\/schema.org","@graph":[{"@type":"Article","@id":"https:\/\/diariotextual.com\/inicio\/index.php\/2023\/09\/20\/massa-anuncio-la-suspension-de-las-retenciones-al-sector-lacteo-por-90-dias\/#article","isPartOf":{"@id":"https:\/\/diariotextual.com\/inicio\/index.php\/2023\/09\/20\/massa-anuncio-la-suspension-de-las-retenciones-al-sector-lacteo-por-90-dias\/"},"author":{"name":"Diario1 Diario1","@id":"https:\/\/diariotextual.com\/inicio\/#\/schema\/person\/418fc4093c33e86ed41562db3508f958"},"headline":"Massa anunci\u00f3 la suspensi\u00f3n de las retenciones al sector l\u00e1cteo por 90 d\u00edas","datePublished":"2023-09-20T18:52:30+00:00","dateModified":"2023-09-21T12:13:21+00:00","mainEntityOfPage":{"@id":"https:\/\/diariotextual.com\/inicio\/index.php\/2023\/09\/20\/massa-anuncio-la-suspension-de-las-retenciones-al-sector-lacteo-por-90-dias\/"},"wordCount":313,"publisher":{"@id":"https:\/\/diariotextual.com\/inicio\/#organization"},"image":{"@id":"https:\/\/diariotextual.com\/inicio\/index.php\/2023\/09\/20\/massa-anuncio-la-suspension-de-las-retenciones-al-sector-lacteo-por-90-dias\/#primaryimage"},"thumbnailUrl":"https:\/\/diariotextual.com\/inicio\/wp-content\/uploads\/2018\/07\/tamboslecheria911.jpg","articleSection":["A - ES NOTICIA (van abajo)","A - QUE PASA (al costado)","CAMPO"],"inLanguage":"es"},{"@type":"WebPage","@id":"https:\/\/diariotextual.com\/inicio\/index.php\/2023\/09\/20\/massa-anuncio-la-suspension-de-las-retenciones-al-sector-lacteo-por-90-dias\/","url":"https:\/\/diariotextual.com\/inicio\/index.php\/2023\/09\/20\/massa-anuncio-la-suspension-de-las-retenciones-al-sector-lacteo-por-90-dias\/","name":"Massa anunci\u00f3 la suspensi\u00f3n de las retenciones al sector l\u00e1cteo por 90 d\u00edas - Diario Textual","isPartOf":{"@id":"https:\/\/diariotextual.com\/inicio\/#website"},"primaryImageOfPage":{"@id":"https:\/\/diariotextual.com\/inicio\/index.php\/2023\/09\/20\/massa-anuncio-la-suspension-de-las-retenciones-al-sector-lacteo-por-90-dias\/#primaryimage"},"image":{"@id":"https:\/\/diariotextual.com\/inicio\/index.php\/2023\/09\/20\/massa-anuncio-la-suspension-de-las-retenciones-al-sector-lacteo-por-90-dias\/#primaryimage"},"thumbnailUrl":"https:\/\/diariotextual.com\/inicio\/wp-content\/uploads\/2018\/07\/tamboslecheria911.jpg","datePublished":"2023-09-20T18:52:30+00:00","dateModified":"2023-09-21T12:13:21+00:00","breadcrumb":{"@id":"https:\/\/diariotextual.com\/inicio\/index.php\/2023\/09\/20\/massa-anuncio-la-suspension-de-las-retenciones-al-sector-lacteo-por-90-dias\/#breadcrumb"},"inLanguage":"es","potentialAction":[{"@type":"ReadAction","target":["https:\/\/diariotextual.com\/inicio\/index.php\/2023\/09\/20\/massa-anuncio-la-suspension-de-las-retenciones-al-sector-lacteo-por-90-dias\/"]}]},{"@type":"ImageObject","inLanguage":"es","@id":"https:\/\/diariotextual.com\/inicio\/index.php\/2023\/09\/20\/massa-anuncio-la-suspension-de-las-retenciones-al-sector-lacteo-por-90-dias\/#primaryimage","url":"https:\/\/diariotextual.com\/inicio\/wp-content\/uploads\/2018\/07\/tamboslecheria911.jpg","contentUrl":"https:\/\/diariotextual.com\/inicio\/wp-content\/uploads\/2018\/07\/tamboslecheria911.jpg","width":920,"height":565},{"@type":"BreadcrumbList","@id":"https:\/\/diariotextual.com\/inicio\/index.php\/2023\/09\/20\/massa-anuncio-la-suspension-de-las-retenciones-al-sector-lacteo-por-90-dias\/#breadcrumb","itemListElement":[{"@type":"ListItem","position":1,"name":"Portada","item":"https:\/\/diariotextual.com\/inicio\/"},{"@type":"ListItem","position":2,"name":"Massa anunci\u00f3 la suspensi\u00f3n de las retenciones al sector l\u00e1cteo por 90 d\u00edas"}]},{"@type":"WebSite","@id":"https:\/\/diariotextual.com\/inicio\/#website","url":"https:\/\/diariotextual.com\/inicio\/","name":"Diario Textual","description":"","publisher":{"@id":"https:\/\/diariotextual.com\/inicio\/#organization"},"potentialAction":[{"@type":"SearchAction","target":{"@type":"EntryPoint","urlTemplate":"https:\/\/diariotextual.com\/inicio\/?s={search_term_string}"},"query-input":{"@type":"PropertyValueSpecification","valueRequired":true,"valueName":"search_term_string"}}],"inLanguage":"es"},{"@type":"Organization","@id":"https:\/\/diariotextual.com\/inicio\/#organization","name":"Diario Textual","url":"https:\/\/diariotextual.com\/inicio\/","logo":{"@type":"ImageObject","inLanguage":"es","@id":"https:\/\/diariotextual.com\/inicio\/#\/schema\/logo\/image\/","url":"https:\/\/diariotextual.com\/inicio\/wp-content\/uploads\/2023\/05\/logotextual1.jpg","contentUrl":"https:\/\/diariotextual.com\/inicio\/wp-content\/uploads\/2023\/05\/logotextual1.jpg","width":516,"height":76,"caption":"Diario Textual"},"image":{"@id":"https:\/\/diariotextual.com\/inicio\/#\/schema\/logo\/image\/"},"sameAs":["https:\/\/www.facebook.com\/eltextual","https:\/\/x.com\/eltextual","http:\/\/www.instagram.com\/eltextual"]},{"@type":"Person","@id":"https:\/\/diariotextual.com\/inicio\/#\/schema\/person\/418fc4093c33e86ed41562db3508f958","name":"Diario1 Diario1","image":{"@type":"ImageObject","inLanguage":"es","@id":"https:\/\/secure.gravatar.com\/avatar\/9167d280179c85bc18be67aa7eda765854300033af4896dd779b608640f2ef7a?s=96&d=mm&r=g","url":"https:\/\/secure.gravatar.com\/avatar\/9167d280179c85bc18be67aa7eda765854300033af4896dd779b608640f2ef7a?s=96&d=mm&r=g","contentUrl":"https:\/\/secure.gravatar.com\/avatar\/9167d280179c85bc18be67aa7eda765854300033af4896dd779b608640f2ef7a?s=96&d=mm&r=g","caption":"Diario1 Diario1"},"url":"https:\/\/diariotextual.com\/inicio\/index.php\/author\/diario1\/"}]}},"_links":{"self":[{"href":"https:\/\/diariotextual.com\/inicio\/index.php\/wp-json\/wp\/v2\/posts\/238080","targetHints":{"allow":["GET"]}}],"collection":[{"href":"https:\/\/diariotextual.com\/inicio\/index.php\/wp-json\/wp\/v2\/posts"}],"about":[{"href":"https:\/\/diariotextual.com\/inicio\/index.php\/wp-json\/wp\/v2\/types\/post"}],"author":[{"embeddable":true,"href":"https:\/\/diariotextual.com\/inicio\/index.php\/wp-json\/wp\/v2\/users\/3"}],"replies":[{"embeddable":true,"href":"https:\/\/diariotextual.com\/inicio\/index.php\/wp-json\/wp\/v2\/comments?post=238080"}],"version-history":[{"count":3,"href":"https:\/\/diariotextual.com\/inicio\/index.php\/wp-json\/wp\/v2\/posts\/238080\/revisions"}],"predecessor-version":[{"id":238175,"href":"https:\/\/diariotextual.com\/inicio\/index.php\/wp-json\/wp\/v2\/posts\/238080\/revisions\/238175"}],"wp:featuredmedia":[{"embeddable":true,"href":"https:\/\/diariotextual.com\/inicio\/index.php\/wp-json\/wp\/v2\/media\/14636"}],"wp:attachment":[{"href":"https:\/\/diariotextual.com\/inicio\/index.php\/wp-json\/wp\/v2\/media?parent=238080"}],"wp:term":[{"taxonomy":"category","embeddable":true,"href":"https:\/\/diariotextual.com\/inicio\/index.php\/wp-json\/wp\/v2\/categories?post=238080"},{"taxonomy":"post_tag","embeddable":true,"href":"https:\/\/diariotextual.com\/inicio\/index.php\/wp-json\/wp\/v2\/tags?post=238080"}],"curies":[{"name":"wp","href":"https:\/\/api.w.org\/{rel}","templated":true}]}}