{"id":238107,"date":"2023-09-20T19:04:47","date_gmt":"2023-09-20T22:04:47","guid":{"rendered":"https:\/\/diariotextual.com\/inicio\/?p=238107"},"modified":"2023-09-20T19:04:49","modified_gmt":"2023-09-20T22:04:49","slug":"defensa-y-justicia-apadrinara-al-club-santa-rosa","status":"publish","type":"post","link":"https:\/\/diariotextual.com\/inicio\/index.php\/2023\/09\/20\/defensa-y-justicia-apadrinara-al-club-santa-rosa\/","title":{"rendered":"Defensa y Justicia \u201capadrinar\u00e1\u201d al club Santa Rosa"},"content":{"rendered":"\n<p>El presidente de Atl\u00e9tico Santa Rosa, Bruno Ram\u00edrez, se reuni\u00f3 con Diego Lemme, presidente del club Defensa y Justicia, con el cual conversaron respecto de la posibilidad de que el \u201cHalc\u00f3n de Varela\u201d ayude en la formaci\u00f3n del recurso humano que actualmente trabaja en el club en todas las categor\u00edas.<\/p>\n\n\n\n<p>\u201cFue una charla de un poco m\u00e1s de tres horas, en la cual le dijimos que necesitamos aprender del modelo que ellos llevan a cabo. Nos contaron que su mayor esfuerzo est\u00e1 puesto en potenciar las divisiones formativas, con procesos de trabajo muy bien planificados y con objetivos muy claros\u201d, dijo Ram\u00edrez.<\/p>\n\n\n\n<p>\u201cTienen un predio de nivel europeo, con instalaciones que son de las mejores del pa\u00eds. En la reuni\u00f3n estuvo presente el titular la firma responsable de la construcci\u00f3n del nuevo predio quien nos va a asesor en la utilidad que le podemos dar al nuestro\u201d, dijo.<\/p>\n\n\n\n<p>\u201cSe trata de que nuestros profes puedan aprender de lo que hacen ellos, tanto en infantiles como en juveniles, transferencia de conocimientos, pr\u00e1cticas y m\u00e9todos\u201d, explic\u00f3 el dirigente santarrose\u00f1o.<\/p>\n\n\n\n<p>\u201cSintieron mucha empat\u00eda con la situaci\u00f3n de nuestro club porque a ellos les paso lo mismo, adem\u00e1s compartimos la idea de que ambos nos consideramos clubes de barrio. Identificados con una forma de hacer contenci\u00f3n social\u201d, remarc\u00f3.<\/p>\n\n\n\n<p>Ram\u00edrez invit\u00f3 a Lemme a vistar Santa Rosa y \u00e9ste se comprometi\u00f3 a venir junto a Adr\u00edan Domenech, coordinador de f\u00fatbol amateur. \u201cMe dijeron que nos quieren mostrar que es lo que buscan ellos cuando buscan jugadores. La idea es hacer una charla abierta para todas y todos los que hoy est\u00e1n trabajando en clubes\u201d, dijo.\u00a0<\/p>\n\n\n\n<p>\u201cLes contamos que tenemos un proyecto a largo plazo. Que apuntamos a ser referentes en la regi\u00f3n. Que necesitamos que nos ayuden. Le estamos dando comienzo a una alianza deportiva que nos va a cambiar y a potenciar como club de f\u00fatbol\u201d, agreg\u00f3 Ram\u00edrez.<\/p>\n","protected":false},"excerpt":{"rendered":"<p>El presidente de Atl\u00e9tico Santa Rosa, Bruno Ram\u00edrez, se reuni\u00f3 con Diego Lemme, presidente del club Defensa y Justicia, con el cual conversaron respecto de la posibilidad de que el&hellip;<\/p>\n","protected":false},"author":7,"featured_media":238108,"comment_status":"closed","ping_status":"open","sticky":false,"template":"","format":"standard","meta":{"_acf_changed":false,"footnotes":""},"categories":[1,3],"tags":[],"class_list":["post-238107","post","type-post","status-publish","format-standard","has-post-thumbnail","hentry","category-es-noticia","category-deportes"],"acf":[],"yoast_head":"<!-- This site is optimized with the Yoast SEO plugin v27.5 - https:\/\/yoast.com\/product\/yoast-seo-wordpress\/ -->\n<title>Defensa y Justicia \u201capadrinar\u00e1\u201d al club Santa Rosa - Diario Textual<\/title>\n<meta name=\"robots\" content=\"index, follow, max-snippet:-1, max-image-preview:large, max-video-preview:-1\" \/>\n<link rel=\"canonical\" href=\"https:\/\/diariotextual.com\/inicio\/index.php\/2023\/09\/20\/defensa-y-justicia-apadrinara-al-club-santa-rosa\/\" \/>\n<meta property=\"og:locale\" content=\"es_ES\" \/>\n<meta property=\"og:type\" content=\"article\" \/>\n<meta property=\"og:title\" content=\"Defensa y Justicia \u201capadrinar\u00e1\u201d al club Santa Rosa - Diario Textual\" \/>\n<meta property=\"og:description\" content=\"El presidente de Atl\u00e9tico Santa Rosa, Bruno Ram\u00edrez, se reuni\u00f3 con Diego Lemme, presidente del club Defensa y Justicia, con el cual conversaron respecto de la posibilidad de que el&hellip;\" \/>\n<meta property=\"og:url\" content=\"https:\/\/diariotextual.com\/inicio\/index.php\/2023\/09\/20\/defensa-y-justicia-apadrinara-al-club-santa-rosa\/\" \/>\n<meta property=\"og:site_name\" content=\"Diario Textual\" \/>\n<meta property=\"article:publisher\" content=\"https:\/\/www.facebook.com\/eltextual\" \/>\n<meta property=\"article:published_time\" content=\"2023-09-20T22:04:47+00:00\" \/>\n<meta property=\"article:modified_time\" content=\"2023-09-20T22:04:49+00:00\" \/>\n<meta property=\"og:image\" content=\"https:\/\/diariotextual.com\/inicio\/wp-content\/uploads\/2023\/09\/brunoramirezylemme.jpg\" \/>\n\t<meta property=\"og:image:width\" content=\"994\" \/>\n\t<meta property=\"og:image:height\" content=\"554\" \/>\n\t<meta property=\"og:image:type\" content=\"image\/jpeg\" \/>\n<meta name=\"author\" content=\"diario5\" \/>\n<meta name=\"twitter:card\" content=\"summary_large_image\" \/>\n<meta name=\"twitter:creator\" content=\"@eltextual\" \/>\n<meta name=\"twitter:site\" content=\"@eltextual\" \/>\n<meta name=\"twitter:label1\" content=\"Escrito por\" \/>\n\t<meta name=\"twitter:data1\" content=\"diario5\" \/>\n\t<meta name=\"twitter:label2\" content=\"Tiempo de lectura\" \/>\n\t<meta name=\"twitter:data2\" content=\"2 minutos\" \/>\n<script type=\"application\/ld+json\" class=\"yoast-schema-graph\">{\"@context\":\"https:\\\/\\\/schema.org\",\"@graph\":[{\"@type\":\"Article\",\"@id\":\"https:\\\/\\\/diariotextual.com\\\/inicio\\\/index.php\\\/2023\\\/09\\\/20\\\/defensa-y-justicia-apadrinara-al-club-santa-rosa\\\/#article\",\"isPartOf\":{\"@id\":\"https:\\\/\\\/diariotextual.com\\\/inicio\\\/index.php\\\/2023\\\/09\\\/20\\\/defensa-y-justicia-apadrinara-al-club-santa-rosa\\\/\"},\"author\":{\"name\":\"diario5\",\"@id\":\"https:\\\/\\\/diariotextual.com\\\/inicio\\\/#\\\/schema\\\/person\\\/c7834961ad8b29b1d9cdbf4571299067\"},\"headline\":\"Defensa y Justicia \u201capadrinar\u00e1\u201d al club Santa Rosa\",\"datePublished\":\"2023-09-20T22:04:47+00:00\",\"dateModified\":\"2023-09-20T22:04:49+00:00\",\"mainEntityOfPage\":{\"@id\":\"https:\\\/\\\/diariotextual.com\\\/inicio\\\/index.php\\\/2023\\\/09\\\/20\\\/defensa-y-justicia-apadrinara-al-club-santa-rosa\\\/\"},\"wordCount\":346,\"publisher\":{\"@id\":\"https:\\\/\\\/diariotextual.com\\\/inicio\\\/#organization\"},\"image\":{\"@id\":\"https:\\\/\\\/diariotextual.com\\\/inicio\\\/index.php\\\/2023\\\/09\\\/20\\\/defensa-y-justicia-apadrinara-al-club-santa-rosa\\\/#primaryimage\"},\"thumbnailUrl\":\"https:\\\/\\\/diariotextual.com\\\/inicio\\\/wp-content\\\/uploads\\\/2023\\\/09\\\/brunoramirezylemme.jpg\",\"articleSection\":[\"A - ES NOTICIA (van abajo)\",\"DEPORTES\"],\"inLanguage\":\"es\"},{\"@type\":\"WebPage\",\"@id\":\"https:\\\/\\\/diariotextual.com\\\/inicio\\\/index.php\\\/2023\\\/09\\\/20\\\/defensa-y-justicia-apadrinara-al-club-santa-rosa\\\/\",\"url\":\"https:\\\/\\\/diariotextual.com\\\/inicio\\\/index.php\\\/2023\\\/09\\\/20\\\/defensa-y-justicia-apadrinara-al-club-santa-rosa\\\/\",\"name\":\"Defensa y Justicia \u201capadrinar\u00e1\u201d al club Santa Rosa - Diario Textual\",\"isPartOf\":{\"@id\":\"https:\\\/\\\/diariotextual.com\\\/inicio\\\/#website\"},\"primaryImageOfPage\":{\"@id\":\"https:\\\/\\\/diariotextual.com\\\/inicio\\\/index.php\\\/2023\\\/09\\\/20\\\/defensa-y-justicia-apadrinara-al-club-santa-rosa\\\/#primaryimage\"},\"image\":{\"@id\":\"https:\\\/\\\/diariotextual.com\\\/inicio\\\/index.php\\\/2023\\\/09\\\/20\\\/defensa-y-justicia-apadrinara-al-club-santa-rosa\\\/#primaryimage\"},\"thumbnailUrl\":\"https:\\\/\\\/diariotextual.com\\\/inicio\\\/wp-content\\\/uploads\\\/2023\\\/09\\\/brunoramirezylemme.jpg\",\"datePublished\":\"2023-09-20T22:04:47+00:00\",\"dateModified\":\"2023-09-20T22:04:49+00:00\",\"breadcrumb\":{\"@id\":\"https:\\\/\\\/diariotextual.com\\\/inicio\\\/index.php\\\/2023\\\/09\\\/20\\\/defensa-y-justicia-apadrinara-al-club-santa-rosa\\\/#breadcrumb\"},\"inLanguage\":\"es\",\"potentialAction\":[{\"@type\":\"ReadAction\",\"target\":[\"https:\\\/\\\/diariotextual.com\\\/inicio\\\/index.php\\\/2023\\\/09\\\/20\\\/defensa-y-justicia-apadrinara-al-club-santa-rosa\\\/\"]}]},{\"@type\":\"ImageObject\",\"inLanguage\":\"es\",\"@id\":\"https:\\\/\\\/diariotextual.com\\\/inicio\\\/index.php\\\/2023\\\/09\\\/20\\\/defensa-y-justicia-apadrinara-al-club-santa-rosa\\\/#primaryimage\",\"url\":\"https:\\\/\\\/diariotextual.com\\\/inicio\\\/wp-content\\\/uploads\\\/2023\\\/09\\\/brunoramirezylemme.jpg\",\"contentUrl\":\"https:\\\/\\\/diariotextual.com\\\/inicio\\\/wp-content\\\/uploads\\\/2023\\\/09\\\/brunoramirezylemme.jpg\",\"width\":994,\"height\":554},{\"@type\":\"BreadcrumbList\",\"@id\":\"https:\\\/\\\/diariotextual.com\\\/inicio\\\/index.php\\\/2023\\\/09\\\/20\\\/defensa-y-justicia-apadrinara-al-club-santa-rosa\\\/#breadcrumb\",\"itemListElement\":[{\"@type\":\"ListItem\",\"position\":1,\"name\":\"Portada\",\"item\":\"https:\\\/\\\/diariotextual.com\\\/inicio\\\/\"},{\"@type\":\"ListItem\",\"position\":2,\"name\":\"Defensa y Justicia \u201capadrinar\u00e1\u201d al club Santa Rosa\"}]},{\"@type\":\"WebSite\",\"@id\":\"https:\\\/\\\/diariotextual.com\\\/inicio\\\/#website\",\"url\":\"https:\\\/\\\/diariotextual.com\\\/inicio\\\/\",\"name\":\"Diario Textual\",\"description\":\"\",\"publisher\":{\"@id\":\"https:\\\/\\\/diariotextual.com\\\/inicio\\\/#organization\"},\"potentialAction\":[{\"@type\":\"SearchAction\",\"target\":{\"@type\":\"EntryPoint\",\"urlTemplate\":\"https:\\\/\\\/diariotextual.com\\\/inicio\\\/?s={search_term_string}\"},\"query-input\":{\"@type\":\"PropertyValueSpecification\",\"valueRequired\":true,\"valueName\":\"search_term_string\"}}],\"inLanguage\":\"es\"},{\"@type\":\"Organization\",\"@id\":\"https:\\\/\\\/diariotextual.com\\\/inicio\\\/#organization\",\"name\":\"Diario Textual\",\"url\":\"https:\\\/\\\/diariotextual.com\\\/inicio\\\/\",\"logo\":{\"@type\":\"ImageObject\",\"inLanguage\":\"es\",\"@id\":\"https:\\\/\\\/diariotextual.com\\\/inicio\\\/#\\\/schema\\\/logo\\\/image\\\/\",\"url\":\"https:\\\/\\\/diariotextual.com\\\/inicio\\\/wp-content\\\/uploads\\\/2023\\\/05\\\/logotextual1.jpg\",\"contentUrl\":\"https:\\\/\\\/diariotextual.com\\\/inicio\\\/wp-content\\\/uploads\\\/2023\\\/05\\\/logotextual1.jpg\",\"width\":516,\"height\":76,\"caption\":\"Diario Textual\"},\"image\":{\"@id\":\"https:\\\/\\\/diariotextual.com\\\/inicio\\\/#\\\/schema\\\/logo\\\/image\\\/\"},\"sameAs\":[\"https:\\\/\\\/www.facebook.com\\\/eltextual\",\"https:\\\/\\\/x.com\\\/eltextual\",\"http:\\\/\\\/www.instagram.com\\\/eltextual\"]},{\"@type\":\"Person\",\"@id\":\"https:\\\/\\\/diariotextual.com\\\/inicio\\\/#\\\/schema\\\/person\\\/c7834961ad8b29b1d9cdbf4571299067\",\"name\":\"diario5\",\"image\":{\"@type\":\"ImageObject\",\"inLanguage\":\"es\",\"@id\":\"https:\\\/\\\/secure.gravatar.com\\\/avatar\\\/948c893b847ca6df68216ead81b63f363408ec9b0f600fefc0641ce78613b111?s=96&d=mm&r=g\",\"url\":\"https:\\\/\\\/secure.gravatar.com\\\/avatar\\\/948c893b847ca6df68216ead81b63f363408ec9b0f600fefc0641ce78613b111?s=96&d=mm&r=g\",\"contentUrl\":\"https:\\\/\\\/secure.gravatar.com\\\/avatar\\\/948c893b847ca6df68216ead81b63f363408ec9b0f600fefc0641ce78613b111?s=96&d=mm&r=g\",\"caption\":\"diario5\"},\"url\":\"https:\\\/\\\/diariotextual.com\\\/inicio\\\/index.php\\\/author\\\/diario5\\\/\"}]}<\/script>\n<!-- \/ Yoast SEO plugin. -->","yoast_head_json":{"title":"Defensa y Justicia \u201capadrinar\u00e1\u201d al club Santa Rosa - Diario Textual","robots":{"index":"index","follow":"follow","max-snippet":"max-snippet:-1","max-image-preview":"max-image-preview:large","max-video-preview":"max-video-preview:-1"},"canonical":"https:\/\/diariotextual.com\/inicio\/index.php\/2023\/09\/20\/defensa-y-justicia-apadrinara-al-club-santa-rosa\/","og_locale":"es_ES","og_type":"article","og_title":"Defensa y Justicia \u201capadrinar\u00e1\u201d al club Santa Rosa - Diario Textual","og_description":"El presidente de Atl\u00e9tico Santa Rosa, Bruno Ram\u00edrez, se reuni\u00f3 con Diego Lemme, presidente del club Defensa y Justicia, con el cual conversaron respecto de la posibilidad de que el&hellip;","og_url":"https:\/\/diariotextual.com\/inicio\/index.php\/2023\/09\/20\/defensa-y-justicia-apadrinara-al-club-santa-rosa\/","og_site_name":"Diario Textual","article_publisher":"https:\/\/www.facebook.com\/eltextual","article_published_time":"2023-09-20T22:04:47+00:00","article_modified_time":"2023-09-20T22:04:49+00:00","og_image":[{"width":994,"height":554,"url":"https:\/\/diariotextual.com\/inicio\/wp-content\/uploads\/2023\/09\/brunoramirezylemme.jpg","type":"image\/jpeg"}],"author":"diario5","twitter_card":"summary_large_image","twitter_creator":"@eltextual","twitter_site":"@eltextual","twitter_misc":{"Escrito por":"diario5","Tiempo de lectura":"2 minutos"},"schema":{"@context":"https:\/\/schema.org","@graph":[{"@type":"Article","@id":"https:\/\/diariotextual.com\/inicio\/index.php\/2023\/09\/20\/defensa-y-justicia-apadrinara-al-club-santa-rosa\/#article","isPartOf":{"@id":"https:\/\/diariotextual.com\/inicio\/index.php\/2023\/09\/20\/defensa-y-justicia-apadrinara-al-club-santa-rosa\/"},"author":{"name":"diario5","@id":"https:\/\/diariotextual.com\/inicio\/#\/schema\/person\/c7834961ad8b29b1d9cdbf4571299067"},"headline":"Defensa y Justicia \u201capadrinar\u00e1\u201d al club Santa Rosa","datePublished":"2023-09-20T22:04:47+00:00","dateModified":"2023-09-20T22:04:49+00:00","mainEntityOfPage":{"@id":"https:\/\/diariotextual.com\/inicio\/index.php\/2023\/09\/20\/defensa-y-justicia-apadrinara-al-club-santa-rosa\/"},"wordCount":346,"publisher":{"@id":"https:\/\/diariotextual.com\/inicio\/#organization"},"image":{"@id":"https:\/\/diariotextual.com\/inicio\/index.php\/2023\/09\/20\/defensa-y-justicia-apadrinara-al-club-santa-rosa\/#primaryimage"},"thumbnailUrl":"https:\/\/diariotextual.com\/inicio\/wp-content\/uploads\/2023\/09\/brunoramirezylemme.jpg","articleSection":["A - ES NOTICIA (van abajo)","DEPORTES"],"inLanguage":"es"},{"@type":"WebPage","@id":"https:\/\/diariotextual.com\/inicio\/index.php\/2023\/09\/20\/defensa-y-justicia-apadrinara-al-club-santa-rosa\/","url":"https:\/\/diariotextual.com\/inicio\/index.php\/2023\/09\/20\/defensa-y-justicia-apadrinara-al-club-santa-rosa\/","name":"Defensa y Justicia \u201capadrinar\u00e1\u201d al club Santa Rosa - Diario Textual","isPartOf":{"@id":"https:\/\/diariotextual.com\/inicio\/#website"},"primaryImageOfPage":{"@id":"https:\/\/diariotextual.com\/inicio\/index.php\/2023\/09\/20\/defensa-y-justicia-apadrinara-al-club-santa-rosa\/#primaryimage"},"image":{"@id":"https:\/\/diariotextual.com\/inicio\/index.php\/2023\/09\/20\/defensa-y-justicia-apadrinara-al-club-santa-rosa\/#primaryimage"},"thumbnailUrl":"https:\/\/diariotextual.com\/inicio\/wp-content\/uploads\/2023\/09\/brunoramirezylemme.jpg","datePublished":"2023-09-20T22:04:47+00:00","dateModified":"2023-09-20T22:04:49+00:00","breadcrumb":{"@id":"https:\/\/diariotextual.com\/inicio\/index.php\/2023\/09\/20\/defensa-y-justicia-apadrinara-al-club-santa-rosa\/#breadcrumb"},"inLanguage":"es","potentialAction":[{"@type":"ReadAction","target":["https:\/\/diariotextual.com\/inicio\/index.php\/2023\/09\/20\/defensa-y-justicia-apadrinara-al-club-santa-rosa\/"]}]},{"@type":"ImageObject","inLanguage":"es","@id":"https:\/\/diariotextual.com\/inicio\/index.php\/2023\/09\/20\/defensa-y-justicia-apadrinara-al-club-santa-rosa\/#primaryimage","url":"https:\/\/diariotextual.com\/inicio\/wp-content\/uploads\/2023\/09\/brunoramirezylemme.jpg","contentUrl":"https:\/\/diariotextual.com\/inicio\/wp-content\/uploads\/2023\/09\/brunoramirezylemme.jpg","width":994,"height":554},{"@type":"BreadcrumbList","@id":"https:\/\/diariotextual.com\/inicio\/index.php\/2023\/09\/20\/defensa-y-justicia-apadrinara-al-club-santa-rosa\/#breadcrumb","itemListElement":[{"@type":"ListItem","position":1,"name":"Portada","item":"https:\/\/diariotextual.com\/inicio\/"},{"@type":"ListItem","position":2,"name":"Defensa y Justicia \u201capadrinar\u00e1\u201d al club Santa Rosa"}]},{"@type":"WebSite","@id":"https:\/\/diariotextual.com\/inicio\/#website","url":"https:\/\/diariotextual.com\/inicio\/","name":"Diario Textual","description":"","publisher":{"@id":"https:\/\/diariotextual.com\/inicio\/#organization"},"potentialAction":[{"@type":"SearchAction","target":{"@type":"EntryPoint","urlTemplate":"https:\/\/diariotextual.com\/inicio\/?s={search_term_string}"},"query-input":{"@type":"PropertyValueSpecification","valueRequired":true,"valueName":"search_term_string"}}],"inLanguage":"es"},{"@type":"Organization","@id":"https:\/\/diariotextual.com\/inicio\/#organization","name":"Diario Textual","url":"https:\/\/diariotextual.com\/inicio\/","logo":{"@type":"ImageObject","inLanguage":"es","@id":"https:\/\/diariotextual.com\/inicio\/#\/schema\/logo\/image\/","url":"https:\/\/diariotextual.com\/inicio\/wp-content\/uploads\/2023\/05\/logotextual1.jpg","contentUrl":"https:\/\/diariotextual.com\/inicio\/wp-content\/uploads\/2023\/05\/logotextual1.jpg","width":516,"height":76,"caption":"Diario Textual"},"image":{"@id":"https:\/\/diariotextual.com\/inicio\/#\/schema\/logo\/image\/"},"sameAs":["https:\/\/www.facebook.com\/eltextual","https:\/\/x.com\/eltextual","http:\/\/www.instagram.com\/eltextual"]},{"@type":"Person","@id":"https:\/\/diariotextual.com\/inicio\/#\/schema\/person\/c7834961ad8b29b1d9cdbf4571299067","name":"diario5","image":{"@type":"ImageObject","inLanguage":"es","@id":"https:\/\/secure.gravatar.com\/avatar\/948c893b847ca6df68216ead81b63f363408ec9b0f600fefc0641ce78613b111?s=96&d=mm&r=g","url":"https:\/\/secure.gravatar.com\/avatar\/948c893b847ca6df68216ead81b63f363408ec9b0f600fefc0641ce78613b111?s=96&d=mm&r=g","contentUrl":"https:\/\/secure.gravatar.com\/avatar\/948c893b847ca6df68216ead81b63f363408ec9b0f600fefc0641ce78613b111?s=96&d=mm&r=g","caption":"diario5"},"url":"https:\/\/diariotextual.com\/inicio\/index.php\/author\/diario5\/"}]}},"_links":{"self":[{"href":"https:\/\/diariotextual.com\/inicio\/index.php\/wp-json\/wp\/v2\/posts\/238107","targetHints":{"allow":["GET"]}}],"collection":[{"href":"https:\/\/diariotextual.com\/inicio\/index.php\/wp-json\/wp\/v2\/posts"}],"about":[{"href":"https:\/\/diariotextual.com\/inicio\/index.php\/wp-json\/wp\/v2\/types\/post"}],"author":[{"embeddable":true,"href":"https:\/\/diariotextual.com\/inicio\/index.php\/wp-json\/wp\/v2\/users\/7"}],"replies":[{"embeddable":true,"href":"https:\/\/diariotextual.com\/inicio\/index.php\/wp-json\/wp\/v2\/comments?post=238107"}],"version-history":[{"count":1,"href":"https:\/\/diariotextual.com\/inicio\/index.php\/wp-json\/wp\/v2\/posts\/238107\/revisions"}],"predecessor-version":[{"id":238109,"href":"https:\/\/diariotextual.com\/inicio\/index.php\/wp-json\/wp\/v2\/posts\/238107\/revisions\/238109"}],"wp:featuredmedia":[{"embeddable":true,"href":"https:\/\/diariotextual.com\/inicio\/index.php\/wp-json\/wp\/v2\/media\/238108"}],"wp:attachment":[{"href":"https:\/\/diariotextual.com\/inicio\/index.php\/wp-json\/wp\/v2\/media?parent=238107"}],"wp:term":[{"taxonomy":"category","embeddable":true,"href":"https:\/\/diariotextual.com\/inicio\/index.php\/wp-json\/wp\/v2\/categories?post=238107"},{"taxonomy":"post_tag","embeddable":true,"href":"https:\/\/diariotextual.com\/inicio\/index.php\/wp-json\/wp\/v2\/tags?post=238107"}],"curies":[{"name":"wp","href":"https:\/\/api.w.org\/{rel}","templated":true}]}}