{"id":238110,"date":"2023-09-20T19:07:18","date_gmt":"2023-09-20T22:07:18","guid":{"rendered":"https:\/\/diariotextual.com\/inicio\/?p=238110"},"modified":"2023-09-21T10:12:49","modified_gmt":"2023-09-21T13:12:49","slug":"macri-ahora-dice-que-ganancias-es-un-impuesto-justo","status":"publish","type":"post","link":"https:\/\/diariotextual.com\/inicio\/index.php\/2023\/09\/20\/macri-ahora-dice-que-ganancias-es-un-impuesto-justo\/","title":{"rendered":"Macri ahora dice que Ganancias es un \u201cimpuesto justo\u201d"},"content":{"rendered":"\n<p>El <strong>expresidente Mauricio Macri <\/strong>consider\u00f3 este mi\u00e9rcoles en la ciudad de C\u00f3rdoba que <strong>la candidata presidencial de Juntos por el Cambio (JxC), Patricia Bullrich, \u201cva a estar en el balotaje\u201d y con relaci\u00f3n al impuesto de Ganancias cambi\u00f3 de opini\u00f3n y ahora dice que es \u201cjusto\u201d.<\/strong><\/p>\n\n\n\n<p>\u201cSi volvemos al poder vamos a poder llevar a cabo el cambio con la fuerza de gobernabilidad que no tuvimos en 2015\u201d, sostuvo Macri en declaraciones al canal 12 de C\u00f3rdoba.<\/p>\n\n\n\n<p>El expresidente justific\u00f3 que JxC \u00abva a estar en el balotaje\u00bb al sostener que \u00aben los \u00faltimos 15 d\u00edas va a haber una reflexi\u00f3n profunda de cu\u00e1l es el espacio humano y del equipo con capacidades que puede realizar el sue\u00f1o de ese cambio, que es Patricia: estamos en el momento que so\u00f1amos para hacerlo\u00bb.<\/p>\n\n\n\n<p>Macri, actual presidente ejecutivo de la Fundaci\u00f3n de la Federaci\u00f3n Internacional de F\u00fatbol Asociado (FIFA), se encuentra en C\u00f3rdoba desde el martes en el marco de la campa\u00f1a para las elecciones presidenciales del 22 de octubre promoviendo la f\u00f3rmula de Bullrich-Luis Petri, inform\u00f3 la agencia T\u00e9lam.<\/p>\n\n\n\n<p>En otro tramo de la entrevista aclar\u00f3 que no tiene ning\u00fan acuerdo pol\u00edtico electoral con el candidato de La Libertad Avanza, Javier Milei. Al referirse a lo que propone ese espacio dijo: \u201cEl cambio hay que hacerlo realidad y para eso hay que tener una caja de herramientas, no alcanza una motosierra\u201d.<\/p>\n\n\n\n<p>Por otra parte calific\u00f3 como <strong>\u00abtriste, irresponsable y perverso\u00bb la aprobaci\u00f3n del proyecto sobre la eliminaci\u00f3n del Impuesto a las Ganancias para la clase trabajadora<\/strong> que tuvo sanci\u00f3n en la C\u00e1mara de Diputados, al cuestionar que \u00abcreen que se puede gastar sin l\u00edmites\u00bb, cuando en realidad \u00abnos estamos empobreciendo cada vez m\u00e1s\u00bb.<\/p>\n\n\n\n<p>Sobre ese tema <strong>\u00abme equivoqu\u00e9\u00bb dijo a referirse a la promesa de eliminarlo durante su gesti\u00f3n, al explicar que cuando se hizo la reforma impositiva le mostraron que ese impuesto \u00abes m\u00e1s justo que cualquier otro. <\/strong>Hay que ir por un sistema impositivo sano que genere empleo\u00bb.<\/p>\n\n\n\n<p>En sus declaraciones tambi\u00e9n atac\u00f3 a ministro de Econom\u00eda y candidato presidencial de Uni\u00f3n por la Patria (UxP), Sergio Massa, al considerarlo como \u00abun personaje de (el actor y comediante Diego) Capusotto\u00bb que \u00abdice que va a ser el que arregle la inflaci\u00f3n y nos est\u00e1 llevando a la hiperinflaci\u00f3n, regalando plata como nunca a todo el mundo y que Argentina no tiene\u00bb.<\/p>\n\n\n\n<p>\u00abSergio Massa es una persona que no tiene ninguna responsabilidad. Lo \u00fanico que le importa es ver c\u00f3mo avanza un casillero m\u00e1s, aunque eso nos lleve al infierno a todos\u00bb, asever\u00f3 Macri.<\/p>\n","protected":false},"excerpt":{"rendered":"<p>El expresidente Mauricio Macri consider\u00f3 este mi\u00e9rcoles en la ciudad de C\u00f3rdoba que la candidata presidencial de Juntos por el Cambio (JxC), Patricia Bullrich, \u201cva a estar en el balotaje\u201d&hellip;<\/p>\n","protected":false},"author":5,"featured_media":238111,"comment_status":"closed","ping_status":"open","sticky":false,"template":"","format":"standard","meta":{"_acf_changed":false,"footnotes":""},"categories":[1,11,8],"tags":[439,120],"class_list":["post-238110","post","type-post","status-publish","format-standard","has-post-thumbnail","hentry","category-es-noticia","category-que-pasa","category-politica","tag-ganancias","tag-macri"],"acf":[],"yoast_head":"<!-- This site is optimized with the Yoast SEO plugin v27.5 - https:\/\/yoast.com\/product\/yoast-seo-wordpress\/ -->\n<title>Macri ahora dice que Ganancias es un \u201cimpuesto justo\u201d - Diario Textual<\/title>\n<meta name=\"robots\" content=\"index, follow, max-snippet:-1, max-image-preview:large, max-video-preview:-1\" \/>\n<link rel=\"canonical\" href=\"https:\/\/diariotextual.com\/inicio\/index.php\/2023\/09\/20\/macri-ahora-dice-que-ganancias-es-un-impuesto-justo\/\" \/>\n<meta property=\"og:locale\" content=\"es_ES\" \/>\n<meta property=\"og:type\" content=\"article\" \/>\n<meta property=\"og:title\" content=\"Macri ahora dice que Ganancias es un \u201cimpuesto justo\u201d - Diario Textual\" \/>\n<meta property=\"og:description\" content=\"El expresidente Mauricio Macri consider\u00f3 este mi\u00e9rcoles en la ciudad de C\u00f3rdoba que la candidata presidencial de Juntos por el Cambio (JxC), Patricia Bullrich, \u201cva a estar en el balotaje\u201d&hellip;\" \/>\n<meta property=\"og:url\" content=\"https:\/\/diariotextual.com\/inicio\/index.php\/2023\/09\/20\/macri-ahora-dice-que-ganancias-es-un-impuesto-justo\/\" \/>\n<meta property=\"og:site_name\" content=\"Diario Textual\" \/>\n<meta property=\"article:publisher\" content=\"https:\/\/www.facebook.com\/eltextual\" \/>\n<meta property=\"article:published_time\" content=\"2023-09-20T22:07:18+00:00\" \/>\n<meta property=\"article:modified_time\" content=\"2023-09-21T13:12:49+00:00\" \/>\n<meta property=\"og:image\" content=\"https:\/\/diariotextual.com\/inicio\/wp-content\/uploads\/2023\/09\/macricordoba2023.jpg\" \/>\n\t<meta property=\"og:image:width\" content=\"900\" \/>\n\t<meta property=\"og:image:height\" content=\"506\" \/>\n\t<meta property=\"og:image:type\" content=\"image\/jpeg\" \/>\n<meta name=\"author\" content=\"diario3\" \/>\n<meta name=\"twitter:card\" content=\"summary_large_image\" \/>\n<meta name=\"twitter:creator\" content=\"@eltextual\" \/>\n<meta name=\"twitter:site\" content=\"@eltextual\" \/>\n<meta name=\"twitter:label1\" content=\"Escrito por\" \/>\n\t<meta name=\"twitter:data1\" content=\"diario3\" \/>\n\t<meta name=\"twitter:label2\" content=\"Tiempo de lectura\" \/>\n\t<meta name=\"twitter:data2\" content=\"2 minutos\" \/>\n<script type=\"application\/ld+json\" class=\"yoast-schema-graph\">{\"@context\":\"https:\\\/\\\/schema.org\",\"@graph\":[{\"@type\":\"Article\",\"@id\":\"https:\\\/\\\/diariotextual.com\\\/inicio\\\/index.php\\\/2023\\\/09\\\/20\\\/macri-ahora-dice-que-ganancias-es-un-impuesto-justo\\\/#article\",\"isPartOf\":{\"@id\":\"https:\\\/\\\/diariotextual.com\\\/inicio\\\/index.php\\\/2023\\\/09\\\/20\\\/macri-ahora-dice-que-ganancias-es-un-impuesto-justo\\\/\"},\"author\":{\"name\":\"diario3\",\"@id\":\"https:\\\/\\\/diariotextual.com\\\/inicio\\\/#\\\/schema\\\/person\\\/a1b6f563e0ee944c60f98119389a4d9f\"},\"headline\":\"Macri ahora dice que Ganancias es un \u201cimpuesto justo\u201d\",\"datePublished\":\"2023-09-20T22:07:18+00:00\",\"dateModified\":\"2023-09-21T13:12:49+00:00\",\"mainEntityOfPage\":{\"@id\":\"https:\\\/\\\/diariotextual.com\\\/inicio\\\/index.php\\\/2023\\\/09\\\/20\\\/macri-ahora-dice-que-ganancias-es-un-impuesto-justo\\\/\"},\"wordCount\":463,\"publisher\":{\"@id\":\"https:\\\/\\\/diariotextual.com\\\/inicio\\\/#organization\"},\"image\":{\"@id\":\"https:\\\/\\\/diariotextual.com\\\/inicio\\\/index.php\\\/2023\\\/09\\\/20\\\/macri-ahora-dice-que-ganancias-es-un-impuesto-justo\\\/#primaryimage\"},\"thumbnailUrl\":\"https:\\\/\\\/diariotextual.com\\\/inicio\\\/wp-content\\\/uploads\\\/2023\\\/09\\\/macricordoba2023.jpg\",\"keywords\":[\"ganancias\",\"macri\"],\"articleSection\":[\"A - ES NOTICIA (van abajo)\",\"A - QUE PASA (al costado)\",\"POLITICA\"],\"inLanguage\":\"es\"},{\"@type\":\"WebPage\",\"@id\":\"https:\\\/\\\/diariotextual.com\\\/inicio\\\/index.php\\\/2023\\\/09\\\/20\\\/macri-ahora-dice-que-ganancias-es-un-impuesto-justo\\\/\",\"url\":\"https:\\\/\\\/diariotextual.com\\\/inicio\\\/index.php\\\/2023\\\/09\\\/20\\\/macri-ahora-dice-que-ganancias-es-un-impuesto-justo\\\/\",\"name\":\"Macri ahora dice que Ganancias es un \u201cimpuesto justo\u201d - Diario Textual\",\"isPartOf\":{\"@id\":\"https:\\\/\\\/diariotextual.com\\\/inicio\\\/#website\"},\"primaryImageOfPage\":{\"@id\":\"https:\\\/\\\/diariotextual.com\\\/inicio\\\/index.php\\\/2023\\\/09\\\/20\\\/macri-ahora-dice-que-ganancias-es-un-impuesto-justo\\\/#primaryimage\"},\"image\":{\"@id\":\"https:\\\/\\\/diariotextual.com\\\/inicio\\\/index.php\\\/2023\\\/09\\\/20\\\/macri-ahora-dice-que-ganancias-es-un-impuesto-justo\\\/#primaryimage\"},\"thumbnailUrl\":\"https:\\\/\\\/diariotextual.com\\\/inicio\\\/wp-content\\\/uploads\\\/2023\\\/09\\\/macricordoba2023.jpg\",\"datePublished\":\"2023-09-20T22:07:18+00:00\",\"dateModified\":\"2023-09-21T13:12:49+00:00\",\"breadcrumb\":{\"@id\":\"https:\\\/\\\/diariotextual.com\\\/inicio\\\/index.php\\\/2023\\\/09\\\/20\\\/macri-ahora-dice-que-ganancias-es-un-impuesto-justo\\\/#breadcrumb\"},\"inLanguage\":\"es\",\"potentialAction\":[{\"@type\":\"ReadAction\",\"target\":[\"https:\\\/\\\/diariotextual.com\\\/inicio\\\/index.php\\\/2023\\\/09\\\/20\\\/macri-ahora-dice-que-ganancias-es-un-impuesto-justo\\\/\"]}]},{\"@type\":\"ImageObject\",\"inLanguage\":\"es\",\"@id\":\"https:\\\/\\\/diariotextual.com\\\/inicio\\\/index.php\\\/2023\\\/09\\\/20\\\/macri-ahora-dice-que-ganancias-es-un-impuesto-justo\\\/#primaryimage\",\"url\":\"https:\\\/\\\/diariotextual.com\\\/inicio\\\/wp-content\\\/uploads\\\/2023\\\/09\\\/macricordoba2023.jpg\",\"contentUrl\":\"https:\\\/\\\/diariotextual.com\\\/inicio\\\/wp-content\\\/uploads\\\/2023\\\/09\\\/macricordoba2023.jpg\",\"width\":900,\"height\":506},{\"@type\":\"BreadcrumbList\",\"@id\":\"https:\\\/\\\/diariotextual.com\\\/inicio\\\/index.php\\\/2023\\\/09\\\/20\\\/macri-ahora-dice-que-ganancias-es-un-impuesto-justo\\\/#breadcrumb\",\"itemListElement\":[{\"@type\":\"ListItem\",\"position\":1,\"name\":\"Portada\",\"item\":\"https:\\\/\\\/diariotextual.com\\\/inicio\\\/\"},{\"@type\":\"ListItem\",\"position\":2,\"name\":\"Macri ahora dice que Ganancias es un \u201cimpuesto justo\u201d\"}]},{\"@type\":\"WebSite\",\"@id\":\"https:\\\/\\\/diariotextual.com\\\/inicio\\\/#website\",\"url\":\"https:\\\/\\\/diariotextual.com\\\/inicio\\\/\",\"name\":\"Diario Textual\",\"description\":\"\",\"publisher\":{\"@id\":\"https:\\\/\\\/diariotextual.com\\\/inicio\\\/#organization\"},\"potentialAction\":[{\"@type\":\"SearchAction\",\"target\":{\"@type\":\"EntryPoint\",\"urlTemplate\":\"https:\\\/\\\/diariotextual.com\\\/inicio\\\/?s={search_term_string}\"},\"query-input\":{\"@type\":\"PropertyValueSpecification\",\"valueRequired\":true,\"valueName\":\"search_term_string\"}}],\"inLanguage\":\"es\"},{\"@type\":\"Organization\",\"@id\":\"https:\\\/\\\/diariotextual.com\\\/inicio\\\/#organization\",\"name\":\"Diario Textual\",\"url\":\"https:\\\/\\\/diariotextual.com\\\/inicio\\\/\",\"logo\":{\"@type\":\"ImageObject\",\"inLanguage\":\"es\",\"@id\":\"https:\\\/\\\/diariotextual.com\\\/inicio\\\/#\\\/schema\\\/logo\\\/image\\\/\",\"url\":\"https:\\\/\\\/diariotextual.com\\\/inicio\\\/wp-content\\\/uploads\\\/2023\\\/05\\\/logotextual1.jpg\",\"contentUrl\":\"https:\\\/\\\/diariotextual.com\\\/inicio\\\/wp-content\\\/uploads\\\/2023\\\/05\\\/logotextual1.jpg\",\"width\":516,\"height\":76,\"caption\":\"Diario Textual\"},\"image\":{\"@id\":\"https:\\\/\\\/diariotextual.com\\\/inicio\\\/#\\\/schema\\\/logo\\\/image\\\/\"},\"sameAs\":[\"https:\\\/\\\/www.facebook.com\\\/eltextual\",\"https:\\\/\\\/x.com\\\/eltextual\",\"http:\\\/\\\/www.instagram.com\\\/eltextual\"]},{\"@type\":\"Person\",\"@id\":\"https:\\\/\\\/diariotextual.com\\\/inicio\\\/#\\\/schema\\\/person\\\/a1b6f563e0ee944c60f98119389a4d9f\",\"name\":\"diario3\",\"image\":{\"@type\":\"ImageObject\",\"inLanguage\":\"es\",\"@id\":\"https:\\\/\\\/secure.gravatar.com\\\/avatar\\\/5e7ee62c82fc04d9dd79d746a390d93c69c43223e5faeeb3ea9461ef752bfc5d?s=96&d=mm&r=g\",\"url\":\"https:\\\/\\\/secure.gravatar.com\\\/avatar\\\/5e7ee62c82fc04d9dd79d746a390d93c69c43223e5faeeb3ea9461ef752bfc5d?s=96&d=mm&r=g\",\"contentUrl\":\"https:\\\/\\\/secure.gravatar.com\\\/avatar\\\/5e7ee62c82fc04d9dd79d746a390d93c69c43223e5faeeb3ea9461ef752bfc5d?s=96&d=mm&r=g\",\"caption\":\"diario3\"},\"url\":\"https:\\\/\\\/diariotextual.com\\\/inicio\\\/index.php\\\/author\\\/diario3\\\/\"}]}<\/script>\n<!-- \/ Yoast SEO plugin. -->","yoast_head_json":{"title":"Macri ahora dice que Ganancias es un \u201cimpuesto justo\u201d - Diario Textual","robots":{"index":"index","follow":"follow","max-snippet":"max-snippet:-1","max-image-preview":"max-image-preview:large","max-video-preview":"max-video-preview:-1"},"canonical":"https:\/\/diariotextual.com\/inicio\/index.php\/2023\/09\/20\/macri-ahora-dice-que-ganancias-es-un-impuesto-justo\/","og_locale":"es_ES","og_type":"article","og_title":"Macri ahora dice que Ganancias es un \u201cimpuesto justo\u201d - Diario Textual","og_description":"El expresidente Mauricio Macri consider\u00f3 este mi\u00e9rcoles en la ciudad de C\u00f3rdoba que la candidata presidencial de Juntos por el Cambio (JxC), Patricia Bullrich, \u201cva a estar en el balotaje\u201d&hellip;","og_url":"https:\/\/diariotextual.com\/inicio\/index.php\/2023\/09\/20\/macri-ahora-dice-que-ganancias-es-un-impuesto-justo\/","og_site_name":"Diario Textual","article_publisher":"https:\/\/www.facebook.com\/eltextual","article_published_time":"2023-09-20T22:07:18+00:00","article_modified_time":"2023-09-21T13:12:49+00:00","og_image":[{"width":900,"height":506,"url":"https:\/\/diariotextual.com\/inicio\/wp-content\/uploads\/2023\/09\/macricordoba2023.jpg","type":"image\/jpeg"}],"author":"diario3","twitter_card":"summary_large_image","twitter_creator":"@eltextual","twitter_site":"@eltextual","twitter_misc":{"Escrito por":"diario3","Tiempo de lectura":"2 minutos"},"schema":{"@context":"https:\/\/schema.org","@graph":[{"@type":"Article","@id":"https:\/\/diariotextual.com\/inicio\/index.php\/2023\/09\/20\/macri-ahora-dice-que-ganancias-es-un-impuesto-justo\/#article","isPartOf":{"@id":"https:\/\/diariotextual.com\/inicio\/index.php\/2023\/09\/20\/macri-ahora-dice-que-ganancias-es-un-impuesto-justo\/"},"author":{"name":"diario3","@id":"https:\/\/diariotextual.com\/inicio\/#\/schema\/person\/a1b6f563e0ee944c60f98119389a4d9f"},"headline":"Macri ahora dice que Ganancias es un \u201cimpuesto justo\u201d","datePublished":"2023-09-20T22:07:18+00:00","dateModified":"2023-09-21T13:12:49+00:00","mainEntityOfPage":{"@id":"https:\/\/diariotextual.com\/inicio\/index.php\/2023\/09\/20\/macri-ahora-dice-que-ganancias-es-un-impuesto-justo\/"},"wordCount":463,"publisher":{"@id":"https:\/\/diariotextual.com\/inicio\/#organization"},"image":{"@id":"https:\/\/diariotextual.com\/inicio\/index.php\/2023\/09\/20\/macri-ahora-dice-que-ganancias-es-un-impuesto-justo\/#primaryimage"},"thumbnailUrl":"https:\/\/diariotextual.com\/inicio\/wp-content\/uploads\/2023\/09\/macricordoba2023.jpg","keywords":["ganancias","macri"],"articleSection":["A - ES NOTICIA (van abajo)","A - QUE PASA (al costado)","POLITICA"],"inLanguage":"es"},{"@type":"WebPage","@id":"https:\/\/diariotextual.com\/inicio\/index.php\/2023\/09\/20\/macri-ahora-dice-que-ganancias-es-un-impuesto-justo\/","url":"https:\/\/diariotextual.com\/inicio\/index.php\/2023\/09\/20\/macri-ahora-dice-que-ganancias-es-un-impuesto-justo\/","name":"Macri ahora dice que Ganancias es un \u201cimpuesto justo\u201d - Diario Textual","isPartOf":{"@id":"https:\/\/diariotextual.com\/inicio\/#website"},"primaryImageOfPage":{"@id":"https:\/\/diariotextual.com\/inicio\/index.php\/2023\/09\/20\/macri-ahora-dice-que-ganancias-es-un-impuesto-justo\/#primaryimage"},"image":{"@id":"https:\/\/diariotextual.com\/inicio\/index.php\/2023\/09\/20\/macri-ahora-dice-que-ganancias-es-un-impuesto-justo\/#primaryimage"},"thumbnailUrl":"https:\/\/diariotextual.com\/inicio\/wp-content\/uploads\/2023\/09\/macricordoba2023.jpg","datePublished":"2023-09-20T22:07:18+00:00","dateModified":"2023-09-21T13:12:49+00:00","breadcrumb":{"@id":"https:\/\/diariotextual.com\/inicio\/index.php\/2023\/09\/20\/macri-ahora-dice-que-ganancias-es-un-impuesto-justo\/#breadcrumb"},"inLanguage":"es","potentialAction":[{"@type":"ReadAction","target":["https:\/\/diariotextual.com\/inicio\/index.php\/2023\/09\/20\/macri-ahora-dice-que-ganancias-es-un-impuesto-justo\/"]}]},{"@type":"ImageObject","inLanguage":"es","@id":"https:\/\/diariotextual.com\/inicio\/index.php\/2023\/09\/20\/macri-ahora-dice-que-ganancias-es-un-impuesto-justo\/#primaryimage","url":"https:\/\/diariotextual.com\/inicio\/wp-content\/uploads\/2023\/09\/macricordoba2023.jpg","contentUrl":"https:\/\/diariotextual.com\/inicio\/wp-content\/uploads\/2023\/09\/macricordoba2023.jpg","width":900,"height":506},{"@type":"BreadcrumbList","@id":"https:\/\/diariotextual.com\/inicio\/index.php\/2023\/09\/20\/macri-ahora-dice-que-ganancias-es-un-impuesto-justo\/#breadcrumb","itemListElement":[{"@type":"ListItem","position":1,"name":"Portada","item":"https:\/\/diariotextual.com\/inicio\/"},{"@type":"ListItem","position":2,"name":"Macri ahora dice que Ganancias es un \u201cimpuesto justo\u201d"}]},{"@type":"WebSite","@id":"https:\/\/diariotextual.com\/inicio\/#website","url":"https:\/\/diariotextual.com\/inicio\/","name":"Diario Textual","description":"","publisher":{"@id":"https:\/\/diariotextual.com\/inicio\/#organization"},"potentialAction":[{"@type":"SearchAction","target":{"@type":"EntryPoint","urlTemplate":"https:\/\/diariotextual.com\/inicio\/?s={search_term_string}"},"query-input":{"@type":"PropertyValueSpecification","valueRequired":true,"valueName":"search_term_string"}}],"inLanguage":"es"},{"@type":"Organization","@id":"https:\/\/diariotextual.com\/inicio\/#organization","name":"Diario Textual","url":"https:\/\/diariotextual.com\/inicio\/","logo":{"@type":"ImageObject","inLanguage":"es","@id":"https:\/\/diariotextual.com\/inicio\/#\/schema\/logo\/image\/","url":"https:\/\/diariotextual.com\/inicio\/wp-content\/uploads\/2023\/05\/logotextual1.jpg","contentUrl":"https:\/\/diariotextual.com\/inicio\/wp-content\/uploads\/2023\/05\/logotextual1.jpg","width":516,"height":76,"caption":"Diario Textual"},"image":{"@id":"https:\/\/diariotextual.com\/inicio\/#\/schema\/logo\/image\/"},"sameAs":["https:\/\/www.facebook.com\/eltextual","https:\/\/x.com\/eltextual","http:\/\/www.instagram.com\/eltextual"]},{"@type":"Person","@id":"https:\/\/diariotextual.com\/inicio\/#\/schema\/person\/a1b6f563e0ee944c60f98119389a4d9f","name":"diario3","image":{"@type":"ImageObject","inLanguage":"es","@id":"https:\/\/secure.gravatar.com\/avatar\/5e7ee62c82fc04d9dd79d746a390d93c69c43223e5faeeb3ea9461ef752bfc5d?s=96&d=mm&r=g","url":"https:\/\/secure.gravatar.com\/avatar\/5e7ee62c82fc04d9dd79d746a390d93c69c43223e5faeeb3ea9461ef752bfc5d?s=96&d=mm&r=g","contentUrl":"https:\/\/secure.gravatar.com\/avatar\/5e7ee62c82fc04d9dd79d746a390d93c69c43223e5faeeb3ea9461ef752bfc5d?s=96&d=mm&r=g","caption":"diario3"},"url":"https:\/\/diariotextual.com\/inicio\/index.php\/author\/diario3\/"}]}},"_links":{"self":[{"href":"https:\/\/diariotextual.com\/inicio\/index.php\/wp-json\/wp\/v2\/posts\/238110","targetHints":{"allow":["GET"]}}],"collection":[{"href":"https:\/\/diariotextual.com\/inicio\/index.php\/wp-json\/wp\/v2\/posts"}],"about":[{"href":"https:\/\/diariotextual.com\/inicio\/index.php\/wp-json\/wp\/v2\/types\/post"}],"author":[{"embeddable":true,"href":"https:\/\/diariotextual.com\/inicio\/index.php\/wp-json\/wp\/v2\/users\/5"}],"replies":[{"embeddable":true,"href":"https:\/\/diariotextual.com\/inicio\/index.php\/wp-json\/wp\/v2\/comments?post=238110"}],"version-history":[{"count":1,"href":"https:\/\/diariotextual.com\/inicio\/index.php\/wp-json\/wp\/v2\/posts\/238110\/revisions"}],"predecessor-version":[{"id":238112,"href":"https:\/\/diariotextual.com\/inicio\/index.php\/wp-json\/wp\/v2\/posts\/238110\/revisions\/238112"}],"wp:featuredmedia":[{"embeddable":true,"href":"https:\/\/diariotextual.com\/inicio\/index.php\/wp-json\/wp\/v2\/media\/238111"}],"wp:attachment":[{"href":"https:\/\/diariotextual.com\/inicio\/index.php\/wp-json\/wp\/v2\/media?parent=238110"}],"wp:term":[{"taxonomy":"category","embeddable":true,"href":"https:\/\/diariotextual.com\/inicio\/index.php\/wp-json\/wp\/v2\/categories?post=238110"},{"taxonomy":"post_tag","embeddable":true,"href":"https:\/\/diariotextual.com\/inicio\/index.php\/wp-json\/wp\/v2\/tags?post=238110"}],"curies":[{"name":"wp","href":"https:\/\/api.w.org\/{rel}","templated":true}]}}