{"id":238214,"date":"2023-09-21T16:32:40","date_gmt":"2023-09-21T19:32:40","guid":{"rendered":"https:\/\/diariotextual.com\/inicio\/?p=238214"},"modified":"2023-09-22T13:06:06","modified_gmt":"2023-09-22T16:06:06","slug":"diputados-aprobo-el-cambio-a-la-carta-organica-del-blp","status":"publish","type":"post","link":"https:\/\/diariotextual.com\/inicio\/index.php\/2023\/09\/21\/diputados-aprobo-el-cambio-a-la-carta-organica-del-blp\/","title":{"rendered":"Diputados aprob\u00f3 el cambio a la carta org\u00e1nica del BLP y fideicomisos de Mamuu y vinos"},"content":{"rendered":"\n<p>La C\u00e1mara de Diputados de La Pampa aprobaron las modificaciones al texto de la Ley de Presupuesto General de Gastos y C\u00e1lculo de Recursos para el Ejercicio Financiero 2023 y los cambios a la Carta Org\u00e1nica del Banco de La Pampa. As\u00ed lo resolvieron por mayor\u00eda los diputados en la extensa sesi\u00f3n de hoy que abord\u00f3 un largo listado de temas.<\/p>\n\n\n\n<p>El diputado Roberto Robledo fue quien argument\u00f3 la iniciativa del Poder Ejecutivo. \u201cLa suma de $874.608.000 previsionada para la distribuci\u00f3n de acciones para el ejercicio finalizado en diciembre de 2022, debe ser incrementada ya que el ejercicio finalizado el 31 de diciembre de 2022 arroj\u00f3 un resultado de $3.493.359.000 al que debe adicionarse la suma de $ 393.142.000 remanente en car\u00e1cter de resultados no asignados, seg\u00fan consta en los estados financieros del BLP. As\u00ed se requiere incrementar en el presupuesto del corriente a\u00f1o el recurso y las partidas de gastos en mil doscientos ochenta y cinco millones de pesos\u201d, dijo.<\/p>\n\n\n\n<p>Tambi\u00e9n solicit\u00f3 la \u201campliaci\u00f3n del capital social\u201d del banco para absorber las capitalizaciones resueltas con anterioridad, as\u00ed como la distribuci\u00f3n resultante del ejercicio financiero terminado el 31 de diciembre del 2022. \u201cSe establece -dijo- disponer de futuros incrementos del capital social por encima del qu\u00edntuplo de ese importe a trav\u00e9s de resoluci\u00f3n de la Asamblea Extraordinaria, sin que resulte necesaria la modificaci\u00f3n de la carta Org\u00e1nica\u201d.<\/p>\n\n\n\n<p>El diputado Francisco Torroba manifest\u00f3 que su bloque \u00fanicamente se opondr\u00eda al art\u00edculo que modifica el art\u00edculo 11 de la Carta Org\u00e1nica del banco. \u201cSer\u00e1 una delegaci\u00f3n legislativa a la Asamblea del BLP\u201d, dijo.<\/p>\n\n\n\n<p>A la totalidad de la iniciativa se opusieron los bloques Propuesta Federal y Comunidad Organizada. Por mayor\u00eda, la se aprob\u00f3 la ley.<\/p>\n\n\n\n<div style=\"height:100px\" aria-hidden=\"true\" class=\"wp-block-spacer\"><\/div>\n\n\n\n<p><strong>Fideicomisos<\/strong><\/p>\n\n\n\n<p>El tratamiento de las leyes de creaci\u00f3n de los fideicomisos Productos L\u00e1cteos Mamuu y Bodega Pampeana fueron los puntos de mayor debate en la sesi\u00f3n de hoy.<\/p>\n\n\n\n<p>\u201cLa figura del fideicomiso de administraci\u00f3n -dijo el legislador peronista Ariel Rojas- busca apuntar a la planta l\u00e1ctea desde el punto de vista econ\u00f3mico financiero, mientras que la elaboraci\u00f3n de productos l\u00e1cteos ya se encuentra garantizada por el CERET que continuar\u00e1 con su funci\u00f3n de formaci\u00f3n y capacitaci\u00f3n t\u00e9cnica a productores locales\u201d.<\/p>\n\n\n\n<p>\u201cResulta indiscutible el posicionamiento y aceptaci\u00f3n de los productos han logrado en el mercado pampeano despu\u00e9s de 5 a\u00f1os de su puesta en funcionamiento\u201d, dijo.<\/p>\n\n\n\n<p>Rojas expres\u00f3 que la Provincia le transferir\u00e1 a Fiduciaria La Pampa SAPEM la planta l\u00e1ctea y laboratorio y 5 millones de pesos.<\/p>\n\n\n\n<p>Las voces opositoras a la iniciativa fueron encabezadas por el diputado Mauricio Ag\u00f3n que plante\u00f3 la necesidad de mayor control sobre los fondos p\u00fablicos que manejar\u00e1 la fiduciaria, que la C\u00e1mara de Diputados tendr\u00e1 \u201cnaninga\u201d en cuanto a los miembros del cuerpo ejecutivo que ser\u00e1n designados por el Poder Ejecutivo, que su creaci\u00f3n incumple con el c\u00f3digo civil y comercial y que no hay en el proyecto ninguna menci\u00f3n a como se reemplazar\u00e1 a la Fiduciaria si optara por abandonar el servicio.<\/p>\n\n\n\n<p>La diputada Laura Trapaglia resalt\u00f3 la \u201cfalta de informaci\u00f3n\u201d de las y los legisladores. \u201cDesde el porcentaje que se destina a Mammu de los 63 millones que anualmente el Estado destina al CERET hasta la proyecci\u00f3n en n\u00fameros que se espera obtener con la figura del fideicomiso\u201d, sostuvo.<\/p>\n\n\n\n<p>La legisladora Sandra Fonseca, en tanto, dijo que \u201clos fideicomisos con cajas negras sin la posibilidad de que se las controle\u201d desde el Poder Legislativo. \u201cEs otra intervenci\u00f3n del Estado apropi\u00e1ndose de una actividad que podr\u00edan llevar adelante los privados\u201d, dijo.<\/p>\n\n\n\n<p>\u201cLa oposici\u00f3n -dijo el peronista Espartaco Mar\u00edn- no acompa\u00f1a este cambio de figura jur\u00eddica cuando el mismo se hace para hacer m\u00e1s eficiente al Estado, que es el argumento con que nos quieren correr a nivel nacional\u201d.<\/p>\n\n\n\n<p>Dijo estar sorprendido porque \u201cse pretende que una cooperadora siga al frente de esta producci\u00f3n p\u00fablica de calidad y excelencia\u201d y remarc\u00f3 que todas las SAPEM y fiduciarias tienen el control del Tribunal de Cuentas.<\/p>\n\n\n\n<p>La iniciativa fue aprobada por el peronismo. Votaron en contra los bloques de UCR, Propuesta Federal y Comunidad Organizada.<\/p>\n\n\n\n<p>En tanto, al tratar la creaci\u00f3n del Fideicomiso Bodega Pampeana, la primera en defender la iniciativa fue la diputada Lilia Caimari. \u201cLa importante producci\u00f3n y trabajo relacionado a la actividad vitivin\u00edcola existente en Casa de Piedra y su zona de influencia incentiv\u00f3 al Poder Ejecutivo a proyectar la construcci\u00f3n de una bodega que permita que la producci\u00f3n local de uvas, tanto privada como estatal, sea industrializada en nuestra provincia sin necesidad de trasladarla como sucede en la actualidad\u201d, dijo. \u201cEl fideicomiso administrar\u00e1 la bodega y la planta de procesamiento de vid radicada en Casa de Piedra. Se le transferir\u00e1 el inmueble que se est\u00e1 construyendo y cinco millones de pesos para afrontar los costos que demande su constituci\u00f3n\u201d.<\/p>\n\n\n\n<p>Nuevamente Ag\u00f3n cuestion\u00f3 la eficiencia del fideicomiso. \u201c\u00bfA qui\u00e9n se le ocurri\u00f3 que las decisiones de su comit\u00e9 ejecutivo tengan que ser tomadas con un acuerdo un\u00e1nime previo? Por ejemplo nunca podr\u00e1 hacer compras urgentes en una actividad que necesita de decisiones urgentes para hacer frente a las variaciones clim\u00e1ticas\u2026 es una actividad muy particular para que se le pongan trabas burocr\u00e1ticas\u201d, dijo. Adem\u00e1s de considerarlo inviable, remarc\u00f3 la falta de control. \u201cEl Tribunal de Cuentas no hace control de gesti\u00f3n sino control final posterior a la gesti\u00f3n\u201d, expres\u00f3.<\/p>\n\n\n\n<p>El diputado Juan Brindesi, por el contrario, dijo que \u201clas uvas de ese sector de nuestra provincia son excelentes\u201d y que esta iniciativa \u201cle suma valor agregado\u201d a los vi\u00f1edos pampeanos.<\/p>\n\n\n\n<p>El Fideicomiso Bodega Pampeana se aprob\u00f3 por mayor\u00eda, votando en contra los bloques de UCR, Propuesta federal y Comunidad Orgaizada.<\/p>\n\n\n\n<div style=\"height:100px\" aria-hidden=\"true\" class=\"wp-block-spacer\"><\/div>\n\n\n\n<p><strong>Cargos judiciales<\/strong><\/p>\n\n\n\n<p>Tambi\u00e9n fueron aprobados por mayor\u00eda los mensajes del Poder Ejecutivo para cubrir los cargos de Titular en la Defensor\u00eda Adjunta en lo Penal de la II Circunscripci\u00f3n Judicial, al abogado Mauro Gabriel Fern\u00e1ndez; de Titular en la Defensor\u00eda Penal de la I Circunscripci\u00f3n Judicial, a la abogada Mar\u00eda Antonella Marchisio; de Titular en el Juzgado de Primera Instancia en lo Laboral N\u00ba 1 de la II Circunscripci\u00f3n Judicial, a la abogada Mar\u00eda Bel\u00e9n Lavechia; y de Titular en la Defensor\u00eda Adjunta en lo Civil de la I Circunscripci\u00f3n Judicial, a la abogada Carla Pamela Mart\u00edn.<\/p>\n\n\n\n<p>En los casos de Fern\u00e1ndez, Marchisio y Mart\u00edn, las y los diputados de UCR y Propuesta Federal acompa\u00f1aron su designaci\u00f3n. La legisladora de Comunidad Organizada rechaz\u00f3 los 4 mensajes.<\/p>\n","protected":false},"excerpt":{"rendered":"<p>La C\u00e1mara de Diputados de La Pampa aprobaron las modificaciones al texto de la Ley de Presupuesto General de Gastos y C\u00e1lculo de Recursos para el Ejercicio Financiero 2023 y&hellip;<\/p>\n","protected":false},"author":3,"featured_media":238215,"comment_status":"closed","ping_status":"open","sticky":false,"template":"","format":"standard","meta":{"_acf_changed":false,"footnotes":""},"categories":[11,8],"tags":[],"class_list":["post-238214","post","type-post","status-publish","format-standard","has-post-thumbnail","hentry","category-que-pasa","category-politica"],"acf":[],"yoast_head":"<!-- This site is optimized with the Yoast SEO plugin v27.5 - https:\/\/yoast.com\/product\/yoast-seo-wordpress\/ -->\n<title>Diputados aprob\u00f3 el cambio a la carta org\u00e1nica del BLP y fideicomisos de Mamuu y vinos - Diario Textual<\/title>\n<meta name=\"robots\" content=\"index, follow, max-snippet:-1, max-image-preview:large, max-video-preview:-1\" \/>\n<link rel=\"canonical\" href=\"https:\/\/diariotextual.com\/inicio\/index.php\/2023\/09\/21\/diputados-aprobo-el-cambio-a-la-carta-organica-del-blp\/\" \/>\n<meta property=\"og:locale\" content=\"es_ES\" \/>\n<meta property=\"og:type\" content=\"article\" \/>\n<meta property=\"og:title\" content=\"Diputados aprob\u00f3 el cambio a la carta org\u00e1nica del BLP y fideicomisos de Mamuu y vinos - Diario Textual\" \/>\n<meta property=\"og:description\" content=\"La C\u00e1mara de Diputados de La Pampa aprobaron las modificaciones al texto de la Ley de Presupuesto General de Gastos y C\u00e1lculo de Recursos para el Ejercicio Financiero 2023 y&hellip;\" \/>\n<meta property=\"og:url\" content=\"https:\/\/diariotextual.com\/inicio\/index.php\/2023\/09\/21\/diputados-aprobo-el-cambio-a-la-carta-organica-del-blp\/\" \/>\n<meta property=\"og:site_name\" content=\"Diario Textual\" \/>\n<meta property=\"article:publisher\" content=\"https:\/\/www.facebook.com\/eltextual\" \/>\n<meta property=\"article:published_time\" content=\"2023-09-21T19:32:40+00:00\" \/>\n<meta property=\"article:modified_time\" content=\"2023-09-22T16:06:06+00:00\" \/>\n<meta property=\"og:image\" content=\"https:\/\/diariotextual.com\/inicio\/wp-content\/uploads\/2023\/09\/diputadoslapampalegislatura2023-1001.jpg\" \/>\n\t<meta property=\"og:image:width\" content=\"906\" \/>\n\t<meta property=\"og:image:height\" content=\"532\" \/>\n\t<meta property=\"og:image:type\" content=\"image\/jpeg\" \/>\n<meta name=\"author\" content=\"Diario1 Diario1\" \/>\n<meta name=\"twitter:card\" content=\"summary_large_image\" \/>\n<meta name=\"twitter:creator\" content=\"@eltextual\" \/>\n<meta name=\"twitter:site\" content=\"@eltextual\" \/>\n<meta name=\"twitter:label1\" content=\"Escrito por\" \/>\n\t<meta name=\"twitter:data1\" content=\"Diario1 Diario1\" \/>\n\t<meta name=\"twitter:label2\" content=\"Tiempo de lectura\" \/>\n\t<meta name=\"twitter:data2\" content=\"5 minutos\" \/>\n<script type=\"application\/ld+json\" class=\"yoast-schema-graph\">{\"@context\":\"https:\\\/\\\/schema.org\",\"@graph\":[{\"@type\":\"Article\",\"@id\":\"https:\\\/\\\/diariotextual.com\\\/inicio\\\/index.php\\\/2023\\\/09\\\/21\\\/diputados-aprobo-el-cambio-a-la-carta-organica-del-blp\\\/#article\",\"isPartOf\":{\"@id\":\"https:\\\/\\\/diariotextual.com\\\/inicio\\\/index.php\\\/2023\\\/09\\\/21\\\/diputados-aprobo-el-cambio-a-la-carta-organica-del-blp\\\/\"},\"author\":{\"name\":\"Diario1 Diario1\",\"@id\":\"https:\\\/\\\/diariotextual.com\\\/inicio\\\/#\\\/schema\\\/person\\\/418fc4093c33e86ed41562db3508f958\"},\"headline\":\"Diputados aprob\u00f3 el cambio a la carta org\u00e1nica del BLP y fideicomisos de Mamuu y vinos\",\"datePublished\":\"2023-09-21T19:32:40+00:00\",\"dateModified\":\"2023-09-22T16:06:06+00:00\",\"mainEntityOfPage\":{\"@id\":\"https:\\\/\\\/diariotextual.com\\\/inicio\\\/index.php\\\/2023\\\/09\\\/21\\\/diputados-aprobo-el-cambio-a-la-carta-organica-del-blp\\\/\"},\"wordCount\":1150,\"publisher\":{\"@id\":\"https:\\\/\\\/diariotextual.com\\\/inicio\\\/#organization\"},\"image\":{\"@id\":\"https:\\\/\\\/diariotextual.com\\\/inicio\\\/index.php\\\/2023\\\/09\\\/21\\\/diputados-aprobo-el-cambio-a-la-carta-organica-del-blp\\\/#primaryimage\"},\"thumbnailUrl\":\"https:\\\/\\\/diariotextual.com\\\/inicio\\\/wp-content\\\/uploads\\\/2023\\\/09\\\/diputadoslapampalegislatura2023-1001.jpg\",\"articleSection\":[\"A - QUE PASA (al costado)\",\"POLITICA\"],\"inLanguage\":\"es\"},{\"@type\":\"WebPage\",\"@id\":\"https:\\\/\\\/diariotextual.com\\\/inicio\\\/index.php\\\/2023\\\/09\\\/21\\\/diputados-aprobo-el-cambio-a-la-carta-organica-del-blp\\\/\",\"url\":\"https:\\\/\\\/diariotextual.com\\\/inicio\\\/index.php\\\/2023\\\/09\\\/21\\\/diputados-aprobo-el-cambio-a-la-carta-organica-del-blp\\\/\",\"name\":\"Diputados aprob\u00f3 el cambio a la carta org\u00e1nica del BLP y fideicomisos de Mamuu y vinos - Diario Textual\",\"isPartOf\":{\"@id\":\"https:\\\/\\\/diariotextual.com\\\/inicio\\\/#website\"},\"primaryImageOfPage\":{\"@id\":\"https:\\\/\\\/diariotextual.com\\\/inicio\\\/index.php\\\/2023\\\/09\\\/21\\\/diputados-aprobo-el-cambio-a-la-carta-organica-del-blp\\\/#primaryimage\"},\"image\":{\"@id\":\"https:\\\/\\\/diariotextual.com\\\/inicio\\\/index.php\\\/2023\\\/09\\\/21\\\/diputados-aprobo-el-cambio-a-la-carta-organica-del-blp\\\/#primaryimage\"},\"thumbnailUrl\":\"https:\\\/\\\/diariotextual.com\\\/inicio\\\/wp-content\\\/uploads\\\/2023\\\/09\\\/diputadoslapampalegislatura2023-1001.jpg\",\"datePublished\":\"2023-09-21T19:32:40+00:00\",\"dateModified\":\"2023-09-22T16:06:06+00:00\",\"breadcrumb\":{\"@id\":\"https:\\\/\\\/diariotextual.com\\\/inicio\\\/index.php\\\/2023\\\/09\\\/21\\\/diputados-aprobo-el-cambio-a-la-carta-organica-del-blp\\\/#breadcrumb\"},\"inLanguage\":\"es\",\"potentialAction\":[{\"@type\":\"ReadAction\",\"target\":[\"https:\\\/\\\/diariotextual.com\\\/inicio\\\/index.php\\\/2023\\\/09\\\/21\\\/diputados-aprobo-el-cambio-a-la-carta-organica-del-blp\\\/\"]}]},{\"@type\":\"ImageObject\",\"inLanguage\":\"es\",\"@id\":\"https:\\\/\\\/diariotextual.com\\\/inicio\\\/index.php\\\/2023\\\/09\\\/21\\\/diputados-aprobo-el-cambio-a-la-carta-organica-del-blp\\\/#primaryimage\",\"url\":\"https:\\\/\\\/diariotextual.com\\\/inicio\\\/wp-content\\\/uploads\\\/2023\\\/09\\\/diputadoslapampalegislatura2023-1001.jpg\",\"contentUrl\":\"https:\\\/\\\/diariotextual.com\\\/inicio\\\/wp-content\\\/uploads\\\/2023\\\/09\\\/diputadoslapampalegislatura2023-1001.jpg\",\"width\":906,\"height\":532},{\"@type\":\"BreadcrumbList\",\"@id\":\"https:\\\/\\\/diariotextual.com\\\/inicio\\\/index.php\\\/2023\\\/09\\\/21\\\/diputados-aprobo-el-cambio-a-la-carta-organica-del-blp\\\/#breadcrumb\",\"itemListElement\":[{\"@type\":\"ListItem\",\"position\":1,\"name\":\"Portada\",\"item\":\"https:\\\/\\\/diariotextual.com\\\/inicio\\\/\"},{\"@type\":\"ListItem\",\"position\":2,\"name\":\"Diputados aprob\u00f3 el cambio a la carta org\u00e1nica del BLP y fideicomisos de Mamuu y vinos\"}]},{\"@type\":\"WebSite\",\"@id\":\"https:\\\/\\\/diariotextual.com\\\/inicio\\\/#website\",\"url\":\"https:\\\/\\\/diariotextual.com\\\/inicio\\\/\",\"name\":\"Diario Textual\",\"description\":\"\",\"publisher\":{\"@id\":\"https:\\\/\\\/diariotextual.com\\\/inicio\\\/#organization\"},\"potentialAction\":[{\"@type\":\"SearchAction\",\"target\":{\"@type\":\"EntryPoint\",\"urlTemplate\":\"https:\\\/\\\/diariotextual.com\\\/inicio\\\/?s={search_term_string}\"},\"query-input\":{\"@type\":\"PropertyValueSpecification\",\"valueRequired\":true,\"valueName\":\"search_term_string\"}}],\"inLanguage\":\"es\"},{\"@type\":\"Organization\",\"@id\":\"https:\\\/\\\/diariotextual.com\\\/inicio\\\/#organization\",\"name\":\"Diario Textual\",\"url\":\"https:\\\/\\\/diariotextual.com\\\/inicio\\\/\",\"logo\":{\"@type\":\"ImageObject\",\"inLanguage\":\"es\",\"@id\":\"https:\\\/\\\/diariotextual.com\\\/inicio\\\/#\\\/schema\\\/logo\\\/image\\\/\",\"url\":\"https:\\\/\\\/diariotextual.com\\\/inicio\\\/wp-content\\\/uploads\\\/2023\\\/05\\\/logotextual1.jpg\",\"contentUrl\":\"https:\\\/\\\/diariotextual.com\\\/inicio\\\/wp-content\\\/uploads\\\/2023\\\/05\\\/logotextual1.jpg\",\"width\":516,\"height\":76,\"caption\":\"Diario Textual\"},\"image\":{\"@id\":\"https:\\\/\\\/diariotextual.com\\\/inicio\\\/#\\\/schema\\\/logo\\\/image\\\/\"},\"sameAs\":[\"https:\\\/\\\/www.facebook.com\\\/eltextual\",\"https:\\\/\\\/x.com\\\/eltextual\",\"http:\\\/\\\/www.instagram.com\\\/eltextual\"]},{\"@type\":\"Person\",\"@id\":\"https:\\\/\\\/diariotextual.com\\\/inicio\\\/#\\\/schema\\\/person\\\/418fc4093c33e86ed41562db3508f958\",\"name\":\"Diario1 Diario1\",\"image\":{\"@type\":\"ImageObject\",\"inLanguage\":\"es\",\"@id\":\"https:\\\/\\\/secure.gravatar.com\\\/avatar\\\/9167d280179c85bc18be67aa7eda765854300033af4896dd779b608640f2ef7a?s=96&d=mm&r=g\",\"url\":\"https:\\\/\\\/secure.gravatar.com\\\/avatar\\\/9167d280179c85bc18be67aa7eda765854300033af4896dd779b608640f2ef7a?s=96&d=mm&r=g\",\"contentUrl\":\"https:\\\/\\\/secure.gravatar.com\\\/avatar\\\/9167d280179c85bc18be67aa7eda765854300033af4896dd779b608640f2ef7a?s=96&d=mm&r=g\",\"caption\":\"Diario1 Diario1\"},\"url\":\"https:\\\/\\\/diariotextual.com\\\/inicio\\\/index.php\\\/author\\\/diario1\\\/\"}]}<\/script>\n<!-- \/ Yoast SEO plugin. -->","yoast_head_json":{"title":"Diputados aprob\u00f3 el cambio a la carta org\u00e1nica del BLP y fideicomisos de Mamuu y vinos - Diario Textual","robots":{"index":"index","follow":"follow","max-snippet":"max-snippet:-1","max-image-preview":"max-image-preview:large","max-video-preview":"max-video-preview:-1"},"canonical":"https:\/\/diariotextual.com\/inicio\/index.php\/2023\/09\/21\/diputados-aprobo-el-cambio-a-la-carta-organica-del-blp\/","og_locale":"es_ES","og_type":"article","og_title":"Diputados aprob\u00f3 el cambio a la carta org\u00e1nica del BLP y fideicomisos de Mamuu y vinos - Diario Textual","og_description":"La C\u00e1mara de Diputados de La Pampa aprobaron las modificaciones al texto de la Ley de Presupuesto General de Gastos y C\u00e1lculo de Recursos para el Ejercicio Financiero 2023 y&hellip;","og_url":"https:\/\/diariotextual.com\/inicio\/index.php\/2023\/09\/21\/diputados-aprobo-el-cambio-a-la-carta-organica-del-blp\/","og_site_name":"Diario Textual","article_publisher":"https:\/\/www.facebook.com\/eltextual","article_published_time":"2023-09-21T19:32:40+00:00","article_modified_time":"2023-09-22T16:06:06+00:00","og_image":[{"width":906,"height":532,"url":"https:\/\/diariotextual.com\/inicio\/wp-content\/uploads\/2023\/09\/diputadoslapampalegislatura2023-1001.jpg","type":"image\/jpeg"}],"author":"Diario1 Diario1","twitter_card":"summary_large_image","twitter_creator":"@eltextual","twitter_site":"@eltextual","twitter_misc":{"Escrito por":"Diario1 Diario1","Tiempo de lectura":"5 minutos"},"schema":{"@context":"https:\/\/schema.org","@graph":[{"@type":"Article","@id":"https:\/\/diariotextual.com\/inicio\/index.php\/2023\/09\/21\/diputados-aprobo-el-cambio-a-la-carta-organica-del-blp\/#article","isPartOf":{"@id":"https:\/\/diariotextual.com\/inicio\/index.php\/2023\/09\/21\/diputados-aprobo-el-cambio-a-la-carta-organica-del-blp\/"},"author":{"name":"Diario1 Diario1","@id":"https:\/\/diariotextual.com\/inicio\/#\/schema\/person\/418fc4093c33e86ed41562db3508f958"},"headline":"Diputados aprob\u00f3 el cambio a la carta org\u00e1nica del BLP y fideicomisos de Mamuu y vinos","datePublished":"2023-09-21T19:32:40+00:00","dateModified":"2023-09-22T16:06:06+00:00","mainEntityOfPage":{"@id":"https:\/\/diariotextual.com\/inicio\/index.php\/2023\/09\/21\/diputados-aprobo-el-cambio-a-la-carta-organica-del-blp\/"},"wordCount":1150,"publisher":{"@id":"https:\/\/diariotextual.com\/inicio\/#organization"},"image":{"@id":"https:\/\/diariotextual.com\/inicio\/index.php\/2023\/09\/21\/diputados-aprobo-el-cambio-a-la-carta-organica-del-blp\/#primaryimage"},"thumbnailUrl":"https:\/\/diariotextual.com\/inicio\/wp-content\/uploads\/2023\/09\/diputadoslapampalegislatura2023-1001.jpg","articleSection":["A - QUE PASA (al costado)","POLITICA"],"inLanguage":"es"},{"@type":"WebPage","@id":"https:\/\/diariotextual.com\/inicio\/index.php\/2023\/09\/21\/diputados-aprobo-el-cambio-a-la-carta-organica-del-blp\/","url":"https:\/\/diariotextual.com\/inicio\/index.php\/2023\/09\/21\/diputados-aprobo-el-cambio-a-la-carta-organica-del-blp\/","name":"Diputados aprob\u00f3 el cambio a la carta org\u00e1nica del BLP y fideicomisos de Mamuu y vinos - Diario Textual","isPartOf":{"@id":"https:\/\/diariotextual.com\/inicio\/#website"},"primaryImageOfPage":{"@id":"https:\/\/diariotextual.com\/inicio\/index.php\/2023\/09\/21\/diputados-aprobo-el-cambio-a-la-carta-organica-del-blp\/#primaryimage"},"image":{"@id":"https:\/\/diariotextual.com\/inicio\/index.php\/2023\/09\/21\/diputados-aprobo-el-cambio-a-la-carta-organica-del-blp\/#primaryimage"},"thumbnailUrl":"https:\/\/diariotextual.com\/inicio\/wp-content\/uploads\/2023\/09\/diputadoslapampalegislatura2023-1001.jpg","datePublished":"2023-09-21T19:32:40+00:00","dateModified":"2023-09-22T16:06:06+00:00","breadcrumb":{"@id":"https:\/\/diariotextual.com\/inicio\/index.php\/2023\/09\/21\/diputados-aprobo-el-cambio-a-la-carta-organica-del-blp\/#breadcrumb"},"inLanguage":"es","potentialAction":[{"@type":"ReadAction","target":["https:\/\/diariotextual.com\/inicio\/index.php\/2023\/09\/21\/diputados-aprobo-el-cambio-a-la-carta-organica-del-blp\/"]}]},{"@type":"ImageObject","inLanguage":"es","@id":"https:\/\/diariotextual.com\/inicio\/index.php\/2023\/09\/21\/diputados-aprobo-el-cambio-a-la-carta-organica-del-blp\/#primaryimage","url":"https:\/\/diariotextual.com\/inicio\/wp-content\/uploads\/2023\/09\/diputadoslapampalegislatura2023-1001.jpg","contentUrl":"https:\/\/diariotextual.com\/inicio\/wp-content\/uploads\/2023\/09\/diputadoslapampalegislatura2023-1001.jpg","width":906,"height":532},{"@type":"BreadcrumbList","@id":"https:\/\/diariotextual.com\/inicio\/index.php\/2023\/09\/21\/diputados-aprobo-el-cambio-a-la-carta-organica-del-blp\/#breadcrumb","itemListElement":[{"@type":"ListItem","position":1,"name":"Portada","item":"https:\/\/diariotextual.com\/inicio\/"},{"@type":"ListItem","position":2,"name":"Diputados aprob\u00f3 el cambio a la carta org\u00e1nica del BLP y fideicomisos de Mamuu y vinos"}]},{"@type":"WebSite","@id":"https:\/\/diariotextual.com\/inicio\/#website","url":"https:\/\/diariotextual.com\/inicio\/","name":"Diario Textual","description":"","publisher":{"@id":"https:\/\/diariotextual.com\/inicio\/#organization"},"potentialAction":[{"@type":"SearchAction","target":{"@type":"EntryPoint","urlTemplate":"https:\/\/diariotextual.com\/inicio\/?s={search_term_string}"},"query-input":{"@type":"PropertyValueSpecification","valueRequired":true,"valueName":"search_term_string"}}],"inLanguage":"es"},{"@type":"Organization","@id":"https:\/\/diariotextual.com\/inicio\/#organization","name":"Diario Textual","url":"https:\/\/diariotextual.com\/inicio\/","logo":{"@type":"ImageObject","inLanguage":"es","@id":"https:\/\/diariotextual.com\/inicio\/#\/schema\/logo\/image\/","url":"https:\/\/diariotextual.com\/inicio\/wp-content\/uploads\/2023\/05\/logotextual1.jpg","contentUrl":"https:\/\/diariotextual.com\/inicio\/wp-content\/uploads\/2023\/05\/logotextual1.jpg","width":516,"height":76,"caption":"Diario Textual"},"image":{"@id":"https:\/\/diariotextual.com\/inicio\/#\/schema\/logo\/image\/"},"sameAs":["https:\/\/www.facebook.com\/eltextual","https:\/\/x.com\/eltextual","http:\/\/www.instagram.com\/eltextual"]},{"@type":"Person","@id":"https:\/\/diariotextual.com\/inicio\/#\/schema\/person\/418fc4093c33e86ed41562db3508f958","name":"Diario1 Diario1","image":{"@type":"ImageObject","inLanguage":"es","@id":"https:\/\/secure.gravatar.com\/avatar\/9167d280179c85bc18be67aa7eda765854300033af4896dd779b608640f2ef7a?s=96&d=mm&r=g","url":"https:\/\/secure.gravatar.com\/avatar\/9167d280179c85bc18be67aa7eda765854300033af4896dd779b608640f2ef7a?s=96&d=mm&r=g","contentUrl":"https:\/\/secure.gravatar.com\/avatar\/9167d280179c85bc18be67aa7eda765854300033af4896dd779b608640f2ef7a?s=96&d=mm&r=g","caption":"Diario1 Diario1"},"url":"https:\/\/diariotextual.com\/inicio\/index.php\/author\/diario1\/"}]}},"_links":{"self":[{"href":"https:\/\/diariotextual.com\/inicio\/index.php\/wp-json\/wp\/v2\/posts\/238214","targetHints":{"allow":["GET"]}}],"collection":[{"href":"https:\/\/diariotextual.com\/inicio\/index.php\/wp-json\/wp\/v2\/posts"}],"about":[{"href":"https:\/\/diariotextual.com\/inicio\/index.php\/wp-json\/wp\/v2\/types\/post"}],"author":[{"embeddable":true,"href":"https:\/\/diariotextual.com\/inicio\/index.php\/wp-json\/wp\/v2\/users\/3"}],"replies":[{"embeddable":true,"href":"https:\/\/diariotextual.com\/inicio\/index.php\/wp-json\/wp\/v2\/comments?post=238214"}],"version-history":[{"count":5,"href":"https:\/\/diariotextual.com\/inicio\/index.php\/wp-json\/wp\/v2\/posts\/238214\/revisions"}],"predecessor-version":[{"id":238220,"href":"https:\/\/diariotextual.com\/inicio\/index.php\/wp-json\/wp\/v2\/posts\/238214\/revisions\/238220"}],"wp:featuredmedia":[{"embeddable":true,"href":"https:\/\/diariotextual.com\/inicio\/index.php\/wp-json\/wp\/v2\/media\/238215"}],"wp:attachment":[{"href":"https:\/\/diariotextual.com\/inicio\/index.php\/wp-json\/wp\/v2\/media?parent=238214"}],"wp:term":[{"taxonomy":"category","embeddable":true,"href":"https:\/\/diariotextual.com\/inicio\/index.php\/wp-json\/wp\/v2\/categories?post=238214"},{"taxonomy":"post_tag","embeddable":true,"href":"https:\/\/diariotextual.com\/inicio\/index.php\/wp-json\/wp\/v2\/tags?post=238214"}],"curies":[{"name":"wp","href":"https:\/\/api.w.org\/{rel}","templated":true}]}}