{"id":238330,"date":"2023-09-22T13:02:43","date_gmt":"2023-09-22T16:02:43","guid":{"rendered":"https:\/\/diariotextual.com\/inicio\/?p=238330"},"modified":"2023-09-23T17:04:51","modified_gmt":"2023-09-23T20:04:51","slug":"concejales-del-pj-de-nueve-localidades-se-reunieron-en-embajador-martini","status":"publish","type":"post","link":"https:\/\/diariotextual.com\/inicio\/index.php\/2023\/09\/22\/concejales-del-pj-de-nueve-localidades-se-reunieron-en-embajador-martini\/","title":{"rendered":"Concejales del PJ de nueve localidades se reunieron en Embajador Martini"},"content":{"rendered":"\n<p>Se desarroll\u00f3 en Embajador Martini una nueva reuni\u00f3n de concejales del Partido Justicialista del norte provincial, que cont\u00f3 con la presencia de funcionarios provinciales. Estuvieron presentes ediles en funciones y pr\u00f3ximos a asumir de nueve localidades: Parera, Intendente Alvear, Alta Italia, Rancul, Ingeniero Luiggi, Ceballos, Van Praet, Hilario Lagos y Embajador Martini.<br><\/p>\n\n\n\n<p>En el encuentro estuvieron presentes el senador Daniel Pablo Bensus\u00e1n; el ministro de Conectividad y Modernizaci\u00f3n, Antonio Curciarello; y el secretario de Asuntos Municipales, Rogelio Schanton. Tambi\u00e9n participaron quienes fueron candidatos a intendente, la delegada departamental Julieta Cavalo y colaboradores de los bloques.<br><\/p>\n\n\n\n<p>El encuentro sirvi\u00f3 para hablar sobre la articulaci\u00f3n entre el gobierno provincial y cada bloque legislativo, en localidades donde el PJ no ser\u00e1 gobierno en el pr\u00f3ximo per\u00edodo. Tambi\u00e9n para continuar profundizando la colaboraci\u00f3n entre los concejales de distintas localidades con el objetivo de mejorar la tarea legislativa en forma conjunta.<br><\/p>\n\n\n\n<p>\u201cLos y las concejales agradecemos la presencia del senador y los funcionarios provinciales. En la charla se abord\u00f3 la pr\u00f3xima gesti\u00f3n del gobernador Sergio Ziliotto y la manera de articular el trabajo de Provincia con cada bloque. Hay una gesti\u00f3n provincial en marcha y pol\u00edticas p\u00fablicas activas que tenemos que promover en cada una de nuestras localidades\u201d, indicaron los ediles.<br><\/p>\n\n\n\n<p>\u201cEl 22 de octubre se elige presidente y militamos la candidatura de Sergio Massa porque est\u00e1 en juego el futuro de la provincia y los derechos de las y los pampeanos. No es una campa\u00f1a del miedo, sino una realidad. Est\u00e1n en juego logros del peronismo pampeano como la Salud p\u00fablica, la educaci\u00f3n p\u00fablica, la obra p\u00fablica que la vemos en cada uno de nuestros pueblos, un Estado eficiente y presente que genera empleo genuino a pesar de la crisis. Tenemos que defender La Pampa con nuestra militancia y convenciendo a nuestros vecinos de que otro pa\u00eds es posible\u201d, afirmaron los concejales.<\/p>\n","protected":false},"excerpt":{"rendered":"<p>Se desarroll\u00f3 en Embajador Martini una nueva reuni\u00f3n de concejales del Partido Justicialista del norte provincial, que cont\u00f3 con la presencia de funcionarios provinciales. Estuvieron presentes ediles en funciones y&hellip;<\/p>\n","protected":false},"author":3,"featured_media":238333,"comment_status":"closed","ping_status":"open","sticky":false,"template":"","format":"standard","meta":{"_acf_changed":false,"footnotes":""},"categories":[11,8],"tags":[],"class_list":["post-238330","post","type-post","status-publish","format-standard","has-post-thumbnail","hentry","category-que-pasa","category-politica"],"acf":[],"yoast_head":"<!-- This site is optimized with the Yoast SEO plugin v27.5 - https:\/\/yoast.com\/product\/yoast-seo-wordpress\/ -->\n<title>Concejales del PJ de nueve localidades se reunieron en Embajador Martini - Diario Textual<\/title>\n<meta name=\"robots\" content=\"index, follow, max-snippet:-1, max-image-preview:large, max-video-preview:-1\" \/>\n<link rel=\"canonical\" href=\"https:\/\/diariotextual.com\/inicio\/index.php\/2023\/09\/22\/concejales-del-pj-de-nueve-localidades-se-reunieron-en-embajador-martini\/\" \/>\n<meta property=\"og:locale\" content=\"es_ES\" \/>\n<meta property=\"og:type\" content=\"article\" \/>\n<meta property=\"og:title\" content=\"Concejales del PJ de nueve localidades se reunieron en Embajador Martini - Diario Textual\" \/>\n<meta property=\"og:description\" content=\"Se desarroll\u00f3 en Embajador Martini una nueva reuni\u00f3n de concejales del Partido Justicialista del norte provincial, que cont\u00f3 con la presencia de funcionarios provinciales. Estuvieron presentes ediles en funciones y&hellip;\" \/>\n<meta property=\"og:url\" content=\"https:\/\/diariotextual.com\/inicio\/index.php\/2023\/09\/22\/concejales-del-pj-de-nueve-localidades-se-reunieron-en-embajador-martini\/\" \/>\n<meta property=\"og:site_name\" content=\"Diario Textual\" \/>\n<meta property=\"article:publisher\" content=\"https:\/\/www.facebook.com\/eltextual\" \/>\n<meta property=\"article:published_time\" content=\"2023-09-22T16:02:43+00:00\" \/>\n<meta property=\"article:modified_time\" content=\"2023-09-23T20:04:51+00:00\" \/>\n<meta property=\"og:image\" content=\"https:\/\/diariotextual.com\/inicio\/wp-content\/uploads\/2023\/09\/concejalesdelpjnorte2023-0923.jpg\" \/>\n\t<meta property=\"og:image:width\" content=\"1400\" \/>\n\t<meta property=\"og:image:height\" content=\"814\" \/>\n\t<meta property=\"og:image:type\" content=\"image\/jpeg\" \/>\n<meta name=\"author\" content=\"Diario1 Diario1\" \/>\n<meta name=\"twitter:card\" content=\"summary_large_image\" \/>\n<meta name=\"twitter:creator\" content=\"@eltextual\" \/>\n<meta name=\"twitter:site\" content=\"@eltextual\" \/>\n<meta name=\"twitter:label1\" content=\"Escrito por\" \/>\n\t<meta name=\"twitter:data1\" content=\"Diario1 Diario1\" \/>\n\t<meta name=\"twitter:label2\" content=\"Tiempo de lectura\" \/>\n\t<meta name=\"twitter:data2\" content=\"2 minutos\" \/>\n<script type=\"application\/ld+json\" class=\"yoast-schema-graph\">{\"@context\":\"https:\\\/\\\/schema.org\",\"@graph\":[{\"@type\":\"Article\",\"@id\":\"https:\\\/\\\/diariotextual.com\\\/inicio\\\/index.php\\\/2023\\\/09\\\/22\\\/concejales-del-pj-de-nueve-localidades-se-reunieron-en-embajador-martini\\\/#article\",\"isPartOf\":{\"@id\":\"https:\\\/\\\/diariotextual.com\\\/inicio\\\/index.php\\\/2023\\\/09\\\/22\\\/concejales-del-pj-de-nueve-localidades-se-reunieron-en-embajador-martini\\\/\"},\"author\":{\"name\":\"Diario1 Diario1\",\"@id\":\"https:\\\/\\\/diariotextual.com\\\/inicio\\\/#\\\/schema\\\/person\\\/418fc4093c33e86ed41562db3508f958\"},\"headline\":\"Concejales del PJ de nueve localidades se reunieron en Embajador Martini\",\"datePublished\":\"2023-09-22T16:02:43+00:00\",\"dateModified\":\"2023-09-23T20:04:51+00:00\",\"mainEntityOfPage\":{\"@id\":\"https:\\\/\\\/diariotextual.com\\\/inicio\\\/index.php\\\/2023\\\/09\\\/22\\\/concejales-del-pj-de-nueve-localidades-se-reunieron-en-embajador-martini\\\/\"},\"wordCount\":340,\"publisher\":{\"@id\":\"https:\\\/\\\/diariotextual.com\\\/inicio\\\/#organization\"},\"image\":{\"@id\":\"https:\\\/\\\/diariotextual.com\\\/inicio\\\/index.php\\\/2023\\\/09\\\/22\\\/concejales-del-pj-de-nueve-localidades-se-reunieron-en-embajador-martini\\\/#primaryimage\"},\"thumbnailUrl\":\"https:\\\/\\\/diariotextual.com\\\/inicio\\\/wp-content\\\/uploads\\\/2023\\\/09\\\/concejalesdelpjnorte2023-0923.jpg\",\"articleSection\":[\"A - QUE PASA (al costado)\",\"POLITICA\"],\"inLanguage\":\"es\"},{\"@type\":\"WebPage\",\"@id\":\"https:\\\/\\\/diariotextual.com\\\/inicio\\\/index.php\\\/2023\\\/09\\\/22\\\/concejales-del-pj-de-nueve-localidades-se-reunieron-en-embajador-martini\\\/\",\"url\":\"https:\\\/\\\/diariotextual.com\\\/inicio\\\/index.php\\\/2023\\\/09\\\/22\\\/concejales-del-pj-de-nueve-localidades-se-reunieron-en-embajador-martini\\\/\",\"name\":\"Concejales del PJ de nueve localidades se reunieron en Embajador Martini - Diario Textual\",\"isPartOf\":{\"@id\":\"https:\\\/\\\/diariotextual.com\\\/inicio\\\/#website\"},\"primaryImageOfPage\":{\"@id\":\"https:\\\/\\\/diariotextual.com\\\/inicio\\\/index.php\\\/2023\\\/09\\\/22\\\/concejales-del-pj-de-nueve-localidades-se-reunieron-en-embajador-martini\\\/#primaryimage\"},\"image\":{\"@id\":\"https:\\\/\\\/diariotextual.com\\\/inicio\\\/index.php\\\/2023\\\/09\\\/22\\\/concejales-del-pj-de-nueve-localidades-se-reunieron-en-embajador-martini\\\/#primaryimage\"},\"thumbnailUrl\":\"https:\\\/\\\/diariotextual.com\\\/inicio\\\/wp-content\\\/uploads\\\/2023\\\/09\\\/concejalesdelpjnorte2023-0923.jpg\",\"datePublished\":\"2023-09-22T16:02:43+00:00\",\"dateModified\":\"2023-09-23T20:04:51+00:00\",\"breadcrumb\":{\"@id\":\"https:\\\/\\\/diariotextual.com\\\/inicio\\\/index.php\\\/2023\\\/09\\\/22\\\/concejales-del-pj-de-nueve-localidades-se-reunieron-en-embajador-martini\\\/#breadcrumb\"},\"inLanguage\":\"es\",\"potentialAction\":[{\"@type\":\"ReadAction\",\"target\":[\"https:\\\/\\\/diariotextual.com\\\/inicio\\\/index.php\\\/2023\\\/09\\\/22\\\/concejales-del-pj-de-nueve-localidades-se-reunieron-en-embajador-martini\\\/\"]}]},{\"@type\":\"ImageObject\",\"inLanguage\":\"es\",\"@id\":\"https:\\\/\\\/diariotextual.com\\\/inicio\\\/index.php\\\/2023\\\/09\\\/22\\\/concejales-del-pj-de-nueve-localidades-se-reunieron-en-embajador-martini\\\/#primaryimage\",\"url\":\"https:\\\/\\\/diariotextual.com\\\/inicio\\\/wp-content\\\/uploads\\\/2023\\\/09\\\/concejalesdelpjnorte2023-0923.jpg\",\"contentUrl\":\"https:\\\/\\\/diariotextual.com\\\/inicio\\\/wp-content\\\/uploads\\\/2023\\\/09\\\/concejalesdelpjnorte2023-0923.jpg\",\"width\":1400,\"height\":814},{\"@type\":\"BreadcrumbList\",\"@id\":\"https:\\\/\\\/diariotextual.com\\\/inicio\\\/index.php\\\/2023\\\/09\\\/22\\\/concejales-del-pj-de-nueve-localidades-se-reunieron-en-embajador-martini\\\/#breadcrumb\",\"itemListElement\":[{\"@type\":\"ListItem\",\"position\":1,\"name\":\"Portada\",\"item\":\"https:\\\/\\\/diariotextual.com\\\/inicio\\\/\"},{\"@type\":\"ListItem\",\"position\":2,\"name\":\"Concejales del PJ de nueve localidades se reunieron en Embajador Martini\"}]},{\"@type\":\"WebSite\",\"@id\":\"https:\\\/\\\/diariotextual.com\\\/inicio\\\/#website\",\"url\":\"https:\\\/\\\/diariotextual.com\\\/inicio\\\/\",\"name\":\"Diario Textual\",\"description\":\"\",\"publisher\":{\"@id\":\"https:\\\/\\\/diariotextual.com\\\/inicio\\\/#organization\"},\"potentialAction\":[{\"@type\":\"SearchAction\",\"target\":{\"@type\":\"EntryPoint\",\"urlTemplate\":\"https:\\\/\\\/diariotextual.com\\\/inicio\\\/?s={search_term_string}\"},\"query-input\":{\"@type\":\"PropertyValueSpecification\",\"valueRequired\":true,\"valueName\":\"search_term_string\"}}],\"inLanguage\":\"es\"},{\"@type\":\"Organization\",\"@id\":\"https:\\\/\\\/diariotextual.com\\\/inicio\\\/#organization\",\"name\":\"Diario Textual\",\"url\":\"https:\\\/\\\/diariotextual.com\\\/inicio\\\/\",\"logo\":{\"@type\":\"ImageObject\",\"inLanguage\":\"es\",\"@id\":\"https:\\\/\\\/diariotextual.com\\\/inicio\\\/#\\\/schema\\\/logo\\\/image\\\/\",\"url\":\"https:\\\/\\\/diariotextual.com\\\/inicio\\\/wp-content\\\/uploads\\\/2023\\\/05\\\/logotextual1.jpg\",\"contentUrl\":\"https:\\\/\\\/diariotextual.com\\\/inicio\\\/wp-content\\\/uploads\\\/2023\\\/05\\\/logotextual1.jpg\",\"width\":516,\"height\":76,\"caption\":\"Diario Textual\"},\"image\":{\"@id\":\"https:\\\/\\\/diariotextual.com\\\/inicio\\\/#\\\/schema\\\/logo\\\/image\\\/\"},\"sameAs\":[\"https:\\\/\\\/www.facebook.com\\\/eltextual\",\"https:\\\/\\\/x.com\\\/eltextual\",\"http:\\\/\\\/www.instagram.com\\\/eltextual\"]},{\"@type\":\"Person\",\"@id\":\"https:\\\/\\\/diariotextual.com\\\/inicio\\\/#\\\/schema\\\/person\\\/418fc4093c33e86ed41562db3508f958\",\"name\":\"Diario1 Diario1\",\"image\":{\"@type\":\"ImageObject\",\"inLanguage\":\"es\",\"@id\":\"https:\\\/\\\/secure.gravatar.com\\\/avatar\\\/9167d280179c85bc18be67aa7eda765854300033af4896dd779b608640f2ef7a?s=96&d=mm&r=g\",\"url\":\"https:\\\/\\\/secure.gravatar.com\\\/avatar\\\/9167d280179c85bc18be67aa7eda765854300033af4896dd779b608640f2ef7a?s=96&d=mm&r=g\",\"contentUrl\":\"https:\\\/\\\/secure.gravatar.com\\\/avatar\\\/9167d280179c85bc18be67aa7eda765854300033af4896dd779b608640f2ef7a?s=96&d=mm&r=g\",\"caption\":\"Diario1 Diario1\"},\"url\":\"https:\\\/\\\/diariotextual.com\\\/inicio\\\/index.php\\\/author\\\/diario1\\\/\"}]}<\/script>\n<!-- \/ Yoast SEO plugin. -->","yoast_head_json":{"title":"Concejales del PJ de nueve localidades se reunieron en Embajador Martini - Diario Textual","robots":{"index":"index","follow":"follow","max-snippet":"max-snippet:-1","max-image-preview":"max-image-preview:large","max-video-preview":"max-video-preview:-1"},"canonical":"https:\/\/diariotextual.com\/inicio\/index.php\/2023\/09\/22\/concejales-del-pj-de-nueve-localidades-se-reunieron-en-embajador-martini\/","og_locale":"es_ES","og_type":"article","og_title":"Concejales del PJ de nueve localidades se reunieron en Embajador Martini - Diario Textual","og_description":"Se desarroll\u00f3 en Embajador Martini una nueva reuni\u00f3n de concejales del Partido Justicialista del norte provincial, que cont\u00f3 con la presencia de funcionarios provinciales. Estuvieron presentes ediles en funciones y&hellip;","og_url":"https:\/\/diariotextual.com\/inicio\/index.php\/2023\/09\/22\/concejales-del-pj-de-nueve-localidades-se-reunieron-en-embajador-martini\/","og_site_name":"Diario Textual","article_publisher":"https:\/\/www.facebook.com\/eltextual","article_published_time":"2023-09-22T16:02:43+00:00","article_modified_time":"2023-09-23T20:04:51+00:00","og_image":[{"width":1400,"height":814,"url":"https:\/\/diariotextual.com\/inicio\/wp-content\/uploads\/2023\/09\/concejalesdelpjnorte2023-0923.jpg","type":"image\/jpeg"}],"author":"Diario1 Diario1","twitter_card":"summary_large_image","twitter_creator":"@eltextual","twitter_site":"@eltextual","twitter_misc":{"Escrito por":"Diario1 Diario1","Tiempo de lectura":"2 minutos"},"schema":{"@context":"https:\/\/schema.org","@graph":[{"@type":"Article","@id":"https:\/\/diariotextual.com\/inicio\/index.php\/2023\/09\/22\/concejales-del-pj-de-nueve-localidades-se-reunieron-en-embajador-martini\/#article","isPartOf":{"@id":"https:\/\/diariotextual.com\/inicio\/index.php\/2023\/09\/22\/concejales-del-pj-de-nueve-localidades-se-reunieron-en-embajador-martini\/"},"author":{"name":"Diario1 Diario1","@id":"https:\/\/diariotextual.com\/inicio\/#\/schema\/person\/418fc4093c33e86ed41562db3508f958"},"headline":"Concejales del PJ de nueve localidades se reunieron en Embajador Martini","datePublished":"2023-09-22T16:02:43+00:00","dateModified":"2023-09-23T20:04:51+00:00","mainEntityOfPage":{"@id":"https:\/\/diariotextual.com\/inicio\/index.php\/2023\/09\/22\/concejales-del-pj-de-nueve-localidades-se-reunieron-en-embajador-martini\/"},"wordCount":340,"publisher":{"@id":"https:\/\/diariotextual.com\/inicio\/#organization"},"image":{"@id":"https:\/\/diariotextual.com\/inicio\/index.php\/2023\/09\/22\/concejales-del-pj-de-nueve-localidades-se-reunieron-en-embajador-martini\/#primaryimage"},"thumbnailUrl":"https:\/\/diariotextual.com\/inicio\/wp-content\/uploads\/2023\/09\/concejalesdelpjnorte2023-0923.jpg","articleSection":["A - QUE PASA (al costado)","POLITICA"],"inLanguage":"es"},{"@type":"WebPage","@id":"https:\/\/diariotextual.com\/inicio\/index.php\/2023\/09\/22\/concejales-del-pj-de-nueve-localidades-se-reunieron-en-embajador-martini\/","url":"https:\/\/diariotextual.com\/inicio\/index.php\/2023\/09\/22\/concejales-del-pj-de-nueve-localidades-se-reunieron-en-embajador-martini\/","name":"Concejales del PJ de nueve localidades se reunieron en Embajador Martini - Diario Textual","isPartOf":{"@id":"https:\/\/diariotextual.com\/inicio\/#website"},"primaryImageOfPage":{"@id":"https:\/\/diariotextual.com\/inicio\/index.php\/2023\/09\/22\/concejales-del-pj-de-nueve-localidades-se-reunieron-en-embajador-martini\/#primaryimage"},"image":{"@id":"https:\/\/diariotextual.com\/inicio\/index.php\/2023\/09\/22\/concejales-del-pj-de-nueve-localidades-se-reunieron-en-embajador-martini\/#primaryimage"},"thumbnailUrl":"https:\/\/diariotextual.com\/inicio\/wp-content\/uploads\/2023\/09\/concejalesdelpjnorte2023-0923.jpg","datePublished":"2023-09-22T16:02:43+00:00","dateModified":"2023-09-23T20:04:51+00:00","breadcrumb":{"@id":"https:\/\/diariotextual.com\/inicio\/index.php\/2023\/09\/22\/concejales-del-pj-de-nueve-localidades-se-reunieron-en-embajador-martini\/#breadcrumb"},"inLanguage":"es","potentialAction":[{"@type":"ReadAction","target":["https:\/\/diariotextual.com\/inicio\/index.php\/2023\/09\/22\/concejales-del-pj-de-nueve-localidades-se-reunieron-en-embajador-martini\/"]}]},{"@type":"ImageObject","inLanguage":"es","@id":"https:\/\/diariotextual.com\/inicio\/index.php\/2023\/09\/22\/concejales-del-pj-de-nueve-localidades-se-reunieron-en-embajador-martini\/#primaryimage","url":"https:\/\/diariotextual.com\/inicio\/wp-content\/uploads\/2023\/09\/concejalesdelpjnorte2023-0923.jpg","contentUrl":"https:\/\/diariotextual.com\/inicio\/wp-content\/uploads\/2023\/09\/concejalesdelpjnorte2023-0923.jpg","width":1400,"height":814},{"@type":"BreadcrumbList","@id":"https:\/\/diariotextual.com\/inicio\/index.php\/2023\/09\/22\/concejales-del-pj-de-nueve-localidades-se-reunieron-en-embajador-martini\/#breadcrumb","itemListElement":[{"@type":"ListItem","position":1,"name":"Portada","item":"https:\/\/diariotextual.com\/inicio\/"},{"@type":"ListItem","position":2,"name":"Concejales del PJ de nueve localidades se reunieron en Embajador Martini"}]},{"@type":"WebSite","@id":"https:\/\/diariotextual.com\/inicio\/#website","url":"https:\/\/diariotextual.com\/inicio\/","name":"Diario Textual","description":"","publisher":{"@id":"https:\/\/diariotextual.com\/inicio\/#organization"},"potentialAction":[{"@type":"SearchAction","target":{"@type":"EntryPoint","urlTemplate":"https:\/\/diariotextual.com\/inicio\/?s={search_term_string}"},"query-input":{"@type":"PropertyValueSpecification","valueRequired":true,"valueName":"search_term_string"}}],"inLanguage":"es"},{"@type":"Organization","@id":"https:\/\/diariotextual.com\/inicio\/#organization","name":"Diario Textual","url":"https:\/\/diariotextual.com\/inicio\/","logo":{"@type":"ImageObject","inLanguage":"es","@id":"https:\/\/diariotextual.com\/inicio\/#\/schema\/logo\/image\/","url":"https:\/\/diariotextual.com\/inicio\/wp-content\/uploads\/2023\/05\/logotextual1.jpg","contentUrl":"https:\/\/diariotextual.com\/inicio\/wp-content\/uploads\/2023\/05\/logotextual1.jpg","width":516,"height":76,"caption":"Diario Textual"},"image":{"@id":"https:\/\/diariotextual.com\/inicio\/#\/schema\/logo\/image\/"},"sameAs":["https:\/\/www.facebook.com\/eltextual","https:\/\/x.com\/eltextual","http:\/\/www.instagram.com\/eltextual"]},{"@type":"Person","@id":"https:\/\/diariotextual.com\/inicio\/#\/schema\/person\/418fc4093c33e86ed41562db3508f958","name":"Diario1 Diario1","image":{"@type":"ImageObject","inLanguage":"es","@id":"https:\/\/secure.gravatar.com\/avatar\/9167d280179c85bc18be67aa7eda765854300033af4896dd779b608640f2ef7a?s=96&d=mm&r=g","url":"https:\/\/secure.gravatar.com\/avatar\/9167d280179c85bc18be67aa7eda765854300033af4896dd779b608640f2ef7a?s=96&d=mm&r=g","contentUrl":"https:\/\/secure.gravatar.com\/avatar\/9167d280179c85bc18be67aa7eda765854300033af4896dd779b608640f2ef7a?s=96&d=mm&r=g","caption":"Diario1 Diario1"},"url":"https:\/\/diariotextual.com\/inicio\/index.php\/author\/diario1\/"}]}},"_links":{"self":[{"href":"https:\/\/diariotextual.com\/inicio\/index.php\/wp-json\/wp\/v2\/posts\/238330","targetHints":{"allow":["GET"]}}],"collection":[{"href":"https:\/\/diariotextual.com\/inicio\/index.php\/wp-json\/wp\/v2\/posts"}],"about":[{"href":"https:\/\/diariotextual.com\/inicio\/index.php\/wp-json\/wp\/v2\/types\/post"}],"author":[{"embeddable":true,"href":"https:\/\/diariotextual.com\/inicio\/index.php\/wp-json\/wp\/v2\/users\/3"}],"replies":[{"embeddable":true,"href":"https:\/\/diariotextual.com\/inicio\/index.php\/wp-json\/wp\/v2\/comments?post=238330"}],"version-history":[{"count":2,"href":"https:\/\/diariotextual.com\/inicio\/index.php\/wp-json\/wp\/v2\/posts\/238330\/revisions"}],"predecessor-version":[{"id":238332,"href":"https:\/\/diariotextual.com\/inicio\/index.php\/wp-json\/wp\/v2\/posts\/238330\/revisions\/238332"}],"wp:featuredmedia":[{"embeddable":true,"href":"https:\/\/diariotextual.com\/inicio\/index.php\/wp-json\/wp\/v2\/media\/238333"}],"wp:attachment":[{"href":"https:\/\/diariotextual.com\/inicio\/index.php\/wp-json\/wp\/v2\/media?parent=238330"}],"wp:term":[{"taxonomy":"category","embeddable":true,"href":"https:\/\/diariotextual.com\/inicio\/index.php\/wp-json\/wp\/v2\/categories?post=238330"},{"taxonomy":"post_tag","embeddable":true,"href":"https:\/\/diariotextual.com\/inicio\/index.php\/wp-json\/wp\/v2\/tags?post=238330"}],"curies":[{"name":"wp","href":"https:\/\/api.w.org\/{rel}","templated":true}]}}