{"id":238441,"date":"2023-09-23T18:20:00","date_gmt":"2023-09-23T21:20:00","guid":{"rendered":"https:\/\/diariotextual.com\/inicio\/?p=238441"},"modified":"2023-09-23T21:01:50","modified_gmt":"2023-09-24T00:01:50","slug":"ziliotto-a-borthiry-que-descanses-en-paz-amigo","status":"publish","type":"post","link":"https:\/\/diariotextual.com\/inicio\/index.php\/2023\/09\/23\/ziliotto-a-borthiry-que-descanses-en-paz-amigo\/","title":{"rendered":"Verna, Ziliotto y otros dirigentes pol\u00edticos despiden a Borthiry"},"content":{"rendered":"\n<p>Numerosos dirigentes del peronismo, entre ellos<strong> Carlos Verna<\/strong> y <strong>Sergio Ziliotto<\/strong>, despidieron con dolor, por las redes sociales, a<strong> Mart\u00edn Borthiry<\/strong>, delegado comunal de Casa de Piedra, cuyo<strong> cuerpo fue hallado este s\u00e1bado en un barranco de la ruta nacional 40, en la provincia de La Rioja.<\/strong><\/p>\n\n\n\n<p><strong><em>\u201cQue descanses en paz, amigo. Gracias por tu acompa\u00f1amiento. Vamos a extra\u00f1ar tu convicci\u00f3n y tus ganas para trabajar por una provincia cada d\u00eda mejor\u201d<\/em><\/strong>, escribi\u00f3 el gobernador <strong>Sergio Ziliotto<\/strong>.<\/p>\n\n\n\n<p><strong>Carlos Verna<\/strong>, de estrecha relaci\u00f3n durante a\u00f1os con Borthiry, lo defini\u00f3 como <strong>\u201cun leal como pocos\u201d<\/strong> en el PJ. \u201cCon dolor despido a mi gran amigo Mart\u00edn Borthiry. Incansable luchador por la justicia social y leal como pocos. Su pasi\u00f3n por la pol\u00edtica y calidez humana inspiraban. Una p\u00e9rdida inmensa. Mis condolencias a sus seres queridos\u201d, tuite\u00f3.<\/p>\n\n\n\n<figure class=\"wp-block-image size-full\"><img fetchpriority=\"high\" decoding=\"async\" width=\"597\" height=\"530\" src=\"https:\/\/diariotextual.com\/inicio\/wp-content\/uploads\/2023\/09\/borthirymartinvernadespedida2023-1.jpg\" alt=\"\" class=\"wp-image-238483\" srcset=\"https:\/\/diariotextual.com\/inicio\/wp-content\/uploads\/2023\/09\/borthirymartinvernadespedida2023-1.jpg 597w, https:\/\/diariotextual.com\/inicio\/wp-content\/uploads\/2023\/09\/borthirymartinvernadespedida2023-1-300x266.jpg 300w, https:\/\/diariotextual.com\/inicio\/wp-content\/uploads\/2023\/09\/borthirymartinvernadespedida2023-1-585x519.jpg 585w\" sizes=\"(max-width: 597px) 100vw, 597px\" \/><\/figure>\n\n\n\n<p><\/p>\n\n\n\n<p>El exintendente de Ataliva Roca, exdiputado y exministro ten\u00eda 62 a\u00f1os. Estaba viajando en moto por el norte argentino y hab\u00eda desaparecido el jueves a la tarde.<\/p>\n\n\n\n<p>Sufri\u00f3 un siniestro vial mientras circulaba en&nbsp;<strong>la ruta 40,<\/strong>&nbsp;entre Guandacol y Villa Uni\u00f3n, y&nbsp;<strong>cay\u00f3 en un peque\u00f1o barranco.<\/strong><\/p>\n\n\n\n<p>Borthiry circulaba en su moto y se habr\u00eda descompensado -en 2022 hab\u00eda sido intervenido quir\u00fargicamente por problemas card\u00edacos- o dormido en una curva, en una zona denominada \u201cZanja de la Viuda\u201d, en el departamento Felipe Varela, cerca del distrito Guandacol. All\u00ed fue hallado el cuerpo sin vida del funcionario pampeano.<\/p>\n\n\n\n<figure class=\"wp-block-image size-full\"><img decoding=\"async\" width=\"583\" height=\"581\" src=\"https:\/\/diariotextual.com\/inicio\/wp-content\/uploads\/2023\/09\/borthirymartinzilittodespedida2023-1.jpg\" alt=\"\" class=\"wp-image-238485\" srcset=\"https:\/\/diariotextual.com\/inicio\/wp-content\/uploads\/2023\/09\/borthirymartinzilittodespedida2023-1.jpg 583w, https:\/\/diariotextual.com\/inicio\/wp-content\/uploads\/2023\/09\/borthirymartinzilittodespedida2023-1-300x300.jpg 300w, https:\/\/diariotextual.com\/inicio\/wp-content\/uploads\/2023\/09\/borthirymartinzilittodespedida2023-1-150x150.jpg 150w\" sizes=\"(max-width: 583px) 100vw, 583px\" \/><\/figure>\n\n\n\n<div style=\"height:100px\" aria-hidden=\"true\" class=\"wp-block-spacer\"><\/div>\n\n\n\n<p><strong>\u201cLoco lindo\u201d, \u201cleal\u201d y \u201camigo\u201d<\/strong><\/p>\n\n\n\n<p>En las redes sociales, dirigentes pol\u00edticos y amigos lo recordaron con afecto. Uno de ellos fue <strong>Marcelo Pedehonta\u00e1<\/strong>, secretario de Trabajo de La Pampa, quien fuera amigo y luego se distanciara. \u201cLa vida nos hizo conocernos con la misma velocidad e intensidad que nos hizo desconocernos, nos qued\u00f3 pendiente el \u00faltimo vino abajo del cald\u00e9n\u2026 Descansa en paz Mart\u00edn\u2026 segu\u00ed so\u00f1ando con tu pampa distinta\u2026\u201d, escribi\u00f3 Pedehonta\u00e1.<\/p>\n\n\n\n<p>El bloque de diputados del Frejupa tambi\u00e9n dio sus condolencias. \u201cCon dolor ante tan triste noticia, el bloque de diputados y diputadas del FREJUPA, despiden al compa\u00f1ero Mart\u00edn Borthiry; quien supo dejar su huella en su vasta trayectoria pol\u00edtica. Nuestras condolencias a su familia y afectos\u201d, expres\u00f3.<\/p>\n\n\n\n<p><\/p>\n\n\n\n<figure class=\"wp-block-image size-full\"><img decoding=\"async\" width=\"575\" height=\"388\" src=\"https:\/\/diariotextual.com\/inicio\/wp-content\/uploads\/2023\/09\/borthirymartinpedehontaadespedida2023-1.jpg\" alt=\"\" class=\"wp-image-238490\" srcset=\"https:\/\/diariotextual.com\/inicio\/wp-content\/uploads\/2023\/09\/borthirymartinpedehontaadespedida2023-1.jpg 575w, https:\/\/diariotextual.com\/inicio\/wp-content\/uploads\/2023\/09\/borthirymartinpedehontaadespedida2023-1-300x202.jpg 300w\" sizes=\"(max-width: 575px) 100vw, 575px\" \/><\/figure>\n\n\n\n<p><\/p>\n\n\n\n<p>\u201cTe vamos a extra\u00f1ar querido Mart\u00edn\u201d, public\u00f3, en tanto, el intendente <strong>Luciano di N\u00e1poli<\/strong>. \u201cHace apenas dos semanas nos juntamos a charlar como siempre, me contaste de tu viaje, de cada lugar que ibas a recorrer y la ilusi\u00f3n que te generaba todo ello. Es incre\u00edble hoy tener que despedirte de esta forma inesperada\u201d, escribi\u00f3.<br><br>\u201cUn loco lindo, amiguero, cantor, inquieto, creativo y sobre todo un buen compa\u00f1ero y muy leal\u201d, lo describi\u00f3.<br><br>\u201cMe quedo con esas charlas eternas que ten\u00edamos, con nuestras confesiones y nuestras diferencias, con los griter\u00edos que armabamos en la c\u00e1mara de diputados discutiendo posturas, con tu compromiso y tu amor por esta provincia a la que le diste varias vueltas y conoc\u00edas cada rinc\u00f3n. A toda su familia mis condolencias, para todos nosotros es una enorme perdida. Q.E.P.D amigo\u201d, finaliz\u00f3.<\/p>\n\n\n\n<p>Otro que lo despidi\u00f3 fue el diputado <strong>Espartaco Mar\u00edn<\/strong>. \u201cQue noticia de mierda. Te voy a extra\u00f1ar mucho compa\u00f1ero y amigo. Mis condolencias a toda la familia por este horrible suceso y mi abrazo de siempre para vos, est\u00e9s donde est\u00e9s\u201d, tuite\u00f3.<\/p>\n\n\n\n<figure class=\"wp-block-image size-full\"><img loading=\"lazy\" decoding=\"async\" width=\"579\" height=\"487\" src=\"https:\/\/diariotextual.com\/inicio\/wp-content\/uploads\/2023\/09\/borthirymartinmarindespedida2023-1.jpg\" alt=\"\" class=\"wp-image-238487\" srcset=\"https:\/\/diariotextual.com\/inicio\/wp-content\/uploads\/2023\/09\/borthirymartinmarindespedida2023-1.jpg 579w, https:\/\/diariotextual.com\/inicio\/wp-content\/uploads\/2023\/09\/borthirymartinmarindespedida2023-1-300x252.jpg 300w\" sizes=\"(max-width: 579px) 100vw, 579px\" \/><\/figure>\n\n\n\n<p><\/p>\n\n\n\n<p>El diputado nacional <strong>Hern\u00e1n P\u00e9rez Araujo <\/strong>lo defini\u00f3 como un \u201cgran militante y compa\u00f1ero\u201d a Borthiry. \u201cDespedimos con mucha tristeza al querido amigo Mart\u00edn Borthiry, gran militante y compa\u00f1ero. Nuestro acompa\u00f1amiento a sus seres queridos\u201d, escribi\u00f3.<\/p>\n\n\n\n<p>El PJ tambi\u00e9n se expres\u00f3 a ra\u00edz de la p\u00e9rdida f\u00edsica del funcionario. \u201cEl Partido Justicialista Distrito La Pampa lamenta con pesar la partida de Mart\u00edn Borthiry, y acompa\u00f1a a sus afectos en tan profundo dolor\u201d, tuite\u00f3.<\/p>\n\n\n\n<p><\/p>\n\n\n\n<figure class=\"wp-block-embed is-type-wp-embed is-provider-diario-textual wp-block-embed-diario-textual\"><div class=\"wp-block-embed__wrapper\">\n<blockquote class=\"wp-embedded-content\" data-secret=\"jwTRK3vC1D\"><a href=\"https:\/\/diariotextual.com\/inicio\/index.php\/2023\/09\/23\/hallaron-el-cuerpo-de-martin-borthiry\/\">Hallaron el cuerpo de Mart\u00edn Borthiry en un barranco de la ruta 40<\/a><\/blockquote><iframe class=\"wp-embedded-content\" sandbox=\"allow-scripts\" security=\"restricted\" style=\"position: absolute; clip: rect(1px, 1px, 1px, 1px);\" title=\"\u00abHallaron el cuerpo de Mart\u00edn Borthiry en un barranco de la ruta 40\u00bb \u2014 Diario Textual\" src=\"https:\/\/diariotextual.com\/inicio\/index.php\/2023\/09\/23\/hallaron-el-cuerpo-de-martin-borthiry\/embed\/#?secret=swTAG0B1Xm#?secret=jwTRK3vC1D\" data-secret=\"jwTRK3vC1D\" width=\"600\" height=\"338\" frameborder=\"0\" marginwidth=\"0\" marginheight=\"0\" scrolling=\"no\"><\/iframe>\n<\/div><\/figure>\n\n\n\n<p><\/p>\n\n\n\n<div style=\"height:100px\" aria-hidden=\"true\" class=\"wp-block-spacer\"><\/div>\n\n\n\n<p><strong>Un viaje que termin\u00f3 de la peor manera<\/strong><\/p>\n\n\n\n<p>Borthiry, exministro y exdiputado, estaba haciendo junto al periodista Ricardo Luis P\u00e9rez. Viajaban en dos motos.<\/p>\n\n\n\n<p>El jueves desapareci\u00f3. P\u00e9rez, quien encabezaba la traves\u00eda, al llegar a Guandacol esper\u00f3 a Borthiry. Con el paso de los minutos, decidi\u00f3 regresar por la ruta 40, pero no lo hall\u00f3. Por eso despu\u00e9s, cerca de las 23 horas del jueves, hizo la denuncia policial.<\/p>\n\n\n\n<p>Borthiry era profesor de Educaci\u00f3n F\u00edsica. Oriundo de Victorica, viv\u00eda en el pueblo de Ataliva Roca.<\/p>\n\n\n\n<p>Fue intendente de Ataliva Roca hace unos 20 a\u00f1os. Desde all\u00ed, a principios del 2000, fue uno de los m\u00e1s dirigentes cercanos a Carlos Verna. De hecho, una de las primeras reuniones de la entonces incipiente l\u00ednea peronista&nbsp;<strong>Plural&nbsp;<\/strong>se desarroll\u00f3 en esa localidad.<\/p>\n\n\n\n<p>Posteriormente, entre 2007 y 2015, fue diputado provincial. Entre 2015 y 2019, con el regreso de Verna a la gobernaci\u00f3n, fue ministro de Desarrollo Territorial.<\/p>\n\n\n\n<p>Hiperactivo y de lengua filosa, en su momento no ocult\u00f3 sus intenciones de postularse a la gobernaci\u00f3n. Pero el elegido por Verna fue Sergio Ziliotto.<\/p>\n\n\n\n<p>En 2019, fue designado como delegado comunal de la villa tur\u00edstica Casa de Piedra.<\/p>\n\n\n\n<p>En 2022, sufri\u00f3 una descompensaci\u00f3n y fue intervenido quir\u00fargicamente: le colocaron un stent por una obstrucci\u00f3n en una arteria.<\/p>\n\n\n\n<p><\/p>\n","protected":false},"excerpt":{"rendered":"<p>Numerosos dirigentes del peronismo, entre ellos Carlos Verna y Sergio Ziliotto, despidieron con dolor, por las redes sociales, a Mart\u00edn Borthiry, delegado comunal de Casa de Piedra, cuyo cuerpo fue&hellip;<\/p>\n","protected":false},"author":3,"featured_media":82391,"comment_status":"closed","ping_status":"open","sticky":false,"template":"","format":"standard","meta":{"_acf_changed":false,"footnotes":""},"categories":[10,8],"tags":[],"class_list":["post-238441","post","type-post","status-publish","format-standard","has-post-thumbnail","hentry","category-portada-2","category-politica"],"acf":[],"yoast_head":"<!-- This site is optimized with the Yoast SEO plugin v27.4 - https:\/\/yoast.com\/product\/yoast-seo-wordpress\/ -->\n<title>Verna, Ziliotto y otros dirigentes pol\u00edticos despiden a Borthiry - Diario Textual<\/title>\n<meta name=\"robots\" content=\"index, follow, max-snippet:-1, max-image-preview:large, max-video-preview:-1\" \/>\n<link rel=\"canonical\" href=\"https:\/\/diariotextual.com\/inicio\/index.php\/2023\/09\/23\/ziliotto-a-borthiry-que-descanses-en-paz-amigo\/\" \/>\n<meta property=\"og:locale\" content=\"es_ES\" \/>\n<meta property=\"og:type\" content=\"article\" \/>\n<meta property=\"og:title\" content=\"Verna, Ziliotto y otros dirigentes pol\u00edticos despiden a Borthiry - Diario Textual\" \/>\n<meta property=\"og:description\" content=\"Numerosos dirigentes del peronismo, entre ellos Carlos Verna y Sergio Ziliotto, despidieron con dolor, por las redes sociales, a Mart\u00edn Borthiry, delegado comunal de Casa de Piedra, cuyo cuerpo fue&hellip;\" \/>\n<meta property=\"og:url\" content=\"https:\/\/diariotextual.com\/inicio\/index.php\/2023\/09\/23\/ziliotto-a-borthiry-que-descanses-en-paz-amigo\/\" \/>\n<meta property=\"og:site_name\" content=\"Diario Textual\" \/>\n<meta property=\"article:publisher\" content=\"https:\/\/www.facebook.com\/eltextual\" \/>\n<meta property=\"article:published_time\" content=\"2023-09-23T21:20:00+00:00\" \/>\n<meta property=\"article:modified_time\" content=\"2023-09-24T00:01:50+00:00\" \/>\n<meta property=\"og:image\" content=\"https:\/\/diariotextual.com\/inicio\/wp-content\/uploads\/2020\/03\/ziliottosergioborthirymartincasadepiedra2020-1.jpg\" \/>\n\t<meta property=\"og:image:width\" content=\"1500\" \/>\n\t<meta property=\"og:image:height\" content=\"999\" \/>\n\t<meta property=\"og:image:type\" content=\"image\/jpeg\" \/>\n<meta name=\"author\" content=\"Diario1 Diario1\" \/>\n<meta name=\"twitter:card\" content=\"summary_large_image\" \/>\n<meta name=\"twitter:creator\" content=\"@eltextual\" \/>\n<meta name=\"twitter:site\" content=\"@eltextual\" \/>\n<meta name=\"twitter:label1\" content=\"Escrito por\" \/>\n\t<meta name=\"twitter:data1\" content=\"Diario1 Diario1\" \/>\n\t<meta name=\"twitter:label2\" content=\"Tiempo de lectura\" \/>\n\t<meta name=\"twitter:data2\" content=\"5 minutos\" \/>\n<script type=\"application\/ld+json\" class=\"yoast-schema-graph\">{\"@context\":\"https:\\\/\\\/schema.org\",\"@graph\":[{\"@type\":\"Article\",\"@id\":\"https:\\\/\\\/diariotextual.com\\\/inicio\\\/index.php\\\/2023\\\/09\\\/23\\\/ziliotto-a-borthiry-que-descanses-en-paz-amigo\\\/#article\",\"isPartOf\":{\"@id\":\"https:\\\/\\\/diariotextual.com\\\/inicio\\\/index.php\\\/2023\\\/09\\\/23\\\/ziliotto-a-borthiry-que-descanses-en-paz-amigo\\\/\"},\"author\":{\"name\":\"Diario1 Diario1\",\"@id\":\"https:\\\/\\\/diariotextual.com\\\/inicio\\\/#\\\/schema\\\/person\\\/418fc4093c33e86ed41562db3508f958\"},\"headline\":\"Verna, Ziliotto y otros dirigentes pol\u00edticos despiden a Borthiry\",\"datePublished\":\"2023-09-23T21:20:00+00:00\",\"dateModified\":\"2023-09-24T00:01:50+00:00\",\"mainEntityOfPage\":{\"@id\":\"https:\\\/\\\/diariotextual.com\\\/inicio\\\/index.php\\\/2023\\\/09\\\/23\\\/ziliotto-a-borthiry-que-descanses-en-paz-amigo\\\/\"},\"wordCount\":897,\"publisher\":{\"@id\":\"https:\\\/\\\/diariotextual.com\\\/inicio\\\/#organization\"},\"image\":{\"@id\":\"https:\\\/\\\/diariotextual.com\\\/inicio\\\/index.php\\\/2023\\\/09\\\/23\\\/ziliotto-a-borthiry-que-descanses-en-paz-amigo\\\/#primaryimage\"},\"thumbnailUrl\":\"https:\\\/\\\/diariotextual.com\\\/inicio\\\/wp-content\\\/uploads\\\/2020\\\/03\\\/ziliottosergioborthirymartincasadepiedra2020-1.jpg\",\"articleSection\":[\"A - PORTADA2\",\"POLITICA\"],\"inLanguage\":\"es\"},{\"@type\":\"WebPage\",\"@id\":\"https:\\\/\\\/diariotextual.com\\\/inicio\\\/index.php\\\/2023\\\/09\\\/23\\\/ziliotto-a-borthiry-que-descanses-en-paz-amigo\\\/\",\"url\":\"https:\\\/\\\/diariotextual.com\\\/inicio\\\/index.php\\\/2023\\\/09\\\/23\\\/ziliotto-a-borthiry-que-descanses-en-paz-amigo\\\/\",\"name\":\"Verna, Ziliotto y otros dirigentes pol\u00edticos despiden a Borthiry - Diario Textual\",\"isPartOf\":{\"@id\":\"https:\\\/\\\/diariotextual.com\\\/inicio\\\/#website\"},\"primaryImageOfPage\":{\"@id\":\"https:\\\/\\\/diariotextual.com\\\/inicio\\\/index.php\\\/2023\\\/09\\\/23\\\/ziliotto-a-borthiry-que-descanses-en-paz-amigo\\\/#primaryimage\"},\"image\":{\"@id\":\"https:\\\/\\\/diariotextual.com\\\/inicio\\\/index.php\\\/2023\\\/09\\\/23\\\/ziliotto-a-borthiry-que-descanses-en-paz-amigo\\\/#primaryimage\"},\"thumbnailUrl\":\"https:\\\/\\\/diariotextual.com\\\/inicio\\\/wp-content\\\/uploads\\\/2020\\\/03\\\/ziliottosergioborthirymartincasadepiedra2020-1.jpg\",\"datePublished\":\"2023-09-23T21:20:00+00:00\",\"dateModified\":\"2023-09-24T00:01:50+00:00\",\"breadcrumb\":{\"@id\":\"https:\\\/\\\/diariotextual.com\\\/inicio\\\/index.php\\\/2023\\\/09\\\/23\\\/ziliotto-a-borthiry-que-descanses-en-paz-amigo\\\/#breadcrumb\"},\"inLanguage\":\"es\",\"potentialAction\":[{\"@type\":\"ReadAction\",\"target\":[\"https:\\\/\\\/diariotextual.com\\\/inicio\\\/index.php\\\/2023\\\/09\\\/23\\\/ziliotto-a-borthiry-que-descanses-en-paz-amigo\\\/\"]}]},{\"@type\":\"ImageObject\",\"inLanguage\":\"es\",\"@id\":\"https:\\\/\\\/diariotextual.com\\\/inicio\\\/index.php\\\/2023\\\/09\\\/23\\\/ziliotto-a-borthiry-que-descanses-en-paz-amigo\\\/#primaryimage\",\"url\":\"https:\\\/\\\/diariotextual.com\\\/inicio\\\/wp-content\\\/uploads\\\/2020\\\/03\\\/ziliottosergioborthirymartincasadepiedra2020-1.jpg\",\"contentUrl\":\"https:\\\/\\\/diariotextual.com\\\/inicio\\\/wp-content\\\/uploads\\\/2020\\\/03\\\/ziliottosergioborthirymartincasadepiedra2020-1.jpg\",\"width\":1500,\"height\":999},{\"@type\":\"BreadcrumbList\",\"@id\":\"https:\\\/\\\/diariotextual.com\\\/inicio\\\/index.php\\\/2023\\\/09\\\/23\\\/ziliotto-a-borthiry-que-descanses-en-paz-amigo\\\/#breadcrumb\",\"itemListElement\":[{\"@type\":\"ListItem\",\"position\":1,\"name\":\"Portada\",\"item\":\"https:\\\/\\\/diariotextual.com\\\/inicio\\\/\"},{\"@type\":\"ListItem\",\"position\":2,\"name\":\"Verna, Ziliotto y otros dirigentes pol\u00edticos despiden a Borthiry\"}]},{\"@type\":\"WebSite\",\"@id\":\"https:\\\/\\\/diariotextual.com\\\/inicio\\\/#website\",\"url\":\"https:\\\/\\\/diariotextual.com\\\/inicio\\\/\",\"name\":\"Diario Textual\",\"description\":\"\",\"publisher\":{\"@id\":\"https:\\\/\\\/diariotextual.com\\\/inicio\\\/#organization\"},\"potentialAction\":[{\"@type\":\"SearchAction\",\"target\":{\"@type\":\"EntryPoint\",\"urlTemplate\":\"https:\\\/\\\/diariotextual.com\\\/inicio\\\/?s={search_term_string}\"},\"query-input\":{\"@type\":\"PropertyValueSpecification\",\"valueRequired\":true,\"valueName\":\"search_term_string\"}}],\"inLanguage\":\"es\"},{\"@type\":\"Organization\",\"@id\":\"https:\\\/\\\/diariotextual.com\\\/inicio\\\/#organization\",\"name\":\"Diario Textual\",\"url\":\"https:\\\/\\\/diariotextual.com\\\/inicio\\\/\",\"logo\":{\"@type\":\"ImageObject\",\"inLanguage\":\"es\",\"@id\":\"https:\\\/\\\/diariotextual.com\\\/inicio\\\/#\\\/schema\\\/logo\\\/image\\\/\",\"url\":\"https:\\\/\\\/diariotextual.com\\\/inicio\\\/wp-content\\\/uploads\\\/2023\\\/05\\\/logotextual1.jpg\",\"contentUrl\":\"https:\\\/\\\/diariotextual.com\\\/inicio\\\/wp-content\\\/uploads\\\/2023\\\/05\\\/logotextual1.jpg\",\"width\":516,\"height\":76,\"caption\":\"Diario Textual\"},\"image\":{\"@id\":\"https:\\\/\\\/diariotextual.com\\\/inicio\\\/#\\\/schema\\\/logo\\\/image\\\/\"},\"sameAs\":[\"https:\\\/\\\/www.facebook.com\\\/eltextual\",\"https:\\\/\\\/x.com\\\/eltextual\",\"http:\\\/\\\/www.instagram.com\\\/eltextual\"]},{\"@type\":\"Person\",\"@id\":\"https:\\\/\\\/diariotextual.com\\\/inicio\\\/#\\\/schema\\\/person\\\/418fc4093c33e86ed41562db3508f958\",\"name\":\"Diario1 Diario1\",\"image\":{\"@type\":\"ImageObject\",\"inLanguage\":\"es\",\"@id\":\"https:\\\/\\\/secure.gravatar.com\\\/avatar\\\/9167d280179c85bc18be67aa7eda765854300033af4896dd779b608640f2ef7a?s=96&d=mm&r=g\",\"url\":\"https:\\\/\\\/secure.gravatar.com\\\/avatar\\\/9167d280179c85bc18be67aa7eda765854300033af4896dd779b608640f2ef7a?s=96&d=mm&r=g\",\"contentUrl\":\"https:\\\/\\\/secure.gravatar.com\\\/avatar\\\/9167d280179c85bc18be67aa7eda765854300033af4896dd779b608640f2ef7a?s=96&d=mm&r=g\",\"caption\":\"Diario1 Diario1\"},\"url\":\"https:\\\/\\\/diariotextual.com\\\/inicio\\\/index.php\\\/author\\\/diario1\\\/\"}]}<\/script>\n<!-- \/ Yoast SEO plugin. -->","yoast_head_json":{"title":"Verna, Ziliotto y otros dirigentes pol\u00edticos despiden a Borthiry - Diario Textual","robots":{"index":"index","follow":"follow","max-snippet":"max-snippet:-1","max-image-preview":"max-image-preview:large","max-video-preview":"max-video-preview:-1"},"canonical":"https:\/\/diariotextual.com\/inicio\/index.php\/2023\/09\/23\/ziliotto-a-borthiry-que-descanses-en-paz-amigo\/","og_locale":"es_ES","og_type":"article","og_title":"Verna, Ziliotto y otros dirigentes pol\u00edticos despiden a Borthiry - Diario Textual","og_description":"Numerosos dirigentes del peronismo, entre ellos Carlos Verna y Sergio Ziliotto, despidieron con dolor, por las redes sociales, a Mart\u00edn Borthiry, delegado comunal de Casa de Piedra, cuyo cuerpo fue&hellip;","og_url":"https:\/\/diariotextual.com\/inicio\/index.php\/2023\/09\/23\/ziliotto-a-borthiry-que-descanses-en-paz-amigo\/","og_site_name":"Diario Textual","article_publisher":"https:\/\/www.facebook.com\/eltextual","article_published_time":"2023-09-23T21:20:00+00:00","article_modified_time":"2023-09-24T00:01:50+00:00","og_image":[{"width":1500,"height":999,"url":"https:\/\/diariotextual.com\/inicio\/wp-content\/uploads\/2020\/03\/ziliottosergioborthirymartincasadepiedra2020-1.jpg","type":"image\/jpeg"}],"author":"Diario1 Diario1","twitter_card":"summary_large_image","twitter_creator":"@eltextual","twitter_site":"@eltextual","twitter_misc":{"Escrito por":"Diario1 Diario1","Tiempo de lectura":"5 minutos"},"schema":{"@context":"https:\/\/schema.org","@graph":[{"@type":"Article","@id":"https:\/\/diariotextual.com\/inicio\/index.php\/2023\/09\/23\/ziliotto-a-borthiry-que-descanses-en-paz-amigo\/#article","isPartOf":{"@id":"https:\/\/diariotextual.com\/inicio\/index.php\/2023\/09\/23\/ziliotto-a-borthiry-que-descanses-en-paz-amigo\/"},"author":{"name":"Diario1 Diario1","@id":"https:\/\/diariotextual.com\/inicio\/#\/schema\/person\/418fc4093c33e86ed41562db3508f958"},"headline":"Verna, Ziliotto y otros dirigentes pol\u00edticos despiden a Borthiry","datePublished":"2023-09-23T21:20:00+00:00","dateModified":"2023-09-24T00:01:50+00:00","mainEntityOfPage":{"@id":"https:\/\/diariotextual.com\/inicio\/index.php\/2023\/09\/23\/ziliotto-a-borthiry-que-descanses-en-paz-amigo\/"},"wordCount":897,"publisher":{"@id":"https:\/\/diariotextual.com\/inicio\/#organization"},"image":{"@id":"https:\/\/diariotextual.com\/inicio\/index.php\/2023\/09\/23\/ziliotto-a-borthiry-que-descanses-en-paz-amigo\/#primaryimage"},"thumbnailUrl":"https:\/\/diariotextual.com\/inicio\/wp-content\/uploads\/2020\/03\/ziliottosergioborthirymartincasadepiedra2020-1.jpg","articleSection":["A - PORTADA2","POLITICA"],"inLanguage":"es"},{"@type":"WebPage","@id":"https:\/\/diariotextual.com\/inicio\/index.php\/2023\/09\/23\/ziliotto-a-borthiry-que-descanses-en-paz-amigo\/","url":"https:\/\/diariotextual.com\/inicio\/index.php\/2023\/09\/23\/ziliotto-a-borthiry-que-descanses-en-paz-amigo\/","name":"Verna, Ziliotto y otros dirigentes pol\u00edticos despiden a Borthiry - Diario Textual","isPartOf":{"@id":"https:\/\/diariotextual.com\/inicio\/#website"},"primaryImageOfPage":{"@id":"https:\/\/diariotextual.com\/inicio\/index.php\/2023\/09\/23\/ziliotto-a-borthiry-que-descanses-en-paz-amigo\/#primaryimage"},"image":{"@id":"https:\/\/diariotextual.com\/inicio\/index.php\/2023\/09\/23\/ziliotto-a-borthiry-que-descanses-en-paz-amigo\/#primaryimage"},"thumbnailUrl":"https:\/\/diariotextual.com\/inicio\/wp-content\/uploads\/2020\/03\/ziliottosergioborthirymartincasadepiedra2020-1.jpg","datePublished":"2023-09-23T21:20:00+00:00","dateModified":"2023-09-24T00:01:50+00:00","breadcrumb":{"@id":"https:\/\/diariotextual.com\/inicio\/index.php\/2023\/09\/23\/ziliotto-a-borthiry-que-descanses-en-paz-amigo\/#breadcrumb"},"inLanguage":"es","potentialAction":[{"@type":"ReadAction","target":["https:\/\/diariotextual.com\/inicio\/index.php\/2023\/09\/23\/ziliotto-a-borthiry-que-descanses-en-paz-amigo\/"]}]},{"@type":"ImageObject","inLanguage":"es","@id":"https:\/\/diariotextual.com\/inicio\/index.php\/2023\/09\/23\/ziliotto-a-borthiry-que-descanses-en-paz-amigo\/#primaryimage","url":"https:\/\/diariotextual.com\/inicio\/wp-content\/uploads\/2020\/03\/ziliottosergioborthirymartincasadepiedra2020-1.jpg","contentUrl":"https:\/\/diariotextual.com\/inicio\/wp-content\/uploads\/2020\/03\/ziliottosergioborthirymartincasadepiedra2020-1.jpg","width":1500,"height":999},{"@type":"BreadcrumbList","@id":"https:\/\/diariotextual.com\/inicio\/index.php\/2023\/09\/23\/ziliotto-a-borthiry-que-descanses-en-paz-amigo\/#breadcrumb","itemListElement":[{"@type":"ListItem","position":1,"name":"Portada","item":"https:\/\/diariotextual.com\/inicio\/"},{"@type":"ListItem","position":2,"name":"Verna, Ziliotto y otros dirigentes pol\u00edticos despiden a Borthiry"}]},{"@type":"WebSite","@id":"https:\/\/diariotextual.com\/inicio\/#website","url":"https:\/\/diariotextual.com\/inicio\/","name":"Diario Textual","description":"","publisher":{"@id":"https:\/\/diariotextual.com\/inicio\/#organization"},"potentialAction":[{"@type":"SearchAction","target":{"@type":"EntryPoint","urlTemplate":"https:\/\/diariotextual.com\/inicio\/?s={search_term_string}"},"query-input":{"@type":"PropertyValueSpecification","valueRequired":true,"valueName":"search_term_string"}}],"inLanguage":"es"},{"@type":"Organization","@id":"https:\/\/diariotextual.com\/inicio\/#organization","name":"Diario Textual","url":"https:\/\/diariotextual.com\/inicio\/","logo":{"@type":"ImageObject","inLanguage":"es","@id":"https:\/\/diariotextual.com\/inicio\/#\/schema\/logo\/image\/","url":"https:\/\/diariotextual.com\/inicio\/wp-content\/uploads\/2023\/05\/logotextual1.jpg","contentUrl":"https:\/\/diariotextual.com\/inicio\/wp-content\/uploads\/2023\/05\/logotextual1.jpg","width":516,"height":76,"caption":"Diario Textual"},"image":{"@id":"https:\/\/diariotextual.com\/inicio\/#\/schema\/logo\/image\/"},"sameAs":["https:\/\/www.facebook.com\/eltextual","https:\/\/x.com\/eltextual","http:\/\/www.instagram.com\/eltextual"]},{"@type":"Person","@id":"https:\/\/diariotextual.com\/inicio\/#\/schema\/person\/418fc4093c33e86ed41562db3508f958","name":"Diario1 Diario1","image":{"@type":"ImageObject","inLanguage":"es","@id":"https:\/\/secure.gravatar.com\/avatar\/9167d280179c85bc18be67aa7eda765854300033af4896dd779b608640f2ef7a?s=96&d=mm&r=g","url":"https:\/\/secure.gravatar.com\/avatar\/9167d280179c85bc18be67aa7eda765854300033af4896dd779b608640f2ef7a?s=96&d=mm&r=g","contentUrl":"https:\/\/secure.gravatar.com\/avatar\/9167d280179c85bc18be67aa7eda765854300033af4896dd779b608640f2ef7a?s=96&d=mm&r=g","caption":"Diario1 Diario1"},"url":"https:\/\/diariotextual.com\/inicio\/index.php\/author\/diario1\/"}]}},"_links":{"self":[{"href":"https:\/\/diariotextual.com\/inicio\/index.php\/wp-json\/wp\/v2\/posts\/238441","targetHints":{"allow":["GET"]}}],"collection":[{"href":"https:\/\/diariotextual.com\/inicio\/index.php\/wp-json\/wp\/v2\/posts"}],"about":[{"href":"https:\/\/diariotextual.com\/inicio\/index.php\/wp-json\/wp\/v2\/types\/post"}],"author":[{"embeddable":true,"href":"https:\/\/diariotextual.com\/inicio\/index.php\/wp-json\/wp\/v2\/users\/3"}],"replies":[{"embeddable":true,"href":"https:\/\/diariotextual.com\/inicio\/index.php\/wp-json\/wp\/v2\/comments?post=238441"}],"version-history":[{"count":19,"href":"https:\/\/diariotextual.com\/inicio\/index.php\/wp-json\/wp\/v2\/posts\/238441\/revisions"}],"predecessor-version":[{"id":238499,"href":"https:\/\/diariotextual.com\/inicio\/index.php\/wp-json\/wp\/v2\/posts\/238441\/revisions\/238499"}],"wp:featuredmedia":[{"embeddable":true,"href":"https:\/\/diariotextual.com\/inicio\/index.php\/wp-json\/wp\/v2\/media\/82391"}],"wp:attachment":[{"href":"https:\/\/diariotextual.com\/inicio\/index.php\/wp-json\/wp\/v2\/media?parent=238441"}],"wp:term":[{"taxonomy":"category","embeddable":true,"href":"https:\/\/diariotextual.com\/inicio\/index.php\/wp-json\/wp\/v2\/categories?post=238441"},{"taxonomy":"post_tag","embeddable":true,"href":"https:\/\/diariotextual.com\/inicio\/index.php\/wp-json\/wp\/v2\/tags?post=238441"}],"curies":[{"name":"wp","href":"https:\/\/api.w.org\/{rel}","templated":true}]}}