{"id":238504,"date":"2023-09-23T21:01:21","date_gmt":"2023-09-24T00:01:21","guid":{"rendered":"https:\/\/diariotextual.com\/inicio\/?p=238504"},"modified":"2023-09-24T09:39:26","modified_gmt":"2023-09-24T12:39:26","slug":"sera-una-despedida-intima-comunica-la-familia-de-martin-borthiry","status":"publish","type":"post","link":"https:\/\/diariotextual.com\/inicio\/index.php\/2023\/09\/23\/sera-una-despedida-intima-comunica-la-familia-de-martin-borthiry\/","title":{"rendered":"\u201cSer\u00e1 una despedida \u00edntima\u201d, comunica la familia de Mart\u00edn Borthiry"},"content":{"rendered":"\n<p>La familia de <strong>Mart\u00edn Borthiry<\/strong>, el funcionario pampeano que este s\u00e1bado<strong><a href=\"https:\/\/diariotextual.com\/inicio\/index.php\/2023\/09\/23\/hallaron-el-cuerpo-de-martin-borthiry\/\"> fue hallado sin vida en la provincia de La Rioja <\/a><\/strong>mientras realizaba una traves\u00eda en moto, comunic\u00f3 que no se har\u00e1 velorio.<\/p>\n\n\n\n<p>\u201cLa familia de Mart\u00edn Borthiry queremos comunicar que no vamos a realizar velorio. Ser\u00e1 una despedida \u00edntima\u201d, comunic\u00f3 por las redes sociales una de las hijas, Fiore Borthiry.<\/p>\n\n\n\n<p>\u201cQueremos agradecer el acompa\u00f1amiento y la muestra de cari\u00f1o en este momento tan dif\u00edcil. Y agradecer a todos los que estuvieron pendientes, que han compartido y difundido en torno a la b\u00fasqueda de pap\u00e1\u201d, agreg\u00f3.<\/p>\n\n\n\n<p><strong>Borthiry era delegado de Casa de Piedra. El exintendente de Ataliva Roca, exdiputado y exministro ten\u00eda 62 a\u00f1os.&nbsp;<\/strong>Estaba viajando en moto por el norte argentino.<\/p>\n\n\n\n<p><strong>Estaba desaparecido desde el jueves a la tarde.<\/strong>&nbsp;Ahora se confirm\u00f3 que sufri\u00f3 un siniestro vial mientras circulaba en&nbsp;<strong>la ruta 40,<\/strong>&nbsp;entre Guandacol y Villa Uni\u00f3n, y&nbsp;<strong>cay\u00f3 en un peque\u00f1o barranco.<\/strong><\/p>\n\n\n\n<p>Borthiry circulaba en su moto y se habr\u00eda descompensado -en 2022 hab\u00eda sido intervenido quir\u00fargicamente por problemas card\u00edacos- o dormido en una curva, a metros antes de llegar a una zona denominada \u201cZanja de la Viuda\u201d, en el departamento Felipe Varela, cerca del distrito Guandacol. All\u00ed fue hallado el cuerpo sin vida del funcionario pampeano.<\/p>\n\n\n\n<p>Estaba haciendo esta traves\u00eda junto al periodista Ricardo Luis P\u00e9rez. Viajaban en dos motos.<\/p>\n\n\n\n<p>El jueves desapareci\u00f3. P\u00e9rez, quien encabezaba la traves\u00eda, al llegar a Guandacol esper\u00f3 a Borthiry. Con el paso de los minutos, decidi\u00f3 regresar por la ruta 40, pero no lo hall\u00f3. Por eso despu\u00e9s, cerca de las 23 horas del jueves, hizo la denuncia policial.<\/p>\n\n\n\n<p>Seg\u00fan determinaron los peritos,<strong> no particip\u00f3 otro veh\u00edculo en el siniestro y la moto derrap\u00f3 hacia un barranco. Incluso se pudo observar que hubo un intento de control de la moto, cuando derrapaba hacia la zanja.<\/strong><\/p>\n\n\n\n<p>La <strong>autopsia <\/strong>estableci\u00f3 qu<strong>e muri\u00f3 por las graves lesiones que sufri\u00f3 al caer al peque\u00f1o precipicio: m\u00faltiples fracturas costales -que le provocaron una perforaci\u00f3n pulmonar- y traumatismo de cr\u00e1neo grave.<\/strong><\/p>\n\n\n\n<p>Borthiry era profesor de Educaci\u00f3n F\u00edsica. Oriundo de Victorica, viv\u00eda en el pueblo de Ataliva Roca.<\/p>\n\n\n\n<p>Fue intendente de Ataliva Roca hace unos 20 a\u00f1os. Desde all\u00ed, a principios del 2000, fue uno de los m\u00e1s dirigentes cercanos a Carlos Verna. De hecho, una de las primeras reuniones de la entonces incipiente l\u00ednea peronista&nbsp;<strong>Plural&nbsp;<\/strong>se desarroll\u00f3 en esa localidad.<\/p>\n\n\n\n<p>Posteriormente, entre 2007 y 2015, fue diputado provincial. Entre 2015 y 2019, con el regreso de Verna a la gobernaci\u00f3n, fue ministro de Desarrollo Territorial.<\/p>\n\n\n\n<p>Hiperactivo y de lengua filosa, en su momento no ocult\u00f3 sus intenciones de postularse a la gobernaci\u00f3n. Pero el elegido por Verna fue Sergio Ziliotto.<\/p>\n\n\n\n<p>En 2019, fue designado como delegado comunal de la villa tur\u00edstica Casa de Piedra. <\/p>\n\n\n\n<p>En 2022, sufri\u00f3 una descompensaci\u00f3n y fue intervenido quir\u00fargicamente: le colocaron un stent por una obstrucci\u00f3n en una arteria.<\/p>\n\n\n\n<figure class=\"wp-block-embed is-type-wp-embed is-provider-diario-textual wp-block-embed-diario-textual\"><div class=\"wp-block-embed__wrapper\">\n<blockquote class=\"wp-embedded-content\" data-secret=\"ANUppC6nfx\"><a href=\"https:\/\/diariotextual.com\/inicio\/index.php\/2023\/09\/23\/ziliotto-a-borthiry-que-descanses-en-paz-amigo\/\">Verna, Ziliotto y otros dirigentes pol\u00edticos despiden a Borthiry<\/a><\/blockquote><iframe class=\"wp-embedded-content\" sandbox=\"allow-scripts\" security=\"restricted\" style=\"position: absolute; clip: rect(1px, 1px, 1px, 1px);\" title=\"\u00abVerna, Ziliotto y otros dirigentes pol\u00edticos despiden a Borthiry\u00bb \u2014 Diario Textual\" src=\"https:\/\/diariotextual.com\/inicio\/index.php\/2023\/09\/23\/ziliotto-a-borthiry-que-descanses-en-paz-amigo\/embed\/#?secret=CFi75qnLJA#?secret=ANUppC6nfx\" data-secret=\"ANUppC6nfx\" width=\"600\" height=\"338\" frameborder=\"0\" marginwidth=\"0\" marginheight=\"0\" scrolling=\"no\"><\/iframe>\n<\/div><\/figure>\n","protected":false},"excerpt":{"rendered":"<p>La familia de Mart\u00edn Borthiry, el funcionario pampeano que este s\u00e1bado fue hallado sin vida en la provincia de La Rioja mientras realizaba una traves\u00eda en moto, comunic\u00f3 que no&hellip;<\/p>\n","protected":false},"author":3,"featured_media":238503,"comment_status":"closed","ping_status":"open","sticky":false,"template":"","format":"standard","meta":{"_acf_changed":false,"footnotes":""},"categories":[1,8],"tags":[],"class_list":["post-238504","post","type-post","status-publish","format-standard","has-post-thumbnail","hentry","category-es-noticia","category-politica"],"acf":[],"yoast_head":"<!-- This site is optimized with the Yoast SEO plugin v27.4 - https:\/\/yoast.com\/product\/yoast-seo-wordpress\/ -->\n<title>\u201cSer\u00e1 una despedida \u00edntima\u201d, comunica la familia de Mart\u00edn Borthiry - Diario Textual<\/title>\n<meta name=\"robots\" content=\"index, follow, max-snippet:-1, max-image-preview:large, max-video-preview:-1\" \/>\n<link rel=\"canonical\" href=\"https:\/\/diariotextual.com\/inicio\/index.php\/2023\/09\/23\/sera-una-despedida-intima-comunica-la-familia-de-martin-borthiry\/\" \/>\n<meta property=\"og:locale\" content=\"es_ES\" \/>\n<meta property=\"og:type\" content=\"article\" \/>\n<meta property=\"og:title\" content=\"\u201cSer\u00e1 una despedida \u00edntima\u201d, comunica la familia de Mart\u00edn Borthiry - Diario Textual\" \/>\n<meta property=\"og:description\" content=\"La familia de Mart\u00edn Borthiry, el funcionario pampeano que este s\u00e1bado fue hallado sin vida en la provincia de La Rioja mientras realizaba una traves\u00eda en moto, comunic\u00f3 que no&hellip;\" \/>\n<meta property=\"og:url\" content=\"https:\/\/diariotextual.com\/inicio\/index.php\/2023\/09\/23\/sera-una-despedida-intima-comunica-la-familia-de-martin-borthiry\/\" \/>\n<meta property=\"og:site_name\" content=\"Diario Textual\" \/>\n<meta property=\"article:publisher\" content=\"https:\/\/www.facebook.com\/eltextual\" \/>\n<meta property=\"article:published_time\" content=\"2023-09-24T00:01:21+00:00\" \/>\n<meta property=\"article:modified_time\" content=\"2023-09-24T12:39:26+00:00\" \/>\n<meta property=\"og:image\" content=\"https:\/\/diariotextual.com\/inicio\/wp-content\/uploads\/2023\/09\/borthirymartinmoto2023-13.jpeg\" \/>\n\t<meta property=\"og:image:width\" content=\"1440\" \/>\n\t<meta property=\"og:image:height\" content=\"952\" \/>\n\t<meta property=\"og:image:type\" content=\"image\/jpeg\" \/>\n<meta name=\"author\" content=\"Diario1 Diario1\" \/>\n<meta name=\"twitter:card\" content=\"summary_large_image\" \/>\n<meta name=\"twitter:creator\" content=\"@eltextual\" \/>\n<meta name=\"twitter:site\" content=\"@eltextual\" \/>\n<meta name=\"twitter:label1\" content=\"Escrito por\" \/>\n\t<meta name=\"twitter:data1\" content=\"Diario1 Diario1\" \/>\n\t<meta name=\"twitter:label2\" content=\"Tiempo de lectura\" \/>\n\t<meta name=\"twitter:data2\" content=\"3 minutos\" \/>\n<script type=\"application\/ld+json\" class=\"yoast-schema-graph\">{\"@context\":\"https:\\\/\\\/schema.org\",\"@graph\":[{\"@type\":\"Article\",\"@id\":\"https:\\\/\\\/diariotextual.com\\\/inicio\\\/index.php\\\/2023\\\/09\\\/23\\\/sera-una-despedida-intima-comunica-la-familia-de-martin-borthiry\\\/#article\",\"isPartOf\":{\"@id\":\"https:\\\/\\\/diariotextual.com\\\/inicio\\\/index.php\\\/2023\\\/09\\\/23\\\/sera-una-despedida-intima-comunica-la-familia-de-martin-borthiry\\\/\"},\"author\":{\"name\":\"Diario1 Diario1\",\"@id\":\"https:\\\/\\\/diariotextual.com\\\/inicio\\\/#\\\/schema\\\/person\\\/418fc4093c33e86ed41562db3508f958\"},\"headline\":\"\u201cSer\u00e1 una despedida \u00edntima\u201d, comunica la familia de Mart\u00edn Borthiry\",\"datePublished\":\"2023-09-24T00:01:21+00:00\",\"dateModified\":\"2023-09-24T12:39:26+00:00\",\"mainEntityOfPage\":{\"@id\":\"https:\\\/\\\/diariotextual.com\\\/inicio\\\/index.php\\\/2023\\\/09\\\/23\\\/sera-una-despedida-intima-comunica-la-familia-de-martin-borthiry\\\/\"},\"wordCount\":529,\"publisher\":{\"@id\":\"https:\\\/\\\/diariotextual.com\\\/inicio\\\/#organization\"},\"image\":{\"@id\":\"https:\\\/\\\/diariotextual.com\\\/inicio\\\/index.php\\\/2023\\\/09\\\/23\\\/sera-una-despedida-intima-comunica-la-familia-de-martin-borthiry\\\/#primaryimage\"},\"thumbnailUrl\":\"https:\\\/\\\/diariotextual.com\\\/inicio\\\/wp-content\\\/uploads\\\/2023\\\/09\\\/borthirymartinmoto2023-13.jpeg\",\"articleSection\":[\"A - ES NOTICIA (van abajo)\",\"POLITICA\"],\"inLanguage\":\"es\"},{\"@type\":\"WebPage\",\"@id\":\"https:\\\/\\\/diariotextual.com\\\/inicio\\\/index.php\\\/2023\\\/09\\\/23\\\/sera-una-despedida-intima-comunica-la-familia-de-martin-borthiry\\\/\",\"url\":\"https:\\\/\\\/diariotextual.com\\\/inicio\\\/index.php\\\/2023\\\/09\\\/23\\\/sera-una-despedida-intima-comunica-la-familia-de-martin-borthiry\\\/\",\"name\":\"\u201cSer\u00e1 una despedida \u00edntima\u201d, comunica la familia de Mart\u00edn Borthiry - Diario Textual\",\"isPartOf\":{\"@id\":\"https:\\\/\\\/diariotextual.com\\\/inicio\\\/#website\"},\"primaryImageOfPage\":{\"@id\":\"https:\\\/\\\/diariotextual.com\\\/inicio\\\/index.php\\\/2023\\\/09\\\/23\\\/sera-una-despedida-intima-comunica-la-familia-de-martin-borthiry\\\/#primaryimage\"},\"image\":{\"@id\":\"https:\\\/\\\/diariotextual.com\\\/inicio\\\/index.php\\\/2023\\\/09\\\/23\\\/sera-una-despedida-intima-comunica-la-familia-de-martin-borthiry\\\/#primaryimage\"},\"thumbnailUrl\":\"https:\\\/\\\/diariotextual.com\\\/inicio\\\/wp-content\\\/uploads\\\/2023\\\/09\\\/borthirymartinmoto2023-13.jpeg\",\"datePublished\":\"2023-09-24T00:01:21+00:00\",\"dateModified\":\"2023-09-24T12:39:26+00:00\",\"breadcrumb\":{\"@id\":\"https:\\\/\\\/diariotextual.com\\\/inicio\\\/index.php\\\/2023\\\/09\\\/23\\\/sera-una-despedida-intima-comunica-la-familia-de-martin-borthiry\\\/#breadcrumb\"},\"inLanguage\":\"es\",\"potentialAction\":[{\"@type\":\"ReadAction\",\"target\":[\"https:\\\/\\\/diariotextual.com\\\/inicio\\\/index.php\\\/2023\\\/09\\\/23\\\/sera-una-despedida-intima-comunica-la-familia-de-martin-borthiry\\\/\"]}]},{\"@type\":\"ImageObject\",\"inLanguage\":\"es\",\"@id\":\"https:\\\/\\\/diariotextual.com\\\/inicio\\\/index.php\\\/2023\\\/09\\\/23\\\/sera-una-despedida-intima-comunica-la-familia-de-martin-borthiry\\\/#primaryimage\",\"url\":\"https:\\\/\\\/diariotextual.com\\\/inicio\\\/wp-content\\\/uploads\\\/2023\\\/09\\\/borthirymartinmoto2023-13.jpeg\",\"contentUrl\":\"https:\\\/\\\/diariotextual.com\\\/inicio\\\/wp-content\\\/uploads\\\/2023\\\/09\\\/borthirymartinmoto2023-13.jpeg\",\"width\":1440,\"height\":952},{\"@type\":\"BreadcrumbList\",\"@id\":\"https:\\\/\\\/diariotextual.com\\\/inicio\\\/index.php\\\/2023\\\/09\\\/23\\\/sera-una-despedida-intima-comunica-la-familia-de-martin-borthiry\\\/#breadcrumb\",\"itemListElement\":[{\"@type\":\"ListItem\",\"position\":1,\"name\":\"Portada\",\"item\":\"https:\\\/\\\/diariotextual.com\\\/inicio\\\/\"},{\"@type\":\"ListItem\",\"position\":2,\"name\":\"\u201cSer\u00e1 una despedida \u00edntima\u201d, comunica la familia de Mart\u00edn Borthiry\"}]},{\"@type\":\"WebSite\",\"@id\":\"https:\\\/\\\/diariotextual.com\\\/inicio\\\/#website\",\"url\":\"https:\\\/\\\/diariotextual.com\\\/inicio\\\/\",\"name\":\"Diario Textual\",\"description\":\"\",\"publisher\":{\"@id\":\"https:\\\/\\\/diariotextual.com\\\/inicio\\\/#organization\"},\"potentialAction\":[{\"@type\":\"SearchAction\",\"target\":{\"@type\":\"EntryPoint\",\"urlTemplate\":\"https:\\\/\\\/diariotextual.com\\\/inicio\\\/?s={search_term_string}\"},\"query-input\":{\"@type\":\"PropertyValueSpecification\",\"valueRequired\":true,\"valueName\":\"search_term_string\"}}],\"inLanguage\":\"es\"},{\"@type\":\"Organization\",\"@id\":\"https:\\\/\\\/diariotextual.com\\\/inicio\\\/#organization\",\"name\":\"Diario Textual\",\"url\":\"https:\\\/\\\/diariotextual.com\\\/inicio\\\/\",\"logo\":{\"@type\":\"ImageObject\",\"inLanguage\":\"es\",\"@id\":\"https:\\\/\\\/diariotextual.com\\\/inicio\\\/#\\\/schema\\\/logo\\\/image\\\/\",\"url\":\"https:\\\/\\\/diariotextual.com\\\/inicio\\\/wp-content\\\/uploads\\\/2023\\\/05\\\/logotextual1.jpg\",\"contentUrl\":\"https:\\\/\\\/diariotextual.com\\\/inicio\\\/wp-content\\\/uploads\\\/2023\\\/05\\\/logotextual1.jpg\",\"width\":516,\"height\":76,\"caption\":\"Diario Textual\"},\"image\":{\"@id\":\"https:\\\/\\\/diariotextual.com\\\/inicio\\\/#\\\/schema\\\/logo\\\/image\\\/\"},\"sameAs\":[\"https:\\\/\\\/www.facebook.com\\\/eltextual\",\"https:\\\/\\\/x.com\\\/eltextual\",\"http:\\\/\\\/www.instagram.com\\\/eltextual\"]},{\"@type\":\"Person\",\"@id\":\"https:\\\/\\\/diariotextual.com\\\/inicio\\\/#\\\/schema\\\/person\\\/418fc4093c33e86ed41562db3508f958\",\"name\":\"Diario1 Diario1\",\"image\":{\"@type\":\"ImageObject\",\"inLanguage\":\"es\",\"@id\":\"https:\\\/\\\/secure.gravatar.com\\\/avatar\\\/9167d280179c85bc18be67aa7eda765854300033af4896dd779b608640f2ef7a?s=96&d=mm&r=g\",\"url\":\"https:\\\/\\\/secure.gravatar.com\\\/avatar\\\/9167d280179c85bc18be67aa7eda765854300033af4896dd779b608640f2ef7a?s=96&d=mm&r=g\",\"contentUrl\":\"https:\\\/\\\/secure.gravatar.com\\\/avatar\\\/9167d280179c85bc18be67aa7eda765854300033af4896dd779b608640f2ef7a?s=96&d=mm&r=g\",\"caption\":\"Diario1 Diario1\"},\"url\":\"https:\\\/\\\/diariotextual.com\\\/inicio\\\/index.php\\\/author\\\/diario1\\\/\"}]}<\/script>\n<!-- \/ Yoast SEO plugin. -->","yoast_head_json":{"title":"\u201cSer\u00e1 una despedida \u00edntima\u201d, comunica la familia de Mart\u00edn Borthiry - Diario Textual","robots":{"index":"index","follow":"follow","max-snippet":"max-snippet:-1","max-image-preview":"max-image-preview:large","max-video-preview":"max-video-preview:-1"},"canonical":"https:\/\/diariotextual.com\/inicio\/index.php\/2023\/09\/23\/sera-una-despedida-intima-comunica-la-familia-de-martin-borthiry\/","og_locale":"es_ES","og_type":"article","og_title":"\u201cSer\u00e1 una despedida \u00edntima\u201d, comunica la familia de Mart\u00edn Borthiry - Diario Textual","og_description":"La familia de Mart\u00edn Borthiry, el funcionario pampeano que este s\u00e1bado fue hallado sin vida en la provincia de La Rioja mientras realizaba una traves\u00eda en moto, comunic\u00f3 que no&hellip;","og_url":"https:\/\/diariotextual.com\/inicio\/index.php\/2023\/09\/23\/sera-una-despedida-intima-comunica-la-familia-de-martin-borthiry\/","og_site_name":"Diario Textual","article_publisher":"https:\/\/www.facebook.com\/eltextual","article_published_time":"2023-09-24T00:01:21+00:00","article_modified_time":"2023-09-24T12:39:26+00:00","og_image":[{"width":1440,"height":952,"url":"https:\/\/diariotextual.com\/inicio\/wp-content\/uploads\/2023\/09\/borthirymartinmoto2023-13.jpeg","type":"image\/jpeg"}],"author":"Diario1 Diario1","twitter_card":"summary_large_image","twitter_creator":"@eltextual","twitter_site":"@eltextual","twitter_misc":{"Escrito por":"Diario1 Diario1","Tiempo de lectura":"3 minutos"},"schema":{"@context":"https:\/\/schema.org","@graph":[{"@type":"Article","@id":"https:\/\/diariotextual.com\/inicio\/index.php\/2023\/09\/23\/sera-una-despedida-intima-comunica-la-familia-de-martin-borthiry\/#article","isPartOf":{"@id":"https:\/\/diariotextual.com\/inicio\/index.php\/2023\/09\/23\/sera-una-despedida-intima-comunica-la-familia-de-martin-borthiry\/"},"author":{"name":"Diario1 Diario1","@id":"https:\/\/diariotextual.com\/inicio\/#\/schema\/person\/418fc4093c33e86ed41562db3508f958"},"headline":"\u201cSer\u00e1 una despedida \u00edntima\u201d, comunica la familia de Mart\u00edn Borthiry","datePublished":"2023-09-24T00:01:21+00:00","dateModified":"2023-09-24T12:39:26+00:00","mainEntityOfPage":{"@id":"https:\/\/diariotextual.com\/inicio\/index.php\/2023\/09\/23\/sera-una-despedida-intima-comunica-la-familia-de-martin-borthiry\/"},"wordCount":529,"publisher":{"@id":"https:\/\/diariotextual.com\/inicio\/#organization"},"image":{"@id":"https:\/\/diariotextual.com\/inicio\/index.php\/2023\/09\/23\/sera-una-despedida-intima-comunica-la-familia-de-martin-borthiry\/#primaryimage"},"thumbnailUrl":"https:\/\/diariotextual.com\/inicio\/wp-content\/uploads\/2023\/09\/borthirymartinmoto2023-13.jpeg","articleSection":["A - ES NOTICIA (van abajo)","POLITICA"],"inLanguage":"es"},{"@type":"WebPage","@id":"https:\/\/diariotextual.com\/inicio\/index.php\/2023\/09\/23\/sera-una-despedida-intima-comunica-la-familia-de-martin-borthiry\/","url":"https:\/\/diariotextual.com\/inicio\/index.php\/2023\/09\/23\/sera-una-despedida-intima-comunica-la-familia-de-martin-borthiry\/","name":"\u201cSer\u00e1 una despedida \u00edntima\u201d, comunica la familia de Mart\u00edn Borthiry - Diario Textual","isPartOf":{"@id":"https:\/\/diariotextual.com\/inicio\/#website"},"primaryImageOfPage":{"@id":"https:\/\/diariotextual.com\/inicio\/index.php\/2023\/09\/23\/sera-una-despedida-intima-comunica-la-familia-de-martin-borthiry\/#primaryimage"},"image":{"@id":"https:\/\/diariotextual.com\/inicio\/index.php\/2023\/09\/23\/sera-una-despedida-intima-comunica-la-familia-de-martin-borthiry\/#primaryimage"},"thumbnailUrl":"https:\/\/diariotextual.com\/inicio\/wp-content\/uploads\/2023\/09\/borthirymartinmoto2023-13.jpeg","datePublished":"2023-09-24T00:01:21+00:00","dateModified":"2023-09-24T12:39:26+00:00","breadcrumb":{"@id":"https:\/\/diariotextual.com\/inicio\/index.php\/2023\/09\/23\/sera-una-despedida-intima-comunica-la-familia-de-martin-borthiry\/#breadcrumb"},"inLanguage":"es","potentialAction":[{"@type":"ReadAction","target":["https:\/\/diariotextual.com\/inicio\/index.php\/2023\/09\/23\/sera-una-despedida-intima-comunica-la-familia-de-martin-borthiry\/"]}]},{"@type":"ImageObject","inLanguage":"es","@id":"https:\/\/diariotextual.com\/inicio\/index.php\/2023\/09\/23\/sera-una-despedida-intima-comunica-la-familia-de-martin-borthiry\/#primaryimage","url":"https:\/\/diariotextual.com\/inicio\/wp-content\/uploads\/2023\/09\/borthirymartinmoto2023-13.jpeg","contentUrl":"https:\/\/diariotextual.com\/inicio\/wp-content\/uploads\/2023\/09\/borthirymartinmoto2023-13.jpeg","width":1440,"height":952},{"@type":"BreadcrumbList","@id":"https:\/\/diariotextual.com\/inicio\/index.php\/2023\/09\/23\/sera-una-despedida-intima-comunica-la-familia-de-martin-borthiry\/#breadcrumb","itemListElement":[{"@type":"ListItem","position":1,"name":"Portada","item":"https:\/\/diariotextual.com\/inicio\/"},{"@type":"ListItem","position":2,"name":"\u201cSer\u00e1 una despedida \u00edntima\u201d, comunica la familia de Mart\u00edn Borthiry"}]},{"@type":"WebSite","@id":"https:\/\/diariotextual.com\/inicio\/#website","url":"https:\/\/diariotextual.com\/inicio\/","name":"Diario Textual","description":"","publisher":{"@id":"https:\/\/diariotextual.com\/inicio\/#organization"},"potentialAction":[{"@type":"SearchAction","target":{"@type":"EntryPoint","urlTemplate":"https:\/\/diariotextual.com\/inicio\/?s={search_term_string}"},"query-input":{"@type":"PropertyValueSpecification","valueRequired":true,"valueName":"search_term_string"}}],"inLanguage":"es"},{"@type":"Organization","@id":"https:\/\/diariotextual.com\/inicio\/#organization","name":"Diario Textual","url":"https:\/\/diariotextual.com\/inicio\/","logo":{"@type":"ImageObject","inLanguage":"es","@id":"https:\/\/diariotextual.com\/inicio\/#\/schema\/logo\/image\/","url":"https:\/\/diariotextual.com\/inicio\/wp-content\/uploads\/2023\/05\/logotextual1.jpg","contentUrl":"https:\/\/diariotextual.com\/inicio\/wp-content\/uploads\/2023\/05\/logotextual1.jpg","width":516,"height":76,"caption":"Diario Textual"},"image":{"@id":"https:\/\/diariotextual.com\/inicio\/#\/schema\/logo\/image\/"},"sameAs":["https:\/\/www.facebook.com\/eltextual","https:\/\/x.com\/eltextual","http:\/\/www.instagram.com\/eltextual"]},{"@type":"Person","@id":"https:\/\/diariotextual.com\/inicio\/#\/schema\/person\/418fc4093c33e86ed41562db3508f958","name":"Diario1 Diario1","image":{"@type":"ImageObject","inLanguage":"es","@id":"https:\/\/secure.gravatar.com\/avatar\/9167d280179c85bc18be67aa7eda765854300033af4896dd779b608640f2ef7a?s=96&d=mm&r=g","url":"https:\/\/secure.gravatar.com\/avatar\/9167d280179c85bc18be67aa7eda765854300033af4896dd779b608640f2ef7a?s=96&d=mm&r=g","contentUrl":"https:\/\/secure.gravatar.com\/avatar\/9167d280179c85bc18be67aa7eda765854300033af4896dd779b608640f2ef7a?s=96&d=mm&r=g","caption":"Diario1 Diario1"},"url":"https:\/\/diariotextual.com\/inicio\/index.php\/author\/diario1\/"}]}},"_links":{"self":[{"href":"https:\/\/diariotextual.com\/inicio\/index.php\/wp-json\/wp\/v2\/posts\/238504","targetHints":{"allow":["GET"]}}],"collection":[{"href":"https:\/\/diariotextual.com\/inicio\/index.php\/wp-json\/wp\/v2\/posts"}],"about":[{"href":"https:\/\/diariotextual.com\/inicio\/index.php\/wp-json\/wp\/v2\/types\/post"}],"author":[{"embeddable":true,"href":"https:\/\/diariotextual.com\/inicio\/index.php\/wp-json\/wp\/v2\/users\/3"}],"replies":[{"embeddable":true,"href":"https:\/\/diariotextual.com\/inicio\/index.php\/wp-json\/wp\/v2\/comments?post=238504"}],"version-history":[{"count":4,"href":"https:\/\/diariotextual.com\/inicio\/index.php\/wp-json\/wp\/v2\/posts\/238504\/revisions"}],"predecessor-version":[{"id":238527,"href":"https:\/\/diariotextual.com\/inicio\/index.php\/wp-json\/wp\/v2\/posts\/238504\/revisions\/238527"}],"wp:featuredmedia":[{"embeddable":true,"href":"https:\/\/diariotextual.com\/inicio\/index.php\/wp-json\/wp\/v2\/media\/238503"}],"wp:attachment":[{"href":"https:\/\/diariotextual.com\/inicio\/index.php\/wp-json\/wp\/v2\/media?parent=238504"}],"wp:term":[{"taxonomy":"category","embeddable":true,"href":"https:\/\/diariotextual.com\/inicio\/index.php\/wp-json\/wp\/v2\/categories?post=238504"},{"taxonomy":"post_tag","embeddable":true,"href":"https:\/\/diariotextual.com\/inicio\/index.php\/wp-json\/wp\/v2\/tags?post=238504"}],"curies":[{"name":"wp","href":"https:\/\/api.w.org\/{rel}","templated":true}]}}