{"id":238570,"date":"2023-09-24T19:17:01","date_gmt":"2023-09-24T22:17:01","guid":{"rendered":"https:\/\/diariotextual.com\/inicio\/?p=238570"},"modified":"2023-09-25T08:10:32","modified_gmt":"2023-09-25T11:10:32","slug":"massa-dice-que-llamara-a-un-gobierno-de-unidad-y-analiza-darle-economia-a-la-ucr","status":"publish","type":"post","link":"https:\/\/diariotextual.com\/inicio\/index.php\/2023\/09\/24\/massa-dice-que-llamara-a-un-gobierno-de-unidad-y-analiza-darle-economia-a-la-ucr\/","title":{"rendered":"Massa dice que llamar\u00e1 a un \u201cgobierno de unidad\u201d y analiza darle Econom\u00eda a la UCR"},"content":{"rendered":"\n<p><strong>Sergio Massa<\/strong> analiza ofrecerle el <strong>Ministerio de Econom\u00eda a la UCR. <\/strong>La presencia de Gerardo Morales en el acto en Salta sugiere que hay un canal de comunicaci\u00f3n con el presidente de la UCR. Cabe recordar que cuando estall\u00f3 el conflicto en Jujuy, Massa fue el \u00fanico dirigente del oficialismo que no conden\u00f3 al gobernador.<\/p>\n\n\n\n<p>Seg\u00fan pudo saber <strong>La Pol\u00edtica Online <\/strong>en base a fuentes del gobierno, el candidato de Uni\u00f3n por la Patria tiene conversaciones avanzadas con las principales figuras del partido centenario pero tambi\u00e9n con peronistas que est\u00e1n en el PRO como Rogelio Frigerio y Emilio Monz\u00f3.<\/p>\n\n\n\n<p>El expresidente de la C\u00e1mara de Diputados dijo que si gana Milei se reconfigurar\u00e1n los frentes electorales. \u201cSe rompe Juntos por el Cambio, el peronismo y todo lo que conocemos\u201d, sostuvo. Al mismo tiempo, consultado sobre un eventual ballotage Milei-Massa, dijo sugiri\u00f3 que votar\u00eda al ministro de Econom\u00eda. \u201cYo soy de centro\u201d, expres\u00f3.<\/p>\n\n\n\n<p>En esta misma l\u00ednea, el radical Emiliano Yacobitti reconoci\u00f3 que podr\u00eda votar a Massa. \u201cSiendo radical, \u00bfc\u00f3mo voy a votar a Milei que dice que Alfons\u00edn fue el peor presidente?\u201d, se pregunt\u00f3. El armador de Evoluci\u00f3n fue quien le dio el qu\u00f3rum al oficialismo para la eliminaci\u00f3n de Ganancias y le vali\u00f3 el reto de Mauricio Macri. \u201cHace rato que Macri le falta el respeto al radicalismo\u201d, respondi\u00f3.<\/p>\n\n\n\n<p>La economista Mariana Del Pogetto fue mencionada por Cristina Kirchner en la charla del s\u00e1bado por la tarde cuando cont\u00f3 detalles del encuentro que tuvo el a\u00f1o pasado con Carlos Melconi\u00e1n. La economista de la Fundaci\u00f3n Mediterr\u00e1nea tambi\u00e9n es otra candidata para Econom\u00eda en un gobierno de Massa.<\/p>\n\n\n\n<p>En el radar tambi\u00e9n aparece Horacio Rodr\u00edguez Larreta, absolutamente corrido de la campa\u00f1a de Patricia Bullrich y de una larga relaci\u00f3n con Sergio Massa. El l\u00edder del Frente Renovador tambi\u00e9n sum\u00f3 apoyos provinciales como el neuquino Rolando Figueroa, el s\u00e1ltenos Gustavo Saenz y Alberto Weretilnek de R\u00edo Negro. \u00a0<\/p>\n\n\n\n<p>Durante el acto, Massa acept\u00f3 la propuesta de los gobernadores del Norte Grande de hacer coparticipable los recursos provenientes del Impuesto al Cheque y el Impuesto Pa\u00eds para compensar los recursos que salen de las arcas del Estado Nacional por la devoluci\u00f3n del IVA y la eliminaci\u00f3n de la cuarta categor\u00eda del impuesto a las Ganancias.\u00a0<\/p>\n","protected":false},"excerpt":{"rendered":"<p>Sergio Massa analiza ofrecerle el Ministerio de Econom\u00eda a la UCR. La presencia de Gerardo Morales en el acto en Salta sugiere que hay un canal de comunicaci\u00f3n con el&hellip;<\/p>\n","protected":false},"author":3,"featured_media":238574,"comment_status":"closed","ping_status":"open","sticky":false,"template":"","format":"standard","meta":{"_acf_changed":false,"footnotes":""},"categories":[11,8],"tags":[],"class_list":["post-238570","post","type-post","status-publish","format-standard","has-post-thumbnail","hentry","category-que-pasa","category-politica"],"acf":[],"yoast_head":"<!-- This site is optimized with the Yoast SEO plugin v27.5 - https:\/\/yoast.com\/product\/yoast-seo-wordpress\/ -->\n<title>Massa dice que llamar\u00e1 a un \u201cgobierno de unidad\u201d y analiza darle Econom\u00eda a la UCR - Diario Textual<\/title>\n<meta name=\"robots\" content=\"index, follow, max-snippet:-1, max-image-preview:large, max-video-preview:-1\" \/>\n<link rel=\"canonical\" href=\"https:\/\/diariotextual.com\/inicio\/index.php\/2023\/09\/24\/massa-dice-que-llamara-a-un-gobierno-de-unidad-y-analiza-darle-economia-a-la-ucr\/\" \/>\n<meta property=\"og:locale\" content=\"es_ES\" \/>\n<meta property=\"og:type\" content=\"article\" \/>\n<meta property=\"og:title\" content=\"Massa dice que llamar\u00e1 a un \u201cgobierno de unidad\u201d y analiza darle Econom\u00eda a la UCR - Diario Textual\" \/>\n<meta property=\"og:description\" content=\"Sergio Massa analiza ofrecerle el Ministerio de Econom\u00eda a la UCR. La presencia de Gerardo Morales en el acto en Salta sugiere que hay un canal de comunicaci\u00f3n con el&hellip;\" \/>\n<meta property=\"og:url\" content=\"https:\/\/diariotextual.com\/inicio\/index.php\/2023\/09\/24\/massa-dice-que-llamara-a-un-gobierno-de-unidad-y-analiza-darle-economia-a-la-ucr\/\" \/>\n<meta property=\"og:site_name\" content=\"Diario Textual\" \/>\n<meta property=\"article:publisher\" content=\"https:\/\/www.facebook.com\/eltextual\" \/>\n<meta property=\"article:published_time\" content=\"2023-09-24T22:17:01+00:00\" \/>\n<meta property=\"article:modified_time\" content=\"2023-09-25T11:10:32+00:00\" \/>\n<meta property=\"og:image\" content=\"https:\/\/diariotextual.com\/inicio\/wp-content\/uploads\/2023\/09\/massasergiogobernadoresdelnorte2023-1.jpg\" \/>\n\t<meta property=\"og:image:width\" content=\"1600\" \/>\n\t<meta property=\"og:image:height\" content=\"769\" \/>\n\t<meta property=\"og:image:type\" content=\"image\/jpeg\" \/>\n<meta name=\"author\" content=\"Diario1 Diario1\" \/>\n<meta name=\"twitter:card\" content=\"summary_large_image\" \/>\n<meta name=\"twitter:creator\" content=\"@eltextual\" \/>\n<meta name=\"twitter:site\" content=\"@eltextual\" \/>\n<meta name=\"twitter:label1\" content=\"Escrito por\" \/>\n\t<meta name=\"twitter:data1\" content=\"Diario1 Diario1\" \/>\n\t<meta name=\"twitter:label2\" content=\"Tiempo de lectura\" \/>\n\t<meta name=\"twitter:data2\" content=\"2 minutos\" \/>\n<script type=\"application\/ld+json\" class=\"yoast-schema-graph\">{\"@context\":\"https:\\\/\\\/schema.org\",\"@graph\":[{\"@type\":\"Article\",\"@id\":\"https:\\\/\\\/diariotextual.com\\\/inicio\\\/index.php\\\/2023\\\/09\\\/24\\\/massa-dice-que-llamara-a-un-gobierno-de-unidad-y-analiza-darle-economia-a-la-ucr\\\/#article\",\"isPartOf\":{\"@id\":\"https:\\\/\\\/diariotextual.com\\\/inicio\\\/index.php\\\/2023\\\/09\\\/24\\\/massa-dice-que-llamara-a-un-gobierno-de-unidad-y-analiza-darle-economia-a-la-ucr\\\/\"},\"author\":{\"name\":\"Diario1 Diario1\",\"@id\":\"https:\\\/\\\/diariotextual.com\\\/inicio\\\/#\\\/schema\\\/person\\\/418fc4093c33e86ed41562db3508f958\"},\"headline\":\"Massa dice que llamar\u00e1 a un \u201cgobierno de unidad\u201d y analiza darle Econom\u00eda a la UCR\",\"datePublished\":\"2023-09-24T22:17:01+00:00\",\"dateModified\":\"2023-09-25T11:10:32+00:00\",\"mainEntityOfPage\":{\"@id\":\"https:\\\/\\\/diariotextual.com\\\/inicio\\\/index.php\\\/2023\\\/09\\\/24\\\/massa-dice-que-llamara-a-un-gobierno-de-unidad-y-analiza-darle-economia-a-la-ucr\\\/\"},\"wordCount\":426,\"publisher\":{\"@id\":\"https:\\\/\\\/diariotextual.com\\\/inicio\\\/#organization\"},\"image\":{\"@id\":\"https:\\\/\\\/diariotextual.com\\\/inicio\\\/index.php\\\/2023\\\/09\\\/24\\\/massa-dice-que-llamara-a-un-gobierno-de-unidad-y-analiza-darle-economia-a-la-ucr\\\/#primaryimage\"},\"thumbnailUrl\":\"https:\\\/\\\/diariotextual.com\\\/inicio\\\/wp-content\\\/uploads\\\/2023\\\/09\\\/massasergiogobernadoresdelnorte2023-1.jpg\",\"articleSection\":[\"A - QUE PASA (al costado)\",\"POLITICA\"],\"inLanguage\":\"es\"},{\"@type\":\"WebPage\",\"@id\":\"https:\\\/\\\/diariotextual.com\\\/inicio\\\/index.php\\\/2023\\\/09\\\/24\\\/massa-dice-que-llamara-a-un-gobierno-de-unidad-y-analiza-darle-economia-a-la-ucr\\\/\",\"url\":\"https:\\\/\\\/diariotextual.com\\\/inicio\\\/index.php\\\/2023\\\/09\\\/24\\\/massa-dice-que-llamara-a-un-gobierno-de-unidad-y-analiza-darle-economia-a-la-ucr\\\/\",\"name\":\"Massa dice que llamar\u00e1 a un \u201cgobierno de unidad\u201d y analiza darle Econom\u00eda a la UCR - Diario Textual\",\"isPartOf\":{\"@id\":\"https:\\\/\\\/diariotextual.com\\\/inicio\\\/#website\"},\"primaryImageOfPage\":{\"@id\":\"https:\\\/\\\/diariotextual.com\\\/inicio\\\/index.php\\\/2023\\\/09\\\/24\\\/massa-dice-que-llamara-a-un-gobierno-de-unidad-y-analiza-darle-economia-a-la-ucr\\\/#primaryimage\"},\"image\":{\"@id\":\"https:\\\/\\\/diariotextual.com\\\/inicio\\\/index.php\\\/2023\\\/09\\\/24\\\/massa-dice-que-llamara-a-un-gobierno-de-unidad-y-analiza-darle-economia-a-la-ucr\\\/#primaryimage\"},\"thumbnailUrl\":\"https:\\\/\\\/diariotextual.com\\\/inicio\\\/wp-content\\\/uploads\\\/2023\\\/09\\\/massasergiogobernadoresdelnorte2023-1.jpg\",\"datePublished\":\"2023-09-24T22:17:01+00:00\",\"dateModified\":\"2023-09-25T11:10:32+00:00\",\"breadcrumb\":{\"@id\":\"https:\\\/\\\/diariotextual.com\\\/inicio\\\/index.php\\\/2023\\\/09\\\/24\\\/massa-dice-que-llamara-a-un-gobierno-de-unidad-y-analiza-darle-economia-a-la-ucr\\\/#breadcrumb\"},\"inLanguage\":\"es\",\"potentialAction\":[{\"@type\":\"ReadAction\",\"target\":[\"https:\\\/\\\/diariotextual.com\\\/inicio\\\/index.php\\\/2023\\\/09\\\/24\\\/massa-dice-que-llamara-a-un-gobierno-de-unidad-y-analiza-darle-economia-a-la-ucr\\\/\"]}]},{\"@type\":\"ImageObject\",\"inLanguage\":\"es\",\"@id\":\"https:\\\/\\\/diariotextual.com\\\/inicio\\\/index.php\\\/2023\\\/09\\\/24\\\/massa-dice-que-llamara-a-un-gobierno-de-unidad-y-analiza-darle-economia-a-la-ucr\\\/#primaryimage\",\"url\":\"https:\\\/\\\/diariotextual.com\\\/inicio\\\/wp-content\\\/uploads\\\/2023\\\/09\\\/massasergiogobernadoresdelnorte2023-1.jpg\",\"contentUrl\":\"https:\\\/\\\/diariotextual.com\\\/inicio\\\/wp-content\\\/uploads\\\/2023\\\/09\\\/massasergiogobernadoresdelnorte2023-1.jpg\",\"width\":1600,\"height\":769},{\"@type\":\"BreadcrumbList\",\"@id\":\"https:\\\/\\\/diariotextual.com\\\/inicio\\\/index.php\\\/2023\\\/09\\\/24\\\/massa-dice-que-llamara-a-un-gobierno-de-unidad-y-analiza-darle-economia-a-la-ucr\\\/#breadcrumb\",\"itemListElement\":[{\"@type\":\"ListItem\",\"position\":1,\"name\":\"Portada\",\"item\":\"https:\\\/\\\/diariotextual.com\\\/inicio\\\/\"},{\"@type\":\"ListItem\",\"position\":2,\"name\":\"Massa dice que llamar\u00e1 a un \u201cgobierno de unidad\u201d y analiza darle Econom\u00eda a la UCR\"}]},{\"@type\":\"WebSite\",\"@id\":\"https:\\\/\\\/diariotextual.com\\\/inicio\\\/#website\",\"url\":\"https:\\\/\\\/diariotextual.com\\\/inicio\\\/\",\"name\":\"Diario Textual\",\"description\":\"\",\"publisher\":{\"@id\":\"https:\\\/\\\/diariotextual.com\\\/inicio\\\/#organization\"},\"potentialAction\":[{\"@type\":\"SearchAction\",\"target\":{\"@type\":\"EntryPoint\",\"urlTemplate\":\"https:\\\/\\\/diariotextual.com\\\/inicio\\\/?s={search_term_string}\"},\"query-input\":{\"@type\":\"PropertyValueSpecification\",\"valueRequired\":true,\"valueName\":\"search_term_string\"}}],\"inLanguage\":\"es\"},{\"@type\":\"Organization\",\"@id\":\"https:\\\/\\\/diariotextual.com\\\/inicio\\\/#organization\",\"name\":\"Diario Textual\",\"url\":\"https:\\\/\\\/diariotextual.com\\\/inicio\\\/\",\"logo\":{\"@type\":\"ImageObject\",\"inLanguage\":\"es\",\"@id\":\"https:\\\/\\\/diariotextual.com\\\/inicio\\\/#\\\/schema\\\/logo\\\/image\\\/\",\"url\":\"https:\\\/\\\/diariotextual.com\\\/inicio\\\/wp-content\\\/uploads\\\/2023\\\/05\\\/logotextual1.jpg\",\"contentUrl\":\"https:\\\/\\\/diariotextual.com\\\/inicio\\\/wp-content\\\/uploads\\\/2023\\\/05\\\/logotextual1.jpg\",\"width\":516,\"height\":76,\"caption\":\"Diario Textual\"},\"image\":{\"@id\":\"https:\\\/\\\/diariotextual.com\\\/inicio\\\/#\\\/schema\\\/logo\\\/image\\\/\"},\"sameAs\":[\"https:\\\/\\\/www.facebook.com\\\/eltextual\",\"https:\\\/\\\/x.com\\\/eltextual\",\"http:\\\/\\\/www.instagram.com\\\/eltextual\"]},{\"@type\":\"Person\",\"@id\":\"https:\\\/\\\/diariotextual.com\\\/inicio\\\/#\\\/schema\\\/person\\\/418fc4093c33e86ed41562db3508f958\",\"name\":\"Diario1 Diario1\",\"image\":{\"@type\":\"ImageObject\",\"inLanguage\":\"es\",\"@id\":\"https:\\\/\\\/secure.gravatar.com\\\/avatar\\\/9167d280179c85bc18be67aa7eda765854300033af4896dd779b608640f2ef7a?s=96&d=mm&r=g\",\"url\":\"https:\\\/\\\/secure.gravatar.com\\\/avatar\\\/9167d280179c85bc18be67aa7eda765854300033af4896dd779b608640f2ef7a?s=96&d=mm&r=g\",\"contentUrl\":\"https:\\\/\\\/secure.gravatar.com\\\/avatar\\\/9167d280179c85bc18be67aa7eda765854300033af4896dd779b608640f2ef7a?s=96&d=mm&r=g\",\"caption\":\"Diario1 Diario1\"},\"url\":\"https:\\\/\\\/diariotextual.com\\\/inicio\\\/index.php\\\/author\\\/diario1\\\/\"}]}<\/script>\n<!-- \/ Yoast SEO plugin. -->","yoast_head_json":{"title":"Massa dice que llamar\u00e1 a un \u201cgobierno de unidad\u201d y analiza darle Econom\u00eda a la UCR - Diario Textual","robots":{"index":"index","follow":"follow","max-snippet":"max-snippet:-1","max-image-preview":"max-image-preview:large","max-video-preview":"max-video-preview:-1"},"canonical":"https:\/\/diariotextual.com\/inicio\/index.php\/2023\/09\/24\/massa-dice-que-llamara-a-un-gobierno-de-unidad-y-analiza-darle-economia-a-la-ucr\/","og_locale":"es_ES","og_type":"article","og_title":"Massa dice que llamar\u00e1 a un \u201cgobierno de unidad\u201d y analiza darle Econom\u00eda a la UCR - Diario Textual","og_description":"Sergio Massa analiza ofrecerle el Ministerio de Econom\u00eda a la UCR. La presencia de Gerardo Morales en el acto en Salta sugiere que hay un canal de comunicaci\u00f3n con el&hellip;","og_url":"https:\/\/diariotextual.com\/inicio\/index.php\/2023\/09\/24\/massa-dice-que-llamara-a-un-gobierno-de-unidad-y-analiza-darle-economia-a-la-ucr\/","og_site_name":"Diario Textual","article_publisher":"https:\/\/www.facebook.com\/eltextual","article_published_time":"2023-09-24T22:17:01+00:00","article_modified_time":"2023-09-25T11:10:32+00:00","og_image":[{"width":1600,"height":769,"url":"https:\/\/diariotextual.com\/inicio\/wp-content\/uploads\/2023\/09\/massasergiogobernadoresdelnorte2023-1.jpg","type":"image\/jpeg"}],"author":"Diario1 Diario1","twitter_card":"summary_large_image","twitter_creator":"@eltextual","twitter_site":"@eltextual","twitter_misc":{"Escrito por":"Diario1 Diario1","Tiempo de lectura":"2 minutos"},"schema":{"@context":"https:\/\/schema.org","@graph":[{"@type":"Article","@id":"https:\/\/diariotextual.com\/inicio\/index.php\/2023\/09\/24\/massa-dice-que-llamara-a-un-gobierno-de-unidad-y-analiza-darle-economia-a-la-ucr\/#article","isPartOf":{"@id":"https:\/\/diariotextual.com\/inicio\/index.php\/2023\/09\/24\/massa-dice-que-llamara-a-un-gobierno-de-unidad-y-analiza-darle-economia-a-la-ucr\/"},"author":{"name":"Diario1 Diario1","@id":"https:\/\/diariotextual.com\/inicio\/#\/schema\/person\/418fc4093c33e86ed41562db3508f958"},"headline":"Massa dice que llamar\u00e1 a un \u201cgobierno de unidad\u201d y analiza darle Econom\u00eda a la UCR","datePublished":"2023-09-24T22:17:01+00:00","dateModified":"2023-09-25T11:10:32+00:00","mainEntityOfPage":{"@id":"https:\/\/diariotextual.com\/inicio\/index.php\/2023\/09\/24\/massa-dice-que-llamara-a-un-gobierno-de-unidad-y-analiza-darle-economia-a-la-ucr\/"},"wordCount":426,"publisher":{"@id":"https:\/\/diariotextual.com\/inicio\/#organization"},"image":{"@id":"https:\/\/diariotextual.com\/inicio\/index.php\/2023\/09\/24\/massa-dice-que-llamara-a-un-gobierno-de-unidad-y-analiza-darle-economia-a-la-ucr\/#primaryimage"},"thumbnailUrl":"https:\/\/diariotextual.com\/inicio\/wp-content\/uploads\/2023\/09\/massasergiogobernadoresdelnorte2023-1.jpg","articleSection":["A - QUE PASA (al costado)","POLITICA"],"inLanguage":"es"},{"@type":"WebPage","@id":"https:\/\/diariotextual.com\/inicio\/index.php\/2023\/09\/24\/massa-dice-que-llamara-a-un-gobierno-de-unidad-y-analiza-darle-economia-a-la-ucr\/","url":"https:\/\/diariotextual.com\/inicio\/index.php\/2023\/09\/24\/massa-dice-que-llamara-a-un-gobierno-de-unidad-y-analiza-darle-economia-a-la-ucr\/","name":"Massa dice que llamar\u00e1 a un \u201cgobierno de unidad\u201d y analiza darle Econom\u00eda a la UCR - Diario Textual","isPartOf":{"@id":"https:\/\/diariotextual.com\/inicio\/#website"},"primaryImageOfPage":{"@id":"https:\/\/diariotextual.com\/inicio\/index.php\/2023\/09\/24\/massa-dice-que-llamara-a-un-gobierno-de-unidad-y-analiza-darle-economia-a-la-ucr\/#primaryimage"},"image":{"@id":"https:\/\/diariotextual.com\/inicio\/index.php\/2023\/09\/24\/massa-dice-que-llamara-a-un-gobierno-de-unidad-y-analiza-darle-economia-a-la-ucr\/#primaryimage"},"thumbnailUrl":"https:\/\/diariotextual.com\/inicio\/wp-content\/uploads\/2023\/09\/massasergiogobernadoresdelnorte2023-1.jpg","datePublished":"2023-09-24T22:17:01+00:00","dateModified":"2023-09-25T11:10:32+00:00","breadcrumb":{"@id":"https:\/\/diariotextual.com\/inicio\/index.php\/2023\/09\/24\/massa-dice-que-llamara-a-un-gobierno-de-unidad-y-analiza-darle-economia-a-la-ucr\/#breadcrumb"},"inLanguage":"es","potentialAction":[{"@type":"ReadAction","target":["https:\/\/diariotextual.com\/inicio\/index.php\/2023\/09\/24\/massa-dice-que-llamara-a-un-gobierno-de-unidad-y-analiza-darle-economia-a-la-ucr\/"]}]},{"@type":"ImageObject","inLanguage":"es","@id":"https:\/\/diariotextual.com\/inicio\/index.php\/2023\/09\/24\/massa-dice-que-llamara-a-un-gobierno-de-unidad-y-analiza-darle-economia-a-la-ucr\/#primaryimage","url":"https:\/\/diariotextual.com\/inicio\/wp-content\/uploads\/2023\/09\/massasergiogobernadoresdelnorte2023-1.jpg","contentUrl":"https:\/\/diariotextual.com\/inicio\/wp-content\/uploads\/2023\/09\/massasergiogobernadoresdelnorte2023-1.jpg","width":1600,"height":769},{"@type":"BreadcrumbList","@id":"https:\/\/diariotextual.com\/inicio\/index.php\/2023\/09\/24\/massa-dice-que-llamara-a-un-gobierno-de-unidad-y-analiza-darle-economia-a-la-ucr\/#breadcrumb","itemListElement":[{"@type":"ListItem","position":1,"name":"Portada","item":"https:\/\/diariotextual.com\/inicio\/"},{"@type":"ListItem","position":2,"name":"Massa dice que llamar\u00e1 a un \u201cgobierno de unidad\u201d y analiza darle Econom\u00eda a la UCR"}]},{"@type":"WebSite","@id":"https:\/\/diariotextual.com\/inicio\/#website","url":"https:\/\/diariotextual.com\/inicio\/","name":"Diario Textual","description":"","publisher":{"@id":"https:\/\/diariotextual.com\/inicio\/#organization"},"potentialAction":[{"@type":"SearchAction","target":{"@type":"EntryPoint","urlTemplate":"https:\/\/diariotextual.com\/inicio\/?s={search_term_string}"},"query-input":{"@type":"PropertyValueSpecification","valueRequired":true,"valueName":"search_term_string"}}],"inLanguage":"es"},{"@type":"Organization","@id":"https:\/\/diariotextual.com\/inicio\/#organization","name":"Diario Textual","url":"https:\/\/diariotextual.com\/inicio\/","logo":{"@type":"ImageObject","inLanguage":"es","@id":"https:\/\/diariotextual.com\/inicio\/#\/schema\/logo\/image\/","url":"https:\/\/diariotextual.com\/inicio\/wp-content\/uploads\/2023\/05\/logotextual1.jpg","contentUrl":"https:\/\/diariotextual.com\/inicio\/wp-content\/uploads\/2023\/05\/logotextual1.jpg","width":516,"height":76,"caption":"Diario Textual"},"image":{"@id":"https:\/\/diariotextual.com\/inicio\/#\/schema\/logo\/image\/"},"sameAs":["https:\/\/www.facebook.com\/eltextual","https:\/\/x.com\/eltextual","http:\/\/www.instagram.com\/eltextual"]},{"@type":"Person","@id":"https:\/\/diariotextual.com\/inicio\/#\/schema\/person\/418fc4093c33e86ed41562db3508f958","name":"Diario1 Diario1","image":{"@type":"ImageObject","inLanguage":"es","@id":"https:\/\/secure.gravatar.com\/avatar\/9167d280179c85bc18be67aa7eda765854300033af4896dd779b608640f2ef7a?s=96&d=mm&r=g","url":"https:\/\/secure.gravatar.com\/avatar\/9167d280179c85bc18be67aa7eda765854300033af4896dd779b608640f2ef7a?s=96&d=mm&r=g","contentUrl":"https:\/\/secure.gravatar.com\/avatar\/9167d280179c85bc18be67aa7eda765854300033af4896dd779b608640f2ef7a?s=96&d=mm&r=g","caption":"Diario1 Diario1"},"url":"https:\/\/diariotextual.com\/inicio\/index.php\/author\/diario1\/"}]}},"_links":{"self":[{"href":"https:\/\/diariotextual.com\/inicio\/index.php\/wp-json\/wp\/v2\/posts\/238570","targetHints":{"allow":["GET"]}}],"collection":[{"href":"https:\/\/diariotextual.com\/inicio\/index.php\/wp-json\/wp\/v2\/posts"}],"about":[{"href":"https:\/\/diariotextual.com\/inicio\/index.php\/wp-json\/wp\/v2\/types\/post"}],"author":[{"embeddable":true,"href":"https:\/\/diariotextual.com\/inicio\/index.php\/wp-json\/wp\/v2\/users\/3"}],"replies":[{"embeddable":true,"href":"https:\/\/diariotextual.com\/inicio\/index.php\/wp-json\/wp\/v2\/comments?post=238570"}],"version-history":[{"count":5,"href":"https:\/\/diariotextual.com\/inicio\/index.php\/wp-json\/wp\/v2\/posts\/238570\/revisions"}],"predecessor-version":[{"id":238576,"href":"https:\/\/diariotextual.com\/inicio\/index.php\/wp-json\/wp\/v2\/posts\/238570\/revisions\/238576"}],"wp:featuredmedia":[{"embeddable":true,"href":"https:\/\/diariotextual.com\/inicio\/index.php\/wp-json\/wp\/v2\/media\/238574"}],"wp:attachment":[{"href":"https:\/\/diariotextual.com\/inicio\/index.php\/wp-json\/wp\/v2\/media?parent=238570"}],"wp:term":[{"taxonomy":"category","embeddable":true,"href":"https:\/\/diariotextual.com\/inicio\/index.php\/wp-json\/wp\/v2\/categories?post=238570"},{"taxonomy":"post_tag","embeddable":true,"href":"https:\/\/diariotextual.com\/inicio\/index.php\/wp-json\/wp\/v2\/tags?post=238570"}],"curies":[{"name":"wp","href":"https:\/\/api.w.org\/{rel}","templated":true}]}}