{"id":238689,"date":"2023-09-26T13:00:00","date_gmt":"2023-09-26T16:00:00","guid":{"rendered":"https:\/\/diariotextual.com\/inicio\/?p=238689"},"modified":"2023-09-27T08:39:17","modified_gmt":"2023-09-27T11:39:17","slug":"veronica-campo-propuesta-para-el-stj-tiene-que-ir-a-responder-preguntas-de-los-diputados","status":"publish","type":"post","link":"https:\/\/diariotextual.com\/inicio\/index.php\/2023\/09\/26\/veronica-campo-propuesta-para-el-stj-tiene-que-ir-a-responder-preguntas-de-los-diputados\/","title":{"rendered":"Ver\u00f3nica Campo, a un paso del STJ: \u201cSer \u2018la hija de\u2019 no me parece una cr\u00edtica\u201d"},"content":{"rendered":"\n<p><strong>Ver\u00f3nica Campo<\/strong>, fiscal y quien fue recientemente propuesta por el gobernador <strong>Sergio Ziliotto <\/strong>para ocupar el cargo de<strong> jueza del Superior Tribunal de Justicia de La Pampa<\/strong>, concurri\u00f3 este martes a la Comisi\u00f3n de Peticiones de la Legislatura para responder las preguntas de los diputados y diputadas provinciales.<strong> <\/strong><\/p>\n\n\n\n<p><strong>Pas\u00f3 sin mayores sobresaltos este filtro,<\/strong> pese a<strong> que la oposici\u00f3n -como ya ha ocurrido en otra oportunidad, cuando fue aprobado su pliego de fiscal- cuestion\u00f3 su vinculaci\u00f3n con el PJ: es hija del exvicegobernador Luis Campo y la exministra Mar\u00eda Cristina Garello y, adem\u00e1s, ocup\u00f3 cargos en el Ejecutivo provincial.<\/strong> Finalmente se emiti\u00f3 dictamen favorable por mayor\u00eda y la minor\u00eda fijar\u00e1 posici\u00f3n en el recinto cuando se trate la iniciativa.<\/p>\n\n\n\n<p>Campo recientemente fue propuesta por el gobernador para reemplazar a<strong> Victoria Fresco<\/strong> en el Superior Tribunal de Justicia de la provincia, el m\u00e1ximo organismo judicial de la provincia. Seg\u00fan declar\u00f3 ella misma,<strong> se mostr\u00f3 \u201csorprendida\u201d por la convocatoria de Ziliotto.<\/strong><\/p>\n\n\n\n<p>Campo es actualmente fiscal de la Segunda Circunscripci\u00f3n Judicial, con sede en General Pico. Es abogada recibida en la Universidad Torcuato Di Tella y es master en Derecho Administrativo.<\/p>\n\n\n\n<p>Se desempe\u00f1\u00f3 en distintas dependencias p\u00fablicas, entre ellas la Fiscal\u00eda de Estado, y luego ingres\u00f3 a Tribunales como Jefa de Oficina Judicial, para convertirse en fiscal en el a\u00f1o 2015.<\/p>\n\n\n\n<div style=\"height:100px\" aria-hidden=\"true\" class=\"wp-block-spacer\"><\/div>\n\n\n\n<p><strong>Con la prensa<\/strong><\/p>\n\n\n\n<p>\u201cYo vengo del \u00f3rgano acusador, que tiene una din\u00e1mica totalmente distinta. El Superior Tribunal con respecto a lo que es sentencias est\u00e1 totalmente al d\u00eda, nadie puede decir que ellos hoy tengan alg\u00fan atraso al respecto. Pero&nbsp;traemos la impronta de la gesti\u00f3n distinta, de un organismo distinto y quiz\u00e1s en algunos sectores donde hay un poco de retraso, por el formalismo que lleva el proceso, se pueda implementar ese tipo de gesti\u00f3n\u201d, dijo en declaraciones a la prensa, antes de ingresar a la Sala del Pensamiento.<\/p>\n\n\n\n<p>\u201cPueden cuestionarme por mi apellido, pero la verdad que si a los 46 a\u00f1os lo \u00fanico que tienen para decirme es que soy la hija de \u00e9l (NdeR: Luis Campo), s\u00ed, soy la hija de \u00e9l. Y trabajo desde que tengo 19 a\u00f1os y si no tienen para cuestionarme mi trabajo, ser &#8216;la hija de&#8217; no me parece una cr\u00edtica\u201d, dijo.&nbsp;<\/p>\n\n\n\n<div style=\"height:100px\" aria-hidden=\"true\" class=\"wp-block-spacer\"><\/div>\n\n\n\n<p><strong>Frente a diputados y diputadas<\/strong><\/p>\n\n\n\n<p>El diputado Julio Gonz\u00e1lez le pregunt\u00f3 por los beneficios que le otorg\u00f3 a la Justicia el Sistema Acusatorio Penal. \u201cFue de lo mejor que le pas\u00f3 a nuestra provincia con respecto a la Justicia en los \u00faltimos tiempos. Creo que los resultados son m\u00e1s que positivos. El tr\u00e1mite en las causas se aceler\u00f3 much\u00edsimo. Lo mismo pas\u00f3 en cuanto a las sentencias. Tambi\u00e9n gener\u00f3 una relaci\u00f3n distinta de los fiscales con la polic\u00eda. Hoy el fiscal dirige la investigaci\u00f3n junto con la Fuerza. Creo que se est\u00e1n viendo los buenos resultados\u201d, destac\u00f3 Campo.<\/p>\n\n\n\n<p>La diputada Lilia Caimari pregunt\u00f3 si cree que los tiempos actuales de la Justicia son los adecuados. \u201cEn el sistema Penal mejoraron much\u00edsimo, y en el Civil se apunta a lo mismo\u201d, contest\u00f3 la abogada.  \u201cHay cuestiones que son demasiado formalistas\u201d, agreg\u00f3.<\/p>\n\n\n\n<p>Silvia Larreta, legisladora oficialista, consult\u00f3 qu\u00e9 elementos valiosos debe contener el C\u00f3digo Procesal de Familia y Ni\u00f1ez.<\/p>\n\n\n\n<p>Campo respondi\u00f3 que es muy importante la \u201cagilidad\u201d en los procesos donde hay menores involucrados. \u201cEl acotamiento y fijaci\u00f3n de los plazos es esencial\u201d, manifest\u00f3 la letrada.<\/p>\n\n\n\n<p>Por su parte, el diputado Espartaco Mar\u00edn le pidi\u00f3 su opini\u00f3n sobre la Ley de Imputabilidad. \u201cM\u00e1s all\u00e1 de mi postura, tenemos un marco legal respecto a tratado internacional que impedir\u00eda bajar la edad. Nuestra Ley Penal Juvenil pregona todo lo contrario. Tiene un sistema mucho m\u00e1s amplio y participativo de lo que se espera con la baja de imputabilidad. No es un tema sencillo. Cada menor y cada caso es distinto\u201d, explic\u00f3 Campo.<\/p>\n\n\n\n<p>Tambi\u00e9n se le consult\u00f3 sobre el Impuesto a las Ganancias y si le parece adecuado que los jueces deban tributar, ya que desde 2017 los nuevos magistrados deben hacerlo. \u201cEs una Ley que hay que cumplir. Me parece correcto\u201d, respondi\u00f3 la abogada.<\/p>\n\n\n\n<p>A su vez, se le pregunt\u00f3 si le parece adecuado la creaci\u00f3n de fiscal\u00edas tem\u00e1ticas. En este sentido, Campo sostuvo que estas fiscal\u00edas son \u201cmuy apropiadas\u201d porque permiten a cada uno de los funcionarios \u201cespecializarse\u201d en el tema y \u201cconocer c\u00f3mo act\u00faa el ambiente delictivo en la que trabaja cada unidad\u201d.<\/p>\n\n\n\n<p>M\u00e1s adelante se le consult\u00f3 sobre la perspectiva de g\u00e9nero en la Justicia. \u201cVamos bien, pero creo que nos falta mucho. Entiendo que tiene que ver con una cuesti\u00f3n cultural y que de a poco vamos avanzando. Normalmente las mujeres en cargos resolutivos somos pocas. Hoy ha habido un cambio, pero lo cierto es que soy la \u00fanica mujer que no est\u00e1 en G\u00e9nero. Estoy en la fiscal\u00eda de delitos contra la Propiedad y Juicio Directo, que es mucho m\u00e1s masculina por el trato con la Polic\u00eda. No es un dato menor. Tenemos que seguir trabajando en avanzar a\u00fan m\u00e1s\u201d, respondi\u00f3 la abogada.<\/p>\n\n\n\n<p>La diputada Agustina Garc\u00eda le consult\u00f3 sobre c\u00f3mo puede mejorarse el servicio de Justicia desde su lugar como ministra. \u201cEntiendo que el STJ funciona bien. Es un \u00f3rgano muy grande y creo que deber\u00edamos tratar de cambiar la forma de gestionar para una mayor celeridad. Se necesita modernizar el trabajo\u201d, contest\u00f3.<\/p>\n\n\n\n<p>Adem\u00e1s, se le pidi\u00f3 opini\u00f3n sobre la implementaci\u00f3n del juicio por jurados. \u201cEs una materia pendiente. Me parece interesante, pero tambi\u00e9n soy consciente de las dificultades de implementarlo. Es algo muy costoso. Tenemos que saber qu\u00e9 queremos, si el juicio por jurados se va a instaurar para una garant\u00eda para el imputado o como un derecho para la sociedad para participar\u201d, sostuvo Campo.<\/p>\n\n\n\n<p>Sobre lo adecuado o no, a la creaci\u00f3n de un sistema de servicio penitenciario provincial. Manifest\u00f3: \u201csoy una defensora de la reinserci\u00f3n y as\u00ed como estamos no lo vamos a lograr. De hecho, los condenados por delitos contra la propiedad son en su mayor\u00eda reincidentes. Entiendo que un servicio penitenciario ser\u00eda algo muy importante\u201d, respondi\u00f3 la abogada<\/p>\n\n\n\n<p>Por \u00faltimo, se le pregunt\u00f3 si las causas de los delitos contra la propiedad est\u00e1n ligados a consumos problem\u00e1ticos. \u201cEl 80% de los casos delictivos es por consumos problem\u00e1ticos. Nadie en nuestra provincia roba para comer. Hay una franja que nunca pudo salir y que sigue delinquiendo, pero en su mayor\u00eda es por problemas de adicciones\u201d, concluy\u00f3 Campo.<\/p>\n\n\n\n<p><\/p>\n\n\n\n<figure class=\"wp-block-image size-large\"><img fetchpriority=\"high\" decoding=\"async\" width=\"1024\" height=\"576\" src=\"https:\/\/diariotextual.com\/inicio\/wp-content\/uploads\/2023\/09\/campoveronicaendiputados2023-111-1024x576.jpg\" alt=\"\" class=\"wp-image-238799\" srcset=\"https:\/\/diariotextual.com\/inicio\/wp-content\/uploads\/2023\/09\/campoveronicaendiputados2023-111-1024x576.jpg 1024w, https:\/\/diariotextual.com\/inicio\/wp-content\/uploads\/2023\/09\/campoveronicaendiputados2023-111-300x169.jpg 300w, https:\/\/diariotextual.com\/inicio\/wp-content\/uploads\/2023\/09\/campoveronicaendiputados2023-111-768x432.jpg 768w, https:\/\/diariotextual.com\/inicio\/wp-content\/uploads\/2023\/09\/campoveronicaendiputados2023-111-1536x864.jpg 1536w, https:\/\/diariotextual.com\/inicio\/wp-content\/uploads\/2023\/09\/campoveronicaendiputados2023-111-1170x658.jpg 1170w, https:\/\/diariotextual.com\/inicio\/wp-content\/uploads\/2023\/09\/campoveronicaendiputados2023-111-585x329.jpg 585w, https:\/\/diariotextual.com\/inicio\/wp-content\/uploads\/2023\/09\/campoveronicaendiputados2023-111.jpg 1600w\" sizes=\"(max-width: 1024px) 100vw, 1024px\" \/><\/figure>\n","protected":false},"excerpt":{"rendered":"<p>Ver\u00f3nica Campo, fiscal y quien fue recientemente propuesta por el gobernador Sergio Ziliotto para ocupar el cargo de jueza del Superior Tribunal de Justicia de La Pampa, concurri\u00f3 este martes&hellip;<\/p>\n","protected":false},"author":3,"featured_media":238796,"comment_status":"closed","ping_status":"open","sticky":false,"template":"","format":"standard","meta":{"_acf_changed":false,"footnotes":""},"categories":[1,11,8],"tags":[],"class_list":["post-238689","post","type-post","status-publish","format-standard","has-post-thumbnail","hentry","category-es-noticia","category-que-pasa","category-politica"],"acf":[],"yoast_head":"<!-- This site is optimized with the Yoast SEO plugin v27.5 - https:\/\/yoast.com\/product\/yoast-seo-wordpress\/ -->\n<title>Ver\u00f3nica Campo, a un paso del STJ: \u201cSer \u2018la hija de\u2019 no me parece una cr\u00edtica\u201d - Diario Textual<\/title>\n<meta name=\"robots\" content=\"index, follow, max-snippet:-1, max-image-preview:large, max-video-preview:-1\" \/>\n<link rel=\"canonical\" href=\"https:\/\/diariotextual.com\/inicio\/index.php\/2023\/09\/26\/veronica-campo-propuesta-para-el-stj-tiene-que-ir-a-responder-preguntas-de-los-diputados\/\" \/>\n<meta property=\"og:locale\" content=\"es_ES\" \/>\n<meta property=\"og:type\" content=\"article\" \/>\n<meta property=\"og:title\" content=\"Ver\u00f3nica Campo, a un paso del STJ: \u201cSer \u2018la hija de\u2019 no me parece una cr\u00edtica\u201d - Diario Textual\" \/>\n<meta property=\"og:description\" content=\"Ver\u00f3nica Campo, fiscal y quien fue recientemente propuesta por el gobernador Sergio Ziliotto para ocupar el cargo de jueza del Superior Tribunal de Justicia de La Pampa, concurri\u00f3 este martes&hellip;\" \/>\n<meta property=\"og:url\" content=\"https:\/\/diariotextual.com\/inicio\/index.php\/2023\/09\/26\/veronica-campo-propuesta-para-el-stj-tiene-que-ir-a-responder-preguntas-de-los-diputados\/\" \/>\n<meta property=\"og:site_name\" content=\"Diario Textual\" \/>\n<meta property=\"article:publisher\" content=\"https:\/\/www.facebook.com\/eltextual\" \/>\n<meta property=\"article:published_time\" content=\"2023-09-26T16:00:00+00:00\" \/>\n<meta property=\"article:modified_time\" content=\"2023-09-27T11:39:17+00:00\" \/>\n<meta property=\"og:image\" content=\"https:\/\/diariotextual.com\/inicio\/wp-content\/uploads\/2023\/09\/campoveronicaendiputados2023.jpg\" \/>\n\t<meta property=\"og:image:width\" content=\"898\" \/>\n\t<meta property=\"og:image:height\" content=\"685\" \/>\n\t<meta property=\"og:image:type\" content=\"image\/jpeg\" \/>\n<meta name=\"author\" content=\"Diario1 Diario1\" \/>\n<meta name=\"twitter:card\" content=\"summary_large_image\" \/>\n<meta name=\"twitter:creator\" content=\"@eltextual\" \/>\n<meta name=\"twitter:site\" content=\"@eltextual\" \/>\n<meta name=\"twitter:label1\" content=\"Escrito por\" \/>\n\t<meta name=\"twitter:data1\" content=\"Diario1 Diario1\" \/>\n\t<meta name=\"twitter:label2\" content=\"Tiempo de lectura\" \/>\n\t<meta name=\"twitter:data2\" content=\"6 minutos\" \/>\n<script type=\"application\/ld+json\" class=\"yoast-schema-graph\">{\"@context\":\"https:\\\/\\\/schema.org\",\"@graph\":[{\"@type\":\"Article\",\"@id\":\"https:\\\/\\\/diariotextual.com\\\/inicio\\\/index.php\\\/2023\\\/09\\\/26\\\/veronica-campo-propuesta-para-el-stj-tiene-que-ir-a-responder-preguntas-de-los-diputados\\\/#article\",\"isPartOf\":{\"@id\":\"https:\\\/\\\/diariotextual.com\\\/inicio\\\/index.php\\\/2023\\\/09\\\/26\\\/veronica-campo-propuesta-para-el-stj-tiene-que-ir-a-responder-preguntas-de-los-diputados\\\/\"},\"author\":{\"name\":\"Diario1 Diario1\",\"@id\":\"https:\\\/\\\/diariotextual.com\\\/inicio\\\/#\\\/schema\\\/person\\\/418fc4093c33e86ed41562db3508f958\"},\"headline\":\"Ver\u00f3nica Campo, a un paso del STJ: \u201cSer \u2018la hija de\u2019 no me parece una cr\u00edtica\u201d\",\"datePublished\":\"2023-09-26T16:00:00+00:00\",\"dateModified\":\"2023-09-27T11:39:17+00:00\",\"mainEntityOfPage\":{\"@id\":\"https:\\\/\\\/diariotextual.com\\\/inicio\\\/index.php\\\/2023\\\/09\\\/26\\\/veronica-campo-propuesta-para-el-stj-tiene-que-ir-a-responder-preguntas-de-los-diputados\\\/\"},\"wordCount\":1141,\"publisher\":{\"@id\":\"https:\\\/\\\/diariotextual.com\\\/inicio\\\/#organization\"},\"image\":{\"@id\":\"https:\\\/\\\/diariotextual.com\\\/inicio\\\/index.php\\\/2023\\\/09\\\/26\\\/veronica-campo-propuesta-para-el-stj-tiene-que-ir-a-responder-preguntas-de-los-diputados\\\/#primaryimage\"},\"thumbnailUrl\":\"https:\\\/\\\/diariotextual.com\\\/inicio\\\/wp-content\\\/uploads\\\/2023\\\/09\\\/campoveronicaendiputados2023.jpg\",\"articleSection\":[\"A - ES NOTICIA (van abajo)\",\"A - QUE PASA (al costado)\",\"POLITICA\"],\"inLanguage\":\"es\"},{\"@type\":\"WebPage\",\"@id\":\"https:\\\/\\\/diariotextual.com\\\/inicio\\\/index.php\\\/2023\\\/09\\\/26\\\/veronica-campo-propuesta-para-el-stj-tiene-que-ir-a-responder-preguntas-de-los-diputados\\\/\",\"url\":\"https:\\\/\\\/diariotextual.com\\\/inicio\\\/index.php\\\/2023\\\/09\\\/26\\\/veronica-campo-propuesta-para-el-stj-tiene-que-ir-a-responder-preguntas-de-los-diputados\\\/\",\"name\":\"Ver\u00f3nica Campo, a un paso del STJ: \u201cSer \u2018la hija de\u2019 no me parece una cr\u00edtica\u201d - Diario Textual\",\"isPartOf\":{\"@id\":\"https:\\\/\\\/diariotextual.com\\\/inicio\\\/#website\"},\"primaryImageOfPage\":{\"@id\":\"https:\\\/\\\/diariotextual.com\\\/inicio\\\/index.php\\\/2023\\\/09\\\/26\\\/veronica-campo-propuesta-para-el-stj-tiene-que-ir-a-responder-preguntas-de-los-diputados\\\/#primaryimage\"},\"image\":{\"@id\":\"https:\\\/\\\/diariotextual.com\\\/inicio\\\/index.php\\\/2023\\\/09\\\/26\\\/veronica-campo-propuesta-para-el-stj-tiene-que-ir-a-responder-preguntas-de-los-diputados\\\/#primaryimage\"},\"thumbnailUrl\":\"https:\\\/\\\/diariotextual.com\\\/inicio\\\/wp-content\\\/uploads\\\/2023\\\/09\\\/campoveronicaendiputados2023.jpg\",\"datePublished\":\"2023-09-26T16:00:00+00:00\",\"dateModified\":\"2023-09-27T11:39:17+00:00\",\"breadcrumb\":{\"@id\":\"https:\\\/\\\/diariotextual.com\\\/inicio\\\/index.php\\\/2023\\\/09\\\/26\\\/veronica-campo-propuesta-para-el-stj-tiene-que-ir-a-responder-preguntas-de-los-diputados\\\/#breadcrumb\"},\"inLanguage\":\"es\",\"potentialAction\":[{\"@type\":\"ReadAction\",\"target\":[\"https:\\\/\\\/diariotextual.com\\\/inicio\\\/index.php\\\/2023\\\/09\\\/26\\\/veronica-campo-propuesta-para-el-stj-tiene-que-ir-a-responder-preguntas-de-los-diputados\\\/\"]}]},{\"@type\":\"ImageObject\",\"inLanguage\":\"es\",\"@id\":\"https:\\\/\\\/diariotextual.com\\\/inicio\\\/index.php\\\/2023\\\/09\\\/26\\\/veronica-campo-propuesta-para-el-stj-tiene-que-ir-a-responder-preguntas-de-los-diputados\\\/#primaryimage\",\"url\":\"https:\\\/\\\/diariotextual.com\\\/inicio\\\/wp-content\\\/uploads\\\/2023\\\/09\\\/campoveronicaendiputados2023.jpg\",\"contentUrl\":\"https:\\\/\\\/diariotextual.com\\\/inicio\\\/wp-content\\\/uploads\\\/2023\\\/09\\\/campoveronicaendiputados2023.jpg\",\"width\":898,\"height\":685},{\"@type\":\"BreadcrumbList\",\"@id\":\"https:\\\/\\\/diariotextual.com\\\/inicio\\\/index.php\\\/2023\\\/09\\\/26\\\/veronica-campo-propuesta-para-el-stj-tiene-que-ir-a-responder-preguntas-de-los-diputados\\\/#breadcrumb\",\"itemListElement\":[{\"@type\":\"ListItem\",\"position\":1,\"name\":\"Portada\",\"item\":\"https:\\\/\\\/diariotextual.com\\\/inicio\\\/\"},{\"@type\":\"ListItem\",\"position\":2,\"name\":\"Ver\u00f3nica Campo, a un paso del STJ: \u201cSer \u2018la hija de\u2019 no me parece una cr\u00edtica\u201d\"}]},{\"@type\":\"WebSite\",\"@id\":\"https:\\\/\\\/diariotextual.com\\\/inicio\\\/#website\",\"url\":\"https:\\\/\\\/diariotextual.com\\\/inicio\\\/\",\"name\":\"Diario Textual\",\"description\":\"\",\"publisher\":{\"@id\":\"https:\\\/\\\/diariotextual.com\\\/inicio\\\/#organization\"},\"potentialAction\":[{\"@type\":\"SearchAction\",\"target\":{\"@type\":\"EntryPoint\",\"urlTemplate\":\"https:\\\/\\\/diariotextual.com\\\/inicio\\\/?s={search_term_string}\"},\"query-input\":{\"@type\":\"PropertyValueSpecification\",\"valueRequired\":true,\"valueName\":\"search_term_string\"}}],\"inLanguage\":\"es\"},{\"@type\":\"Organization\",\"@id\":\"https:\\\/\\\/diariotextual.com\\\/inicio\\\/#organization\",\"name\":\"Diario Textual\",\"url\":\"https:\\\/\\\/diariotextual.com\\\/inicio\\\/\",\"logo\":{\"@type\":\"ImageObject\",\"inLanguage\":\"es\",\"@id\":\"https:\\\/\\\/diariotextual.com\\\/inicio\\\/#\\\/schema\\\/logo\\\/image\\\/\",\"url\":\"https:\\\/\\\/diariotextual.com\\\/inicio\\\/wp-content\\\/uploads\\\/2023\\\/05\\\/logotextual1.jpg\",\"contentUrl\":\"https:\\\/\\\/diariotextual.com\\\/inicio\\\/wp-content\\\/uploads\\\/2023\\\/05\\\/logotextual1.jpg\",\"width\":516,\"height\":76,\"caption\":\"Diario Textual\"},\"image\":{\"@id\":\"https:\\\/\\\/diariotextual.com\\\/inicio\\\/#\\\/schema\\\/logo\\\/image\\\/\"},\"sameAs\":[\"https:\\\/\\\/www.facebook.com\\\/eltextual\",\"https:\\\/\\\/x.com\\\/eltextual\",\"http:\\\/\\\/www.instagram.com\\\/eltextual\"]},{\"@type\":\"Person\",\"@id\":\"https:\\\/\\\/diariotextual.com\\\/inicio\\\/#\\\/schema\\\/person\\\/418fc4093c33e86ed41562db3508f958\",\"name\":\"Diario1 Diario1\",\"image\":{\"@type\":\"ImageObject\",\"inLanguage\":\"es\",\"@id\":\"https:\\\/\\\/secure.gravatar.com\\\/avatar\\\/9167d280179c85bc18be67aa7eda765854300033af4896dd779b608640f2ef7a?s=96&d=mm&r=g\",\"url\":\"https:\\\/\\\/secure.gravatar.com\\\/avatar\\\/9167d280179c85bc18be67aa7eda765854300033af4896dd779b608640f2ef7a?s=96&d=mm&r=g\",\"contentUrl\":\"https:\\\/\\\/secure.gravatar.com\\\/avatar\\\/9167d280179c85bc18be67aa7eda765854300033af4896dd779b608640f2ef7a?s=96&d=mm&r=g\",\"caption\":\"Diario1 Diario1\"},\"url\":\"https:\\\/\\\/diariotextual.com\\\/inicio\\\/index.php\\\/author\\\/diario1\\\/\"}]}<\/script>\n<!-- \/ Yoast SEO plugin. -->","yoast_head_json":{"title":"Ver\u00f3nica Campo, a un paso del STJ: \u201cSer \u2018la hija de\u2019 no me parece una cr\u00edtica\u201d - Diario Textual","robots":{"index":"index","follow":"follow","max-snippet":"max-snippet:-1","max-image-preview":"max-image-preview:large","max-video-preview":"max-video-preview:-1"},"canonical":"https:\/\/diariotextual.com\/inicio\/index.php\/2023\/09\/26\/veronica-campo-propuesta-para-el-stj-tiene-que-ir-a-responder-preguntas-de-los-diputados\/","og_locale":"es_ES","og_type":"article","og_title":"Ver\u00f3nica Campo, a un paso del STJ: \u201cSer \u2018la hija de\u2019 no me parece una cr\u00edtica\u201d - Diario Textual","og_description":"Ver\u00f3nica Campo, fiscal y quien fue recientemente propuesta por el gobernador Sergio Ziliotto para ocupar el cargo de jueza del Superior Tribunal de Justicia de La Pampa, concurri\u00f3 este martes&hellip;","og_url":"https:\/\/diariotextual.com\/inicio\/index.php\/2023\/09\/26\/veronica-campo-propuesta-para-el-stj-tiene-que-ir-a-responder-preguntas-de-los-diputados\/","og_site_name":"Diario Textual","article_publisher":"https:\/\/www.facebook.com\/eltextual","article_published_time":"2023-09-26T16:00:00+00:00","article_modified_time":"2023-09-27T11:39:17+00:00","og_image":[{"width":898,"height":685,"url":"https:\/\/diariotextual.com\/inicio\/wp-content\/uploads\/2023\/09\/campoveronicaendiputados2023.jpg","type":"image\/jpeg"}],"author":"Diario1 Diario1","twitter_card":"summary_large_image","twitter_creator":"@eltextual","twitter_site":"@eltextual","twitter_misc":{"Escrito por":"Diario1 Diario1","Tiempo de lectura":"6 minutos"},"schema":{"@context":"https:\/\/schema.org","@graph":[{"@type":"Article","@id":"https:\/\/diariotextual.com\/inicio\/index.php\/2023\/09\/26\/veronica-campo-propuesta-para-el-stj-tiene-que-ir-a-responder-preguntas-de-los-diputados\/#article","isPartOf":{"@id":"https:\/\/diariotextual.com\/inicio\/index.php\/2023\/09\/26\/veronica-campo-propuesta-para-el-stj-tiene-que-ir-a-responder-preguntas-de-los-diputados\/"},"author":{"name":"Diario1 Diario1","@id":"https:\/\/diariotextual.com\/inicio\/#\/schema\/person\/418fc4093c33e86ed41562db3508f958"},"headline":"Ver\u00f3nica Campo, a un paso del STJ: \u201cSer \u2018la hija de\u2019 no me parece una cr\u00edtica\u201d","datePublished":"2023-09-26T16:00:00+00:00","dateModified":"2023-09-27T11:39:17+00:00","mainEntityOfPage":{"@id":"https:\/\/diariotextual.com\/inicio\/index.php\/2023\/09\/26\/veronica-campo-propuesta-para-el-stj-tiene-que-ir-a-responder-preguntas-de-los-diputados\/"},"wordCount":1141,"publisher":{"@id":"https:\/\/diariotextual.com\/inicio\/#organization"},"image":{"@id":"https:\/\/diariotextual.com\/inicio\/index.php\/2023\/09\/26\/veronica-campo-propuesta-para-el-stj-tiene-que-ir-a-responder-preguntas-de-los-diputados\/#primaryimage"},"thumbnailUrl":"https:\/\/diariotextual.com\/inicio\/wp-content\/uploads\/2023\/09\/campoveronicaendiputados2023.jpg","articleSection":["A - ES NOTICIA (van abajo)","A - QUE PASA (al costado)","POLITICA"],"inLanguage":"es"},{"@type":"WebPage","@id":"https:\/\/diariotextual.com\/inicio\/index.php\/2023\/09\/26\/veronica-campo-propuesta-para-el-stj-tiene-que-ir-a-responder-preguntas-de-los-diputados\/","url":"https:\/\/diariotextual.com\/inicio\/index.php\/2023\/09\/26\/veronica-campo-propuesta-para-el-stj-tiene-que-ir-a-responder-preguntas-de-los-diputados\/","name":"Ver\u00f3nica Campo, a un paso del STJ: \u201cSer \u2018la hija de\u2019 no me parece una cr\u00edtica\u201d - Diario Textual","isPartOf":{"@id":"https:\/\/diariotextual.com\/inicio\/#website"},"primaryImageOfPage":{"@id":"https:\/\/diariotextual.com\/inicio\/index.php\/2023\/09\/26\/veronica-campo-propuesta-para-el-stj-tiene-que-ir-a-responder-preguntas-de-los-diputados\/#primaryimage"},"image":{"@id":"https:\/\/diariotextual.com\/inicio\/index.php\/2023\/09\/26\/veronica-campo-propuesta-para-el-stj-tiene-que-ir-a-responder-preguntas-de-los-diputados\/#primaryimage"},"thumbnailUrl":"https:\/\/diariotextual.com\/inicio\/wp-content\/uploads\/2023\/09\/campoveronicaendiputados2023.jpg","datePublished":"2023-09-26T16:00:00+00:00","dateModified":"2023-09-27T11:39:17+00:00","breadcrumb":{"@id":"https:\/\/diariotextual.com\/inicio\/index.php\/2023\/09\/26\/veronica-campo-propuesta-para-el-stj-tiene-que-ir-a-responder-preguntas-de-los-diputados\/#breadcrumb"},"inLanguage":"es","potentialAction":[{"@type":"ReadAction","target":["https:\/\/diariotextual.com\/inicio\/index.php\/2023\/09\/26\/veronica-campo-propuesta-para-el-stj-tiene-que-ir-a-responder-preguntas-de-los-diputados\/"]}]},{"@type":"ImageObject","inLanguage":"es","@id":"https:\/\/diariotextual.com\/inicio\/index.php\/2023\/09\/26\/veronica-campo-propuesta-para-el-stj-tiene-que-ir-a-responder-preguntas-de-los-diputados\/#primaryimage","url":"https:\/\/diariotextual.com\/inicio\/wp-content\/uploads\/2023\/09\/campoveronicaendiputados2023.jpg","contentUrl":"https:\/\/diariotextual.com\/inicio\/wp-content\/uploads\/2023\/09\/campoveronicaendiputados2023.jpg","width":898,"height":685},{"@type":"BreadcrumbList","@id":"https:\/\/diariotextual.com\/inicio\/index.php\/2023\/09\/26\/veronica-campo-propuesta-para-el-stj-tiene-que-ir-a-responder-preguntas-de-los-diputados\/#breadcrumb","itemListElement":[{"@type":"ListItem","position":1,"name":"Portada","item":"https:\/\/diariotextual.com\/inicio\/"},{"@type":"ListItem","position":2,"name":"Ver\u00f3nica Campo, a un paso del STJ: \u201cSer \u2018la hija de\u2019 no me parece una cr\u00edtica\u201d"}]},{"@type":"WebSite","@id":"https:\/\/diariotextual.com\/inicio\/#website","url":"https:\/\/diariotextual.com\/inicio\/","name":"Diario Textual","description":"","publisher":{"@id":"https:\/\/diariotextual.com\/inicio\/#organization"},"potentialAction":[{"@type":"SearchAction","target":{"@type":"EntryPoint","urlTemplate":"https:\/\/diariotextual.com\/inicio\/?s={search_term_string}"},"query-input":{"@type":"PropertyValueSpecification","valueRequired":true,"valueName":"search_term_string"}}],"inLanguage":"es"},{"@type":"Organization","@id":"https:\/\/diariotextual.com\/inicio\/#organization","name":"Diario Textual","url":"https:\/\/diariotextual.com\/inicio\/","logo":{"@type":"ImageObject","inLanguage":"es","@id":"https:\/\/diariotextual.com\/inicio\/#\/schema\/logo\/image\/","url":"https:\/\/diariotextual.com\/inicio\/wp-content\/uploads\/2023\/05\/logotextual1.jpg","contentUrl":"https:\/\/diariotextual.com\/inicio\/wp-content\/uploads\/2023\/05\/logotextual1.jpg","width":516,"height":76,"caption":"Diario Textual"},"image":{"@id":"https:\/\/diariotextual.com\/inicio\/#\/schema\/logo\/image\/"},"sameAs":["https:\/\/www.facebook.com\/eltextual","https:\/\/x.com\/eltextual","http:\/\/www.instagram.com\/eltextual"]},{"@type":"Person","@id":"https:\/\/diariotextual.com\/inicio\/#\/schema\/person\/418fc4093c33e86ed41562db3508f958","name":"Diario1 Diario1","image":{"@type":"ImageObject","inLanguage":"es","@id":"https:\/\/secure.gravatar.com\/avatar\/9167d280179c85bc18be67aa7eda765854300033af4896dd779b608640f2ef7a?s=96&d=mm&r=g","url":"https:\/\/secure.gravatar.com\/avatar\/9167d280179c85bc18be67aa7eda765854300033af4896dd779b608640f2ef7a?s=96&d=mm&r=g","contentUrl":"https:\/\/secure.gravatar.com\/avatar\/9167d280179c85bc18be67aa7eda765854300033af4896dd779b608640f2ef7a?s=96&d=mm&r=g","caption":"Diario1 Diario1"},"url":"https:\/\/diariotextual.com\/inicio\/index.php\/author\/diario1\/"}]}},"_links":{"self":[{"href":"https:\/\/diariotextual.com\/inicio\/index.php\/wp-json\/wp\/v2\/posts\/238689","targetHints":{"allow":["GET"]}}],"collection":[{"href":"https:\/\/diariotextual.com\/inicio\/index.php\/wp-json\/wp\/v2\/posts"}],"about":[{"href":"https:\/\/diariotextual.com\/inicio\/index.php\/wp-json\/wp\/v2\/types\/post"}],"author":[{"embeddable":true,"href":"https:\/\/diariotextual.com\/inicio\/index.php\/wp-json\/wp\/v2\/users\/3"}],"replies":[{"embeddable":true,"href":"https:\/\/diariotextual.com\/inicio\/index.php\/wp-json\/wp\/v2\/comments?post=238689"}],"version-history":[{"count":14,"href":"https:\/\/diariotextual.com\/inicio\/index.php\/wp-json\/wp\/v2\/posts\/238689\/revisions"}],"predecessor-version":[{"id":238928,"href":"https:\/\/diariotextual.com\/inicio\/index.php\/wp-json\/wp\/v2\/posts\/238689\/revisions\/238928"}],"wp:featuredmedia":[{"embeddable":true,"href":"https:\/\/diariotextual.com\/inicio\/index.php\/wp-json\/wp\/v2\/media\/238796"}],"wp:attachment":[{"href":"https:\/\/diariotextual.com\/inicio\/index.php\/wp-json\/wp\/v2\/media?parent=238689"}],"wp:term":[{"taxonomy":"category","embeddable":true,"href":"https:\/\/diariotextual.com\/inicio\/index.php\/wp-json\/wp\/v2\/categories?post=238689"},{"taxonomy":"post_tag","embeddable":true,"href":"https:\/\/diariotextual.com\/inicio\/index.php\/wp-json\/wp\/v2\/tags?post=238689"}],"curies":[{"name":"wp","href":"https:\/\/api.w.org\/{rel}","templated":true}]}}