{"id":238781,"date":"2023-09-26T07:11:18","date_gmt":"2023-09-26T10:11:18","guid":{"rendered":"https:\/\/diariotextual.com\/inicio\/?p=238781"},"modified":"2023-09-26T19:01:54","modified_gmt":"2023-09-26T22:01:54","slug":"anibal-apunto-contra-bullrich-por-la-carcel-en-honor-a-cristina-fernandez","status":"publish","type":"post","link":"https:\/\/diariotextual.com\/inicio\/index.php\/2023\/09\/26\/anibal-apunto-contra-bullrich-por-la-carcel-en-honor-a-cristina-fernandez\/","title":{"rendered":"An\u00edbal apunt\u00f3 contra Bullrich por la c\u00e1rcel \u201cen honor\u201d a Cristina Fern\u00e1ndez"},"content":{"rendered":"\n<p>El ministro de Seguridad de la Naci\u00f3n, <strong>An\u00edbal Fern\u00e1ndez<\/strong>, critic\u00f3 duramente la iniciativa de <strong>Patricia Bullrich <\/strong>de construir una c\u00e1rcel que se llamar\u00e1 <strong>Cristina Fern\u00e1ndez de Kirchner <\/strong>en caso de ganar las elecciones.<\/p>\n\n\n\n<p>\u201cEs una berretada\u201d, afirm\u00f3 este lunes en di\u00e1logo por FM La Patriada. \u201cS\u00f3lo insulta sin proponer nada que tenga que ver con lo cierto. La tarea de esta se\u00f1ora en el Ministerio de Seguridad fue un espanto\u201d, agreg\u00f3 respecto a la candidata de Juntos por el Cambio.<\/p>\n\n\n\n<p>Latitular en licencia del PRO hab\u00eda redoblado la apuesta frente a las cr\u00edticas por su spot de campa\u00f1a y asegur\u00f3 que si la vicepresidenta es declarada culpable por la Justicia podr\u00eda ir a una c\u00e1rcel con su nombre. \u201cSi un hospital lleva el nombre de un m\u00e9dico, por qu\u00e9 un penal no puede llevar el de un condenado\u201d, hab\u00eda ironizado el \u00faltimo fin de semana en declaraciones radiales.<\/p>\n\n\n\n<p>Por otro lado, el funcionario a cargo de la cartera de Seguridad valor\u00f3 el trabajo realizado por Sergio Massa al frente del ministerio de Econom\u00eda. \u201cLo de Massa va a ser cada vez m\u00e1s potente, trabaja encontrando alternativas que den respuestas\u201d, se\u00f1al\u00f3.<\/p>\n\n\n\n<p>Y aprovech\u00f3 para volver a pegarle a la postulante presidencial opositora. \u00abS\u00ed se ve lo que sucede con el resto: la cala\u00f1a del caso de la maqueta de Bullrich que es una estupidez sin sentido y agresiones e insultos\u201d, expres\u00f3.<\/p>\n","protected":false},"excerpt":{"rendered":"<p>El ministro de Seguridad de la Naci\u00f3n, An\u00edbal Fern\u00e1ndez, critic\u00f3 duramente la iniciativa de Patricia Bullrich de construir una c\u00e1rcel que se llamar\u00e1 Cristina Fern\u00e1ndez de Kirchner en caso de&hellip;<\/p>\n","protected":false},"author":3,"featured_media":214276,"comment_status":"closed","ping_status":"open","sticky":false,"template":"","format":"standard","meta":{"_acf_changed":false,"footnotes":""},"categories":[11,8],"tags":[],"class_list":["post-238781","post","type-post","status-publish","format-standard","has-post-thumbnail","hentry","category-que-pasa","category-politica"],"acf":[],"yoast_head":"<!-- This site is optimized with the Yoast SEO plugin v27.5 - https:\/\/yoast.com\/product\/yoast-seo-wordpress\/ -->\n<title>An\u00edbal apunt\u00f3 contra Bullrich por la c\u00e1rcel \u201cen honor\u201d a Cristina Fern\u00e1ndez - Diario Textual<\/title>\n<meta name=\"robots\" content=\"index, follow, max-snippet:-1, max-image-preview:large, max-video-preview:-1\" \/>\n<link rel=\"canonical\" href=\"https:\/\/diariotextual.com\/inicio\/index.php\/2023\/09\/26\/anibal-apunto-contra-bullrich-por-la-carcel-en-honor-a-cristina-fernandez\/\" \/>\n<meta property=\"og:locale\" content=\"es_ES\" \/>\n<meta property=\"og:type\" content=\"article\" \/>\n<meta property=\"og:title\" content=\"An\u00edbal apunt\u00f3 contra Bullrich por la c\u00e1rcel \u201cen honor\u201d a Cristina Fern\u00e1ndez - Diario Textual\" \/>\n<meta property=\"og:description\" content=\"El ministro de Seguridad de la Naci\u00f3n, An\u00edbal Fern\u00e1ndez, critic\u00f3 duramente la iniciativa de Patricia Bullrich de construir una c\u00e1rcel que se llamar\u00e1 Cristina Fern\u00e1ndez de Kirchner en caso de&hellip;\" \/>\n<meta property=\"og:url\" content=\"https:\/\/diariotextual.com\/inicio\/index.php\/2023\/09\/26\/anibal-apunto-contra-bullrich-por-la-carcel-en-honor-a-cristina-fernandez\/\" \/>\n<meta property=\"og:site_name\" content=\"Diario Textual\" \/>\n<meta property=\"article:publisher\" content=\"https:\/\/www.facebook.com\/eltextual\" \/>\n<meta property=\"article:published_time\" content=\"2023-09-26T10:11:18+00:00\" \/>\n<meta property=\"article:modified_time\" content=\"2023-09-26T22:01:54+00:00\" \/>\n<meta property=\"og:image\" content=\"https:\/\/diariotextual.com\/inicio\/wp-content\/uploads\/2023\/01\/fernandezanibal2023-1.png\" \/>\n\t<meta property=\"og:image:width\" content=\"774\" \/>\n\t<meta property=\"og:image:height\" content=\"499\" \/>\n\t<meta property=\"og:image:type\" content=\"image\/png\" \/>\n<meta name=\"author\" content=\"Diario1 Diario1\" \/>\n<meta name=\"twitter:card\" content=\"summary_large_image\" \/>\n<meta name=\"twitter:creator\" content=\"@eltextual\" \/>\n<meta name=\"twitter:site\" content=\"@eltextual\" \/>\n<meta name=\"twitter:label1\" content=\"Escrito por\" \/>\n\t<meta name=\"twitter:data1\" content=\"Diario1 Diario1\" \/>\n\t<meta name=\"twitter:label2\" content=\"Tiempo de lectura\" \/>\n\t<meta name=\"twitter:data2\" content=\"2 minutos\" \/>\n<script type=\"application\/ld+json\" class=\"yoast-schema-graph\">{\"@context\":\"https:\\\/\\\/schema.org\",\"@graph\":[{\"@type\":\"Article\",\"@id\":\"https:\\\/\\\/diariotextual.com\\\/inicio\\\/index.php\\\/2023\\\/09\\\/26\\\/anibal-apunto-contra-bullrich-por-la-carcel-en-honor-a-cristina-fernandez\\\/#article\",\"isPartOf\":{\"@id\":\"https:\\\/\\\/diariotextual.com\\\/inicio\\\/index.php\\\/2023\\\/09\\\/26\\\/anibal-apunto-contra-bullrich-por-la-carcel-en-honor-a-cristina-fernandez\\\/\"},\"author\":{\"name\":\"Diario1 Diario1\",\"@id\":\"https:\\\/\\\/diariotextual.com\\\/inicio\\\/#\\\/schema\\\/person\\\/418fc4093c33e86ed41562db3508f958\"},\"headline\":\"An\u00edbal apunt\u00f3 contra Bullrich por la c\u00e1rcel \u201cen honor\u201d a Cristina Fern\u00e1ndez\",\"datePublished\":\"2023-09-26T10:11:18+00:00\",\"dateModified\":\"2023-09-26T22:01:54+00:00\",\"mainEntityOfPage\":{\"@id\":\"https:\\\/\\\/diariotextual.com\\\/inicio\\\/index.php\\\/2023\\\/09\\\/26\\\/anibal-apunto-contra-bullrich-por-la-carcel-en-honor-a-cristina-fernandez\\\/\"},\"wordCount\":264,\"publisher\":{\"@id\":\"https:\\\/\\\/diariotextual.com\\\/inicio\\\/#organization\"},\"image\":{\"@id\":\"https:\\\/\\\/diariotextual.com\\\/inicio\\\/index.php\\\/2023\\\/09\\\/26\\\/anibal-apunto-contra-bullrich-por-la-carcel-en-honor-a-cristina-fernandez\\\/#primaryimage\"},\"thumbnailUrl\":\"https:\\\/\\\/diariotextual.com\\\/inicio\\\/wp-content\\\/uploads\\\/2023\\\/01\\\/fernandezanibal2023-1.png\",\"articleSection\":[\"A - QUE PASA (al costado)\",\"POLITICA\"],\"inLanguage\":\"es\"},{\"@type\":\"WebPage\",\"@id\":\"https:\\\/\\\/diariotextual.com\\\/inicio\\\/index.php\\\/2023\\\/09\\\/26\\\/anibal-apunto-contra-bullrich-por-la-carcel-en-honor-a-cristina-fernandez\\\/\",\"url\":\"https:\\\/\\\/diariotextual.com\\\/inicio\\\/index.php\\\/2023\\\/09\\\/26\\\/anibal-apunto-contra-bullrich-por-la-carcel-en-honor-a-cristina-fernandez\\\/\",\"name\":\"An\u00edbal apunt\u00f3 contra Bullrich por la c\u00e1rcel \u201cen honor\u201d a Cristina Fern\u00e1ndez - Diario Textual\",\"isPartOf\":{\"@id\":\"https:\\\/\\\/diariotextual.com\\\/inicio\\\/#website\"},\"primaryImageOfPage\":{\"@id\":\"https:\\\/\\\/diariotextual.com\\\/inicio\\\/index.php\\\/2023\\\/09\\\/26\\\/anibal-apunto-contra-bullrich-por-la-carcel-en-honor-a-cristina-fernandez\\\/#primaryimage\"},\"image\":{\"@id\":\"https:\\\/\\\/diariotextual.com\\\/inicio\\\/index.php\\\/2023\\\/09\\\/26\\\/anibal-apunto-contra-bullrich-por-la-carcel-en-honor-a-cristina-fernandez\\\/#primaryimage\"},\"thumbnailUrl\":\"https:\\\/\\\/diariotextual.com\\\/inicio\\\/wp-content\\\/uploads\\\/2023\\\/01\\\/fernandezanibal2023-1.png\",\"datePublished\":\"2023-09-26T10:11:18+00:00\",\"dateModified\":\"2023-09-26T22:01:54+00:00\",\"breadcrumb\":{\"@id\":\"https:\\\/\\\/diariotextual.com\\\/inicio\\\/index.php\\\/2023\\\/09\\\/26\\\/anibal-apunto-contra-bullrich-por-la-carcel-en-honor-a-cristina-fernandez\\\/#breadcrumb\"},\"inLanguage\":\"es\",\"potentialAction\":[{\"@type\":\"ReadAction\",\"target\":[\"https:\\\/\\\/diariotextual.com\\\/inicio\\\/index.php\\\/2023\\\/09\\\/26\\\/anibal-apunto-contra-bullrich-por-la-carcel-en-honor-a-cristina-fernandez\\\/\"]}]},{\"@type\":\"ImageObject\",\"inLanguage\":\"es\",\"@id\":\"https:\\\/\\\/diariotextual.com\\\/inicio\\\/index.php\\\/2023\\\/09\\\/26\\\/anibal-apunto-contra-bullrich-por-la-carcel-en-honor-a-cristina-fernandez\\\/#primaryimage\",\"url\":\"https:\\\/\\\/diariotextual.com\\\/inicio\\\/wp-content\\\/uploads\\\/2023\\\/01\\\/fernandezanibal2023-1.png\",\"contentUrl\":\"https:\\\/\\\/diariotextual.com\\\/inicio\\\/wp-content\\\/uploads\\\/2023\\\/01\\\/fernandezanibal2023-1.png\",\"width\":774,\"height\":499},{\"@type\":\"BreadcrumbList\",\"@id\":\"https:\\\/\\\/diariotextual.com\\\/inicio\\\/index.php\\\/2023\\\/09\\\/26\\\/anibal-apunto-contra-bullrich-por-la-carcel-en-honor-a-cristina-fernandez\\\/#breadcrumb\",\"itemListElement\":[{\"@type\":\"ListItem\",\"position\":1,\"name\":\"Portada\",\"item\":\"https:\\\/\\\/diariotextual.com\\\/inicio\\\/\"},{\"@type\":\"ListItem\",\"position\":2,\"name\":\"An\u00edbal apunt\u00f3 contra Bullrich por la c\u00e1rcel \u201cen honor\u201d a Cristina Fern\u00e1ndez\"}]},{\"@type\":\"WebSite\",\"@id\":\"https:\\\/\\\/diariotextual.com\\\/inicio\\\/#website\",\"url\":\"https:\\\/\\\/diariotextual.com\\\/inicio\\\/\",\"name\":\"Diario Textual\",\"description\":\"\",\"publisher\":{\"@id\":\"https:\\\/\\\/diariotextual.com\\\/inicio\\\/#organization\"},\"potentialAction\":[{\"@type\":\"SearchAction\",\"target\":{\"@type\":\"EntryPoint\",\"urlTemplate\":\"https:\\\/\\\/diariotextual.com\\\/inicio\\\/?s={search_term_string}\"},\"query-input\":{\"@type\":\"PropertyValueSpecification\",\"valueRequired\":true,\"valueName\":\"search_term_string\"}}],\"inLanguage\":\"es\"},{\"@type\":\"Organization\",\"@id\":\"https:\\\/\\\/diariotextual.com\\\/inicio\\\/#organization\",\"name\":\"Diario Textual\",\"url\":\"https:\\\/\\\/diariotextual.com\\\/inicio\\\/\",\"logo\":{\"@type\":\"ImageObject\",\"inLanguage\":\"es\",\"@id\":\"https:\\\/\\\/diariotextual.com\\\/inicio\\\/#\\\/schema\\\/logo\\\/image\\\/\",\"url\":\"https:\\\/\\\/diariotextual.com\\\/inicio\\\/wp-content\\\/uploads\\\/2023\\\/05\\\/logotextual1.jpg\",\"contentUrl\":\"https:\\\/\\\/diariotextual.com\\\/inicio\\\/wp-content\\\/uploads\\\/2023\\\/05\\\/logotextual1.jpg\",\"width\":516,\"height\":76,\"caption\":\"Diario Textual\"},\"image\":{\"@id\":\"https:\\\/\\\/diariotextual.com\\\/inicio\\\/#\\\/schema\\\/logo\\\/image\\\/\"},\"sameAs\":[\"https:\\\/\\\/www.facebook.com\\\/eltextual\",\"https:\\\/\\\/x.com\\\/eltextual\",\"http:\\\/\\\/www.instagram.com\\\/eltextual\"]},{\"@type\":\"Person\",\"@id\":\"https:\\\/\\\/diariotextual.com\\\/inicio\\\/#\\\/schema\\\/person\\\/418fc4093c33e86ed41562db3508f958\",\"name\":\"Diario1 Diario1\",\"image\":{\"@type\":\"ImageObject\",\"inLanguage\":\"es\",\"@id\":\"https:\\\/\\\/secure.gravatar.com\\\/avatar\\\/9167d280179c85bc18be67aa7eda765854300033af4896dd779b608640f2ef7a?s=96&d=mm&r=g\",\"url\":\"https:\\\/\\\/secure.gravatar.com\\\/avatar\\\/9167d280179c85bc18be67aa7eda765854300033af4896dd779b608640f2ef7a?s=96&d=mm&r=g\",\"contentUrl\":\"https:\\\/\\\/secure.gravatar.com\\\/avatar\\\/9167d280179c85bc18be67aa7eda765854300033af4896dd779b608640f2ef7a?s=96&d=mm&r=g\",\"caption\":\"Diario1 Diario1\"},\"url\":\"https:\\\/\\\/diariotextual.com\\\/inicio\\\/index.php\\\/author\\\/diario1\\\/\"}]}<\/script>\n<!-- \/ Yoast SEO plugin. -->","yoast_head_json":{"title":"An\u00edbal apunt\u00f3 contra Bullrich por la c\u00e1rcel \u201cen honor\u201d a Cristina Fern\u00e1ndez - Diario Textual","robots":{"index":"index","follow":"follow","max-snippet":"max-snippet:-1","max-image-preview":"max-image-preview:large","max-video-preview":"max-video-preview:-1"},"canonical":"https:\/\/diariotextual.com\/inicio\/index.php\/2023\/09\/26\/anibal-apunto-contra-bullrich-por-la-carcel-en-honor-a-cristina-fernandez\/","og_locale":"es_ES","og_type":"article","og_title":"An\u00edbal apunt\u00f3 contra Bullrich por la c\u00e1rcel \u201cen honor\u201d a Cristina Fern\u00e1ndez - Diario Textual","og_description":"El ministro de Seguridad de la Naci\u00f3n, An\u00edbal Fern\u00e1ndez, critic\u00f3 duramente la iniciativa de Patricia Bullrich de construir una c\u00e1rcel que se llamar\u00e1 Cristina Fern\u00e1ndez de Kirchner en caso de&hellip;","og_url":"https:\/\/diariotextual.com\/inicio\/index.php\/2023\/09\/26\/anibal-apunto-contra-bullrich-por-la-carcel-en-honor-a-cristina-fernandez\/","og_site_name":"Diario Textual","article_publisher":"https:\/\/www.facebook.com\/eltextual","article_published_time":"2023-09-26T10:11:18+00:00","article_modified_time":"2023-09-26T22:01:54+00:00","og_image":[{"width":774,"height":499,"url":"https:\/\/diariotextual.com\/inicio\/wp-content\/uploads\/2023\/01\/fernandezanibal2023-1.png","type":"image\/png"}],"author":"Diario1 Diario1","twitter_card":"summary_large_image","twitter_creator":"@eltextual","twitter_site":"@eltextual","twitter_misc":{"Escrito por":"Diario1 Diario1","Tiempo de lectura":"2 minutos"},"schema":{"@context":"https:\/\/schema.org","@graph":[{"@type":"Article","@id":"https:\/\/diariotextual.com\/inicio\/index.php\/2023\/09\/26\/anibal-apunto-contra-bullrich-por-la-carcel-en-honor-a-cristina-fernandez\/#article","isPartOf":{"@id":"https:\/\/diariotextual.com\/inicio\/index.php\/2023\/09\/26\/anibal-apunto-contra-bullrich-por-la-carcel-en-honor-a-cristina-fernandez\/"},"author":{"name":"Diario1 Diario1","@id":"https:\/\/diariotextual.com\/inicio\/#\/schema\/person\/418fc4093c33e86ed41562db3508f958"},"headline":"An\u00edbal apunt\u00f3 contra Bullrich por la c\u00e1rcel \u201cen honor\u201d a Cristina Fern\u00e1ndez","datePublished":"2023-09-26T10:11:18+00:00","dateModified":"2023-09-26T22:01:54+00:00","mainEntityOfPage":{"@id":"https:\/\/diariotextual.com\/inicio\/index.php\/2023\/09\/26\/anibal-apunto-contra-bullrich-por-la-carcel-en-honor-a-cristina-fernandez\/"},"wordCount":264,"publisher":{"@id":"https:\/\/diariotextual.com\/inicio\/#organization"},"image":{"@id":"https:\/\/diariotextual.com\/inicio\/index.php\/2023\/09\/26\/anibal-apunto-contra-bullrich-por-la-carcel-en-honor-a-cristina-fernandez\/#primaryimage"},"thumbnailUrl":"https:\/\/diariotextual.com\/inicio\/wp-content\/uploads\/2023\/01\/fernandezanibal2023-1.png","articleSection":["A - QUE PASA (al costado)","POLITICA"],"inLanguage":"es"},{"@type":"WebPage","@id":"https:\/\/diariotextual.com\/inicio\/index.php\/2023\/09\/26\/anibal-apunto-contra-bullrich-por-la-carcel-en-honor-a-cristina-fernandez\/","url":"https:\/\/diariotextual.com\/inicio\/index.php\/2023\/09\/26\/anibal-apunto-contra-bullrich-por-la-carcel-en-honor-a-cristina-fernandez\/","name":"An\u00edbal apunt\u00f3 contra Bullrich por la c\u00e1rcel \u201cen honor\u201d a Cristina Fern\u00e1ndez - Diario Textual","isPartOf":{"@id":"https:\/\/diariotextual.com\/inicio\/#website"},"primaryImageOfPage":{"@id":"https:\/\/diariotextual.com\/inicio\/index.php\/2023\/09\/26\/anibal-apunto-contra-bullrich-por-la-carcel-en-honor-a-cristina-fernandez\/#primaryimage"},"image":{"@id":"https:\/\/diariotextual.com\/inicio\/index.php\/2023\/09\/26\/anibal-apunto-contra-bullrich-por-la-carcel-en-honor-a-cristina-fernandez\/#primaryimage"},"thumbnailUrl":"https:\/\/diariotextual.com\/inicio\/wp-content\/uploads\/2023\/01\/fernandezanibal2023-1.png","datePublished":"2023-09-26T10:11:18+00:00","dateModified":"2023-09-26T22:01:54+00:00","breadcrumb":{"@id":"https:\/\/diariotextual.com\/inicio\/index.php\/2023\/09\/26\/anibal-apunto-contra-bullrich-por-la-carcel-en-honor-a-cristina-fernandez\/#breadcrumb"},"inLanguage":"es","potentialAction":[{"@type":"ReadAction","target":["https:\/\/diariotextual.com\/inicio\/index.php\/2023\/09\/26\/anibal-apunto-contra-bullrich-por-la-carcel-en-honor-a-cristina-fernandez\/"]}]},{"@type":"ImageObject","inLanguage":"es","@id":"https:\/\/diariotextual.com\/inicio\/index.php\/2023\/09\/26\/anibal-apunto-contra-bullrich-por-la-carcel-en-honor-a-cristina-fernandez\/#primaryimage","url":"https:\/\/diariotextual.com\/inicio\/wp-content\/uploads\/2023\/01\/fernandezanibal2023-1.png","contentUrl":"https:\/\/diariotextual.com\/inicio\/wp-content\/uploads\/2023\/01\/fernandezanibal2023-1.png","width":774,"height":499},{"@type":"BreadcrumbList","@id":"https:\/\/diariotextual.com\/inicio\/index.php\/2023\/09\/26\/anibal-apunto-contra-bullrich-por-la-carcel-en-honor-a-cristina-fernandez\/#breadcrumb","itemListElement":[{"@type":"ListItem","position":1,"name":"Portada","item":"https:\/\/diariotextual.com\/inicio\/"},{"@type":"ListItem","position":2,"name":"An\u00edbal apunt\u00f3 contra Bullrich por la c\u00e1rcel \u201cen honor\u201d a Cristina Fern\u00e1ndez"}]},{"@type":"WebSite","@id":"https:\/\/diariotextual.com\/inicio\/#website","url":"https:\/\/diariotextual.com\/inicio\/","name":"Diario Textual","description":"","publisher":{"@id":"https:\/\/diariotextual.com\/inicio\/#organization"},"potentialAction":[{"@type":"SearchAction","target":{"@type":"EntryPoint","urlTemplate":"https:\/\/diariotextual.com\/inicio\/?s={search_term_string}"},"query-input":{"@type":"PropertyValueSpecification","valueRequired":true,"valueName":"search_term_string"}}],"inLanguage":"es"},{"@type":"Organization","@id":"https:\/\/diariotextual.com\/inicio\/#organization","name":"Diario Textual","url":"https:\/\/diariotextual.com\/inicio\/","logo":{"@type":"ImageObject","inLanguage":"es","@id":"https:\/\/diariotextual.com\/inicio\/#\/schema\/logo\/image\/","url":"https:\/\/diariotextual.com\/inicio\/wp-content\/uploads\/2023\/05\/logotextual1.jpg","contentUrl":"https:\/\/diariotextual.com\/inicio\/wp-content\/uploads\/2023\/05\/logotextual1.jpg","width":516,"height":76,"caption":"Diario Textual"},"image":{"@id":"https:\/\/diariotextual.com\/inicio\/#\/schema\/logo\/image\/"},"sameAs":["https:\/\/www.facebook.com\/eltextual","https:\/\/x.com\/eltextual","http:\/\/www.instagram.com\/eltextual"]},{"@type":"Person","@id":"https:\/\/diariotextual.com\/inicio\/#\/schema\/person\/418fc4093c33e86ed41562db3508f958","name":"Diario1 Diario1","image":{"@type":"ImageObject","inLanguage":"es","@id":"https:\/\/secure.gravatar.com\/avatar\/9167d280179c85bc18be67aa7eda765854300033af4896dd779b608640f2ef7a?s=96&d=mm&r=g","url":"https:\/\/secure.gravatar.com\/avatar\/9167d280179c85bc18be67aa7eda765854300033af4896dd779b608640f2ef7a?s=96&d=mm&r=g","contentUrl":"https:\/\/secure.gravatar.com\/avatar\/9167d280179c85bc18be67aa7eda765854300033af4896dd779b608640f2ef7a?s=96&d=mm&r=g","caption":"Diario1 Diario1"},"url":"https:\/\/diariotextual.com\/inicio\/index.php\/author\/diario1\/"}]}},"_links":{"self":[{"href":"https:\/\/diariotextual.com\/inicio\/index.php\/wp-json\/wp\/v2\/posts\/238781","targetHints":{"allow":["GET"]}}],"collection":[{"href":"https:\/\/diariotextual.com\/inicio\/index.php\/wp-json\/wp\/v2\/posts"}],"about":[{"href":"https:\/\/diariotextual.com\/inicio\/index.php\/wp-json\/wp\/v2\/types\/post"}],"author":[{"embeddable":true,"href":"https:\/\/diariotextual.com\/inicio\/index.php\/wp-json\/wp\/v2\/users\/3"}],"replies":[{"embeddable":true,"href":"https:\/\/diariotextual.com\/inicio\/index.php\/wp-json\/wp\/v2\/comments?post=238781"}],"version-history":[{"count":2,"href":"https:\/\/diariotextual.com\/inicio\/index.php\/wp-json\/wp\/v2\/posts\/238781\/revisions"}],"predecessor-version":[{"id":238783,"href":"https:\/\/diariotextual.com\/inicio\/index.php\/wp-json\/wp\/v2\/posts\/238781\/revisions\/238783"}],"wp:featuredmedia":[{"embeddable":true,"href":"https:\/\/diariotextual.com\/inicio\/index.php\/wp-json\/wp\/v2\/media\/214276"}],"wp:attachment":[{"href":"https:\/\/diariotextual.com\/inicio\/index.php\/wp-json\/wp\/v2\/media?parent=238781"}],"wp:term":[{"taxonomy":"category","embeddable":true,"href":"https:\/\/diariotextual.com\/inicio\/index.php\/wp-json\/wp\/v2\/categories?post=238781"},{"taxonomy":"post_tag","embeddable":true,"href":"https:\/\/diariotextual.com\/inicio\/index.php\/wp-json\/wp\/v2\/tags?post=238781"}],"curies":[{"name":"wp","href":"https:\/\/api.w.org\/{rel}","templated":true}]}}