{"id":238784,"date":"2023-09-26T07:39:48","date_gmt":"2023-09-26T10:39:48","guid":{"rendered":"https:\/\/diariotextual.com\/inicio\/?p=238784"},"modified":"2023-09-26T16:59:15","modified_gmt":"2023-09-26T19:59:15","slug":"ahora-asesores-de-bullrich-dicen-que-las-retenciones-recien-se-podran-eliminar-en-cinco-o-seis-anos","status":"publish","type":"post","link":"https:\/\/diariotextual.com\/inicio\/index.php\/2023\/09\/26\/ahora-asesores-de-bullrich-dicen-que-las-retenciones-recien-se-podran-eliminar-en-cinco-o-seis-anos\/","title":{"rendered":"Ahora asesores de Bullrich dicen que las retenciones reci\u00e9n se podr\u00e1n eliminar en \u201ccinco o seis a\u00f1os\u201d"},"content":{"rendered":"\n<p>La promesa de la candidata presidencial de Juntos por el Cambio, <strong>Patricia Bullrich<\/strong>, de<strong> eliminar las retenciones a las exportaciones agr\u00edcolas en forma inmediata y total <\/strong>si es elegida para ocupar la Casa Rosada<strong> fue puesta en duda por sus propios equipos t\u00e9cnicos<\/strong> a medida que se va acercando la contienda electoral. Si bien hace pocas semanas Bullrich fue muy firme al afirmar que quiere \u201cretenciones cero desde el d\u00eda cero\u201d, la dirigencia agropecuaria comenz\u00f3 a ver que esa eliminaci\u00f3n inmediata se transform\u00f3 en un plan gradual de varios a\u00f1os de duraci\u00f3n.<\/p>\n\n\n\n<p>En este sentido, tuvieron gran repercusi\u00f3n las declaraciones de&nbsp;<strong>Guillermo Bernaudo<\/strong>, principal asesor de Bullrich en temas rurales y ex secretario de Agricultura durante el gobierno de Mauricio Macri. En un evento organizado por Acsoja, la entidad que nuclea a la cadena de valor del complejo sojero, Bernaudo se\u00f1al\u00f3 que&nbsp;<strong>el proceso de eliminaci\u00f3n de las retenciones \u201cno va a ser inmediato para la soja y los cereale<\/strong>s, pero habr\u00e1 un cronograma cierto que tendr\u00e1 un plazo acotado de 4 o 5 a\u00f1os\u201d. Ese cronograma, seg\u00fan explic\u00f3 el experto, se implementar\u00e1 a trav\u00e9s de una ley del Congreso, lo que hace a\u00fan m\u00e1s inciertos sus tiempos de puesta en marcha.<\/p>\n\n\n\n<p>Al mismo tiempo, Bernaudo aclar\u00f3 que un eventual gobierno de Bullrich aspira a eliminar con mayor celeridad \u201cun mont\u00f3n de derechos de exportaci\u00f3n residuales en un mont\u00f3n de productos\u201d.<\/p>\n\n\n\n<p>\u201cEsperamos que durante la primera gesti\u00f3n de Patricia no existan m\u00e1s retenciones en Argentina\u201d, expres\u00f3.<\/p>\n\n\n\n<p>\u201cSer\u00e1n dos, tres o cuatro productos los que sigan teniendo retenciones, que<strong> eliminar\u00e1 en el primer mandato o en cinco o seis a\u00f1os como m\u00e1ximo<\/strong>\u201d, explic\u00f3 Bernaudo.<\/p>\n\n\n\n<p>Las expresiones de Bullrich de eliminar las retenciones \u201cel d\u00eda cero\u201d fueron anteriores al ungimiento de Carlos Melconian como su ministro de Econom\u00eda por parte de la candidata. Eran tiempos en que todav\u00eda sonaba con fuerza el nombre de Luciano Laspina como el de mayores chances de quedar a cargo de la econom\u00eda si Bullrich llega a la Casa Rosada.<\/p>\n\n\n\n<p>Con la llegada del ex presidente del Banco Naci\u00f3n a la campa\u00f1a y a la mesa chica de la candidata, las cosas cambiaron. El plan Melconian, dise\u00f1ado en el \u00e1mbito de la Fundaci\u00f3n Mediterr\u00e1nea, pas\u00f3 a ser el \u00fanico convalidado y en \u00e9l, las retenciones no desaparecen desde el d\u00eda cero.<\/p>\n\n\n\n<p><\/p>\n","protected":false},"excerpt":{"rendered":"<p>La promesa de la candidata presidencial de Juntos por el Cambio, Patricia Bullrich, de eliminar las retenciones a las exportaciones agr\u00edcolas en forma inmediata y total si es elegida para&hellip;<\/p>\n","protected":false},"author":3,"featured_media":229870,"comment_status":"closed","ping_status":"open","sticky":false,"template":"","format":"standard","meta":{"_acf_changed":false,"footnotes":""},"categories":[11,8],"tags":[],"class_list":["post-238784","post","type-post","status-publish","format-standard","has-post-thumbnail","hentry","category-que-pasa","category-politica"],"acf":[],"yoast_head":"<!-- This site is optimized with the Yoast SEO plugin v27.5 - https:\/\/yoast.com\/product\/yoast-seo-wordpress\/ -->\n<title>Ahora asesores de Bullrich dicen que las retenciones reci\u00e9n se podr\u00e1n eliminar en \u201ccinco o seis a\u00f1os\u201d - Diario Textual<\/title>\n<meta name=\"robots\" content=\"index, follow, max-snippet:-1, max-image-preview:large, max-video-preview:-1\" \/>\n<link rel=\"canonical\" href=\"https:\/\/diariotextual.com\/inicio\/index.php\/2023\/09\/26\/ahora-asesores-de-bullrich-dicen-que-las-retenciones-recien-se-podran-eliminar-en-cinco-o-seis-anos\/\" \/>\n<meta property=\"og:locale\" content=\"es_ES\" \/>\n<meta property=\"og:type\" content=\"article\" \/>\n<meta property=\"og:title\" content=\"Ahora asesores de Bullrich dicen que las retenciones reci\u00e9n se podr\u00e1n eliminar en \u201ccinco o seis a\u00f1os\u201d - Diario Textual\" \/>\n<meta property=\"og:description\" content=\"La promesa de la candidata presidencial de Juntos por el Cambio, Patricia Bullrich, de eliminar las retenciones a las exportaciones agr\u00edcolas en forma inmediata y total si es elegida para&hellip;\" \/>\n<meta property=\"og:url\" content=\"https:\/\/diariotextual.com\/inicio\/index.php\/2023\/09\/26\/ahora-asesores-de-bullrich-dicen-que-las-retenciones-recien-se-podran-eliminar-en-cinco-o-seis-anos\/\" \/>\n<meta property=\"og:site_name\" content=\"Diario Textual\" \/>\n<meta property=\"article:publisher\" content=\"https:\/\/www.facebook.com\/eltextual\" \/>\n<meta property=\"article:published_time\" content=\"2023-09-26T10:39:48+00:00\" \/>\n<meta property=\"article:modified_time\" content=\"2023-09-26T19:59:15+00:00\" \/>\n<meta property=\"og:image\" content=\"https:\/\/diariotextual.com\/inicio\/wp-content\/uploads\/2023\/06\/bullrichpatricia2023-1.jpg\" \/>\n\t<meta property=\"og:image:width\" content=\"1280\" \/>\n\t<meta property=\"og:image:height\" content=\"855\" \/>\n\t<meta property=\"og:image:type\" content=\"image\/jpeg\" \/>\n<meta name=\"author\" content=\"Diario1 Diario1\" \/>\n<meta name=\"twitter:card\" content=\"summary_large_image\" \/>\n<meta name=\"twitter:creator\" content=\"@eltextual\" \/>\n<meta name=\"twitter:site\" content=\"@eltextual\" \/>\n<meta name=\"twitter:label1\" content=\"Escrito por\" \/>\n\t<meta name=\"twitter:data1\" content=\"Diario1 Diario1\" \/>\n\t<meta name=\"twitter:label2\" content=\"Tiempo de lectura\" \/>\n\t<meta name=\"twitter:data2\" content=\"2 minutos\" \/>\n<script type=\"application\/ld+json\" class=\"yoast-schema-graph\">{\"@context\":\"https:\\\/\\\/schema.org\",\"@graph\":[{\"@type\":\"Article\",\"@id\":\"https:\\\/\\\/diariotextual.com\\\/inicio\\\/index.php\\\/2023\\\/09\\\/26\\\/ahora-asesores-de-bullrich-dicen-que-las-retenciones-recien-se-podran-eliminar-en-cinco-o-seis-anos\\\/#article\",\"isPartOf\":{\"@id\":\"https:\\\/\\\/diariotextual.com\\\/inicio\\\/index.php\\\/2023\\\/09\\\/26\\\/ahora-asesores-de-bullrich-dicen-que-las-retenciones-recien-se-podran-eliminar-en-cinco-o-seis-anos\\\/\"},\"author\":{\"name\":\"Diario1 Diario1\",\"@id\":\"https:\\\/\\\/diariotextual.com\\\/inicio\\\/#\\\/schema\\\/person\\\/418fc4093c33e86ed41562db3508f958\"},\"headline\":\"Ahora asesores de Bullrich dicen que las retenciones reci\u00e9n se podr\u00e1n eliminar en \u201ccinco o seis a\u00f1os\u201d\",\"datePublished\":\"2023-09-26T10:39:48+00:00\",\"dateModified\":\"2023-09-26T19:59:15+00:00\",\"mainEntityOfPage\":{\"@id\":\"https:\\\/\\\/diariotextual.com\\\/inicio\\\/index.php\\\/2023\\\/09\\\/26\\\/ahora-asesores-de-bullrich-dicen-que-las-retenciones-recien-se-podran-eliminar-en-cinco-o-seis-anos\\\/\"},\"wordCount\":436,\"publisher\":{\"@id\":\"https:\\\/\\\/diariotextual.com\\\/inicio\\\/#organization\"},\"image\":{\"@id\":\"https:\\\/\\\/diariotextual.com\\\/inicio\\\/index.php\\\/2023\\\/09\\\/26\\\/ahora-asesores-de-bullrich-dicen-que-las-retenciones-recien-se-podran-eliminar-en-cinco-o-seis-anos\\\/#primaryimage\"},\"thumbnailUrl\":\"https:\\\/\\\/diariotextual.com\\\/inicio\\\/wp-content\\\/uploads\\\/2023\\\/06\\\/bullrichpatricia2023-1.jpg\",\"articleSection\":[\"A - QUE PASA (al costado)\",\"POLITICA\"],\"inLanguage\":\"es\"},{\"@type\":\"WebPage\",\"@id\":\"https:\\\/\\\/diariotextual.com\\\/inicio\\\/index.php\\\/2023\\\/09\\\/26\\\/ahora-asesores-de-bullrich-dicen-que-las-retenciones-recien-se-podran-eliminar-en-cinco-o-seis-anos\\\/\",\"url\":\"https:\\\/\\\/diariotextual.com\\\/inicio\\\/index.php\\\/2023\\\/09\\\/26\\\/ahora-asesores-de-bullrich-dicen-que-las-retenciones-recien-se-podran-eliminar-en-cinco-o-seis-anos\\\/\",\"name\":\"Ahora asesores de Bullrich dicen que las retenciones reci\u00e9n se podr\u00e1n eliminar en \u201ccinco o seis a\u00f1os\u201d - Diario Textual\",\"isPartOf\":{\"@id\":\"https:\\\/\\\/diariotextual.com\\\/inicio\\\/#website\"},\"primaryImageOfPage\":{\"@id\":\"https:\\\/\\\/diariotextual.com\\\/inicio\\\/index.php\\\/2023\\\/09\\\/26\\\/ahora-asesores-de-bullrich-dicen-que-las-retenciones-recien-se-podran-eliminar-en-cinco-o-seis-anos\\\/#primaryimage\"},\"image\":{\"@id\":\"https:\\\/\\\/diariotextual.com\\\/inicio\\\/index.php\\\/2023\\\/09\\\/26\\\/ahora-asesores-de-bullrich-dicen-que-las-retenciones-recien-se-podran-eliminar-en-cinco-o-seis-anos\\\/#primaryimage\"},\"thumbnailUrl\":\"https:\\\/\\\/diariotextual.com\\\/inicio\\\/wp-content\\\/uploads\\\/2023\\\/06\\\/bullrichpatricia2023-1.jpg\",\"datePublished\":\"2023-09-26T10:39:48+00:00\",\"dateModified\":\"2023-09-26T19:59:15+00:00\",\"breadcrumb\":{\"@id\":\"https:\\\/\\\/diariotextual.com\\\/inicio\\\/index.php\\\/2023\\\/09\\\/26\\\/ahora-asesores-de-bullrich-dicen-que-las-retenciones-recien-se-podran-eliminar-en-cinco-o-seis-anos\\\/#breadcrumb\"},\"inLanguage\":\"es\",\"potentialAction\":[{\"@type\":\"ReadAction\",\"target\":[\"https:\\\/\\\/diariotextual.com\\\/inicio\\\/index.php\\\/2023\\\/09\\\/26\\\/ahora-asesores-de-bullrich-dicen-que-las-retenciones-recien-se-podran-eliminar-en-cinco-o-seis-anos\\\/\"]}]},{\"@type\":\"ImageObject\",\"inLanguage\":\"es\",\"@id\":\"https:\\\/\\\/diariotextual.com\\\/inicio\\\/index.php\\\/2023\\\/09\\\/26\\\/ahora-asesores-de-bullrich-dicen-que-las-retenciones-recien-se-podran-eliminar-en-cinco-o-seis-anos\\\/#primaryimage\",\"url\":\"https:\\\/\\\/diariotextual.com\\\/inicio\\\/wp-content\\\/uploads\\\/2023\\\/06\\\/bullrichpatricia2023-1.jpg\",\"contentUrl\":\"https:\\\/\\\/diariotextual.com\\\/inicio\\\/wp-content\\\/uploads\\\/2023\\\/06\\\/bullrichpatricia2023-1.jpg\",\"width\":1280,\"height\":855},{\"@type\":\"BreadcrumbList\",\"@id\":\"https:\\\/\\\/diariotextual.com\\\/inicio\\\/index.php\\\/2023\\\/09\\\/26\\\/ahora-asesores-de-bullrich-dicen-que-las-retenciones-recien-se-podran-eliminar-en-cinco-o-seis-anos\\\/#breadcrumb\",\"itemListElement\":[{\"@type\":\"ListItem\",\"position\":1,\"name\":\"Portada\",\"item\":\"https:\\\/\\\/diariotextual.com\\\/inicio\\\/\"},{\"@type\":\"ListItem\",\"position\":2,\"name\":\"Ahora asesores de Bullrich dicen que las retenciones reci\u00e9n se podr\u00e1n eliminar en \u201ccinco o seis a\u00f1os\u201d\"}]},{\"@type\":\"WebSite\",\"@id\":\"https:\\\/\\\/diariotextual.com\\\/inicio\\\/#website\",\"url\":\"https:\\\/\\\/diariotextual.com\\\/inicio\\\/\",\"name\":\"Diario Textual\",\"description\":\"\",\"publisher\":{\"@id\":\"https:\\\/\\\/diariotextual.com\\\/inicio\\\/#organization\"},\"potentialAction\":[{\"@type\":\"SearchAction\",\"target\":{\"@type\":\"EntryPoint\",\"urlTemplate\":\"https:\\\/\\\/diariotextual.com\\\/inicio\\\/?s={search_term_string}\"},\"query-input\":{\"@type\":\"PropertyValueSpecification\",\"valueRequired\":true,\"valueName\":\"search_term_string\"}}],\"inLanguage\":\"es\"},{\"@type\":\"Organization\",\"@id\":\"https:\\\/\\\/diariotextual.com\\\/inicio\\\/#organization\",\"name\":\"Diario Textual\",\"url\":\"https:\\\/\\\/diariotextual.com\\\/inicio\\\/\",\"logo\":{\"@type\":\"ImageObject\",\"inLanguage\":\"es\",\"@id\":\"https:\\\/\\\/diariotextual.com\\\/inicio\\\/#\\\/schema\\\/logo\\\/image\\\/\",\"url\":\"https:\\\/\\\/diariotextual.com\\\/inicio\\\/wp-content\\\/uploads\\\/2023\\\/05\\\/logotextual1.jpg\",\"contentUrl\":\"https:\\\/\\\/diariotextual.com\\\/inicio\\\/wp-content\\\/uploads\\\/2023\\\/05\\\/logotextual1.jpg\",\"width\":516,\"height\":76,\"caption\":\"Diario Textual\"},\"image\":{\"@id\":\"https:\\\/\\\/diariotextual.com\\\/inicio\\\/#\\\/schema\\\/logo\\\/image\\\/\"},\"sameAs\":[\"https:\\\/\\\/www.facebook.com\\\/eltextual\",\"https:\\\/\\\/x.com\\\/eltextual\",\"http:\\\/\\\/www.instagram.com\\\/eltextual\"]},{\"@type\":\"Person\",\"@id\":\"https:\\\/\\\/diariotextual.com\\\/inicio\\\/#\\\/schema\\\/person\\\/418fc4093c33e86ed41562db3508f958\",\"name\":\"Diario1 Diario1\",\"image\":{\"@type\":\"ImageObject\",\"inLanguage\":\"es\",\"@id\":\"https:\\\/\\\/secure.gravatar.com\\\/avatar\\\/9167d280179c85bc18be67aa7eda765854300033af4896dd779b608640f2ef7a?s=96&d=mm&r=g\",\"url\":\"https:\\\/\\\/secure.gravatar.com\\\/avatar\\\/9167d280179c85bc18be67aa7eda765854300033af4896dd779b608640f2ef7a?s=96&d=mm&r=g\",\"contentUrl\":\"https:\\\/\\\/secure.gravatar.com\\\/avatar\\\/9167d280179c85bc18be67aa7eda765854300033af4896dd779b608640f2ef7a?s=96&d=mm&r=g\",\"caption\":\"Diario1 Diario1\"},\"url\":\"https:\\\/\\\/diariotextual.com\\\/inicio\\\/index.php\\\/author\\\/diario1\\\/\"}]}<\/script>\n<!-- \/ Yoast SEO plugin. -->","yoast_head_json":{"title":"Ahora asesores de Bullrich dicen que las retenciones reci\u00e9n se podr\u00e1n eliminar en \u201ccinco o seis a\u00f1os\u201d - Diario Textual","robots":{"index":"index","follow":"follow","max-snippet":"max-snippet:-1","max-image-preview":"max-image-preview:large","max-video-preview":"max-video-preview:-1"},"canonical":"https:\/\/diariotextual.com\/inicio\/index.php\/2023\/09\/26\/ahora-asesores-de-bullrich-dicen-que-las-retenciones-recien-se-podran-eliminar-en-cinco-o-seis-anos\/","og_locale":"es_ES","og_type":"article","og_title":"Ahora asesores de Bullrich dicen que las retenciones reci\u00e9n se podr\u00e1n eliminar en \u201ccinco o seis a\u00f1os\u201d - Diario Textual","og_description":"La promesa de la candidata presidencial de Juntos por el Cambio, Patricia Bullrich, de eliminar las retenciones a las exportaciones agr\u00edcolas en forma inmediata y total si es elegida para&hellip;","og_url":"https:\/\/diariotextual.com\/inicio\/index.php\/2023\/09\/26\/ahora-asesores-de-bullrich-dicen-que-las-retenciones-recien-se-podran-eliminar-en-cinco-o-seis-anos\/","og_site_name":"Diario Textual","article_publisher":"https:\/\/www.facebook.com\/eltextual","article_published_time":"2023-09-26T10:39:48+00:00","article_modified_time":"2023-09-26T19:59:15+00:00","og_image":[{"width":1280,"height":855,"url":"https:\/\/diariotextual.com\/inicio\/wp-content\/uploads\/2023\/06\/bullrichpatricia2023-1.jpg","type":"image\/jpeg"}],"author":"Diario1 Diario1","twitter_card":"summary_large_image","twitter_creator":"@eltextual","twitter_site":"@eltextual","twitter_misc":{"Escrito por":"Diario1 Diario1","Tiempo de lectura":"2 minutos"},"schema":{"@context":"https:\/\/schema.org","@graph":[{"@type":"Article","@id":"https:\/\/diariotextual.com\/inicio\/index.php\/2023\/09\/26\/ahora-asesores-de-bullrich-dicen-que-las-retenciones-recien-se-podran-eliminar-en-cinco-o-seis-anos\/#article","isPartOf":{"@id":"https:\/\/diariotextual.com\/inicio\/index.php\/2023\/09\/26\/ahora-asesores-de-bullrich-dicen-que-las-retenciones-recien-se-podran-eliminar-en-cinco-o-seis-anos\/"},"author":{"name":"Diario1 Diario1","@id":"https:\/\/diariotextual.com\/inicio\/#\/schema\/person\/418fc4093c33e86ed41562db3508f958"},"headline":"Ahora asesores de Bullrich dicen que las retenciones reci\u00e9n se podr\u00e1n eliminar en \u201ccinco o seis a\u00f1os\u201d","datePublished":"2023-09-26T10:39:48+00:00","dateModified":"2023-09-26T19:59:15+00:00","mainEntityOfPage":{"@id":"https:\/\/diariotextual.com\/inicio\/index.php\/2023\/09\/26\/ahora-asesores-de-bullrich-dicen-que-las-retenciones-recien-se-podran-eliminar-en-cinco-o-seis-anos\/"},"wordCount":436,"publisher":{"@id":"https:\/\/diariotextual.com\/inicio\/#organization"},"image":{"@id":"https:\/\/diariotextual.com\/inicio\/index.php\/2023\/09\/26\/ahora-asesores-de-bullrich-dicen-que-las-retenciones-recien-se-podran-eliminar-en-cinco-o-seis-anos\/#primaryimage"},"thumbnailUrl":"https:\/\/diariotextual.com\/inicio\/wp-content\/uploads\/2023\/06\/bullrichpatricia2023-1.jpg","articleSection":["A - QUE PASA (al costado)","POLITICA"],"inLanguage":"es"},{"@type":"WebPage","@id":"https:\/\/diariotextual.com\/inicio\/index.php\/2023\/09\/26\/ahora-asesores-de-bullrich-dicen-que-las-retenciones-recien-se-podran-eliminar-en-cinco-o-seis-anos\/","url":"https:\/\/diariotextual.com\/inicio\/index.php\/2023\/09\/26\/ahora-asesores-de-bullrich-dicen-que-las-retenciones-recien-se-podran-eliminar-en-cinco-o-seis-anos\/","name":"Ahora asesores de Bullrich dicen que las retenciones reci\u00e9n se podr\u00e1n eliminar en \u201ccinco o seis a\u00f1os\u201d - Diario Textual","isPartOf":{"@id":"https:\/\/diariotextual.com\/inicio\/#website"},"primaryImageOfPage":{"@id":"https:\/\/diariotextual.com\/inicio\/index.php\/2023\/09\/26\/ahora-asesores-de-bullrich-dicen-que-las-retenciones-recien-se-podran-eliminar-en-cinco-o-seis-anos\/#primaryimage"},"image":{"@id":"https:\/\/diariotextual.com\/inicio\/index.php\/2023\/09\/26\/ahora-asesores-de-bullrich-dicen-que-las-retenciones-recien-se-podran-eliminar-en-cinco-o-seis-anos\/#primaryimage"},"thumbnailUrl":"https:\/\/diariotextual.com\/inicio\/wp-content\/uploads\/2023\/06\/bullrichpatricia2023-1.jpg","datePublished":"2023-09-26T10:39:48+00:00","dateModified":"2023-09-26T19:59:15+00:00","breadcrumb":{"@id":"https:\/\/diariotextual.com\/inicio\/index.php\/2023\/09\/26\/ahora-asesores-de-bullrich-dicen-que-las-retenciones-recien-se-podran-eliminar-en-cinco-o-seis-anos\/#breadcrumb"},"inLanguage":"es","potentialAction":[{"@type":"ReadAction","target":["https:\/\/diariotextual.com\/inicio\/index.php\/2023\/09\/26\/ahora-asesores-de-bullrich-dicen-que-las-retenciones-recien-se-podran-eliminar-en-cinco-o-seis-anos\/"]}]},{"@type":"ImageObject","inLanguage":"es","@id":"https:\/\/diariotextual.com\/inicio\/index.php\/2023\/09\/26\/ahora-asesores-de-bullrich-dicen-que-las-retenciones-recien-se-podran-eliminar-en-cinco-o-seis-anos\/#primaryimage","url":"https:\/\/diariotextual.com\/inicio\/wp-content\/uploads\/2023\/06\/bullrichpatricia2023-1.jpg","contentUrl":"https:\/\/diariotextual.com\/inicio\/wp-content\/uploads\/2023\/06\/bullrichpatricia2023-1.jpg","width":1280,"height":855},{"@type":"BreadcrumbList","@id":"https:\/\/diariotextual.com\/inicio\/index.php\/2023\/09\/26\/ahora-asesores-de-bullrich-dicen-que-las-retenciones-recien-se-podran-eliminar-en-cinco-o-seis-anos\/#breadcrumb","itemListElement":[{"@type":"ListItem","position":1,"name":"Portada","item":"https:\/\/diariotextual.com\/inicio\/"},{"@type":"ListItem","position":2,"name":"Ahora asesores de Bullrich dicen que las retenciones reci\u00e9n se podr\u00e1n eliminar en \u201ccinco o seis a\u00f1os\u201d"}]},{"@type":"WebSite","@id":"https:\/\/diariotextual.com\/inicio\/#website","url":"https:\/\/diariotextual.com\/inicio\/","name":"Diario Textual","description":"","publisher":{"@id":"https:\/\/diariotextual.com\/inicio\/#organization"},"potentialAction":[{"@type":"SearchAction","target":{"@type":"EntryPoint","urlTemplate":"https:\/\/diariotextual.com\/inicio\/?s={search_term_string}"},"query-input":{"@type":"PropertyValueSpecification","valueRequired":true,"valueName":"search_term_string"}}],"inLanguage":"es"},{"@type":"Organization","@id":"https:\/\/diariotextual.com\/inicio\/#organization","name":"Diario Textual","url":"https:\/\/diariotextual.com\/inicio\/","logo":{"@type":"ImageObject","inLanguage":"es","@id":"https:\/\/diariotextual.com\/inicio\/#\/schema\/logo\/image\/","url":"https:\/\/diariotextual.com\/inicio\/wp-content\/uploads\/2023\/05\/logotextual1.jpg","contentUrl":"https:\/\/diariotextual.com\/inicio\/wp-content\/uploads\/2023\/05\/logotextual1.jpg","width":516,"height":76,"caption":"Diario Textual"},"image":{"@id":"https:\/\/diariotextual.com\/inicio\/#\/schema\/logo\/image\/"},"sameAs":["https:\/\/www.facebook.com\/eltextual","https:\/\/x.com\/eltextual","http:\/\/www.instagram.com\/eltextual"]},{"@type":"Person","@id":"https:\/\/diariotextual.com\/inicio\/#\/schema\/person\/418fc4093c33e86ed41562db3508f958","name":"Diario1 Diario1","image":{"@type":"ImageObject","inLanguage":"es","@id":"https:\/\/secure.gravatar.com\/avatar\/9167d280179c85bc18be67aa7eda765854300033af4896dd779b608640f2ef7a?s=96&d=mm&r=g","url":"https:\/\/secure.gravatar.com\/avatar\/9167d280179c85bc18be67aa7eda765854300033af4896dd779b608640f2ef7a?s=96&d=mm&r=g","contentUrl":"https:\/\/secure.gravatar.com\/avatar\/9167d280179c85bc18be67aa7eda765854300033af4896dd779b608640f2ef7a?s=96&d=mm&r=g","caption":"Diario1 Diario1"},"url":"https:\/\/diariotextual.com\/inicio\/index.php\/author\/diario1\/"}]}},"_links":{"self":[{"href":"https:\/\/diariotextual.com\/inicio\/index.php\/wp-json\/wp\/v2\/posts\/238784","targetHints":{"allow":["GET"]}}],"collection":[{"href":"https:\/\/diariotextual.com\/inicio\/index.php\/wp-json\/wp\/v2\/posts"}],"about":[{"href":"https:\/\/diariotextual.com\/inicio\/index.php\/wp-json\/wp\/v2\/types\/post"}],"author":[{"embeddable":true,"href":"https:\/\/diariotextual.com\/inicio\/index.php\/wp-json\/wp\/v2\/users\/3"}],"replies":[{"embeddable":true,"href":"https:\/\/diariotextual.com\/inicio\/index.php\/wp-json\/wp\/v2\/comments?post=238784"}],"version-history":[{"count":2,"href":"https:\/\/diariotextual.com\/inicio\/index.php\/wp-json\/wp\/v2\/posts\/238784\/revisions"}],"predecessor-version":[{"id":238786,"href":"https:\/\/diariotextual.com\/inicio\/index.php\/wp-json\/wp\/v2\/posts\/238784\/revisions\/238786"}],"wp:featuredmedia":[{"embeddable":true,"href":"https:\/\/diariotextual.com\/inicio\/index.php\/wp-json\/wp\/v2\/media\/229870"}],"wp:attachment":[{"href":"https:\/\/diariotextual.com\/inicio\/index.php\/wp-json\/wp\/v2\/media?parent=238784"}],"wp:term":[{"taxonomy":"category","embeddable":true,"href":"https:\/\/diariotextual.com\/inicio\/index.php\/wp-json\/wp\/v2\/categories?post=238784"},{"taxonomy":"post_tag","embeddable":true,"href":"https:\/\/diariotextual.com\/inicio\/index.php\/wp-json\/wp\/v2\/tags?post=238784"}],"curies":[{"name":"wp","href":"https:\/\/api.w.org\/{rel}","templated":true}]}}