{"id":238787,"date":"2023-09-26T09:01:10","date_gmt":"2023-09-26T12:01:10","guid":{"rendered":"https:\/\/diariotextual.com\/inicio\/?p=238787"},"modified":"2023-09-27T06:57:04","modified_gmt":"2023-09-27T09:57:04","slug":"confirmado-asume-hector-perez-del-pro-en-el-lugar-que-dejo-vacante-la-ucr-en-pampetrol","status":"publish","type":"post","link":"https:\/\/diariotextual.com\/inicio\/index.php\/2023\/09\/26\/confirmado-asume-hector-perez-del-pro-en-el-lugar-que-dejo-vacante-la-ucr-en-pampetrol\/","title":{"rendered":"Confirmado: asume en Pampetrol un productor rural del PRO en el lugar que dej\u00f3 la UCR"},"content":{"rendered":"\n<p><strong>H\u00e9ctor P\u00e9rez (PRO)<\/strong>, de Catril\u00f3, asumir\u00e1 en los pr\u00f3ximos d\u00edas en el directorio de la empresa de energ\u00eda <strong>Pampetrol<\/strong>, en el lugar que dej\u00f3 vacante la UCR luego de la renuncia de <strong>Hugo P\u00e9rez<\/strong>, en disconformidad con la pol\u00edtica de la empresa estatal. E<strong>s un productor rural que, admite entre los suyos, no sabe nada de petr\u00f3leo: por eso est\u00e1 haciendo los deberes y ya se puso a estudiar.<\/strong><\/p>\n\n\n\n<p>En rigor, H\u00e9ctor P\u00e9rez ser\u00e1 director por la oposici\u00f3n hasta fin de a\u00f1o y luego se deber\u00e1n proponer dos nuevos nombres, un titular y un suplente, para los pr\u00f3ximos dos a\u00f1os.<\/p>\n\n\n\n<p>La situaci\u00f3n de P\u00e9rez no es aislada. Por ser La Pampa una <strong>\u201cprovincia con petr\u00f3leo pero no petrolera\u201d<\/strong> -como dijo en su momento <strong>Carlos Verna<\/strong>-, tanto el oficialismo como la oposici\u00f3n carecen en l\u00edneas generales de dirigentes que conozcan cabalmente del tema energ\u00e9tico. O al menos escasean. Por eso <strong> quienes han asumido los cargos en Pampetrol, en su cortos a\u00f1os de existencia, no tienen ni idea de qu\u00e9 es el petr\u00f3leo. As\u00ed se han tenido que poner a estudiar.<\/strong><\/p>\n\n\n\n<p><\/p>\n\n\n\n<figure class=\"wp-block-embed is-type-wp-embed is-provider-diario-textual wp-block-embed-diario-textual\"><div class=\"wp-block-embed__wrapper\">\n<blockquote class=\"wp-embedded-content\" data-secret=\"WxhniTcH5x\"><a href=\"https:\/\/diariotextual.com\/inicio\/index.php\/2023\/09\/01\/hugo-perez-renuncio-a-pampetrol\/\">P\u00e9rez oficializ\u00f3 la renuncia en disconformidad con la \u201cp\u00e9sima\u201d gesti\u00f3n de Pampetrol<\/a><\/blockquote><iframe class=\"wp-embedded-content\" sandbox=\"allow-scripts\" security=\"restricted\" style=\"position: absolute; clip: rect(1px, 1px, 1px, 1px);\" title=\"\u00abP\u00e9rez oficializ\u00f3 la renuncia en disconformidad con la \u201cp\u00e9sima\u201d gesti\u00f3n de Pampetrol\u00bb \u2014 Diario Textual\" src=\"https:\/\/diariotextual.com\/inicio\/index.php\/2023\/09\/01\/hugo-perez-renuncio-a-pampetrol\/embed\/#?secret=vhMmnAYxHz#?secret=WxhniTcH5x\" data-secret=\"WxhniTcH5x\" width=\"600\" height=\"338\" frameborder=\"0\" marginwidth=\"0\" marginheight=\"0\" scrolling=\"no\"><\/iframe>\n<\/div><\/figure>\n\n\n\n<p><\/p>\n\n\n\n<p><strong>\u201cLa UCR no perdi\u00f3 ning\u00fan lugar, s\u00f3lo se activ\u00f3 el mecanismo de reemplazo del titular Hugo P\u00e9rez y en consecuencia debe asumir el suplente, que es H\u00e9ctor P\u00e9rez. Cada dos a\u00f1os se renueva el lugar para la primera minor\u00eda y segunda minor\u00eda\u201d<\/strong>, explic\u00f3 a Diario Textual el diputado provincial <strong>Marcos Cuelle.<\/strong><\/p>\n\n\n\n<p>El bloque de la UCR deb\u00eda definir el nombre del reemplazante de Hugo P\u00e9rez para luego elevarlo al gobernador Sergio Ziliotto, pero no lo hizo porque pretende hablar con el oficialismo para ver si habr\u00e1 un cambio en el rumbo de la pol\u00edtica de Pampetrol.<\/p>\n\n\n\n<p><strong>El PRO aceler\u00f3 y aprovech\u00f3 para meter un nombre suyo en un lugar clave dentro de una empresa estatal.<\/strong><\/p>\n\n\n\n<p>De esta manera, <strong>el PRO desbanca al radicalismo de otro espacio estrat\u00e9gico.<\/strong> Ya en las PASO, con el triunfo de Patricia Bullrich sobre Horacio Rodr\u00edguez Larreta, se qued\u00f3 con la banca de diputado nacional que ocupa Mart\u00edn Berhongaray, que quedar\u00e1 en manos de Mart\u00edn Ardohain, un dirigente enrolado en la l\u00ednea de Bullrich.<\/p>\n\n\n\n<p>Otro antecedente sucedi\u00f3 en 2016, donde el PRO obtuvo otro lugar estrat\u00e9gico que pretend\u00eda la UCR luego de que Mar\u00eda Alejandra Mac Allister, a trav\u00e9s de un concurso, se qued\u00f3 con un cargo en el Tribunal de Cuentas. Los radicales promov\u00edan a Daniel Beninato en ese lugar.<\/p>\n\n\n\n<p>En 2017, durante el gobierno de Mauricio Macri, fue designado Mart\u00edn Matzkin como representante del Ministerio del Interior de la Naci\u00f3n en el Ente Ejecutivo del Embalse Casa de Piedra. Y en las \u00faltimas elecciones generales en la provincia, el PRO presion\u00f3 y logr\u00f3 m\u00e1s lugares que le hubiesen correspondido frente al radicalismo.<\/p>\n\n\n\n<p> &nbsp;<\/p>\n","protected":false},"excerpt":{"rendered":"<p>H\u00e9ctor P\u00e9rez (PRO), de Catril\u00f3, asumir\u00e1 en los pr\u00f3ximos d\u00edas en el directorio de la empresa de energ\u00eda Pampetrol, en el lugar que dej\u00f3 vacante la UCR luego de la&hellip;<\/p>\n","protected":false},"author":7,"featured_media":237221,"comment_status":"closed","ping_status":"open","sticky":false,"template":"","format":"standard","meta":{"_acf_changed":false,"footnotes":""},"categories":[1,11,8],"tags":[],"class_list":["post-238787","post","type-post","status-publish","format-standard","has-post-thumbnail","hentry","category-es-noticia","category-que-pasa","category-politica"],"acf":[],"yoast_head":"<!-- This site is optimized with the Yoast SEO plugin v27.5 - https:\/\/yoast.com\/product\/yoast-seo-wordpress\/ -->\n<title>Confirmado: asume en Pampetrol un productor rural del PRO en el lugar que dej\u00f3 la UCR - Diario Textual<\/title>\n<meta name=\"robots\" content=\"index, follow, max-snippet:-1, max-image-preview:large, max-video-preview:-1\" \/>\n<link rel=\"canonical\" href=\"https:\/\/diariotextual.com\/inicio\/index.php\/2023\/09\/26\/confirmado-asume-hector-perez-del-pro-en-el-lugar-que-dejo-vacante-la-ucr-en-pampetrol\/\" \/>\n<meta property=\"og:locale\" content=\"es_ES\" \/>\n<meta property=\"og:type\" content=\"article\" \/>\n<meta property=\"og:title\" content=\"Confirmado: asume en Pampetrol un productor rural del PRO en el lugar que dej\u00f3 la UCR - Diario Textual\" \/>\n<meta property=\"og:description\" content=\"H\u00e9ctor P\u00e9rez (PRO), de Catril\u00f3, asumir\u00e1 en los pr\u00f3ximos d\u00edas en el directorio de la empresa de energ\u00eda Pampetrol, en el lugar que dej\u00f3 vacante la UCR luego de la&hellip;\" \/>\n<meta property=\"og:url\" content=\"https:\/\/diariotextual.com\/inicio\/index.php\/2023\/09\/26\/confirmado-asume-hector-perez-del-pro-en-el-lugar-que-dejo-vacante-la-ucr-en-pampetrol\/\" \/>\n<meta property=\"og:site_name\" content=\"Diario Textual\" \/>\n<meta property=\"article:publisher\" content=\"https:\/\/www.facebook.com\/eltextual\" \/>\n<meta property=\"article:published_time\" content=\"2023-09-26T12:01:10+00:00\" \/>\n<meta property=\"article:modified_time\" content=\"2023-09-27T09:57:04+00:00\" \/>\n<meta property=\"og:image\" content=\"https:\/\/diariotextual.com\/inicio\/wp-content\/uploads\/2023\/09\/perezhectorpro20234444.jpg\" \/>\n\t<meta property=\"og:image:width\" content=\"2048\" \/>\n\t<meta property=\"og:image:height\" content=\"1152\" \/>\n\t<meta property=\"og:image:type\" content=\"image\/jpeg\" \/>\n<meta name=\"author\" content=\"diario5\" \/>\n<meta name=\"twitter:card\" content=\"summary_large_image\" \/>\n<meta name=\"twitter:creator\" content=\"@eltextual\" \/>\n<meta name=\"twitter:site\" content=\"@eltextual\" \/>\n<meta name=\"twitter:label1\" content=\"Escrito por\" \/>\n\t<meta name=\"twitter:data1\" content=\"diario5\" \/>\n\t<meta name=\"twitter:label2\" content=\"Tiempo de lectura\" \/>\n\t<meta name=\"twitter:data2\" content=\"3 minutos\" \/>\n<script type=\"application\/ld+json\" class=\"yoast-schema-graph\">{\"@context\":\"https:\\\/\\\/schema.org\",\"@graph\":[{\"@type\":\"Article\",\"@id\":\"https:\\\/\\\/diariotextual.com\\\/inicio\\\/index.php\\\/2023\\\/09\\\/26\\\/confirmado-asume-hector-perez-del-pro-en-el-lugar-que-dejo-vacante-la-ucr-en-pampetrol\\\/#article\",\"isPartOf\":{\"@id\":\"https:\\\/\\\/diariotextual.com\\\/inicio\\\/index.php\\\/2023\\\/09\\\/26\\\/confirmado-asume-hector-perez-del-pro-en-el-lugar-que-dejo-vacante-la-ucr-en-pampetrol\\\/\"},\"author\":{\"name\":\"diario5\",\"@id\":\"https:\\\/\\\/diariotextual.com\\\/inicio\\\/#\\\/schema\\\/person\\\/c7834961ad8b29b1d9cdbf4571299067\"},\"headline\":\"Confirmado: asume en Pampetrol un productor rural del PRO en el lugar que dej\u00f3 la UCR\",\"datePublished\":\"2023-09-26T12:01:10+00:00\",\"dateModified\":\"2023-09-27T09:57:04+00:00\",\"mainEntityOfPage\":{\"@id\":\"https:\\\/\\\/diariotextual.com\\\/inicio\\\/index.php\\\/2023\\\/09\\\/26\\\/confirmado-asume-hector-perez-del-pro-en-el-lugar-que-dejo-vacante-la-ucr-en-pampetrol\\\/\"},\"wordCount\":516,\"publisher\":{\"@id\":\"https:\\\/\\\/diariotextual.com\\\/inicio\\\/#organization\"},\"image\":{\"@id\":\"https:\\\/\\\/diariotextual.com\\\/inicio\\\/index.php\\\/2023\\\/09\\\/26\\\/confirmado-asume-hector-perez-del-pro-en-el-lugar-que-dejo-vacante-la-ucr-en-pampetrol\\\/#primaryimage\"},\"thumbnailUrl\":\"https:\\\/\\\/diariotextual.com\\\/inicio\\\/wp-content\\\/uploads\\\/2023\\\/09\\\/perezhectorpro20234444.jpg\",\"articleSection\":[\"A - ES NOTICIA (van abajo)\",\"A - QUE PASA (al costado)\",\"POLITICA\"],\"inLanguage\":\"es\"},{\"@type\":\"WebPage\",\"@id\":\"https:\\\/\\\/diariotextual.com\\\/inicio\\\/index.php\\\/2023\\\/09\\\/26\\\/confirmado-asume-hector-perez-del-pro-en-el-lugar-que-dejo-vacante-la-ucr-en-pampetrol\\\/\",\"url\":\"https:\\\/\\\/diariotextual.com\\\/inicio\\\/index.php\\\/2023\\\/09\\\/26\\\/confirmado-asume-hector-perez-del-pro-en-el-lugar-que-dejo-vacante-la-ucr-en-pampetrol\\\/\",\"name\":\"Confirmado: asume en Pampetrol un productor rural del PRO en el lugar que dej\u00f3 la UCR - Diario Textual\",\"isPartOf\":{\"@id\":\"https:\\\/\\\/diariotextual.com\\\/inicio\\\/#website\"},\"primaryImageOfPage\":{\"@id\":\"https:\\\/\\\/diariotextual.com\\\/inicio\\\/index.php\\\/2023\\\/09\\\/26\\\/confirmado-asume-hector-perez-del-pro-en-el-lugar-que-dejo-vacante-la-ucr-en-pampetrol\\\/#primaryimage\"},\"image\":{\"@id\":\"https:\\\/\\\/diariotextual.com\\\/inicio\\\/index.php\\\/2023\\\/09\\\/26\\\/confirmado-asume-hector-perez-del-pro-en-el-lugar-que-dejo-vacante-la-ucr-en-pampetrol\\\/#primaryimage\"},\"thumbnailUrl\":\"https:\\\/\\\/diariotextual.com\\\/inicio\\\/wp-content\\\/uploads\\\/2023\\\/09\\\/perezhectorpro20234444.jpg\",\"datePublished\":\"2023-09-26T12:01:10+00:00\",\"dateModified\":\"2023-09-27T09:57:04+00:00\",\"breadcrumb\":{\"@id\":\"https:\\\/\\\/diariotextual.com\\\/inicio\\\/index.php\\\/2023\\\/09\\\/26\\\/confirmado-asume-hector-perez-del-pro-en-el-lugar-que-dejo-vacante-la-ucr-en-pampetrol\\\/#breadcrumb\"},\"inLanguage\":\"es\",\"potentialAction\":[{\"@type\":\"ReadAction\",\"target\":[\"https:\\\/\\\/diariotextual.com\\\/inicio\\\/index.php\\\/2023\\\/09\\\/26\\\/confirmado-asume-hector-perez-del-pro-en-el-lugar-que-dejo-vacante-la-ucr-en-pampetrol\\\/\"]}]},{\"@type\":\"ImageObject\",\"inLanguage\":\"es\",\"@id\":\"https:\\\/\\\/diariotextual.com\\\/inicio\\\/index.php\\\/2023\\\/09\\\/26\\\/confirmado-asume-hector-perez-del-pro-en-el-lugar-que-dejo-vacante-la-ucr-en-pampetrol\\\/#primaryimage\",\"url\":\"https:\\\/\\\/diariotextual.com\\\/inicio\\\/wp-content\\\/uploads\\\/2023\\\/09\\\/perezhectorpro20234444.jpg\",\"contentUrl\":\"https:\\\/\\\/diariotextual.com\\\/inicio\\\/wp-content\\\/uploads\\\/2023\\\/09\\\/perezhectorpro20234444.jpg\",\"width\":2048,\"height\":1152},{\"@type\":\"BreadcrumbList\",\"@id\":\"https:\\\/\\\/diariotextual.com\\\/inicio\\\/index.php\\\/2023\\\/09\\\/26\\\/confirmado-asume-hector-perez-del-pro-en-el-lugar-que-dejo-vacante-la-ucr-en-pampetrol\\\/#breadcrumb\",\"itemListElement\":[{\"@type\":\"ListItem\",\"position\":1,\"name\":\"Portada\",\"item\":\"https:\\\/\\\/diariotextual.com\\\/inicio\\\/\"},{\"@type\":\"ListItem\",\"position\":2,\"name\":\"Confirmado: asume en Pampetrol un productor rural del PRO en el lugar que dej\u00f3 la UCR\"}]},{\"@type\":\"WebSite\",\"@id\":\"https:\\\/\\\/diariotextual.com\\\/inicio\\\/#website\",\"url\":\"https:\\\/\\\/diariotextual.com\\\/inicio\\\/\",\"name\":\"Diario Textual\",\"description\":\"\",\"publisher\":{\"@id\":\"https:\\\/\\\/diariotextual.com\\\/inicio\\\/#organization\"},\"potentialAction\":[{\"@type\":\"SearchAction\",\"target\":{\"@type\":\"EntryPoint\",\"urlTemplate\":\"https:\\\/\\\/diariotextual.com\\\/inicio\\\/?s={search_term_string}\"},\"query-input\":{\"@type\":\"PropertyValueSpecification\",\"valueRequired\":true,\"valueName\":\"search_term_string\"}}],\"inLanguage\":\"es\"},{\"@type\":\"Organization\",\"@id\":\"https:\\\/\\\/diariotextual.com\\\/inicio\\\/#organization\",\"name\":\"Diario Textual\",\"url\":\"https:\\\/\\\/diariotextual.com\\\/inicio\\\/\",\"logo\":{\"@type\":\"ImageObject\",\"inLanguage\":\"es\",\"@id\":\"https:\\\/\\\/diariotextual.com\\\/inicio\\\/#\\\/schema\\\/logo\\\/image\\\/\",\"url\":\"https:\\\/\\\/diariotextual.com\\\/inicio\\\/wp-content\\\/uploads\\\/2023\\\/05\\\/logotextual1.jpg\",\"contentUrl\":\"https:\\\/\\\/diariotextual.com\\\/inicio\\\/wp-content\\\/uploads\\\/2023\\\/05\\\/logotextual1.jpg\",\"width\":516,\"height\":76,\"caption\":\"Diario Textual\"},\"image\":{\"@id\":\"https:\\\/\\\/diariotextual.com\\\/inicio\\\/#\\\/schema\\\/logo\\\/image\\\/\"},\"sameAs\":[\"https:\\\/\\\/www.facebook.com\\\/eltextual\",\"https:\\\/\\\/x.com\\\/eltextual\",\"http:\\\/\\\/www.instagram.com\\\/eltextual\"]},{\"@type\":\"Person\",\"@id\":\"https:\\\/\\\/diariotextual.com\\\/inicio\\\/#\\\/schema\\\/person\\\/c7834961ad8b29b1d9cdbf4571299067\",\"name\":\"diario5\",\"image\":{\"@type\":\"ImageObject\",\"inLanguage\":\"es\",\"@id\":\"https:\\\/\\\/secure.gravatar.com\\\/avatar\\\/948c893b847ca6df68216ead81b63f363408ec9b0f600fefc0641ce78613b111?s=96&d=mm&r=g\",\"url\":\"https:\\\/\\\/secure.gravatar.com\\\/avatar\\\/948c893b847ca6df68216ead81b63f363408ec9b0f600fefc0641ce78613b111?s=96&d=mm&r=g\",\"contentUrl\":\"https:\\\/\\\/secure.gravatar.com\\\/avatar\\\/948c893b847ca6df68216ead81b63f363408ec9b0f600fefc0641ce78613b111?s=96&d=mm&r=g\",\"caption\":\"diario5\"},\"url\":\"https:\\\/\\\/diariotextual.com\\\/inicio\\\/index.php\\\/author\\\/diario5\\\/\"}]}<\/script>\n<!-- \/ Yoast SEO plugin. -->","yoast_head_json":{"title":"Confirmado: asume en Pampetrol un productor rural del PRO en el lugar que dej\u00f3 la UCR - Diario Textual","robots":{"index":"index","follow":"follow","max-snippet":"max-snippet:-1","max-image-preview":"max-image-preview:large","max-video-preview":"max-video-preview:-1"},"canonical":"https:\/\/diariotextual.com\/inicio\/index.php\/2023\/09\/26\/confirmado-asume-hector-perez-del-pro-en-el-lugar-que-dejo-vacante-la-ucr-en-pampetrol\/","og_locale":"es_ES","og_type":"article","og_title":"Confirmado: asume en Pampetrol un productor rural del PRO en el lugar que dej\u00f3 la UCR - Diario Textual","og_description":"H\u00e9ctor P\u00e9rez (PRO), de Catril\u00f3, asumir\u00e1 en los pr\u00f3ximos d\u00edas en el directorio de la empresa de energ\u00eda Pampetrol, en el lugar que dej\u00f3 vacante la UCR luego de la&hellip;","og_url":"https:\/\/diariotextual.com\/inicio\/index.php\/2023\/09\/26\/confirmado-asume-hector-perez-del-pro-en-el-lugar-que-dejo-vacante-la-ucr-en-pampetrol\/","og_site_name":"Diario Textual","article_publisher":"https:\/\/www.facebook.com\/eltextual","article_published_time":"2023-09-26T12:01:10+00:00","article_modified_time":"2023-09-27T09:57:04+00:00","og_image":[{"width":2048,"height":1152,"url":"https:\/\/diariotextual.com\/inicio\/wp-content\/uploads\/2023\/09\/perezhectorpro20234444.jpg","type":"image\/jpeg"}],"author":"diario5","twitter_card":"summary_large_image","twitter_creator":"@eltextual","twitter_site":"@eltextual","twitter_misc":{"Escrito por":"diario5","Tiempo de lectura":"3 minutos"},"schema":{"@context":"https:\/\/schema.org","@graph":[{"@type":"Article","@id":"https:\/\/diariotextual.com\/inicio\/index.php\/2023\/09\/26\/confirmado-asume-hector-perez-del-pro-en-el-lugar-que-dejo-vacante-la-ucr-en-pampetrol\/#article","isPartOf":{"@id":"https:\/\/diariotextual.com\/inicio\/index.php\/2023\/09\/26\/confirmado-asume-hector-perez-del-pro-en-el-lugar-que-dejo-vacante-la-ucr-en-pampetrol\/"},"author":{"name":"diario5","@id":"https:\/\/diariotextual.com\/inicio\/#\/schema\/person\/c7834961ad8b29b1d9cdbf4571299067"},"headline":"Confirmado: asume en Pampetrol un productor rural del PRO en el lugar que dej\u00f3 la UCR","datePublished":"2023-09-26T12:01:10+00:00","dateModified":"2023-09-27T09:57:04+00:00","mainEntityOfPage":{"@id":"https:\/\/diariotextual.com\/inicio\/index.php\/2023\/09\/26\/confirmado-asume-hector-perez-del-pro-en-el-lugar-que-dejo-vacante-la-ucr-en-pampetrol\/"},"wordCount":516,"publisher":{"@id":"https:\/\/diariotextual.com\/inicio\/#organization"},"image":{"@id":"https:\/\/diariotextual.com\/inicio\/index.php\/2023\/09\/26\/confirmado-asume-hector-perez-del-pro-en-el-lugar-que-dejo-vacante-la-ucr-en-pampetrol\/#primaryimage"},"thumbnailUrl":"https:\/\/diariotextual.com\/inicio\/wp-content\/uploads\/2023\/09\/perezhectorpro20234444.jpg","articleSection":["A - ES NOTICIA (van abajo)","A - QUE PASA (al costado)","POLITICA"],"inLanguage":"es"},{"@type":"WebPage","@id":"https:\/\/diariotextual.com\/inicio\/index.php\/2023\/09\/26\/confirmado-asume-hector-perez-del-pro-en-el-lugar-que-dejo-vacante-la-ucr-en-pampetrol\/","url":"https:\/\/diariotextual.com\/inicio\/index.php\/2023\/09\/26\/confirmado-asume-hector-perez-del-pro-en-el-lugar-que-dejo-vacante-la-ucr-en-pampetrol\/","name":"Confirmado: asume en Pampetrol un productor rural del PRO en el lugar que dej\u00f3 la UCR - Diario Textual","isPartOf":{"@id":"https:\/\/diariotextual.com\/inicio\/#website"},"primaryImageOfPage":{"@id":"https:\/\/diariotextual.com\/inicio\/index.php\/2023\/09\/26\/confirmado-asume-hector-perez-del-pro-en-el-lugar-que-dejo-vacante-la-ucr-en-pampetrol\/#primaryimage"},"image":{"@id":"https:\/\/diariotextual.com\/inicio\/index.php\/2023\/09\/26\/confirmado-asume-hector-perez-del-pro-en-el-lugar-que-dejo-vacante-la-ucr-en-pampetrol\/#primaryimage"},"thumbnailUrl":"https:\/\/diariotextual.com\/inicio\/wp-content\/uploads\/2023\/09\/perezhectorpro20234444.jpg","datePublished":"2023-09-26T12:01:10+00:00","dateModified":"2023-09-27T09:57:04+00:00","breadcrumb":{"@id":"https:\/\/diariotextual.com\/inicio\/index.php\/2023\/09\/26\/confirmado-asume-hector-perez-del-pro-en-el-lugar-que-dejo-vacante-la-ucr-en-pampetrol\/#breadcrumb"},"inLanguage":"es","potentialAction":[{"@type":"ReadAction","target":["https:\/\/diariotextual.com\/inicio\/index.php\/2023\/09\/26\/confirmado-asume-hector-perez-del-pro-en-el-lugar-que-dejo-vacante-la-ucr-en-pampetrol\/"]}]},{"@type":"ImageObject","inLanguage":"es","@id":"https:\/\/diariotextual.com\/inicio\/index.php\/2023\/09\/26\/confirmado-asume-hector-perez-del-pro-en-el-lugar-que-dejo-vacante-la-ucr-en-pampetrol\/#primaryimage","url":"https:\/\/diariotextual.com\/inicio\/wp-content\/uploads\/2023\/09\/perezhectorpro20234444.jpg","contentUrl":"https:\/\/diariotextual.com\/inicio\/wp-content\/uploads\/2023\/09\/perezhectorpro20234444.jpg","width":2048,"height":1152},{"@type":"BreadcrumbList","@id":"https:\/\/diariotextual.com\/inicio\/index.php\/2023\/09\/26\/confirmado-asume-hector-perez-del-pro-en-el-lugar-que-dejo-vacante-la-ucr-en-pampetrol\/#breadcrumb","itemListElement":[{"@type":"ListItem","position":1,"name":"Portada","item":"https:\/\/diariotextual.com\/inicio\/"},{"@type":"ListItem","position":2,"name":"Confirmado: asume en Pampetrol un productor rural del PRO en el lugar que dej\u00f3 la UCR"}]},{"@type":"WebSite","@id":"https:\/\/diariotextual.com\/inicio\/#website","url":"https:\/\/diariotextual.com\/inicio\/","name":"Diario Textual","description":"","publisher":{"@id":"https:\/\/diariotextual.com\/inicio\/#organization"},"potentialAction":[{"@type":"SearchAction","target":{"@type":"EntryPoint","urlTemplate":"https:\/\/diariotextual.com\/inicio\/?s={search_term_string}"},"query-input":{"@type":"PropertyValueSpecification","valueRequired":true,"valueName":"search_term_string"}}],"inLanguage":"es"},{"@type":"Organization","@id":"https:\/\/diariotextual.com\/inicio\/#organization","name":"Diario Textual","url":"https:\/\/diariotextual.com\/inicio\/","logo":{"@type":"ImageObject","inLanguage":"es","@id":"https:\/\/diariotextual.com\/inicio\/#\/schema\/logo\/image\/","url":"https:\/\/diariotextual.com\/inicio\/wp-content\/uploads\/2023\/05\/logotextual1.jpg","contentUrl":"https:\/\/diariotextual.com\/inicio\/wp-content\/uploads\/2023\/05\/logotextual1.jpg","width":516,"height":76,"caption":"Diario Textual"},"image":{"@id":"https:\/\/diariotextual.com\/inicio\/#\/schema\/logo\/image\/"},"sameAs":["https:\/\/www.facebook.com\/eltextual","https:\/\/x.com\/eltextual","http:\/\/www.instagram.com\/eltextual"]},{"@type":"Person","@id":"https:\/\/diariotextual.com\/inicio\/#\/schema\/person\/c7834961ad8b29b1d9cdbf4571299067","name":"diario5","image":{"@type":"ImageObject","inLanguage":"es","@id":"https:\/\/secure.gravatar.com\/avatar\/948c893b847ca6df68216ead81b63f363408ec9b0f600fefc0641ce78613b111?s=96&d=mm&r=g","url":"https:\/\/secure.gravatar.com\/avatar\/948c893b847ca6df68216ead81b63f363408ec9b0f600fefc0641ce78613b111?s=96&d=mm&r=g","contentUrl":"https:\/\/secure.gravatar.com\/avatar\/948c893b847ca6df68216ead81b63f363408ec9b0f600fefc0641ce78613b111?s=96&d=mm&r=g","caption":"diario5"},"url":"https:\/\/diariotextual.com\/inicio\/index.php\/author\/diario5\/"}]}},"_links":{"self":[{"href":"https:\/\/diariotextual.com\/inicio\/index.php\/wp-json\/wp\/v2\/posts\/238787","targetHints":{"allow":["GET"]}}],"collection":[{"href":"https:\/\/diariotextual.com\/inicio\/index.php\/wp-json\/wp\/v2\/posts"}],"about":[{"href":"https:\/\/diariotextual.com\/inicio\/index.php\/wp-json\/wp\/v2\/types\/post"}],"author":[{"embeddable":true,"href":"https:\/\/diariotextual.com\/inicio\/index.php\/wp-json\/wp\/v2\/users\/7"}],"replies":[{"embeddable":true,"href":"https:\/\/diariotextual.com\/inicio\/index.php\/wp-json\/wp\/v2\/comments?post=238787"}],"version-history":[{"count":6,"href":"https:\/\/diariotextual.com\/inicio\/index.php\/wp-json\/wp\/v2\/posts\/238787\/revisions"}],"predecessor-version":[{"id":238802,"href":"https:\/\/diariotextual.com\/inicio\/index.php\/wp-json\/wp\/v2\/posts\/238787\/revisions\/238802"}],"wp:featuredmedia":[{"embeddable":true,"href":"https:\/\/diariotextual.com\/inicio\/index.php\/wp-json\/wp\/v2\/media\/237221"}],"wp:attachment":[{"href":"https:\/\/diariotextual.com\/inicio\/index.php\/wp-json\/wp\/v2\/media?parent=238787"}],"wp:term":[{"taxonomy":"category","embeddable":true,"href":"https:\/\/diariotextual.com\/inicio\/index.php\/wp-json\/wp\/v2\/categories?post=238787"},{"taxonomy":"post_tag","embeddable":true,"href":"https:\/\/diariotextual.com\/inicio\/index.php\/wp-json\/wp\/v2\/tags?post=238787"}],"curies":[{"name":"wp","href":"https:\/\/api.w.org\/{rel}","templated":true}]}}