{"id":239150,"date":"2023-09-28T18:40:34","date_gmt":"2023-09-28T21:40:34","guid":{"rendered":"https:\/\/diariotextual.com\/inicio\/?p=239150"},"modified":"2023-09-29T12:16:58","modified_gmt":"2023-09-29T15:16:58","slug":"senado-pese-a-la-corte-el-oficialismo-aprobo-el-pliego-de-la-jueza-figueroa","status":"publish","type":"post","link":"https:\/\/diariotextual.com\/inicio\/index.php\/2023\/09\/28\/senado-pese-a-la-corte-el-oficialismo-aprobo-el-pliego-de-la-jueza-figueroa\/","title":{"rendered":"Senado: pese a la Corte, el oficialismo aprob\u00f3 el pliego de la jueza Figueroa"},"content":{"rendered":"\n<p>El <strong>bloque oficialista del Senado aprob\u00f3 el pliego para la continuidad en su cargo de la jueza de Casaci\u00f3n Ana Mar\u00eda Figueroa pese a haber cumplido los 75 a\u00f1os<\/strong>, luego de que la votaci\u00f3n finalizara en 35 a favor y 35 en contra, ante lo cual la senadora del Frente de Todos, Claudia Ledesma Abdala, quien estaba presidiendo la sesi\u00f3n, desempat\u00f3 a favor de la permanencia de la magistrada por cinco a\u00f1os m\u00e1s.<\/p>\n\n\n\n<p>El Senado inici\u00f3 esta tarde una extensa sesi\u00f3n en la que tratar\u00e1 adem\u00e1s el proyecto de quita del Impuesto a las Ganancias y cambios en la Ley de Alquileres que deber\u00e1 regresar luego a Diputados.<\/p>\n\n\n\n<p>El oficialismo logr\u00f3 el qu\u00f3rum, como estaba previsto, y puso en marcha la sesi\u00f3n, comenzado el temario con el tratamiento de 33 pliegos de jueces, entre ellos el de Figueroa. La C\u00e1mara alta llevaba cinco meses sin sesionar.<\/p>\n\n\n\n<p>En ese marco, el bloque de Juntos por el Cambio, que resiste la continuidad de la jueza por su supuesta cercan\u00eda al kirchnerismo, logr\u00f3 este jueves separar la votaci\u00f3n del acuerdo para los pliegos y se votar\u00e1n por un lado 32 pliegos, en los que hab\u00eda acuerdo entre ambas bancadas, y el de Figueroa por separado, donde no hab\u00eda consenso.<\/p>\n\n\n\n<p>La oposici\u00f3n, en una avivada, aprovech\u00f3 que algunos senadores peronistas estaban fuera del recinto y a mano alzada votaron y lograron la mayor\u00eda para separar la votaci\u00f3n de los pliegos.<\/p>\n\n\n\n<p>El <strong>m\u00e1ximo tribunal hab\u00eda dispuesto a principios de mes que Figueroa deje su puesto en la C\u00e1mara de Casaci\u00f3n debido a que hab\u00eda cumplido los 75 a\u00f1os sin haber obtenido un nuevo acuerdo<\/strong> de la C\u00e1mara alta para continuar en el cargo, que era lo que quer\u00eda Cristina Kirchner pero la decisi\u00f3n de la Corte lo ech\u00f3 por tierra, inform\u00f3 la agencia Noticias Argentinas.<\/p>\n\n\n\n<p><strong>Figueroa es una de las juezas que, junto a Diego Barroetave\u00f1a y Daniel Petrone, deb\u00eda resolver si se reabr\u00edan o no las causas contra Cristina Kirchner de Hotesur\/Los Sauces y el Memor\u00e1ndum con Ir\u00e1n<\/strong>, las cuales finalmente fueron reabiertas semanas despu\u00e9s de la decisi\u00f3n de la Corte sobre la magistrada.<\/p>\n\n\n\n<figure class=\"wp-block-embed is-type-wp-embed is-provider-diario-textual wp-block-embed-diario-textual\"><div class=\"wp-block-embed__wrapper\">\n<blockquote class=\"wp-embedded-content\" data-secret=\"Lwjxw5c2BA\"><a href=\"https:\/\/diariotextual.com\/inicio\/index.php\/2023\/09\/06\/la-corte-ordeno-que-la-jueza-figueroa-deje-su-cargo-en-la-camara-de-casacion\/\">La Corte orden\u00f3 que la jueza Figueroa deje su cargo en la C\u00e1mara de Casaci\u00f3n<\/a><\/blockquote><iframe class=\"wp-embedded-content\" sandbox=\"allow-scripts\" security=\"restricted\" style=\"position: absolute; clip: rect(1px, 1px, 1px, 1px);\" title=\"\u00abLa Corte orden\u00f3 que la jueza Figueroa deje su cargo en la C\u00e1mara de Casaci\u00f3n\u00bb \u2014 Diario Textual\" src=\"https:\/\/diariotextual.com\/inicio\/index.php\/2023\/09\/06\/la-corte-ordeno-que-la-jueza-figueroa-deje-su-cargo-en-la-camara-de-casacion\/embed\/#?secret=YFJRt4Jt4S#?secret=Lwjxw5c2BA\" data-secret=\"Lwjxw5c2BA\" width=\"600\" height=\"338\" frameborder=\"0\" marginwidth=\"0\" marginheight=\"0\" scrolling=\"no\"><\/iframe>\n<\/div><\/figure>\n\n\n\n<p>Al inicio del debate en el recinto, la senadora oficialista Anabel Fern\u00e1ndez Sagasti defendi\u00f3 la iniciativa de mantener en su puesto a Figueroa: \u201cEl Senado sigui\u00f3 el reglamento, se la llam\u00f3 a audiencia p\u00fablica, no existi\u00f3 ni una sola oposici\u00f3n a su postulaci\u00f3n, ni una observaci\u00f3n, cuando vino a la audiencia. La magistrada contest\u00f3 con holgura y con datos acerca de las preguntas de la oposici\u00f3n, muchas en tono de chicana\u201d, asegur\u00f3.<\/p>\n\n\n\n<p>Y acus\u00f3 a los jueces de la Corte Suprema de \u201centrometerse\u201d con prerrogativas que son exclusivas del Senado. \u201cCon otros jueces hemos votado para que sigan en su cargo, como el caso de Silvia Mora, hubo casos de que ocho meses despu\u00e9s hemos dado la aprobaci\u00f3n, espero que los colegas senadores acompa\u00f1en estos 33 pliegos que hace mucho que est\u00e1n esperando\u201d, agreg\u00f3.<\/p>\n\n\n\n<p>En la vereda de enfrente, la senadora Carolina Losada, de Juntos por el Cambio, tambi\u00e9n se pronunci\u00f3: \u201cEst\u00e1n obsesionados con una ex jueza, quieren mantenerla y eso nos trae m\u00e1s que sospechas, o deber\u00eda decir certezas, por eso quieren tanto que vuelva\u201d, denunci\u00f3 sobre la eventual cercan\u00eda entre el kirchnerismo y Figueroa.<\/p>\n\n\n\n<p>Antes, su colega de bancada, Guadalupe Tagliaferri, embisti\u00f3 contra el oficialismo porque \u201ccreen que pueden ir sobre un fallo de la Corte, con una posverdad\u201d.<\/p>\n\n\n\n<p>\u201cNo es m\u00e1s jueza (Figueroa), por lo que el problema es que no podemos votar ning\u00fan acuerdo, quieren correr los l\u00edmites de la divisi\u00f3n de poderes y en este momento eso no es gratuito. Ya saben que no es m\u00e1s jueza, saben que es absurdo, que burlan la ley. Tiene que tener acuerdo en el Senado y la jueza Figueroa cumpli\u00f3 75 a\u00f1os y no ten\u00eda acuerdo en el Senado\u201d, insisti\u00f3.<\/p>\n","protected":false},"excerpt":{"rendered":"<p>El bloque oficialista del Senado aprob\u00f3 el pliego para la continuidad en su cargo de la jueza de Casaci\u00f3n Ana Mar\u00eda Figueroa pese a haber cumplido los 75 a\u00f1os, luego&hellip;<\/p>\n","protected":false},"author":5,"featured_media":239152,"comment_status":"closed","ping_status":"open","sticky":false,"template":"","format":"standard","meta":{"_acf_changed":false,"footnotes":""},"categories":[1,11,8],"tags":[1127,1413,569],"class_list":["post-239150","post","type-post","status-publish","format-standard","has-post-thumbnail","hentry","category-es-noticia","category-que-pasa","category-politica","tag-corte-suprema","tag-figueroa","tag-senado"],"acf":[],"yoast_head":"<!-- This site is optimized with the Yoast SEO plugin v27.5 - https:\/\/yoast.com\/product\/yoast-seo-wordpress\/ -->\n<title>Senado: pese a la Corte, el oficialismo aprob\u00f3 el pliego de la jueza Figueroa - Diario Textual<\/title>\n<meta name=\"robots\" content=\"index, follow, max-snippet:-1, max-image-preview:large, max-video-preview:-1\" \/>\n<link rel=\"canonical\" href=\"https:\/\/diariotextual.com\/inicio\/index.php\/2023\/09\/28\/senado-pese-a-la-corte-el-oficialismo-aprobo-el-pliego-de-la-jueza-figueroa\/\" \/>\n<meta property=\"og:locale\" content=\"es_ES\" \/>\n<meta property=\"og:type\" content=\"article\" \/>\n<meta property=\"og:title\" content=\"Senado: pese a la Corte, el oficialismo aprob\u00f3 el pliego de la jueza Figueroa - Diario Textual\" \/>\n<meta property=\"og:description\" content=\"El bloque oficialista del Senado aprob\u00f3 el pliego para la continuidad en su cargo de la jueza de Casaci\u00f3n Ana Mar\u00eda Figueroa pese a haber cumplido los 75 a\u00f1os, luego&hellip;\" \/>\n<meta property=\"og:url\" content=\"https:\/\/diariotextual.com\/inicio\/index.php\/2023\/09\/28\/senado-pese-a-la-corte-el-oficialismo-aprobo-el-pliego-de-la-jueza-figueroa\/\" \/>\n<meta property=\"og:site_name\" content=\"Diario Textual\" \/>\n<meta property=\"article:publisher\" content=\"https:\/\/www.facebook.com\/eltextual\" \/>\n<meta property=\"article:published_time\" content=\"2023-09-28T21:40:34+00:00\" \/>\n<meta property=\"article:modified_time\" content=\"2023-09-29T15:16:58+00:00\" \/>\n<meta property=\"og:image\" content=\"https:\/\/diariotextual.com\/inicio\/wp-content\/uploads\/2023\/09\/cristinasenado092023.jpg\" \/>\n\t<meta property=\"og:image:width\" content=\"900\" \/>\n\t<meta property=\"og:image:height\" content=\"506\" \/>\n\t<meta property=\"og:image:type\" content=\"image\/jpeg\" \/>\n<meta name=\"author\" content=\"diario3\" \/>\n<meta name=\"twitter:card\" content=\"summary_large_image\" \/>\n<meta name=\"twitter:creator\" content=\"@eltextual\" \/>\n<meta name=\"twitter:site\" content=\"@eltextual\" \/>\n<meta name=\"twitter:label1\" content=\"Escrito por\" \/>\n\t<meta name=\"twitter:data1\" content=\"diario3\" \/>\n\t<meta name=\"twitter:label2\" content=\"Tiempo de lectura\" \/>\n\t<meta name=\"twitter:data2\" content=\"3 minutos\" \/>\n<script type=\"application\/ld+json\" class=\"yoast-schema-graph\">{\"@context\":\"https:\\\/\\\/schema.org\",\"@graph\":[{\"@type\":\"Article\",\"@id\":\"https:\\\/\\\/diariotextual.com\\\/inicio\\\/index.php\\\/2023\\\/09\\\/28\\\/senado-pese-a-la-corte-el-oficialismo-aprobo-el-pliego-de-la-jueza-figueroa\\\/#article\",\"isPartOf\":{\"@id\":\"https:\\\/\\\/diariotextual.com\\\/inicio\\\/index.php\\\/2023\\\/09\\\/28\\\/senado-pese-a-la-corte-el-oficialismo-aprobo-el-pliego-de-la-jueza-figueroa\\\/\"},\"author\":{\"name\":\"diario3\",\"@id\":\"https:\\\/\\\/diariotextual.com\\\/inicio\\\/#\\\/schema\\\/person\\\/a1b6f563e0ee944c60f98119389a4d9f\"},\"headline\":\"Senado: pese a la Corte, el oficialismo aprob\u00f3 el pliego de la jueza Figueroa\",\"datePublished\":\"2023-09-28T21:40:34+00:00\",\"dateModified\":\"2023-09-29T15:16:58+00:00\",\"mainEntityOfPage\":{\"@id\":\"https:\\\/\\\/diariotextual.com\\\/inicio\\\/index.php\\\/2023\\\/09\\\/28\\\/senado-pese-a-la-corte-el-oficialismo-aprobo-el-pliego-de-la-jueza-figueroa\\\/\"},\"wordCount\":704,\"publisher\":{\"@id\":\"https:\\\/\\\/diariotextual.com\\\/inicio\\\/#organization\"},\"image\":{\"@id\":\"https:\\\/\\\/diariotextual.com\\\/inicio\\\/index.php\\\/2023\\\/09\\\/28\\\/senado-pese-a-la-corte-el-oficialismo-aprobo-el-pliego-de-la-jueza-figueroa\\\/#primaryimage\"},\"thumbnailUrl\":\"https:\\\/\\\/diariotextual.com\\\/inicio\\\/wp-content\\\/uploads\\\/2023\\\/09\\\/cristinasenado092023.jpg\",\"keywords\":[\"corte suprema\",\"figueroa\",\"senado\"],\"articleSection\":[\"A - ES NOTICIA (van abajo)\",\"A - QUE PASA (al costado)\",\"POLITICA\"],\"inLanguage\":\"es\"},{\"@type\":\"WebPage\",\"@id\":\"https:\\\/\\\/diariotextual.com\\\/inicio\\\/index.php\\\/2023\\\/09\\\/28\\\/senado-pese-a-la-corte-el-oficialismo-aprobo-el-pliego-de-la-jueza-figueroa\\\/\",\"url\":\"https:\\\/\\\/diariotextual.com\\\/inicio\\\/index.php\\\/2023\\\/09\\\/28\\\/senado-pese-a-la-corte-el-oficialismo-aprobo-el-pliego-de-la-jueza-figueroa\\\/\",\"name\":\"Senado: pese a la Corte, el oficialismo aprob\u00f3 el pliego de la jueza Figueroa - Diario Textual\",\"isPartOf\":{\"@id\":\"https:\\\/\\\/diariotextual.com\\\/inicio\\\/#website\"},\"primaryImageOfPage\":{\"@id\":\"https:\\\/\\\/diariotextual.com\\\/inicio\\\/index.php\\\/2023\\\/09\\\/28\\\/senado-pese-a-la-corte-el-oficialismo-aprobo-el-pliego-de-la-jueza-figueroa\\\/#primaryimage\"},\"image\":{\"@id\":\"https:\\\/\\\/diariotextual.com\\\/inicio\\\/index.php\\\/2023\\\/09\\\/28\\\/senado-pese-a-la-corte-el-oficialismo-aprobo-el-pliego-de-la-jueza-figueroa\\\/#primaryimage\"},\"thumbnailUrl\":\"https:\\\/\\\/diariotextual.com\\\/inicio\\\/wp-content\\\/uploads\\\/2023\\\/09\\\/cristinasenado092023.jpg\",\"datePublished\":\"2023-09-28T21:40:34+00:00\",\"dateModified\":\"2023-09-29T15:16:58+00:00\",\"breadcrumb\":{\"@id\":\"https:\\\/\\\/diariotextual.com\\\/inicio\\\/index.php\\\/2023\\\/09\\\/28\\\/senado-pese-a-la-corte-el-oficialismo-aprobo-el-pliego-de-la-jueza-figueroa\\\/#breadcrumb\"},\"inLanguage\":\"es\",\"potentialAction\":[{\"@type\":\"ReadAction\",\"target\":[\"https:\\\/\\\/diariotextual.com\\\/inicio\\\/index.php\\\/2023\\\/09\\\/28\\\/senado-pese-a-la-corte-el-oficialismo-aprobo-el-pliego-de-la-jueza-figueroa\\\/\"]}]},{\"@type\":\"ImageObject\",\"inLanguage\":\"es\",\"@id\":\"https:\\\/\\\/diariotextual.com\\\/inicio\\\/index.php\\\/2023\\\/09\\\/28\\\/senado-pese-a-la-corte-el-oficialismo-aprobo-el-pliego-de-la-jueza-figueroa\\\/#primaryimage\",\"url\":\"https:\\\/\\\/diariotextual.com\\\/inicio\\\/wp-content\\\/uploads\\\/2023\\\/09\\\/cristinasenado092023.jpg\",\"contentUrl\":\"https:\\\/\\\/diariotextual.com\\\/inicio\\\/wp-content\\\/uploads\\\/2023\\\/09\\\/cristinasenado092023.jpg\",\"width\":900,\"height\":506},{\"@type\":\"BreadcrumbList\",\"@id\":\"https:\\\/\\\/diariotextual.com\\\/inicio\\\/index.php\\\/2023\\\/09\\\/28\\\/senado-pese-a-la-corte-el-oficialismo-aprobo-el-pliego-de-la-jueza-figueroa\\\/#breadcrumb\",\"itemListElement\":[{\"@type\":\"ListItem\",\"position\":1,\"name\":\"Portada\",\"item\":\"https:\\\/\\\/diariotextual.com\\\/inicio\\\/\"},{\"@type\":\"ListItem\",\"position\":2,\"name\":\"Senado: pese a la Corte, el oficialismo aprob\u00f3 el pliego de la jueza Figueroa\"}]},{\"@type\":\"WebSite\",\"@id\":\"https:\\\/\\\/diariotextual.com\\\/inicio\\\/#website\",\"url\":\"https:\\\/\\\/diariotextual.com\\\/inicio\\\/\",\"name\":\"Diario Textual\",\"description\":\"\",\"publisher\":{\"@id\":\"https:\\\/\\\/diariotextual.com\\\/inicio\\\/#organization\"},\"potentialAction\":[{\"@type\":\"SearchAction\",\"target\":{\"@type\":\"EntryPoint\",\"urlTemplate\":\"https:\\\/\\\/diariotextual.com\\\/inicio\\\/?s={search_term_string}\"},\"query-input\":{\"@type\":\"PropertyValueSpecification\",\"valueRequired\":true,\"valueName\":\"search_term_string\"}}],\"inLanguage\":\"es\"},{\"@type\":\"Organization\",\"@id\":\"https:\\\/\\\/diariotextual.com\\\/inicio\\\/#organization\",\"name\":\"Diario Textual\",\"url\":\"https:\\\/\\\/diariotextual.com\\\/inicio\\\/\",\"logo\":{\"@type\":\"ImageObject\",\"inLanguage\":\"es\",\"@id\":\"https:\\\/\\\/diariotextual.com\\\/inicio\\\/#\\\/schema\\\/logo\\\/image\\\/\",\"url\":\"https:\\\/\\\/diariotextual.com\\\/inicio\\\/wp-content\\\/uploads\\\/2023\\\/05\\\/logotextual1.jpg\",\"contentUrl\":\"https:\\\/\\\/diariotextual.com\\\/inicio\\\/wp-content\\\/uploads\\\/2023\\\/05\\\/logotextual1.jpg\",\"width\":516,\"height\":76,\"caption\":\"Diario Textual\"},\"image\":{\"@id\":\"https:\\\/\\\/diariotextual.com\\\/inicio\\\/#\\\/schema\\\/logo\\\/image\\\/\"},\"sameAs\":[\"https:\\\/\\\/www.facebook.com\\\/eltextual\",\"https:\\\/\\\/x.com\\\/eltextual\",\"http:\\\/\\\/www.instagram.com\\\/eltextual\"]},{\"@type\":\"Person\",\"@id\":\"https:\\\/\\\/diariotextual.com\\\/inicio\\\/#\\\/schema\\\/person\\\/a1b6f563e0ee944c60f98119389a4d9f\",\"name\":\"diario3\",\"image\":{\"@type\":\"ImageObject\",\"inLanguage\":\"es\",\"@id\":\"https:\\\/\\\/secure.gravatar.com\\\/avatar\\\/5e7ee62c82fc04d9dd79d746a390d93c69c43223e5faeeb3ea9461ef752bfc5d?s=96&d=mm&r=g\",\"url\":\"https:\\\/\\\/secure.gravatar.com\\\/avatar\\\/5e7ee62c82fc04d9dd79d746a390d93c69c43223e5faeeb3ea9461ef752bfc5d?s=96&d=mm&r=g\",\"contentUrl\":\"https:\\\/\\\/secure.gravatar.com\\\/avatar\\\/5e7ee62c82fc04d9dd79d746a390d93c69c43223e5faeeb3ea9461ef752bfc5d?s=96&d=mm&r=g\",\"caption\":\"diario3\"},\"url\":\"https:\\\/\\\/diariotextual.com\\\/inicio\\\/index.php\\\/author\\\/diario3\\\/\"}]}<\/script>\n<!-- \/ Yoast SEO plugin. -->","yoast_head_json":{"title":"Senado: pese a la Corte, el oficialismo aprob\u00f3 el pliego de la jueza Figueroa - Diario Textual","robots":{"index":"index","follow":"follow","max-snippet":"max-snippet:-1","max-image-preview":"max-image-preview:large","max-video-preview":"max-video-preview:-1"},"canonical":"https:\/\/diariotextual.com\/inicio\/index.php\/2023\/09\/28\/senado-pese-a-la-corte-el-oficialismo-aprobo-el-pliego-de-la-jueza-figueroa\/","og_locale":"es_ES","og_type":"article","og_title":"Senado: pese a la Corte, el oficialismo aprob\u00f3 el pliego de la jueza Figueroa - Diario Textual","og_description":"El bloque oficialista del Senado aprob\u00f3 el pliego para la continuidad en su cargo de la jueza de Casaci\u00f3n Ana Mar\u00eda Figueroa pese a haber cumplido los 75 a\u00f1os, luego&hellip;","og_url":"https:\/\/diariotextual.com\/inicio\/index.php\/2023\/09\/28\/senado-pese-a-la-corte-el-oficialismo-aprobo-el-pliego-de-la-jueza-figueroa\/","og_site_name":"Diario Textual","article_publisher":"https:\/\/www.facebook.com\/eltextual","article_published_time":"2023-09-28T21:40:34+00:00","article_modified_time":"2023-09-29T15:16:58+00:00","og_image":[{"width":900,"height":506,"url":"https:\/\/diariotextual.com\/inicio\/wp-content\/uploads\/2023\/09\/cristinasenado092023.jpg","type":"image\/jpeg"}],"author":"diario3","twitter_card":"summary_large_image","twitter_creator":"@eltextual","twitter_site":"@eltextual","twitter_misc":{"Escrito por":"diario3","Tiempo de lectura":"3 minutos"},"schema":{"@context":"https:\/\/schema.org","@graph":[{"@type":"Article","@id":"https:\/\/diariotextual.com\/inicio\/index.php\/2023\/09\/28\/senado-pese-a-la-corte-el-oficialismo-aprobo-el-pliego-de-la-jueza-figueroa\/#article","isPartOf":{"@id":"https:\/\/diariotextual.com\/inicio\/index.php\/2023\/09\/28\/senado-pese-a-la-corte-el-oficialismo-aprobo-el-pliego-de-la-jueza-figueroa\/"},"author":{"name":"diario3","@id":"https:\/\/diariotextual.com\/inicio\/#\/schema\/person\/a1b6f563e0ee944c60f98119389a4d9f"},"headline":"Senado: pese a la Corte, el oficialismo aprob\u00f3 el pliego de la jueza Figueroa","datePublished":"2023-09-28T21:40:34+00:00","dateModified":"2023-09-29T15:16:58+00:00","mainEntityOfPage":{"@id":"https:\/\/diariotextual.com\/inicio\/index.php\/2023\/09\/28\/senado-pese-a-la-corte-el-oficialismo-aprobo-el-pliego-de-la-jueza-figueroa\/"},"wordCount":704,"publisher":{"@id":"https:\/\/diariotextual.com\/inicio\/#organization"},"image":{"@id":"https:\/\/diariotextual.com\/inicio\/index.php\/2023\/09\/28\/senado-pese-a-la-corte-el-oficialismo-aprobo-el-pliego-de-la-jueza-figueroa\/#primaryimage"},"thumbnailUrl":"https:\/\/diariotextual.com\/inicio\/wp-content\/uploads\/2023\/09\/cristinasenado092023.jpg","keywords":["corte suprema","figueroa","senado"],"articleSection":["A - ES NOTICIA (van abajo)","A - QUE PASA (al costado)","POLITICA"],"inLanguage":"es"},{"@type":"WebPage","@id":"https:\/\/diariotextual.com\/inicio\/index.php\/2023\/09\/28\/senado-pese-a-la-corte-el-oficialismo-aprobo-el-pliego-de-la-jueza-figueroa\/","url":"https:\/\/diariotextual.com\/inicio\/index.php\/2023\/09\/28\/senado-pese-a-la-corte-el-oficialismo-aprobo-el-pliego-de-la-jueza-figueroa\/","name":"Senado: pese a la Corte, el oficialismo aprob\u00f3 el pliego de la jueza Figueroa - Diario Textual","isPartOf":{"@id":"https:\/\/diariotextual.com\/inicio\/#website"},"primaryImageOfPage":{"@id":"https:\/\/diariotextual.com\/inicio\/index.php\/2023\/09\/28\/senado-pese-a-la-corte-el-oficialismo-aprobo-el-pliego-de-la-jueza-figueroa\/#primaryimage"},"image":{"@id":"https:\/\/diariotextual.com\/inicio\/index.php\/2023\/09\/28\/senado-pese-a-la-corte-el-oficialismo-aprobo-el-pliego-de-la-jueza-figueroa\/#primaryimage"},"thumbnailUrl":"https:\/\/diariotextual.com\/inicio\/wp-content\/uploads\/2023\/09\/cristinasenado092023.jpg","datePublished":"2023-09-28T21:40:34+00:00","dateModified":"2023-09-29T15:16:58+00:00","breadcrumb":{"@id":"https:\/\/diariotextual.com\/inicio\/index.php\/2023\/09\/28\/senado-pese-a-la-corte-el-oficialismo-aprobo-el-pliego-de-la-jueza-figueroa\/#breadcrumb"},"inLanguage":"es","potentialAction":[{"@type":"ReadAction","target":["https:\/\/diariotextual.com\/inicio\/index.php\/2023\/09\/28\/senado-pese-a-la-corte-el-oficialismo-aprobo-el-pliego-de-la-jueza-figueroa\/"]}]},{"@type":"ImageObject","inLanguage":"es","@id":"https:\/\/diariotextual.com\/inicio\/index.php\/2023\/09\/28\/senado-pese-a-la-corte-el-oficialismo-aprobo-el-pliego-de-la-jueza-figueroa\/#primaryimage","url":"https:\/\/diariotextual.com\/inicio\/wp-content\/uploads\/2023\/09\/cristinasenado092023.jpg","contentUrl":"https:\/\/diariotextual.com\/inicio\/wp-content\/uploads\/2023\/09\/cristinasenado092023.jpg","width":900,"height":506},{"@type":"BreadcrumbList","@id":"https:\/\/diariotextual.com\/inicio\/index.php\/2023\/09\/28\/senado-pese-a-la-corte-el-oficialismo-aprobo-el-pliego-de-la-jueza-figueroa\/#breadcrumb","itemListElement":[{"@type":"ListItem","position":1,"name":"Portada","item":"https:\/\/diariotextual.com\/inicio\/"},{"@type":"ListItem","position":2,"name":"Senado: pese a la Corte, el oficialismo aprob\u00f3 el pliego de la jueza Figueroa"}]},{"@type":"WebSite","@id":"https:\/\/diariotextual.com\/inicio\/#website","url":"https:\/\/diariotextual.com\/inicio\/","name":"Diario Textual","description":"","publisher":{"@id":"https:\/\/diariotextual.com\/inicio\/#organization"},"potentialAction":[{"@type":"SearchAction","target":{"@type":"EntryPoint","urlTemplate":"https:\/\/diariotextual.com\/inicio\/?s={search_term_string}"},"query-input":{"@type":"PropertyValueSpecification","valueRequired":true,"valueName":"search_term_string"}}],"inLanguage":"es"},{"@type":"Organization","@id":"https:\/\/diariotextual.com\/inicio\/#organization","name":"Diario Textual","url":"https:\/\/diariotextual.com\/inicio\/","logo":{"@type":"ImageObject","inLanguage":"es","@id":"https:\/\/diariotextual.com\/inicio\/#\/schema\/logo\/image\/","url":"https:\/\/diariotextual.com\/inicio\/wp-content\/uploads\/2023\/05\/logotextual1.jpg","contentUrl":"https:\/\/diariotextual.com\/inicio\/wp-content\/uploads\/2023\/05\/logotextual1.jpg","width":516,"height":76,"caption":"Diario Textual"},"image":{"@id":"https:\/\/diariotextual.com\/inicio\/#\/schema\/logo\/image\/"},"sameAs":["https:\/\/www.facebook.com\/eltextual","https:\/\/x.com\/eltextual","http:\/\/www.instagram.com\/eltextual"]},{"@type":"Person","@id":"https:\/\/diariotextual.com\/inicio\/#\/schema\/person\/a1b6f563e0ee944c60f98119389a4d9f","name":"diario3","image":{"@type":"ImageObject","inLanguage":"es","@id":"https:\/\/secure.gravatar.com\/avatar\/5e7ee62c82fc04d9dd79d746a390d93c69c43223e5faeeb3ea9461ef752bfc5d?s=96&d=mm&r=g","url":"https:\/\/secure.gravatar.com\/avatar\/5e7ee62c82fc04d9dd79d746a390d93c69c43223e5faeeb3ea9461ef752bfc5d?s=96&d=mm&r=g","contentUrl":"https:\/\/secure.gravatar.com\/avatar\/5e7ee62c82fc04d9dd79d746a390d93c69c43223e5faeeb3ea9461ef752bfc5d?s=96&d=mm&r=g","caption":"diario3"},"url":"https:\/\/diariotextual.com\/inicio\/index.php\/author\/diario3\/"}]}},"_links":{"self":[{"href":"https:\/\/diariotextual.com\/inicio\/index.php\/wp-json\/wp\/v2\/posts\/239150","targetHints":{"allow":["GET"]}}],"collection":[{"href":"https:\/\/diariotextual.com\/inicio\/index.php\/wp-json\/wp\/v2\/posts"}],"about":[{"href":"https:\/\/diariotextual.com\/inicio\/index.php\/wp-json\/wp\/v2\/types\/post"}],"author":[{"embeddable":true,"href":"https:\/\/diariotextual.com\/inicio\/index.php\/wp-json\/wp\/v2\/users\/5"}],"replies":[{"embeddable":true,"href":"https:\/\/diariotextual.com\/inicio\/index.php\/wp-json\/wp\/v2\/comments?post=239150"}],"version-history":[{"count":2,"href":"https:\/\/diariotextual.com\/inicio\/index.php\/wp-json\/wp\/v2\/posts\/239150\/revisions"}],"predecessor-version":[{"id":239156,"href":"https:\/\/diariotextual.com\/inicio\/index.php\/wp-json\/wp\/v2\/posts\/239150\/revisions\/239156"}],"wp:featuredmedia":[{"embeddable":true,"href":"https:\/\/diariotextual.com\/inicio\/index.php\/wp-json\/wp\/v2\/media\/239152"}],"wp:attachment":[{"href":"https:\/\/diariotextual.com\/inicio\/index.php\/wp-json\/wp\/v2\/media?parent=239150"}],"wp:term":[{"taxonomy":"category","embeddable":true,"href":"https:\/\/diariotextual.com\/inicio\/index.php\/wp-json\/wp\/v2\/categories?post=239150"},{"taxonomy":"post_tag","embeddable":true,"href":"https:\/\/diariotextual.com\/inicio\/index.php\/wp-json\/wp\/v2\/tags?post=239150"}],"curies":[{"name":"wp","href":"https:\/\/api.w.org\/{rel}","templated":true}]}}