{"id":239188,"date":"2023-09-28T23:25:55","date_gmt":"2023-09-29T02:25:55","guid":{"rendered":"https:\/\/diariotextual.com\/inicio\/?p=239188"},"modified":"2023-09-29T07:34:28","modified_gmt":"2023-09-29T10:34:28","slug":"libertadores-boca-domino-pero-no-paso-del-empate-con-palmeiras","status":"publish","type":"post","link":"https:\/\/diariotextual.com\/inicio\/index.php\/2023\/09\/28\/libertadores-boca-domino-pero-no-paso-del-empate-con-palmeiras\/","title":{"rendered":"Libertadores: Boca domin\u00f3 pero no pas\u00f3 del empate con Palmeiras"},"content":{"rendered":"\n<p><strong>Boca <\/strong>igual\u00f3 esta noche sin goles con <strong>Palmeiras <\/strong>de Brasil en el estadio <strong>La Bombonera<\/strong>, en un partido correspondiente a la ida de las semifinales de la <strong>Copa Libertadores<\/strong>, por lo que no pudo sacar una ventaja como local en la serie pese a que domin\u00f3 gran parte del encuentro y tuvo las mejores situaciones de gol.<\/p>\n\n\n\n<p>La primera clara en la etapa inicial la tuvo el elenco visitante a los 3 minutos tras una gran jugada colectiva que Artur no pudo capitalizar al rematar desviado hacia el arco defendido por Sergio \u00abChiquito\u00bb Romero, mientras que Edinson Cavani, con un potente cabezazo, estuvo cerca de abrir el marcador para Boca a los 15 en una pelota parada.<\/p>\n\n\n\n<p>M\u00e1s tarde, una asistencia del delantero uruguayo dej\u00f3 mano a mano a Cristian Medina, pero el mediocampista no pudo vencer la resistencia del arquero Weverton despu\u00e9s de una mala salida de Palmeiras desde el fondo.<\/p>\n\n\n\n<p>Sin embargo, Boca termin\u00f3 los primeros 45 minutos mejor que su rival de la mano de un buen rendimiento de Valent\u00edn Barco y Ezequiel Fern\u00e1ndez en la mitad de la cancha, adem\u00e1s de las apariciones de Cavani, que tuvo otra chance sumamente clara a los 47, en el ataque.<\/p>\n\n\n\n<p>Ya en el complemento, a los 13 minutos, Boca convirti\u00f3 luego de una seguidilla de errores defensivos de Palmeiras, pero el \u00e1rbitro colombiano Wilmar Rold\u00e1n anul\u00f3 el tanto de Miguel Merentiel por una falta previa de Frank Fabra.<\/p>\n\n\n\n<p>A los 23, Weverton fall\u00f3 ante un dispar\u00f3 de Barco y la pelota qued\u00f3 a cent\u00edmetros de la l\u00ednea del arco, pero Cavani no lleg\u00f3 a empujarla y el \u00abXeneize\u00bb nuevamente dilapid\u00f3 una chance clara en un segundo tiempo que se torn\u00f3 m\u00e1s parejo, aunque prevaleci\u00f3 la superioridad del elenco de Jorge Almir\u00f3n.<\/p>\n\n\n\n<p>A los 26 ingres\u00f3&nbsp;<strong>Dar\u00edo Benedetto<\/strong>&nbsp;y no pudo aprovechar la primera situaci\u00f3n que tuvo de cabeza, mientras Palmeiras intentaba lastimar de contraataque y con algunos disparos inofensivos de media distancia.<\/p>\n\n\n\n<p>Boca sigui\u00f3 buscando hasta el final, por momentos con m\u00e1s ganas que juego, pero no pudo romper el cero y se tuvo que conformar con el empate.<\/p>\n\n\n\n<p><strong>La vuelta ser\u00e1 el pr\u00f3ximo jueves a las 21:30 en Brasil y definir\u00e1 qu\u00e9 equipo avanzar\u00e1 a la final de la Copa Libertadores, donde esperar\u00e1 el vencedor de Fluminense e Inter de Porto Alegre -igualaron 2 a 2 en la ida-.<\/strong><\/p>\n\n\n\n<p><\/p>\n","protected":false},"excerpt":{"rendered":"<p>Boca igual\u00f3 esta noche sin goles con Palmeiras de Brasil en el estadio La Bombonera, en un partido correspondiente a la ida de las semifinales de la Copa Libertadores, por&hellip;<\/p>\n","protected":false},"author":3,"featured_media":239193,"comment_status":"closed","ping_status":"open","sticky":false,"template":"","format":"standard","meta":{"_acf_changed":false,"footnotes":""},"categories":[1,3],"tags":[],"class_list":["post-239188","post","type-post","status-publish","format-standard","has-post-thumbnail","hentry","category-es-noticia","category-deportes"],"acf":[],"yoast_head":"<!-- This site is optimized with the Yoast SEO plugin v27.5 - https:\/\/yoast.com\/product\/yoast-seo-wordpress\/ -->\n<title>Libertadores: Boca domin\u00f3 pero no pas\u00f3 del empate con Palmeiras - Diario Textual<\/title>\n<meta name=\"robots\" content=\"index, follow, max-snippet:-1, max-image-preview:large, max-video-preview:-1\" \/>\n<link rel=\"canonical\" href=\"https:\/\/diariotextual.com\/inicio\/index.php\/2023\/09\/28\/libertadores-boca-domino-pero-no-paso-del-empate-con-palmeiras\/\" \/>\n<meta property=\"og:locale\" content=\"es_ES\" \/>\n<meta property=\"og:type\" content=\"article\" \/>\n<meta property=\"og:title\" content=\"Libertadores: Boca domin\u00f3 pero no pas\u00f3 del empate con Palmeiras - Diario Textual\" \/>\n<meta property=\"og:description\" content=\"Boca igual\u00f3 esta noche sin goles con Palmeiras de Brasil en el estadio La Bombonera, en un partido correspondiente a la ida de las semifinales de la Copa Libertadores, por&hellip;\" \/>\n<meta property=\"og:url\" content=\"https:\/\/diariotextual.com\/inicio\/index.php\/2023\/09\/28\/libertadores-boca-domino-pero-no-paso-del-empate-con-palmeiras\/\" \/>\n<meta property=\"og:site_name\" content=\"Diario Textual\" \/>\n<meta property=\"article:publisher\" content=\"https:\/\/www.facebook.com\/eltextual\" \/>\n<meta property=\"article:published_time\" content=\"2023-09-29T02:25:55+00:00\" \/>\n<meta property=\"article:modified_time\" content=\"2023-09-29T10:34:28+00:00\" \/>\n<meta property=\"og:image\" content=\"https:\/\/diariotextual.com\/inicio\/wp-content\/uploads\/2023\/09\/cavaniedisonboca2023-2.jpg\" \/>\n\t<meta property=\"og:image:width\" content=\"1500\" \/>\n\t<meta property=\"og:image:height\" content=\"965\" \/>\n\t<meta property=\"og:image:type\" content=\"image\/jpeg\" \/>\n<meta name=\"author\" content=\"Diario1 Diario1\" \/>\n<meta name=\"twitter:card\" content=\"summary_large_image\" \/>\n<meta name=\"twitter:creator\" content=\"@eltextual\" \/>\n<meta name=\"twitter:site\" content=\"@eltextual\" \/>\n<meta name=\"twitter:label1\" content=\"Escrito por\" \/>\n\t<meta name=\"twitter:data1\" content=\"Diario1 Diario1\" \/>\n\t<meta name=\"twitter:label2\" content=\"Tiempo de lectura\" \/>\n\t<meta name=\"twitter:data2\" content=\"2 minutos\" \/>\n<script type=\"application\/ld+json\" class=\"yoast-schema-graph\">{\"@context\":\"https:\\\/\\\/schema.org\",\"@graph\":[{\"@type\":\"Article\",\"@id\":\"https:\\\/\\\/diariotextual.com\\\/inicio\\\/index.php\\\/2023\\\/09\\\/28\\\/libertadores-boca-domino-pero-no-paso-del-empate-con-palmeiras\\\/#article\",\"isPartOf\":{\"@id\":\"https:\\\/\\\/diariotextual.com\\\/inicio\\\/index.php\\\/2023\\\/09\\\/28\\\/libertadores-boca-domino-pero-no-paso-del-empate-con-palmeiras\\\/\"},\"author\":{\"name\":\"Diario1 Diario1\",\"@id\":\"https:\\\/\\\/diariotextual.com\\\/inicio\\\/#\\\/schema\\\/person\\\/418fc4093c33e86ed41562db3508f958\"},\"headline\":\"Libertadores: Boca domin\u00f3 pero no pas\u00f3 del empate con Palmeiras\",\"datePublished\":\"2023-09-29T02:25:55+00:00\",\"dateModified\":\"2023-09-29T10:34:28+00:00\",\"mainEntityOfPage\":{\"@id\":\"https:\\\/\\\/diariotextual.com\\\/inicio\\\/index.php\\\/2023\\\/09\\\/28\\\/libertadores-boca-domino-pero-no-paso-del-empate-con-palmeiras\\\/\"},\"wordCount\":407,\"publisher\":{\"@id\":\"https:\\\/\\\/diariotextual.com\\\/inicio\\\/#organization\"},\"image\":{\"@id\":\"https:\\\/\\\/diariotextual.com\\\/inicio\\\/index.php\\\/2023\\\/09\\\/28\\\/libertadores-boca-domino-pero-no-paso-del-empate-con-palmeiras\\\/#primaryimage\"},\"thumbnailUrl\":\"https:\\\/\\\/diariotextual.com\\\/inicio\\\/wp-content\\\/uploads\\\/2023\\\/09\\\/cavaniedisonboca2023-2.jpg\",\"articleSection\":[\"A - ES NOTICIA (van abajo)\",\"DEPORTES\"],\"inLanguage\":\"es\"},{\"@type\":\"WebPage\",\"@id\":\"https:\\\/\\\/diariotextual.com\\\/inicio\\\/index.php\\\/2023\\\/09\\\/28\\\/libertadores-boca-domino-pero-no-paso-del-empate-con-palmeiras\\\/\",\"url\":\"https:\\\/\\\/diariotextual.com\\\/inicio\\\/index.php\\\/2023\\\/09\\\/28\\\/libertadores-boca-domino-pero-no-paso-del-empate-con-palmeiras\\\/\",\"name\":\"Libertadores: Boca domin\u00f3 pero no pas\u00f3 del empate con Palmeiras - Diario Textual\",\"isPartOf\":{\"@id\":\"https:\\\/\\\/diariotextual.com\\\/inicio\\\/#website\"},\"primaryImageOfPage\":{\"@id\":\"https:\\\/\\\/diariotextual.com\\\/inicio\\\/index.php\\\/2023\\\/09\\\/28\\\/libertadores-boca-domino-pero-no-paso-del-empate-con-palmeiras\\\/#primaryimage\"},\"image\":{\"@id\":\"https:\\\/\\\/diariotextual.com\\\/inicio\\\/index.php\\\/2023\\\/09\\\/28\\\/libertadores-boca-domino-pero-no-paso-del-empate-con-palmeiras\\\/#primaryimage\"},\"thumbnailUrl\":\"https:\\\/\\\/diariotextual.com\\\/inicio\\\/wp-content\\\/uploads\\\/2023\\\/09\\\/cavaniedisonboca2023-2.jpg\",\"datePublished\":\"2023-09-29T02:25:55+00:00\",\"dateModified\":\"2023-09-29T10:34:28+00:00\",\"breadcrumb\":{\"@id\":\"https:\\\/\\\/diariotextual.com\\\/inicio\\\/index.php\\\/2023\\\/09\\\/28\\\/libertadores-boca-domino-pero-no-paso-del-empate-con-palmeiras\\\/#breadcrumb\"},\"inLanguage\":\"es\",\"potentialAction\":[{\"@type\":\"ReadAction\",\"target\":[\"https:\\\/\\\/diariotextual.com\\\/inicio\\\/index.php\\\/2023\\\/09\\\/28\\\/libertadores-boca-domino-pero-no-paso-del-empate-con-palmeiras\\\/\"]}]},{\"@type\":\"ImageObject\",\"inLanguage\":\"es\",\"@id\":\"https:\\\/\\\/diariotextual.com\\\/inicio\\\/index.php\\\/2023\\\/09\\\/28\\\/libertadores-boca-domino-pero-no-paso-del-empate-con-palmeiras\\\/#primaryimage\",\"url\":\"https:\\\/\\\/diariotextual.com\\\/inicio\\\/wp-content\\\/uploads\\\/2023\\\/09\\\/cavaniedisonboca2023-2.jpg\",\"contentUrl\":\"https:\\\/\\\/diariotextual.com\\\/inicio\\\/wp-content\\\/uploads\\\/2023\\\/09\\\/cavaniedisonboca2023-2.jpg\",\"width\":1500,\"height\":965},{\"@type\":\"BreadcrumbList\",\"@id\":\"https:\\\/\\\/diariotextual.com\\\/inicio\\\/index.php\\\/2023\\\/09\\\/28\\\/libertadores-boca-domino-pero-no-paso-del-empate-con-palmeiras\\\/#breadcrumb\",\"itemListElement\":[{\"@type\":\"ListItem\",\"position\":1,\"name\":\"Portada\",\"item\":\"https:\\\/\\\/diariotextual.com\\\/inicio\\\/\"},{\"@type\":\"ListItem\",\"position\":2,\"name\":\"Libertadores: Boca domin\u00f3 pero no pas\u00f3 del empate con Palmeiras\"}]},{\"@type\":\"WebSite\",\"@id\":\"https:\\\/\\\/diariotextual.com\\\/inicio\\\/#website\",\"url\":\"https:\\\/\\\/diariotextual.com\\\/inicio\\\/\",\"name\":\"Diario Textual\",\"description\":\"\",\"publisher\":{\"@id\":\"https:\\\/\\\/diariotextual.com\\\/inicio\\\/#organization\"},\"potentialAction\":[{\"@type\":\"SearchAction\",\"target\":{\"@type\":\"EntryPoint\",\"urlTemplate\":\"https:\\\/\\\/diariotextual.com\\\/inicio\\\/?s={search_term_string}\"},\"query-input\":{\"@type\":\"PropertyValueSpecification\",\"valueRequired\":true,\"valueName\":\"search_term_string\"}}],\"inLanguage\":\"es\"},{\"@type\":\"Organization\",\"@id\":\"https:\\\/\\\/diariotextual.com\\\/inicio\\\/#organization\",\"name\":\"Diario Textual\",\"url\":\"https:\\\/\\\/diariotextual.com\\\/inicio\\\/\",\"logo\":{\"@type\":\"ImageObject\",\"inLanguage\":\"es\",\"@id\":\"https:\\\/\\\/diariotextual.com\\\/inicio\\\/#\\\/schema\\\/logo\\\/image\\\/\",\"url\":\"https:\\\/\\\/diariotextual.com\\\/inicio\\\/wp-content\\\/uploads\\\/2023\\\/05\\\/logotextual1.jpg\",\"contentUrl\":\"https:\\\/\\\/diariotextual.com\\\/inicio\\\/wp-content\\\/uploads\\\/2023\\\/05\\\/logotextual1.jpg\",\"width\":516,\"height\":76,\"caption\":\"Diario Textual\"},\"image\":{\"@id\":\"https:\\\/\\\/diariotextual.com\\\/inicio\\\/#\\\/schema\\\/logo\\\/image\\\/\"},\"sameAs\":[\"https:\\\/\\\/www.facebook.com\\\/eltextual\",\"https:\\\/\\\/x.com\\\/eltextual\",\"http:\\\/\\\/www.instagram.com\\\/eltextual\"]},{\"@type\":\"Person\",\"@id\":\"https:\\\/\\\/diariotextual.com\\\/inicio\\\/#\\\/schema\\\/person\\\/418fc4093c33e86ed41562db3508f958\",\"name\":\"Diario1 Diario1\",\"image\":{\"@type\":\"ImageObject\",\"inLanguage\":\"es\",\"@id\":\"https:\\\/\\\/secure.gravatar.com\\\/avatar\\\/9167d280179c85bc18be67aa7eda765854300033af4896dd779b608640f2ef7a?s=96&d=mm&r=g\",\"url\":\"https:\\\/\\\/secure.gravatar.com\\\/avatar\\\/9167d280179c85bc18be67aa7eda765854300033af4896dd779b608640f2ef7a?s=96&d=mm&r=g\",\"contentUrl\":\"https:\\\/\\\/secure.gravatar.com\\\/avatar\\\/9167d280179c85bc18be67aa7eda765854300033af4896dd779b608640f2ef7a?s=96&d=mm&r=g\",\"caption\":\"Diario1 Diario1\"},\"url\":\"https:\\\/\\\/diariotextual.com\\\/inicio\\\/index.php\\\/author\\\/diario1\\\/\"}]}<\/script>\n<!-- \/ Yoast SEO plugin. -->","yoast_head_json":{"title":"Libertadores: Boca domin\u00f3 pero no pas\u00f3 del empate con Palmeiras - Diario Textual","robots":{"index":"index","follow":"follow","max-snippet":"max-snippet:-1","max-image-preview":"max-image-preview:large","max-video-preview":"max-video-preview:-1"},"canonical":"https:\/\/diariotextual.com\/inicio\/index.php\/2023\/09\/28\/libertadores-boca-domino-pero-no-paso-del-empate-con-palmeiras\/","og_locale":"es_ES","og_type":"article","og_title":"Libertadores: Boca domin\u00f3 pero no pas\u00f3 del empate con Palmeiras - Diario Textual","og_description":"Boca igual\u00f3 esta noche sin goles con Palmeiras de Brasil en el estadio La Bombonera, en un partido correspondiente a la ida de las semifinales de la Copa Libertadores, por&hellip;","og_url":"https:\/\/diariotextual.com\/inicio\/index.php\/2023\/09\/28\/libertadores-boca-domino-pero-no-paso-del-empate-con-palmeiras\/","og_site_name":"Diario Textual","article_publisher":"https:\/\/www.facebook.com\/eltextual","article_published_time":"2023-09-29T02:25:55+00:00","article_modified_time":"2023-09-29T10:34:28+00:00","og_image":[{"width":1500,"height":965,"url":"https:\/\/diariotextual.com\/inicio\/wp-content\/uploads\/2023\/09\/cavaniedisonboca2023-2.jpg","type":"image\/jpeg"}],"author":"Diario1 Diario1","twitter_card":"summary_large_image","twitter_creator":"@eltextual","twitter_site":"@eltextual","twitter_misc":{"Escrito por":"Diario1 Diario1","Tiempo de lectura":"2 minutos"},"schema":{"@context":"https:\/\/schema.org","@graph":[{"@type":"Article","@id":"https:\/\/diariotextual.com\/inicio\/index.php\/2023\/09\/28\/libertadores-boca-domino-pero-no-paso-del-empate-con-palmeiras\/#article","isPartOf":{"@id":"https:\/\/diariotextual.com\/inicio\/index.php\/2023\/09\/28\/libertadores-boca-domino-pero-no-paso-del-empate-con-palmeiras\/"},"author":{"name":"Diario1 Diario1","@id":"https:\/\/diariotextual.com\/inicio\/#\/schema\/person\/418fc4093c33e86ed41562db3508f958"},"headline":"Libertadores: Boca domin\u00f3 pero no pas\u00f3 del empate con Palmeiras","datePublished":"2023-09-29T02:25:55+00:00","dateModified":"2023-09-29T10:34:28+00:00","mainEntityOfPage":{"@id":"https:\/\/diariotextual.com\/inicio\/index.php\/2023\/09\/28\/libertadores-boca-domino-pero-no-paso-del-empate-con-palmeiras\/"},"wordCount":407,"publisher":{"@id":"https:\/\/diariotextual.com\/inicio\/#organization"},"image":{"@id":"https:\/\/diariotextual.com\/inicio\/index.php\/2023\/09\/28\/libertadores-boca-domino-pero-no-paso-del-empate-con-palmeiras\/#primaryimage"},"thumbnailUrl":"https:\/\/diariotextual.com\/inicio\/wp-content\/uploads\/2023\/09\/cavaniedisonboca2023-2.jpg","articleSection":["A - ES NOTICIA (van abajo)","DEPORTES"],"inLanguage":"es"},{"@type":"WebPage","@id":"https:\/\/diariotextual.com\/inicio\/index.php\/2023\/09\/28\/libertadores-boca-domino-pero-no-paso-del-empate-con-palmeiras\/","url":"https:\/\/diariotextual.com\/inicio\/index.php\/2023\/09\/28\/libertadores-boca-domino-pero-no-paso-del-empate-con-palmeiras\/","name":"Libertadores: Boca domin\u00f3 pero no pas\u00f3 del empate con Palmeiras - Diario Textual","isPartOf":{"@id":"https:\/\/diariotextual.com\/inicio\/#website"},"primaryImageOfPage":{"@id":"https:\/\/diariotextual.com\/inicio\/index.php\/2023\/09\/28\/libertadores-boca-domino-pero-no-paso-del-empate-con-palmeiras\/#primaryimage"},"image":{"@id":"https:\/\/diariotextual.com\/inicio\/index.php\/2023\/09\/28\/libertadores-boca-domino-pero-no-paso-del-empate-con-palmeiras\/#primaryimage"},"thumbnailUrl":"https:\/\/diariotextual.com\/inicio\/wp-content\/uploads\/2023\/09\/cavaniedisonboca2023-2.jpg","datePublished":"2023-09-29T02:25:55+00:00","dateModified":"2023-09-29T10:34:28+00:00","breadcrumb":{"@id":"https:\/\/diariotextual.com\/inicio\/index.php\/2023\/09\/28\/libertadores-boca-domino-pero-no-paso-del-empate-con-palmeiras\/#breadcrumb"},"inLanguage":"es","potentialAction":[{"@type":"ReadAction","target":["https:\/\/diariotextual.com\/inicio\/index.php\/2023\/09\/28\/libertadores-boca-domino-pero-no-paso-del-empate-con-palmeiras\/"]}]},{"@type":"ImageObject","inLanguage":"es","@id":"https:\/\/diariotextual.com\/inicio\/index.php\/2023\/09\/28\/libertadores-boca-domino-pero-no-paso-del-empate-con-palmeiras\/#primaryimage","url":"https:\/\/diariotextual.com\/inicio\/wp-content\/uploads\/2023\/09\/cavaniedisonboca2023-2.jpg","contentUrl":"https:\/\/diariotextual.com\/inicio\/wp-content\/uploads\/2023\/09\/cavaniedisonboca2023-2.jpg","width":1500,"height":965},{"@type":"BreadcrumbList","@id":"https:\/\/diariotextual.com\/inicio\/index.php\/2023\/09\/28\/libertadores-boca-domino-pero-no-paso-del-empate-con-palmeiras\/#breadcrumb","itemListElement":[{"@type":"ListItem","position":1,"name":"Portada","item":"https:\/\/diariotextual.com\/inicio\/"},{"@type":"ListItem","position":2,"name":"Libertadores: Boca domin\u00f3 pero no pas\u00f3 del empate con Palmeiras"}]},{"@type":"WebSite","@id":"https:\/\/diariotextual.com\/inicio\/#website","url":"https:\/\/diariotextual.com\/inicio\/","name":"Diario Textual","description":"","publisher":{"@id":"https:\/\/diariotextual.com\/inicio\/#organization"},"potentialAction":[{"@type":"SearchAction","target":{"@type":"EntryPoint","urlTemplate":"https:\/\/diariotextual.com\/inicio\/?s={search_term_string}"},"query-input":{"@type":"PropertyValueSpecification","valueRequired":true,"valueName":"search_term_string"}}],"inLanguage":"es"},{"@type":"Organization","@id":"https:\/\/diariotextual.com\/inicio\/#organization","name":"Diario Textual","url":"https:\/\/diariotextual.com\/inicio\/","logo":{"@type":"ImageObject","inLanguage":"es","@id":"https:\/\/diariotextual.com\/inicio\/#\/schema\/logo\/image\/","url":"https:\/\/diariotextual.com\/inicio\/wp-content\/uploads\/2023\/05\/logotextual1.jpg","contentUrl":"https:\/\/diariotextual.com\/inicio\/wp-content\/uploads\/2023\/05\/logotextual1.jpg","width":516,"height":76,"caption":"Diario Textual"},"image":{"@id":"https:\/\/diariotextual.com\/inicio\/#\/schema\/logo\/image\/"},"sameAs":["https:\/\/www.facebook.com\/eltextual","https:\/\/x.com\/eltextual","http:\/\/www.instagram.com\/eltextual"]},{"@type":"Person","@id":"https:\/\/diariotextual.com\/inicio\/#\/schema\/person\/418fc4093c33e86ed41562db3508f958","name":"Diario1 Diario1","image":{"@type":"ImageObject","inLanguage":"es","@id":"https:\/\/secure.gravatar.com\/avatar\/9167d280179c85bc18be67aa7eda765854300033af4896dd779b608640f2ef7a?s=96&d=mm&r=g","url":"https:\/\/secure.gravatar.com\/avatar\/9167d280179c85bc18be67aa7eda765854300033af4896dd779b608640f2ef7a?s=96&d=mm&r=g","contentUrl":"https:\/\/secure.gravatar.com\/avatar\/9167d280179c85bc18be67aa7eda765854300033af4896dd779b608640f2ef7a?s=96&d=mm&r=g","caption":"Diario1 Diario1"},"url":"https:\/\/diariotextual.com\/inicio\/index.php\/author\/diario1\/"}]}},"_links":{"self":[{"href":"https:\/\/diariotextual.com\/inicio\/index.php\/wp-json\/wp\/v2\/posts\/239188","targetHints":{"allow":["GET"]}}],"collection":[{"href":"https:\/\/diariotextual.com\/inicio\/index.php\/wp-json\/wp\/v2\/posts"}],"about":[{"href":"https:\/\/diariotextual.com\/inicio\/index.php\/wp-json\/wp\/v2\/types\/post"}],"author":[{"embeddable":true,"href":"https:\/\/diariotextual.com\/inicio\/index.php\/wp-json\/wp\/v2\/users\/3"}],"replies":[{"embeddable":true,"href":"https:\/\/diariotextual.com\/inicio\/index.php\/wp-json\/wp\/v2\/comments?post=239188"}],"version-history":[{"count":3,"href":"https:\/\/diariotextual.com\/inicio\/index.php\/wp-json\/wp\/v2\/posts\/239188\/revisions"}],"predecessor-version":[{"id":239191,"href":"https:\/\/diariotextual.com\/inicio\/index.php\/wp-json\/wp\/v2\/posts\/239188\/revisions\/239191"}],"wp:featuredmedia":[{"embeddable":true,"href":"https:\/\/diariotextual.com\/inicio\/index.php\/wp-json\/wp\/v2\/media\/239193"}],"wp:attachment":[{"href":"https:\/\/diariotextual.com\/inicio\/index.php\/wp-json\/wp\/v2\/media?parent=239188"}],"wp:term":[{"taxonomy":"category","embeddable":true,"href":"https:\/\/diariotextual.com\/inicio\/index.php\/wp-json\/wp\/v2\/categories?post=239188"},{"taxonomy":"post_tag","embeddable":true,"href":"https:\/\/diariotextual.com\/inicio\/index.php\/wp-json\/wp\/v2\/tags?post=239188"}],"curies":[{"name":"wp","href":"https:\/\/api.w.org\/{rel}","templated":true}]}}