{"id":239391,"date":"2023-09-30T21:17:38","date_gmt":"2023-10-01T00:17:38","guid":{"rendered":"https:\/\/diariotextual.com\/inicio\/?p=239391"},"modified":"2023-09-30T21:21:42","modified_gmt":"2023-10-01T00:21:42","slug":"independiente-golpeo-a-racing-al-principio-y-en-el-final-y-se-quedo-con-el-clasico-de-avellaneda","status":"publish","type":"post","link":"https:\/\/diariotextual.com\/inicio\/index.php\/2023\/09\/30\/independiente-golpeo-a-racing-al-principio-y-en-el-final-y-se-quedo-con-el-clasico-de-avellaneda\/","title":{"rendered":"Independiente golpe\u00f3 a Racing al principio y en el final, y se qued\u00f3 con el cl\u00e1sico de Avellaneda"},"content":{"rendered":"\n<p><strong>Independiente en una prueba de car\u00e1cter, golpe\u00f3 en los momentos justos a Racing y lo venci\u00f3 por 2 a 0 para quedarse con el cl\u00e1sico de Avellaneda<\/strong>&nbsp;en un atractivo encuentro, disputado esta noche,&nbsp;<strong>en el marco de la s\u00e9ptima jornada de la Copa de la Liga Profesional 2023.<\/strong><\/p>\n\n\n\n<p><strong>El delantero Alexis Canelo<\/strong>, a los 4 minutos del primer tiempo,<strong>&nbsp;y Braian Mart\u00ednez<\/strong>&nbsp;de penal, a los 41 del complemento,<strong>&nbsp;le dieron el triunfo al equipo de Carlos Tevez.<\/strong><\/p>\n\n\n\n<p>Con este resultado,<strong>&nbsp;Independiente lleg\u00f3 a las 14 unidades, es l\u00edder de la Zona A<\/strong>&nbsp;-de forma transitoria-<strong>&nbsp;y tom\u00f3 ox\u00edgeno en su lucha por la permanencia. Adem\u00e1s le puso fin a una racha de seis a\u00f1os sin ganar en el estadio Presidente Per\u00f3n.<\/strong><\/p>\n\n\n\n<p><strong>El inicio fue arrollador por parte del Racing<\/strong>&nbsp;que avasall\u00f3 a su rival con una presi\u00f3n asfixiante,<strong>&nbsp;sin embargo, una mala entrega de Nazareno Colombo<\/strong>&nbsp;ante la presi\u00f3n de Braian Mart\u00ednez por izquierda<strong>, le permiti\u00f3<\/strong>&nbsp;<strong>a<\/strong>l mediocampista avanzar y env\u00edar el centro rasante para que&nbsp;<strong>Canelo<\/strong>&nbsp;<strong>anticipe a Gonzalo Piovi y el arquero Gabriel Arias por el segundo palo y firme el 1 a 0 para Independiente.<\/strong><\/p>\n\n\n\n<p>La repuesta por parte del equipo de Fernando Gago fue inmediata con un cabezazo furibundo de An\u00edbal Moreno que se estrell\u00f3 en el travesa\u00f1o tras un tiro de esquina. En esta misma acci\u00f3n, Federico Mancuello recibi\u00f3 un golpe en la nuca y le priv\u00f3 continuar en el campo de juego ante los mareos.<\/p>\n\n\n\n<p>Con el correr de los minutos, las posturas fueron claras, Racing tuvo la tenencia del bal\u00f3n, pero por momentos no supo que hacer con la misma, ya que en los \u00faltimos metros careci\u00f3 de lucidez.<\/p>\n\n\n\n<p>Por su parte, el elenco de Carlos Tevez se agrup\u00f3 para cortar los circuitos de juego del rival y de contragolpe tuvo dos chances de convertir con Lucas \u00abSaltita\u00bb Gonz\u00e1lez y \u00abChaco\u00bb Mart\u00ednez, quienes no supieron aprovechar las ocasiones instantes previos a la finalizaci\u00f3n de la primera parte.<\/p>\n\n\n\n<p>Ya&nbsp;<strong>en el complemento,<\/strong>&nbsp;Racing volvi\u00f3 a ostentar el dominio, aunque tambi\u00e9n le sum\u00f3 profundidad para atacar, lo que le permiti\u00f3 contar con las acciones de Nicol\u00e1s Oroz y un cabezazo de Leonardo Sigali, quien exigi\u00f3 al arquero Rodrigo Rey tras un tiro de esquina.<\/p>\n\n\n\n<p>Por su parte, el \u00abRojo\u00bb con el cambio de algunos futbolistas y, tambi\u00e9n en el dibujo t\u00e1ctico, mostr\u00f3 una imagen soberbia para defenderse de un equipo que fue exigido por su p\u00fablico y al que volvi\u00f3 a dejar al descubiertos su falencias a la hora de retroceder con los avances de Canelo y Mart\u00ednez, quien con un remate estrell\u00f3 el bal\u00f3n en el travesa\u00f1o.<\/p>\n\n\n\n<p><strong>Independiente apost\u00f3 a su juego, aprovech\u00f3 del nerviosismo de Racing -que se fue insultado por su p\u00fablico- y en un contragolpe se encontr\u00f3 con un penal -sancionado a instancias del VAR- que lo cambi\u00f3 \u00abChaco\u00bb Mart\u00ednez por gol, para firmar el 2 a 0 y sentenciar la historia en Avellaneda.<\/strong><\/p>\n","protected":false},"excerpt":{"rendered":"<p>Independiente en una prueba de car\u00e1cter, golpe\u00f3 en los momentos justos a Racing y lo venci\u00f3 por 2 a 0 para quedarse con el cl\u00e1sico de Avellaneda&nbsp;en un atractivo encuentro,&hellip;<\/p>\n","protected":false},"author":3,"featured_media":239395,"comment_status":"closed","ping_status":"open","sticky":false,"template":"","format":"standard","meta":{"_acf_changed":false,"footnotes":""},"categories":[1,3],"tags":[],"class_list":["post-239391","post","type-post","status-publish","format-standard","has-post-thumbnail","hentry","category-es-noticia","category-deportes"],"acf":[],"yoast_head":"<!-- This site is optimized with the Yoast SEO plugin v27.5 - https:\/\/yoast.com\/product\/yoast-seo-wordpress\/ -->\n<title>Independiente golpe\u00f3 a Racing al principio y en el final, y se qued\u00f3 con el cl\u00e1sico de Avellaneda - Diario Textual<\/title>\n<meta name=\"robots\" content=\"index, follow, max-snippet:-1, max-image-preview:large, max-video-preview:-1\" \/>\n<link rel=\"canonical\" href=\"https:\/\/diariotextual.com\/inicio\/index.php\/2023\/09\/30\/independiente-golpeo-a-racing-al-principio-y-en-el-final-y-se-quedo-con-el-clasico-de-avellaneda\/\" \/>\n<meta property=\"og:locale\" content=\"es_ES\" \/>\n<meta property=\"og:type\" content=\"article\" \/>\n<meta property=\"og:title\" content=\"Independiente golpe\u00f3 a Racing al principio y en el final, y se qued\u00f3 con el cl\u00e1sico de Avellaneda - Diario Textual\" \/>\n<meta property=\"og:description\" content=\"Independiente en una prueba de car\u00e1cter, golpe\u00f3 en los momentos justos a Racing y lo venci\u00f3 por 2 a 0 para quedarse con el cl\u00e1sico de Avellaneda&nbsp;en un atractivo encuentro,&hellip;\" \/>\n<meta property=\"og:url\" content=\"https:\/\/diariotextual.com\/inicio\/index.php\/2023\/09\/30\/independiente-golpeo-a-racing-al-principio-y-en-el-final-y-se-quedo-con-el-clasico-de-avellaneda\/\" \/>\n<meta property=\"og:site_name\" content=\"Diario Textual\" \/>\n<meta property=\"article:publisher\" content=\"https:\/\/www.facebook.com\/eltextual\" \/>\n<meta property=\"article:published_time\" content=\"2023-10-01T00:17:38+00:00\" \/>\n<meta property=\"article:modified_time\" content=\"2023-10-01T00:21:42+00:00\" \/>\n<meta property=\"og:image\" content=\"https:\/\/diariotextual.com\/inicio\/wp-content\/uploads\/2023\/09\/independienteracing2023-1.jpg\" \/>\n\t<meta property=\"og:image:width\" content=\"1500\" \/>\n\t<meta property=\"og:image:height\" content=\"999\" \/>\n\t<meta property=\"og:image:type\" content=\"image\/jpeg\" \/>\n<meta name=\"author\" content=\"Diario1 Diario1\" \/>\n<meta name=\"twitter:card\" content=\"summary_large_image\" \/>\n<meta name=\"twitter:creator\" content=\"@eltextual\" \/>\n<meta name=\"twitter:site\" content=\"@eltextual\" \/>\n<meta name=\"twitter:label1\" content=\"Escrito por\" \/>\n\t<meta name=\"twitter:data1\" content=\"Diario1 Diario1\" \/>\n\t<meta name=\"twitter:label2\" content=\"Tiempo de lectura\" \/>\n\t<meta name=\"twitter:data2\" content=\"3 minutos\" \/>\n<script type=\"application\/ld+json\" class=\"yoast-schema-graph\">{\"@context\":\"https:\\\/\\\/schema.org\",\"@graph\":[{\"@type\":\"Article\",\"@id\":\"https:\\\/\\\/diariotextual.com\\\/inicio\\\/index.php\\\/2023\\\/09\\\/30\\\/independiente-golpeo-a-racing-al-principio-y-en-el-final-y-se-quedo-con-el-clasico-de-avellaneda\\\/#article\",\"isPartOf\":{\"@id\":\"https:\\\/\\\/diariotextual.com\\\/inicio\\\/index.php\\\/2023\\\/09\\\/30\\\/independiente-golpeo-a-racing-al-principio-y-en-el-final-y-se-quedo-con-el-clasico-de-avellaneda\\\/\"},\"author\":{\"name\":\"Diario1 Diario1\",\"@id\":\"https:\\\/\\\/diariotextual.com\\\/inicio\\\/#\\\/schema\\\/person\\\/418fc4093c33e86ed41562db3508f958\"},\"headline\":\"Independiente golpe\u00f3 a Racing al principio y en el final, y se qued\u00f3 con el cl\u00e1sico de Avellaneda\",\"datePublished\":\"2023-10-01T00:17:38+00:00\",\"dateModified\":\"2023-10-01T00:21:42+00:00\",\"mainEntityOfPage\":{\"@id\":\"https:\\\/\\\/diariotextual.com\\\/inicio\\\/index.php\\\/2023\\\/09\\\/30\\\/independiente-golpeo-a-racing-al-principio-y-en-el-final-y-se-quedo-con-el-clasico-de-avellaneda\\\/\"},\"wordCount\":540,\"publisher\":{\"@id\":\"https:\\\/\\\/diariotextual.com\\\/inicio\\\/#organization\"},\"image\":{\"@id\":\"https:\\\/\\\/diariotextual.com\\\/inicio\\\/index.php\\\/2023\\\/09\\\/30\\\/independiente-golpeo-a-racing-al-principio-y-en-el-final-y-se-quedo-con-el-clasico-de-avellaneda\\\/#primaryimage\"},\"thumbnailUrl\":\"https:\\\/\\\/diariotextual.com\\\/inicio\\\/wp-content\\\/uploads\\\/2023\\\/09\\\/independienteracing2023-1.jpg\",\"articleSection\":[\"A - ES NOTICIA (van abajo)\",\"DEPORTES\"],\"inLanguage\":\"es\"},{\"@type\":\"WebPage\",\"@id\":\"https:\\\/\\\/diariotextual.com\\\/inicio\\\/index.php\\\/2023\\\/09\\\/30\\\/independiente-golpeo-a-racing-al-principio-y-en-el-final-y-se-quedo-con-el-clasico-de-avellaneda\\\/\",\"url\":\"https:\\\/\\\/diariotextual.com\\\/inicio\\\/index.php\\\/2023\\\/09\\\/30\\\/independiente-golpeo-a-racing-al-principio-y-en-el-final-y-se-quedo-con-el-clasico-de-avellaneda\\\/\",\"name\":\"Independiente golpe\u00f3 a Racing al principio y en el final, y se qued\u00f3 con el cl\u00e1sico de Avellaneda - Diario Textual\",\"isPartOf\":{\"@id\":\"https:\\\/\\\/diariotextual.com\\\/inicio\\\/#website\"},\"primaryImageOfPage\":{\"@id\":\"https:\\\/\\\/diariotextual.com\\\/inicio\\\/index.php\\\/2023\\\/09\\\/30\\\/independiente-golpeo-a-racing-al-principio-y-en-el-final-y-se-quedo-con-el-clasico-de-avellaneda\\\/#primaryimage\"},\"image\":{\"@id\":\"https:\\\/\\\/diariotextual.com\\\/inicio\\\/index.php\\\/2023\\\/09\\\/30\\\/independiente-golpeo-a-racing-al-principio-y-en-el-final-y-se-quedo-con-el-clasico-de-avellaneda\\\/#primaryimage\"},\"thumbnailUrl\":\"https:\\\/\\\/diariotextual.com\\\/inicio\\\/wp-content\\\/uploads\\\/2023\\\/09\\\/independienteracing2023-1.jpg\",\"datePublished\":\"2023-10-01T00:17:38+00:00\",\"dateModified\":\"2023-10-01T00:21:42+00:00\",\"breadcrumb\":{\"@id\":\"https:\\\/\\\/diariotextual.com\\\/inicio\\\/index.php\\\/2023\\\/09\\\/30\\\/independiente-golpeo-a-racing-al-principio-y-en-el-final-y-se-quedo-con-el-clasico-de-avellaneda\\\/#breadcrumb\"},\"inLanguage\":\"es\",\"potentialAction\":[{\"@type\":\"ReadAction\",\"target\":[\"https:\\\/\\\/diariotextual.com\\\/inicio\\\/index.php\\\/2023\\\/09\\\/30\\\/independiente-golpeo-a-racing-al-principio-y-en-el-final-y-se-quedo-con-el-clasico-de-avellaneda\\\/\"]}]},{\"@type\":\"ImageObject\",\"inLanguage\":\"es\",\"@id\":\"https:\\\/\\\/diariotextual.com\\\/inicio\\\/index.php\\\/2023\\\/09\\\/30\\\/independiente-golpeo-a-racing-al-principio-y-en-el-final-y-se-quedo-con-el-clasico-de-avellaneda\\\/#primaryimage\",\"url\":\"https:\\\/\\\/diariotextual.com\\\/inicio\\\/wp-content\\\/uploads\\\/2023\\\/09\\\/independienteracing2023-1.jpg\",\"contentUrl\":\"https:\\\/\\\/diariotextual.com\\\/inicio\\\/wp-content\\\/uploads\\\/2023\\\/09\\\/independienteracing2023-1.jpg\",\"width\":1500,\"height\":999},{\"@type\":\"BreadcrumbList\",\"@id\":\"https:\\\/\\\/diariotextual.com\\\/inicio\\\/index.php\\\/2023\\\/09\\\/30\\\/independiente-golpeo-a-racing-al-principio-y-en-el-final-y-se-quedo-con-el-clasico-de-avellaneda\\\/#breadcrumb\",\"itemListElement\":[{\"@type\":\"ListItem\",\"position\":1,\"name\":\"Portada\",\"item\":\"https:\\\/\\\/diariotextual.com\\\/inicio\\\/\"},{\"@type\":\"ListItem\",\"position\":2,\"name\":\"Independiente golpe\u00f3 a Racing al principio y en el final, y se qued\u00f3 con el cl\u00e1sico de Avellaneda\"}]},{\"@type\":\"WebSite\",\"@id\":\"https:\\\/\\\/diariotextual.com\\\/inicio\\\/#website\",\"url\":\"https:\\\/\\\/diariotextual.com\\\/inicio\\\/\",\"name\":\"Diario Textual\",\"description\":\"\",\"publisher\":{\"@id\":\"https:\\\/\\\/diariotextual.com\\\/inicio\\\/#organization\"},\"potentialAction\":[{\"@type\":\"SearchAction\",\"target\":{\"@type\":\"EntryPoint\",\"urlTemplate\":\"https:\\\/\\\/diariotextual.com\\\/inicio\\\/?s={search_term_string}\"},\"query-input\":{\"@type\":\"PropertyValueSpecification\",\"valueRequired\":true,\"valueName\":\"search_term_string\"}}],\"inLanguage\":\"es\"},{\"@type\":\"Organization\",\"@id\":\"https:\\\/\\\/diariotextual.com\\\/inicio\\\/#organization\",\"name\":\"Diario Textual\",\"url\":\"https:\\\/\\\/diariotextual.com\\\/inicio\\\/\",\"logo\":{\"@type\":\"ImageObject\",\"inLanguage\":\"es\",\"@id\":\"https:\\\/\\\/diariotextual.com\\\/inicio\\\/#\\\/schema\\\/logo\\\/image\\\/\",\"url\":\"https:\\\/\\\/diariotextual.com\\\/inicio\\\/wp-content\\\/uploads\\\/2023\\\/05\\\/logotextual1.jpg\",\"contentUrl\":\"https:\\\/\\\/diariotextual.com\\\/inicio\\\/wp-content\\\/uploads\\\/2023\\\/05\\\/logotextual1.jpg\",\"width\":516,\"height\":76,\"caption\":\"Diario Textual\"},\"image\":{\"@id\":\"https:\\\/\\\/diariotextual.com\\\/inicio\\\/#\\\/schema\\\/logo\\\/image\\\/\"},\"sameAs\":[\"https:\\\/\\\/www.facebook.com\\\/eltextual\",\"https:\\\/\\\/x.com\\\/eltextual\",\"http:\\\/\\\/www.instagram.com\\\/eltextual\"]},{\"@type\":\"Person\",\"@id\":\"https:\\\/\\\/diariotextual.com\\\/inicio\\\/#\\\/schema\\\/person\\\/418fc4093c33e86ed41562db3508f958\",\"name\":\"Diario1 Diario1\",\"image\":{\"@type\":\"ImageObject\",\"inLanguage\":\"es\",\"@id\":\"https:\\\/\\\/secure.gravatar.com\\\/avatar\\\/9167d280179c85bc18be67aa7eda765854300033af4896dd779b608640f2ef7a?s=96&d=mm&r=g\",\"url\":\"https:\\\/\\\/secure.gravatar.com\\\/avatar\\\/9167d280179c85bc18be67aa7eda765854300033af4896dd779b608640f2ef7a?s=96&d=mm&r=g\",\"contentUrl\":\"https:\\\/\\\/secure.gravatar.com\\\/avatar\\\/9167d280179c85bc18be67aa7eda765854300033af4896dd779b608640f2ef7a?s=96&d=mm&r=g\",\"caption\":\"Diario1 Diario1\"},\"url\":\"https:\\\/\\\/diariotextual.com\\\/inicio\\\/index.php\\\/author\\\/diario1\\\/\"}]}<\/script>\n<!-- \/ Yoast SEO plugin. -->","yoast_head_json":{"title":"Independiente golpe\u00f3 a Racing al principio y en el final, y se qued\u00f3 con el cl\u00e1sico de Avellaneda - Diario Textual","robots":{"index":"index","follow":"follow","max-snippet":"max-snippet:-1","max-image-preview":"max-image-preview:large","max-video-preview":"max-video-preview:-1"},"canonical":"https:\/\/diariotextual.com\/inicio\/index.php\/2023\/09\/30\/independiente-golpeo-a-racing-al-principio-y-en-el-final-y-se-quedo-con-el-clasico-de-avellaneda\/","og_locale":"es_ES","og_type":"article","og_title":"Independiente golpe\u00f3 a Racing al principio y en el final, y se qued\u00f3 con el cl\u00e1sico de Avellaneda - Diario Textual","og_description":"Independiente en una prueba de car\u00e1cter, golpe\u00f3 en los momentos justos a Racing y lo venci\u00f3 por 2 a 0 para quedarse con el cl\u00e1sico de Avellaneda&nbsp;en un atractivo encuentro,&hellip;","og_url":"https:\/\/diariotextual.com\/inicio\/index.php\/2023\/09\/30\/independiente-golpeo-a-racing-al-principio-y-en-el-final-y-se-quedo-con-el-clasico-de-avellaneda\/","og_site_name":"Diario Textual","article_publisher":"https:\/\/www.facebook.com\/eltextual","article_published_time":"2023-10-01T00:17:38+00:00","article_modified_time":"2023-10-01T00:21:42+00:00","og_image":[{"width":1500,"height":999,"url":"https:\/\/diariotextual.com\/inicio\/wp-content\/uploads\/2023\/09\/independienteracing2023-1.jpg","type":"image\/jpeg"}],"author":"Diario1 Diario1","twitter_card":"summary_large_image","twitter_creator":"@eltextual","twitter_site":"@eltextual","twitter_misc":{"Escrito por":"Diario1 Diario1","Tiempo de lectura":"3 minutos"},"schema":{"@context":"https:\/\/schema.org","@graph":[{"@type":"Article","@id":"https:\/\/diariotextual.com\/inicio\/index.php\/2023\/09\/30\/independiente-golpeo-a-racing-al-principio-y-en-el-final-y-se-quedo-con-el-clasico-de-avellaneda\/#article","isPartOf":{"@id":"https:\/\/diariotextual.com\/inicio\/index.php\/2023\/09\/30\/independiente-golpeo-a-racing-al-principio-y-en-el-final-y-se-quedo-con-el-clasico-de-avellaneda\/"},"author":{"name":"Diario1 Diario1","@id":"https:\/\/diariotextual.com\/inicio\/#\/schema\/person\/418fc4093c33e86ed41562db3508f958"},"headline":"Independiente golpe\u00f3 a Racing al principio y en el final, y se qued\u00f3 con el cl\u00e1sico de Avellaneda","datePublished":"2023-10-01T00:17:38+00:00","dateModified":"2023-10-01T00:21:42+00:00","mainEntityOfPage":{"@id":"https:\/\/diariotextual.com\/inicio\/index.php\/2023\/09\/30\/independiente-golpeo-a-racing-al-principio-y-en-el-final-y-se-quedo-con-el-clasico-de-avellaneda\/"},"wordCount":540,"publisher":{"@id":"https:\/\/diariotextual.com\/inicio\/#organization"},"image":{"@id":"https:\/\/diariotextual.com\/inicio\/index.php\/2023\/09\/30\/independiente-golpeo-a-racing-al-principio-y-en-el-final-y-se-quedo-con-el-clasico-de-avellaneda\/#primaryimage"},"thumbnailUrl":"https:\/\/diariotextual.com\/inicio\/wp-content\/uploads\/2023\/09\/independienteracing2023-1.jpg","articleSection":["A - ES NOTICIA (van abajo)","DEPORTES"],"inLanguage":"es"},{"@type":"WebPage","@id":"https:\/\/diariotextual.com\/inicio\/index.php\/2023\/09\/30\/independiente-golpeo-a-racing-al-principio-y-en-el-final-y-se-quedo-con-el-clasico-de-avellaneda\/","url":"https:\/\/diariotextual.com\/inicio\/index.php\/2023\/09\/30\/independiente-golpeo-a-racing-al-principio-y-en-el-final-y-se-quedo-con-el-clasico-de-avellaneda\/","name":"Independiente golpe\u00f3 a Racing al principio y en el final, y se qued\u00f3 con el cl\u00e1sico de Avellaneda - Diario Textual","isPartOf":{"@id":"https:\/\/diariotextual.com\/inicio\/#website"},"primaryImageOfPage":{"@id":"https:\/\/diariotextual.com\/inicio\/index.php\/2023\/09\/30\/independiente-golpeo-a-racing-al-principio-y-en-el-final-y-se-quedo-con-el-clasico-de-avellaneda\/#primaryimage"},"image":{"@id":"https:\/\/diariotextual.com\/inicio\/index.php\/2023\/09\/30\/independiente-golpeo-a-racing-al-principio-y-en-el-final-y-se-quedo-con-el-clasico-de-avellaneda\/#primaryimage"},"thumbnailUrl":"https:\/\/diariotextual.com\/inicio\/wp-content\/uploads\/2023\/09\/independienteracing2023-1.jpg","datePublished":"2023-10-01T00:17:38+00:00","dateModified":"2023-10-01T00:21:42+00:00","breadcrumb":{"@id":"https:\/\/diariotextual.com\/inicio\/index.php\/2023\/09\/30\/independiente-golpeo-a-racing-al-principio-y-en-el-final-y-se-quedo-con-el-clasico-de-avellaneda\/#breadcrumb"},"inLanguage":"es","potentialAction":[{"@type":"ReadAction","target":["https:\/\/diariotextual.com\/inicio\/index.php\/2023\/09\/30\/independiente-golpeo-a-racing-al-principio-y-en-el-final-y-se-quedo-con-el-clasico-de-avellaneda\/"]}]},{"@type":"ImageObject","inLanguage":"es","@id":"https:\/\/diariotextual.com\/inicio\/index.php\/2023\/09\/30\/independiente-golpeo-a-racing-al-principio-y-en-el-final-y-se-quedo-con-el-clasico-de-avellaneda\/#primaryimage","url":"https:\/\/diariotextual.com\/inicio\/wp-content\/uploads\/2023\/09\/independienteracing2023-1.jpg","contentUrl":"https:\/\/diariotextual.com\/inicio\/wp-content\/uploads\/2023\/09\/independienteracing2023-1.jpg","width":1500,"height":999},{"@type":"BreadcrumbList","@id":"https:\/\/diariotextual.com\/inicio\/index.php\/2023\/09\/30\/independiente-golpeo-a-racing-al-principio-y-en-el-final-y-se-quedo-con-el-clasico-de-avellaneda\/#breadcrumb","itemListElement":[{"@type":"ListItem","position":1,"name":"Portada","item":"https:\/\/diariotextual.com\/inicio\/"},{"@type":"ListItem","position":2,"name":"Independiente golpe\u00f3 a Racing al principio y en el final, y se qued\u00f3 con el cl\u00e1sico de Avellaneda"}]},{"@type":"WebSite","@id":"https:\/\/diariotextual.com\/inicio\/#website","url":"https:\/\/diariotextual.com\/inicio\/","name":"Diario Textual","description":"","publisher":{"@id":"https:\/\/diariotextual.com\/inicio\/#organization"},"potentialAction":[{"@type":"SearchAction","target":{"@type":"EntryPoint","urlTemplate":"https:\/\/diariotextual.com\/inicio\/?s={search_term_string}"},"query-input":{"@type":"PropertyValueSpecification","valueRequired":true,"valueName":"search_term_string"}}],"inLanguage":"es"},{"@type":"Organization","@id":"https:\/\/diariotextual.com\/inicio\/#organization","name":"Diario Textual","url":"https:\/\/diariotextual.com\/inicio\/","logo":{"@type":"ImageObject","inLanguage":"es","@id":"https:\/\/diariotextual.com\/inicio\/#\/schema\/logo\/image\/","url":"https:\/\/diariotextual.com\/inicio\/wp-content\/uploads\/2023\/05\/logotextual1.jpg","contentUrl":"https:\/\/diariotextual.com\/inicio\/wp-content\/uploads\/2023\/05\/logotextual1.jpg","width":516,"height":76,"caption":"Diario Textual"},"image":{"@id":"https:\/\/diariotextual.com\/inicio\/#\/schema\/logo\/image\/"},"sameAs":["https:\/\/www.facebook.com\/eltextual","https:\/\/x.com\/eltextual","http:\/\/www.instagram.com\/eltextual"]},{"@type":"Person","@id":"https:\/\/diariotextual.com\/inicio\/#\/schema\/person\/418fc4093c33e86ed41562db3508f958","name":"Diario1 Diario1","image":{"@type":"ImageObject","inLanguage":"es","@id":"https:\/\/secure.gravatar.com\/avatar\/9167d280179c85bc18be67aa7eda765854300033af4896dd779b608640f2ef7a?s=96&d=mm&r=g","url":"https:\/\/secure.gravatar.com\/avatar\/9167d280179c85bc18be67aa7eda765854300033af4896dd779b608640f2ef7a?s=96&d=mm&r=g","contentUrl":"https:\/\/secure.gravatar.com\/avatar\/9167d280179c85bc18be67aa7eda765854300033af4896dd779b608640f2ef7a?s=96&d=mm&r=g","caption":"Diario1 Diario1"},"url":"https:\/\/diariotextual.com\/inicio\/index.php\/author\/diario1\/"}]}},"_links":{"self":[{"href":"https:\/\/diariotextual.com\/inicio\/index.php\/wp-json\/wp\/v2\/posts\/239391","targetHints":{"allow":["GET"]}}],"collection":[{"href":"https:\/\/diariotextual.com\/inicio\/index.php\/wp-json\/wp\/v2\/posts"}],"about":[{"href":"https:\/\/diariotextual.com\/inicio\/index.php\/wp-json\/wp\/v2\/types\/post"}],"author":[{"embeddable":true,"href":"https:\/\/diariotextual.com\/inicio\/index.php\/wp-json\/wp\/v2\/users\/3"}],"replies":[{"embeddable":true,"href":"https:\/\/diariotextual.com\/inicio\/index.php\/wp-json\/wp\/v2\/comments?post=239391"}],"version-history":[{"count":3,"href":"https:\/\/diariotextual.com\/inicio\/index.php\/wp-json\/wp\/v2\/posts\/239391\/revisions"}],"predecessor-version":[{"id":239394,"href":"https:\/\/diariotextual.com\/inicio\/index.php\/wp-json\/wp\/v2\/posts\/239391\/revisions\/239394"}],"wp:featuredmedia":[{"embeddable":true,"href":"https:\/\/diariotextual.com\/inicio\/index.php\/wp-json\/wp\/v2\/media\/239395"}],"wp:attachment":[{"href":"https:\/\/diariotextual.com\/inicio\/index.php\/wp-json\/wp\/v2\/media?parent=239391"}],"wp:term":[{"taxonomy":"category","embeddable":true,"href":"https:\/\/diariotextual.com\/inicio\/index.php\/wp-json\/wp\/v2\/categories?post=239391"},{"taxonomy":"post_tag","embeddable":true,"href":"https:\/\/diariotextual.com\/inicio\/index.php\/wp-json\/wp\/v2\/tags?post=239391"}],"curies":[{"name":"wp","href":"https:\/\/api.w.org\/{rel}","templated":true}]}}