{"id":239426,"date":"2023-10-01T15:57:17","date_gmt":"2023-10-01T18:57:17","guid":{"rendered":"https:\/\/diariotextual.com\/inicio\/?p=239426"},"modified":"2023-10-02T07:27:04","modified_gmt":"2023-10-02T10:27:04","slug":"gano-river-y-lleno-de-dudas-a-boca-para-la-copa-libertadores","status":"publish","type":"post","link":"https:\/\/diariotextual.com\/inicio\/index.php\/2023\/10\/01\/gano-river-y-lleno-de-dudas-a-boca-para-la-copa-libertadores\/","title":{"rendered":"Gan\u00f3 River y llen\u00f3 de dudas a Boca para la Copa Libertadores"},"content":{"rendered":"\n<p>River super\u00f3 en su visita a Boca por 2 a 0 en un aceptable encuentro disputado esta tarde,<br>y se qued\u00f3 con una nueva edici\u00f3n del Supercl\u00e1sico, en el marco de la s\u00e9ptima jornada de la Copa de la Liga Profesional 2023.<\/p>\n\n\n\n<p><br>El delantero Sebasti\u00e1n Rond\u00f3n, a los 41 minutos del primer tiempo, y el defensor Enzo D\u00edaz, a los 51 del complemento, le dieron el triunfo al equipo de N\u00fa\u00f1ez.<\/p>\n\n\n\n<p><br>Con este resultado, River lleg\u00f3 a las 13 unidades y qued\u00f3 segunda en la Zona A, mientras que Boca qued\u00f3 con 7 puntos, se ubica fuera de los puestos clasificatorios y se llen\u00f3 de dudas para la vuelta de las semifinales de la Copa Libertadores ante Palmeiras de Brasil.<\/p>\n\n\n\n<p><br>El encuentro fue parejo, aunque fue River el que control\u00f3 la pelota y tuvo m\u00e1s presencia en el campo rival, con un mediocampo presente y de mucha intensidad, lo que lo llev\u00f3 a contar con las mejores aproximaciones, de la mano de Esequiel Barco -el m\u00e1s desequilibrante-, Marcelo Herrera y Manuel Lanzini.<\/p>\n\n\n\n<p><br>Boca -que guard\u00f3 algunos futbolistas pensando en la vuelta de las semifinales de la Copa Libertadores ante Palmeiras-, le cost\u00f3 hacer pie, pero emparej\u00f3 el desarrollo promediando la media hora tras un comienzo flojo. Dar\u00edo Benedetto y Juan Ram\u00edrez fueran las cartas que exhibi\u00f3 el local para intentar lastimar al equipo de Mart\u00edn Demichelis.<\/p>\n\n\n\n<p><br>Aunque el desarrollo era parejo, fue River el abri\u00f3 el marcador sobre el cierre del primer cap\u00edtulo: un remate de Enzo P\u00e9rez que se desvi\u00f3 en Rond\u00f3n quebr\u00f3 la resistencia del arquero Sergio \u00abChiquito\u00bb Romero, que no pudo hacer nada para evitar el 1 a 0.<\/p>\n\n\n\n<p><br>El complemento tuvo a Boca m\u00e1s activo en su fase ofensiva y en los primeros minutos gener\u00f3 peligro con los remates del ingresado Lucas Janson y Valent\u00edn Barco, quien fue de lo m\u00e1s interesante en el equipo de Jorge Almir\u00f3n, mientras que el \u00abMillonario\u00bb respondi\u00f3 con las acciones de Barco, Rond\u00f3n y Manuel Lanzini.<\/p>\n\n\n\n<p><br>La gran pol\u00e9mica de la tarde se instal\u00f3 en el gol que convirti\u00f3 Edinson Cavani y que fue anulado: Weigandt lanz\u00f3 un centro bombeado al coraz\u00f3n del \u00e1rea y el defini\u00f3 de \u00abtijera\u00bb lugo de que su cabezazo previo pegase en el travesa\u00f1o, sin embargo el juez de l\u00ednea marc\u00f3 el fuera de juego y el VAR reafirm\u00f3 la decisi\u00f3n.<\/p>\n\n\n\n<p><br>En el final del partido, Boca intent\u00f3 lograr la igualdad, pero no estuvo fino y perdi\u00f3 la intensidad, mientras que River liquid\u00f3 la historia con el tanto ag\u00f3nico de D\u00edaz, quien defini\u00f3 cruzado con el arco a su merced.<\/p>\n","protected":false},"excerpt":{"rendered":"<p>River super\u00f3 en su visita a Boca por 2 a 0 en un aceptable encuentro disputado esta tarde,y se qued\u00f3 con una nueva edici\u00f3n del Supercl\u00e1sico, en el marco de&hellip;<\/p>\n","protected":false},"author":3,"featured_media":239428,"comment_status":"closed","ping_status":"open","sticky":false,"template":"","format":"standard","meta":{"_acf_changed":false,"footnotes":""},"categories":[1,3],"tags":[],"class_list":["post-239426","post","type-post","status-publish","format-standard","has-post-thumbnail","hentry","category-es-noticia","category-deportes"],"acf":[],"yoast_head":"<!-- This site is optimized with the Yoast SEO plugin v27.5 - https:\/\/yoast.com\/product\/yoast-seo-wordpress\/ -->\n<title>Gan\u00f3 River y llen\u00f3 de dudas a Boca para la Copa Libertadores - Diario Textual<\/title>\n<meta name=\"robots\" content=\"index, follow, max-snippet:-1, max-image-preview:large, max-video-preview:-1\" \/>\n<link rel=\"canonical\" href=\"https:\/\/diariotextual.com\/inicio\/index.php\/2023\/10\/01\/gano-river-y-lleno-de-dudas-a-boca-para-la-copa-libertadores\/\" \/>\n<meta property=\"og:locale\" content=\"es_ES\" \/>\n<meta property=\"og:type\" content=\"article\" \/>\n<meta property=\"og:title\" content=\"Gan\u00f3 River y llen\u00f3 de dudas a Boca para la Copa Libertadores - Diario Textual\" \/>\n<meta property=\"og:description\" content=\"River super\u00f3 en su visita a Boca por 2 a 0 en un aceptable encuentro disputado esta tarde,y se qued\u00f3 con una nueva edici\u00f3n del Supercl\u00e1sico, en el marco de&hellip;\" \/>\n<meta property=\"og:url\" content=\"https:\/\/diariotextual.com\/inicio\/index.php\/2023\/10\/01\/gano-river-y-lleno-de-dudas-a-boca-para-la-copa-libertadores\/\" \/>\n<meta property=\"og:site_name\" content=\"Diario Textual\" \/>\n<meta property=\"article:publisher\" content=\"https:\/\/www.facebook.com\/eltextual\" \/>\n<meta property=\"article:published_time\" content=\"2023-10-01T18:57:17+00:00\" \/>\n<meta property=\"article:modified_time\" content=\"2023-10-02T10:27:04+00:00\" \/>\n<meta property=\"og:image\" content=\"https:\/\/diariotextual.com\/inicio\/wp-content\/uploads\/2023\/10\/bocariver2023-1.jpg\" \/>\n\t<meta property=\"og:image:width\" content=\"1200\" \/>\n\t<meta property=\"og:image:height\" content=\"675\" \/>\n\t<meta property=\"og:image:type\" content=\"image\/jpeg\" \/>\n<meta name=\"author\" content=\"Diario1 Diario1\" \/>\n<meta name=\"twitter:card\" content=\"summary_large_image\" \/>\n<meta name=\"twitter:creator\" content=\"@eltextual\" \/>\n<meta name=\"twitter:site\" content=\"@eltextual\" \/>\n<meta name=\"twitter:label1\" content=\"Escrito por\" \/>\n\t<meta name=\"twitter:data1\" content=\"Diario1 Diario1\" \/>\n\t<meta name=\"twitter:label2\" content=\"Tiempo de lectura\" \/>\n\t<meta name=\"twitter:data2\" content=\"2 minutos\" \/>\n<script type=\"application\/ld+json\" class=\"yoast-schema-graph\">{\"@context\":\"https:\\\/\\\/schema.org\",\"@graph\":[{\"@type\":\"Article\",\"@id\":\"https:\\\/\\\/diariotextual.com\\\/inicio\\\/index.php\\\/2023\\\/10\\\/01\\\/gano-river-y-lleno-de-dudas-a-boca-para-la-copa-libertadores\\\/#article\",\"isPartOf\":{\"@id\":\"https:\\\/\\\/diariotextual.com\\\/inicio\\\/index.php\\\/2023\\\/10\\\/01\\\/gano-river-y-lleno-de-dudas-a-boca-para-la-copa-libertadores\\\/\"},\"author\":{\"name\":\"Diario1 Diario1\",\"@id\":\"https:\\\/\\\/diariotextual.com\\\/inicio\\\/#\\\/schema\\\/person\\\/418fc4093c33e86ed41562db3508f958\"},\"headline\":\"Gan\u00f3 River y llen\u00f3 de dudas a Boca para la Copa Libertadores\",\"datePublished\":\"2023-10-01T18:57:17+00:00\",\"dateModified\":\"2023-10-02T10:27:04+00:00\",\"mainEntityOfPage\":{\"@id\":\"https:\\\/\\\/diariotextual.com\\\/inicio\\\/index.php\\\/2023\\\/10\\\/01\\\/gano-river-y-lleno-de-dudas-a-boca-para-la-copa-libertadores\\\/\"},\"wordCount\":455,\"publisher\":{\"@id\":\"https:\\\/\\\/diariotextual.com\\\/inicio\\\/#organization\"},\"image\":{\"@id\":\"https:\\\/\\\/diariotextual.com\\\/inicio\\\/index.php\\\/2023\\\/10\\\/01\\\/gano-river-y-lleno-de-dudas-a-boca-para-la-copa-libertadores\\\/#primaryimage\"},\"thumbnailUrl\":\"https:\\\/\\\/diariotextual.com\\\/inicio\\\/wp-content\\\/uploads\\\/2023\\\/10\\\/bocariver2023-1.jpg\",\"articleSection\":[\"A - ES NOTICIA (van abajo)\",\"DEPORTES\"],\"inLanguage\":\"es\"},{\"@type\":\"WebPage\",\"@id\":\"https:\\\/\\\/diariotextual.com\\\/inicio\\\/index.php\\\/2023\\\/10\\\/01\\\/gano-river-y-lleno-de-dudas-a-boca-para-la-copa-libertadores\\\/\",\"url\":\"https:\\\/\\\/diariotextual.com\\\/inicio\\\/index.php\\\/2023\\\/10\\\/01\\\/gano-river-y-lleno-de-dudas-a-boca-para-la-copa-libertadores\\\/\",\"name\":\"Gan\u00f3 River y llen\u00f3 de dudas a Boca para la Copa Libertadores - Diario Textual\",\"isPartOf\":{\"@id\":\"https:\\\/\\\/diariotextual.com\\\/inicio\\\/#website\"},\"primaryImageOfPage\":{\"@id\":\"https:\\\/\\\/diariotextual.com\\\/inicio\\\/index.php\\\/2023\\\/10\\\/01\\\/gano-river-y-lleno-de-dudas-a-boca-para-la-copa-libertadores\\\/#primaryimage\"},\"image\":{\"@id\":\"https:\\\/\\\/diariotextual.com\\\/inicio\\\/index.php\\\/2023\\\/10\\\/01\\\/gano-river-y-lleno-de-dudas-a-boca-para-la-copa-libertadores\\\/#primaryimage\"},\"thumbnailUrl\":\"https:\\\/\\\/diariotextual.com\\\/inicio\\\/wp-content\\\/uploads\\\/2023\\\/10\\\/bocariver2023-1.jpg\",\"datePublished\":\"2023-10-01T18:57:17+00:00\",\"dateModified\":\"2023-10-02T10:27:04+00:00\",\"breadcrumb\":{\"@id\":\"https:\\\/\\\/diariotextual.com\\\/inicio\\\/index.php\\\/2023\\\/10\\\/01\\\/gano-river-y-lleno-de-dudas-a-boca-para-la-copa-libertadores\\\/#breadcrumb\"},\"inLanguage\":\"es\",\"potentialAction\":[{\"@type\":\"ReadAction\",\"target\":[\"https:\\\/\\\/diariotextual.com\\\/inicio\\\/index.php\\\/2023\\\/10\\\/01\\\/gano-river-y-lleno-de-dudas-a-boca-para-la-copa-libertadores\\\/\"]}]},{\"@type\":\"ImageObject\",\"inLanguage\":\"es\",\"@id\":\"https:\\\/\\\/diariotextual.com\\\/inicio\\\/index.php\\\/2023\\\/10\\\/01\\\/gano-river-y-lleno-de-dudas-a-boca-para-la-copa-libertadores\\\/#primaryimage\",\"url\":\"https:\\\/\\\/diariotextual.com\\\/inicio\\\/wp-content\\\/uploads\\\/2023\\\/10\\\/bocariver2023-1.jpg\",\"contentUrl\":\"https:\\\/\\\/diariotextual.com\\\/inicio\\\/wp-content\\\/uploads\\\/2023\\\/10\\\/bocariver2023-1.jpg\",\"width\":1200,\"height\":675},{\"@type\":\"BreadcrumbList\",\"@id\":\"https:\\\/\\\/diariotextual.com\\\/inicio\\\/index.php\\\/2023\\\/10\\\/01\\\/gano-river-y-lleno-de-dudas-a-boca-para-la-copa-libertadores\\\/#breadcrumb\",\"itemListElement\":[{\"@type\":\"ListItem\",\"position\":1,\"name\":\"Portada\",\"item\":\"https:\\\/\\\/diariotextual.com\\\/inicio\\\/\"},{\"@type\":\"ListItem\",\"position\":2,\"name\":\"Gan\u00f3 River y llen\u00f3 de dudas a Boca para la Copa Libertadores\"}]},{\"@type\":\"WebSite\",\"@id\":\"https:\\\/\\\/diariotextual.com\\\/inicio\\\/#website\",\"url\":\"https:\\\/\\\/diariotextual.com\\\/inicio\\\/\",\"name\":\"Diario Textual\",\"description\":\"\",\"publisher\":{\"@id\":\"https:\\\/\\\/diariotextual.com\\\/inicio\\\/#organization\"},\"potentialAction\":[{\"@type\":\"SearchAction\",\"target\":{\"@type\":\"EntryPoint\",\"urlTemplate\":\"https:\\\/\\\/diariotextual.com\\\/inicio\\\/?s={search_term_string}\"},\"query-input\":{\"@type\":\"PropertyValueSpecification\",\"valueRequired\":true,\"valueName\":\"search_term_string\"}}],\"inLanguage\":\"es\"},{\"@type\":\"Organization\",\"@id\":\"https:\\\/\\\/diariotextual.com\\\/inicio\\\/#organization\",\"name\":\"Diario Textual\",\"url\":\"https:\\\/\\\/diariotextual.com\\\/inicio\\\/\",\"logo\":{\"@type\":\"ImageObject\",\"inLanguage\":\"es\",\"@id\":\"https:\\\/\\\/diariotextual.com\\\/inicio\\\/#\\\/schema\\\/logo\\\/image\\\/\",\"url\":\"https:\\\/\\\/diariotextual.com\\\/inicio\\\/wp-content\\\/uploads\\\/2023\\\/05\\\/logotextual1.jpg\",\"contentUrl\":\"https:\\\/\\\/diariotextual.com\\\/inicio\\\/wp-content\\\/uploads\\\/2023\\\/05\\\/logotextual1.jpg\",\"width\":516,\"height\":76,\"caption\":\"Diario Textual\"},\"image\":{\"@id\":\"https:\\\/\\\/diariotextual.com\\\/inicio\\\/#\\\/schema\\\/logo\\\/image\\\/\"},\"sameAs\":[\"https:\\\/\\\/www.facebook.com\\\/eltextual\",\"https:\\\/\\\/x.com\\\/eltextual\",\"http:\\\/\\\/www.instagram.com\\\/eltextual\"]},{\"@type\":\"Person\",\"@id\":\"https:\\\/\\\/diariotextual.com\\\/inicio\\\/#\\\/schema\\\/person\\\/418fc4093c33e86ed41562db3508f958\",\"name\":\"Diario1 Diario1\",\"image\":{\"@type\":\"ImageObject\",\"inLanguage\":\"es\",\"@id\":\"https:\\\/\\\/secure.gravatar.com\\\/avatar\\\/9167d280179c85bc18be67aa7eda765854300033af4896dd779b608640f2ef7a?s=96&d=mm&r=g\",\"url\":\"https:\\\/\\\/secure.gravatar.com\\\/avatar\\\/9167d280179c85bc18be67aa7eda765854300033af4896dd779b608640f2ef7a?s=96&d=mm&r=g\",\"contentUrl\":\"https:\\\/\\\/secure.gravatar.com\\\/avatar\\\/9167d280179c85bc18be67aa7eda765854300033af4896dd779b608640f2ef7a?s=96&d=mm&r=g\",\"caption\":\"Diario1 Diario1\"},\"url\":\"https:\\\/\\\/diariotextual.com\\\/inicio\\\/index.php\\\/author\\\/diario1\\\/\"}]}<\/script>\n<!-- \/ Yoast SEO plugin. -->","yoast_head_json":{"title":"Gan\u00f3 River y llen\u00f3 de dudas a Boca para la Copa Libertadores - Diario Textual","robots":{"index":"index","follow":"follow","max-snippet":"max-snippet:-1","max-image-preview":"max-image-preview:large","max-video-preview":"max-video-preview:-1"},"canonical":"https:\/\/diariotextual.com\/inicio\/index.php\/2023\/10\/01\/gano-river-y-lleno-de-dudas-a-boca-para-la-copa-libertadores\/","og_locale":"es_ES","og_type":"article","og_title":"Gan\u00f3 River y llen\u00f3 de dudas a Boca para la Copa Libertadores - Diario Textual","og_description":"River super\u00f3 en su visita a Boca por 2 a 0 en un aceptable encuentro disputado esta tarde,y se qued\u00f3 con una nueva edici\u00f3n del Supercl\u00e1sico, en el marco de&hellip;","og_url":"https:\/\/diariotextual.com\/inicio\/index.php\/2023\/10\/01\/gano-river-y-lleno-de-dudas-a-boca-para-la-copa-libertadores\/","og_site_name":"Diario Textual","article_publisher":"https:\/\/www.facebook.com\/eltextual","article_published_time":"2023-10-01T18:57:17+00:00","article_modified_time":"2023-10-02T10:27:04+00:00","og_image":[{"width":1200,"height":675,"url":"https:\/\/diariotextual.com\/inicio\/wp-content\/uploads\/2023\/10\/bocariver2023-1.jpg","type":"image\/jpeg"}],"author":"Diario1 Diario1","twitter_card":"summary_large_image","twitter_creator":"@eltextual","twitter_site":"@eltextual","twitter_misc":{"Escrito por":"Diario1 Diario1","Tiempo de lectura":"2 minutos"},"schema":{"@context":"https:\/\/schema.org","@graph":[{"@type":"Article","@id":"https:\/\/diariotextual.com\/inicio\/index.php\/2023\/10\/01\/gano-river-y-lleno-de-dudas-a-boca-para-la-copa-libertadores\/#article","isPartOf":{"@id":"https:\/\/diariotextual.com\/inicio\/index.php\/2023\/10\/01\/gano-river-y-lleno-de-dudas-a-boca-para-la-copa-libertadores\/"},"author":{"name":"Diario1 Diario1","@id":"https:\/\/diariotextual.com\/inicio\/#\/schema\/person\/418fc4093c33e86ed41562db3508f958"},"headline":"Gan\u00f3 River y llen\u00f3 de dudas a Boca para la Copa Libertadores","datePublished":"2023-10-01T18:57:17+00:00","dateModified":"2023-10-02T10:27:04+00:00","mainEntityOfPage":{"@id":"https:\/\/diariotextual.com\/inicio\/index.php\/2023\/10\/01\/gano-river-y-lleno-de-dudas-a-boca-para-la-copa-libertadores\/"},"wordCount":455,"publisher":{"@id":"https:\/\/diariotextual.com\/inicio\/#organization"},"image":{"@id":"https:\/\/diariotextual.com\/inicio\/index.php\/2023\/10\/01\/gano-river-y-lleno-de-dudas-a-boca-para-la-copa-libertadores\/#primaryimage"},"thumbnailUrl":"https:\/\/diariotextual.com\/inicio\/wp-content\/uploads\/2023\/10\/bocariver2023-1.jpg","articleSection":["A - ES NOTICIA (van abajo)","DEPORTES"],"inLanguage":"es"},{"@type":"WebPage","@id":"https:\/\/diariotextual.com\/inicio\/index.php\/2023\/10\/01\/gano-river-y-lleno-de-dudas-a-boca-para-la-copa-libertadores\/","url":"https:\/\/diariotextual.com\/inicio\/index.php\/2023\/10\/01\/gano-river-y-lleno-de-dudas-a-boca-para-la-copa-libertadores\/","name":"Gan\u00f3 River y llen\u00f3 de dudas a Boca para la Copa Libertadores - Diario Textual","isPartOf":{"@id":"https:\/\/diariotextual.com\/inicio\/#website"},"primaryImageOfPage":{"@id":"https:\/\/diariotextual.com\/inicio\/index.php\/2023\/10\/01\/gano-river-y-lleno-de-dudas-a-boca-para-la-copa-libertadores\/#primaryimage"},"image":{"@id":"https:\/\/diariotextual.com\/inicio\/index.php\/2023\/10\/01\/gano-river-y-lleno-de-dudas-a-boca-para-la-copa-libertadores\/#primaryimage"},"thumbnailUrl":"https:\/\/diariotextual.com\/inicio\/wp-content\/uploads\/2023\/10\/bocariver2023-1.jpg","datePublished":"2023-10-01T18:57:17+00:00","dateModified":"2023-10-02T10:27:04+00:00","breadcrumb":{"@id":"https:\/\/diariotextual.com\/inicio\/index.php\/2023\/10\/01\/gano-river-y-lleno-de-dudas-a-boca-para-la-copa-libertadores\/#breadcrumb"},"inLanguage":"es","potentialAction":[{"@type":"ReadAction","target":["https:\/\/diariotextual.com\/inicio\/index.php\/2023\/10\/01\/gano-river-y-lleno-de-dudas-a-boca-para-la-copa-libertadores\/"]}]},{"@type":"ImageObject","inLanguage":"es","@id":"https:\/\/diariotextual.com\/inicio\/index.php\/2023\/10\/01\/gano-river-y-lleno-de-dudas-a-boca-para-la-copa-libertadores\/#primaryimage","url":"https:\/\/diariotextual.com\/inicio\/wp-content\/uploads\/2023\/10\/bocariver2023-1.jpg","contentUrl":"https:\/\/diariotextual.com\/inicio\/wp-content\/uploads\/2023\/10\/bocariver2023-1.jpg","width":1200,"height":675},{"@type":"BreadcrumbList","@id":"https:\/\/diariotextual.com\/inicio\/index.php\/2023\/10\/01\/gano-river-y-lleno-de-dudas-a-boca-para-la-copa-libertadores\/#breadcrumb","itemListElement":[{"@type":"ListItem","position":1,"name":"Portada","item":"https:\/\/diariotextual.com\/inicio\/"},{"@type":"ListItem","position":2,"name":"Gan\u00f3 River y llen\u00f3 de dudas a Boca para la Copa Libertadores"}]},{"@type":"WebSite","@id":"https:\/\/diariotextual.com\/inicio\/#website","url":"https:\/\/diariotextual.com\/inicio\/","name":"Diario Textual","description":"","publisher":{"@id":"https:\/\/diariotextual.com\/inicio\/#organization"},"potentialAction":[{"@type":"SearchAction","target":{"@type":"EntryPoint","urlTemplate":"https:\/\/diariotextual.com\/inicio\/?s={search_term_string}"},"query-input":{"@type":"PropertyValueSpecification","valueRequired":true,"valueName":"search_term_string"}}],"inLanguage":"es"},{"@type":"Organization","@id":"https:\/\/diariotextual.com\/inicio\/#organization","name":"Diario Textual","url":"https:\/\/diariotextual.com\/inicio\/","logo":{"@type":"ImageObject","inLanguage":"es","@id":"https:\/\/diariotextual.com\/inicio\/#\/schema\/logo\/image\/","url":"https:\/\/diariotextual.com\/inicio\/wp-content\/uploads\/2023\/05\/logotextual1.jpg","contentUrl":"https:\/\/diariotextual.com\/inicio\/wp-content\/uploads\/2023\/05\/logotextual1.jpg","width":516,"height":76,"caption":"Diario Textual"},"image":{"@id":"https:\/\/diariotextual.com\/inicio\/#\/schema\/logo\/image\/"},"sameAs":["https:\/\/www.facebook.com\/eltextual","https:\/\/x.com\/eltextual","http:\/\/www.instagram.com\/eltextual"]},{"@type":"Person","@id":"https:\/\/diariotextual.com\/inicio\/#\/schema\/person\/418fc4093c33e86ed41562db3508f958","name":"Diario1 Diario1","image":{"@type":"ImageObject","inLanguage":"es","@id":"https:\/\/secure.gravatar.com\/avatar\/9167d280179c85bc18be67aa7eda765854300033af4896dd779b608640f2ef7a?s=96&d=mm&r=g","url":"https:\/\/secure.gravatar.com\/avatar\/9167d280179c85bc18be67aa7eda765854300033af4896dd779b608640f2ef7a?s=96&d=mm&r=g","contentUrl":"https:\/\/secure.gravatar.com\/avatar\/9167d280179c85bc18be67aa7eda765854300033af4896dd779b608640f2ef7a?s=96&d=mm&r=g","caption":"Diario1 Diario1"},"url":"https:\/\/diariotextual.com\/inicio\/index.php\/author\/diario1\/"}]}},"_links":{"self":[{"href":"https:\/\/diariotextual.com\/inicio\/index.php\/wp-json\/wp\/v2\/posts\/239426","targetHints":{"allow":["GET"]}}],"collection":[{"href":"https:\/\/diariotextual.com\/inicio\/index.php\/wp-json\/wp\/v2\/posts"}],"about":[{"href":"https:\/\/diariotextual.com\/inicio\/index.php\/wp-json\/wp\/v2\/types\/post"}],"author":[{"embeddable":true,"href":"https:\/\/diariotextual.com\/inicio\/index.php\/wp-json\/wp\/v2\/users\/3"}],"replies":[{"embeddable":true,"href":"https:\/\/diariotextual.com\/inicio\/index.php\/wp-json\/wp\/v2\/comments?post=239426"}],"version-history":[{"count":3,"href":"https:\/\/diariotextual.com\/inicio\/index.php\/wp-json\/wp\/v2\/posts\/239426\/revisions"}],"predecessor-version":[{"id":239430,"href":"https:\/\/diariotextual.com\/inicio\/index.php\/wp-json\/wp\/v2\/posts\/239426\/revisions\/239430"}],"wp:featuredmedia":[{"embeddable":true,"href":"https:\/\/diariotextual.com\/inicio\/index.php\/wp-json\/wp\/v2\/media\/239428"}],"wp:attachment":[{"href":"https:\/\/diariotextual.com\/inicio\/index.php\/wp-json\/wp\/v2\/media?parent=239426"}],"wp:term":[{"taxonomy":"category","embeddable":true,"href":"https:\/\/diariotextual.com\/inicio\/index.php\/wp-json\/wp\/v2\/categories?post=239426"},{"taxonomy":"post_tag","embeddable":true,"href":"https:\/\/diariotextual.com\/inicio\/index.php\/wp-json\/wp\/v2\/tags?post=239426"}],"curies":[{"name":"wp","href":"https:\/\/api.w.org\/{rel}","templated":true}]}}