{"id":239464,"date":"2023-10-01T22:24:20","date_gmt":"2023-10-02T01:24:20","guid":{"rendered":"https:\/\/diariotextual.com\/inicio\/?p=239464"},"modified":"2023-10-02T11:24:52","modified_gmt":"2023-10-02T14:24:52","slug":"bullrich-massa-es-presidente-en-funciones-y-su-gestion-es-un-desastre","status":"publish","type":"post","link":"https:\/\/diariotextual.com\/inicio\/index.php\/2023\/10\/01\/bullrich-massa-es-presidente-en-funciones-y-su-gestion-es-un-desastre\/","title":{"rendered":"Bullrich: \u201cMassa es presidente en funciones y su gesti\u00f3n es un desastre\u201d"},"content":{"rendered":"\n<p>La candidata a presidente de Juntos por el Cambio,&nbsp;<strong>Patricia Bullrich<\/strong>, asegur\u00f3 que&nbsp;<strong>tiene \u201clo que hay que tener para gobernar el pa\u00eds\u201d,<\/strong>&nbsp;en el marco del<strong>&nbsp;Debate 2023<\/strong>, donde se diferenci\u00f3 del libertario<strong>&nbsp;Javier Milei<\/strong>&nbsp;y cuestion\u00f3 la gesti\u00f3n econ\u00f3mica del ministro y aspirante presidencial de Uni\u00f3n por la Patria,&nbsp;<strong>Sergio Massa.<\/strong><\/p>\n\n\n\n<p>\u201c<strong>El kirchnerismo nos deja una argentina arrasada, ca\u00f3tica, por eso los argentinos necesitamos un cambio<\/strong>. La pregunta es qui\u00e9n puede hacer este cambio\u201d, plante\u00f3 en su minuto de presentaci\u00f3n.<\/p>\n\n\n\n<p>\u201c<strong>Massa es presidente en funciones y su gesti\u00f3n es un desastre, Milei est\u00e1 solo por eso tranza con lo peor del sindicalismo mafioso\u201d, dijo.<\/strong> \u201c<strong>Tengo lo que hay que tener para gobernar al pa\u00eds: coraje y poder pol\u00edtico propio\u201d<\/strong>, explic\u00f3.<\/p>\n\n\n\n<p>Minutos despu\u00e9s, en el bloque inicial sobre Econom\u00eda, Bullrich descart\u00f3&nbsp;la idea de cerrar el Banco Central. <strong>\u201cTodos los pa\u00edses del mundo que los cerraron son todos para\u00edsos fiscales\u201d, dijo. <\/strong>Y acus\u00f3 al libertario Javier Milei de querer ir hacia la puesta en pie de uno en la Argentina.&nbsp;<\/p>\n\n\n\n<p>Adem\u00e1s, solicit\u00f3 el derecho a r\u00e9plica tras la exposici\u00f3n del fundador de La Libertad Avanza (LLA) y envi\u00f3 un mensaje&nbsp;a la juventud que lo acompa\u00f1\u00f3 en las PASO. \u201cTe prometieron la dolarizaci\u00f3n, pero sin d\u00f3lares no se puede dolarizar.&nbsp;<strong>Lo importante no es lo que dec\u00eds sino lo que vas a hacer<\/strong>\u201d, expres\u00f3.<\/p>\n\n\n\n<p>En otro pasaje, polariz\u00f3 tambi\u00e9n con el candidato de Uni\u00f3n por la Patria.<strong>&nbsp;\u201cMassa explicale a los argentinos c\u00f3mo siendo el peor ministro de Econom\u00eda poder ser el mejor presidente<\/strong>. C\u00f3mo podes dividirte con tanto cinismo. Aumentaste 40 impuestos, queres hacer una ley penal,<strong>&nbsp;llevate a (Mart\u00edn) Insaurralde<\/strong>. Dale, ll\u00e9vatelo. Hiciste todo mal\u201d, dijo.<\/p>\n\n\n\n<p><strong>\u201cDuplicaste el n\u00famero de la inflaci\u00f3n, del d\u00f3lar, generaste 40.1 de pobreza y ahora quer\u00e9s decir que como presidente vas a ser distinto\u201d<\/strong>, arremeti\u00f3.<\/p>\n\n\n\n<p>En otro pasaje de la exposici\u00f3n, cuestion\u00f3 el presupuesto que el titular del Frente Renovador present\u00f3 en el Congreso al sostener que es un presupuesto de d\u00e9ficit, y lo acus\u00f3 de llevar al pa\u00eds a&nbsp;<strong>una hiperinflaci\u00f3n.<\/strong>&nbsp;<\/p>\n","protected":false},"excerpt":{"rendered":"<p>La candidata a presidente de Juntos por el Cambio,&nbsp;Patricia Bullrich, asegur\u00f3 que&nbsp;tiene \u201clo que hay que tener para gobernar el pa\u00eds\u201d,&nbsp;en el marco del&nbsp;Debate 2023, donde se diferenci\u00f3 del libertario&nbsp;Javier&hellip;<\/p>\n","protected":false},"author":3,"featured_media":239451,"comment_status":"closed","ping_status":"open","sticky":false,"template":"","format":"standard","meta":{"_acf_changed":false,"footnotes":""},"categories":[11,8],"tags":[],"class_list":["post-239464","post","type-post","status-publish","format-standard","has-post-thumbnail","hentry","category-que-pasa","category-politica"],"acf":[],"yoast_head":"<!-- This site is optimized with the Yoast SEO plugin v27.5 - https:\/\/yoast.com\/product\/yoast-seo-wordpress\/ -->\n<title>Bullrich: \u201cMassa es presidente en funciones y su gesti\u00f3n es un desastre\u201d - Diario Textual<\/title>\n<meta name=\"robots\" content=\"index, follow, max-snippet:-1, max-image-preview:large, max-video-preview:-1\" \/>\n<link rel=\"canonical\" href=\"https:\/\/diariotextual.com\/inicio\/index.php\/2023\/10\/01\/bullrich-massa-es-presidente-en-funciones-y-su-gestion-es-un-desastre\/\" \/>\n<meta property=\"og:locale\" content=\"es_ES\" \/>\n<meta property=\"og:type\" content=\"article\" \/>\n<meta property=\"og:title\" content=\"Bullrich: \u201cMassa es presidente en funciones y su gesti\u00f3n es un desastre\u201d - Diario Textual\" \/>\n<meta property=\"og:description\" content=\"La candidata a presidente de Juntos por el Cambio,&nbsp;Patricia Bullrich, asegur\u00f3 que&nbsp;tiene \u201clo que hay que tener para gobernar el pa\u00eds\u201d,&nbsp;en el marco del&nbsp;Debate 2023, donde se diferenci\u00f3 del libertario&nbsp;Javier&hellip;\" \/>\n<meta property=\"og:url\" content=\"https:\/\/diariotextual.com\/inicio\/index.php\/2023\/10\/01\/bullrich-massa-es-presidente-en-funciones-y-su-gestion-es-un-desastre\/\" \/>\n<meta property=\"og:site_name\" content=\"Diario Textual\" \/>\n<meta property=\"article:publisher\" content=\"https:\/\/www.facebook.com\/eltextual\" \/>\n<meta property=\"article:published_time\" content=\"2023-10-02T01:24:20+00:00\" \/>\n<meta property=\"article:modified_time\" content=\"2023-10-02T14:24:52+00:00\" \/>\n<meta property=\"og:image\" content=\"https:\/\/diariotextual.com\/inicio\/wp-content\/uploads\/2023\/10\/bullrichpatriciadebatepresidencial2023-1.jpg\" \/>\n\t<meta property=\"og:image:width\" content=\"1200\" \/>\n\t<meta property=\"og:image:height\" content=\"675\" \/>\n\t<meta property=\"og:image:type\" content=\"image\/jpeg\" \/>\n<meta name=\"author\" content=\"Diario1 Diario1\" \/>\n<meta name=\"twitter:card\" content=\"summary_large_image\" \/>\n<meta name=\"twitter:creator\" content=\"@eltextual\" \/>\n<meta name=\"twitter:site\" content=\"@eltextual\" \/>\n<meta name=\"twitter:label1\" content=\"Escrito por\" \/>\n\t<meta name=\"twitter:data1\" content=\"Diario1 Diario1\" \/>\n\t<meta name=\"twitter:label2\" content=\"Tiempo de lectura\" \/>\n\t<meta name=\"twitter:data2\" content=\"2 minutos\" \/>\n<script type=\"application\/ld+json\" class=\"yoast-schema-graph\">{\"@context\":\"https:\\\/\\\/schema.org\",\"@graph\":[{\"@type\":\"Article\",\"@id\":\"https:\\\/\\\/diariotextual.com\\\/inicio\\\/index.php\\\/2023\\\/10\\\/01\\\/bullrich-massa-es-presidente-en-funciones-y-su-gestion-es-un-desastre\\\/#article\",\"isPartOf\":{\"@id\":\"https:\\\/\\\/diariotextual.com\\\/inicio\\\/index.php\\\/2023\\\/10\\\/01\\\/bullrich-massa-es-presidente-en-funciones-y-su-gestion-es-un-desastre\\\/\"},\"author\":{\"name\":\"Diario1 Diario1\",\"@id\":\"https:\\\/\\\/diariotextual.com\\\/inicio\\\/#\\\/schema\\\/person\\\/418fc4093c33e86ed41562db3508f958\"},\"headline\":\"Bullrich: \u201cMassa es presidente en funciones y su gesti\u00f3n es un desastre\u201d\",\"datePublished\":\"2023-10-02T01:24:20+00:00\",\"dateModified\":\"2023-10-02T14:24:52+00:00\",\"mainEntityOfPage\":{\"@id\":\"https:\\\/\\\/diariotextual.com\\\/inicio\\\/index.php\\\/2023\\\/10\\\/01\\\/bullrich-massa-es-presidente-en-funciones-y-su-gestion-es-un-desastre\\\/\"},\"wordCount\":400,\"publisher\":{\"@id\":\"https:\\\/\\\/diariotextual.com\\\/inicio\\\/#organization\"},\"image\":{\"@id\":\"https:\\\/\\\/diariotextual.com\\\/inicio\\\/index.php\\\/2023\\\/10\\\/01\\\/bullrich-massa-es-presidente-en-funciones-y-su-gestion-es-un-desastre\\\/#primaryimage\"},\"thumbnailUrl\":\"https:\\\/\\\/diariotextual.com\\\/inicio\\\/wp-content\\\/uploads\\\/2023\\\/10\\\/bullrichpatriciadebatepresidencial2023-1.jpg\",\"articleSection\":[\"A - QUE PASA (al costado)\",\"POLITICA\"],\"inLanguage\":\"es\"},{\"@type\":\"WebPage\",\"@id\":\"https:\\\/\\\/diariotextual.com\\\/inicio\\\/index.php\\\/2023\\\/10\\\/01\\\/bullrich-massa-es-presidente-en-funciones-y-su-gestion-es-un-desastre\\\/\",\"url\":\"https:\\\/\\\/diariotextual.com\\\/inicio\\\/index.php\\\/2023\\\/10\\\/01\\\/bullrich-massa-es-presidente-en-funciones-y-su-gestion-es-un-desastre\\\/\",\"name\":\"Bullrich: \u201cMassa es presidente en funciones y su gesti\u00f3n es un desastre\u201d - Diario Textual\",\"isPartOf\":{\"@id\":\"https:\\\/\\\/diariotextual.com\\\/inicio\\\/#website\"},\"primaryImageOfPage\":{\"@id\":\"https:\\\/\\\/diariotextual.com\\\/inicio\\\/index.php\\\/2023\\\/10\\\/01\\\/bullrich-massa-es-presidente-en-funciones-y-su-gestion-es-un-desastre\\\/#primaryimage\"},\"image\":{\"@id\":\"https:\\\/\\\/diariotextual.com\\\/inicio\\\/index.php\\\/2023\\\/10\\\/01\\\/bullrich-massa-es-presidente-en-funciones-y-su-gestion-es-un-desastre\\\/#primaryimage\"},\"thumbnailUrl\":\"https:\\\/\\\/diariotextual.com\\\/inicio\\\/wp-content\\\/uploads\\\/2023\\\/10\\\/bullrichpatriciadebatepresidencial2023-1.jpg\",\"datePublished\":\"2023-10-02T01:24:20+00:00\",\"dateModified\":\"2023-10-02T14:24:52+00:00\",\"breadcrumb\":{\"@id\":\"https:\\\/\\\/diariotextual.com\\\/inicio\\\/index.php\\\/2023\\\/10\\\/01\\\/bullrich-massa-es-presidente-en-funciones-y-su-gestion-es-un-desastre\\\/#breadcrumb\"},\"inLanguage\":\"es\",\"potentialAction\":[{\"@type\":\"ReadAction\",\"target\":[\"https:\\\/\\\/diariotextual.com\\\/inicio\\\/index.php\\\/2023\\\/10\\\/01\\\/bullrich-massa-es-presidente-en-funciones-y-su-gestion-es-un-desastre\\\/\"]}]},{\"@type\":\"ImageObject\",\"inLanguage\":\"es\",\"@id\":\"https:\\\/\\\/diariotextual.com\\\/inicio\\\/index.php\\\/2023\\\/10\\\/01\\\/bullrich-massa-es-presidente-en-funciones-y-su-gestion-es-un-desastre\\\/#primaryimage\",\"url\":\"https:\\\/\\\/diariotextual.com\\\/inicio\\\/wp-content\\\/uploads\\\/2023\\\/10\\\/bullrichpatriciadebatepresidencial2023-1.jpg\",\"contentUrl\":\"https:\\\/\\\/diariotextual.com\\\/inicio\\\/wp-content\\\/uploads\\\/2023\\\/10\\\/bullrichpatriciadebatepresidencial2023-1.jpg\",\"width\":1200,\"height\":675},{\"@type\":\"BreadcrumbList\",\"@id\":\"https:\\\/\\\/diariotextual.com\\\/inicio\\\/index.php\\\/2023\\\/10\\\/01\\\/bullrich-massa-es-presidente-en-funciones-y-su-gestion-es-un-desastre\\\/#breadcrumb\",\"itemListElement\":[{\"@type\":\"ListItem\",\"position\":1,\"name\":\"Portada\",\"item\":\"https:\\\/\\\/diariotextual.com\\\/inicio\\\/\"},{\"@type\":\"ListItem\",\"position\":2,\"name\":\"Bullrich: \u201cMassa es presidente en funciones y su gesti\u00f3n es un desastre\u201d\"}]},{\"@type\":\"WebSite\",\"@id\":\"https:\\\/\\\/diariotextual.com\\\/inicio\\\/#website\",\"url\":\"https:\\\/\\\/diariotextual.com\\\/inicio\\\/\",\"name\":\"Diario Textual\",\"description\":\"\",\"publisher\":{\"@id\":\"https:\\\/\\\/diariotextual.com\\\/inicio\\\/#organization\"},\"potentialAction\":[{\"@type\":\"SearchAction\",\"target\":{\"@type\":\"EntryPoint\",\"urlTemplate\":\"https:\\\/\\\/diariotextual.com\\\/inicio\\\/?s={search_term_string}\"},\"query-input\":{\"@type\":\"PropertyValueSpecification\",\"valueRequired\":true,\"valueName\":\"search_term_string\"}}],\"inLanguage\":\"es\"},{\"@type\":\"Organization\",\"@id\":\"https:\\\/\\\/diariotextual.com\\\/inicio\\\/#organization\",\"name\":\"Diario Textual\",\"url\":\"https:\\\/\\\/diariotextual.com\\\/inicio\\\/\",\"logo\":{\"@type\":\"ImageObject\",\"inLanguage\":\"es\",\"@id\":\"https:\\\/\\\/diariotextual.com\\\/inicio\\\/#\\\/schema\\\/logo\\\/image\\\/\",\"url\":\"https:\\\/\\\/diariotextual.com\\\/inicio\\\/wp-content\\\/uploads\\\/2023\\\/05\\\/logotextual1.jpg\",\"contentUrl\":\"https:\\\/\\\/diariotextual.com\\\/inicio\\\/wp-content\\\/uploads\\\/2023\\\/05\\\/logotextual1.jpg\",\"width\":516,\"height\":76,\"caption\":\"Diario Textual\"},\"image\":{\"@id\":\"https:\\\/\\\/diariotextual.com\\\/inicio\\\/#\\\/schema\\\/logo\\\/image\\\/\"},\"sameAs\":[\"https:\\\/\\\/www.facebook.com\\\/eltextual\",\"https:\\\/\\\/x.com\\\/eltextual\",\"http:\\\/\\\/www.instagram.com\\\/eltextual\"]},{\"@type\":\"Person\",\"@id\":\"https:\\\/\\\/diariotextual.com\\\/inicio\\\/#\\\/schema\\\/person\\\/418fc4093c33e86ed41562db3508f958\",\"name\":\"Diario1 Diario1\",\"image\":{\"@type\":\"ImageObject\",\"inLanguage\":\"es\",\"@id\":\"https:\\\/\\\/secure.gravatar.com\\\/avatar\\\/9167d280179c85bc18be67aa7eda765854300033af4896dd779b608640f2ef7a?s=96&d=mm&r=g\",\"url\":\"https:\\\/\\\/secure.gravatar.com\\\/avatar\\\/9167d280179c85bc18be67aa7eda765854300033af4896dd779b608640f2ef7a?s=96&d=mm&r=g\",\"contentUrl\":\"https:\\\/\\\/secure.gravatar.com\\\/avatar\\\/9167d280179c85bc18be67aa7eda765854300033af4896dd779b608640f2ef7a?s=96&d=mm&r=g\",\"caption\":\"Diario1 Diario1\"},\"url\":\"https:\\\/\\\/diariotextual.com\\\/inicio\\\/index.php\\\/author\\\/diario1\\\/\"}]}<\/script>\n<!-- \/ Yoast SEO plugin. -->","yoast_head_json":{"title":"Bullrich: \u201cMassa es presidente en funciones y su gesti\u00f3n es un desastre\u201d - Diario Textual","robots":{"index":"index","follow":"follow","max-snippet":"max-snippet:-1","max-image-preview":"max-image-preview:large","max-video-preview":"max-video-preview:-1"},"canonical":"https:\/\/diariotextual.com\/inicio\/index.php\/2023\/10\/01\/bullrich-massa-es-presidente-en-funciones-y-su-gestion-es-un-desastre\/","og_locale":"es_ES","og_type":"article","og_title":"Bullrich: \u201cMassa es presidente en funciones y su gesti\u00f3n es un desastre\u201d - Diario Textual","og_description":"La candidata a presidente de Juntos por el Cambio,&nbsp;Patricia Bullrich, asegur\u00f3 que&nbsp;tiene \u201clo que hay que tener para gobernar el pa\u00eds\u201d,&nbsp;en el marco del&nbsp;Debate 2023, donde se diferenci\u00f3 del libertario&nbsp;Javier&hellip;","og_url":"https:\/\/diariotextual.com\/inicio\/index.php\/2023\/10\/01\/bullrich-massa-es-presidente-en-funciones-y-su-gestion-es-un-desastre\/","og_site_name":"Diario Textual","article_publisher":"https:\/\/www.facebook.com\/eltextual","article_published_time":"2023-10-02T01:24:20+00:00","article_modified_time":"2023-10-02T14:24:52+00:00","og_image":[{"width":1200,"height":675,"url":"https:\/\/diariotextual.com\/inicio\/wp-content\/uploads\/2023\/10\/bullrichpatriciadebatepresidencial2023-1.jpg","type":"image\/jpeg"}],"author":"Diario1 Diario1","twitter_card":"summary_large_image","twitter_creator":"@eltextual","twitter_site":"@eltextual","twitter_misc":{"Escrito por":"Diario1 Diario1","Tiempo de lectura":"2 minutos"},"schema":{"@context":"https:\/\/schema.org","@graph":[{"@type":"Article","@id":"https:\/\/diariotextual.com\/inicio\/index.php\/2023\/10\/01\/bullrich-massa-es-presidente-en-funciones-y-su-gestion-es-un-desastre\/#article","isPartOf":{"@id":"https:\/\/diariotextual.com\/inicio\/index.php\/2023\/10\/01\/bullrich-massa-es-presidente-en-funciones-y-su-gestion-es-un-desastre\/"},"author":{"name":"Diario1 Diario1","@id":"https:\/\/diariotextual.com\/inicio\/#\/schema\/person\/418fc4093c33e86ed41562db3508f958"},"headline":"Bullrich: \u201cMassa es presidente en funciones y su gesti\u00f3n es un desastre\u201d","datePublished":"2023-10-02T01:24:20+00:00","dateModified":"2023-10-02T14:24:52+00:00","mainEntityOfPage":{"@id":"https:\/\/diariotextual.com\/inicio\/index.php\/2023\/10\/01\/bullrich-massa-es-presidente-en-funciones-y-su-gestion-es-un-desastre\/"},"wordCount":400,"publisher":{"@id":"https:\/\/diariotextual.com\/inicio\/#organization"},"image":{"@id":"https:\/\/diariotextual.com\/inicio\/index.php\/2023\/10\/01\/bullrich-massa-es-presidente-en-funciones-y-su-gestion-es-un-desastre\/#primaryimage"},"thumbnailUrl":"https:\/\/diariotextual.com\/inicio\/wp-content\/uploads\/2023\/10\/bullrichpatriciadebatepresidencial2023-1.jpg","articleSection":["A - QUE PASA (al costado)","POLITICA"],"inLanguage":"es"},{"@type":"WebPage","@id":"https:\/\/diariotextual.com\/inicio\/index.php\/2023\/10\/01\/bullrich-massa-es-presidente-en-funciones-y-su-gestion-es-un-desastre\/","url":"https:\/\/diariotextual.com\/inicio\/index.php\/2023\/10\/01\/bullrich-massa-es-presidente-en-funciones-y-su-gestion-es-un-desastre\/","name":"Bullrich: \u201cMassa es presidente en funciones y su gesti\u00f3n es un desastre\u201d - Diario Textual","isPartOf":{"@id":"https:\/\/diariotextual.com\/inicio\/#website"},"primaryImageOfPage":{"@id":"https:\/\/diariotextual.com\/inicio\/index.php\/2023\/10\/01\/bullrich-massa-es-presidente-en-funciones-y-su-gestion-es-un-desastre\/#primaryimage"},"image":{"@id":"https:\/\/diariotextual.com\/inicio\/index.php\/2023\/10\/01\/bullrich-massa-es-presidente-en-funciones-y-su-gestion-es-un-desastre\/#primaryimage"},"thumbnailUrl":"https:\/\/diariotextual.com\/inicio\/wp-content\/uploads\/2023\/10\/bullrichpatriciadebatepresidencial2023-1.jpg","datePublished":"2023-10-02T01:24:20+00:00","dateModified":"2023-10-02T14:24:52+00:00","breadcrumb":{"@id":"https:\/\/diariotextual.com\/inicio\/index.php\/2023\/10\/01\/bullrich-massa-es-presidente-en-funciones-y-su-gestion-es-un-desastre\/#breadcrumb"},"inLanguage":"es","potentialAction":[{"@type":"ReadAction","target":["https:\/\/diariotextual.com\/inicio\/index.php\/2023\/10\/01\/bullrich-massa-es-presidente-en-funciones-y-su-gestion-es-un-desastre\/"]}]},{"@type":"ImageObject","inLanguage":"es","@id":"https:\/\/diariotextual.com\/inicio\/index.php\/2023\/10\/01\/bullrich-massa-es-presidente-en-funciones-y-su-gestion-es-un-desastre\/#primaryimage","url":"https:\/\/diariotextual.com\/inicio\/wp-content\/uploads\/2023\/10\/bullrichpatriciadebatepresidencial2023-1.jpg","contentUrl":"https:\/\/diariotextual.com\/inicio\/wp-content\/uploads\/2023\/10\/bullrichpatriciadebatepresidencial2023-1.jpg","width":1200,"height":675},{"@type":"BreadcrumbList","@id":"https:\/\/diariotextual.com\/inicio\/index.php\/2023\/10\/01\/bullrich-massa-es-presidente-en-funciones-y-su-gestion-es-un-desastre\/#breadcrumb","itemListElement":[{"@type":"ListItem","position":1,"name":"Portada","item":"https:\/\/diariotextual.com\/inicio\/"},{"@type":"ListItem","position":2,"name":"Bullrich: \u201cMassa es presidente en funciones y su gesti\u00f3n es un desastre\u201d"}]},{"@type":"WebSite","@id":"https:\/\/diariotextual.com\/inicio\/#website","url":"https:\/\/diariotextual.com\/inicio\/","name":"Diario Textual","description":"","publisher":{"@id":"https:\/\/diariotextual.com\/inicio\/#organization"},"potentialAction":[{"@type":"SearchAction","target":{"@type":"EntryPoint","urlTemplate":"https:\/\/diariotextual.com\/inicio\/?s={search_term_string}"},"query-input":{"@type":"PropertyValueSpecification","valueRequired":true,"valueName":"search_term_string"}}],"inLanguage":"es"},{"@type":"Organization","@id":"https:\/\/diariotextual.com\/inicio\/#organization","name":"Diario Textual","url":"https:\/\/diariotextual.com\/inicio\/","logo":{"@type":"ImageObject","inLanguage":"es","@id":"https:\/\/diariotextual.com\/inicio\/#\/schema\/logo\/image\/","url":"https:\/\/diariotextual.com\/inicio\/wp-content\/uploads\/2023\/05\/logotextual1.jpg","contentUrl":"https:\/\/diariotextual.com\/inicio\/wp-content\/uploads\/2023\/05\/logotextual1.jpg","width":516,"height":76,"caption":"Diario Textual"},"image":{"@id":"https:\/\/diariotextual.com\/inicio\/#\/schema\/logo\/image\/"},"sameAs":["https:\/\/www.facebook.com\/eltextual","https:\/\/x.com\/eltextual","http:\/\/www.instagram.com\/eltextual"]},{"@type":"Person","@id":"https:\/\/diariotextual.com\/inicio\/#\/schema\/person\/418fc4093c33e86ed41562db3508f958","name":"Diario1 Diario1","image":{"@type":"ImageObject","inLanguage":"es","@id":"https:\/\/secure.gravatar.com\/avatar\/9167d280179c85bc18be67aa7eda765854300033af4896dd779b608640f2ef7a?s=96&d=mm&r=g","url":"https:\/\/secure.gravatar.com\/avatar\/9167d280179c85bc18be67aa7eda765854300033af4896dd779b608640f2ef7a?s=96&d=mm&r=g","contentUrl":"https:\/\/secure.gravatar.com\/avatar\/9167d280179c85bc18be67aa7eda765854300033af4896dd779b608640f2ef7a?s=96&d=mm&r=g","caption":"Diario1 Diario1"},"url":"https:\/\/diariotextual.com\/inicio\/index.php\/author\/diario1\/"}]}},"_links":{"self":[{"href":"https:\/\/diariotextual.com\/inicio\/index.php\/wp-json\/wp\/v2\/posts\/239464","targetHints":{"allow":["GET"]}}],"collection":[{"href":"https:\/\/diariotextual.com\/inicio\/index.php\/wp-json\/wp\/v2\/posts"}],"about":[{"href":"https:\/\/diariotextual.com\/inicio\/index.php\/wp-json\/wp\/v2\/types\/post"}],"author":[{"embeddable":true,"href":"https:\/\/diariotextual.com\/inicio\/index.php\/wp-json\/wp\/v2\/users\/3"}],"replies":[{"embeddable":true,"href":"https:\/\/diariotextual.com\/inicio\/index.php\/wp-json\/wp\/v2\/comments?post=239464"}],"version-history":[{"count":1,"href":"https:\/\/diariotextual.com\/inicio\/index.php\/wp-json\/wp\/v2\/posts\/239464\/revisions"}],"predecessor-version":[{"id":239465,"href":"https:\/\/diariotextual.com\/inicio\/index.php\/wp-json\/wp\/v2\/posts\/239464\/revisions\/239465"}],"wp:featuredmedia":[{"embeddable":true,"href":"https:\/\/diariotextual.com\/inicio\/index.php\/wp-json\/wp\/v2\/media\/239451"}],"wp:attachment":[{"href":"https:\/\/diariotextual.com\/inicio\/index.php\/wp-json\/wp\/v2\/media?parent=239464"}],"wp:term":[{"taxonomy":"category","embeddable":true,"href":"https:\/\/diariotextual.com\/inicio\/index.php\/wp-json\/wp\/v2\/categories?post=239464"},{"taxonomy":"post_tag","embeddable":true,"href":"https:\/\/diariotextual.com\/inicio\/index.php\/wp-json\/wp\/v2\/tags?post=239464"}],"curies":[{"name":"wp","href":"https:\/\/api.w.org\/{rel}","templated":true}]}}