{"id":239536,"date":"2023-10-02T14:29:54","date_gmt":"2023-10-02T17:29:54","guid":{"rendered":"https:\/\/diariotextual.com\/inicio\/?p=239536"},"modified":"2023-10-03T09:39:47","modified_gmt":"2023-10-03T12:39:47","slug":"tras-la-presion-de-massa-insaurralde-renuncio-a-su-candidatura-a-concejal-en-lomas","status":"publish","type":"post","link":"https:\/\/diariotextual.com\/inicio\/index.php\/2023\/10\/02\/tras-la-presion-de-massa-insaurralde-renuncio-a-su-candidatura-a-concejal-en-lomas\/","title":{"rendered":"Tras la presi\u00f3n de Massa, Insaurralde renunci\u00f3 a su candidatura a concejal en Lomas"},"content":{"rendered":"\n<p>Luego del esc\u00e1ndalo por su lujoso viaje a Marbella en plena campa\u00f1a, Mart\u00edn Insaurralde tambi\u00e9n renunci\u00f3 a su candidatura a concejal en Lomas de Zamora.<\/p>\n\n\n\n<p>La decisi\u00f3n se tom\u00f3 horas despu\u00e9s de que Sergio Massa le advirti\u00f3 p\u00fablicamente que tambi\u00e9n deb\u00eda bajarse de su candidatura a concejal. \u201cCometi\u00f3 un grave error, renunci\u00f3 y tiene que renunciar a la candidatura en Lomas\u201d, dijo el tigrense tras el debate.<\/p>\n\n\n\n<p>La decisi\u00f3n de bajarse de su candidatura a concejal no era sencilla para Insaurralde porque ahora puede\u00a0acelerar el declive de su liderazgo en el distrito, el segundo m\u00e1s populoso del Conurbano. Pero adem\u00e1s en su entorno analizaban cu\u00e1n da\u00f1ino pod\u00eda resultar para Federico Otermin, el candidato a intendente, dado que Insaurralde\u00a0mantiene un alto nivel de imagen positiva en Lomas.<\/p>\n\n\n\n<p>Pero mantenerse en la boleta era un riesgo para Massa y Axel Kicillof dado que la oposici\u00f3n podr\u00eda agitar al m\u00e1ximo posible el esc\u00e1ndalo hasta el 22 de octubre.<\/p>\n\n\n\n<p>Una cuesti\u00f3n a resolver ahora es si Insaurralde volver\u00e1 a la intendencia de Lomas, donde est\u00e1 en uso de licencia y reemplazado&nbsp;interinamente por Marina Lesci.<\/p>\n","protected":false},"excerpt":{"rendered":"<p>Luego del esc\u00e1ndalo por su lujoso viaje a Marbella en plena campa\u00f1a, Mart\u00edn Insaurralde tambi\u00e9n renunci\u00f3 a su candidatura a concejal en Lomas de Zamora. La decisi\u00f3n se tom\u00f3 horas&hellip;<\/p>\n","protected":false},"author":3,"featured_media":162034,"comment_status":"closed","ping_status":"open","sticky":false,"template":"","format":"standard","meta":{"_acf_changed":false,"footnotes":""},"categories":[11,8],"tags":[],"class_list":["post-239536","post","type-post","status-publish","format-standard","has-post-thumbnail","hentry","category-que-pasa","category-politica"],"acf":[],"yoast_head":"<!-- This site is optimized with the Yoast SEO plugin v27.5 - https:\/\/yoast.com\/product\/yoast-seo-wordpress\/ -->\n<title>Tras la presi\u00f3n de Massa, Insaurralde renunci\u00f3 a su candidatura a concejal en Lomas - Diario Textual<\/title>\n<meta name=\"robots\" content=\"index, follow, max-snippet:-1, max-image-preview:large, max-video-preview:-1\" \/>\n<link rel=\"canonical\" href=\"https:\/\/diariotextual.com\/inicio\/index.php\/2023\/10\/02\/tras-la-presion-de-massa-insaurralde-renuncio-a-su-candidatura-a-concejal-en-lomas\/\" \/>\n<meta property=\"og:locale\" content=\"es_ES\" \/>\n<meta property=\"og:type\" content=\"article\" \/>\n<meta property=\"og:title\" content=\"Tras la presi\u00f3n de Massa, Insaurralde renunci\u00f3 a su candidatura a concejal en Lomas - Diario Textual\" \/>\n<meta property=\"og:description\" content=\"Luego del esc\u00e1ndalo por su lujoso viaje a Marbella en plena campa\u00f1a, Mart\u00edn Insaurralde tambi\u00e9n renunci\u00f3 a su candidatura a concejal en Lomas de Zamora. La decisi\u00f3n se tom\u00f3 horas&hellip;\" \/>\n<meta property=\"og:url\" content=\"https:\/\/diariotextual.com\/inicio\/index.php\/2023\/10\/02\/tras-la-presion-de-massa-insaurralde-renuncio-a-su-candidatura-a-concejal-en-lomas\/\" \/>\n<meta property=\"og:site_name\" content=\"Diario Textual\" \/>\n<meta property=\"article:publisher\" content=\"https:\/\/www.facebook.com\/eltextual\" \/>\n<meta property=\"article:published_time\" content=\"2023-10-02T17:29:54+00:00\" \/>\n<meta property=\"article:modified_time\" content=\"2023-10-03T12:39:47+00:00\" \/>\n<meta property=\"og:image\" content=\"https:\/\/diariotextual.com\/inicio\/wp-content\/uploads\/2021\/09\/insaurralde-martin.jpg\" \/>\n\t<meta property=\"og:image:width\" content=\"448\" \/>\n\t<meta property=\"og:image:height\" content=\"298\" \/>\n\t<meta property=\"og:image:type\" content=\"image\/jpeg\" \/>\n<meta name=\"author\" content=\"Diario1 Diario1\" \/>\n<meta name=\"twitter:card\" content=\"summary_large_image\" \/>\n<meta name=\"twitter:creator\" content=\"@eltextual\" \/>\n<meta name=\"twitter:site\" content=\"@eltextual\" \/>\n<meta name=\"twitter:label1\" content=\"Escrito por\" \/>\n\t<meta name=\"twitter:data1\" content=\"Diario1 Diario1\" \/>\n\t<meta name=\"twitter:label2\" content=\"Tiempo de lectura\" \/>\n\t<meta name=\"twitter:data2\" content=\"1 minuto\" \/>\n<script type=\"application\/ld+json\" class=\"yoast-schema-graph\">{\"@context\":\"https:\\\/\\\/schema.org\",\"@graph\":[{\"@type\":\"Article\",\"@id\":\"https:\\\/\\\/diariotextual.com\\\/inicio\\\/index.php\\\/2023\\\/10\\\/02\\\/tras-la-presion-de-massa-insaurralde-renuncio-a-su-candidatura-a-concejal-en-lomas\\\/#article\",\"isPartOf\":{\"@id\":\"https:\\\/\\\/diariotextual.com\\\/inicio\\\/index.php\\\/2023\\\/10\\\/02\\\/tras-la-presion-de-massa-insaurralde-renuncio-a-su-candidatura-a-concejal-en-lomas\\\/\"},\"author\":{\"name\":\"Diario1 Diario1\",\"@id\":\"https:\\\/\\\/diariotextual.com\\\/inicio\\\/#\\\/schema\\\/person\\\/418fc4093c33e86ed41562db3508f958\"},\"headline\":\"Tras la presi\u00f3n de Massa, Insaurralde renunci\u00f3 a su candidatura a concejal en Lomas\",\"datePublished\":\"2023-10-02T17:29:54+00:00\",\"dateModified\":\"2023-10-03T12:39:47+00:00\",\"mainEntityOfPage\":{\"@id\":\"https:\\\/\\\/diariotextual.com\\\/inicio\\\/index.php\\\/2023\\\/10\\\/02\\\/tras-la-presion-de-massa-insaurralde-renuncio-a-su-candidatura-a-concejal-en-lomas\\\/\"},\"wordCount\":218,\"publisher\":{\"@id\":\"https:\\\/\\\/diariotextual.com\\\/inicio\\\/#organization\"},\"image\":{\"@id\":\"https:\\\/\\\/diariotextual.com\\\/inicio\\\/index.php\\\/2023\\\/10\\\/02\\\/tras-la-presion-de-massa-insaurralde-renuncio-a-su-candidatura-a-concejal-en-lomas\\\/#primaryimage\"},\"thumbnailUrl\":\"https:\\\/\\\/diariotextual.com\\\/inicio\\\/wp-content\\\/uploads\\\/2021\\\/09\\\/insaurralde-martin.jpg\",\"articleSection\":[\"A - QUE PASA (al costado)\",\"POLITICA\"],\"inLanguage\":\"es\"},{\"@type\":\"WebPage\",\"@id\":\"https:\\\/\\\/diariotextual.com\\\/inicio\\\/index.php\\\/2023\\\/10\\\/02\\\/tras-la-presion-de-massa-insaurralde-renuncio-a-su-candidatura-a-concejal-en-lomas\\\/\",\"url\":\"https:\\\/\\\/diariotextual.com\\\/inicio\\\/index.php\\\/2023\\\/10\\\/02\\\/tras-la-presion-de-massa-insaurralde-renuncio-a-su-candidatura-a-concejal-en-lomas\\\/\",\"name\":\"Tras la presi\u00f3n de Massa, Insaurralde renunci\u00f3 a su candidatura a concejal en Lomas - Diario Textual\",\"isPartOf\":{\"@id\":\"https:\\\/\\\/diariotextual.com\\\/inicio\\\/#website\"},\"primaryImageOfPage\":{\"@id\":\"https:\\\/\\\/diariotextual.com\\\/inicio\\\/index.php\\\/2023\\\/10\\\/02\\\/tras-la-presion-de-massa-insaurralde-renuncio-a-su-candidatura-a-concejal-en-lomas\\\/#primaryimage\"},\"image\":{\"@id\":\"https:\\\/\\\/diariotextual.com\\\/inicio\\\/index.php\\\/2023\\\/10\\\/02\\\/tras-la-presion-de-massa-insaurralde-renuncio-a-su-candidatura-a-concejal-en-lomas\\\/#primaryimage\"},\"thumbnailUrl\":\"https:\\\/\\\/diariotextual.com\\\/inicio\\\/wp-content\\\/uploads\\\/2021\\\/09\\\/insaurralde-martin.jpg\",\"datePublished\":\"2023-10-02T17:29:54+00:00\",\"dateModified\":\"2023-10-03T12:39:47+00:00\",\"breadcrumb\":{\"@id\":\"https:\\\/\\\/diariotextual.com\\\/inicio\\\/index.php\\\/2023\\\/10\\\/02\\\/tras-la-presion-de-massa-insaurralde-renuncio-a-su-candidatura-a-concejal-en-lomas\\\/#breadcrumb\"},\"inLanguage\":\"es\",\"potentialAction\":[{\"@type\":\"ReadAction\",\"target\":[\"https:\\\/\\\/diariotextual.com\\\/inicio\\\/index.php\\\/2023\\\/10\\\/02\\\/tras-la-presion-de-massa-insaurralde-renuncio-a-su-candidatura-a-concejal-en-lomas\\\/\"]}]},{\"@type\":\"ImageObject\",\"inLanguage\":\"es\",\"@id\":\"https:\\\/\\\/diariotextual.com\\\/inicio\\\/index.php\\\/2023\\\/10\\\/02\\\/tras-la-presion-de-massa-insaurralde-renuncio-a-su-candidatura-a-concejal-en-lomas\\\/#primaryimage\",\"url\":\"https:\\\/\\\/diariotextual.com\\\/inicio\\\/wp-content\\\/uploads\\\/2021\\\/09\\\/insaurralde-martin.jpg\",\"contentUrl\":\"https:\\\/\\\/diariotextual.com\\\/inicio\\\/wp-content\\\/uploads\\\/2021\\\/09\\\/insaurralde-martin.jpg\",\"width\":448,\"height\":298},{\"@type\":\"BreadcrumbList\",\"@id\":\"https:\\\/\\\/diariotextual.com\\\/inicio\\\/index.php\\\/2023\\\/10\\\/02\\\/tras-la-presion-de-massa-insaurralde-renuncio-a-su-candidatura-a-concejal-en-lomas\\\/#breadcrumb\",\"itemListElement\":[{\"@type\":\"ListItem\",\"position\":1,\"name\":\"Portada\",\"item\":\"https:\\\/\\\/diariotextual.com\\\/inicio\\\/\"},{\"@type\":\"ListItem\",\"position\":2,\"name\":\"Tras la presi\u00f3n de Massa, Insaurralde renunci\u00f3 a su candidatura a concejal en Lomas\"}]},{\"@type\":\"WebSite\",\"@id\":\"https:\\\/\\\/diariotextual.com\\\/inicio\\\/#website\",\"url\":\"https:\\\/\\\/diariotextual.com\\\/inicio\\\/\",\"name\":\"Diario Textual\",\"description\":\"\",\"publisher\":{\"@id\":\"https:\\\/\\\/diariotextual.com\\\/inicio\\\/#organization\"},\"potentialAction\":[{\"@type\":\"SearchAction\",\"target\":{\"@type\":\"EntryPoint\",\"urlTemplate\":\"https:\\\/\\\/diariotextual.com\\\/inicio\\\/?s={search_term_string}\"},\"query-input\":{\"@type\":\"PropertyValueSpecification\",\"valueRequired\":true,\"valueName\":\"search_term_string\"}}],\"inLanguage\":\"es\"},{\"@type\":\"Organization\",\"@id\":\"https:\\\/\\\/diariotextual.com\\\/inicio\\\/#organization\",\"name\":\"Diario Textual\",\"url\":\"https:\\\/\\\/diariotextual.com\\\/inicio\\\/\",\"logo\":{\"@type\":\"ImageObject\",\"inLanguage\":\"es\",\"@id\":\"https:\\\/\\\/diariotextual.com\\\/inicio\\\/#\\\/schema\\\/logo\\\/image\\\/\",\"url\":\"https:\\\/\\\/diariotextual.com\\\/inicio\\\/wp-content\\\/uploads\\\/2023\\\/05\\\/logotextual1.jpg\",\"contentUrl\":\"https:\\\/\\\/diariotextual.com\\\/inicio\\\/wp-content\\\/uploads\\\/2023\\\/05\\\/logotextual1.jpg\",\"width\":516,\"height\":76,\"caption\":\"Diario Textual\"},\"image\":{\"@id\":\"https:\\\/\\\/diariotextual.com\\\/inicio\\\/#\\\/schema\\\/logo\\\/image\\\/\"},\"sameAs\":[\"https:\\\/\\\/www.facebook.com\\\/eltextual\",\"https:\\\/\\\/x.com\\\/eltextual\",\"http:\\\/\\\/www.instagram.com\\\/eltextual\"]},{\"@type\":\"Person\",\"@id\":\"https:\\\/\\\/diariotextual.com\\\/inicio\\\/#\\\/schema\\\/person\\\/418fc4093c33e86ed41562db3508f958\",\"name\":\"Diario1 Diario1\",\"image\":{\"@type\":\"ImageObject\",\"inLanguage\":\"es\",\"@id\":\"https:\\\/\\\/secure.gravatar.com\\\/avatar\\\/9167d280179c85bc18be67aa7eda765854300033af4896dd779b608640f2ef7a?s=96&d=mm&r=g\",\"url\":\"https:\\\/\\\/secure.gravatar.com\\\/avatar\\\/9167d280179c85bc18be67aa7eda765854300033af4896dd779b608640f2ef7a?s=96&d=mm&r=g\",\"contentUrl\":\"https:\\\/\\\/secure.gravatar.com\\\/avatar\\\/9167d280179c85bc18be67aa7eda765854300033af4896dd779b608640f2ef7a?s=96&d=mm&r=g\",\"caption\":\"Diario1 Diario1\"},\"url\":\"https:\\\/\\\/diariotextual.com\\\/inicio\\\/index.php\\\/author\\\/diario1\\\/\"}]}<\/script>\n<!-- \/ Yoast SEO plugin. -->","yoast_head_json":{"title":"Tras la presi\u00f3n de Massa, Insaurralde renunci\u00f3 a su candidatura a concejal en Lomas - Diario Textual","robots":{"index":"index","follow":"follow","max-snippet":"max-snippet:-1","max-image-preview":"max-image-preview:large","max-video-preview":"max-video-preview:-1"},"canonical":"https:\/\/diariotextual.com\/inicio\/index.php\/2023\/10\/02\/tras-la-presion-de-massa-insaurralde-renuncio-a-su-candidatura-a-concejal-en-lomas\/","og_locale":"es_ES","og_type":"article","og_title":"Tras la presi\u00f3n de Massa, Insaurralde renunci\u00f3 a su candidatura a concejal en Lomas - Diario Textual","og_description":"Luego del esc\u00e1ndalo por su lujoso viaje a Marbella en plena campa\u00f1a, Mart\u00edn Insaurralde tambi\u00e9n renunci\u00f3 a su candidatura a concejal en Lomas de Zamora. La decisi\u00f3n se tom\u00f3 horas&hellip;","og_url":"https:\/\/diariotextual.com\/inicio\/index.php\/2023\/10\/02\/tras-la-presion-de-massa-insaurralde-renuncio-a-su-candidatura-a-concejal-en-lomas\/","og_site_name":"Diario Textual","article_publisher":"https:\/\/www.facebook.com\/eltextual","article_published_time":"2023-10-02T17:29:54+00:00","article_modified_time":"2023-10-03T12:39:47+00:00","og_image":[{"width":448,"height":298,"url":"https:\/\/diariotextual.com\/inicio\/wp-content\/uploads\/2021\/09\/insaurralde-martin.jpg","type":"image\/jpeg"}],"author":"Diario1 Diario1","twitter_card":"summary_large_image","twitter_creator":"@eltextual","twitter_site":"@eltextual","twitter_misc":{"Escrito por":"Diario1 Diario1","Tiempo de lectura":"1 minuto"},"schema":{"@context":"https:\/\/schema.org","@graph":[{"@type":"Article","@id":"https:\/\/diariotextual.com\/inicio\/index.php\/2023\/10\/02\/tras-la-presion-de-massa-insaurralde-renuncio-a-su-candidatura-a-concejal-en-lomas\/#article","isPartOf":{"@id":"https:\/\/diariotextual.com\/inicio\/index.php\/2023\/10\/02\/tras-la-presion-de-massa-insaurralde-renuncio-a-su-candidatura-a-concejal-en-lomas\/"},"author":{"name":"Diario1 Diario1","@id":"https:\/\/diariotextual.com\/inicio\/#\/schema\/person\/418fc4093c33e86ed41562db3508f958"},"headline":"Tras la presi\u00f3n de Massa, Insaurralde renunci\u00f3 a su candidatura a concejal en Lomas","datePublished":"2023-10-02T17:29:54+00:00","dateModified":"2023-10-03T12:39:47+00:00","mainEntityOfPage":{"@id":"https:\/\/diariotextual.com\/inicio\/index.php\/2023\/10\/02\/tras-la-presion-de-massa-insaurralde-renuncio-a-su-candidatura-a-concejal-en-lomas\/"},"wordCount":218,"publisher":{"@id":"https:\/\/diariotextual.com\/inicio\/#organization"},"image":{"@id":"https:\/\/diariotextual.com\/inicio\/index.php\/2023\/10\/02\/tras-la-presion-de-massa-insaurralde-renuncio-a-su-candidatura-a-concejal-en-lomas\/#primaryimage"},"thumbnailUrl":"https:\/\/diariotextual.com\/inicio\/wp-content\/uploads\/2021\/09\/insaurralde-martin.jpg","articleSection":["A - QUE PASA (al costado)","POLITICA"],"inLanguage":"es"},{"@type":"WebPage","@id":"https:\/\/diariotextual.com\/inicio\/index.php\/2023\/10\/02\/tras-la-presion-de-massa-insaurralde-renuncio-a-su-candidatura-a-concejal-en-lomas\/","url":"https:\/\/diariotextual.com\/inicio\/index.php\/2023\/10\/02\/tras-la-presion-de-massa-insaurralde-renuncio-a-su-candidatura-a-concejal-en-lomas\/","name":"Tras la presi\u00f3n de Massa, Insaurralde renunci\u00f3 a su candidatura a concejal en Lomas - Diario Textual","isPartOf":{"@id":"https:\/\/diariotextual.com\/inicio\/#website"},"primaryImageOfPage":{"@id":"https:\/\/diariotextual.com\/inicio\/index.php\/2023\/10\/02\/tras-la-presion-de-massa-insaurralde-renuncio-a-su-candidatura-a-concejal-en-lomas\/#primaryimage"},"image":{"@id":"https:\/\/diariotextual.com\/inicio\/index.php\/2023\/10\/02\/tras-la-presion-de-massa-insaurralde-renuncio-a-su-candidatura-a-concejal-en-lomas\/#primaryimage"},"thumbnailUrl":"https:\/\/diariotextual.com\/inicio\/wp-content\/uploads\/2021\/09\/insaurralde-martin.jpg","datePublished":"2023-10-02T17:29:54+00:00","dateModified":"2023-10-03T12:39:47+00:00","breadcrumb":{"@id":"https:\/\/diariotextual.com\/inicio\/index.php\/2023\/10\/02\/tras-la-presion-de-massa-insaurralde-renuncio-a-su-candidatura-a-concejal-en-lomas\/#breadcrumb"},"inLanguage":"es","potentialAction":[{"@type":"ReadAction","target":["https:\/\/diariotextual.com\/inicio\/index.php\/2023\/10\/02\/tras-la-presion-de-massa-insaurralde-renuncio-a-su-candidatura-a-concejal-en-lomas\/"]}]},{"@type":"ImageObject","inLanguage":"es","@id":"https:\/\/diariotextual.com\/inicio\/index.php\/2023\/10\/02\/tras-la-presion-de-massa-insaurralde-renuncio-a-su-candidatura-a-concejal-en-lomas\/#primaryimage","url":"https:\/\/diariotextual.com\/inicio\/wp-content\/uploads\/2021\/09\/insaurralde-martin.jpg","contentUrl":"https:\/\/diariotextual.com\/inicio\/wp-content\/uploads\/2021\/09\/insaurralde-martin.jpg","width":448,"height":298},{"@type":"BreadcrumbList","@id":"https:\/\/diariotextual.com\/inicio\/index.php\/2023\/10\/02\/tras-la-presion-de-massa-insaurralde-renuncio-a-su-candidatura-a-concejal-en-lomas\/#breadcrumb","itemListElement":[{"@type":"ListItem","position":1,"name":"Portada","item":"https:\/\/diariotextual.com\/inicio\/"},{"@type":"ListItem","position":2,"name":"Tras la presi\u00f3n de Massa, Insaurralde renunci\u00f3 a su candidatura a concejal en Lomas"}]},{"@type":"WebSite","@id":"https:\/\/diariotextual.com\/inicio\/#website","url":"https:\/\/diariotextual.com\/inicio\/","name":"Diario Textual","description":"","publisher":{"@id":"https:\/\/diariotextual.com\/inicio\/#organization"},"potentialAction":[{"@type":"SearchAction","target":{"@type":"EntryPoint","urlTemplate":"https:\/\/diariotextual.com\/inicio\/?s={search_term_string}"},"query-input":{"@type":"PropertyValueSpecification","valueRequired":true,"valueName":"search_term_string"}}],"inLanguage":"es"},{"@type":"Organization","@id":"https:\/\/diariotextual.com\/inicio\/#organization","name":"Diario Textual","url":"https:\/\/diariotextual.com\/inicio\/","logo":{"@type":"ImageObject","inLanguage":"es","@id":"https:\/\/diariotextual.com\/inicio\/#\/schema\/logo\/image\/","url":"https:\/\/diariotextual.com\/inicio\/wp-content\/uploads\/2023\/05\/logotextual1.jpg","contentUrl":"https:\/\/diariotextual.com\/inicio\/wp-content\/uploads\/2023\/05\/logotextual1.jpg","width":516,"height":76,"caption":"Diario Textual"},"image":{"@id":"https:\/\/diariotextual.com\/inicio\/#\/schema\/logo\/image\/"},"sameAs":["https:\/\/www.facebook.com\/eltextual","https:\/\/x.com\/eltextual","http:\/\/www.instagram.com\/eltextual"]},{"@type":"Person","@id":"https:\/\/diariotextual.com\/inicio\/#\/schema\/person\/418fc4093c33e86ed41562db3508f958","name":"Diario1 Diario1","image":{"@type":"ImageObject","inLanguage":"es","@id":"https:\/\/secure.gravatar.com\/avatar\/9167d280179c85bc18be67aa7eda765854300033af4896dd779b608640f2ef7a?s=96&d=mm&r=g","url":"https:\/\/secure.gravatar.com\/avatar\/9167d280179c85bc18be67aa7eda765854300033af4896dd779b608640f2ef7a?s=96&d=mm&r=g","contentUrl":"https:\/\/secure.gravatar.com\/avatar\/9167d280179c85bc18be67aa7eda765854300033af4896dd779b608640f2ef7a?s=96&d=mm&r=g","caption":"Diario1 Diario1"},"url":"https:\/\/diariotextual.com\/inicio\/index.php\/author\/diario1\/"}]}},"_links":{"self":[{"href":"https:\/\/diariotextual.com\/inicio\/index.php\/wp-json\/wp\/v2\/posts\/239536","targetHints":{"allow":["GET"]}}],"collection":[{"href":"https:\/\/diariotextual.com\/inicio\/index.php\/wp-json\/wp\/v2\/posts"}],"about":[{"href":"https:\/\/diariotextual.com\/inicio\/index.php\/wp-json\/wp\/v2\/types\/post"}],"author":[{"embeddable":true,"href":"https:\/\/diariotextual.com\/inicio\/index.php\/wp-json\/wp\/v2\/users\/3"}],"replies":[{"embeddable":true,"href":"https:\/\/diariotextual.com\/inicio\/index.php\/wp-json\/wp\/v2\/comments?post=239536"}],"version-history":[{"count":3,"href":"https:\/\/diariotextual.com\/inicio\/index.php\/wp-json\/wp\/v2\/posts\/239536\/revisions"}],"predecessor-version":[{"id":239539,"href":"https:\/\/diariotextual.com\/inicio\/index.php\/wp-json\/wp\/v2\/posts\/239536\/revisions\/239539"}],"wp:featuredmedia":[{"embeddable":true,"href":"https:\/\/diariotextual.com\/inicio\/index.php\/wp-json\/wp\/v2\/media\/162034"}],"wp:attachment":[{"href":"https:\/\/diariotextual.com\/inicio\/index.php\/wp-json\/wp\/v2\/media?parent=239536"}],"wp:term":[{"taxonomy":"category","embeddable":true,"href":"https:\/\/diariotextual.com\/inicio\/index.php\/wp-json\/wp\/v2\/categories?post=239536"},{"taxonomy":"post_tag","embeddable":true,"href":"https:\/\/diariotextual.com\/inicio\/index.php\/wp-json\/wp\/v2\/tags?post=239536"}],"curies":[{"name":"wp","href":"https:\/\/api.w.org\/{rel}","templated":true}]}}