{"id":239588,"date":"2023-10-02T20:03:22","date_gmt":"2023-10-02T23:03:22","guid":{"rendered":"https:\/\/diariotextual.com\/inicio\/?p=239588"},"modified":"2023-10-03T07:25:59","modified_gmt":"2023-10-03T10:25:59","slug":"si-la-conectividad-pasa-por-bullrich-o-milei-la-patagonia-estara-olvidada","status":"publish","type":"post","link":"https:\/\/diariotextual.com\/inicio\/index.php\/2023\/10\/02\/si-la-conectividad-pasa-por-bullrich-o-milei-la-patagonia-estara-olvidada\/","title":{"rendered":"\u201cSi la conectividad pasa por Bullrich o Milei, la Patagonia estar\u00e1 olvidada\u201d"},"content":{"rendered":"\n<p>En el marco del <strong>Encuentro Provincial de Telecomunicaciones, el vicegobernador de La Pampa, Mariano Fern\u00e1ndez<\/strong>, recibi\u00f3 en su despacho a una delegaci\u00f3n encabezada por el <strong>director nacional de Enacom, Javier Forlenza, y el ministro de Conectividad y Modernizaci\u00f3n de La Pampa, Antonio Curciarello.<\/strong><\/p>\n\n\n\n<p>\u201cEstas jornadas que organizan son fundamentales para la capacitaci\u00f3n y para la concientizaci\u00f3n, porque en este contexto<strong> si la conectividad pasa por (Patricia) Bullrich o (Javier) Milei habr\u00e1 un federalismo pragm\u00e1tico, es decir solo habr\u00e1n obras en los sitios donde son rentables los negocios, y la Patagonia estar\u00e1 olvidada<\/strong>\u201d, expres\u00f3 Fern\u00e1ndez.<\/p>\n\n\n\n<p>Del encuentro tambi\u00e9n participaron el secretario General de Telecomunicaciones (Foeesitra) Daniel Rodr\u00edguez, el diputado provincial, secretario de Telecomunicaciones de La Pampa y secretario de prensa de Foeesitra, C\u00e9sar Montes de Oca, el secretario general de Soeesit La Plata y secretario de Organizaci\u00f3n de Foeesitra, Cristian Vander, la viceintendenta electa, Romina Montes de Oca, el delegado local del Enacom, Guillermo Rechimont y la delegada de la Patagonia de la CNRT, Mariel Schwert.<\/p>\n\n\n\n<p>Fern\u00e1ndez tambi\u00e9n destac\u00f3 la tarea del ministro Antonio Curciarello y del Ejecutivo provincial en el desarrollo de la conectividad en la provincia. \u201cEs un m\u00e9rito de Antonio (Curciarello) y del Gobierno el hecho de empezar a correr el velo de todo lo que hay detr\u00e1s de las telecomunicaciones, por ejemplo con la discusi\u00f3n de hasta d\u00f3nde le interesa estar al privado y en qu\u00e9 circunstancia es necesario que est\u00e9 el Estado para que la conectividad llegue hasta el \u00faltimo habitante\u201d, expres\u00f3.<\/p>\n\n\n\n<p>Por su parte, Forlenza dijo: \u201cUno de los grandes temas de estas jornadas es la de concientizar acerca de la soberan\u00eda, que tiene que ser siempre a partir de las pymes. La conectividad es el nuevo derecho esencial que tenemos que garantizar, porque si eso se vulnera, deja de haber justicia social\u201d.<\/p>\n\n\n\n<p>Y el ministro de Conectividad pampeano agreg\u00f3: \u201cViene muy oportuno este encuentro en este momento en que se est\u00e1 discutiendo no el rol, sino directamente si hay Estado o no lo hay. Si no fuese por la presencia del Estado, en La Pampa una gran cantidad de sitios no tendr\u00edan acceso a Internet\u201d y dijo que otro de los desaf\u00edos en este contexto es determinar \u201cc\u00f3mo se protege a las cooperativas y a las pymes\u201d.<\/p>\n\n\n\n<p>Montes de Oca expres\u00f3 que, en material de telecomunicaciones, ha habido un \u201cesfuerzo colosal\u201d de la Naci\u00f3n, Provincia y de las pymes, junto al despliegue de Empatel. \u201cSe debe generar una planificaci\u00f3n estrat\u00e9gica, teniendo en cuenta la ubicaci\u00f3n de La Pampa en el pa\u00eds, siendo el nexo del norte y del sur\u201d, afirm\u00f3.<\/p>\n\n\n\n<p>M\u00e1s adelante, el presidente de la Legislatura se refiri\u00f3 a las elecciones presidenciales que se disputar\u00e1n el 22 de octubre. \u201cQue gane (Javier) Milei o (Patricia) Bullrich es un peligro para La Pampa pero tambi\u00e9n para la democracia. Queremos que gane (Sergio) Massa porque Argentina est\u00e1 en condiciones de que salga al mundo con los recursos que tenemos y que el exterior demanda\u201d, dijo.<\/p>\n","protected":false},"excerpt":{"rendered":"<p>En el marco del Encuentro Provincial de Telecomunicaciones, el vicegobernador de La Pampa, Mariano Fern\u00e1ndez, recibi\u00f3 en su despacho a una delegaci\u00f3n encabezada por el director nacional de Enacom, Javier&hellip;<\/p>\n","protected":false},"author":5,"featured_media":239590,"comment_status":"closed","ping_status":"open","sticky":false,"template":"","format":"standard","meta":{"_acf_changed":false,"footnotes":""},"categories":[1,11,8],"tags":[2027,2115,2371,4066],"class_list":["post-239588","post","type-post","status-publish","format-standard","has-post-thumbnail","hentry","category-es-noticia","category-que-pasa","category-politica","tag-empatel","tag-enacom","tag-internet","tag-legislatura"],"acf":[],"yoast_head":"<!-- This site is optimized with the Yoast SEO plugin v27.5 - https:\/\/yoast.com\/product\/yoast-seo-wordpress\/ -->\n<title>\u201cSi la conectividad pasa por Bullrich o Milei, la Patagonia estar\u00e1 olvidada\u201d - Diario Textual<\/title>\n<meta name=\"robots\" content=\"index, follow, max-snippet:-1, max-image-preview:large, max-video-preview:-1\" \/>\n<link rel=\"canonical\" href=\"https:\/\/diariotextual.com\/inicio\/index.php\/2023\/10\/02\/si-la-conectividad-pasa-por-bullrich-o-milei-la-patagonia-estara-olvidada\/\" \/>\n<meta property=\"og:locale\" content=\"es_ES\" \/>\n<meta property=\"og:type\" content=\"article\" \/>\n<meta property=\"og:title\" content=\"\u201cSi la conectividad pasa por Bullrich o Milei, la Patagonia estar\u00e1 olvidada\u201d - Diario Textual\" \/>\n<meta property=\"og:description\" content=\"En el marco del Encuentro Provincial de Telecomunicaciones, el vicegobernador de La Pampa, Mariano Fern\u00e1ndez, recibi\u00f3 en su despacho a una delegaci\u00f3n encabezada por el director nacional de Enacom, Javier&hellip;\" \/>\n<meta property=\"og:url\" content=\"https:\/\/diariotextual.com\/inicio\/index.php\/2023\/10\/02\/si-la-conectividad-pasa-por-bullrich-o-milei-la-patagonia-estara-olvidada\/\" \/>\n<meta property=\"og:site_name\" content=\"Diario Textual\" \/>\n<meta property=\"article:publisher\" content=\"https:\/\/www.facebook.com\/eltextual\" \/>\n<meta property=\"article:published_time\" content=\"2023-10-02T23:03:22+00:00\" \/>\n<meta property=\"article:modified_time\" content=\"2023-10-03T10:25:59+00:00\" \/>\n<meta property=\"og:image\" content=\"https:\/\/diariotextual.com\/inicio\/wp-content\/uploads\/2023\/10\/fernandezmarianoforlenza102023.png\" \/>\n\t<meta property=\"og:image:width\" content=\"900\" \/>\n\t<meta property=\"og:image:height\" content=\"457\" \/>\n\t<meta property=\"og:image:type\" content=\"image\/png\" \/>\n<meta name=\"author\" content=\"diario3\" \/>\n<meta name=\"twitter:card\" content=\"summary_large_image\" \/>\n<meta name=\"twitter:creator\" content=\"@eltextual\" \/>\n<meta name=\"twitter:site\" content=\"@eltextual\" \/>\n<meta name=\"twitter:label1\" content=\"Escrito por\" \/>\n\t<meta name=\"twitter:data1\" content=\"diario3\" \/>\n\t<meta name=\"twitter:label2\" content=\"Tiempo de lectura\" \/>\n\t<meta name=\"twitter:data2\" content=\"3 minutos\" \/>\n<script type=\"application\/ld+json\" class=\"yoast-schema-graph\">{\"@context\":\"https:\\\/\\\/schema.org\",\"@graph\":[{\"@type\":\"Article\",\"@id\":\"https:\\\/\\\/diariotextual.com\\\/inicio\\\/index.php\\\/2023\\\/10\\\/02\\\/si-la-conectividad-pasa-por-bullrich-o-milei-la-patagonia-estara-olvidada\\\/#article\",\"isPartOf\":{\"@id\":\"https:\\\/\\\/diariotextual.com\\\/inicio\\\/index.php\\\/2023\\\/10\\\/02\\\/si-la-conectividad-pasa-por-bullrich-o-milei-la-patagonia-estara-olvidada\\\/\"},\"author\":{\"name\":\"diario3\",\"@id\":\"https:\\\/\\\/diariotextual.com\\\/inicio\\\/#\\\/schema\\\/person\\\/a1b6f563e0ee944c60f98119389a4d9f\"},\"headline\":\"\u201cSi la conectividad pasa por Bullrich o Milei, la Patagonia estar\u00e1 olvidada\u201d\",\"datePublished\":\"2023-10-02T23:03:22+00:00\",\"dateModified\":\"2023-10-03T10:25:59+00:00\",\"mainEntityOfPage\":{\"@id\":\"https:\\\/\\\/diariotextual.com\\\/inicio\\\/index.php\\\/2023\\\/10\\\/02\\\/si-la-conectividad-pasa-por-bullrich-o-milei-la-patagonia-estara-olvidada\\\/\"},\"wordCount\":531,\"publisher\":{\"@id\":\"https:\\\/\\\/diariotextual.com\\\/inicio\\\/#organization\"},\"image\":{\"@id\":\"https:\\\/\\\/diariotextual.com\\\/inicio\\\/index.php\\\/2023\\\/10\\\/02\\\/si-la-conectividad-pasa-por-bullrich-o-milei-la-patagonia-estara-olvidada\\\/#primaryimage\"},\"thumbnailUrl\":\"https:\\\/\\\/diariotextual.com\\\/inicio\\\/wp-content\\\/uploads\\\/2023\\\/10\\\/fernandezmarianoforlenza102023.png\",\"keywords\":[\"Empatel\",\"enacom\",\"internet\",\"legislatura\"],\"articleSection\":[\"A - ES NOTICIA (van abajo)\",\"A - QUE PASA (al costado)\",\"POLITICA\"],\"inLanguage\":\"es\"},{\"@type\":\"WebPage\",\"@id\":\"https:\\\/\\\/diariotextual.com\\\/inicio\\\/index.php\\\/2023\\\/10\\\/02\\\/si-la-conectividad-pasa-por-bullrich-o-milei-la-patagonia-estara-olvidada\\\/\",\"url\":\"https:\\\/\\\/diariotextual.com\\\/inicio\\\/index.php\\\/2023\\\/10\\\/02\\\/si-la-conectividad-pasa-por-bullrich-o-milei-la-patagonia-estara-olvidada\\\/\",\"name\":\"\u201cSi la conectividad pasa por Bullrich o Milei, la Patagonia estar\u00e1 olvidada\u201d - Diario Textual\",\"isPartOf\":{\"@id\":\"https:\\\/\\\/diariotextual.com\\\/inicio\\\/#website\"},\"primaryImageOfPage\":{\"@id\":\"https:\\\/\\\/diariotextual.com\\\/inicio\\\/index.php\\\/2023\\\/10\\\/02\\\/si-la-conectividad-pasa-por-bullrich-o-milei-la-patagonia-estara-olvidada\\\/#primaryimage\"},\"image\":{\"@id\":\"https:\\\/\\\/diariotextual.com\\\/inicio\\\/index.php\\\/2023\\\/10\\\/02\\\/si-la-conectividad-pasa-por-bullrich-o-milei-la-patagonia-estara-olvidada\\\/#primaryimage\"},\"thumbnailUrl\":\"https:\\\/\\\/diariotextual.com\\\/inicio\\\/wp-content\\\/uploads\\\/2023\\\/10\\\/fernandezmarianoforlenza102023.png\",\"datePublished\":\"2023-10-02T23:03:22+00:00\",\"dateModified\":\"2023-10-03T10:25:59+00:00\",\"breadcrumb\":{\"@id\":\"https:\\\/\\\/diariotextual.com\\\/inicio\\\/index.php\\\/2023\\\/10\\\/02\\\/si-la-conectividad-pasa-por-bullrich-o-milei-la-patagonia-estara-olvidada\\\/#breadcrumb\"},\"inLanguage\":\"es\",\"potentialAction\":[{\"@type\":\"ReadAction\",\"target\":[\"https:\\\/\\\/diariotextual.com\\\/inicio\\\/index.php\\\/2023\\\/10\\\/02\\\/si-la-conectividad-pasa-por-bullrich-o-milei-la-patagonia-estara-olvidada\\\/\"]}]},{\"@type\":\"ImageObject\",\"inLanguage\":\"es\",\"@id\":\"https:\\\/\\\/diariotextual.com\\\/inicio\\\/index.php\\\/2023\\\/10\\\/02\\\/si-la-conectividad-pasa-por-bullrich-o-milei-la-patagonia-estara-olvidada\\\/#primaryimage\",\"url\":\"https:\\\/\\\/diariotextual.com\\\/inicio\\\/wp-content\\\/uploads\\\/2023\\\/10\\\/fernandezmarianoforlenza102023.png\",\"contentUrl\":\"https:\\\/\\\/diariotextual.com\\\/inicio\\\/wp-content\\\/uploads\\\/2023\\\/10\\\/fernandezmarianoforlenza102023.png\",\"width\":900,\"height\":457},{\"@type\":\"BreadcrumbList\",\"@id\":\"https:\\\/\\\/diariotextual.com\\\/inicio\\\/index.php\\\/2023\\\/10\\\/02\\\/si-la-conectividad-pasa-por-bullrich-o-milei-la-patagonia-estara-olvidada\\\/#breadcrumb\",\"itemListElement\":[{\"@type\":\"ListItem\",\"position\":1,\"name\":\"Portada\",\"item\":\"https:\\\/\\\/diariotextual.com\\\/inicio\\\/\"},{\"@type\":\"ListItem\",\"position\":2,\"name\":\"\u201cSi la conectividad pasa por Bullrich o Milei, la Patagonia estar\u00e1 olvidada\u201d\"}]},{\"@type\":\"WebSite\",\"@id\":\"https:\\\/\\\/diariotextual.com\\\/inicio\\\/#website\",\"url\":\"https:\\\/\\\/diariotextual.com\\\/inicio\\\/\",\"name\":\"Diario Textual\",\"description\":\"\",\"publisher\":{\"@id\":\"https:\\\/\\\/diariotextual.com\\\/inicio\\\/#organization\"},\"potentialAction\":[{\"@type\":\"SearchAction\",\"target\":{\"@type\":\"EntryPoint\",\"urlTemplate\":\"https:\\\/\\\/diariotextual.com\\\/inicio\\\/?s={search_term_string}\"},\"query-input\":{\"@type\":\"PropertyValueSpecification\",\"valueRequired\":true,\"valueName\":\"search_term_string\"}}],\"inLanguage\":\"es\"},{\"@type\":\"Organization\",\"@id\":\"https:\\\/\\\/diariotextual.com\\\/inicio\\\/#organization\",\"name\":\"Diario Textual\",\"url\":\"https:\\\/\\\/diariotextual.com\\\/inicio\\\/\",\"logo\":{\"@type\":\"ImageObject\",\"inLanguage\":\"es\",\"@id\":\"https:\\\/\\\/diariotextual.com\\\/inicio\\\/#\\\/schema\\\/logo\\\/image\\\/\",\"url\":\"https:\\\/\\\/diariotextual.com\\\/inicio\\\/wp-content\\\/uploads\\\/2023\\\/05\\\/logotextual1.jpg\",\"contentUrl\":\"https:\\\/\\\/diariotextual.com\\\/inicio\\\/wp-content\\\/uploads\\\/2023\\\/05\\\/logotextual1.jpg\",\"width\":516,\"height\":76,\"caption\":\"Diario Textual\"},\"image\":{\"@id\":\"https:\\\/\\\/diariotextual.com\\\/inicio\\\/#\\\/schema\\\/logo\\\/image\\\/\"},\"sameAs\":[\"https:\\\/\\\/www.facebook.com\\\/eltextual\",\"https:\\\/\\\/x.com\\\/eltextual\",\"http:\\\/\\\/www.instagram.com\\\/eltextual\"]},{\"@type\":\"Person\",\"@id\":\"https:\\\/\\\/diariotextual.com\\\/inicio\\\/#\\\/schema\\\/person\\\/a1b6f563e0ee944c60f98119389a4d9f\",\"name\":\"diario3\",\"image\":{\"@type\":\"ImageObject\",\"inLanguage\":\"es\",\"@id\":\"https:\\\/\\\/secure.gravatar.com\\\/avatar\\\/5e7ee62c82fc04d9dd79d746a390d93c69c43223e5faeeb3ea9461ef752bfc5d?s=96&d=mm&r=g\",\"url\":\"https:\\\/\\\/secure.gravatar.com\\\/avatar\\\/5e7ee62c82fc04d9dd79d746a390d93c69c43223e5faeeb3ea9461ef752bfc5d?s=96&d=mm&r=g\",\"contentUrl\":\"https:\\\/\\\/secure.gravatar.com\\\/avatar\\\/5e7ee62c82fc04d9dd79d746a390d93c69c43223e5faeeb3ea9461ef752bfc5d?s=96&d=mm&r=g\",\"caption\":\"diario3\"},\"url\":\"https:\\\/\\\/diariotextual.com\\\/inicio\\\/index.php\\\/author\\\/diario3\\\/\"}]}<\/script>\n<!-- \/ Yoast SEO plugin. -->","yoast_head_json":{"title":"\u201cSi la conectividad pasa por Bullrich o Milei, la Patagonia estar\u00e1 olvidada\u201d - Diario Textual","robots":{"index":"index","follow":"follow","max-snippet":"max-snippet:-1","max-image-preview":"max-image-preview:large","max-video-preview":"max-video-preview:-1"},"canonical":"https:\/\/diariotextual.com\/inicio\/index.php\/2023\/10\/02\/si-la-conectividad-pasa-por-bullrich-o-milei-la-patagonia-estara-olvidada\/","og_locale":"es_ES","og_type":"article","og_title":"\u201cSi la conectividad pasa por Bullrich o Milei, la Patagonia estar\u00e1 olvidada\u201d - Diario Textual","og_description":"En el marco del Encuentro Provincial de Telecomunicaciones, el vicegobernador de La Pampa, Mariano Fern\u00e1ndez, recibi\u00f3 en su despacho a una delegaci\u00f3n encabezada por el director nacional de Enacom, Javier&hellip;","og_url":"https:\/\/diariotextual.com\/inicio\/index.php\/2023\/10\/02\/si-la-conectividad-pasa-por-bullrich-o-milei-la-patagonia-estara-olvidada\/","og_site_name":"Diario Textual","article_publisher":"https:\/\/www.facebook.com\/eltextual","article_published_time":"2023-10-02T23:03:22+00:00","article_modified_time":"2023-10-03T10:25:59+00:00","og_image":[{"width":900,"height":457,"url":"https:\/\/diariotextual.com\/inicio\/wp-content\/uploads\/2023\/10\/fernandezmarianoforlenza102023.png","type":"image\/png"}],"author":"diario3","twitter_card":"summary_large_image","twitter_creator":"@eltextual","twitter_site":"@eltextual","twitter_misc":{"Escrito por":"diario3","Tiempo de lectura":"3 minutos"},"schema":{"@context":"https:\/\/schema.org","@graph":[{"@type":"Article","@id":"https:\/\/diariotextual.com\/inicio\/index.php\/2023\/10\/02\/si-la-conectividad-pasa-por-bullrich-o-milei-la-patagonia-estara-olvidada\/#article","isPartOf":{"@id":"https:\/\/diariotextual.com\/inicio\/index.php\/2023\/10\/02\/si-la-conectividad-pasa-por-bullrich-o-milei-la-patagonia-estara-olvidada\/"},"author":{"name":"diario3","@id":"https:\/\/diariotextual.com\/inicio\/#\/schema\/person\/a1b6f563e0ee944c60f98119389a4d9f"},"headline":"\u201cSi la conectividad pasa por Bullrich o Milei, la Patagonia estar\u00e1 olvidada\u201d","datePublished":"2023-10-02T23:03:22+00:00","dateModified":"2023-10-03T10:25:59+00:00","mainEntityOfPage":{"@id":"https:\/\/diariotextual.com\/inicio\/index.php\/2023\/10\/02\/si-la-conectividad-pasa-por-bullrich-o-milei-la-patagonia-estara-olvidada\/"},"wordCount":531,"publisher":{"@id":"https:\/\/diariotextual.com\/inicio\/#organization"},"image":{"@id":"https:\/\/diariotextual.com\/inicio\/index.php\/2023\/10\/02\/si-la-conectividad-pasa-por-bullrich-o-milei-la-patagonia-estara-olvidada\/#primaryimage"},"thumbnailUrl":"https:\/\/diariotextual.com\/inicio\/wp-content\/uploads\/2023\/10\/fernandezmarianoforlenza102023.png","keywords":["Empatel","enacom","internet","legislatura"],"articleSection":["A - ES NOTICIA (van abajo)","A - QUE PASA (al costado)","POLITICA"],"inLanguage":"es"},{"@type":"WebPage","@id":"https:\/\/diariotextual.com\/inicio\/index.php\/2023\/10\/02\/si-la-conectividad-pasa-por-bullrich-o-milei-la-patagonia-estara-olvidada\/","url":"https:\/\/diariotextual.com\/inicio\/index.php\/2023\/10\/02\/si-la-conectividad-pasa-por-bullrich-o-milei-la-patagonia-estara-olvidada\/","name":"\u201cSi la conectividad pasa por Bullrich o Milei, la Patagonia estar\u00e1 olvidada\u201d - Diario Textual","isPartOf":{"@id":"https:\/\/diariotextual.com\/inicio\/#website"},"primaryImageOfPage":{"@id":"https:\/\/diariotextual.com\/inicio\/index.php\/2023\/10\/02\/si-la-conectividad-pasa-por-bullrich-o-milei-la-patagonia-estara-olvidada\/#primaryimage"},"image":{"@id":"https:\/\/diariotextual.com\/inicio\/index.php\/2023\/10\/02\/si-la-conectividad-pasa-por-bullrich-o-milei-la-patagonia-estara-olvidada\/#primaryimage"},"thumbnailUrl":"https:\/\/diariotextual.com\/inicio\/wp-content\/uploads\/2023\/10\/fernandezmarianoforlenza102023.png","datePublished":"2023-10-02T23:03:22+00:00","dateModified":"2023-10-03T10:25:59+00:00","breadcrumb":{"@id":"https:\/\/diariotextual.com\/inicio\/index.php\/2023\/10\/02\/si-la-conectividad-pasa-por-bullrich-o-milei-la-patagonia-estara-olvidada\/#breadcrumb"},"inLanguage":"es","potentialAction":[{"@type":"ReadAction","target":["https:\/\/diariotextual.com\/inicio\/index.php\/2023\/10\/02\/si-la-conectividad-pasa-por-bullrich-o-milei-la-patagonia-estara-olvidada\/"]}]},{"@type":"ImageObject","inLanguage":"es","@id":"https:\/\/diariotextual.com\/inicio\/index.php\/2023\/10\/02\/si-la-conectividad-pasa-por-bullrich-o-milei-la-patagonia-estara-olvidada\/#primaryimage","url":"https:\/\/diariotextual.com\/inicio\/wp-content\/uploads\/2023\/10\/fernandezmarianoforlenza102023.png","contentUrl":"https:\/\/diariotextual.com\/inicio\/wp-content\/uploads\/2023\/10\/fernandezmarianoforlenza102023.png","width":900,"height":457},{"@type":"BreadcrumbList","@id":"https:\/\/diariotextual.com\/inicio\/index.php\/2023\/10\/02\/si-la-conectividad-pasa-por-bullrich-o-milei-la-patagonia-estara-olvidada\/#breadcrumb","itemListElement":[{"@type":"ListItem","position":1,"name":"Portada","item":"https:\/\/diariotextual.com\/inicio\/"},{"@type":"ListItem","position":2,"name":"\u201cSi la conectividad pasa por Bullrich o Milei, la Patagonia estar\u00e1 olvidada\u201d"}]},{"@type":"WebSite","@id":"https:\/\/diariotextual.com\/inicio\/#website","url":"https:\/\/diariotextual.com\/inicio\/","name":"Diario Textual","description":"","publisher":{"@id":"https:\/\/diariotextual.com\/inicio\/#organization"},"potentialAction":[{"@type":"SearchAction","target":{"@type":"EntryPoint","urlTemplate":"https:\/\/diariotextual.com\/inicio\/?s={search_term_string}"},"query-input":{"@type":"PropertyValueSpecification","valueRequired":true,"valueName":"search_term_string"}}],"inLanguage":"es"},{"@type":"Organization","@id":"https:\/\/diariotextual.com\/inicio\/#organization","name":"Diario Textual","url":"https:\/\/diariotextual.com\/inicio\/","logo":{"@type":"ImageObject","inLanguage":"es","@id":"https:\/\/diariotextual.com\/inicio\/#\/schema\/logo\/image\/","url":"https:\/\/diariotextual.com\/inicio\/wp-content\/uploads\/2023\/05\/logotextual1.jpg","contentUrl":"https:\/\/diariotextual.com\/inicio\/wp-content\/uploads\/2023\/05\/logotextual1.jpg","width":516,"height":76,"caption":"Diario Textual"},"image":{"@id":"https:\/\/diariotextual.com\/inicio\/#\/schema\/logo\/image\/"},"sameAs":["https:\/\/www.facebook.com\/eltextual","https:\/\/x.com\/eltextual","http:\/\/www.instagram.com\/eltextual"]},{"@type":"Person","@id":"https:\/\/diariotextual.com\/inicio\/#\/schema\/person\/a1b6f563e0ee944c60f98119389a4d9f","name":"diario3","image":{"@type":"ImageObject","inLanguage":"es","@id":"https:\/\/secure.gravatar.com\/avatar\/5e7ee62c82fc04d9dd79d746a390d93c69c43223e5faeeb3ea9461ef752bfc5d?s=96&d=mm&r=g","url":"https:\/\/secure.gravatar.com\/avatar\/5e7ee62c82fc04d9dd79d746a390d93c69c43223e5faeeb3ea9461ef752bfc5d?s=96&d=mm&r=g","contentUrl":"https:\/\/secure.gravatar.com\/avatar\/5e7ee62c82fc04d9dd79d746a390d93c69c43223e5faeeb3ea9461ef752bfc5d?s=96&d=mm&r=g","caption":"diario3"},"url":"https:\/\/diariotextual.com\/inicio\/index.php\/author\/diario3\/"}]}},"_links":{"self":[{"href":"https:\/\/diariotextual.com\/inicio\/index.php\/wp-json\/wp\/v2\/posts\/239588","targetHints":{"allow":["GET"]}}],"collection":[{"href":"https:\/\/diariotextual.com\/inicio\/index.php\/wp-json\/wp\/v2\/posts"}],"about":[{"href":"https:\/\/diariotextual.com\/inicio\/index.php\/wp-json\/wp\/v2\/types\/post"}],"author":[{"embeddable":true,"href":"https:\/\/diariotextual.com\/inicio\/index.php\/wp-json\/wp\/v2\/users\/5"}],"replies":[{"embeddable":true,"href":"https:\/\/diariotextual.com\/inicio\/index.php\/wp-json\/wp\/v2\/comments?post=239588"}],"version-history":[{"count":5,"href":"https:\/\/diariotextual.com\/inicio\/index.php\/wp-json\/wp\/v2\/posts\/239588\/revisions"}],"predecessor-version":[{"id":239609,"href":"https:\/\/diariotextual.com\/inicio\/index.php\/wp-json\/wp\/v2\/posts\/239588\/revisions\/239609"}],"wp:featuredmedia":[{"embeddable":true,"href":"https:\/\/diariotextual.com\/inicio\/index.php\/wp-json\/wp\/v2\/media\/239590"}],"wp:attachment":[{"href":"https:\/\/diariotextual.com\/inicio\/index.php\/wp-json\/wp\/v2\/media?parent=239588"}],"wp:term":[{"taxonomy":"category","embeddable":true,"href":"https:\/\/diariotextual.com\/inicio\/index.php\/wp-json\/wp\/v2\/categories?post=239588"},{"taxonomy":"post_tag","embeddable":true,"href":"https:\/\/diariotextual.com\/inicio\/index.php\/wp-json\/wp\/v2\/tags?post=239588"}],"curies":[{"name":"wp","href":"https:\/\/api.w.org\/{rel}","templated":true}]}}