{"id":239719,"date":"2023-10-03T17:45:13","date_gmt":"2023-10-03T20:45:13","guid":{"rendered":"https:\/\/diariotextual.com\/inicio\/?p=239719"},"modified":"2023-10-04T09:45:08","modified_gmt":"2023-10-04T12:45:08","slug":"concejales-reclaman-porque-maquinas-municipales-de-alta-italia-trabajan-en-campo-privado-de-otro-ejido","status":"publish","type":"post","link":"https:\/\/diariotextual.com\/inicio\/index.php\/2023\/10\/03\/concejales-reclaman-porque-maquinas-municipales-de-alta-italia-trabajan-en-campo-privado-de-otro-ejido\/","title":{"rendered":"Concejales reclaman porque m\u00e1quinas municipales de Alta Italia trabajan en campo privado de otro ejido"},"content":{"rendered":"\n<p>Los concejales del Frejupa de Alta Italia presentaron un pedido de informes al intendente Luis Gaggioli porque , dijeron, maquinarias y personal de la municipalidad est\u00e1 trabajando en un campo perteneciente a un \u00e9jido vecino y no se conocen los t\u00e9rminos ni montos de la contrataci\u00f3n.<\/p>\n\n\n\n<p>Los ediles Yanela Ardusso y Carlos Rasilla reclamaron informaci\u00f3n detallada sobre el uso de maquinaria municipal porque desde hace m\u00e1s de un mes est\u00e1n trabajando en un predio rural privado que se encuentra en el ejido vecino.<\/p>\n\n\n\n<p>\u201cEl intendente municipal Hern\u00e1n Luis Gaggioli ya se hizo presente en su oportunidad cuando desde nuestro Bloque de Concejales presentamos nuestra preocupaci\u00f3n por el trabajo que realizaban maquinarias pertenecientes al parque automotor de Alta Italia en un predio rural privado que se encuentra ubicado en el ejido de Embajador Martini\u201d, dijeron.<\/p>\n\n\n\n<p>\u201cSi bien se realiz\u00f3 una explicaci\u00f3n de la situaci\u00f3n durante una sesi\u00f3n ordinaria de este Concejo Deliberante, en presencia del Bloque de Concejales oficialista, no se conocen detalles ni comprobantes respaldatorios\u201d, agregaron.<\/p>\n\n\n\n<p>Por eso quieren saber lugar d\u00f3nde se realizaron los trabajos y tiempo en que se utiliz\u00f3 o se sigue utilizando la maquinaria municipal; detalle de las maquinarias y rodados utilizados en los trabajos: personal asignado a los trabajos; motivos de la contrataci\u00f3n de la maquinaria municipal por parte de propietario\/empresa de otro ejido; forma y monto de pago de los trabajos prestados y comprobante de su ingreso en las arcas municipales y documentos donde constan la contrataci\u00f3n y pagos de los trabajos.<\/p>\n\n\n\n<p>\u201cLa administraci\u00f3n de fondos municipales e inversiones que realice el Departamento Ejecutivo estar\u00e1n sujetas a la fiscalizaci\u00f3n y aprobaci\u00f3n del Departamento Deliberativo, seg\u00fan lo establece la Constituci\u00f3n Provincial en su art\u00edculo 124\u201d, argumentaron.<\/p>\n","protected":false},"excerpt":{"rendered":"<p>Los concejales del Frejupa de Alta Italia presentaron un pedido de informes al intendente Luis Gaggioli porque , dijeron, maquinarias y personal de la municipalidad est\u00e1 trabajando en un campo&hellip;<\/p>\n","protected":false},"author":3,"featured_media":239720,"comment_status":"closed","ping_status":"open","sticky":false,"template":"","format":"standard","meta":{"_acf_changed":false,"footnotes":""},"categories":[1,11,20],"tags":[],"class_list":["post-239719","post","type-post","status-publish","format-standard","has-post-thumbnail","hentry","category-es-noticia","category-que-pasa","category-campo"],"acf":[],"yoast_head":"<!-- This site is optimized with the Yoast SEO plugin v27.5 - https:\/\/yoast.com\/product\/yoast-seo-wordpress\/ -->\n<title>Concejales reclaman porque m\u00e1quinas municipales de Alta Italia trabajan en campo privado de otro ejido - Diario Textual<\/title>\n<meta name=\"robots\" content=\"index, follow, max-snippet:-1, max-image-preview:large, max-video-preview:-1\" \/>\n<link rel=\"canonical\" href=\"https:\/\/diariotextual.com\/inicio\/index.php\/2023\/10\/03\/concejales-reclaman-porque-maquinas-municipales-de-alta-italia-trabajan-en-campo-privado-de-otro-ejido\/\" \/>\n<meta property=\"og:locale\" content=\"es_ES\" \/>\n<meta property=\"og:type\" content=\"article\" \/>\n<meta property=\"og:title\" content=\"Concejales reclaman porque m\u00e1quinas municipales de Alta Italia trabajan en campo privado de otro ejido - Diario Textual\" \/>\n<meta property=\"og:description\" content=\"Los concejales del Frejupa de Alta Italia presentaron un pedido de informes al intendente Luis Gaggioli porque , dijeron, maquinarias y personal de la municipalidad est\u00e1 trabajando en un campo&hellip;\" \/>\n<meta property=\"og:url\" content=\"https:\/\/diariotextual.com\/inicio\/index.php\/2023\/10\/03\/concejales-reclaman-porque-maquinas-municipales-de-alta-italia-trabajan-en-campo-privado-de-otro-ejido\/\" \/>\n<meta property=\"og:site_name\" content=\"Diario Textual\" \/>\n<meta property=\"article:publisher\" content=\"https:\/\/www.facebook.com\/eltextual\" \/>\n<meta property=\"article:published_time\" content=\"2023-10-03T20:45:13+00:00\" \/>\n<meta property=\"article:modified_time\" content=\"2023-10-04T12:45:08+00:00\" \/>\n<meta property=\"og:image\" content=\"https:\/\/diariotextual.com\/inicio\/wp-content\/uploads\/2023\/10\/altaitalia2023-1.jpg\" \/>\n\t<meta property=\"og:image:width\" content=\"1400\" \/>\n\t<meta property=\"og:image:height\" content=\"788\" \/>\n\t<meta property=\"og:image:type\" content=\"image\/jpeg\" \/>\n<meta name=\"author\" content=\"Diario1 Diario1\" \/>\n<meta name=\"twitter:card\" content=\"summary_large_image\" \/>\n<meta name=\"twitter:creator\" content=\"@eltextual\" \/>\n<meta name=\"twitter:site\" content=\"@eltextual\" \/>\n<meta name=\"twitter:label1\" content=\"Escrito por\" \/>\n\t<meta name=\"twitter:data1\" content=\"Diario1 Diario1\" \/>\n\t<meta name=\"twitter:label2\" content=\"Tiempo de lectura\" \/>\n\t<meta name=\"twitter:data2\" content=\"2 minutos\" \/>\n<script type=\"application\/ld+json\" class=\"yoast-schema-graph\">{\"@context\":\"https:\\\/\\\/schema.org\",\"@graph\":[{\"@type\":\"Article\",\"@id\":\"https:\\\/\\\/diariotextual.com\\\/inicio\\\/index.php\\\/2023\\\/10\\\/03\\\/concejales-reclaman-porque-maquinas-municipales-de-alta-italia-trabajan-en-campo-privado-de-otro-ejido\\\/#article\",\"isPartOf\":{\"@id\":\"https:\\\/\\\/diariotextual.com\\\/inicio\\\/index.php\\\/2023\\\/10\\\/03\\\/concejales-reclaman-porque-maquinas-municipales-de-alta-italia-trabajan-en-campo-privado-de-otro-ejido\\\/\"},\"author\":{\"name\":\"Diario1 Diario1\",\"@id\":\"https:\\\/\\\/diariotextual.com\\\/inicio\\\/#\\\/schema\\\/person\\\/418fc4093c33e86ed41562db3508f958\"},\"headline\":\"Concejales reclaman porque m\u00e1quinas municipales de Alta Italia trabajan en campo privado de otro ejido\",\"datePublished\":\"2023-10-03T20:45:13+00:00\",\"dateModified\":\"2023-10-04T12:45:08+00:00\",\"mainEntityOfPage\":{\"@id\":\"https:\\\/\\\/diariotextual.com\\\/inicio\\\/index.php\\\/2023\\\/10\\\/03\\\/concejales-reclaman-porque-maquinas-municipales-de-alta-italia-trabajan-en-campo-privado-de-otro-ejido\\\/\"},\"wordCount\":316,\"publisher\":{\"@id\":\"https:\\\/\\\/diariotextual.com\\\/inicio\\\/#organization\"},\"image\":{\"@id\":\"https:\\\/\\\/diariotextual.com\\\/inicio\\\/index.php\\\/2023\\\/10\\\/03\\\/concejales-reclaman-porque-maquinas-municipales-de-alta-italia-trabajan-en-campo-privado-de-otro-ejido\\\/#primaryimage\"},\"thumbnailUrl\":\"https:\\\/\\\/diariotextual.com\\\/inicio\\\/wp-content\\\/uploads\\\/2023\\\/10\\\/altaitalia2023-1.jpg\",\"articleSection\":[\"A - ES NOTICIA (van abajo)\",\"A - QUE PASA (al costado)\",\"CAMPO\"],\"inLanguage\":\"es\"},{\"@type\":\"WebPage\",\"@id\":\"https:\\\/\\\/diariotextual.com\\\/inicio\\\/index.php\\\/2023\\\/10\\\/03\\\/concejales-reclaman-porque-maquinas-municipales-de-alta-italia-trabajan-en-campo-privado-de-otro-ejido\\\/\",\"url\":\"https:\\\/\\\/diariotextual.com\\\/inicio\\\/index.php\\\/2023\\\/10\\\/03\\\/concejales-reclaman-porque-maquinas-municipales-de-alta-italia-trabajan-en-campo-privado-de-otro-ejido\\\/\",\"name\":\"Concejales reclaman porque m\u00e1quinas municipales de Alta Italia trabajan en campo privado de otro ejido - Diario Textual\",\"isPartOf\":{\"@id\":\"https:\\\/\\\/diariotextual.com\\\/inicio\\\/#website\"},\"primaryImageOfPage\":{\"@id\":\"https:\\\/\\\/diariotextual.com\\\/inicio\\\/index.php\\\/2023\\\/10\\\/03\\\/concejales-reclaman-porque-maquinas-municipales-de-alta-italia-trabajan-en-campo-privado-de-otro-ejido\\\/#primaryimage\"},\"image\":{\"@id\":\"https:\\\/\\\/diariotextual.com\\\/inicio\\\/index.php\\\/2023\\\/10\\\/03\\\/concejales-reclaman-porque-maquinas-municipales-de-alta-italia-trabajan-en-campo-privado-de-otro-ejido\\\/#primaryimage\"},\"thumbnailUrl\":\"https:\\\/\\\/diariotextual.com\\\/inicio\\\/wp-content\\\/uploads\\\/2023\\\/10\\\/altaitalia2023-1.jpg\",\"datePublished\":\"2023-10-03T20:45:13+00:00\",\"dateModified\":\"2023-10-04T12:45:08+00:00\",\"breadcrumb\":{\"@id\":\"https:\\\/\\\/diariotextual.com\\\/inicio\\\/index.php\\\/2023\\\/10\\\/03\\\/concejales-reclaman-porque-maquinas-municipales-de-alta-italia-trabajan-en-campo-privado-de-otro-ejido\\\/#breadcrumb\"},\"inLanguage\":\"es\",\"potentialAction\":[{\"@type\":\"ReadAction\",\"target\":[\"https:\\\/\\\/diariotextual.com\\\/inicio\\\/index.php\\\/2023\\\/10\\\/03\\\/concejales-reclaman-porque-maquinas-municipales-de-alta-italia-trabajan-en-campo-privado-de-otro-ejido\\\/\"]}]},{\"@type\":\"ImageObject\",\"inLanguage\":\"es\",\"@id\":\"https:\\\/\\\/diariotextual.com\\\/inicio\\\/index.php\\\/2023\\\/10\\\/03\\\/concejales-reclaman-porque-maquinas-municipales-de-alta-italia-trabajan-en-campo-privado-de-otro-ejido\\\/#primaryimage\",\"url\":\"https:\\\/\\\/diariotextual.com\\\/inicio\\\/wp-content\\\/uploads\\\/2023\\\/10\\\/altaitalia2023-1.jpg\",\"contentUrl\":\"https:\\\/\\\/diariotextual.com\\\/inicio\\\/wp-content\\\/uploads\\\/2023\\\/10\\\/altaitalia2023-1.jpg\",\"width\":1400,\"height\":788},{\"@type\":\"BreadcrumbList\",\"@id\":\"https:\\\/\\\/diariotextual.com\\\/inicio\\\/index.php\\\/2023\\\/10\\\/03\\\/concejales-reclaman-porque-maquinas-municipales-de-alta-italia-trabajan-en-campo-privado-de-otro-ejido\\\/#breadcrumb\",\"itemListElement\":[{\"@type\":\"ListItem\",\"position\":1,\"name\":\"Portada\",\"item\":\"https:\\\/\\\/diariotextual.com\\\/inicio\\\/\"},{\"@type\":\"ListItem\",\"position\":2,\"name\":\"Concejales reclaman porque m\u00e1quinas municipales de Alta Italia trabajan en campo privado de otro ejido\"}]},{\"@type\":\"WebSite\",\"@id\":\"https:\\\/\\\/diariotextual.com\\\/inicio\\\/#website\",\"url\":\"https:\\\/\\\/diariotextual.com\\\/inicio\\\/\",\"name\":\"Diario Textual\",\"description\":\"\",\"publisher\":{\"@id\":\"https:\\\/\\\/diariotextual.com\\\/inicio\\\/#organization\"},\"potentialAction\":[{\"@type\":\"SearchAction\",\"target\":{\"@type\":\"EntryPoint\",\"urlTemplate\":\"https:\\\/\\\/diariotextual.com\\\/inicio\\\/?s={search_term_string}\"},\"query-input\":{\"@type\":\"PropertyValueSpecification\",\"valueRequired\":true,\"valueName\":\"search_term_string\"}}],\"inLanguage\":\"es\"},{\"@type\":\"Organization\",\"@id\":\"https:\\\/\\\/diariotextual.com\\\/inicio\\\/#organization\",\"name\":\"Diario Textual\",\"url\":\"https:\\\/\\\/diariotextual.com\\\/inicio\\\/\",\"logo\":{\"@type\":\"ImageObject\",\"inLanguage\":\"es\",\"@id\":\"https:\\\/\\\/diariotextual.com\\\/inicio\\\/#\\\/schema\\\/logo\\\/image\\\/\",\"url\":\"https:\\\/\\\/diariotextual.com\\\/inicio\\\/wp-content\\\/uploads\\\/2023\\\/05\\\/logotextual1.jpg\",\"contentUrl\":\"https:\\\/\\\/diariotextual.com\\\/inicio\\\/wp-content\\\/uploads\\\/2023\\\/05\\\/logotextual1.jpg\",\"width\":516,\"height\":76,\"caption\":\"Diario Textual\"},\"image\":{\"@id\":\"https:\\\/\\\/diariotextual.com\\\/inicio\\\/#\\\/schema\\\/logo\\\/image\\\/\"},\"sameAs\":[\"https:\\\/\\\/www.facebook.com\\\/eltextual\",\"https:\\\/\\\/x.com\\\/eltextual\",\"http:\\\/\\\/www.instagram.com\\\/eltextual\"]},{\"@type\":\"Person\",\"@id\":\"https:\\\/\\\/diariotextual.com\\\/inicio\\\/#\\\/schema\\\/person\\\/418fc4093c33e86ed41562db3508f958\",\"name\":\"Diario1 Diario1\",\"image\":{\"@type\":\"ImageObject\",\"inLanguage\":\"es\",\"@id\":\"https:\\\/\\\/secure.gravatar.com\\\/avatar\\\/9167d280179c85bc18be67aa7eda765854300033af4896dd779b608640f2ef7a?s=96&d=mm&r=g\",\"url\":\"https:\\\/\\\/secure.gravatar.com\\\/avatar\\\/9167d280179c85bc18be67aa7eda765854300033af4896dd779b608640f2ef7a?s=96&d=mm&r=g\",\"contentUrl\":\"https:\\\/\\\/secure.gravatar.com\\\/avatar\\\/9167d280179c85bc18be67aa7eda765854300033af4896dd779b608640f2ef7a?s=96&d=mm&r=g\",\"caption\":\"Diario1 Diario1\"},\"url\":\"https:\\\/\\\/diariotextual.com\\\/inicio\\\/index.php\\\/author\\\/diario1\\\/\"}]}<\/script>\n<!-- \/ Yoast SEO plugin. -->","yoast_head_json":{"title":"Concejales reclaman porque m\u00e1quinas municipales de Alta Italia trabajan en campo privado de otro ejido - Diario Textual","robots":{"index":"index","follow":"follow","max-snippet":"max-snippet:-1","max-image-preview":"max-image-preview:large","max-video-preview":"max-video-preview:-1"},"canonical":"https:\/\/diariotextual.com\/inicio\/index.php\/2023\/10\/03\/concejales-reclaman-porque-maquinas-municipales-de-alta-italia-trabajan-en-campo-privado-de-otro-ejido\/","og_locale":"es_ES","og_type":"article","og_title":"Concejales reclaman porque m\u00e1quinas municipales de Alta Italia trabajan en campo privado de otro ejido - Diario Textual","og_description":"Los concejales del Frejupa de Alta Italia presentaron un pedido de informes al intendente Luis Gaggioli porque , dijeron, maquinarias y personal de la municipalidad est\u00e1 trabajando en un campo&hellip;","og_url":"https:\/\/diariotextual.com\/inicio\/index.php\/2023\/10\/03\/concejales-reclaman-porque-maquinas-municipales-de-alta-italia-trabajan-en-campo-privado-de-otro-ejido\/","og_site_name":"Diario Textual","article_publisher":"https:\/\/www.facebook.com\/eltextual","article_published_time":"2023-10-03T20:45:13+00:00","article_modified_time":"2023-10-04T12:45:08+00:00","og_image":[{"width":1400,"height":788,"url":"https:\/\/diariotextual.com\/inicio\/wp-content\/uploads\/2023\/10\/altaitalia2023-1.jpg","type":"image\/jpeg"}],"author":"Diario1 Diario1","twitter_card":"summary_large_image","twitter_creator":"@eltextual","twitter_site":"@eltextual","twitter_misc":{"Escrito por":"Diario1 Diario1","Tiempo de lectura":"2 minutos"},"schema":{"@context":"https:\/\/schema.org","@graph":[{"@type":"Article","@id":"https:\/\/diariotextual.com\/inicio\/index.php\/2023\/10\/03\/concejales-reclaman-porque-maquinas-municipales-de-alta-italia-trabajan-en-campo-privado-de-otro-ejido\/#article","isPartOf":{"@id":"https:\/\/diariotextual.com\/inicio\/index.php\/2023\/10\/03\/concejales-reclaman-porque-maquinas-municipales-de-alta-italia-trabajan-en-campo-privado-de-otro-ejido\/"},"author":{"name":"Diario1 Diario1","@id":"https:\/\/diariotextual.com\/inicio\/#\/schema\/person\/418fc4093c33e86ed41562db3508f958"},"headline":"Concejales reclaman porque m\u00e1quinas municipales de Alta Italia trabajan en campo privado de otro ejido","datePublished":"2023-10-03T20:45:13+00:00","dateModified":"2023-10-04T12:45:08+00:00","mainEntityOfPage":{"@id":"https:\/\/diariotextual.com\/inicio\/index.php\/2023\/10\/03\/concejales-reclaman-porque-maquinas-municipales-de-alta-italia-trabajan-en-campo-privado-de-otro-ejido\/"},"wordCount":316,"publisher":{"@id":"https:\/\/diariotextual.com\/inicio\/#organization"},"image":{"@id":"https:\/\/diariotextual.com\/inicio\/index.php\/2023\/10\/03\/concejales-reclaman-porque-maquinas-municipales-de-alta-italia-trabajan-en-campo-privado-de-otro-ejido\/#primaryimage"},"thumbnailUrl":"https:\/\/diariotextual.com\/inicio\/wp-content\/uploads\/2023\/10\/altaitalia2023-1.jpg","articleSection":["A - ES NOTICIA (van abajo)","A - QUE PASA (al costado)","CAMPO"],"inLanguage":"es"},{"@type":"WebPage","@id":"https:\/\/diariotextual.com\/inicio\/index.php\/2023\/10\/03\/concejales-reclaman-porque-maquinas-municipales-de-alta-italia-trabajan-en-campo-privado-de-otro-ejido\/","url":"https:\/\/diariotextual.com\/inicio\/index.php\/2023\/10\/03\/concejales-reclaman-porque-maquinas-municipales-de-alta-italia-trabajan-en-campo-privado-de-otro-ejido\/","name":"Concejales reclaman porque m\u00e1quinas municipales de Alta Italia trabajan en campo privado de otro ejido - Diario Textual","isPartOf":{"@id":"https:\/\/diariotextual.com\/inicio\/#website"},"primaryImageOfPage":{"@id":"https:\/\/diariotextual.com\/inicio\/index.php\/2023\/10\/03\/concejales-reclaman-porque-maquinas-municipales-de-alta-italia-trabajan-en-campo-privado-de-otro-ejido\/#primaryimage"},"image":{"@id":"https:\/\/diariotextual.com\/inicio\/index.php\/2023\/10\/03\/concejales-reclaman-porque-maquinas-municipales-de-alta-italia-trabajan-en-campo-privado-de-otro-ejido\/#primaryimage"},"thumbnailUrl":"https:\/\/diariotextual.com\/inicio\/wp-content\/uploads\/2023\/10\/altaitalia2023-1.jpg","datePublished":"2023-10-03T20:45:13+00:00","dateModified":"2023-10-04T12:45:08+00:00","breadcrumb":{"@id":"https:\/\/diariotextual.com\/inicio\/index.php\/2023\/10\/03\/concejales-reclaman-porque-maquinas-municipales-de-alta-italia-trabajan-en-campo-privado-de-otro-ejido\/#breadcrumb"},"inLanguage":"es","potentialAction":[{"@type":"ReadAction","target":["https:\/\/diariotextual.com\/inicio\/index.php\/2023\/10\/03\/concejales-reclaman-porque-maquinas-municipales-de-alta-italia-trabajan-en-campo-privado-de-otro-ejido\/"]}]},{"@type":"ImageObject","inLanguage":"es","@id":"https:\/\/diariotextual.com\/inicio\/index.php\/2023\/10\/03\/concejales-reclaman-porque-maquinas-municipales-de-alta-italia-trabajan-en-campo-privado-de-otro-ejido\/#primaryimage","url":"https:\/\/diariotextual.com\/inicio\/wp-content\/uploads\/2023\/10\/altaitalia2023-1.jpg","contentUrl":"https:\/\/diariotextual.com\/inicio\/wp-content\/uploads\/2023\/10\/altaitalia2023-1.jpg","width":1400,"height":788},{"@type":"BreadcrumbList","@id":"https:\/\/diariotextual.com\/inicio\/index.php\/2023\/10\/03\/concejales-reclaman-porque-maquinas-municipales-de-alta-italia-trabajan-en-campo-privado-de-otro-ejido\/#breadcrumb","itemListElement":[{"@type":"ListItem","position":1,"name":"Portada","item":"https:\/\/diariotextual.com\/inicio\/"},{"@type":"ListItem","position":2,"name":"Concejales reclaman porque m\u00e1quinas municipales de Alta Italia trabajan en campo privado de otro ejido"}]},{"@type":"WebSite","@id":"https:\/\/diariotextual.com\/inicio\/#website","url":"https:\/\/diariotextual.com\/inicio\/","name":"Diario Textual","description":"","publisher":{"@id":"https:\/\/diariotextual.com\/inicio\/#organization"},"potentialAction":[{"@type":"SearchAction","target":{"@type":"EntryPoint","urlTemplate":"https:\/\/diariotextual.com\/inicio\/?s={search_term_string}"},"query-input":{"@type":"PropertyValueSpecification","valueRequired":true,"valueName":"search_term_string"}}],"inLanguage":"es"},{"@type":"Organization","@id":"https:\/\/diariotextual.com\/inicio\/#organization","name":"Diario Textual","url":"https:\/\/diariotextual.com\/inicio\/","logo":{"@type":"ImageObject","inLanguage":"es","@id":"https:\/\/diariotextual.com\/inicio\/#\/schema\/logo\/image\/","url":"https:\/\/diariotextual.com\/inicio\/wp-content\/uploads\/2023\/05\/logotextual1.jpg","contentUrl":"https:\/\/diariotextual.com\/inicio\/wp-content\/uploads\/2023\/05\/logotextual1.jpg","width":516,"height":76,"caption":"Diario Textual"},"image":{"@id":"https:\/\/diariotextual.com\/inicio\/#\/schema\/logo\/image\/"},"sameAs":["https:\/\/www.facebook.com\/eltextual","https:\/\/x.com\/eltextual","http:\/\/www.instagram.com\/eltextual"]},{"@type":"Person","@id":"https:\/\/diariotextual.com\/inicio\/#\/schema\/person\/418fc4093c33e86ed41562db3508f958","name":"Diario1 Diario1","image":{"@type":"ImageObject","inLanguage":"es","@id":"https:\/\/secure.gravatar.com\/avatar\/9167d280179c85bc18be67aa7eda765854300033af4896dd779b608640f2ef7a?s=96&d=mm&r=g","url":"https:\/\/secure.gravatar.com\/avatar\/9167d280179c85bc18be67aa7eda765854300033af4896dd779b608640f2ef7a?s=96&d=mm&r=g","contentUrl":"https:\/\/secure.gravatar.com\/avatar\/9167d280179c85bc18be67aa7eda765854300033af4896dd779b608640f2ef7a?s=96&d=mm&r=g","caption":"Diario1 Diario1"},"url":"https:\/\/diariotextual.com\/inicio\/index.php\/author\/diario1\/"}]}},"_links":{"self":[{"href":"https:\/\/diariotextual.com\/inicio\/index.php\/wp-json\/wp\/v2\/posts\/239719","targetHints":{"allow":["GET"]}}],"collection":[{"href":"https:\/\/diariotextual.com\/inicio\/index.php\/wp-json\/wp\/v2\/posts"}],"about":[{"href":"https:\/\/diariotextual.com\/inicio\/index.php\/wp-json\/wp\/v2\/types\/post"}],"author":[{"embeddable":true,"href":"https:\/\/diariotextual.com\/inicio\/index.php\/wp-json\/wp\/v2\/users\/3"}],"replies":[{"embeddable":true,"href":"https:\/\/diariotextual.com\/inicio\/index.php\/wp-json\/wp\/v2\/comments?post=239719"}],"version-history":[{"count":1,"href":"https:\/\/diariotextual.com\/inicio\/index.php\/wp-json\/wp\/v2\/posts\/239719\/revisions"}],"predecessor-version":[{"id":239721,"href":"https:\/\/diariotextual.com\/inicio\/index.php\/wp-json\/wp\/v2\/posts\/239719\/revisions\/239721"}],"wp:featuredmedia":[{"embeddable":true,"href":"https:\/\/diariotextual.com\/inicio\/index.php\/wp-json\/wp\/v2\/media\/239720"}],"wp:attachment":[{"href":"https:\/\/diariotextual.com\/inicio\/index.php\/wp-json\/wp\/v2\/media?parent=239719"}],"wp:term":[{"taxonomy":"category","embeddable":true,"href":"https:\/\/diariotextual.com\/inicio\/index.php\/wp-json\/wp\/v2\/categories?post=239719"},{"taxonomy":"post_tag","embeddable":true,"href":"https:\/\/diariotextual.com\/inicio\/index.php\/wp-json\/wp\/v2\/tags?post=239719"}],"curies":[{"name":"wp","href":"https:\/\/api.w.org\/{rel}","templated":true}]}}