{"id":239727,"date":"2023-10-04T09:42:00","date_gmt":"2023-10-04T12:42:00","guid":{"rendered":"https:\/\/diariotextual.com\/inicio\/?p=239727"},"modified":"2023-10-05T09:12:45","modified_gmt":"2023-10-05T12:12:45","slug":"ziliotto-va-a-la-rural-tono-electoral-y-mision-de-seguir-tendiendo-puentes-con-el-campo","status":"publish","type":"post","link":"https:\/\/diariotextual.com\/inicio\/index.php\/2023\/10\/04\/ziliotto-va-a-la-rural-tono-electoral-y-mision-de-seguir-tendiendo-puentes-con-el-campo\/","title":{"rendered":"Ziliotto va a La Rural: tono electoral y misi\u00f3n de seguir tendiendo puentes con el campo"},"content":{"rendered":"\n<p>El gobernador <strong>Sergio Ziliotto<\/strong> va a reaparecer p\u00fablicamente este s\u00e1bado en la inauguraci\u00f3n de la <strong>Exposici\u00f3n Rural de Santa Rosa.<\/strong> Eso al menos les comunicaron a dirigentes de la<strong> Asociaci\u00f3n Agr\u00edcola Ganadera de La Pampa<\/strong> desde <strong>Casa de Gobierno<\/strong>, confiaron ruralistas a <strong>Diario Textual<\/strong>.<\/p>\n\n\n\n<p>El mandatario pas\u00f3 por \u201cepisodio de stress\u201d -seg\u00fan se comunic\u00f3 oficialmente en su momento- hace dos semanas, por lo que los m\u00e9dicos le recomendaron tres d\u00edas de reposo. Luego se reincorpor\u00f3 a sus tareas habituales en Casa de Gobierno, pero sin participar de actos p\u00fablicos.<\/p>\n\n\n\n<p>En las tribunas de la exposici\u00f3n, hablar\u00e1 de la necesidad de<strong> \u201cseguir trabajando en conjunto\u201d<\/strong> entre el <strong>sector p\u00fablico <\/strong>y <strong>el privado<\/strong> para generar<strong> m\u00e1s producci\u00f3n y trabajo<\/strong>, y<strong> reiterar\u00e1 la disponibilidad de unas 25 l\u00edneas de cr\u00e9ditos<\/strong>, como pr\u00e1cticamente <strong>no existe en otras provincias<\/strong>, para<strong> los productores agropecuarios.<\/strong> En medio de la campa\u00f1a, incluso, <strong>se especula que no se aparecer\u00e1 en el predio de la avenida Spinetto con las manos vac\u00edas<\/strong>: es posible que haga alg\u00fan anuncio para el sector.<\/p>\n\n\n\n<p>Ziliotto tiene<strong> buena (o muy buena) relaci\u00f3n <\/strong>el sector agropecuario, por lo que <strong>no se esperan sofocones en las tribunas de la Agr\u00edcola. Los dardos de los ruralistas van a apuntar, principalmente, al Gobierno nacional: inflaci\u00f3n, incertidumbre econ\u00f3mica y retenciones ser\u00e1n tres de los ejes de sus quejas. <\/strong><\/p>\n\n\n\n<p>Adem\u00e1s, <strong>los reclamos del sector hacia el Gobierno provincial generalmente son discutidos en la Mesa Agropecuaria Provincial.<\/strong> Y <strong>ya hubo respuesta a un pedido que se ven\u00eda repitiendo en los \u00faltimos a\u00f1os: la creaci\u00f3n de fiscal\u00edas para atender exclusivamente el delito rural.<\/strong><\/p>\n\n\n\n<p>De todas maneras, <strong>no todo ha sido color de rosas en la gesti\u00f3n Ziliotto.<\/strong> Tres han sido las principales <strong>rispideces<\/strong> entre este Gobierno provincial con el sector o algunos sectores del campo: cuando Naci\u00f3n cort\u00f3 por unos meses las exportaciones de la<strong> \u201cvaca china\u201d<\/strong> (Ziliotto junto a Mar\u00eda Luz Alonso fueron finalmente los que intercedieron y lograron que Casa Rosada levantara la medida); al impulsarse la ley que limit\u00f3 el <strong>uso de agroqu\u00edmicos cerca de los pueblos<\/strong>; y con el impulso -que por el rechazo de los ganaderos del oeste qued\u00f3 en stand by- del <strong>Parque Nacional El Caldenal <\/strong>en la zona de Victorica.<\/p>\n\n\n\n<p><\/p>\n\n\n\n<p><\/p>\n","protected":false},"excerpt":{"rendered":"<p>El gobernador Sergio Ziliotto va a reaparecer p\u00fablicamente este s\u00e1bado en la inauguraci\u00f3n de la Exposici\u00f3n Rural de Santa Rosa. Eso al menos les comunicaron a dirigentes de la Asociaci\u00f3n&hellip;<\/p>\n","protected":false},"author":3,"featured_media":202228,"comment_status":"closed","ping_status":"open","sticky":false,"template":"","format":"standard","meta":{"_acf_changed":false,"footnotes":""},"categories":[1,11,8],"tags":[],"class_list":["post-239727","post","type-post","status-publish","format-standard","has-post-thumbnail","hentry","category-es-noticia","category-que-pasa","category-politica"],"acf":[],"yoast_head":"<!-- This site is optimized with the Yoast SEO plugin v27.5 - https:\/\/yoast.com\/product\/yoast-seo-wordpress\/ -->\n<title>Ziliotto va a La Rural: tono electoral y misi\u00f3n de seguir tendiendo puentes con el campo - Diario Textual<\/title>\n<meta name=\"robots\" content=\"index, follow, max-snippet:-1, max-image-preview:large, max-video-preview:-1\" \/>\n<link rel=\"canonical\" href=\"https:\/\/diariotextual.com\/inicio\/index.php\/2023\/10\/04\/ziliotto-va-a-la-rural-tono-electoral-y-mision-de-seguir-tendiendo-puentes-con-el-campo\/\" \/>\n<meta property=\"og:locale\" content=\"es_ES\" \/>\n<meta property=\"og:type\" content=\"article\" \/>\n<meta property=\"og:title\" content=\"Ziliotto va a La Rural: tono electoral y misi\u00f3n de seguir tendiendo puentes con el campo - Diario Textual\" \/>\n<meta property=\"og:description\" content=\"El gobernador Sergio Ziliotto va a reaparecer p\u00fablicamente este s\u00e1bado en la inauguraci\u00f3n de la Exposici\u00f3n Rural de Santa Rosa. Eso al menos les comunicaron a dirigentes de la Asociaci\u00f3n&hellip;\" \/>\n<meta property=\"og:url\" content=\"https:\/\/diariotextual.com\/inicio\/index.php\/2023\/10\/04\/ziliotto-va-a-la-rural-tono-electoral-y-mision-de-seguir-tendiendo-puentes-con-el-campo\/\" \/>\n<meta property=\"og:site_name\" content=\"Diario Textual\" \/>\n<meta property=\"article:publisher\" content=\"https:\/\/www.facebook.com\/eltextual\" \/>\n<meta property=\"article:published_time\" content=\"2023-10-04T12:42:00+00:00\" \/>\n<meta property=\"article:modified_time\" content=\"2023-10-05T12:12:45+00:00\" \/>\n<meta property=\"og:image\" content=\"https:\/\/diariotextual.com\/inicio\/wp-content\/uploads\/2022\/10\/ziliottosergioexporuralsantarosa2022-9.jpg\" \/>\n\t<meta property=\"og:image:width\" content=\"1500\" \/>\n\t<meta property=\"og:image:height\" content=\"1001\" \/>\n\t<meta property=\"og:image:type\" content=\"image\/jpeg\" \/>\n<meta name=\"author\" content=\"Diario1 Diario1\" \/>\n<meta name=\"twitter:card\" content=\"summary_large_image\" \/>\n<meta name=\"twitter:creator\" content=\"@eltextual\" \/>\n<meta name=\"twitter:site\" content=\"@eltextual\" \/>\n<meta name=\"twitter:label1\" content=\"Escrito por\" \/>\n\t<meta name=\"twitter:data1\" content=\"Diario1 Diario1\" \/>\n\t<meta name=\"twitter:label2\" content=\"Tiempo de lectura\" \/>\n\t<meta name=\"twitter:data2\" content=\"2 minutos\" \/>\n<script type=\"application\/ld+json\" class=\"yoast-schema-graph\">{\"@context\":\"https:\\\/\\\/schema.org\",\"@graph\":[{\"@type\":\"Article\",\"@id\":\"https:\\\/\\\/diariotextual.com\\\/inicio\\\/index.php\\\/2023\\\/10\\\/04\\\/ziliotto-va-a-la-rural-tono-electoral-y-mision-de-seguir-tendiendo-puentes-con-el-campo\\\/#article\",\"isPartOf\":{\"@id\":\"https:\\\/\\\/diariotextual.com\\\/inicio\\\/index.php\\\/2023\\\/10\\\/04\\\/ziliotto-va-a-la-rural-tono-electoral-y-mision-de-seguir-tendiendo-puentes-con-el-campo\\\/\"},\"author\":{\"name\":\"Diario1 Diario1\",\"@id\":\"https:\\\/\\\/diariotextual.com\\\/inicio\\\/#\\\/schema\\\/person\\\/418fc4093c33e86ed41562db3508f958\"},\"headline\":\"Ziliotto va a La Rural: tono electoral y misi\u00f3n de seguir tendiendo puentes con el campo\",\"datePublished\":\"2023-10-04T12:42:00+00:00\",\"dateModified\":\"2023-10-05T12:12:45+00:00\",\"mainEntityOfPage\":{\"@id\":\"https:\\\/\\\/diariotextual.com\\\/inicio\\\/index.php\\\/2023\\\/10\\\/04\\\/ziliotto-va-a-la-rural-tono-electoral-y-mision-de-seguir-tendiendo-puentes-con-el-campo\\\/\"},\"wordCount\":414,\"publisher\":{\"@id\":\"https:\\\/\\\/diariotextual.com\\\/inicio\\\/#organization\"},\"image\":{\"@id\":\"https:\\\/\\\/diariotextual.com\\\/inicio\\\/index.php\\\/2023\\\/10\\\/04\\\/ziliotto-va-a-la-rural-tono-electoral-y-mision-de-seguir-tendiendo-puentes-con-el-campo\\\/#primaryimage\"},\"thumbnailUrl\":\"https:\\\/\\\/diariotextual.com\\\/inicio\\\/wp-content\\\/uploads\\\/2022\\\/10\\\/ziliottosergioexporuralsantarosa2022-9.jpg\",\"articleSection\":[\"A - ES NOTICIA (van abajo)\",\"A - QUE PASA (al costado)\",\"POLITICA\"],\"inLanguage\":\"es\"},{\"@type\":\"WebPage\",\"@id\":\"https:\\\/\\\/diariotextual.com\\\/inicio\\\/index.php\\\/2023\\\/10\\\/04\\\/ziliotto-va-a-la-rural-tono-electoral-y-mision-de-seguir-tendiendo-puentes-con-el-campo\\\/\",\"url\":\"https:\\\/\\\/diariotextual.com\\\/inicio\\\/index.php\\\/2023\\\/10\\\/04\\\/ziliotto-va-a-la-rural-tono-electoral-y-mision-de-seguir-tendiendo-puentes-con-el-campo\\\/\",\"name\":\"Ziliotto va a La Rural: tono electoral y misi\u00f3n de seguir tendiendo puentes con el campo - Diario Textual\",\"isPartOf\":{\"@id\":\"https:\\\/\\\/diariotextual.com\\\/inicio\\\/#website\"},\"primaryImageOfPage\":{\"@id\":\"https:\\\/\\\/diariotextual.com\\\/inicio\\\/index.php\\\/2023\\\/10\\\/04\\\/ziliotto-va-a-la-rural-tono-electoral-y-mision-de-seguir-tendiendo-puentes-con-el-campo\\\/#primaryimage\"},\"image\":{\"@id\":\"https:\\\/\\\/diariotextual.com\\\/inicio\\\/index.php\\\/2023\\\/10\\\/04\\\/ziliotto-va-a-la-rural-tono-electoral-y-mision-de-seguir-tendiendo-puentes-con-el-campo\\\/#primaryimage\"},\"thumbnailUrl\":\"https:\\\/\\\/diariotextual.com\\\/inicio\\\/wp-content\\\/uploads\\\/2022\\\/10\\\/ziliottosergioexporuralsantarosa2022-9.jpg\",\"datePublished\":\"2023-10-04T12:42:00+00:00\",\"dateModified\":\"2023-10-05T12:12:45+00:00\",\"breadcrumb\":{\"@id\":\"https:\\\/\\\/diariotextual.com\\\/inicio\\\/index.php\\\/2023\\\/10\\\/04\\\/ziliotto-va-a-la-rural-tono-electoral-y-mision-de-seguir-tendiendo-puentes-con-el-campo\\\/#breadcrumb\"},\"inLanguage\":\"es\",\"potentialAction\":[{\"@type\":\"ReadAction\",\"target\":[\"https:\\\/\\\/diariotextual.com\\\/inicio\\\/index.php\\\/2023\\\/10\\\/04\\\/ziliotto-va-a-la-rural-tono-electoral-y-mision-de-seguir-tendiendo-puentes-con-el-campo\\\/\"]}]},{\"@type\":\"ImageObject\",\"inLanguage\":\"es\",\"@id\":\"https:\\\/\\\/diariotextual.com\\\/inicio\\\/index.php\\\/2023\\\/10\\\/04\\\/ziliotto-va-a-la-rural-tono-electoral-y-mision-de-seguir-tendiendo-puentes-con-el-campo\\\/#primaryimage\",\"url\":\"https:\\\/\\\/diariotextual.com\\\/inicio\\\/wp-content\\\/uploads\\\/2022\\\/10\\\/ziliottosergioexporuralsantarosa2022-9.jpg\",\"contentUrl\":\"https:\\\/\\\/diariotextual.com\\\/inicio\\\/wp-content\\\/uploads\\\/2022\\\/10\\\/ziliottosergioexporuralsantarosa2022-9.jpg\",\"width\":1500,\"height\":1001},{\"@type\":\"BreadcrumbList\",\"@id\":\"https:\\\/\\\/diariotextual.com\\\/inicio\\\/index.php\\\/2023\\\/10\\\/04\\\/ziliotto-va-a-la-rural-tono-electoral-y-mision-de-seguir-tendiendo-puentes-con-el-campo\\\/#breadcrumb\",\"itemListElement\":[{\"@type\":\"ListItem\",\"position\":1,\"name\":\"Portada\",\"item\":\"https:\\\/\\\/diariotextual.com\\\/inicio\\\/\"},{\"@type\":\"ListItem\",\"position\":2,\"name\":\"Ziliotto va a La Rural: tono electoral y misi\u00f3n de seguir tendiendo puentes con el campo\"}]},{\"@type\":\"WebSite\",\"@id\":\"https:\\\/\\\/diariotextual.com\\\/inicio\\\/#website\",\"url\":\"https:\\\/\\\/diariotextual.com\\\/inicio\\\/\",\"name\":\"Diario Textual\",\"description\":\"\",\"publisher\":{\"@id\":\"https:\\\/\\\/diariotextual.com\\\/inicio\\\/#organization\"},\"potentialAction\":[{\"@type\":\"SearchAction\",\"target\":{\"@type\":\"EntryPoint\",\"urlTemplate\":\"https:\\\/\\\/diariotextual.com\\\/inicio\\\/?s={search_term_string}\"},\"query-input\":{\"@type\":\"PropertyValueSpecification\",\"valueRequired\":true,\"valueName\":\"search_term_string\"}}],\"inLanguage\":\"es\"},{\"@type\":\"Organization\",\"@id\":\"https:\\\/\\\/diariotextual.com\\\/inicio\\\/#organization\",\"name\":\"Diario Textual\",\"url\":\"https:\\\/\\\/diariotextual.com\\\/inicio\\\/\",\"logo\":{\"@type\":\"ImageObject\",\"inLanguage\":\"es\",\"@id\":\"https:\\\/\\\/diariotextual.com\\\/inicio\\\/#\\\/schema\\\/logo\\\/image\\\/\",\"url\":\"https:\\\/\\\/diariotextual.com\\\/inicio\\\/wp-content\\\/uploads\\\/2023\\\/05\\\/logotextual1.jpg\",\"contentUrl\":\"https:\\\/\\\/diariotextual.com\\\/inicio\\\/wp-content\\\/uploads\\\/2023\\\/05\\\/logotextual1.jpg\",\"width\":516,\"height\":76,\"caption\":\"Diario Textual\"},\"image\":{\"@id\":\"https:\\\/\\\/diariotextual.com\\\/inicio\\\/#\\\/schema\\\/logo\\\/image\\\/\"},\"sameAs\":[\"https:\\\/\\\/www.facebook.com\\\/eltextual\",\"https:\\\/\\\/x.com\\\/eltextual\",\"http:\\\/\\\/www.instagram.com\\\/eltextual\"]},{\"@type\":\"Person\",\"@id\":\"https:\\\/\\\/diariotextual.com\\\/inicio\\\/#\\\/schema\\\/person\\\/418fc4093c33e86ed41562db3508f958\",\"name\":\"Diario1 Diario1\",\"image\":{\"@type\":\"ImageObject\",\"inLanguage\":\"es\",\"@id\":\"https:\\\/\\\/secure.gravatar.com\\\/avatar\\\/9167d280179c85bc18be67aa7eda765854300033af4896dd779b608640f2ef7a?s=96&d=mm&r=g\",\"url\":\"https:\\\/\\\/secure.gravatar.com\\\/avatar\\\/9167d280179c85bc18be67aa7eda765854300033af4896dd779b608640f2ef7a?s=96&d=mm&r=g\",\"contentUrl\":\"https:\\\/\\\/secure.gravatar.com\\\/avatar\\\/9167d280179c85bc18be67aa7eda765854300033af4896dd779b608640f2ef7a?s=96&d=mm&r=g\",\"caption\":\"Diario1 Diario1\"},\"url\":\"https:\\\/\\\/diariotextual.com\\\/inicio\\\/index.php\\\/author\\\/diario1\\\/\"}]}<\/script>\n<!-- \/ Yoast SEO plugin. -->","yoast_head_json":{"title":"Ziliotto va a La Rural: tono electoral y misi\u00f3n de seguir tendiendo puentes con el campo - Diario Textual","robots":{"index":"index","follow":"follow","max-snippet":"max-snippet:-1","max-image-preview":"max-image-preview:large","max-video-preview":"max-video-preview:-1"},"canonical":"https:\/\/diariotextual.com\/inicio\/index.php\/2023\/10\/04\/ziliotto-va-a-la-rural-tono-electoral-y-mision-de-seguir-tendiendo-puentes-con-el-campo\/","og_locale":"es_ES","og_type":"article","og_title":"Ziliotto va a La Rural: tono electoral y misi\u00f3n de seguir tendiendo puentes con el campo - Diario Textual","og_description":"El gobernador Sergio Ziliotto va a reaparecer p\u00fablicamente este s\u00e1bado en la inauguraci\u00f3n de la Exposici\u00f3n Rural de Santa Rosa. Eso al menos les comunicaron a dirigentes de la Asociaci\u00f3n&hellip;","og_url":"https:\/\/diariotextual.com\/inicio\/index.php\/2023\/10\/04\/ziliotto-va-a-la-rural-tono-electoral-y-mision-de-seguir-tendiendo-puentes-con-el-campo\/","og_site_name":"Diario Textual","article_publisher":"https:\/\/www.facebook.com\/eltextual","article_published_time":"2023-10-04T12:42:00+00:00","article_modified_time":"2023-10-05T12:12:45+00:00","og_image":[{"width":1500,"height":1001,"url":"https:\/\/diariotextual.com\/inicio\/wp-content\/uploads\/2022\/10\/ziliottosergioexporuralsantarosa2022-9.jpg","type":"image\/jpeg"}],"author":"Diario1 Diario1","twitter_card":"summary_large_image","twitter_creator":"@eltextual","twitter_site":"@eltextual","twitter_misc":{"Escrito por":"Diario1 Diario1","Tiempo de lectura":"2 minutos"},"schema":{"@context":"https:\/\/schema.org","@graph":[{"@type":"Article","@id":"https:\/\/diariotextual.com\/inicio\/index.php\/2023\/10\/04\/ziliotto-va-a-la-rural-tono-electoral-y-mision-de-seguir-tendiendo-puentes-con-el-campo\/#article","isPartOf":{"@id":"https:\/\/diariotextual.com\/inicio\/index.php\/2023\/10\/04\/ziliotto-va-a-la-rural-tono-electoral-y-mision-de-seguir-tendiendo-puentes-con-el-campo\/"},"author":{"name":"Diario1 Diario1","@id":"https:\/\/diariotextual.com\/inicio\/#\/schema\/person\/418fc4093c33e86ed41562db3508f958"},"headline":"Ziliotto va a La Rural: tono electoral y misi\u00f3n de seguir tendiendo puentes con el campo","datePublished":"2023-10-04T12:42:00+00:00","dateModified":"2023-10-05T12:12:45+00:00","mainEntityOfPage":{"@id":"https:\/\/diariotextual.com\/inicio\/index.php\/2023\/10\/04\/ziliotto-va-a-la-rural-tono-electoral-y-mision-de-seguir-tendiendo-puentes-con-el-campo\/"},"wordCount":414,"publisher":{"@id":"https:\/\/diariotextual.com\/inicio\/#organization"},"image":{"@id":"https:\/\/diariotextual.com\/inicio\/index.php\/2023\/10\/04\/ziliotto-va-a-la-rural-tono-electoral-y-mision-de-seguir-tendiendo-puentes-con-el-campo\/#primaryimage"},"thumbnailUrl":"https:\/\/diariotextual.com\/inicio\/wp-content\/uploads\/2022\/10\/ziliottosergioexporuralsantarosa2022-9.jpg","articleSection":["A - ES NOTICIA (van abajo)","A - QUE PASA (al costado)","POLITICA"],"inLanguage":"es"},{"@type":"WebPage","@id":"https:\/\/diariotextual.com\/inicio\/index.php\/2023\/10\/04\/ziliotto-va-a-la-rural-tono-electoral-y-mision-de-seguir-tendiendo-puentes-con-el-campo\/","url":"https:\/\/diariotextual.com\/inicio\/index.php\/2023\/10\/04\/ziliotto-va-a-la-rural-tono-electoral-y-mision-de-seguir-tendiendo-puentes-con-el-campo\/","name":"Ziliotto va a La Rural: tono electoral y misi\u00f3n de seguir tendiendo puentes con el campo - Diario Textual","isPartOf":{"@id":"https:\/\/diariotextual.com\/inicio\/#website"},"primaryImageOfPage":{"@id":"https:\/\/diariotextual.com\/inicio\/index.php\/2023\/10\/04\/ziliotto-va-a-la-rural-tono-electoral-y-mision-de-seguir-tendiendo-puentes-con-el-campo\/#primaryimage"},"image":{"@id":"https:\/\/diariotextual.com\/inicio\/index.php\/2023\/10\/04\/ziliotto-va-a-la-rural-tono-electoral-y-mision-de-seguir-tendiendo-puentes-con-el-campo\/#primaryimage"},"thumbnailUrl":"https:\/\/diariotextual.com\/inicio\/wp-content\/uploads\/2022\/10\/ziliottosergioexporuralsantarosa2022-9.jpg","datePublished":"2023-10-04T12:42:00+00:00","dateModified":"2023-10-05T12:12:45+00:00","breadcrumb":{"@id":"https:\/\/diariotextual.com\/inicio\/index.php\/2023\/10\/04\/ziliotto-va-a-la-rural-tono-electoral-y-mision-de-seguir-tendiendo-puentes-con-el-campo\/#breadcrumb"},"inLanguage":"es","potentialAction":[{"@type":"ReadAction","target":["https:\/\/diariotextual.com\/inicio\/index.php\/2023\/10\/04\/ziliotto-va-a-la-rural-tono-electoral-y-mision-de-seguir-tendiendo-puentes-con-el-campo\/"]}]},{"@type":"ImageObject","inLanguage":"es","@id":"https:\/\/diariotextual.com\/inicio\/index.php\/2023\/10\/04\/ziliotto-va-a-la-rural-tono-electoral-y-mision-de-seguir-tendiendo-puentes-con-el-campo\/#primaryimage","url":"https:\/\/diariotextual.com\/inicio\/wp-content\/uploads\/2022\/10\/ziliottosergioexporuralsantarosa2022-9.jpg","contentUrl":"https:\/\/diariotextual.com\/inicio\/wp-content\/uploads\/2022\/10\/ziliottosergioexporuralsantarosa2022-9.jpg","width":1500,"height":1001},{"@type":"BreadcrumbList","@id":"https:\/\/diariotextual.com\/inicio\/index.php\/2023\/10\/04\/ziliotto-va-a-la-rural-tono-electoral-y-mision-de-seguir-tendiendo-puentes-con-el-campo\/#breadcrumb","itemListElement":[{"@type":"ListItem","position":1,"name":"Portada","item":"https:\/\/diariotextual.com\/inicio\/"},{"@type":"ListItem","position":2,"name":"Ziliotto va a La Rural: tono electoral y misi\u00f3n de seguir tendiendo puentes con el campo"}]},{"@type":"WebSite","@id":"https:\/\/diariotextual.com\/inicio\/#website","url":"https:\/\/diariotextual.com\/inicio\/","name":"Diario Textual","description":"","publisher":{"@id":"https:\/\/diariotextual.com\/inicio\/#organization"},"potentialAction":[{"@type":"SearchAction","target":{"@type":"EntryPoint","urlTemplate":"https:\/\/diariotextual.com\/inicio\/?s={search_term_string}"},"query-input":{"@type":"PropertyValueSpecification","valueRequired":true,"valueName":"search_term_string"}}],"inLanguage":"es"},{"@type":"Organization","@id":"https:\/\/diariotextual.com\/inicio\/#organization","name":"Diario Textual","url":"https:\/\/diariotextual.com\/inicio\/","logo":{"@type":"ImageObject","inLanguage":"es","@id":"https:\/\/diariotextual.com\/inicio\/#\/schema\/logo\/image\/","url":"https:\/\/diariotextual.com\/inicio\/wp-content\/uploads\/2023\/05\/logotextual1.jpg","contentUrl":"https:\/\/diariotextual.com\/inicio\/wp-content\/uploads\/2023\/05\/logotextual1.jpg","width":516,"height":76,"caption":"Diario Textual"},"image":{"@id":"https:\/\/diariotextual.com\/inicio\/#\/schema\/logo\/image\/"},"sameAs":["https:\/\/www.facebook.com\/eltextual","https:\/\/x.com\/eltextual","http:\/\/www.instagram.com\/eltextual"]},{"@type":"Person","@id":"https:\/\/diariotextual.com\/inicio\/#\/schema\/person\/418fc4093c33e86ed41562db3508f958","name":"Diario1 Diario1","image":{"@type":"ImageObject","inLanguage":"es","@id":"https:\/\/secure.gravatar.com\/avatar\/9167d280179c85bc18be67aa7eda765854300033af4896dd779b608640f2ef7a?s=96&d=mm&r=g","url":"https:\/\/secure.gravatar.com\/avatar\/9167d280179c85bc18be67aa7eda765854300033af4896dd779b608640f2ef7a?s=96&d=mm&r=g","contentUrl":"https:\/\/secure.gravatar.com\/avatar\/9167d280179c85bc18be67aa7eda765854300033af4896dd779b608640f2ef7a?s=96&d=mm&r=g","caption":"Diario1 Diario1"},"url":"https:\/\/diariotextual.com\/inicio\/index.php\/author\/diario1\/"}]}},"_links":{"self":[{"href":"https:\/\/diariotextual.com\/inicio\/index.php\/wp-json\/wp\/v2\/posts\/239727","targetHints":{"allow":["GET"]}}],"collection":[{"href":"https:\/\/diariotextual.com\/inicio\/index.php\/wp-json\/wp\/v2\/posts"}],"about":[{"href":"https:\/\/diariotextual.com\/inicio\/index.php\/wp-json\/wp\/v2\/types\/post"}],"author":[{"embeddable":true,"href":"https:\/\/diariotextual.com\/inicio\/index.php\/wp-json\/wp\/v2\/users\/3"}],"replies":[{"embeddable":true,"href":"https:\/\/diariotextual.com\/inicio\/index.php\/wp-json\/wp\/v2\/comments?post=239727"}],"version-history":[{"count":13,"href":"https:\/\/diariotextual.com\/inicio\/index.php\/wp-json\/wp\/v2\/posts\/239727\/revisions"}],"predecessor-version":[{"id":239757,"href":"https:\/\/diariotextual.com\/inicio\/index.php\/wp-json\/wp\/v2\/posts\/239727\/revisions\/239757"}],"wp:featuredmedia":[{"embeddable":true,"href":"https:\/\/diariotextual.com\/inicio\/index.php\/wp-json\/wp\/v2\/media\/202228"}],"wp:attachment":[{"href":"https:\/\/diariotextual.com\/inicio\/index.php\/wp-json\/wp\/v2\/media?parent=239727"}],"wp:term":[{"taxonomy":"category","embeddable":true,"href":"https:\/\/diariotextual.com\/inicio\/index.php\/wp-json\/wp\/v2\/categories?post=239727"},{"taxonomy":"post_tag","embeddable":true,"href":"https:\/\/diariotextual.com\/inicio\/index.php\/wp-json\/wp\/v2\/tags?post=239727"}],"curies":[{"name":"wp","href":"https:\/\/api.w.org\/{rel}","templated":true}]}}