{"id":239796,"date":"2023-10-04T10:09:21","date_gmt":"2023-10-04T13:09:21","guid":{"rendered":"https:\/\/diariotextual.com\/inicio\/?p=239796"},"modified":"2023-10-05T07:09:53","modified_gmt":"2023-10-05T10:09:53","slug":"volvio-la-lluvia-y-hay-alegria-entre-los-productores-rurales-los-nuevos-registros","status":"publish","type":"post","link":"https:\/\/diariotextual.com\/inicio\/index.php\/2023\/10\/04\/volvio-la-lluvia-y-hay-alegria-entre-los-productores-rurales-los-nuevos-registros\/","title":{"rendered":"Volvi\u00f3 la lluvia y hay alegr\u00eda entre los productores rurales: los nuevos registros"},"content":{"rendered":"\n<p><strong>Importantes lluvias se registraron entre el lunes a la noche y todo el martes en buena parte de La Pampa. Hay alegr\u00eda entre los productores rurales: esperan \u201csalvar\u201d los trigos y el suelo recarg\u00f3 humedad, luego de meses y meses de sequ\u00eda, por lo que es inminente el inicio de la siembra de los granos gruesos. Adem\u00e1s se espera una mejora en los campos ganadores, donde estaban cortos de pasto.<\/strong><\/p>\n\n\n\n<p>Hasta ayer a las 9 horas, se hab\u00edan registrado lluvias de hasta 10 mil\u00edmetros aproximadamente. Entre las 9 de ayer y las 9 de hoy, las lluvias fueron m\u00e1s abundantes.<\/p>\n\n\n\n<p>Seg\u00fan datos de la Direcci\u00f3n de Comunicaciones de la Polic\u00eda, en Monte Nievas cayeron 20 mm entre las 9 de ayer y la misma hora de hoy; Castex, 30; Conhelo, 22; Rucanelo, 26; Winifreda, 31; y Mayer, 30.<\/p>\n\n\n\n<p>En Luan Toro, 15; Loventuel, 8; Victorica, 12; Tel\u00e9n, 6; Carro Quemado, 5; y El Durazno, 7.<\/p>\n\n\n\n<p>En Santa Rosa, 10; Catril\u00f3, 28; Uriburu, 18; Lonquimay, 25; y La Gloria, 25.<\/p>\n\n\n\n<p>En Toay, 13; Cereales, 16; Riglos, 12; Rol\u00f3n, 6; Anchorena, 11; Macach\u00edn, 2; y Doblas, 1.<\/p>\n\n\n\n<p>En Quetrequ\u00e9n, 20; Parera, 14; Caleuf\u00fa, 20; Pichi Huinca, 22; La Maruja, 17; y Foster, 9.<\/p>\n\n\n\n<p>En Maisonave, 13; Realic\u00f3, 10; Van Praet, 9; Falucho, 14; Alta Italia, 16; Embajador Martini, 25; y Luiggi, 23.<\/p>\n\n\n\n<p>En Lagos, 12; Sarah, 12; Larroud\u00e9, 11; Alvear, 12; Ceballos, 8; V\u00e9rtiz, 15; y Fort\u00edn Pampa, 13.<\/p>\n\n\n\n<p>En Arata, 32; Metileo, 20; Trenel, 26; Speluzzi, 10; Trebolares, 8; Agustoni, 6; Dorila, 11; y Pico, 9.<\/p>\n\n\n\n<p>En Villa Mirasol, 32; Bar\u00f3n, 32; Quem\u00fa, 30; Can\u00e9, 29; y Relmo, 36.<\/p>\n","protected":false},"excerpt":{"rendered":"<p>Importantes lluvias se registraron entre el lunes a la noche y todo el martes en buena parte de La Pampa. Hay alegr\u00eda entre los productores rurales: esperan \u201csalvar\u201d los trigos&hellip;<\/p>\n","protected":false},"author":3,"featured_media":209261,"comment_status":"closed","ping_status":"open","sticky":false,"template":"","format":"standard","meta":{"_acf_changed":false,"footnotes":""},"categories":[1,11,20],"tags":[],"class_list":["post-239796","post","type-post","status-publish","format-standard","has-post-thumbnail","hentry","category-es-noticia","category-que-pasa","category-campo"],"acf":[],"yoast_head":"<!-- This site is optimized with the Yoast SEO plugin v27.5 - https:\/\/yoast.com\/product\/yoast-seo-wordpress\/ -->\n<title>Volvi\u00f3 la lluvia y hay alegr\u00eda entre los productores rurales: los nuevos registros - Diario Textual<\/title>\n<meta name=\"robots\" content=\"index, follow, max-snippet:-1, max-image-preview:large, max-video-preview:-1\" \/>\n<link rel=\"canonical\" href=\"https:\/\/diariotextual.com\/inicio\/index.php\/2023\/10\/04\/volvio-la-lluvia-y-hay-alegria-entre-los-productores-rurales-los-nuevos-registros\/\" \/>\n<meta property=\"og:locale\" content=\"es_ES\" \/>\n<meta property=\"og:type\" content=\"article\" \/>\n<meta property=\"og:title\" content=\"Volvi\u00f3 la lluvia y hay alegr\u00eda entre los productores rurales: los nuevos registros - Diario Textual\" \/>\n<meta property=\"og:description\" content=\"Importantes lluvias se registraron entre el lunes a la noche y todo el martes en buena parte de La Pampa. Hay alegr\u00eda entre los productores rurales: esperan \u201csalvar\u201d los trigos&hellip;\" \/>\n<meta property=\"og:url\" content=\"https:\/\/diariotextual.com\/inicio\/index.php\/2023\/10\/04\/volvio-la-lluvia-y-hay-alegria-entre-los-productores-rurales-los-nuevos-registros\/\" \/>\n<meta property=\"og:site_name\" content=\"Diario Textual\" \/>\n<meta property=\"article:publisher\" content=\"https:\/\/www.facebook.com\/eltextual\" \/>\n<meta property=\"article:published_time\" content=\"2023-10-04T13:09:21+00:00\" \/>\n<meta property=\"article:modified_time\" content=\"2023-10-05T10:09:53+00:00\" \/>\n<meta property=\"og:image\" content=\"https:\/\/diariotextual.com\/inicio\/wp-content\/uploads\/2022\/12\/lluviatormentacampo009.jpg\" \/>\n\t<meta property=\"og:image:width\" content=\"1004\" \/>\n\t<meta property=\"og:image:height\" content=\"565\" \/>\n\t<meta property=\"og:image:type\" content=\"image\/jpeg\" \/>\n<meta name=\"author\" content=\"Diario1 Diario1\" \/>\n<meta name=\"twitter:card\" content=\"summary_large_image\" \/>\n<meta name=\"twitter:creator\" content=\"@eltextual\" \/>\n<meta name=\"twitter:site\" content=\"@eltextual\" \/>\n<meta name=\"twitter:label1\" content=\"Escrito por\" \/>\n\t<meta name=\"twitter:data1\" content=\"Diario1 Diario1\" \/>\n\t<meta name=\"twitter:label2\" content=\"Tiempo de lectura\" \/>\n\t<meta name=\"twitter:data2\" content=\"2 minutos\" \/>\n<script type=\"application\/ld+json\" class=\"yoast-schema-graph\">{\"@context\":\"https:\\\/\\\/schema.org\",\"@graph\":[{\"@type\":\"Article\",\"@id\":\"https:\\\/\\\/diariotextual.com\\\/inicio\\\/index.php\\\/2023\\\/10\\\/04\\\/volvio-la-lluvia-y-hay-alegria-entre-los-productores-rurales-los-nuevos-registros\\\/#article\",\"isPartOf\":{\"@id\":\"https:\\\/\\\/diariotextual.com\\\/inicio\\\/index.php\\\/2023\\\/10\\\/04\\\/volvio-la-lluvia-y-hay-alegria-entre-los-productores-rurales-los-nuevos-registros\\\/\"},\"author\":{\"name\":\"Diario1 Diario1\",\"@id\":\"https:\\\/\\\/diariotextual.com\\\/inicio\\\/#\\\/schema\\\/person\\\/418fc4093c33e86ed41562db3508f958\"},\"headline\":\"Volvi\u00f3 la lluvia y hay alegr\u00eda entre los productores rurales: los nuevos registros\",\"datePublished\":\"2023-10-04T13:09:21+00:00\",\"dateModified\":\"2023-10-05T10:09:53+00:00\",\"mainEntityOfPage\":{\"@id\":\"https:\\\/\\\/diariotextual.com\\\/inicio\\\/index.php\\\/2023\\\/10\\\/04\\\/volvio-la-lluvia-y-hay-alegria-entre-los-productores-rurales-los-nuevos-registros\\\/\"},\"wordCount\":236,\"publisher\":{\"@id\":\"https:\\\/\\\/diariotextual.com\\\/inicio\\\/#organization\"},\"image\":{\"@id\":\"https:\\\/\\\/diariotextual.com\\\/inicio\\\/index.php\\\/2023\\\/10\\\/04\\\/volvio-la-lluvia-y-hay-alegria-entre-los-productores-rurales-los-nuevos-registros\\\/#primaryimage\"},\"thumbnailUrl\":\"https:\\\/\\\/diariotextual.com\\\/inicio\\\/wp-content\\\/uploads\\\/2022\\\/12\\\/lluviatormentacampo009.jpg\",\"articleSection\":[\"A - ES NOTICIA (van abajo)\",\"A - QUE PASA (al costado)\",\"CAMPO\"],\"inLanguage\":\"es\"},{\"@type\":\"WebPage\",\"@id\":\"https:\\\/\\\/diariotextual.com\\\/inicio\\\/index.php\\\/2023\\\/10\\\/04\\\/volvio-la-lluvia-y-hay-alegria-entre-los-productores-rurales-los-nuevos-registros\\\/\",\"url\":\"https:\\\/\\\/diariotextual.com\\\/inicio\\\/index.php\\\/2023\\\/10\\\/04\\\/volvio-la-lluvia-y-hay-alegria-entre-los-productores-rurales-los-nuevos-registros\\\/\",\"name\":\"Volvi\u00f3 la lluvia y hay alegr\u00eda entre los productores rurales: los nuevos registros - Diario Textual\",\"isPartOf\":{\"@id\":\"https:\\\/\\\/diariotextual.com\\\/inicio\\\/#website\"},\"primaryImageOfPage\":{\"@id\":\"https:\\\/\\\/diariotextual.com\\\/inicio\\\/index.php\\\/2023\\\/10\\\/04\\\/volvio-la-lluvia-y-hay-alegria-entre-los-productores-rurales-los-nuevos-registros\\\/#primaryimage\"},\"image\":{\"@id\":\"https:\\\/\\\/diariotextual.com\\\/inicio\\\/index.php\\\/2023\\\/10\\\/04\\\/volvio-la-lluvia-y-hay-alegria-entre-los-productores-rurales-los-nuevos-registros\\\/#primaryimage\"},\"thumbnailUrl\":\"https:\\\/\\\/diariotextual.com\\\/inicio\\\/wp-content\\\/uploads\\\/2022\\\/12\\\/lluviatormentacampo009.jpg\",\"datePublished\":\"2023-10-04T13:09:21+00:00\",\"dateModified\":\"2023-10-05T10:09:53+00:00\",\"breadcrumb\":{\"@id\":\"https:\\\/\\\/diariotextual.com\\\/inicio\\\/index.php\\\/2023\\\/10\\\/04\\\/volvio-la-lluvia-y-hay-alegria-entre-los-productores-rurales-los-nuevos-registros\\\/#breadcrumb\"},\"inLanguage\":\"es\",\"potentialAction\":[{\"@type\":\"ReadAction\",\"target\":[\"https:\\\/\\\/diariotextual.com\\\/inicio\\\/index.php\\\/2023\\\/10\\\/04\\\/volvio-la-lluvia-y-hay-alegria-entre-los-productores-rurales-los-nuevos-registros\\\/\"]}]},{\"@type\":\"ImageObject\",\"inLanguage\":\"es\",\"@id\":\"https:\\\/\\\/diariotextual.com\\\/inicio\\\/index.php\\\/2023\\\/10\\\/04\\\/volvio-la-lluvia-y-hay-alegria-entre-los-productores-rurales-los-nuevos-registros\\\/#primaryimage\",\"url\":\"https:\\\/\\\/diariotextual.com\\\/inicio\\\/wp-content\\\/uploads\\\/2022\\\/12\\\/lluviatormentacampo009.jpg\",\"contentUrl\":\"https:\\\/\\\/diariotextual.com\\\/inicio\\\/wp-content\\\/uploads\\\/2022\\\/12\\\/lluviatormentacampo009.jpg\",\"width\":1004,\"height\":565},{\"@type\":\"BreadcrumbList\",\"@id\":\"https:\\\/\\\/diariotextual.com\\\/inicio\\\/index.php\\\/2023\\\/10\\\/04\\\/volvio-la-lluvia-y-hay-alegria-entre-los-productores-rurales-los-nuevos-registros\\\/#breadcrumb\",\"itemListElement\":[{\"@type\":\"ListItem\",\"position\":1,\"name\":\"Portada\",\"item\":\"https:\\\/\\\/diariotextual.com\\\/inicio\\\/\"},{\"@type\":\"ListItem\",\"position\":2,\"name\":\"Volvi\u00f3 la lluvia y hay alegr\u00eda entre los productores rurales: los nuevos registros\"}]},{\"@type\":\"WebSite\",\"@id\":\"https:\\\/\\\/diariotextual.com\\\/inicio\\\/#website\",\"url\":\"https:\\\/\\\/diariotextual.com\\\/inicio\\\/\",\"name\":\"Diario Textual\",\"description\":\"\",\"publisher\":{\"@id\":\"https:\\\/\\\/diariotextual.com\\\/inicio\\\/#organization\"},\"potentialAction\":[{\"@type\":\"SearchAction\",\"target\":{\"@type\":\"EntryPoint\",\"urlTemplate\":\"https:\\\/\\\/diariotextual.com\\\/inicio\\\/?s={search_term_string}\"},\"query-input\":{\"@type\":\"PropertyValueSpecification\",\"valueRequired\":true,\"valueName\":\"search_term_string\"}}],\"inLanguage\":\"es\"},{\"@type\":\"Organization\",\"@id\":\"https:\\\/\\\/diariotextual.com\\\/inicio\\\/#organization\",\"name\":\"Diario Textual\",\"url\":\"https:\\\/\\\/diariotextual.com\\\/inicio\\\/\",\"logo\":{\"@type\":\"ImageObject\",\"inLanguage\":\"es\",\"@id\":\"https:\\\/\\\/diariotextual.com\\\/inicio\\\/#\\\/schema\\\/logo\\\/image\\\/\",\"url\":\"https:\\\/\\\/diariotextual.com\\\/inicio\\\/wp-content\\\/uploads\\\/2023\\\/05\\\/logotextual1.jpg\",\"contentUrl\":\"https:\\\/\\\/diariotextual.com\\\/inicio\\\/wp-content\\\/uploads\\\/2023\\\/05\\\/logotextual1.jpg\",\"width\":516,\"height\":76,\"caption\":\"Diario Textual\"},\"image\":{\"@id\":\"https:\\\/\\\/diariotextual.com\\\/inicio\\\/#\\\/schema\\\/logo\\\/image\\\/\"},\"sameAs\":[\"https:\\\/\\\/www.facebook.com\\\/eltextual\",\"https:\\\/\\\/x.com\\\/eltextual\",\"http:\\\/\\\/www.instagram.com\\\/eltextual\"]},{\"@type\":\"Person\",\"@id\":\"https:\\\/\\\/diariotextual.com\\\/inicio\\\/#\\\/schema\\\/person\\\/418fc4093c33e86ed41562db3508f958\",\"name\":\"Diario1 Diario1\",\"image\":{\"@type\":\"ImageObject\",\"inLanguage\":\"es\",\"@id\":\"https:\\\/\\\/secure.gravatar.com\\\/avatar\\\/9167d280179c85bc18be67aa7eda765854300033af4896dd779b608640f2ef7a?s=96&d=mm&r=g\",\"url\":\"https:\\\/\\\/secure.gravatar.com\\\/avatar\\\/9167d280179c85bc18be67aa7eda765854300033af4896dd779b608640f2ef7a?s=96&d=mm&r=g\",\"contentUrl\":\"https:\\\/\\\/secure.gravatar.com\\\/avatar\\\/9167d280179c85bc18be67aa7eda765854300033af4896dd779b608640f2ef7a?s=96&d=mm&r=g\",\"caption\":\"Diario1 Diario1\"},\"url\":\"https:\\\/\\\/diariotextual.com\\\/inicio\\\/index.php\\\/author\\\/diario1\\\/\"}]}<\/script>\n<!-- \/ Yoast SEO plugin. -->","yoast_head_json":{"title":"Volvi\u00f3 la lluvia y hay alegr\u00eda entre los productores rurales: los nuevos registros - Diario Textual","robots":{"index":"index","follow":"follow","max-snippet":"max-snippet:-1","max-image-preview":"max-image-preview:large","max-video-preview":"max-video-preview:-1"},"canonical":"https:\/\/diariotextual.com\/inicio\/index.php\/2023\/10\/04\/volvio-la-lluvia-y-hay-alegria-entre-los-productores-rurales-los-nuevos-registros\/","og_locale":"es_ES","og_type":"article","og_title":"Volvi\u00f3 la lluvia y hay alegr\u00eda entre los productores rurales: los nuevos registros - Diario Textual","og_description":"Importantes lluvias se registraron entre el lunes a la noche y todo el martes en buena parte de La Pampa. Hay alegr\u00eda entre los productores rurales: esperan \u201csalvar\u201d los trigos&hellip;","og_url":"https:\/\/diariotextual.com\/inicio\/index.php\/2023\/10\/04\/volvio-la-lluvia-y-hay-alegria-entre-los-productores-rurales-los-nuevos-registros\/","og_site_name":"Diario Textual","article_publisher":"https:\/\/www.facebook.com\/eltextual","article_published_time":"2023-10-04T13:09:21+00:00","article_modified_time":"2023-10-05T10:09:53+00:00","og_image":[{"width":1004,"height":565,"url":"https:\/\/diariotextual.com\/inicio\/wp-content\/uploads\/2022\/12\/lluviatormentacampo009.jpg","type":"image\/jpeg"}],"author":"Diario1 Diario1","twitter_card":"summary_large_image","twitter_creator":"@eltextual","twitter_site":"@eltextual","twitter_misc":{"Escrito por":"Diario1 Diario1","Tiempo de lectura":"2 minutos"},"schema":{"@context":"https:\/\/schema.org","@graph":[{"@type":"Article","@id":"https:\/\/diariotextual.com\/inicio\/index.php\/2023\/10\/04\/volvio-la-lluvia-y-hay-alegria-entre-los-productores-rurales-los-nuevos-registros\/#article","isPartOf":{"@id":"https:\/\/diariotextual.com\/inicio\/index.php\/2023\/10\/04\/volvio-la-lluvia-y-hay-alegria-entre-los-productores-rurales-los-nuevos-registros\/"},"author":{"name":"Diario1 Diario1","@id":"https:\/\/diariotextual.com\/inicio\/#\/schema\/person\/418fc4093c33e86ed41562db3508f958"},"headline":"Volvi\u00f3 la lluvia y hay alegr\u00eda entre los productores rurales: los nuevos registros","datePublished":"2023-10-04T13:09:21+00:00","dateModified":"2023-10-05T10:09:53+00:00","mainEntityOfPage":{"@id":"https:\/\/diariotextual.com\/inicio\/index.php\/2023\/10\/04\/volvio-la-lluvia-y-hay-alegria-entre-los-productores-rurales-los-nuevos-registros\/"},"wordCount":236,"publisher":{"@id":"https:\/\/diariotextual.com\/inicio\/#organization"},"image":{"@id":"https:\/\/diariotextual.com\/inicio\/index.php\/2023\/10\/04\/volvio-la-lluvia-y-hay-alegria-entre-los-productores-rurales-los-nuevos-registros\/#primaryimage"},"thumbnailUrl":"https:\/\/diariotextual.com\/inicio\/wp-content\/uploads\/2022\/12\/lluviatormentacampo009.jpg","articleSection":["A - ES NOTICIA (van abajo)","A - QUE PASA (al costado)","CAMPO"],"inLanguage":"es"},{"@type":"WebPage","@id":"https:\/\/diariotextual.com\/inicio\/index.php\/2023\/10\/04\/volvio-la-lluvia-y-hay-alegria-entre-los-productores-rurales-los-nuevos-registros\/","url":"https:\/\/diariotextual.com\/inicio\/index.php\/2023\/10\/04\/volvio-la-lluvia-y-hay-alegria-entre-los-productores-rurales-los-nuevos-registros\/","name":"Volvi\u00f3 la lluvia y hay alegr\u00eda entre los productores rurales: los nuevos registros - Diario Textual","isPartOf":{"@id":"https:\/\/diariotextual.com\/inicio\/#website"},"primaryImageOfPage":{"@id":"https:\/\/diariotextual.com\/inicio\/index.php\/2023\/10\/04\/volvio-la-lluvia-y-hay-alegria-entre-los-productores-rurales-los-nuevos-registros\/#primaryimage"},"image":{"@id":"https:\/\/diariotextual.com\/inicio\/index.php\/2023\/10\/04\/volvio-la-lluvia-y-hay-alegria-entre-los-productores-rurales-los-nuevos-registros\/#primaryimage"},"thumbnailUrl":"https:\/\/diariotextual.com\/inicio\/wp-content\/uploads\/2022\/12\/lluviatormentacampo009.jpg","datePublished":"2023-10-04T13:09:21+00:00","dateModified":"2023-10-05T10:09:53+00:00","breadcrumb":{"@id":"https:\/\/diariotextual.com\/inicio\/index.php\/2023\/10\/04\/volvio-la-lluvia-y-hay-alegria-entre-los-productores-rurales-los-nuevos-registros\/#breadcrumb"},"inLanguage":"es","potentialAction":[{"@type":"ReadAction","target":["https:\/\/diariotextual.com\/inicio\/index.php\/2023\/10\/04\/volvio-la-lluvia-y-hay-alegria-entre-los-productores-rurales-los-nuevos-registros\/"]}]},{"@type":"ImageObject","inLanguage":"es","@id":"https:\/\/diariotextual.com\/inicio\/index.php\/2023\/10\/04\/volvio-la-lluvia-y-hay-alegria-entre-los-productores-rurales-los-nuevos-registros\/#primaryimage","url":"https:\/\/diariotextual.com\/inicio\/wp-content\/uploads\/2022\/12\/lluviatormentacampo009.jpg","contentUrl":"https:\/\/diariotextual.com\/inicio\/wp-content\/uploads\/2022\/12\/lluviatormentacampo009.jpg","width":1004,"height":565},{"@type":"BreadcrumbList","@id":"https:\/\/diariotextual.com\/inicio\/index.php\/2023\/10\/04\/volvio-la-lluvia-y-hay-alegria-entre-los-productores-rurales-los-nuevos-registros\/#breadcrumb","itemListElement":[{"@type":"ListItem","position":1,"name":"Portada","item":"https:\/\/diariotextual.com\/inicio\/"},{"@type":"ListItem","position":2,"name":"Volvi\u00f3 la lluvia y hay alegr\u00eda entre los productores rurales: los nuevos registros"}]},{"@type":"WebSite","@id":"https:\/\/diariotextual.com\/inicio\/#website","url":"https:\/\/diariotextual.com\/inicio\/","name":"Diario Textual","description":"","publisher":{"@id":"https:\/\/diariotextual.com\/inicio\/#organization"},"potentialAction":[{"@type":"SearchAction","target":{"@type":"EntryPoint","urlTemplate":"https:\/\/diariotextual.com\/inicio\/?s={search_term_string}"},"query-input":{"@type":"PropertyValueSpecification","valueRequired":true,"valueName":"search_term_string"}}],"inLanguage":"es"},{"@type":"Organization","@id":"https:\/\/diariotextual.com\/inicio\/#organization","name":"Diario Textual","url":"https:\/\/diariotextual.com\/inicio\/","logo":{"@type":"ImageObject","inLanguage":"es","@id":"https:\/\/diariotextual.com\/inicio\/#\/schema\/logo\/image\/","url":"https:\/\/diariotextual.com\/inicio\/wp-content\/uploads\/2023\/05\/logotextual1.jpg","contentUrl":"https:\/\/diariotextual.com\/inicio\/wp-content\/uploads\/2023\/05\/logotextual1.jpg","width":516,"height":76,"caption":"Diario Textual"},"image":{"@id":"https:\/\/diariotextual.com\/inicio\/#\/schema\/logo\/image\/"},"sameAs":["https:\/\/www.facebook.com\/eltextual","https:\/\/x.com\/eltextual","http:\/\/www.instagram.com\/eltextual"]},{"@type":"Person","@id":"https:\/\/diariotextual.com\/inicio\/#\/schema\/person\/418fc4093c33e86ed41562db3508f958","name":"Diario1 Diario1","image":{"@type":"ImageObject","inLanguage":"es","@id":"https:\/\/secure.gravatar.com\/avatar\/9167d280179c85bc18be67aa7eda765854300033af4896dd779b608640f2ef7a?s=96&d=mm&r=g","url":"https:\/\/secure.gravatar.com\/avatar\/9167d280179c85bc18be67aa7eda765854300033af4896dd779b608640f2ef7a?s=96&d=mm&r=g","contentUrl":"https:\/\/secure.gravatar.com\/avatar\/9167d280179c85bc18be67aa7eda765854300033af4896dd779b608640f2ef7a?s=96&d=mm&r=g","caption":"Diario1 Diario1"},"url":"https:\/\/diariotextual.com\/inicio\/index.php\/author\/diario1\/"}]}},"_links":{"self":[{"href":"https:\/\/diariotextual.com\/inicio\/index.php\/wp-json\/wp\/v2\/posts\/239796","targetHints":{"allow":["GET"]}}],"collection":[{"href":"https:\/\/diariotextual.com\/inicio\/index.php\/wp-json\/wp\/v2\/posts"}],"about":[{"href":"https:\/\/diariotextual.com\/inicio\/index.php\/wp-json\/wp\/v2\/types\/post"}],"author":[{"embeddable":true,"href":"https:\/\/diariotextual.com\/inicio\/index.php\/wp-json\/wp\/v2\/users\/3"}],"replies":[{"embeddable":true,"href":"https:\/\/diariotextual.com\/inicio\/index.php\/wp-json\/wp\/v2\/comments?post=239796"}],"version-history":[{"count":5,"href":"https:\/\/diariotextual.com\/inicio\/index.php\/wp-json\/wp\/v2\/posts\/239796\/revisions"}],"predecessor-version":[{"id":239806,"href":"https:\/\/diariotextual.com\/inicio\/index.php\/wp-json\/wp\/v2\/posts\/239796\/revisions\/239806"}],"wp:featuredmedia":[{"embeddable":true,"href":"https:\/\/diariotextual.com\/inicio\/index.php\/wp-json\/wp\/v2\/media\/209261"}],"wp:attachment":[{"href":"https:\/\/diariotextual.com\/inicio\/index.php\/wp-json\/wp\/v2\/media?parent=239796"}],"wp:term":[{"taxonomy":"category","embeddable":true,"href":"https:\/\/diariotextual.com\/inicio\/index.php\/wp-json\/wp\/v2\/categories?post=239796"},{"taxonomy":"post_tag","embeddable":true,"href":"https:\/\/diariotextual.com\/inicio\/index.php\/wp-json\/wp\/v2\/tags?post=239796"}],"curies":[{"name":"wp","href":"https:\/\/api.w.org\/{rel}","templated":true}]}}