{"id":239864,"date":"2023-10-05T06:40:44","date_gmt":"2023-10-05T09:40:44","guid":{"rendered":"https:\/\/diariotextual.com\/inicio\/?p=239864"},"modified":"2023-10-05T16:31:00","modified_gmt":"2023-10-05T19:31:00","slug":"cuatro-contadores-pelean-por-una-de-las-vocalias-del-tdec","status":"publish","type":"post","link":"https:\/\/diariotextual.com\/inicio\/index.php\/2023\/10\/05\/cuatro-contadores-pelean-por-una-de-las-vocalias-del-tdec\/","title":{"rendered":"Cuatro contadores pelean por una de las vocal\u00edas del TdeC"},"content":{"rendered":"\n<p>El 11 de octubre se desarrollar\u00e1 la prueba del concurso para cubrir el cargo de vocal del<strong> Tribunal de Cuentas (TdeC)<\/strong>, con t\u00edtulo de Contador P\u00fablico Nacional. Deben reemplazar a <strong>Francisco Garc\u00eda<\/strong>, que estaba a cargo de la Sala II desde enero de 1995 y ahora se jubil\u00f3.<\/p>\n\n\n\n<p>El Consejo de la Magistratura inform\u00f3 que, mediante Acuerdo 1542 se aprob\u00f3, con una exclusi\u00f3n, la lista de inscriptos en&nbsp; condiciones de ser examinados: son los contadores <strong>Cristian Fernando Kathrein,&nbsp; Valeria Lis Nowak,&nbsp; Fernanda Rizzi y Mar\u00eda Claudina Vendramini.<\/strong><\/p>\n\n\n\n<p>Se fij\u00f3 para el mi\u00e9rcoles 11 de octubre, a partir de las 8 horas, la realizaci\u00f3n de la prueba de oposici\u00f3n escrita. Y a partir de las 15.30 se efectuar\u00e1 la entrevista personal p\u00fablica, todo en la sede del Consejo de la Magistratura (avenida San Mart\u00edn Oeste N\u00b0 152 de Santa Rosa). Posteriormente elevar\u00e1 una terna, de la que el gobernador Sergio Ziliotto elegir\u00e1 al o la vocal.<\/p>\n\n\n\n<p><strong>Dos de las postulantes son funcionarias del Gobierno provincial.<\/strong> Rizzi es<strong> secretaria de Administraci\u00f3n del Ministerio de Salud <\/strong>y Nowak es la<strong> subsecretaria de Gesti\u00f3n P\u00fablica <\/strong>que depende de la Secretar\u00eda General de la Gobernaci\u00f3n.<\/p>\n\n\n\n<p>El TdeC est\u00e1 al mando de <strong>Mar\u00eda Alejandra \u201cMarita\u201d Mac Allister<\/strong>, es decir, de la oposici\u00f3n. Es recurrentemente nombrada como posible candidata a diferentes cargos, pero la funcionaria ha decidido permanecer en este tribunal. De todas maneras, la hermana de Carlos Javier Mac Allister ahora es la jefa de la campa\u00f1a de Juntos por el Cambio que lleva como candidato a diputado a Mart\u00edn Ardohain y a presidenta a Patricia Bullrich.<\/p>\n\n\n\n<p>El tribunal tiene dos salas: la I, con la vocal\u00eda de Jos\u00e9 Carlos \u201cTato\u201d Moslares, y la II, que estaba al mando de Francisco Garc\u00eda. La II, entre otras, controla el Poder Judicial, el Poder Legislativo, los hospitales, escuelas y comisiones de fomento.<\/p>\n\n\n\n<p><\/p>\n","protected":false},"excerpt":{"rendered":"<p>El 11 de octubre se desarrollar\u00e1 la prueba del concurso para cubrir el cargo de vocal del Tribunal de Cuentas (TdeC), con t\u00edtulo de Contador P\u00fablico Nacional. Deben reemplazar a&hellip;<\/p>\n","protected":false},"author":3,"featured_media":4022,"comment_status":"closed","ping_status":"open","sticky":false,"template":"","format":"standard","meta":{"_acf_changed":false,"footnotes":""},"categories":[1,11,8],"tags":[],"class_list":["post-239864","post","type-post","status-publish","format-standard","has-post-thumbnail","hentry","category-es-noticia","category-que-pasa","category-politica"],"acf":[],"yoast_head":"<!-- This site is optimized with the Yoast SEO plugin v27.5 - https:\/\/yoast.com\/product\/yoast-seo-wordpress\/ -->\n<title>Cuatro contadores pelean por una de las vocal\u00edas del TdeC - Diario Textual<\/title>\n<meta name=\"robots\" content=\"index, follow, max-snippet:-1, max-image-preview:large, max-video-preview:-1\" \/>\n<link rel=\"canonical\" href=\"https:\/\/diariotextual.com\/inicio\/index.php\/2023\/10\/05\/cuatro-contadores-pelean-por-una-de-las-vocalias-del-tdec\/\" \/>\n<meta property=\"og:locale\" content=\"es_ES\" \/>\n<meta property=\"og:type\" content=\"article\" \/>\n<meta property=\"og:title\" content=\"Cuatro contadores pelean por una de las vocal\u00edas del TdeC - Diario Textual\" \/>\n<meta property=\"og:description\" content=\"El 11 de octubre se desarrollar\u00e1 la prueba del concurso para cubrir el cargo de vocal del Tribunal de Cuentas (TdeC), con t\u00edtulo de Contador P\u00fablico Nacional. Deben reemplazar a&hellip;\" \/>\n<meta property=\"og:url\" content=\"https:\/\/diariotextual.com\/inicio\/index.php\/2023\/10\/05\/cuatro-contadores-pelean-por-una-de-las-vocalias-del-tdec\/\" \/>\n<meta property=\"og:site_name\" content=\"Diario Textual\" \/>\n<meta property=\"article:publisher\" content=\"https:\/\/www.facebook.com\/eltextual\" \/>\n<meta property=\"article:published_time\" content=\"2023-10-05T09:40:44+00:00\" \/>\n<meta property=\"article:modified_time\" content=\"2023-10-05T19:31:00+00:00\" \/>\n<meta property=\"og:image\" content=\"https:\/\/diariotextual.com\/inicio\/wp-content\/uploads\/2018\/04\/tribunaldecuentaslapampa33333.jpg\" \/>\n\t<meta property=\"og:image:width\" content=\"876\" \/>\n\t<meta property=\"og:image:height\" content=\"582\" \/>\n\t<meta property=\"og:image:type\" content=\"image\/jpeg\" \/>\n<meta name=\"author\" content=\"Diario1 Diario1\" \/>\n<meta name=\"twitter:card\" content=\"summary_large_image\" \/>\n<meta name=\"twitter:creator\" content=\"@eltextual\" \/>\n<meta name=\"twitter:site\" content=\"@eltextual\" \/>\n<meta name=\"twitter:label1\" content=\"Escrito por\" \/>\n\t<meta name=\"twitter:data1\" content=\"Diario1 Diario1\" \/>\n\t<meta name=\"twitter:label2\" content=\"Tiempo de lectura\" \/>\n\t<meta name=\"twitter:data2\" content=\"2 minutos\" \/>\n<script type=\"application\/ld+json\" class=\"yoast-schema-graph\">{\"@context\":\"https:\\\/\\\/schema.org\",\"@graph\":[{\"@type\":\"Article\",\"@id\":\"https:\\\/\\\/diariotextual.com\\\/inicio\\\/index.php\\\/2023\\\/10\\\/05\\\/cuatro-contadores-pelean-por-una-de-las-vocalias-del-tdec\\\/#article\",\"isPartOf\":{\"@id\":\"https:\\\/\\\/diariotextual.com\\\/inicio\\\/index.php\\\/2023\\\/10\\\/05\\\/cuatro-contadores-pelean-por-una-de-las-vocalias-del-tdec\\\/\"},\"author\":{\"name\":\"Diario1 Diario1\",\"@id\":\"https:\\\/\\\/diariotextual.com\\\/inicio\\\/#\\\/schema\\\/person\\\/418fc4093c33e86ed41562db3508f958\"},\"headline\":\"Cuatro contadores pelean por una de las vocal\u00edas del TdeC\",\"datePublished\":\"2023-10-05T09:40:44+00:00\",\"dateModified\":\"2023-10-05T19:31:00+00:00\",\"mainEntityOfPage\":{\"@id\":\"https:\\\/\\\/diariotextual.com\\\/inicio\\\/index.php\\\/2023\\\/10\\\/05\\\/cuatro-contadores-pelean-por-una-de-las-vocalias-del-tdec\\\/\"},\"wordCount\":332,\"publisher\":{\"@id\":\"https:\\\/\\\/diariotextual.com\\\/inicio\\\/#organization\"},\"image\":{\"@id\":\"https:\\\/\\\/diariotextual.com\\\/inicio\\\/index.php\\\/2023\\\/10\\\/05\\\/cuatro-contadores-pelean-por-una-de-las-vocalias-del-tdec\\\/#primaryimage\"},\"thumbnailUrl\":\"https:\\\/\\\/diariotextual.com\\\/inicio\\\/wp-content\\\/uploads\\\/2018\\\/04\\\/tribunaldecuentaslapampa33333.jpg\",\"articleSection\":[\"A - ES NOTICIA (van abajo)\",\"A - QUE PASA (al costado)\",\"POLITICA\"],\"inLanguage\":\"es\"},{\"@type\":\"WebPage\",\"@id\":\"https:\\\/\\\/diariotextual.com\\\/inicio\\\/index.php\\\/2023\\\/10\\\/05\\\/cuatro-contadores-pelean-por-una-de-las-vocalias-del-tdec\\\/\",\"url\":\"https:\\\/\\\/diariotextual.com\\\/inicio\\\/index.php\\\/2023\\\/10\\\/05\\\/cuatro-contadores-pelean-por-una-de-las-vocalias-del-tdec\\\/\",\"name\":\"Cuatro contadores pelean por una de las vocal\u00edas del TdeC - Diario Textual\",\"isPartOf\":{\"@id\":\"https:\\\/\\\/diariotextual.com\\\/inicio\\\/#website\"},\"primaryImageOfPage\":{\"@id\":\"https:\\\/\\\/diariotextual.com\\\/inicio\\\/index.php\\\/2023\\\/10\\\/05\\\/cuatro-contadores-pelean-por-una-de-las-vocalias-del-tdec\\\/#primaryimage\"},\"image\":{\"@id\":\"https:\\\/\\\/diariotextual.com\\\/inicio\\\/index.php\\\/2023\\\/10\\\/05\\\/cuatro-contadores-pelean-por-una-de-las-vocalias-del-tdec\\\/#primaryimage\"},\"thumbnailUrl\":\"https:\\\/\\\/diariotextual.com\\\/inicio\\\/wp-content\\\/uploads\\\/2018\\\/04\\\/tribunaldecuentaslapampa33333.jpg\",\"datePublished\":\"2023-10-05T09:40:44+00:00\",\"dateModified\":\"2023-10-05T19:31:00+00:00\",\"breadcrumb\":{\"@id\":\"https:\\\/\\\/diariotextual.com\\\/inicio\\\/index.php\\\/2023\\\/10\\\/05\\\/cuatro-contadores-pelean-por-una-de-las-vocalias-del-tdec\\\/#breadcrumb\"},\"inLanguage\":\"es\",\"potentialAction\":[{\"@type\":\"ReadAction\",\"target\":[\"https:\\\/\\\/diariotextual.com\\\/inicio\\\/index.php\\\/2023\\\/10\\\/05\\\/cuatro-contadores-pelean-por-una-de-las-vocalias-del-tdec\\\/\"]}]},{\"@type\":\"ImageObject\",\"inLanguage\":\"es\",\"@id\":\"https:\\\/\\\/diariotextual.com\\\/inicio\\\/index.php\\\/2023\\\/10\\\/05\\\/cuatro-contadores-pelean-por-una-de-las-vocalias-del-tdec\\\/#primaryimage\",\"url\":\"https:\\\/\\\/diariotextual.com\\\/inicio\\\/wp-content\\\/uploads\\\/2018\\\/04\\\/tribunaldecuentaslapampa33333.jpg\",\"contentUrl\":\"https:\\\/\\\/diariotextual.com\\\/inicio\\\/wp-content\\\/uploads\\\/2018\\\/04\\\/tribunaldecuentaslapampa33333.jpg\",\"width\":876,\"height\":582},{\"@type\":\"BreadcrumbList\",\"@id\":\"https:\\\/\\\/diariotextual.com\\\/inicio\\\/index.php\\\/2023\\\/10\\\/05\\\/cuatro-contadores-pelean-por-una-de-las-vocalias-del-tdec\\\/#breadcrumb\",\"itemListElement\":[{\"@type\":\"ListItem\",\"position\":1,\"name\":\"Portada\",\"item\":\"https:\\\/\\\/diariotextual.com\\\/inicio\\\/\"},{\"@type\":\"ListItem\",\"position\":2,\"name\":\"Cuatro contadores pelean por una de las vocal\u00edas del TdeC\"}]},{\"@type\":\"WebSite\",\"@id\":\"https:\\\/\\\/diariotextual.com\\\/inicio\\\/#website\",\"url\":\"https:\\\/\\\/diariotextual.com\\\/inicio\\\/\",\"name\":\"Diario Textual\",\"description\":\"\",\"publisher\":{\"@id\":\"https:\\\/\\\/diariotextual.com\\\/inicio\\\/#organization\"},\"potentialAction\":[{\"@type\":\"SearchAction\",\"target\":{\"@type\":\"EntryPoint\",\"urlTemplate\":\"https:\\\/\\\/diariotextual.com\\\/inicio\\\/?s={search_term_string}\"},\"query-input\":{\"@type\":\"PropertyValueSpecification\",\"valueRequired\":true,\"valueName\":\"search_term_string\"}}],\"inLanguage\":\"es\"},{\"@type\":\"Organization\",\"@id\":\"https:\\\/\\\/diariotextual.com\\\/inicio\\\/#organization\",\"name\":\"Diario Textual\",\"url\":\"https:\\\/\\\/diariotextual.com\\\/inicio\\\/\",\"logo\":{\"@type\":\"ImageObject\",\"inLanguage\":\"es\",\"@id\":\"https:\\\/\\\/diariotextual.com\\\/inicio\\\/#\\\/schema\\\/logo\\\/image\\\/\",\"url\":\"https:\\\/\\\/diariotextual.com\\\/inicio\\\/wp-content\\\/uploads\\\/2023\\\/05\\\/logotextual1.jpg\",\"contentUrl\":\"https:\\\/\\\/diariotextual.com\\\/inicio\\\/wp-content\\\/uploads\\\/2023\\\/05\\\/logotextual1.jpg\",\"width\":516,\"height\":76,\"caption\":\"Diario Textual\"},\"image\":{\"@id\":\"https:\\\/\\\/diariotextual.com\\\/inicio\\\/#\\\/schema\\\/logo\\\/image\\\/\"},\"sameAs\":[\"https:\\\/\\\/www.facebook.com\\\/eltextual\",\"https:\\\/\\\/x.com\\\/eltextual\",\"http:\\\/\\\/www.instagram.com\\\/eltextual\"]},{\"@type\":\"Person\",\"@id\":\"https:\\\/\\\/diariotextual.com\\\/inicio\\\/#\\\/schema\\\/person\\\/418fc4093c33e86ed41562db3508f958\",\"name\":\"Diario1 Diario1\",\"image\":{\"@type\":\"ImageObject\",\"inLanguage\":\"es\",\"@id\":\"https:\\\/\\\/secure.gravatar.com\\\/avatar\\\/9167d280179c85bc18be67aa7eda765854300033af4896dd779b608640f2ef7a?s=96&d=mm&r=g\",\"url\":\"https:\\\/\\\/secure.gravatar.com\\\/avatar\\\/9167d280179c85bc18be67aa7eda765854300033af4896dd779b608640f2ef7a?s=96&d=mm&r=g\",\"contentUrl\":\"https:\\\/\\\/secure.gravatar.com\\\/avatar\\\/9167d280179c85bc18be67aa7eda765854300033af4896dd779b608640f2ef7a?s=96&d=mm&r=g\",\"caption\":\"Diario1 Diario1\"},\"url\":\"https:\\\/\\\/diariotextual.com\\\/inicio\\\/index.php\\\/author\\\/diario1\\\/\"}]}<\/script>\n<!-- \/ Yoast SEO plugin. -->","yoast_head_json":{"title":"Cuatro contadores pelean por una de las vocal\u00edas del TdeC - Diario Textual","robots":{"index":"index","follow":"follow","max-snippet":"max-snippet:-1","max-image-preview":"max-image-preview:large","max-video-preview":"max-video-preview:-1"},"canonical":"https:\/\/diariotextual.com\/inicio\/index.php\/2023\/10\/05\/cuatro-contadores-pelean-por-una-de-las-vocalias-del-tdec\/","og_locale":"es_ES","og_type":"article","og_title":"Cuatro contadores pelean por una de las vocal\u00edas del TdeC - Diario Textual","og_description":"El 11 de octubre se desarrollar\u00e1 la prueba del concurso para cubrir el cargo de vocal del Tribunal de Cuentas (TdeC), con t\u00edtulo de Contador P\u00fablico Nacional. Deben reemplazar a&hellip;","og_url":"https:\/\/diariotextual.com\/inicio\/index.php\/2023\/10\/05\/cuatro-contadores-pelean-por-una-de-las-vocalias-del-tdec\/","og_site_name":"Diario Textual","article_publisher":"https:\/\/www.facebook.com\/eltextual","article_published_time":"2023-10-05T09:40:44+00:00","article_modified_time":"2023-10-05T19:31:00+00:00","og_image":[{"width":876,"height":582,"url":"https:\/\/diariotextual.com\/inicio\/wp-content\/uploads\/2018\/04\/tribunaldecuentaslapampa33333.jpg","type":"image\/jpeg"}],"author":"Diario1 Diario1","twitter_card":"summary_large_image","twitter_creator":"@eltextual","twitter_site":"@eltextual","twitter_misc":{"Escrito por":"Diario1 Diario1","Tiempo de lectura":"2 minutos"},"schema":{"@context":"https:\/\/schema.org","@graph":[{"@type":"Article","@id":"https:\/\/diariotextual.com\/inicio\/index.php\/2023\/10\/05\/cuatro-contadores-pelean-por-una-de-las-vocalias-del-tdec\/#article","isPartOf":{"@id":"https:\/\/diariotextual.com\/inicio\/index.php\/2023\/10\/05\/cuatro-contadores-pelean-por-una-de-las-vocalias-del-tdec\/"},"author":{"name":"Diario1 Diario1","@id":"https:\/\/diariotextual.com\/inicio\/#\/schema\/person\/418fc4093c33e86ed41562db3508f958"},"headline":"Cuatro contadores pelean por una de las vocal\u00edas del TdeC","datePublished":"2023-10-05T09:40:44+00:00","dateModified":"2023-10-05T19:31:00+00:00","mainEntityOfPage":{"@id":"https:\/\/diariotextual.com\/inicio\/index.php\/2023\/10\/05\/cuatro-contadores-pelean-por-una-de-las-vocalias-del-tdec\/"},"wordCount":332,"publisher":{"@id":"https:\/\/diariotextual.com\/inicio\/#organization"},"image":{"@id":"https:\/\/diariotextual.com\/inicio\/index.php\/2023\/10\/05\/cuatro-contadores-pelean-por-una-de-las-vocalias-del-tdec\/#primaryimage"},"thumbnailUrl":"https:\/\/diariotextual.com\/inicio\/wp-content\/uploads\/2018\/04\/tribunaldecuentaslapampa33333.jpg","articleSection":["A - ES NOTICIA (van abajo)","A - QUE PASA (al costado)","POLITICA"],"inLanguage":"es"},{"@type":"WebPage","@id":"https:\/\/diariotextual.com\/inicio\/index.php\/2023\/10\/05\/cuatro-contadores-pelean-por-una-de-las-vocalias-del-tdec\/","url":"https:\/\/diariotextual.com\/inicio\/index.php\/2023\/10\/05\/cuatro-contadores-pelean-por-una-de-las-vocalias-del-tdec\/","name":"Cuatro contadores pelean por una de las vocal\u00edas del TdeC - Diario Textual","isPartOf":{"@id":"https:\/\/diariotextual.com\/inicio\/#website"},"primaryImageOfPage":{"@id":"https:\/\/diariotextual.com\/inicio\/index.php\/2023\/10\/05\/cuatro-contadores-pelean-por-una-de-las-vocalias-del-tdec\/#primaryimage"},"image":{"@id":"https:\/\/diariotextual.com\/inicio\/index.php\/2023\/10\/05\/cuatro-contadores-pelean-por-una-de-las-vocalias-del-tdec\/#primaryimage"},"thumbnailUrl":"https:\/\/diariotextual.com\/inicio\/wp-content\/uploads\/2018\/04\/tribunaldecuentaslapampa33333.jpg","datePublished":"2023-10-05T09:40:44+00:00","dateModified":"2023-10-05T19:31:00+00:00","breadcrumb":{"@id":"https:\/\/diariotextual.com\/inicio\/index.php\/2023\/10\/05\/cuatro-contadores-pelean-por-una-de-las-vocalias-del-tdec\/#breadcrumb"},"inLanguage":"es","potentialAction":[{"@type":"ReadAction","target":["https:\/\/diariotextual.com\/inicio\/index.php\/2023\/10\/05\/cuatro-contadores-pelean-por-una-de-las-vocalias-del-tdec\/"]}]},{"@type":"ImageObject","inLanguage":"es","@id":"https:\/\/diariotextual.com\/inicio\/index.php\/2023\/10\/05\/cuatro-contadores-pelean-por-una-de-las-vocalias-del-tdec\/#primaryimage","url":"https:\/\/diariotextual.com\/inicio\/wp-content\/uploads\/2018\/04\/tribunaldecuentaslapampa33333.jpg","contentUrl":"https:\/\/diariotextual.com\/inicio\/wp-content\/uploads\/2018\/04\/tribunaldecuentaslapampa33333.jpg","width":876,"height":582},{"@type":"BreadcrumbList","@id":"https:\/\/diariotextual.com\/inicio\/index.php\/2023\/10\/05\/cuatro-contadores-pelean-por-una-de-las-vocalias-del-tdec\/#breadcrumb","itemListElement":[{"@type":"ListItem","position":1,"name":"Portada","item":"https:\/\/diariotextual.com\/inicio\/"},{"@type":"ListItem","position":2,"name":"Cuatro contadores pelean por una de las vocal\u00edas del TdeC"}]},{"@type":"WebSite","@id":"https:\/\/diariotextual.com\/inicio\/#website","url":"https:\/\/diariotextual.com\/inicio\/","name":"Diario Textual","description":"","publisher":{"@id":"https:\/\/diariotextual.com\/inicio\/#organization"},"potentialAction":[{"@type":"SearchAction","target":{"@type":"EntryPoint","urlTemplate":"https:\/\/diariotextual.com\/inicio\/?s={search_term_string}"},"query-input":{"@type":"PropertyValueSpecification","valueRequired":true,"valueName":"search_term_string"}}],"inLanguage":"es"},{"@type":"Organization","@id":"https:\/\/diariotextual.com\/inicio\/#organization","name":"Diario Textual","url":"https:\/\/diariotextual.com\/inicio\/","logo":{"@type":"ImageObject","inLanguage":"es","@id":"https:\/\/diariotextual.com\/inicio\/#\/schema\/logo\/image\/","url":"https:\/\/diariotextual.com\/inicio\/wp-content\/uploads\/2023\/05\/logotextual1.jpg","contentUrl":"https:\/\/diariotextual.com\/inicio\/wp-content\/uploads\/2023\/05\/logotextual1.jpg","width":516,"height":76,"caption":"Diario Textual"},"image":{"@id":"https:\/\/diariotextual.com\/inicio\/#\/schema\/logo\/image\/"},"sameAs":["https:\/\/www.facebook.com\/eltextual","https:\/\/x.com\/eltextual","http:\/\/www.instagram.com\/eltextual"]},{"@type":"Person","@id":"https:\/\/diariotextual.com\/inicio\/#\/schema\/person\/418fc4093c33e86ed41562db3508f958","name":"Diario1 Diario1","image":{"@type":"ImageObject","inLanguage":"es","@id":"https:\/\/secure.gravatar.com\/avatar\/9167d280179c85bc18be67aa7eda765854300033af4896dd779b608640f2ef7a?s=96&d=mm&r=g","url":"https:\/\/secure.gravatar.com\/avatar\/9167d280179c85bc18be67aa7eda765854300033af4896dd779b608640f2ef7a?s=96&d=mm&r=g","contentUrl":"https:\/\/secure.gravatar.com\/avatar\/9167d280179c85bc18be67aa7eda765854300033af4896dd779b608640f2ef7a?s=96&d=mm&r=g","caption":"Diario1 Diario1"},"url":"https:\/\/diariotextual.com\/inicio\/index.php\/author\/diario1\/"}]}},"_links":{"self":[{"href":"https:\/\/diariotextual.com\/inicio\/index.php\/wp-json\/wp\/v2\/posts\/239864","targetHints":{"allow":["GET"]}}],"collection":[{"href":"https:\/\/diariotextual.com\/inicio\/index.php\/wp-json\/wp\/v2\/posts"}],"about":[{"href":"https:\/\/diariotextual.com\/inicio\/index.php\/wp-json\/wp\/v2\/types\/post"}],"author":[{"embeddable":true,"href":"https:\/\/diariotextual.com\/inicio\/index.php\/wp-json\/wp\/v2\/users\/3"}],"replies":[{"embeddable":true,"href":"https:\/\/diariotextual.com\/inicio\/index.php\/wp-json\/wp\/v2\/comments?post=239864"}],"version-history":[{"count":7,"href":"https:\/\/diariotextual.com\/inicio\/index.php\/wp-json\/wp\/v2\/posts\/239864\/revisions"}],"predecessor-version":[{"id":239882,"href":"https:\/\/diariotextual.com\/inicio\/index.php\/wp-json\/wp\/v2\/posts\/239864\/revisions\/239882"}],"wp:featuredmedia":[{"embeddable":true,"href":"https:\/\/diariotextual.com\/inicio\/index.php\/wp-json\/wp\/v2\/media\/4022"}],"wp:attachment":[{"href":"https:\/\/diariotextual.com\/inicio\/index.php\/wp-json\/wp\/v2\/media?parent=239864"}],"wp:term":[{"taxonomy":"category","embeddable":true,"href":"https:\/\/diariotextual.com\/inicio\/index.php\/wp-json\/wp\/v2\/categories?post=239864"},{"taxonomy":"post_tag","embeddable":true,"href":"https:\/\/diariotextual.com\/inicio\/index.php\/wp-json\/wp\/v2\/tags?post=239864"}],"curies":[{"name":"wp","href":"https:\/\/api.w.org\/{rel}","templated":true}]}}