{"id":239985,"date":"2023-10-05T23:34:26","date_gmt":"2023-10-06T02:34:26","guid":{"rendered":"https:\/\/diariotextual.com\/inicio\/?p=239985"},"modified":"2023-10-06T09:25:19","modified_gmt":"2023-10-06T12:25:19","slug":"epico-boca-gano-en-los-penales-en-brasil-y-es-finalista","status":"publish","type":"post","link":"https:\/\/diariotextual.com\/inicio\/index.php\/2023\/10\/05\/epico-boca-gano-en-los-penales-en-brasil-y-es-finalista\/","title":{"rendered":"\u00c9pico: Boca gan\u00f3 en los penales en Brasil y es finalista"},"content":{"rendered":"\n<p><strong>Boca <\/strong>se convirti\u00f3 en finalista de la <strong>Copa Libertadores<\/strong> al vencer a<strong> Palmeiras <\/strong>por penales por 4 a 2 con otro show del arquero Sergio Romero, luego de empatar 1 a 1 en el tiempo reglamentario tras la igualdad sin goles en la ida en la Bombonera, por lo que se enfrentar\u00e1 con Fluminense en busca de la s\u00e9ptima conquista en el certamen continental.<\/p>\n\n\n\n<p>Luego de una asistencia de Miguel Mirentiel despu\u00e9s de una jugada individual a pura potencia, Edinson Cavani empuj\u00f3 la pelota debajo del arco y convirti\u00f3 su primer tanto en la Libertadores para poner en ventaja al equipo de Jorge Almir\u00f3n a los 23 minutos de la etapa inicial.<\/p>\n\n\n\n<p>Sin embargo,<strong>&nbsp;a los 20 minutos del complemento el elenco argentino sufri\u00f3 la expulsi\u00f3n de Marcos Rojo y Joaqu\u00edn Piquerez lo empat\u00f3 para el conjunto local a los 28<\/strong>, mientras que el \u00abXeneize\u00bb resisti\u00f3 luego con una gran actuaci\u00f3n de Sergio Romero y alcanz\u00f3 la definici\u00f3n desde los doce pasos.<\/p>\n\n\n\n<p>All\u00ed,&nbsp;<strong>Romero contuvo los disparos de Raphael Veiga y Gustavo G\u00f3me<\/strong>z, al tiempo que Kevin Macedo y Piquerez convirtieron para Palmeiras.<\/p>\n\n\n\n<p>Por el lado de Boca, Edinson Cavani fall\u00f3 el primero, que fue atajado por Weverton, pero anotaron&nbsp;<strong>Bruno Valdez, Nicol\u00e1s Valentini, Nicol\u00e1s Figal y Guillermo \u00abPol\u00bb Fern\u00e1ndez<\/strong>&nbsp;para avanzar al choque decisivo de la competencia.<\/p>\n\n\n\n<p>En el desarrollo del partido, Palmeiras hab\u00eda dominado los minutos previos al gol de Boca pero sin grandes aproximaciones: la m\u00e1s clara hab\u00eda sido un remate de media de distancia de Gabriel Menino que ataj\u00f3 Romero a los 14.<\/p>\n\n\n\n<p>A partir del tanto de Cavani,&nbsp;<strong>el elenco argentino creci\u00f3 con m\u00e1s actitud que juego<\/strong>, mientras que Palmeiras sinti\u00f3 el golpe, baj\u00f3 su nivel y no gener\u00f3 sobresaltos para la visita pese a alguna chance aislada sin mucho peligro.<\/p>\n\n\n\n<p>Ya en el complemento, Palmeiras sali\u00f3 decidido a empatar el duelo y complic\u00f3 a la defensa de Boca con el ingreso de&nbsp;<strong>Endrick<\/strong>, la joya de 17 a\u00f1os del conjunto brasile\u00f1o, quien increment\u00f3 el peligro en el ataque del local y&nbsp;<strong>oblig\u00f3 a una serie de intervenciones claves de \u00abChiquito\u00bb Romero.<\/strong><\/p>\n\n\n\n<p>Almir\u00f3n arm\u00f3 la l\u00ednea de cinco con la entrada de&nbsp;<strong>Bruno Valdez por Merentiel<\/strong>&nbsp;y su equipo se meti\u00f3 atr\u00e1s con m\u00e1s de media hora por delante, al tiempo que&nbsp;<strong>a los 22 minutos Marcos Rojo vio la tarjeta roja por doble amonestaci\u00f3n y dej\u00f3 a Boca con diez futbolistas.<\/strong><\/p>\n\n\n\n<p>La expulsi\u00f3n de Rojo fue un quiebre en el encuentro, dado que&nbsp;<strong>Palmeiras fue a la carga y lleg\u00f3 al empate con un bombazo de Joaqu\u00edn Piquerez a los 28 minutos de la segunda parte.<\/strong><\/p>\n\n\n\n<p><strong>El \u00faltimo tramo fue con el equipo de Almir\u00f3n sumamente retrasado y resistiendo de la mano de Romero, que volvi\u00f3 a ser la figura de Boca incluso antes de atajar los dos penales en la tanda para mantener viva la ilusi\u00f3n del \u00abXeneize\u00bb.<\/strong><\/p>\n\n\n\n<p>De esta manera,&nbsp;<strong>Boca se medir\u00e1 en la final del certamen con Fluminense de Brasil en busca de la s\u00e9ptima Copa Libertadores: el encuentro ser\u00e1 el s\u00e1bado 4 de noviembre en el Estadio Maracan\u00e1 de la ciudad de R\u00edo de Janeiro y se disputar\u00e1 a partido \u00fanico.<\/strong><\/p>\n\n\n\n<p><\/p>\n","protected":false},"excerpt":{"rendered":"<p>Boca se convirti\u00f3 en finalista de la Copa Libertadores al vencer a Palmeiras por penales por 4 a 2 con otro show del arquero Sergio Romero, luego de empatar 1&hellip;<\/p>\n","protected":false},"author":3,"featured_media":239986,"comment_status":"closed","ping_status":"open","sticky":false,"template":"","format":"standard","meta":{"_acf_changed":false,"footnotes":""},"categories":[1,3],"tags":[],"class_list":["post-239985","post","type-post","status-publish","format-standard","has-post-thumbnail","hentry","category-es-noticia","category-deportes"],"acf":[],"yoast_head":"<!-- This site is optimized with the Yoast SEO plugin v27.5 - https:\/\/yoast.com\/product\/yoast-seo-wordpress\/ -->\n<title>\u00c9pico: Boca gan\u00f3 en los penales en Brasil y es finalista - Diario Textual<\/title>\n<meta name=\"robots\" content=\"index, follow, max-snippet:-1, max-image-preview:large, max-video-preview:-1\" \/>\n<link rel=\"canonical\" href=\"https:\/\/diariotextual.com\/inicio\/index.php\/2023\/10\/05\/epico-boca-gano-en-los-penales-en-brasil-y-es-finalista\/\" \/>\n<meta property=\"og:locale\" content=\"es_ES\" \/>\n<meta property=\"og:type\" content=\"article\" \/>\n<meta property=\"og:title\" content=\"\u00c9pico: Boca gan\u00f3 en los penales en Brasil y es finalista - Diario Textual\" \/>\n<meta property=\"og:description\" content=\"Boca se convirti\u00f3 en finalista de la Copa Libertadores al vencer a Palmeiras por penales por 4 a 2 con otro show del arquero Sergio Romero, luego de empatar 1&hellip;\" \/>\n<meta property=\"og:url\" content=\"https:\/\/diariotextual.com\/inicio\/index.php\/2023\/10\/05\/epico-boca-gano-en-los-penales-en-brasil-y-es-finalista\/\" \/>\n<meta property=\"og:site_name\" content=\"Diario Textual\" \/>\n<meta property=\"article:publisher\" content=\"https:\/\/www.facebook.com\/eltextual\" \/>\n<meta property=\"article:published_time\" content=\"2023-10-06T02:34:26+00:00\" \/>\n<meta property=\"article:modified_time\" content=\"2023-10-06T12:25:19+00:00\" \/>\n<meta property=\"og:image\" content=\"https:\/\/diariotextual.com\/inicio\/wp-content\/uploads\/2023\/10\/bocapalmeiras2023-9.jpg\" \/>\n\t<meta property=\"og:image:width\" content=\"1200\" \/>\n\t<meta property=\"og:image:height\" content=\"675\" \/>\n\t<meta property=\"og:image:type\" content=\"image\/jpeg\" \/>\n<meta name=\"author\" content=\"Diario1 Diario1\" \/>\n<meta name=\"twitter:card\" content=\"summary_large_image\" \/>\n<meta name=\"twitter:creator\" content=\"@eltextual\" \/>\n<meta name=\"twitter:site\" content=\"@eltextual\" \/>\n<meta name=\"twitter:label1\" content=\"Escrito por\" \/>\n\t<meta name=\"twitter:data1\" content=\"Diario1 Diario1\" \/>\n\t<meta name=\"twitter:label2\" content=\"Tiempo de lectura\" \/>\n\t<meta name=\"twitter:data2\" content=\"3 minutos\" \/>\n<script type=\"application\/ld+json\" class=\"yoast-schema-graph\">{\"@context\":\"https:\\\/\\\/schema.org\",\"@graph\":[{\"@type\":\"Article\",\"@id\":\"https:\\\/\\\/diariotextual.com\\\/inicio\\\/index.php\\\/2023\\\/10\\\/05\\\/epico-boca-gano-en-los-penales-en-brasil-y-es-finalista\\\/#article\",\"isPartOf\":{\"@id\":\"https:\\\/\\\/diariotextual.com\\\/inicio\\\/index.php\\\/2023\\\/10\\\/05\\\/epico-boca-gano-en-los-penales-en-brasil-y-es-finalista\\\/\"},\"author\":{\"name\":\"Diario1 Diario1\",\"@id\":\"https:\\\/\\\/diariotextual.com\\\/inicio\\\/#\\\/schema\\\/person\\\/418fc4093c33e86ed41562db3508f958\"},\"headline\":\"\u00c9pico: Boca gan\u00f3 en los penales en Brasil y es finalista\",\"datePublished\":\"2023-10-06T02:34:26+00:00\",\"dateModified\":\"2023-10-06T12:25:19+00:00\",\"mainEntityOfPage\":{\"@id\":\"https:\\\/\\\/diariotextual.com\\\/inicio\\\/index.php\\\/2023\\\/10\\\/05\\\/epico-boca-gano-en-los-penales-en-brasil-y-es-finalista\\\/\"},\"wordCount\":562,\"publisher\":{\"@id\":\"https:\\\/\\\/diariotextual.com\\\/inicio\\\/#organization\"},\"image\":{\"@id\":\"https:\\\/\\\/diariotextual.com\\\/inicio\\\/index.php\\\/2023\\\/10\\\/05\\\/epico-boca-gano-en-los-penales-en-brasil-y-es-finalista\\\/#primaryimage\"},\"thumbnailUrl\":\"https:\\\/\\\/diariotextual.com\\\/inicio\\\/wp-content\\\/uploads\\\/2023\\\/10\\\/bocapalmeiras2023-9.jpg\",\"articleSection\":[\"A - ES NOTICIA (van abajo)\",\"DEPORTES\"],\"inLanguage\":\"es\"},{\"@type\":\"WebPage\",\"@id\":\"https:\\\/\\\/diariotextual.com\\\/inicio\\\/index.php\\\/2023\\\/10\\\/05\\\/epico-boca-gano-en-los-penales-en-brasil-y-es-finalista\\\/\",\"url\":\"https:\\\/\\\/diariotextual.com\\\/inicio\\\/index.php\\\/2023\\\/10\\\/05\\\/epico-boca-gano-en-los-penales-en-brasil-y-es-finalista\\\/\",\"name\":\"\u00c9pico: Boca gan\u00f3 en los penales en Brasil y es finalista - Diario Textual\",\"isPartOf\":{\"@id\":\"https:\\\/\\\/diariotextual.com\\\/inicio\\\/#website\"},\"primaryImageOfPage\":{\"@id\":\"https:\\\/\\\/diariotextual.com\\\/inicio\\\/index.php\\\/2023\\\/10\\\/05\\\/epico-boca-gano-en-los-penales-en-brasil-y-es-finalista\\\/#primaryimage\"},\"image\":{\"@id\":\"https:\\\/\\\/diariotextual.com\\\/inicio\\\/index.php\\\/2023\\\/10\\\/05\\\/epico-boca-gano-en-los-penales-en-brasil-y-es-finalista\\\/#primaryimage\"},\"thumbnailUrl\":\"https:\\\/\\\/diariotextual.com\\\/inicio\\\/wp-content\\\/uploads\\\/2023\\\/10\\\/bocapalmeiras2023-9.jpg\",\"datePublished\":\"2023-10-06T02:34:26+00:00\",\"dateModified\":\"2023-10-06T12:25:19+00:00\",\"breadcrumb\":{\"@id\":\"https:\\\/\\\/diariotextual.com\\\/inicio\\\/index.php\\\/2023\\\/10\\\/05\\\/epico-boca-gano-en-los-penales-en-brasil-y-es-finalista\\\/#breadcrumb\"},\"inLanguage\":\"es\",\"potentialAction\":[{\"@type\":\"ReadAction\",\"target\":[\"https:\\\/\\\/diariotextual.com\\\/inicio\\\/index.php\\\/2023\\\/10\\\/05\\\/epico-boca-gano-en-los-penales-en-brasil-y-es-finalista\\\/\"]}]},{\"@type\":\"ImageObject\",\"inLanguage\":\"es\",\"@id\":\"https:\\\/\\\/diariotextual.com\\\/inicio\\\/index.php\\\/2023\\\/10\\\/05\\\/epico-boca-gano-en-los-penales-en-brasil-y-es-finalista\\\/#primaryimage\",\"url\":\"https:\\\/\\\/diariotextual.com\\\/inicio\\\/wp-content\\\/uploads\\\/2023\\\/10\\\/bocapalmeiras2023-9.jpg\",\"contentUrl\":\"https:\\\/\\\/diariotextual.com\\\/inicio\\\/wp-content\\\/uploads\\\/2023\\\/10\\\/bocapalmeiras2023-9.jpg\",\"width\":1200,\"height\":675},{\"@type\":\"BreadcrumbList\",\"@id\":\"https:\\\/\\\/diariotextual.com\\\/inicio\\\/index.php\\\/2023\\\/10\\\/05\\\/epico-boca-gano-en-los-penales-en-brasil-y-es-finalista\\\/#breadcrumb\",\"itemListElement\":[{\"@type\":\"ListItem\",\"position\":1,\"name\":\"Portada\",\"item\":\"https:\\\/\\\/diariotextual.com\\\/inicio\\\/\"},{\"@type\":\"ListItem\",\"position\":2,\"name\":\"\u00c9pico: Boca gan\u00f3 en los penales en Brasil y es finalista\"}]},{\"@type\":\"WebSite\",\"@id\":\"https:\\\/\\\/diariotextual.com\\\/inicio\\\/#website\",\"url\":\"https:\\\/\\\/diariotextual.com\\\/inicio\\\/\",\"name\":\"Diario Textual\",\"description\":\"\",\"publisher\":{\"@id\":\"https:\\\/\\\/diariotextual.com\\\/inicio\\\/#organization\"},\"potentialAction\":[{\"@type\":\"SearchAction\",\"target\":{\"@type\":\"EntryPoint\",\"urlTemplate\":\"https:\\\/\\\/diariotextual.com\\\/inicio\\\/?s={search_term_string}\"},\"query-input\":{\"@type\":\"PropertyValueSpecification\",\"valueRequired\":true,\"valueName\":\"search_term_string\"}}],\"inLanguage\":\"es\"},{\"@type\":\"Organization\",\"@id\":\"https:\\\/\\\/diariotextual.com\\\/inicio\\\/#organization\",\"name\":\"Diario Textual\",\"url\":\"https:\\\/\\\/diariotextual.com\\\/inicio\\\/\",\"logo\":{\"@type\":\"ImageObject\",\"inLanguage\":\"es\",\"@id\":\"https:\\\/\\\/diariotextual.com\\\/inicio\\\/#\\\/schema\\\/logo\\\/image\\\/\",\"url\":\"https:\\\/\\\/diariotextual.com\\\/inicio\\\/wp-content\\\/uploads\\\/2023\\\/05\\\/logotextual1.jpg\",\"contentUrl\":\"https:\\\/\\\/diariotextual.com\\\/inicio\\\/wp-content\\\/uploads\\\/2023\\\/05\\\/logotextual1.jpg\",\"width\":516,\"height\":76,\"caption\":\"Diario Textual\"},\"image\":{\"@id\":\"https:\\\/\\\/diariotextual.com\\\/inicio\\\/#\\\/schema\\\/logo\\\/image\\\/\"},\"sameAs\":[\"https:\\\/\\\/www.facebook.com\\\/eltextual\",\"https:\\\/\\\/x.com\\\/eltextual\",\"http:\\\/\\\/www.instagram.com\\\/eltextual\"]},{\"@type\":\"Person\",\"@id\":\"https:\\\/\\\/diariotextual.com\\\/inicio\\\/#\\\/schema\\\/person\\\/418fc4093c33e86ed41562db3508f958\",\"name\":\"Diario1 Diario1\",\"image\":{\"@type\":\"ImageObject\",\"inLanguage\":\"es\",\"@id\":\"https:\\\/\\\/secure.gravatar.com\\\/avatar\\\/9167d280179c85bc18be67aa7eda765854300033af4896dd779b608640f2ef7a?s=96&d=mm&r=g\",\"url\":\"https:\\\/\\\/secure.gravatar.com\\\/avatar\\\/9167d280179c85bc18be67aa7eda765854300033af4896dd779b608640f2ef7a?s=96&d=mm&r=g\",\"contentUrl\":\"https:\\\/\\\/secure.gravatar.com\\\/avatar\\\/9167d280179c85bc18be67aa7eda765854300033af4896dd779b608640f2ef7a?s=96&d=mm&r=g\",\"caption\":\"Diario1 Diario1\"},\"url\":\"https:\\\/\\\/diariotextual.com\\\/inicio\\\/index.php\\\/author\\\/diario1\\\/\"}]}<\/script>\n<!-- \/ Yoast SEO plugin. -->","yoast_head_json":{"title":"\u00c9pico: Boca gan\u00f3 en los penales en Brasil y es finalista - Diario Textual","robots":{"index":"index","follow":"follow","max-snippet":"max-snippet:-1","max-image-preview":"max-image-preview:large","max-video-preview":"max-video-preview:-1"},"canonical":"https:\/\/diariotextual.com\/inicio\/index.php\/2023\/10\/05\/epico-boca-gano-en-los-penales-en-brasil-y-es-finalista\/","og_locale":"es_ES","og_type":"article","og_title":"\u00c9pico: Boca gan\u00f3 en los penales en Brasil y es finalista - Diario Textual","og_description":"Boca se convirti\u00f3 en finalista de la Copa Libertadores al vencer a Palmeiras por penales por 4 a 2 con otro show del arquero Sergio Romero, luego de empatar 1&hellip;","og_url":"https:\/\/diariotextual.com\/inicio\/index.php\/2023\/10\/05\/epico-boca-gano-en-los-penales-en-brasil-y-es-finalista\/","og_site_name":"Diario Textual","article_publisher":"https:\/\/www.facebook.com\/eltextual","article_published_time":"2023-10-06T02:34:26+00:00","article_modified_time":"2023-10-06T12:25:19+00:00","og_image":[{"width":1200,"height":675,"url":"https:\/\/diariotextual.com\/inicio\/wp-content\/uploads\/2023\/10\/bocapalmeiras2023-9.jpg","type":"image\/jpeg"}],"author":"Diario1 Diario1","twitter_card":"summary_large_image","twitter_creator":"@eltextual","twitter_site":"@eltextual","twitter_misc":{"Escrito por":"Diario1 Diario1","Tiempo de lectura":"3 minutos"},"schema":{"@context":"https:\/\/schema.org","@graph":[{"@type":"Article","@id":"https:\/\/diariotextual.com\/inicio\/index.php\/2023\/10\/05\/epico-boca-gano-en-los-penales-en-brasil-y-es-finalista\/#article","isPartOf":{"@id":"https:\/\/diariotextual.com\/inicio\/index.php\/2023\/10\/05\/epico-boca-gano-en-los-penales-en-brasil-y-es-finalista\/"},"author":{"name":"Diario1 Diario1","@id":"https:\/\/diariotextual.com\/inicio\/#\/schema\/person\/418fc4093c33e86ed41562db3508f958"},"headline":"\u00c9pico: Boca gan\u00f3 en los penales en Brasil y es finalista","datePublished":"2023-10-06T02:34:26+00:00","dateModified":"2023-10-06T12:25:19+00:00","mainEntityOfPage":{"@id":"https:\/\/diariotextual.com\/inicio\/index.php\/2023\/10\/05\/epico-boca-gano-en-los-penales-en-brasil-y-es-finalista\/"},"wordCount":562,"publisher":{"@id":"https:\/\/diariotextual.com\/inicio\/#organization"},"image":{"@id":"https:\/\/diariotextual.com\/inicio\/index.php\/2023\/10\/05\/epico-boca-gano-en-los-penales-en-brasil-y-es-finalista\/#primaryimage"},"thumbnailUrl":"https:\/\/diariotextual.com\/inicio\/wp-content\/uploads\/2023\/10\/bocapalmeiras2023-9.jpg","articleSection":["A - ES NOTICIA (van abajo)","DEPORTES"],"inLanguage":"es"},{"@type":"WebPage","@id":"https:\/\/diariotextual.com\/inicio\/index.php\/2023\/10\/05\/epico-boca-gano-en-los-penales-en-brasil-y-es-finalista\/","url":"https:\/\/diariotextual.com\/inicio\/index.php\/2023\/10\/05\/epico-boca-gano-en-los-penales-en-brasil-y-es-finalista\/","name":"\u00c9pico: Boca gan\u00f3 en los penales en Brasil y es finalista - Diario Textual","isPartOf":{"@id":"https:\/\/diariotextual.com\/inicio\/#website"},"primaryImageOfPage":{"@id":"https:\/\/diariotextual.com\/inicio\/index.php\/2023\/10\/05\/epico-boca-gano-en-los-penales-en-brasil-y-es-finalista\/#primaryimage"},"image":{"@id":"https:\/\/diariotextual.com\/inicio\/index.php\/2023\/10\/05\/epico-boca-gano-en-los-penales-en-brasil-y-es-finalista\/#primaryimage"},"thumbnailUrl":"https:\/\/diariotextual.com\/inicio\/wp-content\/uploads\/2023\/10\/bocapalmeiras2023-9.jpg","datePublished":"2023-10-06T02:34:26+00:00","dateModified":"2023-10-06T12:25:19+00:00","breadcrumb":{"@id":"https:\/\/diariotextual.com\/inicio\/index.php\/2023\/10\/05\/epico-boca-gano-en-los-penales-en-brasil-y-es-finalista\/#breadcrumb"},"inLanguage":"es","potentialAction":[{"@type":"ReadAction","target":["https:\/\/diariotextual.com\/inicio\/index.php\/2023\/10\/05\/epico-boca-gano-en-los-penales-en-brasil-y-es-finalista\/"]}]},{"@type":"ImageObject","inLanguage":"es","@id":"https:\/\/diariotextual.com\/inicio\/index.php\/2023\/10\/05\/epico-boca-gano-en-los-penales-en-brasil-y-es-finalista\/#primaryimage","url":"https:\/\/diariotextual.com\/inicio\/wp-content\/uploads\/2023\/10\/bocapalmeiras2023-9.jpg","contentUrl":"https:\/\/diariotextual.com\/inicio\/wp-content\/uploads\/2023\/10\/bocapalmeiras2023-9.jpg","width":1200,"height":675},{"@type":"BreadcrumbList","@id":"https:\/\/diariotextual.com\/inicio\/index.php\/2023\/10\/05\/epico-boca-gano-en-los-penales-en-brasil-y-es-finalista\/#breadcrumb","itemListElement":[{"@type":"ListItem","position":1,"name":"Portada","item":"https:\/\/diariotextual.com\/inicio\/"},{"@type":"ListItem","position":2,"name":"\u00c9pico: Boca gan\u00f3 en los penales en Brasil y es finalista"}]},{"@type":"WebSite","@id":"https:\/\/diariotextual.com\/inicio\/#website","url":"https:\/\/diariotextual.com\/inicio\/","name":"Diario Textual","description":"","publisher":{"@id":"https:\/\/diariotextual.com\/inicio\/#organization"},"potentialAction":[{"@type":"SearchAction","target":{"@type":"EntryPoint","urlTemplate":"https:\/\/diariotextual.com\/inicio\/?s={search_term_string}"},"query-input":{"@type":"PropertyValueSpecification","valueRequired":true,"valueName":"search_term_string"}}],"inLanguage":"es"},{"@type":"Organization","@id":"https:\/\/diariotextual.com\/inicio\/#organization","name":"Diario Textual","url":"https:\/\/diariotextual.com\/inicio\/","logo":{"@type":"ImageObject","inLanguage":"es","@id":"https:\/\/diariotextual.com\/inicio\/#\/schema\/logo\/image\/","url":"https:\/\/diariotextual.com\/inicio\/wp-content\/uploads\/2023\/05\/logotextual1.jpg","contentUrl":"https:\/\/diariotextual.com\/inicio\/wp-content\/uploads\/2023\/05\/logotextual1.jpg","width":516,"height":76,"caption":"Diario Textual"},"image":{"@id":"https:\/\/diariotextual.com\/inicio\/#\/schema\/logo\/image\/"},"sameAs":["https:\/\/www.facebook.com\/eltextual","https:\/\/x.com\/eltextual","http:\/\/www.instagram.com\/eltextual"]},{"@type":"Person","@id":"https:\/\/diariotextual.com\/inicio\/#\/schema\/person\/418fc4093c33e86ed41562db3508f958","name":"Diario1 Diario1","image":{"@type":"ImageObject","inLanguage":"es","@id":"https:\/\/secure.gravatar.com\/avatar\/9167d280179c85bc18be67aa7eda765854300033af4896dd779b608640f2ef7a?s=96&d=mm&r=g","url":"https:\/\/secure.gravatar.com\/avatar\/9167d280179c85bc18be67aa7eda765854300033af4896dd779b608640f2ef7a?s=96&d=mm&r=g","contentUrl":"https:\/\/secure.gravatar.com\/avatar\/9167d280179c85bc18be67aa7eda765854300033af4896dd779b608640f2ef7a?s=96&d=mm&r=g","caption":"Diario1 Diario1"},"url":"https:\/\/diariotextual.com\/inicio\/index.php\/author\/diario1\/"}]}},"_links":{"self":[{"href":"https:\/\/diariotextual.com\/inicio\/index.php\/wp-json\/wp\/v2\/posts\/239985","targetHints":{"allow":["GET"]}}],"collection":[{"href":"https:\/\/diariotextual.com\/inicio\/index.php\/wp-json\/wp\/v2\/posts"}],"about":[{"href":"https:\/\/diariotextual.com\/inicio\/index.php\/wp-json\/wp\/v2\/types\/post"}],"author":[{"embeddable":true,"href":"https:\/\/diariotextual.com\/inicio\/index.php\/wp-json\/wp\/v2\/users\/3"}],"replies":[{"embeddable":true,"href":"https:\/\/diariotextual.com\/inicio\/index.php\/wp-json\/wp\/v2\/comments?post=239985"}],"version-history":[{"count":6,"href":"https:\/\/diariotextual.com\/inicio\/index.php\/wp-json\/wp\/v2\/posts\/239985\/revisions"}],"predecessor-version":[{"id":240008,"href":"https:\/\/diariotextual.com\/inicio\/index.php\/wp-json\/wp\/v2\/posts\/239985\/revisions\/240008"}],"wp:featuredmedia":[{"embeddable":true,"href":"https:\/\/diariotextual.com\/inicio\/index.php\/wp-json\/wp\/v2\/media\/239986"}],"wp:attachment":[{"href":"https:\/\/diariotextual.com\/inicio\/index.php\/wp-json\/wp\/v2\/media?parent=239985"}],"wp:term":[{"taxonomy":"category","embeddable":true,"href":"https:\/\/diariotextual.com\/inicio\/index.php\/wp-json\/wp\/v2\/categories?post=239985"},{"taxonomy":"post_tag","embeddable":true,"href":"https:\/\/diariotextual.com\/inicio\/index.php\/wp-json\/wp\/v2\/tags?post=239985"}],"curies":[{"name":"wp","href":"https:\/\/api.w.org\/{rel}","templated":true}]}}