{"id":240135,"date":"2023-10-07T16:38:57","date_gmt":"2023-10-07T19:38:57","guid":{"rendered":"https:\/\/diariotextual.com\/inicio\/?p=240135"},"modified":"2023-10-08T07:46:04","modified_gmt":"2023-10-08T10:46:04","slug":"el-gobernador-anuncia-creditos-para-arraigar-mas-jovenes-al-campo","status":"publish","type":"post","link":"https:\/\/diariotextual.com\/inicio\/index.php\/2023\/10\/07\/el-gobernador-anuncia-creditos-para-arraigar-mas-jovenes-al-campo\/","title":{"rendered":"El gobernador anuncia cr\u00e9ditos para arraigar m\u00e1s j\u00f3venes al campo"},"content":{"rendered":"\n<p>El gobernador <strong>Sergio Ziliotto<\/strong> pidi\u00f3 hoy, al inaugurar la 97\u00ba Expo Rural de Santa Rosa, <strong>\u201cdefender el modelo productivo provincial\u201d <\/strong>durante las pr\u00f3ximas elecciones, volvi\u00f3 a solicitar la eliminaci\u00f3n de la barrera sanitaria al sur del r\u00edo Colorado que impide el paso de asado con hueso y enumer\u00f3 una serie de anuncios: <strong>mayor subsidio de tasas en cr\u00e9ditos del Banco de La Pampa<\/strong> para inversiones y capital de trabajo;<strong> la vigencia de la Ventanilla Fiscal para compensar v\u00eda web saldos a favor de los contribuyentes<\/strong> generados por <strong>percepciones y el Sircreb<\/strong>; la<strong> baja de impuestos para zonas de cr\u00eda y recr\u00eda<\/strong> de ganado; <strong>cr\u00e9ditos con tasa subsidiada para siembra gruesa e implantaci\u00f3n de pasturas<\/strong>; y <strong>pr\u00e9stamos para j\u00f3venes emprendedores rurales<\/strong>. Tambi\u00e9n comunic\u00f3 el env\u00edo a la Legislatura de un proyecto para modificar la actual Ley Provincial de Emergencia Agropecuaria.\u00a0<\/p>\n\n\n\n<p>Uno de los anuncios m\u00e1s importantes fue el Programa Emprender J\u00f3venes Rurales. \u201cSin dudas que otro enorme desaf\u00edo es generar nuevos dirigentes en todos los sectores econ\u00f3micos. Desde marzo del a\u00f1o 2022 del Programa Emprender La Pampa, ha potenciado oportunidades para quienes asumen el desaf\u00edo de producir, a trav\u00e9s de asistencia t\u00e9cnica y financiera para capacitarlos y dar sostenibilidad a sus proyectos\u201d, dijo. \u201cAhora, vamos a implementar el Programa Emprender J\u00f3venes Rurales, para incentivar a las y los j\u00f3venes que, desde el \u00e1mbito rural, propongan acortar brechas territoriales, favorecer el arraigo y sostener el desarrollo arm\u00f3nico\u201d.<\/p>\n\n\n\n<p>Seg\u00fan cont\u00f3, ser\u00e1n beneficiarios j\u00f3venes de entre 18 y 35 a\u00f1os que acceder\u00e1n a cr\u00e9ditos de hasta 5 millones de pesos, en plazos hasta 48 meses y con un subsidio de tasa de hasta 40 puntos porcentuales, que se incrementar\u00e1n a 45 cuando se trate de mujeres emprendedoras.<\/p>\n\n\n\n<figure class=\"wp-block-embed is-type-wp-embed is-provider-diario-textual wp-block-embed-diario-textual\"><div class=\"wp-block-embed__wrapper\">\n<blockquote class=\"wp-embedded-content\" data-secret=\"S04hxg3SEw\"><a href=\"https:\/\/diariotextual.com\/inicio\/index.php\/2023\/10\/07\/en-la-tribuna-de-la-rural-ziliotto-pidio-defender-el-modelo-productivo-provincial-en-las-elecciones\/\">En la tribuna de La Rural, Ziliotto pidi\u00f3 \u201cdefender el modelo productivo provincial en las elecciones\u201d<\/a><\/blockquote><iframe class=\"wp-embedded-content\" sandbox=\"allow-scripts\" security=\"restricted\" style=\"position: absolute; clip: rect(1px, 1px, 1px, 1px);\" title=\"\u00abEn la tribuna de La Rural, Ziliotto pidi\u00f3 \u201cdefender el modelo productivo provincial en las elecciones\u201d\u00bb \u2014 Diario Textual\" src=\"https:\/\/diariotextual.com\/inicio\/index.php\/2023\/10\/07\/en-la-tribuna-de-la-rural-ziliotto-pidio-defender-el-modelo-productivo-provincial-en-las-elecciones\/embed\/#?secret=xj1bolniKh#?secret=S04hxg3SEw\" data-secret=\"S04hxg3SEw\" width=\"600\" height=\"338\" frameborder=\"0\" marginwidth=\"0\" marginheight=\"0\" scrolling=\"no\"><\/iframe>\n<\/div><\/figure>\n\n\n\n<div style=\"height:100px\" aria-hidden=\"true\" class=\"wp-block-spacer\"><\/div>\n\n\n\n<p><strong>Herramientas e incentivos vigentes<\/strong><\/p>\n\n\n\n<p>El gobernador dijo que, desde el Gobierno provincial, a partir del primer a\u00f1o de la gesti\u00f3n, \u201cprofundizaron pol\u00edticas p\u00fablicas para propiciarles el camino a aquellos que asumen el compromiso diario de producir\u201d en La Pampa. \u201cSon significativas esas herramientas virtuosas que resumen un Estado involucrado en un desarrollo geogr\u00e1ficamente arm\u00f3nico y socialmente inclusivo. Ejemplo de ello es el Acceso a cr\u00e9ditos de nuestro Banco de La Pampa para todas las actividades econ\u00f3micas. Ya son 20 mil cuatrocientas operaciones de financiamiento, por m\u00e1s de 23 mil millones aportados al sistema productivo desde 2020\u201d, dijo.<\/p>\n\n\n\n<p>\u201cTodo ello fortalecido con un in\u00e9dito aporte por parte del Gobierno Nacional y del Consejo Federal de Inversiones. S\u00f3lo basta mencionar los aportes no reintegrables por 200 millones de pesos para productores perjudicados por la sequ\u00eda. Ejemplo de ello es una fuerte y creciente inversi\u00f3n p\u00fablica en subsidios de tasa\u201d, manifest\u00f3.<\/p>\n\n\n\n<p>Desde 2020 invirtieron en tal sentido 5.596 millones de pesos, mientras que el presupuesto 2024 contendr\u00e1 recursos por 5.562 millones de pesos. \u201cEjemplo de ello, es la in\u00e9dita intervenci\u00f3n del Estado d\u00e1ndole espalda financiera a cerca de mil pymes a trav\u00e9s del FOGAPAM, a pesar de su corta trayectoria desde 2021. En el creciente acceso al financiamiento al mercado de capitales a trav\u00e9s de FOGAPAM, el agro concentra el 72 % del total de esas operaciones. Ejemplo de ello es el gran aporte estatal para generar trabajo. Desde diciembre de 2020 el empleo privado registrado crece constantemente\u201d, sostuvo.<\/p>\n\n\n\n<p>\u201cEjemplo de ello -agreg\u00f3- es un sistema tributario provincial que premia al que produce y genera trabajo. La ley de incentivos fiscales gener\u00f3, a valores actuales, cr\u00e9ditos fiscales por 5.368 millones de pesos desde su vigencia en 2021. Ejemplo de ello es el sostenido avance hacia procesos de desarrollo m\u00e1s sostenibles e inclusivos con la puesta en marcha de la Agencia Pampeana de Ciencias, Tecnolog\u00edas e Innovaci\u00f3n Abierta y el Polo Cient\u00edfico Tecnol\u00f3gico ubicado en General Pico, reduciendo as\u00ed la brecha tecnol\u00f3gica. Ejemplo de ello son los \u00e1mbitos de articulaci\u00f3n abiertos en todas las \u00e1reas productivas del gobierno, con epicentro en el Consejo Asesor de la Agencia de Inversiones y Comercio Exterior. Por \u00faltimo, el mayor ejemplo es el estrat\u00e9gico Compre Pampeano, que multiplica exponencialmente las posibilidades de ganar mercados y clientes, principalmente fuera de nuestros l\u00edmites\u201d.<\/p>\n\n\n\n<div style=\"height:100px\" aria-hidden=\"true\" class=\"wp-block-spacer\"><\/div>\n\n\n\n<p><strong>Informe de los sectores del agro<\/strong><\/p>\n\n\n\n<p>Dijo que por ese \u201ctrabajo conjunto entre lo p\u00fablico y lo privado\u201d, se puede mostrar una provincia que \u201cmuestra estad\u00edsticas de crecimiento reales\u201d.<\/p>\n\n\n\n<p>\u201cSin dudas, en nuestra econom\u00eda la producci\u00f3n agr\u00edcola ganadera es fundamental, no s\u00f3lo como producci\u00f3n primaria, sino tambi\u00e9n por sus, cada vez m\u00e1s estrat\u00e9gicas cadenas de valor: la industria frigor\u00edfica, l\u00e1ctea, harinera, aceitera o metal\u00fargica, entre otras\u201d, dijo.<\/p>\n\n\n\n<div style=\"height:100px\" aria-hidden=\"true\" class=\"wp-block-spacer\"><\/div>\n\n\n\n<p><strong>Ganader\u00eda<\/strong><\/p>\n\n\n\n<p>\u201cEl sector ganadero sigue marcando resultados positivos, posicion\u00e1ndose tanto por su sistema de producci\u00f3n, por su gen\u00e9tica como por su sanidad, reflejada en calidad c\u00e1rnica. La ganader\u00eda vacuna es qui\u00e9n mejor lo expresa\u201d, dijo.<\/p>\n\n\n\n<p>\u201cNo s\u00f3lo crece el rodeo, sino que se incrementa la eficiencia mostrando un \u00edndice de destete superior al 70 %, una situaci\u00f3n que no se repite en el pa\u00eds\u201d, expres\u00f3.<\/p>\n\n\n\n<p>En 2023 la faena, dijo, aument\u00f3 un 7,6 %, pero creci\u00f3 m\u00e1s a\u00fan su relaci\u00f3n con la exportaci\u00f3n. Nuestra industria frigor\u00edfica exporta el 45,9 % de su faena, un valor tambi\u00e9n distintivo en el contexto nacional.&nbsp;<\/p>\n\n\n\n<p>\u201cEllo no s\u00f3lo deriva en niveles de actividad y empleo hist\u00f3ricos en esa actividad, sin que posiciona a la provincia como creciente generadora de divisas internaciones, tan necesarias para la definitiva estabilizaci\u00f3n econ\u00f3mica del pa\u00eds\u201d, manifest\u00f3.<\/p>\n\n\n\n<p>\u201cSin dudas, resalta n\u00edtidamente la importancia de sostener durante 16 a\u00f1os el Plan Ganadero Provincial, una pol\u00edtica p\u00fablica que nadie discute y todos valoran. En este camino del agregado de valor a nuestra producci\u00f3n, seguimos trabajando en alcanzar una certificaci\u00f3n diferencial para nuestras carnes que, a partir del reconocimiento de nuestro sistema de producci\u00f3n, beneficie a toda la cadena de valor de la carne bovina\u201d, sostuvo.<\/p>\n\n\n\n<div style=\"height:100px\" aria-hidden=\"true\" class=\"wp-block-spacer\"><\/div>\n\n\n\n<p><strong>Barrera sanitaria<\/strong><\/p>\n\n\n\n<p>\u201cNo puedo desaprovechar esta oportunidad para ratificar nuestra postura como provincia frente a la barrera sanitaria que impide el paso de nuestras carnes con hueso al sur del r\u00edo Colorado. El Senasa (Servicio Nacional de Sanidad y Calidad Agroalimentaria) ha reconocido que somos un pa\u00eds libre de aftosa, con o sin vacunaci\u00f3n, por lo que no hay razones para que existan barreras comerciales dentro de nuestro pa\u00eds. No existe riesgo sanitario alguno de una zona de vacunaci\u00f3n a una libre de vacunaci\u00f3n. Esto es una realidad, un dato con fundamento t\u00e9cnico del principal organismo de control sanitario del pa\u00eds\u201d, dijo.<\/p>\n\n\n\n<div style=\"height:100px\" aria-hidden=\"true\" class=\"wp-block-spacer\"><\/div>\n\n\n\n<p><strong>Sector l\u00e1cteo<\/strong><\/p>\n\n\n\n<p>En cuanto al sector l\u00e1cteo, seg\u00fan datos proporcionados por SENASA en 2023, se increment\u00f3 el stock de vacas en orde\u00f1e en un 1,8%, lo que significa una intensificaci\u00f3n de la actividad, con gran adopci\u00f3n de tecnolog\u00eda y requerimiento de mano de obra.<\/p>\n\n\n\n<p>En cuanto a su industrializaci\u00f3n, la provincia cuenta con 21 plantas l\u00e1cteas habilitadas para el procesamiento de leche, dulce de leche y quesos, lo que ha permitido que el 61% de la leche producida sea procesada dentro de la provincia.<\/p>\n\n\n\n<p>\u201cA ello, debemos adicionar que la calidad de la misma es reconocida en todo el pa\u00eds, tanto por su composici\u00f3n como por su sanidad. Se estima para este 2023, que procesaremos unos 114 millones de litros, un volumen mayor en un 42,5 % a los 80 millones de litros de 2022\u201d, dijo.<\/p>\n\n\n\n<p>Apicultura<\/p>\n\n\n\n<p>Otro de los sectores que han sostenido su actividad, no solo en su cantidad sino en su calidad, y el agregado de valor local, es el sector ap\u00edcola. \u201cEn la actualidad contamos con 65 salas de extracci\u00f3n y 6 fraccionadoras de miel, donde en la \u00faltima cosecha se obtuvieron 7.000 toneladas de miel, equivalente a 23.334 tambores (unidad de comercializaci\u00f3n). Esto gener\u00f3 un ingreso de divisas al pa\u00eds y a la provincia de m\u00e1s de 25 millones de d\u00f3lares\u201d, dijo.<\/p>\n\n\n\n<div style=\"height:100px\" aria-hidden=\"true\" class=\"wp-block-spacer\"><\/div>\n\n\n\n<p><strong>Agricultura<\/strong><\/p>\n\n\n\n<p>La provincia cerr\u00f3 la campa\u00f1a agr\u00edcola 2022\/2023, con una ca\u00edda en la producci\u00f3n de la mayor\u00eda de los granos. Sin embargo, el cultivo de girasol le gan\u00f3 a la sequ\u00eda y, seg\u00fan datos de la Bolsa de Cereales de C\u00f3rdoba, increment\u00f3 la superficie sembrada en un 39 %, representando el mayor incremento de \u00e1rea implantada de las \u00faltimas tres campa\u00f1as y logr\u00f3 un aumento de la producci\u00f3n del 18%.<\/p>\n\n\n\n<p>\u201cLa campa\u00f1a 23\/24 de trigo por otra parte, atraviesa momentos clim\u00e1ticos desfavorables, con una disminuci\u00f3n de la superficie sembrada del 15 %\u201d, dijo. \u201cLas lluvias ocurridas recientemente, nos alientan a pensar que la campa\u00f1a de gruesa 23\/24, marcar\u00e1 una diferencia positiva con respecto a la anterior. Producto evidente de la sequ\u00eda, en t\u00e9rminos de exportaciones, seg\u00fan el INDEC, en el primer semestre de 2023, la provincia de La Pampa export\u00f3 390 millones de d\u00f3lares, lo que implic\u00f3 una ca\u00edda de 38,3% respecto a igual per\u00edodo del a\u00f1o anterior\u201d.<\/p>\n\n\n\n<p>Bosque Nativo<\/p>\n\n\n\n<p>\u201cSumando a las acciones orientadas a la conservaci\u00f3n de nuestros recursos naturales, en particular de nuestro Bosque Nativo hemos ejecutado Aportes No Reintegrables durante el transcurso de este a\u00f1o por $199 millones para 60 productores\u201d, dijo.<\/p>\n\n\n\n<p>Asimismo, se han destinado por el Programa Provincial de Desarrollo Forestal m\u00e1s de $43 millones destinado a herramientas y elementos de seguridad para 80 hacheros de la provincia.<\/p>\n\n\n\n<div style=\"height:100px\" aria-hidden=\"true\" class=\"wp-block-spacer\"><\/div>\n\n\n\n<p><strong>Emergencia<\/strong><\/p>\n\n\n\n<p>\u201cHoy llevamos 16 meses de emergencia y a\u00fan seguimos detectando que, a pesar de las \u00faltimas lluvias, hay zonas en las que la recuperaci\u00f3n del sistema demandar\u00e1 un mayor tiempo. Por ello, propiciaremos nuevas herramientas para enfrentar las emergencias producto del clima\u201d, dijo.<\/p>\n\n\n\n<p>\u201cNo s\u00f3lo en cuanto a la normativa vinculada a la respuesta econ\u00f3mica sino tambi\u00e9n a las acciones para potenciar la capacidad de respuesta de nuestros suelos ante estos eventos. Ello derivar\u00e1 en una propuesta a la C\u00e1mara de Diputados de la provincia para modificar la actual Ley Provincial de Emergencia, adapt\u00e1ndola al cada vez m\u00e1s evidente y m\u00e1s presente cambio clim\u00e1tico y a las necesidades inmediatas del territorio, con una mayor mirada en prevenci\u00f3n y r\u00e1pida mitigaci\u00f3n, que permita reducir la vulnerabilidad de los peque\u00f1os y medianos productores\u201d, expres\u00f3.<\/p>\n\n\n\n<p>\u201cComplementariamente, hemos dise\u00f1ado el Programa de Implantaci\u00f3n y Renovaci\u00f3n de Pasturas Perennes, que persigue como objetivo la recuperaci\u00f3n de suelos degradados, estabilizar la cadena forrajera, a la vez de fortalecer sus respuestas para atravesar los per\u00edodos de sequ\u00eda o inundaci\u00f3n. La complejidad del tema amerita poner el mayor esfuerzo econ\u00f3mico, pero principalmente potenciar el enorme activo que contamos en el Consejo Asesor de Suelos integrado por las entidades del campo, el INTA, el CONICET, los Colegios de profesionales, grupos CREA, la AAPRESID y facultades de nuestra universidad, entre otros organismos t\u00e9cnicos del sector\u201d, dijo.<\/p>\n\n\n\n<div style=\"height:100px\" aria-hidden=\"true\" class=\"wp-block-spacer\"><\/div>\n\n\n\n<p><strong>L\u00edneas de Cr\u00e9dito por emergencia y para siembra<\/strong><\/p>\n\n\n\n<p>Ziliotto se refiri\u00f3 a la sequ\u00eda, que ya se est\u00e1 superando luego de a\u00f1os de pocas lluvias. \u201cNos involucraremos no s\u00f3lo en lo que viene, sino tambi\u00e9n en lo que el sector ha pasado. Quienes cuenten con certificado de emergencia agropecuaria e incluidos en el Plan Ganadero, ver\u00e1n incrementado de 30 a 50 puntos porcentuales el subsidio de tasa vinculado a las cuotas de octubre a diciembre de este a\u00f1o\u201d, dijo.<\/p>\n\n\n\n<p>Hacia el futuro, y con el fin de acompa\u00f1arlos en el inicio de la campa\u00f1a de gruesa 2023\/2024 y en la recuperaci\u00f3n de cadenas forrajeras, tendr\u00e1n a su disposici\u00f3n a trav\u00e9s del Banco de La Pampa, dos l\u00edneas de cr\u00e9ditos. Una destinada a la siembra de cultivos de cosecha gruesa, y otra destinada a la implantaci\u00f3n de pasturas perennes. Ambas con una bonificaci\u00f3n de 30 puntos y una disminuci\u00f3n adicional de 20 puntos para aquellas \u00e1reas incluidas en la emergencia agropecuaria, totalizando tambi\u00e9n en este caso los 50 puntos porcentuales<\/p>\n\n\n\n<p><\/p>\n\n\n\n<div style=\"height:100px\" aria-hidden=\"true\" class=\"wp-block-spacer\"><\/div>\n\n\n\n<p><strong>Los caminos<\/strong><\/p>\n\n\n\n<p>Otro de los ejes tuvo que ver con el mantenimiento de los caminos vecinales. \u201cAsumimos la importancia que significa el buen mantenimiento de la red terciaria para todo el sector agropecuario\u201d, dijo. \u201cPara ello, la Ley de Descentralizaci\u00f3n destina fondos a los municipios para el mantenimiento de la misma, con la ayuda permanente de la Direcci\u00f3n Provincial de Vialidad\u201d.<\/p>\n\n\n\n<p>\u201cEn este sentido nos comprometemos junto a las asociaciones rurales y a los municipios y desde el ministerio de la Producci\u00f3n y la Direcci\u00f3n Provincial de Vialidad a implementar acciones que apunten a identificar y resolver situaciones que requieren de mantenimiento y mejoramiento de la red terciaria de los diferentes ejidos de la provincia\u201d, expres\u00f3.<\/p>\n\n\n\n<p>\u201cEste compromiso ya se refleja en los encuentros entre \u00e1reas del Gobierno Provincial, la Municipalidad de Santa Rosa esta Asociaci\u00f3n Agr\u00edcola Ganadera para articuladamente definir el mantenimiento y mejoramiento de la red terciaria del ejido Santa Rosa. Bajo esta misma modalidad avanzaremos en diferentes zonas de nuestra provincia, haciendo hincapi\u00e9 y fortaleciendo a aquellos corredores de mayor importancia que se identifiquen regionalmente\u201d, dijo.<\/p>\n\n\n\n<div style=\"height:100px\" aria-hidden=\"true\" class=\"wp-block-spacer\"><\/div>\n\n\n\n<p><strong>Pol\u00edtica tributaria para el agro<\/strong><\/p>\n\n\n\n<p>\u201cSin dudas un tema estrat\u00e9gico es nuestra pol\u00edtica tributaria\u201d, dijo Zilitto. \u201cFiel a nuestra decisi\u00f3n de premiar la mayor actividad productiva y la generaci\u00f3n de empleo, seguiremos incorporando decisiones en ese sentido. Nunca mi gobierno va a ser funcional a la elusi\u00f3n ni a la evasi\u00f3n\u201d.<\/p>\n\n\n\n<p>\u201cTenemos un territorio provincial en la que conviven distintos escenarios que, por razones clim\u00e1ticas o geogr\u00e1ficas, derivan en situaciones dispares en cuanto a la productividad del suelo. Ustedes saben mejor que yo, que no es lo mismo producir en la pampa h\u00fameda que en el resto de la provincia. Por ello, propiciaremos la modificaci\u00f3n del C\u00f3digo Fiscal y en enero del pr\u00f3ximo a\u00f1o habr\u00e1 mayores incentivos para producir en los departamentos de la provincia en los que la actividad ganadera se concentra mayoritariamente en tareas de cr\u00eda o recr\u00eda ganadera\u201d, anunci\u00f3.<\/p>\n\n\n\n<p>As\u00ed, los departamentos Chicalc\u00f3, Chalileo, Puel\u00e9n, Limay Mahuida, Curac\u00f3, Loventu\u00e9, Utrac\u00e1n, Toay, Lihuel Calel, Hucal y Caleu Caleu ser\u00e1n 11 regiones en las que el pago del impuesto inmobiliario ser\u00e1 a cuenta del impuesto a los ingresos brutos.<\/p>\n\n\n\n<p>\u201cDe esa manera, no s\u00f3lo eliminaremos impuestos para quienes producen, sino que excluiremos expl\u00edcitamente a quienes hacen de la tenencia de la tierra un negocio inmobiliario\u201d, dijo.<\/p>\n\n\n\n<p>Adem\u00e1s, alert\u00f3 que aprovechen los incentivos fiscales. \u201cTambi\u00e9n, es momento propicio para resaltar que la ley de incentivos fiscales ha generado a favor de los sectores del agro 1.025 millones de pesos en cr\u00e9dito fiscal a valor actual, utilizable a pagar todo tributo provincial. Se los anticip\u00e9 en la \u00faltima reuni\u00f3n del Consejo Asesor de la Agencia de Inversiones. S\u00f3lo han utilizado 117 millones de ese total. El mayor monto no utilizado, 554 millones, obedece a la no aceptaci\u00f3n de dicho incentivo. Seguramente, en su enorme mayor\u00eda por desconocimiento. Lo recursos est\u00e1n, no pueden desaprovecharlos. Es un premio a la productividad\u201d.<\/p>\n\n\n\n<div style=\"height:100px\" aria-hidden=\"true\" class=\"wp-block-spacer\"><\/div>\n\n\n\n<p><strong>Ventanilla Fiscal<\/strong><\/p>\n\n\n\n<p>En l\u00ednea con esa sostenida disminuci\u00f3n de la presi\u00f3n tributaria provincial que les detallaba, dijo que avanzar\u00e1n con la simplificaci\u00f3n de tr\u00e1mites p\u00fablicos en el marco de un estado moderno, accesible y abierto. \u201cComo lo adelantamos en la \u00faltima reuni\u00f3n del Consejo Asesor de la Agencia de Inversiones, el pr\u00f3ximo 17 de octubre estar\u00e1 disponible la Ventanilla Fiscal. Una herramienta que permitir\u00e1 a los contribuyentes con actividad exclusiva en la provincia de La Pampa, acceder v\u00eda internet a la compensaci\u00f3n de saldos a favor de los contribuyentes para pagar otros impuestos, como Veh\u00edculos, Inmobiliario, Sellos o Tasas provinciales, aunque tambi\u00e9n para pagos no tributarios\u201d, dijo.<\/p>\n\n\n\n<p>En esta primera instancia podr\u00e1n compensarse, sin tr\u00e1mites presenciales y autom\u00e1ticamente, saldos vinculados a percepciones originadas en operaciones comerciales y al Sircreb. En los pr\u00f3ximos meses, este sistema estar\u00e1 a disposici\u00f3n de todos los contribuyentes.<\/p>\n\n\n\n<div style=\"height:100px\" aria-hidden=\"true\" class=\"wp-block-spacer\"><\/div>\n\n\n\n<p><strong>Bonificaci\u00f3n especial de tasa<\/strong><\/p>\n\n\n\n<p>El mandatario dijo que \u201csin dudas\u201d que uno de los factores que en la actualidad demoran decisiones de inversi\u00f3n es el costo del financiamiento. \u201cLa imposici\u00f3n de fijar tasas positivas por parte del Fondo Monetario Internacional deviene que las tasas de referencia fijadas por el Banco Central impacten negativamente\u201d, dijo. Ante ello, y en otro gran esfuerzo financiero, sumaremos m\u00e1s recursos p\u00fablicos para incrementar el subsidio de tasas, sumando transferencias del sector p\u00fablico al sector privado, con el claro objetivo de producir cada d\u00eda m\u00e1s\u201d, sostuvo.<\/p>\n\n\n\n<p>\u201cAntes de finalizar el a\u00f1o 2022 decidimos que todos los cr\u00e9ditos productivos tomados al 30 de noviembre de ese a\u00f1o tuvieran un subsidio de tasa m\u00ednimo de 30 puntos porcentuales. Hoy quiero anunciarles que tendr\u00e1n ese mismo tratamiento a partir del 1\u00ba de octubre y hasta el 31 de diciembre, los pr\u00e9stamos que fueron tomados despu\u00e9s del 30 de noviembre de 2022 hasta el 30 de setiembre pasado\u201d, agreg\u00f3.<\/p>\n\n\n\n<div style=\"height:100px\" aria-hidden=\"true\" class=\"wp-block-spacer\"><\/div>\n\n\n\n<p><strong>Simplificaci\u00f3n crediticia<\/strong><\/p>\n\n\n\n<p>El mandatario anunci\u00f3 una \u201csimplificaci\u00f3n crediticia\u201d para facilitar el acceso al financiamiento. \u201cConjuntamente, y con el objeto de simplificar su tramitaci\u00f3n, concentraremos la oferta crediticia en dos l\u00edneas generales, una destinada a Capital de Trabajo y otra destinada a inversiones en activos fijos\u201d, dijo. \u201cPara financiar inversiones acompa\u00f1aremos el esfuerzo privado aportando hasta el 80 % de la inversi\u00f3n, con un monto m\u00e1ximo de 450 millones de pesos. Contar\u00e1n con un plazo de devoluci\u00f3n de hasta 7 a\u00f1os, con 2 a\u00f1os de gracia\u201d, cont\u00f3.<\/p>\n\n\n\n<p>El subsidio de tasa ser\u00e1 de 45 puntos porcentuales, discriminados en 30 puntos b\u00e1sicos, 10 adicionales para sectores estrat\u00e9gicos y 5 m\u00e1s para emprendimientos liderados por mujeres.<\/p>\n\n\n\n<p>Para dar respuesta a necesidades de incorporar Capital de Trabajo, el monto ser\u00e1 de hasta 50 millones de pesos, un plazo m\u00e1ximo de 24 meses, con hasta 6 meses de gracia y una disminuci\u00f3n de tasa de hasta 40 puntos porcentuales m\u00e1s 5 puntos adicionales para proyectos encabezados por mujeres. Dentro de este esquema, las micro pymes recibir\u00e1n mayores beneficios.<\/p>\n\n\n\n<p><\/p>\n","protected":false},"excerpt":{"rendered":"<p>El gobernador Sergio Ziliotto pidi\u00f3 hoy, al inaugurar la 97\u00ba Expo Rural de Santa Rosa, \u201cdefender el modelo productivo provincial\u201d durante las pr\u00f3ximas elecciones, volvi\u00f3 a solicitar la eliminaci\u00f3n de&hellip;<\/p>\n","protected":false},"author":3,"featured_media":212147,"comment_status":"closed","ping_status":"open","sticky":false,"template":"","format":"standard","meta":{"_acf_changed":false,"footnotes":""},"categories":[1,11,8],"tags":[],"class_list":["post-240135","post","type-post","status-publish","format-standard","has-post-thumbnail","hentry","category-es-noticia","category-que-pasa","category-politica"],"acf":[],"yoast_head":"<!-- This site is optimized with the Yoast SEO plugin v27.5 - https:\/\/yoast.com\/product\/yoast-seo-wordpress\/ -->\n<title>El gobernador anuncia cr\u00e9ditos para arraigar m\u00e1s j\u00f3venes al campo - Diario Textual<\/title>\n<meta name=\"robots\" content=\"index, follow, max-snippet:-1, max-image-preview:large, max-video-preview:-1\" \/>\n<link rel=\"canonical\" href=\"https:\/\/diariotextual.com\/inicio\/index.php\/2023\/10\/07\/el-gobernador-anuncia-creditos-para-arraigar-mas-jovenes-al-campo\/\" \/>\n<meta property=\"og:locale\" content=\"es_ES\" \/>\n<meta property=\"og:type\" content=\"article\" \/>\n<meta property=\"og:title\" content=\"El gobernador anuncia cr\u00e9ditos para arraigar m\u00e1s j\u00f3venes al campo - Diario Textual\" \/>\n<meta property=\"og:description\" content=\"El gobernador Sergio Ziliotto pidi\u00f3 hoy, al inaugurar la 97\u00ba Expo Rural de Santa Rosa, \u201cdefender el modelo productivo provincial\u201d durante las pr\u00f3ximas elecciones, volvi\u00f3 a solicitar la eliminaci\u00f3n de&hellip;\" \/>\n<meta property=\"og:url\" content=\"https:\/\/diariotextual.com\/inicio\/index.php\/2023\/10\/07\/el-gobernador-anuncia-creditos-para-arraigar-mas-jovenes-al-campo\/\" \/>\n<meta property=\"og:site_name\" content=\"Diario Textual\" \/>\n<meta property=\"article:publisher\" content=\"https:\/\/www.facebook.com\/eltextual\" \/>\n<meta property=\"article:published_time\" content=\"2023-10-07T19:38:57+00:00\" \/>\n<meta property=\"article:modified_time\" content=\"2023-10-08T10:46:04+00:00\" \/>\n<meta property=\"og:image\" content=\"https:\/\/diariotextual.com\/inicio\/wp-content\/uploads\/2023\/01\/campotranquera2023-3.jpeg\" \/>\n\t<meta property=\"og:image:width\" content=\"1479\" \/>\n\t<meta property=\"og:image:height\" content=\"719\" \/>\n\t<meta property=\"og:image:type\" content=\"image\/jpeg\" \/>\n<meta name=\"author\" content=\"Diario1 Diario1\" \/>\n<meta name=\"twitter:card\" content=\"summary_large_image\" \/>\n<meta name=\"twitter:creator\" content=\"@eltextual\" \/>\n<meta name=\"twitter:site\" content=\"@eltextual\" \/>\n<meta name=\"twitter:label1\" content=\"Escrito por\" \/>\n\t<meta name=\"twitter:data1\" content=\"Diario1 Diario1\" \/>\n\t<meta name=\"twitter:label2\" content=\"Tiempo de lectura\" \/>\n\t<meta name=\"twitter:data2\" content=\"14 minutos\" \/>\n<script type=\"application\/ld+json\" class=\"yoast-schema-graph\">{\"@context\":\"https:\\\/\\\/schema.org\",\"@graph\":[{\"@type\":\"Article\",\"@id\":\"https:\\\/\\\/diariotextual.com\\\/inicio\\\/index.php\\\/2023\\\/10\\\/07\\\/el-gobernador-anuncia-creditos-para-arraigar-mas-jovenes-al-campo\\\/#article\",\"isPartOf\":{\"@id\":\"https:\\\/\\\/diariotextual.com\\\/inicio\\\/index.php\\\/2023\\\/10\\\/07\\\/el-gobernador-anuncia-creditos-para-arraigar-mas-jovenes-al-campo\\\/\"},\"author\":{\"name\":\"Diario1 Diario1\",\"@id\":\"https:\\\/\\\/diariotextual.com\\\/inicio\\\/#\\\/schema\\\/person\\\/418fc4093c33e86ed41562db3508f958\"},\"headline\":\"El gobernador anuncia cr\u00e9ditos para arraigar m\u00e1s j\u00f3venes al campo\",\"datePublished\":\"2023-10-07T19:38:57+00:00\",\"dateModified\":\"2023-10-08T10:46:04+00:00\",\"mainEntityOfPage\":{\"@id\":\"https:\\\/\\\/diariotextual.com\\\/inicio\\\/index.php\\\/2023\\\/10\\\/07\\\/el-gobernador-anuncia-creditos-para-arraigar-mas-jovenes-al-campo\\\/\"},\"wordCount\":3043,\"publisher\":{\"@id\":\"https:\\\/\\\/diariotextual.com\\\/inicio\\\/#organization\"},\"image\":{\"@id\":\"https:\\\/\\\/diariotextual.com\\\/inicio\\\/index.php\\\/2023\\\/10\\\/07\\\/el-gobernador-anuncia-creditos-para-arraigar-mas-jovenes-al-campo\\\/#primaryimage\"},\"thumbnailUrl\":\"https:\\\/\\\/diariotextual.com\\\/inicio\\\/wp-content\\\/uploads\\\/2023\\\/01\\\/campotranquera2023-3.jpeg\",\"articleSection\":[\"A - ES NOTICIA (van abajo)\",\"A - QUE PASA (al costado)\",\"POLITICA\"],\"inLanguage\":\"es\"},{\"@type\":\"WebPage\",\"@id\":\"https:\\\/\\\/diariotextual.com\\\/inicio\\\/index.php\\\/2023\\\/10\\\/07\\\/el-gobernador-anuncia-creditos-para-arraigar-mas-jovenes-al-campo\\\/\",\"url\":\"https:\\\/\\\/diariotextual.com\\\/inicio\\\/index.php\\\/2023\\\/10\\\/07\\\/el-gobernador-anuncia-creditos-para-arraigar-mas-jovenes-al-campo\\\/\",\"name\":\"El gobernador anuncia cr\u00e9ditos para arraigar m\u00e1s j\u00f3venes al campo - Diario Textual\",\"isPartOf\":{\"@id\":\"https:\\\/\\\/diariotextual.com\\\/inicio\\\/#website\"},\"primaryImageOfPage\":{\"@id\":\"https:\\\/\\\/diariotextual.com\\\/inicio\\\/index.php\\\/2023\\\/10\\\/07\\\/el-gobernador-anuncia-creditos-para-arraigar-mas-jovenes-al-campo\\\/#primaryimage\"},\"image\":{\"@id\":\"https:\\\/\\\/diariotextual.com\\\/inicio\\\/index.php\\\/2023\\\/10\\\/07\\\/el-gobernador-anuncia-creditos-para-arraigar-mas-jovenes-al-campo\\\/#primaryimage\"},\"thumbnailUrl\":\"https:\\\/\\\/diariotextual.com\\\/inicio\\\/wp-content\\\/uploads\\\/2023\\\/01\\\/campotranquera2023-3.jpeg\",\"datePublished\":\"2023-10-07T19:38:57+00:00\",\"dateModified\":\"2023-10-08T10:46:04+00:00\",\"breadcrumb\":{\"@id\":\"https:\\\/\\\/diariotextual.com\\\/inicio\\\/index.php\\\/2023\\\/10\\\/07\\\/el-gobernador-anuncia-creditos-para-arraigar-mas-jovenes-al-campo\\\/#breadcrumb\"},\"inLanguage\":\"es\",\"potentialAction\":[{\"@type\":\"ReadAction\",\"target\":[\"https:\\\/\\\/diariotextual.com\\\/inicio\\\/index.php\\\/2023\\\/10\\\/07\\\/el-gobernador-anuncia-creditos-para-arraigar-mas-jovenes-al-campo\\\/\"]}]},{\"@type\":\"ImageObject\",\"inLanguage\":\"es\",\"@id\":\"https:\\\/\\\/diariotextual.com\\\/inicio\\\/index.php\\\/2023\\\/10\\\/07\\\/el-gobernador-anuncia-creditos-para-arraigar-mas-jovenes-al-campo\\\/#primaryimage\",\"url\":\"https:\\\/\\\/diariotextual.com\\\/inicio\\\/wp-content\\\/uploads\\\/2023\\\/01\\\/campotranquera2023-3.jpeg\",\"contentUrl\":\"https:\\\/\\\/diariotextual.com\\\/inicio\\\/wp-content\\\/uploads\\\/2023\\\/01\\\/campotranquera2023-3.jpeg\",\"width\":1479,\"height\":719},{\"@type\":\"BreadcrumbList\",\"@id\":\"https:\\\/\\\/diariotextual.com\\\/inicio\\\/index.php\\\/2023\\\/10\\\/07\\\/el-gobernador-anuncia-creditos-para-arraigar-mas-jovenes-al-campo\\\/#breadcrumb\",\"itemListElement\":[{\"@type\":\"ListItem\",\"position\":1,\"name\":\"Portada\",\"item\":\"https:\\\/\\\/diariotextual.com\\\/inicio\\\/\"},{\"@type\":\"ListItem\",\"position\":2,\"name\":\"El gobernador anuncia cr\u00e9ditos para arraigar m\u00e1s j\u00f3venes al campo\"}]},{\"@type\":\"WebSite\",\"@id\":\"https:\\\/\\\/diariotextual.com\\\/inicio\\\/#website\",\"url\":\"https:\\\/\\\/diariotextual.com\\\/inicio\\\/\",\"name\":\"Diario Textual\",\"description\":\"\",\"publisher\":{\"@id\":\"https:\\\/\\\/diariotextual.com\\\/inicio\\\/#organization\"},\"potentialAction\":[{\"@type\":\"SearchAction\",\"target\":{\"@type\":\"EntryPoint\",\"urlTemplate\":\"https:\\\/\\\/diariotextual.com\\\/inicio\\\/?s={search_term_string}\"},\"query-input\":{\"@type\":\"PropertyValueSpecification\",\"valueRequired\":true,\"valueName\":\"search_term_string\"}}],\"inLanguage\":\"es\"},{\"@type\":\"Organization\",\"@id\":\"https:\\\/\\\/diariotextual.com\\\/inicio\\\/#organization\",\"name\":\"Diario Textual\",\"url\":\"https:\\\/\\\/diariotextual.com\\\/inicio\\\/\",\"logo\":{\"@type\":\"ImageObject\",\"inLanguage\":\"es\",\"@id\":\"https:\\\/\\\/diariotextual.com\\\/inicio\\\/#\\\/schema\\\/logo\\\/image\\\/\",\"url\":\"https:\\\/\\\/diariotextual.com\\\/inicio\\\/wp-content\\\/uploads\\\/2023\\\/05\\\/logotextual1.jpg\",\"contentUrl\":\"https:\\\/\\\/diariotextual.com\\\/inicio\\\/wp-content\\\/uploads\\\/2023\\\/05\\\/logotextual1.jpg\",\"width\":516,\"height\":76,\"caption\":\"Diario Textual\"},\"image\":{\"@id\":\"https:\\\/\\\/diariotextual.com\\\/inicio\\\/#\\\/schema\\\/logo\\\/image\\\/\"},\"sameAs\":[\"https:\\\/\\\/www.facebook.com\\\/eltextual\",\"https:\\\/\\\/x.com\\\/eltextual\",\"http:\\\/\\\/www.instagram.com\\\/eltextual\"]},{\"@type\":\"Person\",\"@id\":\"https:\\\/\\\/diariotextual.com\\\/inicio\\\/#\\\/schema\\\/person\\\/418fc4093c33e86ed41562db3508f958\",\"name\":\"Diario1 Diario1\",\"image\":{\"@type\":\"ImageObject\",\"inLanguage\":\"es\",\"@id\":\"https:\\\/\\\/secure.gravatar.com\\\/avatar\\\/9167d280179c85bc18be67aa7eda765854300033af4896dd779b608640f2ef7a?s=96&d=mm&r=g\",\"url\":\"https:\\\/\\\/secure.gravatar.com\\\/avatar\\\/9167d280179c85bc18be67aa7eda765854300033af4896dd779b608640f2ef7a?s=96&d=mm&r=g\",\"contentUrl\":\"https:\\\/\\\/secure.gravatar.com\\\/avatar\\\/9167d280179c85bc18be67aa7eda765854300033af4896dd779b608640f2ef7a?s=96&d=mm&r=g\",\"caption\":\"Diario1 Diario1\"},\"url\":\"https:\\\/\\\/diariotextual.com\\\/inicio\\\/index.php\\\/author\\\/diario1\\\/\"}]}<\/script>\n<!-- \/ Yoast SEO plugin. -->","yoast_head_json":{"title":"El gobernador anuncia cr\u00e9ditos para arraigar m\u00e1s j\u00f3venes al campo - Diario Textual","robots":{"index":"index","follow":"follow","max-snippet":"max-snippet:-1","max-image-preview":"max-image-preview:large","max-video-preview":"max-video-preview:-1"},"canonical":"https:\/\/diariotextual.com\/inicio\/index.php\/2023\/10\/07\/el-gobernador-anuncia-creditos-para-arraigar-mas-jovenes-al-campo\/","og_locale":"es_ES","og_type":"article","og_title":"El gobernador anuncia cr\u00e9ditos para arraigar m\u00e1s j\u00f3venes al campo - Diario Textual","og_description":"El gobernador Sergio Ziliotto pidi\u00f3 hoy, al inaugurar la 97\u00ba Expo Rural de Santa Rosa, \u201cdefender el modelo productivo provincial\u201d durante las pr\u00f3ximas elecciones, volvi\u00f3 a solicitar la eliminaci\u00f3n de&hellip;","og_url":"https:\/\/diariotextual.com\/inicio\/index.php\/2023\/10\/07\/el-gobernador-anuncia-creditos-para-arraigar-mas-jovenes-al-campo\/","og_site_name":"Diario Textual","article_publisher":"https:\/\/www.facebook.com\/eltextual","article_published_time":"2023-10-07T19:38:57+00:00","article_modified_time":"2023-10-08T10:46:04+00:00","og_image":[{"width":1479,"height":719,"url":"https:\/\/diariotextual.com\/inicio\/wp-content\/uploads\/2023\/01\/campotranquera2023-3.jpeg","type":"image\/jpeg"}],"author":"Diario1 Diario1","twitter_card":"summary_large_image","twitter_creator":"@eltextual","twitter_site":"@eltextual","twitter_misc":{"Escrito por":"Diario1 Diario1","Tiempo de lectura":"14 minutos"},"schema":{"@context":"https:\/\/schema.org","@graph":[{"@type":"Article","@id":"https:\/\/diariotextual.com\/inicio\/index.php\/2023\/10\/07\/el-gobernador-anuncia-creditos-para-arraigar-mas-jovenes-al-campo\/#article","isPartOf":{"@id":"https:\/\/diariotextual.com\/inicio\/index.php\/2023\/10\/07\/el-gobernador-anuncia-creditos-para-arraigar-mas-jovenes-al-campo\/"},"author":{"name":"Diario1 Diario1","@id":"https:\/\/diariotextual.com\/inicio\/#\/schema\/person\/418fc4093c33e86ed41562db3508f958"},"headline":"El gobernador anuncia cr\u00e9ditos para arraigar m\u00e1s j\u00f3venes al campo","datePublished":"2023-10-07T19:38:57+00:00","dateModified":"2023-10-08T10:46:04+00:00","mainEntityOfPage":{"@id":"https:\/\/diariotextual.com\/inicio\/index.php\/2023\/10\/07\/el-gobernador-anuncia-creditos-para-arraigar-mas-jovenes-al-campo\/"},"wordCount":3043,"publisher":{"@id":"https:\/\/diariotextual.com\/inicio\/#organization"},"image":{"@id":"https:\/\/diariotextual.com\/inicio\/index.php\/2023\/10\/07\/el-gobernador-anuncia-creditos-para-arraigar-mas-jovenes-al-campo\/#primaryimage"},"thumbnailUrl":"https:\/\/diariotextual.com\/inicio\/wp-content\/uploads\/2023\/01\/campotranquera2023-3.jpeg","articleSection":["A - ES NOTICIA (van abajo)","A - QUE PASA (al costado)","POLITICA"],"inLanguage":"es"},{"@type":"WebPage","@id":"https:\/\/diariotextual.com\/inicio\/index.php\/2023\/10\/07\/el-gobernador-anuncia-creditos-para-arraigar-mas-jovenes-al-campo\/","url":"https:\/\/diariotextual.com\/inicio\/index.php\/2023\/10\/07\/el-gobernador-anuncia-creditos-para-arraigar-mas-jovenes-al-campo\/","name":"El gobernador anuncia cr\u00e9ditos para arraigar m\u00e1s j\u00f3venes al campo - Diario Textual","isPartOf":{"@id":"https:\/\/diariotextual.com\/inicio\/#website"},"primaryImageOfPage":{"@id":"https:\/\/diariotextual.com\/inicio\/index.php\/2023\/10\/07\/el-gobernador-anuncia-creditos-para-arraigar-mas-jovenes-al-campo\/#primaryimage"},"image":{"@id":"https:\/\/diariotextual.com\/inicio\/index.php\/2023\/10\/07\/el-gobernador-anuncia-creditos-para-arraigar-mas-jovenes-al-campo\/#primaryimage"},"thumbnailUrl":"https:\/\/diariotextual.com\/inicio\/wp-content\/uploads\/2023\/01\/campotranquera2023-3.jpeg","datePublished":"2023-10-07T19:38:57+00:00","dateModified":"2023-10-08T10:46:04+00:00","breadcrumb":{"@id":"https:\/\/diariotextual.com\/inicio\/index.php\/2023\/10\/07\/el-gobernador-anuncia-creditos-para-arraigar-mas-jovenes-al-campo\/#breadcrumb"},"inLanguage":"es","potentialAction":[{"@type":"ReadAction","target":["https:\/\/diariotextual.com\/inicio\/index.php\/2023\/10\/07\/el-gobernador-anuncia-creditos-para-arraigar-mas-jovenes-al-campo\/"]}]},{"@type":"ImageObject","inLanguage":"es","@id":"https:\/\/diariotextual.com\/inicio\/index.php\/2023\/10\/07\/el-gobernador-anuncia-creditos-para-arraigar-mas-jovenes-al-campo\/#primaryimage","url":"https:\/\/diariotextual.com\/inicio\/wp-content\/uploads\/2023\/01\/campotranquera2023-3.jpeg","contentUrl":"https:\/\/diariotextual.com\/inicio\/wp-content\/uploads\/2023\/01\/campotranquera2023-3.jpeg","width":1479,"height":719},{"@type":"BreadcrumbList","@id":"https:\/\/diariotextual.com\/inicio\/index.php\/2023\/10\/07\/el-gobernador-anuncia-creditos-para-arraigar-mas-jovenes-al-campo\/#breadcrumb","itemListElement":[{"@type":"ListItem","position":1,"name":"Portada","item":"https:\/\/diariotextual.com\/inicio\/"},{"@type":"ListItem","position":2,"name":"El gobernador anuncia cr\u00e9ditos para arraigar m\u00e1s j\u00f3venes al campo"}]},{"@type":"WebSite","@id":"https:\/\/diariotextual.com\/inicio\/#website","url":"https:\/\/diariotextual.com\/inicio\/","name":"Diario Textual","description":"","publisher":{"@id":"https:\/\/diariotextual.com\/inicio\/#organization"},"potentialAction":[{"@type":"SearchAction","target":{"@type":"EntryPoint","urlTemplate":"https:\/\/diariotextual.com\/inicio\/?s={search_term_string}"},"query-input":{"@type":"PropertyValueSpecification","valueRequired":true,"valueName":"search_term_string"}}],"inLanguage":"es"},{"@type":"Organization","@id":"https:\/\/diariotextual.com\/inicio\/#organization","name":"Diario Textual","url":"https:\/\/diariotextual.com\/inicio\/","logo":{"@type":"ImageObject","inLanguage":"es","@id":"https:\/\/diariotextual.com\/inicio\/#\/schema\/logo\/image\/","url":"https:\/\/diariotextual.com\/inicio\/wp-content\/uploads\/2023\/05\/logotextual1.jpg","contentUrl":"https:\/\/diariotextual.com\/inicio\/wp-content\/uploads\/2023\/05\/logotextual1.jpg","width":516,"height":76,"caption":"Diario Textual"},"image":{"@id":"https:\/\/diariotextual.com\/inicio\/#\/schema\/logo\/image\/"},"sameAs":["https:\/\/www.facebook.com\/eltextual","https:\/\/x.com\/eltextual","http:\/\/www.instagram.com\/eltextual"]},{"@type":"Person","@id":"https:\/\/diariotextual.com\/inicio\/#\/schema\/person\/418fc4093c33e86ed41562db3508f958","name":"Diario1 Diario1","image":{"@type":"ImageObject","inLanguage":"es","@id":"https:\/\/secure.gravatar.com\/avatar\/9167d280179c85bc18be67aa7eda765854300033af4896dd779b608640f2ef7a?s=96&d=mm&r=g","url":"https:\/\/secure.gravatar.com\/avatar\/9167d280179c85bc18be67aa7eda765854300033af4896dd779b608640f2ef7a?s=96&d=mm&r=g","contentUrl":"https:\/\/secure.gravatar.com\/avatar\/9167d280179c85bc18be67aa7eda765854300033af4896dd779b608640f2ef7a?s=96&d=mm&r=g","caption":"Diario1 Diario1"},"url":"https:\/\/diariotextual.com\/inicio\/index.php\/author\/diario1\/"}]}},"_links":{"self":[{"href":"https:\/\/diariotextual.com\/inicio\/index.php\/wp-json\/wp\/v2\/posts\/240135","targetHints":{"allow":["GET"]}}],"collection":[{"href":"https:\/\/diariotextual.com\/inicio\/index.php\/wp-json\/wp\/v2\/posts"}],"about":[{"href":"https:\/\/diariotextual.com\/inicio\/index.php\/wp-json\/wp\/v2\/types\/post"}],"author":[{"embeddable":true,"href":"https:\/\/diariotextual.com\/inicio\/index.php\/wp-json\/wp\/v2\/users\/3"}],"replies":[{"embeddable":true,"href":"https:\/\/diariotextual.com\/inicio\/index.php\/wp-json\/wp\/v2\/comments?post=240135"}],"version-history":[{"count":6,"href":"https:\/\/diariotextual.com\/inicio\/index.php\/wp-json\/wp\/v2\/posts\/240135\/revisions"}],"predecessor-version":[{"id":240161,"href":"https:\/\/diariotextual.com\/inicio\/index.php\/wp-json\/wp\/v2\/posts\/240135\/revisions\/240161"}],"wp:featuredmedia":[{"embeddable":true,"href":"https:\/\/diariotextual.com\/inicio\/index.php\/wp-json\/wp\/v2\/media\/212147"}],"wp:attachment":[{"href":"https:\/\/diariotextual.com\/inicio\/index.php\/wp-json\/wp\/v2\/media?parent=240135"}],"wp:term":[{"taxonomy":"category","embeddable":true,"href":"https:\/\/diariotextual.com\/inicio\/index.php\/wp-json\/wp\/v2\/categories?post=240135"},{"taxonomy":"post_tag","embeddable":true,"href":"https:\/\/diariotextual.com\/inicio\/index.php\/wp-json\/wp\/v2\/tags?post=240135"}],"curies":[{"name":"wp","href":"https:\/\/api.w.org\/{rel}","templated":true}]}}