{"id":240352,"date":"2023-10-09T19:30:03","date_gmt":"2023-10-09T22:30:03","guid":{"rendered":"https:\/\/diariotextual.com\/inicio\/?p=240352"},"modified":"2023-10-10T16:31:31","modified_gmt":"2023-10-10T19:31:31","slug":"anchorena-tendra-un-frigorifico-de-pequenos-animales-con-transito-federal","status":"publish","type":"post","link":"https:\/\/diariotextual.com\/inicio\/index.php\/2023\/10\/09\/anchorena-tendra-un-frigorifico-de-pequenos-animales-con-transito-federal\/","title":{"rendered":"El frigor\u00edfico de peque\u00f1os animales de Anchorena ahora va a contar con tr\u00e1nsito federal"},"content":{"rendered":"\n<p>El gobernador Sergio Ziliotto firm\u00f3 con el intendente de Anchorena, Gustavo P\u00e9rez un convenio para la construcci\u00f3n de un nuevo edificio para el frigor\u00edfico de peque\u00f1os animales, lo que lo habilitar\u00e1 al tr\u00e1nsito federal. La inversi\u00f3n, en esta etapa, es de 60 millones de pesos y permitir\u00e1 que el emprendimiento municipal triplique la producci\u00f3n y duplicar la cantidad de trabajadores.<\/p>\n\n\n\n<p>\u201cDesde hace un tiempo ven\u00edamos con esta iniciativa de la construcci\u00f3n del nuevo frigor\u00edfico\u201d, dijo el jefe comunal. \u201cHoy en la actualidad es un frigor\u00edfico municipal de tr\u00e1nsito provincial provisorio y esta iniciativa es tratar de llegar a construir un frigor\u00edfico con tr\u00e1nsito federal, obviamente triplicar casi la faena que hoy estamos teniendo\u201d.<\/p>\n\n\n\n<p>El emprendimiento productivo viene recibiendo inversiones de parte del Gobierno provincial para ampliar la capacidad de fr\u00edo y maquinarias.<\/p>\n\n\n\n<p>\u201cHoy en la actualidad estamos haciendo alrededor de entre 80 a 90 cerdos diarios, y el proyecto ampliar\u00e1 la capacidad de faena que vamos a tener en este frigor\u00edfico a unos 250 animales diarios. Generaremos fuentes de trabajo tambi\u00e9n, y justamente tambi\u00e9n con tr\u00e1nsito federal, que tambi\u00e9n es muy importante al estar tan cercano al l\u00edmite de la provincia de Buenos Aires\u201d, dijo.<\/p>\n\n\n\n<p>En la actualidad hay unas 10 personas trabajando en el frigor\u00edfico. \u201cCon la ampliaci\u00f3n del proyecto -agreg\u00f3- seguramente vamos a tener que duplicar, porque obviamente va a ser mucho m\u00e1s trabajo\u201d.<\/p>\n\n\n\n<p>\u201cCreo que va a ser un proyecto muy importante, no solamente para la provincia de La Pampa, sino tambi\u00e9n para la zona, estamos muy al l\u00edmite con la provincia de Buenos Aires y creo que es un proyecto muy importante para nuestra localidad\u201d, afirm\u00f3.<\/p>\n","protected":false},"excerpt":{"rendered":"<p>El gobernador Sergio Ziliotto firm\u00f3 con el intendente de Anchorena, Gustavo P\u00e9rez un convenio para la construcci\u00f3n de un nuevo edificio para el frigor\u00edfico de peque\u00f1os animales, lo que lo&hellip;<\/p>\n","protected":false},"author":3,"featured_media":240354,"comment_status":"closed","ping_status":"open","sticky":false,"template":"","format":"standard","meta":{"_acf_changed":false,"footnotes":""},"categories":[11,20],"tags":[],"class_list":["post-240352","post","type-post","status-publish","format-standard","has-post-thumbnail","hentry","category-que-pasa","category-campo"],"acf":[],"yoast_head":"<!-- This site is optimized with the Yoast SEO plugin v27.5 - https:\/\/yoast.com\/product\/yoast-seo-wordpress\/ -->\n<title>El frigor\u00edfico de peque\u00f1os animales de Anchorena ahora va a contar con tr\u00e1nsito federal - Diario Textual<\/title>\n<meta name=\"robots\" content=\"index, follow, max-snippet:-1, max-image-preview:large, max-video-preview:-1\" \/>\n<link rel=\"canonical\" href=\"https:\/\/diariotextual.com\/inicio\/index.php\/2023\/10\/09\/anchorena-tendra-un-frigorifico-de-pequenos-animales-con-transito-federal\/\" \/>\n<meta property=\"og:locale\" content=\"es_ES\" \/>\n<meta property=\"og:type\" content=\"article\" \/>\n<meta property=\"og:title\" content=\"El frigor\u00edfico de peque\u00f1os animales de Anchorena ahora va a contar con tr\u00e1nsito federal - Diario Textual\" \/>\n<meta property=\"og:description\" content=\"El gobernador Sergio Ziliotto firm\u00f3 con el intendente de Anchorena, Gustavo P\u00e9rez un convenio para la construcci\u00f3n de un nuevo edificio para el frigor\u00edfico de peque\u00f1os animales, lo que lo&hellip;\" \/>\n<meta property=\"og:url\" content=\"https:\/\/diariotextual.com\/inicio\/index.php\/2023\/10\/09\/anchorena-tendra-un-frigorifico-de-pequenos-animales-con-transito-federal\/\" \/>\n<meta property=\"og:site_name\" content=\"Diario Textual\" \/>\n<meta property=\"article:publisher\" content=\"https:\/\/www.facebook.com\/eltextual\" \/>\n<meta property=\"article:published_time\" content=\"2023-10-09T22:30:03+00:00\" \/>\n<meta property=\"article:modified_time\" content=\"2023-10-10T19:31:31+00:00\" \/>\n<meta property=\"og:image\" content=\"https:\/\/diariotextual.com\/inicio\/wp-content\/uploads\/2023\/10\/frigorificoanchorenaziliottosergioperezschanton2023-1.jpg\" \/>\n\t<meta property=\"og:image:width\" content=\"1500\" \/>\n\t<meta property=\"og:image:height\" content=\"1000\" \/>\n\t<meta property=\"og:image:type\" content=\"image\/jpeg\" \/>\n<meta name=\"author\" content=\"Diario1 Diario1\" \/>\n<meta name=\"twitter:card\" content=\"summary_large_image\" \/>\n<meta name=\"twitter:creator\" content=\"@eltextual\" \/>\n<meta name=\"twitter:site\" content=\"@eltextual\" \/>\n<meta name=\"twitter:label1\" content=\"Escrito por\" \/>\n\t<meta name=\"twitter:data1\" content=\"Diario1 Diario1\" \/>\n\t<meta name=\"twitter:label2\" content=\"Tiempo de lectura\" \/>\n\t<meta name=\"twitter:data2\" content=\"2 minutos\" \/>\n<script type=\"application\/ld+json\" class=\"yoast-schema-graph\">{\"@context\":\"https:\\\/\\\/schema.org\",\"@graph\":[{\"@type\":\"Article\",\"@id\":\"https:\\\/\\\/diariotextual.com\\\/inicio\\\/index.php\\\/2023\\\/10\\\/09\\\/anchorena-tendra-un-frigorifico-de-pequenos-animales-con-transito-federal\\\/#article\",\"isPartOf\":{\"@id\":\"https:\\\/\\\/diariotextual.com\\\/inicio\\\/index.php\\\/2023\\\/10\\\/09\\\/anchorena-tendra-un-frigorifico-de-pequenos-animales-con-transito-federal\\\/\"},\"author\":{\"name\":\"Diario1 Diario1\",\"@id\":\"https:\\\/\\\/diariotextual.com\\\/inicio\\\/#\\\/schema\\\/person\\\/418fc4093c33e86ed41562db3508f958\"},\"headline\":\"El frigor\u00edfico de peque\u00f1os animales de Anchorena ahora va a contar con tr\u00e1nsito federal\",\"datePublished\":\"2023-10-09T22:30:03+00:00\",\"dateModified\":\"2023-10-10T19:31:31+00:00\",\"mainEntityOfPage\":{\"@id\":\"https:\\\/\\\/diariotextual.com\\\/inicio\\\/index.php\\\/2023\\\/10\\\/09\\\/anchorena-tendra-un-frigorifico-de-pequenos-animales-con-transito-federal\\\/\"},\"wordCount\":309,\"publisher\":{\"@id\":\"https:\\\/\\\/diariotextual.com\\\/inicio\\\/#organization\"},\"image\":{\"@id\":\"https:\\\/\\\/diariotextual.com\\\/inicio\\\/index.php\\\/2023\\\/10\\\/09\\\/anchorena-tendra-un-frigorifico-de-pequenos-animales-con-transito-federal\\\/#primaryimage\"},\"thumbnailUrl\":\"https:\\\/\\\/diariotextual.com\\\/inicio\\\/wp-content\\\/uploads\\\/2023\\\/10\\\/frigorificoanchorenaziliottosergioperezschanton2023-1.jpg\",\"articleSection\":[\"A - QUE PASA (al costado)\",\"CAMPO\"],\"inLanguage\":\"es\"},{\"@type\":\"WebPage\",\"@id\":\"https:\\\/\\\/diariotextual.com\\\/inicio\\\/index.php\\\/2023\\\/10\\\/09\\\/anchorena-tendra-un-frigorifico-de-pequenos-animales-con-transito-federal\\\/\",\"url\":\"https:\\\/\\\/diariotextual.com\\\/inicio\\\/index.php\\\/2023\\\/10\\\/09\\\/anchorena-tendra-un-frigorifico-de-pequenos-animales-con-transito-federal\\\/\",\"name\":\"El frigor\u00edfico de peque\u00f1os animales de Anchorena ahora va a contar con tr\u00e1nsito federal - Diario Textual\",\"isPartOf\":{\"@id\":\"https:\\\/\\\/diariotextual.com\\\/inicio\\\/#website\"},\"primaryImageOfPage\":{\"@id\":\"https:\\\/\\\/diariotextual.com\\\/inicio\\\/index.php\\\/2023\\\/10\\\/09\\\/anchorena-tendra-un-frigorifico-de-pequenos-animales-con-transito-federal\\\/#primaryimage\"},\"image\":{\"@id\":\"https:\\\/\\\/diariotextual.com\\\/inicio\\\/index.php\\\/2023\\\/10\\\/09\\\/anchorena-tendra-un-frigorifico-de-pequenos-animales-con-transito-federal\\\/#primaryimage\"},\"thumbnailUrl\":\"https:\\\/\\\/diariotextual.com\\\/inicio\\\/wp-content\\\/uploads\\\/2023\\\/10\\\/frigorificoanchorenaziliottosergioperezschanton2023-1.jpg\",\"datePublished\":\"2023-10-09T22:30:03+00:00\",\"dateModified\":\"2023-10-10T19:31:31+00:00\",\"breadcrumb\":{\"@id\":\"https:\\\/\\\/diariotextual.com\\\/inicio\\\/index.php\\\/2023\\\/10\\\/09\\\/anchorena-tendra-un-frigorifico-de-pequenos-animales-con-transito-federal\\\/#breadcrumb\"},\"inLanguage\":\"es\",\"potentialAction\":[{\"@type\":\"ReadAction\",\"target\":[\"https:\\\/\\\/diariotextual.com\\\/inicio\\\/index.php\\\/2023\\\/10\\\/09\\\/anchorena-tendra-un-frigorifico-de-pequenos-animales-con-transito-federal\\\/\"]}]},{\"@type\":\"ImageObject\",\"inLanguage\":\"es\",\"@id\":\"https:\\\/\\\/diariotextual.com\\\/inicio\\\/index.php\\\/2023\\\/10\\\/09\\\/anchorena-tendra-un-frigorifico-de-pequenos-animales-con-transito-federal\\\/#primaryimage\",\"url\":\"https:\\\/\\\/diariotextual.com\\\/inicio\\\/wp-content\\\/uploads\\\/2023\\\/10\\\/frigorificoanchorenaziliottosergioperezschanton2023-1.jpg\",\"contentUrl\":\"https:\\\/\\\/diariotextual.com\\\/inicio\\\/wp-content\\\/uploads\\\/2023\\\/10\\\/frigorificoanchorenaziliottosergioperezschanton2023-1.jpg\",\"width\":1500,\"height\":1000},{\"@type\":\"BreadcrumbList\",\"@id\":\"https:\\\/\\\/diariotextual.com\\\/inicio\\\/index.php\\\/2023\\\/10\\\/09\\\/anchorena-tendra-un-frigorifico-de-pequenos-animales-con-transito-federal\\\/#breadcrumb\",\"itemListElement\":[{\"@type\":\"ListItem\",\"position\":1,\"name\":\"Portada\",\"item\":\"https:\\\/\\\/diariotextual.com\\\/inicio\\\/\"},{\"@type\":\"ListItem\",\"position\":2,\"name\":\"El frigor\u00edfico de peque\u00f1os animales de Anchorena ahora va a contar con tr\u00e1nsito federal\"}]},{\"@type\":\"WebSite\",\"@id\":\"https:\\\/\\\/diariotextual.com\\\/inicio\\\/#website\",\"url\":\"https:\\\/\\\/diariotextual.com\\\/inicio\\\/\",\"name\":\"Diario Textual\",\"description\":\"\",\"publisher\":{\"@id\":\"https:\\\/\\\/diariotextual.com\\\/inicio\\\/#organization\"},\"potentialAction\":[{\"@type\":\"SearchAction\",\"target\":{\"@type\":\"EntryPoint\",\"urlTemplate\":\"https:\\\/\\\/diariotextual.com\\\/inicio\\\/?s={search_term_string}\"},\"query-input\":{\"@type\":\"PropertyValueSpecification\",\"valueRequired\":true,\"valueName\":\"search_term_string\"}}],\"inLanguage\":\"es\"},{\"@type\":\"Organization\",\"@id\":\"https:\\\/\\\/diariotextual.com\\\/inicio\\\/#organization\",\"name\":\"Diario Textual\",\"url\":\"https:\\\/\\\/diariotextual.com\\\/inicio\\\/\",\"logo\":{\"@type\":\"ImageObject\",\"inLanguage\":\"es\",\"@id\":\"https:\\\/\\\/diariotextual.com\\\/inicio\\\/#\\\/schema\\\/logo\\\/image\\\/\",\"url\":\"https:\\\/\\\/diariotextual.com\\\/inicio\\\/wp-content\\\/uploads\\\/2023\\\/05\\\/logotextual1.jpg\",\"contentUrl\":\"https:\\\/\\\/diariotextual.com\\\/inicio\\\/wp-content\\\/uploads\\\/2023\\\/05\\\/logotextual1.jpg\",\"width\":516,\"height\":76,\"caption\":\"Diario Textual\"},\"image\":{\"@id\":\"https:\\\/\\\/diariotextual.com\\\/inicio\\\/#\\\/schema\\\/logo\\\/image\\\/\"},\"sameAs\":[\"https:\\\/\\\/www.facebook.com\\\/eltextual\",\"https:\\\/\\\/x.com\\\/eltextual\",\"http:\\\/\\\/www.instagram.com\\\/eltextual\"]},{\"@type\":\"Person\",\"@id\":\"https:\\\/\\\/diariotextual.com\\\/inicio\\\/#\\\/schema\\\/person\\\/418fc4093c33e86ed41562db3508f958\",\"name\":\"Diario1 Diario1\",\"image\":{\"@type\":\"ImageObject\",\"inLanguage\":\"es\",\"@id\":\"https:\\\/\\\/secure.gravatar.com\\\/avatar\\\/9167d280179c85bc18be67aa7eda765854300033af4896dd779b608640f2ef7a?s=96&d=mm&r=g\",\"url\":\"https:\\\/\\\/secure.gravatar.com\\\/avatar\\\/9167d280179c85bc18be67aa7eda765854300033af4896dd779b608640f2ef7a?s=96&d=mm&r=g\",\"contentUrl\":\"https:\\\/\\\/secure.gravatar.com\\\/avatar\\\/9167d280179c85bc18be67aa7eda765854300033af4896dd779b608640f2ef7a?s=96&d=mm&r=g\",\"caption\":\"Diario1 Diario1\"},\"url\":\"https:\\\/\\\/diariotextual.com\\\/inicio\\\/index.php\\\/author\\\/diario1\\\/\"}]}<\/script>\n<!-- \/ Yoast SEO plugin. -->","yoast_head_json":{"title":"El frigor\u00edfico de peque\u00f1os animales de Anchorena ahora va a contar con tr\u00e1nsito federal - Diario Textual","robots":{"index":"index","follow":"follow","max-snippet":"max-snippet:-1","max-image-preview":"max-image-preview:large","max-video-preview":"max-video-preview:-1"},"canonical":"https:\/\/diariotextual.com\/inicio\/index.php\/2023\/10\/09\/anchorena-tendra-un-frigorifico-de-pequenos-animales-con-transito-federal\/","og_locale":"es_ES","og_type":"article","og_title":"El frigor\u00edfico de peque\u00f1os animales de Anchorena ahora va a contar con tr\u00e1nsito federal - Diario Textual","og_description":"El gobernador Sergio Ziliotto firm\u00f3 con el intendente de Anchorena, Gustavo P\u00e9rez un convenio para la construcci\u00f3n de un nuevo edificio para el frigor\u00edfico de peque\u00f1os animales, lo que lo&hellip;","og_url":"https:\/\/diariotextual.com\/inicio\/index.php\/2023\/10\/09\/anchorena-tendra-un-frigorifico-de-pequenos-animales-con-transito-federal\/","og_site_name":"Diario Textual","article_publisher":"https:\/\/www.facebook.com\/eltextual","article_published_time":"2023-10-09T22:30:03+00:00","article_modified_time":"2023-10-10T19:31:31+00:00","og_image":[{"width":1500,"height":1000,"url":"https:\/\/diariotextual.com\/inicio\/wp-content\/uploads\/2023\/10\/frigorificoanchorenaziliottosergioperezschanton2023-1.jpg","type":"image\/jpeg"}],"author":"Diario1 Diario1","twitter_card":"summary_large_image","twitter_creator":"@eltextual","twitter_site":"@eltextual","twitter_misc":{"Escrito por":"Diario1 Diario1","Tiempo de lectura":"2 minutos"},"schema":{"@context":"https:\/\/schema.org","@graph":[{"@type":"Article","@id":"https:\/\/diariotextual.com\/inicio\/index.php\/2023\/10\/09\/anchorena-tendra-un-frigorifico-de-pequenos-animales-con-transito-federal\/#article","isPartOf":{"@id":"https:\/\/diariotextual.com\/inicio\/index.php\/2023\/10\/09\/anchorena-tendra-un-frigorifico-de-pequenos-animales-con-transito-federal\/"},"author":{"name":"Diario1 Diario1","@id":"https:\/\/diariotextual.com\/inicio\/#\/schema\/person\/418fc4093c33e86ed41562db3508f958"},"headline":"El frigor\u00edfico de peque\u00f1os animales de Anchorena ahora va a contar con tr\u00e1nsito federal","datePublished":"2023-10-09T22:30:03+00:00","dateModified":"2023-10-10T19:31:31+00:00","mainEntityOfPage":{"@id":"https:\/\/diariotextual.com\/inicio\/index.php\/2023\/10\/09\/anchorena-tendra-un-frigorifico-de-pequenos-animales-con-transito-federal\/"},"wordCount":309,"publisher":{"@id":"https:\/\/diariotextual.com\/inicio\/#organization"},"image":{"@id":"https:\/\/diariotextual.com\/inicio\/index.php\/2023\/10\/09\/anchorena-tendra-un-frigorifico-de-pequenos-animales-con-transito-federal\/#primaryimage"},"thumbnailUrl":"https:\/\/diariotextual.com\/inicio\/wp-content\/uploads\/2023\/10\/frigorificoanchorenaziliottosergioperezschanton2023-1.jpg","articleSection":["A - QUE PASA (al costado)","CAMPO"],"inLanguage":"es"},{"@type":"WebPage","@id":"https:\/\/diariotextual.com\/inicio\/index.php\/2023\/10\/09\/anchorena-tendra-un-frigorifico-de-pequenos-animales-con-transito-federal\/","url":"https:\/\/diariotextual.com\/inicio\/index.php\/2023\/10\/09\/anchorena-tendra-un-frigorifico-de-pequenos-animales-con-transito-federal\/","name":"El frigor\u00edfico de peque\u00f1os animales de Anchorena ahora va a contar con tr\u00e1nsito federal - Diario Textual","isPartOf":{"@id":"https:\/\/diariotextual.com\/inicio\/#website"},"primaryImageOfPage":{"@id":"https:\/\/diariotextual.com\/inicio\/index.php\/2023\/10\/09\/anchorena-tendra-un-frigorifico-de-pequenos-animales-con-transito-federal\/#primaryimage"},"image":{"@id":"https:\/\/diariotextual.com\/inicio\/index.php\/2023\/10\/09\/anchorena-tendra-un-frigorifico-de-pequenos-animales-con-transito-federal\/#primaryimage"},"thumbnailUrl":"https:\/\/diariotextual.com\/inicio\/wp-content\/uploads\/2023\/10\/frigorificoanchorenaziliottosergioperezschanton2023-1.jpg","datePublished":"2023-10-09T22:30:03+00:00","dateModified":"2023-10-10T19:31:31+00:00","breadcrumb":{"@id":"https:\/\/diariotextual.com\/inicio\/index.php\/2023\/10\/09\/anchorena-tendra-un-frigorifico-de-pequenos-animales-con-transito-federal\/#breadcrumb"},"inLanguage":"es","potentialAction":[{"@type":"ReadAction","target":["https:\/\/diariotextual.com\/inicio\/index.php\/2023\/10\/09\/anchorena-tendra-un-frigorifico-de-pequenos-animales-con-transito-federal\/"]}]},{"@type":"ImageObject","inLanguage":"es","@id":"https:\/\/diariotextual.com\/inicio\/index.php\/2023\/10\/09\/anchorena-tendra-un-frigorifico-de-pequenos-animales-con-transito-federal\/#primaryimage","url":"https:\/\/diariotextual.com\/inicio\/wp-content\/uploads\/2023\/10\/frigorificoanchorenaziliottosergioperezschanton2023-1.jpg","contentUrl":"https:\/\/diariotextual.com\/inicio\/wp-content\/uploads\/2023\/10\/frigorificoanchorenaziliottosergioperezschanton2023-1.jpg","width":1500,"height":1000},{"@type":"BreadcrumbList","@id":"https:\/\/diariotextual.com\/inicio\/index.php\/2023\/10\/09\/anchorena-tendra-un-frigorifico-de-pequenos-animales-con-transito-federal\/#breadcrumb","itemListElement":[{"@type":"ListItem","position":1,"name":"Portada","item":"https:\/\/diariotextual.com\/inicio\/"},{"@type":"ListItem","position":2,"name":"El frigor\u00edfico de peque\u00f1os animales de Anchorena ahora va a contar con tr\u00e1nsito federal"}]},{"@type":"WebSite","@id":"https:\/\/diariotextual.com\/inicio\/#website","url":"https:\/\/diariotextual.com\/inicio\/","name":"Diario Textual","description":"","publisher":{"@id":"https:\/\/diariotextual.com\/inicio\/#organization"},"potentialAction":[{"@type":"SearchAction","target":{"@type":"EntryPoint","urlTemplate":"https:\/\/diariotextual.com\/inicio\/?s={search_term_string}"},"query-input":{"@type":"PropertyValueSpecification","valueRequired":true,"valueName":"search_term_string"}}],"inLanguage":"es"},{"@type":"Organization","@id":"https:\/\/diariotextual.com\/inicio\/#organization","name":"Diario Textual","url":"https:\/\/diariotextual.com\/inicio\/","logo":{"@type":"ImageObject","inLanguage":"es","@id":"https:\/\/diariotextual.com\/inicio\/#\/schema\/logo\/image\/","url":"https:\/\/diariotextual.com\/inicio\/wp-content\/uploads\/2023\/05\/logotextual1.jpg","contentUrl":"https:\/\/diariotextual.com\/inicio\/wp-content\/uploads\/2023\/05\/logotextual1.jpg","width":516,"height":76,"caption":"Diario Textual"},"image":{"@id":"https:\/\/diariotextual.com\/inicio\/#\/schema\/logo\/image\/"},"sameAs":["https:\/\/www.facebook.com\/eltextual","https:\/\/x.com\/eltextual","http:\/\/www.instagram.com\/eltextual"]},{"@type":"Person","@id":"https:\/\/diariotextual.com\/inicio\/#\/schema\/person\/418fc4093c33e86ed41562db3508f958","name":"Diario1 Diario1","image":{"@type":"ImageObject","inLanguage":"es","@id":"https:\/\/secure.gravatar.com\/avatar\/9167d280179c85bc18be67aa7eda765854300033af4896dd779b608640f2ef7a?s=96&d=mm&r=g","url":"https:\/\/secure.gravatar.com\/avatar\/9167d280179c85bc18be67aa7eda765854300033af4896dd779b608640f2ef7a?s=96&d=mm&r=g","contentUrl":"https:\/\/secure.gravatar.com\/avatar\/9167d280179c85bc18be67aa7eda765854300033af4896dd779b608640f2ef7a?s=96&d=mm&r=g","caption":"Diario1 Diario1"},"url":"https:\/\/diariotextual.com\/inicio\/index.php\/author\/diario1\/"}]}},"_links":{"self":[{"href":"https:\/\/diariotextual.com\/inicio\/index.php\/wp-json\/wp\/v2\/posts\/240352","targetHints":{"allow":["GET"]}}],"collection":[{"href":"https:\/\/diariotextual.com\/inicio\/index.php\/wp-json\/wp\/v2\/posts"}],"about":[{"href":"https:\/\/diariotextual.com\/inicio\/index.php\/wp-json\/wp\/v2\/types\/post"}],"author":[{"embeddable":true,"href":"https:\/\/diariotextual.com\/inicio\/index.php\/wp-json\/wp\/v2\/users\/3"}],"replies":[{"embeddable":true,"href":"https:\/\/diariotextual.com\/inicio\/index.php\/wp-json\/wp\/v2\/comments?post=240352"}],"version-history":[{"count":4,"href":"https:\/\/diariotextual.com\/inicio\/index.php\/wp-json\/wp\/v2\/posts\/240352\/revisions"}],"predecessor-version":[{"id":240357,"href":"https:\/\/diariotextual.com\/inicio\/index.php\/wp-json\/wp\/v2\/posts\/240352\/revisions\/240357"}],"wp:featuredmedia":[{"embeddable":true,"href":"https:\/\/diariotextual.com\/inicio\/index.php\/wp-json\/wp\/v2\/media\/240354"}],"wp:attachment":[{"href":"https:\/\/diariotextual.com\/inicio\/index.php\/wp-json\/wp\/v2\/media?parent=240352"}],"wp:term":[{"taxonomy":"category","embeddable":true,"href":"https:\/\/diariotextual.com\/inicio\/index.php\/wp-json\/wp\/v2\/categories?post=240352"},{"taxonomy":"post_tag","embeddable":true,"href":"https:\/\/diariotextual.com\/inicio\/index.php\/wp-json\/wp\/v2\/tags?post=240352"}],"curies":[{"name":"wp","href":"https:\/\/api.w.org\/{rel}","templated":true}]}}